{"id":4022,"date":"2025-03-10T09:03:48","date_gmt":"2025-03-10T06:03:48","guid":{"rendered":"https:\/\/memurunsesi.net\/?p=4022"},"modified":"2025-03-10T09:03:48","modified_gmt":"2025-03-10T06:03:48","slug":"cografi-isaretli-karatepe-kiliminin-tanitimi-ve-satisi-icin-proje","status":"publish","type":"post","link":"https:\/\/memurunsesi.net\/index.php\/2025\/03\/10\/cografi-isaretli-karatepe-kiliminin-tanitimi-ve-satisi-icin-proje\/","title":{"rendered":"Co\u011frafi i\u015faretli Karatepe kiliminin tan\u0131t\u0131m\u0131 ve sat\u0131\u015f\u0131 i\u00e7in proje"},"content":{"rendered":"<p>Osmaniye&#8217;nin co\u011frafi i\u015faretli Karatepe kiliminin tan\u0131t\u0131lmas\u0131 ve b\u00f6lge ekonomisine katk\u0131 sunulmas\u0131 amac\u0131yla &#8220;Anadolu Miras\u0131 Karatepe Kiliminin Turizm ve Ticaret Hacminin Art\u0131r\u0131lmas\u0131 Projesi&#8221; s\u00f6zle\u015fmesi imzaland\u0131.<br \/>\nSOGEP-Anadolu&#8217;dakiler program\u0131 kapsam\u0131nda Osmaniye Valisi Erdin\u00e7 Y\u0131lmaz, DO\u011eAKA Genel Sekreteri O\u011fuz Alibekiro\u011flu ve Karatepe Kilim Kooperatifi Ba\u015fkan\u0131 Y\u00fcksel Cafri aras\u0131nda &#8220;Anadolu Miras\u0131 Karatepe Kiliminin Turizm ve Ticaret Hacminin Art\u0131r\u0131lmas\u0131 Projesi&#8221; s\u00f6zle\u015fmesi imzaland\u0131. Projenin \u00e7ok g\u00fczel bir proje oldu\u011funu ifade eden Vali Y\u0131lmaz, Osmaniye\u2019ye hay\u0131rl\u0131 olmas\u0131n\u0131 temenni etti.<br \/>\nDO\u011eAKA Genel Sekreteri Alibekiro\u011flu ise, projenin Emine Erdo\u011fan&#8217;\u0131n himayelerinde y\u00fcr\u00fct\u00fclen Anadolu\u2019dakiler Projesi kapsam\u0131nda y\u00fcr\u00fct\u00fclen SOGEP-Anadolu\u2019dakiler Program\u0131&#8217;nda ba\u015far\u0131l\u0131 bulundu\u011funu ifade ederek, proje ile co\u011frafi i\u015faretli Karatepe kilimini kooperatif eliyle tan\u0131tarak yerelden ulusala deneyim turizmi destinasyonunun olu\u015fturulmas\u0131 ve geleneksel \u00fcretim tekniklerini koruyarak Karatepe kiliminin ticaret hacminin art\u0131r\u0131lmas\u0131 yoluyla b\u00f6lgenin ekonomik kalk\u0131nmas\u0131na katk\u0131 sunulmas\u0131n\u0131n ama\u00e7land\u0131\u011f\u0131n\u0131 belirtti. Alibekiro\u011flu, &#8220;Proje kapsam\u0131nda kooperatifin sergi salonu modernize edilerek yeniden tasarlanacak ve kilim dokuma e\u011fitim at\u00f6lyesi tadilattan ge\u00e7irilecektir. Ziyaret\u00e7iler i\u00e7in yeme i\u00e7me alanlar\u0131 olu\u015fturulacak, il d\u0131\u015f\u0131ndan gelen \u00f6\u011frencilerin konaklad\u0131\u011f\u0131 pansiyonun yenilenmesi sa\u011flanacakt\u0131r. Ziyaret\u00e7ilere kilim dokuma deneyimi sunacak mini tezg\u00e2hlar\u0131n kurulmas\u0131 yoluyla kilim dokuma at\u00f6lyeleri d\u00fczenlenecektir. Dijital pazarlama ve sat\u0131\u015f faaliyetleri kapsam\u0131nda kilimlerin profesyonel foto\u011fraflar\u0131n\u0131n ve videolar\u0131n\u0131n \u00e7ekilmesi sa\u011flanarak, kurulacak web sitesinde dijital olarak sergilenmesi sa\u011flanacakt\u0131r. E-ticaret platformlar\u0131nda sat\u0131\u015f i\u00e7in giri\u015fimlerde bulunulacakt\u0131r. E\u011fitim ve kapasite geli\u015ftirme faaliyetleri kapsam\u0131nda kooperatif \u00fcyelerine dijital pazarlama ve e-ticaret konular\u0131nda e\u011fitim verilecektir&#8221; dedi.<br \/>\nProgramda konu\u015fan eski Aile ve Sosyal Hizmetler Bakan\u0131 ve Osmaniye Milletvekili Derya Yan\u0131k, &#8220;Karatepe&#8217;nin, bu kooperatifin sadece Osmaniye&#8217;de de\u011fil t\u00fcm T\u00fcrkiye&#8217;de, hatta t\u00fcm d\u00fcnyada tan\u0131nmas\u0131 laz\u0131m. Nas\u0131l ki T\u00fcrkiye&#8217;de Kapal\u0131 \u00c7ar\u015f\u0131&#8217;da Hereke hal\u0131s\u0131, B\u00fcnyan hal\u0131s\u0131 al\u0131yor turistler, Karatepe kilimini de ayr\u0131ca \u00f6zellikle aray\u0131p bulmas\u0131 laz\u0131m. Bunu hak eden bir yer. Proje in\u015fallah hayata ge\u00e7tikten sonra tan\u0131t\u0131m\u0131n\u0131 hep beraber biraz daha g\u00fc\u00e7l\u00fc yapt\u0131\u011f\u0131m\u0131zda pekala olacak \u015fey&#8221; dedi.<\/p>\n<p>9.03.2025<\/p>\n","protected":false},"excerpt":{"rendered":"<p>Osmaniye&#8217;nin co\u011frafi i\u015faretli Karatepe kiliminin tan\u0131t\u0131lmas\u0131 ve b\u00f6lge ekonomisine katk\u0131 sunulmas\u0131 amac\u0131yla &#8220;Anadolu Miras\u0131 Karatepe Kiliminin Turizm ve Ticaret Hacminin Art\u0131r\u0131lmas\u0131 Projesi&#8221; s\u00f6zle\u015fmesi imzaland\u0131. SOGEP-Anadolu&#8217;dakiler program\u0131 kapsam\u0131nda Osmaniye Valisi Erdin\u00e7 Y\u0131lmaz, DO\u011eAKA Genel Sekreteri O\u011fuz Alibekiro\u011flu ve Karatepe Kilim Kooperatifi Ba\u015fkan\u0131 Y\u00fcksel Cafri aras\u0131nda &#8220;Anadolu Miras\u0131 Karatepe Kiliminin Turizm ve Ticaret Hacminin Art\u0131r\u0131lmas\u0131 Projesi&#8221; s\u00f6zle\u015fmesi [&hellip;]<\/p>\n","protected":false},"author":1,"featured_media":4023,"comment_status":"open","ping_status":"open","sticky":false,"template":"","format":"standard","meta":{"footnotes":""},"categories":[50],"tags":[],"class_list":["post-4022","post","type-post","status-publish","format-standard","has-post-thumbnail","hentry","category-tum-haberler"],"yoast_head":"<!-- This site is optimized with the Yoast SEO plugin v27.4 - https:\/\/yoast.com\/product\/yoast-seo-wordpress\/ -->\n<title>Co\u011frafi i\u015faretli Karatepe kiliminin tan\u0131t\u0131m\u0131 ve sat\u0131\u015f\u0131 i\u00e7in proje - Memurun Sesi<\/title>\n<meta name=\"robots\" content=\"index, follow, max-snippet:-1, max-image-preview:large, max-video-preview:-1\" \/>\n<link rel=\"canonical\" href=\"https:\/\/memurunsesi.net\/index.php\/2025\/03\/10\/cografi-isaretli-karatepe-kiliminin-tanitimi-ve-satisi-icin-proje\/\" \/>\n<meta property=\"og:locale\" content=\"tr_TR\" \/>\n<meta property=\"og:type\" content=\"article\" \/>\n<meta property=\"og:title\" content=\"Co\u011frafi i\u015faretli Karatepe kiliminin tan\u0131t\u0131m\u0131 ve sat\u0131\u015f\u0131 i\u00e7in proje - Memurun Sesi\" \/>\n<meta property=\"og:description\" content=\"Osmaniye&#8217;nin co\u011frafi i\u015faretli Karatepe kiliminin tan\u0131t\u0131lmas\u0131 ve b\u00f6lge ekonomisine katk\u0131 sunulmas\u0131 amac\u0131yla &#8220;Anadolu Miras\u0131 Karatepe Kiliminin Turizm ve Ticaret Hacminin Art\u0131r\u0131lmas\u0131 Projesi&#8221; s\u00f6zle\u015fmesi imzaland\u0131. SOGEP-Anadolu&#8217;dakiler program\u0131 kapsam\u0131nda Osmaniye Valisi Erdin\u00e7 Y\u0131lmaz, DO\u011eAKA Genel Sekreteri O\u011fuz Alibekiro\u011flu ve Karatepe Kilim Kooperatifi Ba\u015fkan\u0131 Y\u00fcksel Cafri aras\u0131nda &#8220;Anadolu Miras\u0131 Karatepe Kiliminin Turizm ve Ticaret Hacminin Art\u0131r\u0131lmas\u0131 Projesi&#8221; s\u00f6zle\u015fmesi [&hellip;]\" \/>\n<meta property=\"og:url\" content=\"https:\/\/memurunsesi.net\/index.php\/2025\/03\/10\/cografi-isaretli-karatepe-kiliminin-tanitimi-ve-satisi-icin-proje\/\" \/>\n<meta property=\"og:site_name\" content=\"Memurun Sesi\" \/>\n<meta property=\"article:publisher\" content=\"https:\/\/www.facebook.com\/unipersen\/?locale=tr_TR\" \/>\n<meta property=\"article:published_time\" content=\"2025-03-10T06:03:48+00:00\" \/>\n<meta property=\"og:image\" content=\"https:\/\/memurunsesi.net\/wp-content\/uploads\/2025\/03\/AW408810_01.jpg\" \/>\n\t<meta property=\"og:image:width\" content=\"2048\" \/>\n\t<meta property=\"og:image:height\" content=\"1364\" \/>\n\t<meta property=\"og:image:type\" content=\"image\/jpeg\" \/>\n<meta name=\"author\" content=\"Memurun Sesi Haber Merkezi\" \/>\n<meta name=\"twitter:card\" content=\"summary_large_image\" \/>\n<meta name=\"twitter:creator\" content=\"@unipersen\" \/>\n<meta name=\"twitter:site\" content=\"@unipersen\" \/>\n<meta name=\"twitter:label1\" content=\"Yazan:\" \/>\n\t<meta name=\"twitter:data1\" content=\"Memurun Sesi Haber Merkezi\" \/>\n\t<meta name=\"twitter:label2\" content=\"Tahmini okuma s\u00fcresi\" \/>\n\t<meta name=\"twitter:data2\" content=\"2 dakika\" \/>\n<script type=\"application\/ld+json\" class=\"yoast-schema-graph\">{\"@context\":\"https:\\\/\\\/schema.org\",\"@graph\":[{\"@type\":\"Article\",\"@id\":\"https:\\\/\\\/memurunsesi.net\\\/index.php\\\/2025\\\/03\\\/10\\\/cografi-isaretli-karatepe-kiliminin-tanitimi-ve-satisi-icin-proje\\\/#article\",\"isPartOf\":{\"@id\":\"https:\\\/\\\/memurunsesi.net\\\/index.php\\\/2025\\\/03\\\/10\\\/cografi-isaretli-karatepe-kiliminin-tanitimi-ve-satisi-icin-proje\\\/\"},\"author\":{\"name\":\"Memurun Sesi Haber Merkezi\",\"@id\":\"https:\\\/\\\/memurunsesi.net\\\/#\\\/schema\\\/person\\\/f21c2d73b89f6ee1d80b0a1803e38587\"},\"headline\":\"Co\u011frafi i\u015faretli Karatepe kiliminin tan\u0131t\u0131m\u0131 ve sat\u0131\u015f\u0131 i\u00e7in proje\",\"datePublished\":\"2025-03-10T06:03:48+00:00\",\"mainEntityOfPage\":{\"@id\":\"https:\\\/\\\/memurunsesi.net\\\/index.php\\\/2025\\\/03\\\/10\\\/cografi-isaretli-karatepe-kiliminin-tanitimi-ve-satisi-icin-proje\\\/\"},\"wordCount\":416,\"commentCount\":0,\"publisher\":{\"@id\":\"https:\\\/\\\/memurunsesi.net\\\/#organization\"},\"image\":{\"@id\":\"https:\\\/\\\/memurunsesi.net\\\/index.php\\\/2025\\\/03\\\/10\\\/cografi-isaretli-karatepe-kiliminin-tanitimi-ve-satisi-icin-proje\\\/#primaryimage\"},\"thumbnailUrl\":\"https:\\\/\\\/memurunsesi.net\\\/wp-content\\\/uploads\\\/2025\\\/03\\\/AW408810_01.jpg\",\"articleSection\":[\"T\u00fcm Haberler\"],\"inLanguage\":\"tr\",\"potentialAction\":[{\"@type\":\"CommentAction\",\"name\":\"Comment\",\"target\":[\"https:\\\/\\\/memurunsesi.net\\\/index.php\\\/2025\\\/03\\\/10\\\/cografi-isaretli-karatepe-kiliminin-tanitimi-ve-satisi-icin-proje\\\/#respond\"]}]},{\"@type\":\"WebPage\",\"@id\":\"https:\\\/\\\/memurunsesi.net\\\/index.php\\\/2025\\\/03\\\/10\\\/cografi-isaretli-karatepe-kiliminin-tanitimi-ve-satisi-icin-proje\\\/\",\"url\":\"https:\\\/\\\/memurunsesi.net\\\/index.php\\\/2025\\\/03\\\/10\\\/cografi-isaretli-karatepe-kiliminin-tanitimi-ve-satisi-icin-proje\\\/\",\"name\":\"Co\u011frafi i\u015faretli Karatepe kiliminin tan\u0131t\u0131m\u0131 ve sat\u0131\u015f\u0131 i\u00e7in proje - Memurun Sesi\",\"isPartOf\":{\"@id\":\"https:\\\/\\\/memurunsesi.net\\\/#website\"},\"primaryImageOfPage\":{\"@id\":\"https:\\\/\\\/memurunsesi.net\\\/index.php\\\/2025\\\/03\\\/10\\\/cografi-isaretli-karatepe-kiliminin-tanitimi-ve-satisi-icin-proje\\\/#primaryimage\"},\"image\":{\"@id\":\"https:\\\/\\\/memurunsesi.net\\\/index.php\\\/2025\\\/03\\\/10\\\/cografi-isaretli-karatepe-kiliminin-tanitimi-ve-satisi-icin-proje\\\/#primaryimage\"},\"thumbnailUrl\":\"https:\\\/\\\/memurunsesi.net\\\/wp-content\\\/uploads\\\/2025\\\/03\\\/AW408810_01.jpg\",\"datePublished\":\"2025-03-10T06:03:48+00:00\",\"breadcrumb\":{\"@id\":\"https:\\\/\\\/memurunsesi.net\\\/index.php\\\/2025\\\/03\\\/10\\\/cografi-isaretli-karatepe-kiliminin-tanitimi-ve-satisi-icin-proje\\\/#breadcrumb\"},\"inLanguage\":\"tr\",\"potentialAction\":[{\"@type\":\"ReadAction\",\"target\":[\"https:\\\/\\\/memurunsesi.net\\\/index.php\\\/2025\\\/03\\\/10\\\/cografi-isaretli-karatepe-kiliminin-tanitimi-ve-satisi-icin-proje\\\/\"]}]},{\"@type\":\"ImageObject\",\"inLanguage\":\"tr\",\"@id\":\"https:\\\/\\\/memurunsesi.net\\\/index.php\\\/2025\\\/03\\\/10\\\/cografi-isaretli-karatepe-kiliminin-tanitimi-ve-satisi-icin-proje\\\/#primaryimage\",\"url\":\"https:\\\/\\\/memurunsesi.net\\\/wp-content\\\/uploads\\\/2025\\\/03\\\/AW408810_01.jpg\",\"contentUrl\":\"https:\\\/\\\/memurunsesi.net\\\/wp-content\\\/uploads\\\/2025\\\/03\\\/AW408810_01.jpg\",\"width\":2048,\"height\":1364,\"caption\":\"OSMAN\u0130YE'N\u0130N CO\u011eRAF\u0130 \u0130\u015eARETL\u0130 KARATEPE K\u0130L\u0130M\u0130N\u0130N TANITILMASI VE B\u00d6LGE EKONOM\u0130S\u0130NE KATKI SUNULMASI AMACIYLA \\\"ANADOLU M\u0130RASI KARATEPE K\u0130L\u0130M\u0130N\u0130N TUR\u0130ZM VE T\u0130CARET HACM\u0130N\u0130N ARTIRILMASI PROJES\u0130\\\" S\u00d6ZLE\u015eMES\u0130 \u0130MZALANDI. (M\u00dcSL\u00dcM BALKO\\\/OSMAN\u0130YE-\u0130HA) Osmaniye'nin co\u011frafi i\u015faretli Karatepe kiliminin tan\u0131t\u0131lmas\u0131 ve b\u00f6lge ekonomisine katk\u0131 sunulmas\u0131 amac\u0131yla \\\"Anadolu Miras\u0131 Karatepe Kiliminin Turizm ve Ticaret Hacminin Art\u0131r\u0131lmas\u0131 Projesi\\\" s\u00f6zle\u015fmesi imzaland\u0131.\"},{\"@type\":\"BreadcrumbList\",\"@id\":\"https:\\\/\\\/memurunsesi.net\\\/index.php\\\/2025\\\/03\\\/10\\\/cografi-isaretli-karatepe-kiliminin-tanitimi-ve-satisi-icin-proje\\\/#breadcrumb\",\"itemListElement\":[{\"@type\":\"ListItem\",\"position\":1,\"name\":\"Anasayfa\",\"item\":\"https:\\\/\\\/memurunsesi.net\\\/\"},{\"@type\":\"ListItem\",\"position\":2,\"name\":\"Co\u011frafi i\u015faretli Karatepe kiliminin tan\u0131t\u0131m\u0131 ve sat\u0131\u015f\u0131 i\u00e7in proje\"}]},{\"@type\":\"WebSite\",\"@id\":\"https:\\\/\\\/memurunsesi.net\\\/#website\",\"url\":\"https:\\\/\\\/memurunsesi.net\\\/\",\"name\":\"Memurun Sesi\",\"description\":\"G\u00fcncel ve Do\u011fru Haber\",\"publisher\":{\"@id\":\"https:\\\/\\\/memurunsesi.net\\\/#organization\"},\"potentialAction\":[{\"@type\":\"SearchAction\",\"target\":{\"@type\":\"EntryPoint\",\"urlTemplate\":\"https:\\\/\\\/memurunsesi.net\\\/?s={search_term_string}\"},\"query-input\":{\"@type\":\"PropertyValueSpecification\",\"valueRequired\":true,\"valueName\":\"search_term_string\"}}],\"inLanguage\":\"tr\"},{\"@type\":\"Organization\",\"@id\":\"https:\\\/\\\/memurunsesi.net\\\/#organization\",\"name\":\"Memurun Sesi\",\"url\":\"https:\\\/\\\/memurunsesi.net\\\/\",\"logo\":{\"@type\":\"ImageObject\",\"inLanguage\":\"tr\",\"@id\":\"https:\\\/\\\/memurunsesi.net\\\/#\\\/schema\\\/logo\\\/image\\\/\",\"url\":\"https:\\\/\\\/memurunsesi.net\\\/wp-content\\\/uploads\\\/2025\\\/11\\\/cropped-MEMURUN-SESI.png\",\"contentUrl\":\"https:\\\/\\\/memurunsesi.net\\\/wp-content\\\/uploads\\\/2025\\\/11\\\/cropped-MEMURUN-SESI.png\",\"width\":238,\"height\":57,\"caption\":\"Memurun Sesi\"},\"image\":{\"@id\":\"https:\\\/\\\/memurunsesi.net\\\/#\\\/schema\\\/logo\\\/image\\\/\"},\"sameAs\":[\"https:\\\/\\\/www.facebook.com\\\/unipersen\\\/?locale=tr_TR\",\"https:\\\/\\\/x.com\\\/unipersen\"]},{\"@type\":\"Person\",\"@id\":\"https:\\\/\\\/memurunsesi.net\\\/#\\\/schema\\\/person\\\/f21c2d73b89f6ee1d80b0a1803e38587\",\"name\":\"Memurun Sesi Haber Merkezi\",\"image\":{\"@type\":\"ImageObject\",\"inLanguage\":\"tr\",\"@id\":\"https:\\\/\\\/secure.gravatar.com\\\/avatar\\\/6cf0505f452ee753f485014986fab09a434671d2b919ee76fc541025c5876a70?s=96&d=mm&r=g\",\"url\":\"https:\\\/\\\/secure.gravatar.com\\\/avatar\\\/6cf0505f452ee753f485014986fab09a434671d2b919ee76fc541025c5876a70?s=96&d=mm&r=g\",\"contentUrl\":\"https:\\\/\\\/secure.gravatar.com\\\/avatar\\\/6cf0505f452ee753f485014986fab09a434671d2b919ee76fc541025c5876a70?s=96&d=mm&r=g\",\"caption\":\"Memurun Sesi Haber Merkezi\"},\"sameAs\":[\"https:\\\/\\\/memurunsesi.net\"],\"url\":\"https:\\\/\\\/memurunsesi.net\\\/index.php\\\/author\\\/uniper\\\/\"}]}<\/script>\n<!-- \/ Yoast SEO plugin. -->","yoast_head_json":{"title":"Co\u011frafi i\u015faretli Karatepe kiliminin tan\u0131t\u0131m\u0131 ve sat\u0131\u015f\u0131 i\u00e7in proje - Memurun Sesi","robots":{"index":"index","follow":"follow","max-snippet":"max-snippet:-1","max-image-preview":"max-image-preview:large","max-video-preview":"max-video-preview:-1"},"canonical":"https:\/\/memurunsesi.net\/index.php\/2025\/03\/10\/cografi-isaretli-karatepe-kiliminin-tanitimi-ve-satisi-icin-proje\/","og_locale":"tr_TR","og_type":"article","og_title":"Co\u011frafi i\u015faretli Karatepe kiliminin tan\u0131t\u0131m\u0131 ve sat\u0131\u015f\u0131 i\u00e7in proje - Memurun Sesi","og_description":"Osmaniye&#8217;nin co\u011frafi i\u015faretli Karatepe kiliminin tan\u0131t\u0131lmas\u0131 ve b\u00f6lge ekonomisine katk\u0131 sunulmas\u0131 amac\u0131yla &#8220;Anadolu Miras\u0131 Karatepe Kiliminin Turizm ve Ticaret Hacminin Art\u0131r\u0131lmas\u0131 Projesi&#8221; s\u00f6zle\u015fmesi imzaland\u0131. SOGEP-Anadolu&#8217;dakiler program\u0131 kapsam\u0131nda Osmaniye Valisi Erdin\u00e7 Y\u0131lmaz, DO\u011eAKA Genel Sekreteri O\u011fuz Alibekiro\u011flu ve Karatepe Kilim Kooperatifi Ba\u015fkan\u0131 Y\u00fcksel Cafri aras\u0131nda &#8220;Anadolu Miras\u0131 Karatepe Kiliminin Turizm ve Ticaret Hacminin Art\u0131r\u0131lmas\u0131 Projesi&#8221; s\u00f6zle\u015fmesi [&hellip;]","og_url":"https:\/\/memurunsesi.net\/index.php\/2025\/03\/10\/cografi-isaretli-karatepe-kiliminin-tanitimi-ve-satisi-icin-proje\/","og_site_name":"Memurun Sesi","article_publisher":"https:\/\/www.facebook.com\/unipersen\/?locale=tr_TR","article_published_time":"2025-03-10T06:03:48+00:00","og_image":[{"width":2048,"height":1364,"url":"https:\/\/memurunsesi.net\/wp-content\/uploads\/2025\/03\/AW408810_01.jpg","type":"image\/jpeg"}],"author":"Memurun Sesi Haber Merkezi","twitter_card":"summary_large_image","twitter_creator":"@unipersen","twitter_site":"@unipersen","twitter_misc":{"Yazan:":"Memurun Sesi Haber Merkezi","Tahmini okuma s\u00fcresi":"2 dakika"},"schema":{"@context":"https:\/\/schema.org","@graph":[{"@type":"Article","@id":"https:\/\/memurunsesi.net\/index.php\/2025\/03\/10\/cografi-isaretli-karatepe-kiliminin-tanitimi-ve-satisi-icin-proje\/#article","isPartOf":{"@id":"https:\/\/memurunsesi.net\/index.php\/2025\/03\/10\/cografi-isaretli-karatepe-kiliminin-tanitimi-ve-satisi-icin-proje\/"},"author":{"name":"Memurun Sesi Haber Merkezi","@id":"https:\/\/memurunsesi.net\/#\/schema\/person\/f21c2d73b89f6ee1d80b0a1803e38587"},"headline":"Co\u011frafi i\u015faretli Karatepe kiliminin tan\u0131t\u0131m\u0131 ve sat\u0131\u015f\u0131 i\u00e7in proje","datePublished":"2025-03-10T06:03:48+00:00","mainEntityOfPage":{"@id":"https:\/\/memurunsesi.net\/index.php\/2025\/03\/10\/cografi-isaretli-karatepe-kiliminin-tanitimi-ve-satisi-icin-proje\/"},"wordCount":416,"commentCount":0,"publisher":{"@id":"https:\/\/memurunsesi.net\/#organization"},"image":{"@id":"https:\/\/memurunsesi.net\/index.php\/2025\/03\/10\/cografi-isaretli-karatepe-kiliminin-tanitimi-ve-satisi-icin-proje\/#primaryimage"},"thumbnailUrl":"https:\/\/memurunsesi.net\/wp-content\/uploads\/2025\/03\/AW408810_01.jpg","articleSection":["T\u00fcm Haberler"],"inLanguage":"tr","potentialAction":[{"@type":"CommentAction","name":"Comment","target":["https:\/\/memurunsesi.net\/index.php\/2025\/03\/10\/cografi-isaretli-karatepe-kiliminin-tanitimi-ve-satisi-icin-proje\/#respond"]}]},{"@type":"WebPage","@id":"https:\/\/memurunsesi.net\/index.php\/2025\/03\/10\/cografi-isaretli-karatepe-kiliminin-tanitimi-ve-satisi-icin-proje\/","url":"https:\/\/memurunsesi.net\/index.php\/2025\/03\/10\/cografi-isaretli-karatepe-kiliminin-tanitimi-ve-satisi-icin-proje\/","name":"Co\u011frafi i\u015faretli Karatepe kiliminin tan\u0131t\u0131m\u0131 ve sat\u0131\u015f\u0131 i\u00e7in proje - Memurun Sesi","isPartOf":{"@id":"https:\/\/memurunsesi.net\/#website"},"primaryImageOfPage":{"@id":"https:\/\/memurunsesi.net\/index.php\/2025\/03\/10\/cografi-isaretli-karatepe-kiliminin-tanitimi-ve-satisi-icin-proje\/#primaryimage"},"image":{"@id":"https:\/\/memurunsesi.net\/index.php\/2025\/03\/10\/cografi-isaretli-karatepe-kiliminin-tanitimi-ve-satisi-icin-proje\/#primaryimage"},"thumbnailUrl":"https:\/\/memurunsesi.net\/wp-content\/uploads\/2025\/03\/AW408810_01.jpg","datePublished":"2025-03-10T06:03:48+00:00","breadcrumb":{"@id":"https:\/\/memurunsesi.net\/index.php\/2025\/03\/10\/cografi-isaretli-karatepe-kiliminin-tanitimi-ve-satisi-icin-proje\/#breadcrumb"},"inLanguage":"tr","potentialAction":[{"@type":"ReadAction","target":["https:\/\/memurunsesi.net\/index.php\/2025\/03\/10\/cografi-isaretli-karatepe-kiliminin-tanitimi-ve-satisi-icin-proje\/"]}]},{"@type":"ImageObject","inLanguage":"tr","@id":"https:\/\/memurunsesi.net\/index.php\/2025\/03\/10\/cografi-isaretli-karatepe-kiliminin-tanitimi-ve-satisi-icin-proje\/#primaryimage","url":"https:\/\/memurunsesi.net\/wp-content\/uploads\/2025\/03\/AW408810_01.jpg","contentUrl":"https:\/\/memurunsesi.net\/wp-content\/uploads\/2025\/03\/AW408810_01.jpg","width":2048,"height":1364,"caption":"OSMAN\u0130YE'N\u0130N CO\u011eRAF\u0130 \u0130\u015eARETL\u0130 KARATEPE K\u0130L\u0130M\u0130N\u0130N TANITILMASI VE B\u00d6LGE EKONOM\u0130S\u0130NE KATKI SUNULMASI AMACIYLA \"ANADOLU M\u0130RASI KARATEPE K\u0130L\u0130M\u0130N\u0130N TUR\u0130ZM VE T\u0130CARET HACM\u0130N\u0130N ARTIRILMASI PROJES\u0130\" S\u00d6ZLE\u015eMES\u0130 \u0130MZALANDI. (M\u00dcSL\u00dcM BALKO\/OSMAN\u0130YE-\u0130HA) Osmaniye'nin co\u011frafi i\u015faretli Karatepe kiliminin tan\u0131t\u0131lmas\u0131 ve b\u00f6lge ekonomisine katk\u0131 sunulmas\u0131 amac\u0131yla \"Anadolu Miras\u0131 Karatepe Kiliminin Turizm ve Ticaret Hacminin Art\u0131r\u0131lmas\u0131 Projesi\" s\u00f6zle\u015fmesi imzaland\u0131."},{"@type":"BreadcrumbList","@id":"https:\/\/memurunsesi.net\/index.php\/2025\/03\/10\/cografi-isaretli-karatepe-kiliminin-tanitimi-ve-satisi-icin-proje\/#breadcrumb","itemListElement":[{"@type":"ListItem","position":1,"name":"Anasayfa","item":"https:\/\/memurunsesi.net\/"},{"@type":"ListItem","position":2,"name":"Co\u011frafi i\u015faretli Karatepe kiliminin tan\u0131t\u0131m\u0131 ve sat\u0131\u015f\u0131 i\u00e7in proje"}]},{"@type":"WebSite","@id":"https:\/\/memurunsesi.net\/#website","url":"https:\/\/memurunsesi.net\/","name":"Memurun Sesi","description":"G\u00fcncel ve Do\u011fru Haber","publisher":{"@id":"https:\/\/memurunsesi.net\/#organization"},"potentialAction":[{"@type":"SearchAction","target":{"@type":"EntryPoint","urlTemplate":"https:\/\/memurunsesi.net\/?s={search_term_string}"},"query-input":{"@type":"PropertyValueSpecification","valueRequired":true,"valueName":"search_term_string"}}],"inLanguage":"tr"},{"@type":"Organization","@id":"https:\/\/memurunsesi.net\/#organization","name":"Memurun Sesi","url":"https:\/\/memurunsesi.net\/","logo":{"@type":"ImageObject","inLanguage":"tr","@id":"https:\/\/memurunsesi.net\/#\/schema\/logo\/image\/","url":"https:\/\/memurunsesi.net\/wp-content\/uploads\/2025\/11\/cropped-MEMURUN-SESI.png","contentUrl":"https:\/\/memurunsesi.net\/wp-content\/uploads\/2025\/11\/cropped-MEMURUN-SESI.png","width":238,"height":57,"caption":"Memurun Sesi"},"image":{"@id":"https:\/\/memurunsesi.net\/#\/schema\/logo\/image\/"},"sameAs":["https:\/\/www.facebook.com\/unipersen\/?locale=tr_TR","https:\/\/x.com\/unipersen"]},{"@type":"Person","@id":"https:\/\/memurunsesi.net\/#\/schema\/person\/f21c2d73b89f6ee1d80b0a1803e38587","name":"Memurun Sesi Haber Merkezi","image":{"@type":"ImageObject","inLanguage":"tr","@id":"https:\/\/secure.gravatar.com\/avatar\/6cf0505f452ee753f485014986fab09a434671d2b919ee76fc541025c5876a70?s=96&d=mm&r=g","url":"https:\/\/secure.gravatar.com\/avatar\/6cf0505f452ee753f485014986fab09a434671d2b919ee76fc541025c5876a70?s=96&d=mm&r=g","contentUrl":"https:\/\/secure.gravatar.com\/avatar\/6cf0505f452ee753f485014986fab09a434671d2b919ee76fc541025c5876a70?s=96&d=mm&r=g","caption":"Memurun Sesi Haber Merkezi"},"sameAs":["https:\/\/memurunsesi.net"],"url":"https:\/\/memurunsesi.net\/index.php\/author\/uniper\/"}]}},"_links":{"self":[{"href":"https:\/\/memurunsesi.net\/index.php\/wp-json\/wp\/v2\/posts\/4022","targetHints":{"allow":["GET"]}}],"collection":[{"href":"https:\/\/memurunsesi.net\/index.php\/wp-json\/wp\/v2\/posts"}],"about":[{"href":"https:\/\/memurunsesi.net\/index.php\/wp-json\/wp\/v2\/types\/post"}],"author":[{"embeddable":true,"href":"https:\/\/memurunsesi.net\/index.php\/wp-json\/wp\/v2\/users\/1"}],"replies":[{"embeddable":true,"href":"https:\/\/memurunsesi.net\/index.php\/wp-json\/wp\/v2\/comments?post=4022"}],"version-history":[{"count":1,"href":"https:\/\/memurunsesi.net\/index.php\/wp-json\/wp\/v2\/posts\/4022\/revisions"}],"predecessor-version":[{"id":4024,"href":"https:\/\/memurunsesi.net\/index.php\/wp-json\/wp\/v2\/posts\/4022\/revisions\/4024"}],"wp:featuredmedia":[{"embeddable":true,"href":"https:\/\/memurunsesi.net\/index.php\/wp-json\/wp\/v2\/media\/4023"}],"wp:attachment":[{"href":"https:\/\/memurunsesi.net\/index.php\/wp-json\/wp\/v2\/media?parent=4022"}],"wp:term":[{"taxonomy":"category","embeddable":true,"href":"https:\/\/memurunsesi.net\/index.php\/wp-json\/wp\/v2\/categories?post=4022"},{"taxonomy":"post_tag","embeddable":true,"href":"https:\/\/memurunsesi.net\/index.php\/wp-json\/wp\/v2\/tags?post=4022"}],"curies":[{"name":"wp","href":"https:\/\/api.w.org\/{rel}","templated":true}]}}