{"id":4038,"date":"2025-03-11T08:53:56","date_gmt":"2025-03-11T05:53:56","guid":{"rendered":"https:\/\/memurunsesi.net\/?p=4038"},"modified":"2025-03-11T08:53:56","modified_gmt":"2025-03-11T05:53:56","slug":"gibtude-yazek-1-teknoloji-gecesi-gerceklestirildi","status":"publish","type":"post","link":"https:\/\/memurunsesi.net\/index.php\/2025\/03\/11\/gibtude-yazek-1-teknoloji-gecesi-gerceklestirildi\/","title":{"rendered":"G\u0130BT\u00dc\u2019de YAZEK 1. Teknoloji Gecesi ger\u00e7ekle\u015ftirildi"},"content":{"rendered":"<p>Gaziantep \u0130slam Bilim ve Teknoloji \u00dcniversitesi (G\u0130BT\u00dc), YAZEK 1. Teknoloji Gecesi ger\u00e7ekle\u015ftirildi.<br \/>\nGaziantep \u0130slam Bilim ve Teknoloji \u00dcniversitesi (G\u0130BT\u00dc) M\u00fchendislik Fak\u00fcltesi\u2019nde Yapay Zeka Toplulu\u011fu (YAZEK) taraf\u0131ndan d\u00fczenlenen &#8220;YAZEK 1. Teknoloji Gecesi&#8221; b\u00fcy\u00fck bir kat\u0131l\u0131mla tamamland\u0131. Etkinlik, iftardan sahura kadar s\u00fcren yo\u011fun bir e\u011fitim ve teknoloji maratonuna sahne oldu.<br \/>\nTeknoloji ve yaz\u0131l\u0131m dolu bir gece<br \/>\nEtkinlik kapsam\u0131nda \u00c7a\u011fda\u015f Kaya taraf\u0131ndan verilen &#8220;Python 101&#8221; e\u011fitimi, kat\u0131l\u0131mc\u0131lar i\u00e7in temel programlama bilgilerini \u00f6\u011frenme ve pratik yapma f\u0131rsat\u0131 sundu. Yaz\u0131l\u0131m ve yapay zeka konular\u0131na ilgi duyan \u00f6\u011frenciler, bu etkinlik sayesinde Python programlama dili hakk\u0131nda de\u011ferli bilgiler edinerek uygulamalar geli\u015ftirdi.<\/p>\n<p>10.03.2025<\/p>\n","protected":false},"excerpt":{"rendered":"<p>Gaziantep \u0130slam Bilim ve Teknoloji \u00dcniversitesi (G\u0130BT\u00dc), YAZEK 1. Teknoloji Gecesi ger\u00e7ekle\u015ftirildi. Gaziantep \u0130slam Bilim ve Teknoloji \u00dcniversitesi (G\u0130BT\u00dc) M\u00fchendislik Fak\u00fcltesi\u2019nde Yapay Zeka Toplulu\u011fu (YAZEK) taraf\u0131ndan d\u00fczenlenen &#8220;YAZEK 1. Teknoloji Gecesi&#8221; b\u00fcy\u00fck bir kat\u0131l\u0131mla tamamland\u0131. Etkinlik, iftardan sahura kadar s\u00fcren yo\u011fun bir e\u011fitim ve teknoloji maratonuna sahne oldu. Teknoloji ve yaz\u0131l\u0131m dolu bir gece Etkinlik [&hellip;]<\/p>\n","protected":false},"author":1,"featured_media":4039,"comment_status":"open","ping_status":"open","sticky":false,"template":"","format":"standard","meta":{"footnotes":""},"categories":[45],"tags":[],"class_list":["post-4038","post","type-post","status-publish","format-standard","has-post-thumbnail","hentry","category-gundem"],"yoast_head":"<!-- This site is optimized with the Yoast SEO plugin v27.4 - https:\/\/yoast.com\/product\/yoast-seo-wordpress\/ -->\n<title>G\u0130BT\u00dc\u2019de YAZEK 1. Teknoloji Gecesi ger\u00e7ekle\u015ftirildi - Memurun Sesi<\/title>\n<meta name=\"robots\" content=\"index, follow, max-snippet:-1, max-image-preview:large, max-video-preview:-1\" \/>\n<link rel=\"canonical\" href=\"https:\/\/memurunsesi.net\/index.php\/2025\/03\/11\/gibtude-yazek-1-teknoloji-gecesi-gerceklestirildi\/\" \/>\n<meta property=\"og:locale\" content=\"tr_TR\" \/>\n<meta property=\"og:type\" content=\"article\" \/>\n<meta property=\"og:title\" content=\"G\u0130BT\u00dc\u2019de YAZEK 1. Teknoloji Gecesi ger\u00e7ekle\u015ftirildi - Memurun Sesi\" \/>\n<meta property=\"og:description\" content=\"Gaziantep \u0130slam Bilim ve Teknoloji \u00dcniversitesi (G\u0130BT\u00dc), YAZEK 1. Teknoloji Gecesi ger\u00e7ekle\u015ftirildi. Gaziantep \u0130slam Bilim ve Teknoloji \u00dcniversitesi (G\u0130BT\u00dc) M\u00fchendislik Fak\u00fcltesi\u2019nde Yapay Zeka Toplulu\u011fu (YAZEK) taraf\u0131ndan d\u00fczenlenen &#8220;YAZEK 1. Teknoloji Gecesi&#8221; b\u00fcy\u00fck bir kat\u0131l\u0131mla tamamland\u0131. Etkinlik, iftardan sahura kadar s\u00fcren yo\u011fun bir e\u011fitim ve teknoloji maratonuna sahne oldu. Teknoloji ve yaz\u0131l\u0131m dolu bir gece Etkinlik [&hellip;]\" \/>\n<meta property=\"og:url\" content=\"https:\/\/memurunsesi.net\/index.php\/2025\/03\/11\/gibtude-yazek-1-teknoloji-gecesi-gerceklestirildi\/\" \/>\n<meta property=\"og:site_name\" content=\"Memurun Sesi\" \/>\n<meta property=\"article:publisher\" content=\"https:\/\/www.facebook.com\/unipersen\/?locale=tr_TR\" \/>\n<meta property=\"article:published_time\" content=\"2025-03-11T05:53:56+00:00\" \/>\n<meta property=\"og:image\" content=\"https:\/\/memurunsesi.net\/wp-content\/uploads\/2025\/03\/AW409225_07.jpg\" \/>\n\t<meta property=\"og:image:width\" content=\"1600\" \/>\n\t<meta property=\"og:image:height\" content=\"1066\" \/>\n\t<meta property=\"og:image:type\" content=\"image\/jpeg\" \/>\n<meta name=\"author\" content=\"Memurun Sesi Haber Merkezi\" \/>\n<meta name=\"twitter:card\" content=\"summary_large_image\" \/>\n<meta name=\"twitter:creator\" content=\"@unipersen\" \/>\n<meta name=\"twitter:site\" content=\"@unipersen\" \/>\n<meta name=\"twitter:label1\" content=\"Yazan:\" \/>\n\t<meta name=\"twitter:data1\" content=\"Memurun Sesi Haber Merkezi\" \/>\n\t<meta name=\"twitter:label2\" content=\"Tahmini okuma s\u00fcresi\" \/>\n\t<meta name=\"twitter:data2\" content=\"1 dakika\" \/>\n<script type=\"application\/ld+json\" class=\"yoast-schema-graph\">{\"@context\":\"https:\\\/\\\/schema.org\",\"@graph\":[{\"@type\":\"Article\",\"@id\":\"https:\\\/\\\/memurunsesi.net\\\/index.php\\\/2025\\\/03\\\/11\\\/gibtude-yazek-1-teknoloji-gecesi-gerceklestirildi\\\/#article\",\"isPartOf\":{\"@id\":\"https:\\\/\\\/memurunsesi.net\\\/index.php\\\/2025\\\/03\\\/11\\\/gibtude-yazek-1-teknoloji-gecesi-gerceklestirildi\\\/\"},\"author\":{\"name\":\"Memurun Sesi Haber Merkezi\",\"@id\":\"https:\\\/\\\/memurunsesi.net\\\/#\\\/schema\\\/person\\\/f21c2d73b89f6ee1d80b0a1803e38587\"},\"headline\":\"G\u0130BT\u00dc\u2019de YAZEK 1. Teknoloji Gecesi ger\u00e7ekle\u015ftirildi\",\"datePublished\":\"2025-03-11T05:53:56+00:00\",\"mainEntityOfPage\":{\"@id\":\"https:\\\/\\\/memurunsesi.net\\\/index.php\\\/2025\\\/03\\\/11\\\/gibtude-yazek-1-teknoloji-gecesi-gerceklestirildi\\\/\"},\"wordCount\":134,\"commentCount\":0,\"publisher\":{\"@id\":\"https:\\\/\\\/memurunsesi.net\\\/#organization\"},\"image\":{\"@id\":\"https:\\\/\\\/memurunsesi.net\\\/index.php\\\/2025\\\/03\\\/11\\\/gibtude-yazek-1-teknoloji-gecesi-gerceklestirildi\\\/#primaryimage\"},\"thumbnailUrl\":\"https:\\\/\\\/memurunsesi.net\\\/wp-content\\\/uploads\\\/2025\\\/03\\\/AW409225_07.jpg\",\"articleSection\":[\"G\u00fcndem\"],\"inLanguage\":\"tr\",\"potentialAction\":[{\"@type\":\"CommentAction\",\"name\":\"Comment\",\"target\":[\"https:\\\/\\\/memurunsesi.net\\\/index.php\\\/2025\\\/03\\\/11\\\/gibtude-yazek-1-teknoloji-gecesi-gerceklestirildi\\\/#respond\"]}]},{\"@type\":\"WebPage\",\"@id\":\"https:\\\/\\\/memurunsesi.net\\\/index.php\\\/2025\\\/03\\\/11\\\/gibtude-yazek-1-teknoloji-gecesi-gerceklestirildi\\\/\",\"url\":\"https:\\\/\\\/memurunsesi.net\\\/index.php\\\/2025\\\/03\\\/11\\\/gibtude-yazek-1-teknoloji-gecesi-gerceklestirildi\\\/\",\"name\":\"G\u0130BT\u00dc\u2019de YAZEK 1. Teknoloji Gecesi ger\u00e7ekle\u015ftirildi - Memurun Sesi\",\"isPartOf\":{\"@id\":\"https:\\\/\\\/memurunsesi.net\\\/#website\"},\"primaryImageOfPage\":{\"@id\":\"https:\\\/\\\/memurunsesi.net\\\/index.php\\\/2025\\\/03\\\/11\\\/gibtude-yazek-1-teknoloji-gecesi-gerceklestirildi\\\/#primaryimage\"},\"image\":{\"@id\":\"https:\\\/\\\/memurunsesi.net\\\/index.php\\\/2025\\\/03\\\/11\\\/gibtude-yazek-1-teknoloji-gecesi-gerceklestirildi\\\/#primaryimage\"},\"thumbnailUrl\":\"https:\\\/\\\/memurunsesi.net\\\/wp-content\\\/uploads\\\/2025\\\/03\\\/AW409225_07.jpg\",\"datePublished\":\"2025-03-11T05:53:56+00:00\",\"breadcrumb\":{\"@id\":\"https:\\\/\\\/memurunsesi.net\\\/index.php\\\/2025\\\/03\\\/11\\\/gibtude-yazek-1-teknoloji-gecesi-gerceklestirildi\\\/#breadcrumb\"},\"inLanguage\":\"tr\",\"potentialAction\":[{\"@type\":\"ReadAction\",\"target\":[\"https:\\\/\\\/memurunsesi.net\\\/index.php\\\/2025\\\/03\\\/11\\\/gibtude-yazek-1-teknoloji-gecesi-gerceklestirildi\\\/\"]}]},{\"@type\":\"ImageObject\",\"inLanguage\":\"tr\",\"@id\":\"https:\\\/\\\/memurunsesi.net\\\/index.php\\\/2025\\\/03\\\/11\\\/gibtude-yazek-1-teknoloji-gecesi-gerceklestirildi\\\/#primaryimage\",\"url\":\"https:\\\/\\\/memurunsesi.net\\\/wp-content\\\/uploads\\\/2025\\\/03\\\/AW409225_07.jpg\",\"contentUrl\":\"https:\\\/\\\/memurunsesi.net\\\/wp-content\\\/uploads\\\/2025\\\/03\\\/AW409225_07.jpg\",\"width\":1600,\"height\":1066,\"caption\":\"GAZ\u0130ANTEP \u0130SLAM B\u0130L\u0130M VE TEKNOLOJ\u0130 \u00dcN\u0130VERS\u0130TES\u0130 (G\u0130BT\u00dc), YAZEK 1. TEKNOLOJ\u0130 GECES\u0130 GER\u00c7EKLE\u015eT\u0130R\u0130LD\u0130 (\u0130HA\\\/GAZ\u0130ANTEP-\u0130HA) Gaziantep \u0130slam Bilim ve Teknoloji \u00dcniversitesi (G\u0130BT\u00dc), YAZEK 1. Teknoloji Gecesi ger\u00e7ekle\u015ftirildi.\"},{\"@type\":\"BreadcrumbList\",\"@id\":\"https:\\\/\\\/memurunsesi.net\\\/index.php\\\/2025\\\/03\\\/11\\\/gibtude-yazek-1-teknoloji-gecesi-gerceklestirildi\\\/#breadcrumb\",\"itemListElement\":[{\"@type\":\"ListItem\",\"position\":1,\"name\":\"Anasayfa\",\"item\":\"https:\\\/\\\/memurunsesi.net\\\/\"},{\"@type\":\"ListItem\",\"position\":2,\"name\":\"G\u0130BT\u00dc\u2019de YAZEK 1. Teknoloji Gecesi ger\u00e7ekle\u015ftirildi\"}]},{\"@type\":\"WebSite\",\"@id\":\"https:\\\/\\\/memurunsesi.net\\\/#website\",\"url\":\"https:\\\/\\\/memurunsesi.net\\\/\",\"name\":\"Memurun Sesi\",\"description\":\"G\u00fcncel ve Do\u011fru Haber\",\"publisher\":{\"@id\":\"https:\\\/\\\/memurunsesi.net\\\/#organization\"},\"potentialAction\":[{\"@type\":\"SearchAction\",\"target\":{\"@type\":\"EntryPoint\",\"urlTemplate\":\"https:\\\/\\\/memurunsesi.net\\\/?s={search_term_string}\"},\"query-input\":{\"@type\":\"PropertyValueSpecification\",\"valueRequired\":true,\"valueName\":\"search_term_string\"}}],\"inLanguage\":\"tr\"},{\"@type\":\"Organization\",\"@id\":\"https:\\\/\\\/memurunsesi.net\\\/#organization\",\"name\":\"Memurun Sesi\",\"url\":\"https:\\\/\\\/memurunsesi.net\\\/\",\"logo\":{\"@type\":\"ImageObject\",\"inLanguage\":\"tr\",\"@id\":\"https:\\\/\\\/memurunsesi.net\\\/#\\\/schema\\\/logo\\\/image\\\/\",\"url\":\"https:\\\/\\\/memurunsesi.net\\\/wp-content\\\/uploads\\\/2025\\\/11\\\/cropped-MEMURUN-SESI.png\",\"contentUrl\":\"https:\\\/\\\/memurunsesi.net\\\/wp-content\\\/uploads\\\/2025\\\/11\\\/cropped-MEMURUN-SESI.png\",\"width\":238,\"height\":57,\"caption\":\"Memurun Sesi\"},\"image\":{\"@id\":\"https:\\\/\\\/memurunsesi.net\\\/#\\\/schema\\\/logo\\\/image\\\/\"},\"sameAs\":[\"https:\\\/\\\/www.facebook.com\\\/unipersen\\\/?locale=tr_TR\",\"https:\\\/\\\/x.com\\\/unipersen\"]},{\"@type\":\"Person\",\"@id\":\"https:\\\/\\\/memurunsesi.net\\\/#\\\/schema\\\/person\\\/f21c2d73b89f6ee1d80b0a1803e38587\",\"name\":\"Memurun Sesi Haber Merkezi\",\"image\":{\"@type\":\"ImageObject\",\"inLanguage\":\"tr\",\"@id\":\"https:\\\/\\\/secure.gravatar.com\\\/avatar\\\/6cf0505f452ee753f485014986fab09a434671d2b919ee76fc541025c5876a70?s=96&d=mm&r=g\",\"url\":\"https:\\\/\\\/secure.gravatar.com\\\/avatar\\\/6cf0505f452ee753f485014986fab09a434671d2b919ee76fc541025c5876a70?s=96&d=mm&r=g\",\"contentUrl\":\"https:\\\/\\\/secure.gravatar.com\\\/avatar\\\/6cf0505f452ee753f485014986fab09a434671d2b919ee76fc541025c5876a70?s=96&d=mm&r=g\",\"caption\":\"Memurun Sesi Haber Merkezi\"},\"sameAs\":[\"https:\\\/\\\/memurunsesi.net\"],\"url\":\"https:\\\/\\\/memurunsesi.net\\\/index.php\\\/author\\\/uniper\\\/\"}]}<\/script>\n<!-- \/ Yoast SEO plugin. -->","yoast_head_json":{"title":"G\u0130BT\u00dc\u2019de YAZEK 1. Teknoloji Gecesi ger\u00e7ekle\u015ftirildi - Memurun Sesi","robots":{"index":"index","follow":"follow","max-snippet":"max-snippet:-1","max-image-preview":"max-image-preview:large","max-video-preview":"max-video-preview:-1"},"canonical":"https:\/\/memurunsesi.net\/index.php\/2025\/03\/11\/gibtude-yazek-1-teknoloji-gecesi-gerceklestirildi\/","og_locale":"tr_TR","og_type":"article","og_title":"G\u0130BT\u00dc\u2019de YAZEK 1. Teknoloji Gecesi ger\u00e7ekle\u015ftirildi - Memurun Sesi","og_description":"Gaziantep \u0130slam Bilim ve Teknoloji \u00dcniversitesi (G\u0130BT\u00dc), YAZEK 1. Teknoloji Gecesi ger\u00e7ekle\u015ftirildi. Gaziantep \u0130slam Bilim ve Teknoloji \u00dcniversitesi (G\u0130BT\u00dc) M\u00fchendislik Fak\u00fcltesi\u2019nde Yapay Zeka Toplulu\u011fu (YAZEK) taraf\u0131ndan d\u00fczenlenen &#8220;YAZEK 1. Teknoloji Gecesi&#8221; b\u00fcy\u00fck bir kat\u0131l\u0131mla tamamland\u0131. Etkinlik, iftardan sahura kadar s\u00fcren yo\u011fun bir e\u011fitim ve teknoloji maratonuna sahne oldu. Teknoloji ve yaz\u0131l\u0131m dolu bir gece Etkinlik [&hellip;]","og_url":"https:\/\/memurunsesi.net\/index.php\/2025\/03\/11\/gibtude-yazek-1-teknoloji-gecesi-gerceklestirildi\/","og_site_name":"Memurun Sesi","article_publisher":"https:\/\/www.facebook.com\/unipersen\/?locale=tr_TR","article_published_time":"2025-03-11T05:53:56+00:00","og_image":[{"width":1600,"height":1066,"url":"https:\/\/memurunsesi.net\/wp-content\/uploads\/2025\/03\/AW409225_07.jpg","type":"image\/jpeg"}],"author":"Memurun Sesi Haber Merkezi","twitter_card":"summary_large_image","twitter_creator":"@unipersen","twitter_site":"@unipersen","twitter_misc":{"Yazan:":"Memurun Sesi Haber Merkezi","Tahmini okuma s\u00fcresi":"1 dakika"},"schema":{"@context":"https:\/\/schema.org","@graph":[{"@type":"Article","@id":"https:\/\/memurunsesi.net\/index.php\/2025\/03\/11\/gibtude-yazek-1-teknoloji-gecesi-gerceklestirildi\/#article","isPartOf":{"@id":"https:\/\/memurunsesi.net\/index.php\/2025\/03\/11\/gibtude-yazek-1-teknoloji-gecesi-gerceklestirildi\/"},"author":{"name":"Memurun Sesi Haber Merkezi","@id":"https:\/\/memurunsesi.net\/#\/schema\/person\/f21c2d73b89f6ee1d80b0a1803e38587"},"headline":"G\u0130BT\u00dc\u2019de YAZEK 1. Teknoloji Gecesi ger\u00e7ekle\u015ftirildi","datePublished":"2025-03-11T05:53:56+00:00","mainEntityOfPage":{"@id":"https:\/\/memurunsesi.net\/index.php\/2025\/03\/11\/gibtude-yazek-1-teknoloji-gecesi-gerceklestirildi\/"},"wordCount":134,"commentCount":0,"publisher":{"@id":"https:\/\/memurunsesi.net\/#organization"},"image":{"@id":"https:\/\/memurunsesi.net\/index.php\/2025\/03\/11\/gibtude-yazek-1-teknoloji-gecesi-gerceklestirildi\/#primaryimage"},"thumbnailUrl":"https:\/\/memurunsesi.net\/wp-content\/uploads\/2025\/03\/AW409225_07.jpg","articleSection":["G\u00fcndem"],"inLanguage":"tr","potentialAction":[{"@type":"CommentAction","name":"Comment","target":["https:\/\/memurunsesi.net\/index.php\/2025\/03\/11\/gibtude-yazek-1-teknoloji-gecesi-gerceklestirildi\/#respond"]}]},{"@type":"WebPage","@id":"https:\/\/memurunsesi.net\/index.php\/2025\/03\/11\/gibtude-yazek-1-teknoloji-gecesi-gerceklestirildi\/","url":"https:\/\/memurunsesi.net\/index.php\/2025\/03\/11\/gibtude-yazek-1-teknoloji-gecesi-gerceklestirildi\/","name":"G\u0130BT\u00dc\u2019de YAZEK 1. Teknoloji Gecesi ger\u00e7ekle\u015ftirildi - Memurun Sesi","isPartOf":{"@id":"https:\/\/memurunsesi.net\/#website"},"primaryImageOfPage":{"@id":"https:\/\/memurunsesi.net\/index.php\/2025\/03\/11\/gibtude-yazek-1-teknoloji-gecesi-gerceklestirildi\/#primaryimage"},"image":{"@id":"https:\/\/memurunsesi.net\/index.php\/2025\/03\/11\/gibtude-yazek-1-teknoloji-gecesi-gerceklestirildi\/#primaryimage"},"thumbnailUrl":"https:\/\/memurunsesi.net\/wp-content\/uploads\/2025\/03\/AW409225_07.jpg","datePublished":"2025-03-11T05:53:56+00:00","breadcrumb":{"@id":"https:\/\/memurunsesi.net\/index.php\/2025\/03\/11\/gibtude-yazek-1-teknoloji-gecesi-gerceklestirildi\/#breadcrumb"},"inLanguage":"tr","potentialAction":[{"@type":"ReadAction","target":["https:\/\/memurunsesi.net\/index.php\/2025\/03\/11\/gibtude-yazek-1-teknoloji-gecesi-gerceklestirildi\/"]}]},{"@type":"ImageObject","inLanguage":"tr","@id":"https:\/\/memurunsesi.net\/index.php\/2025\/03\/11\/gibtude-yazek-1-teknoloji-gecesi-gerceklestirildi\/#primaryimage","url":"https:\/\/memurunsesi.net\/wp-content\/uploads\/2025\/03\/AW409225_07.jpg","contentUrl":"https:\/\/memurunsesi.net\/wp-content\/uploads\/2025\/03\/AW409225_07.jpg","width":1600,"height":1066,"caption":"GAZ\u0130ANTEP \u0130SLAM B\u0130L\u0130M VE TEKNOLOJ\u0130 \u00dcN\u0130VERS\u0130TES\u0130 (G\u0130BT\u00dc), YAZEK 1. TEKNOLOJ\u0130 GECES\u0130 GER\u00c7EKLE\u015eT\u0130R\u0130LD\u0130 (\u0130HA\/GAZ\u0130ANTEP-\u0130HA) Gaziantep \u0130slam Bilim ve Teknoloji \u00dcniversitesi (G\u0130BT\u00dc), YAZEK 1. Teknoloji Gecesi ger\u00e7ekle\u015ftirildi."},{"@type":"BreadcrumbList","@id":"https:\/\/memurunsesi.net\/index.php\/2025\/03\/11\/gibtude-yazek-1-teknoloji-gecesi-gerceklestirildi\/#breadcrumb","itemListElement":[{"@type":"ListItem","position":1,"name":"Anasayfa","item":"https:\/\/memurunsesi.net\/"},{"@type":"ListItem","position":2,"name":"G\u0130BT\u00dc\u2019de YAZEK 1. Teknoloji Gecesi ger\u00e7ekle\u015ftirildi"}]},{"@type":"WebSite","@id":"https:\/\/memurunsesi.net\/#website","url":"https:\/\/memurunsesi.net\/","name":"Memurun Sesi","description":"G\u00fcncel ve Do\u011fru Haber","publisher":{"@id":"https:\/\/memurunsesi.net\/#organization"},"potentialAction":[{"@type":"SearchAction","target":{"@type":"EntryPoint","urlTemplate":"https:\/\/memurunsesi.net\/?s={search_term_string}"},"query-input":{"@type":"PropertyValueSpecification","valueRequired":true,"valueName":"search_term_string"}}],"inLanguage":"tr"},{"@type":"Organization","@id":"https:\/\/memurunsesi.net\/#organization","name":"Memurun Sesi","url":"https:\/\/memurunsesi.net\/","logo":{"@type":"ImageObject","inLanguage":"tr","@id":"https:\/\/memurunsesi.net\/#\/schema\/logo\/image\/","url":"https:\/\/memurunsesi.net\/wp-content\/uploads\/2025\/11\/cropped-MEMURUN-SESI.png","contentUrl":"https:\/\/memurunsesi.net\/wp-content\/uploads\/2025\/11\/cropped-MEMURUN-SESI.png","width":238,"height":57,"caption":"Memurun Sesi"},"image":{"@id":"https:\/\/memurunsesi.net\/#\/schema\/logo\/image\/"},"sameAs":["https:\/\/www.facebook.com\/unipersen\/?locale=tr_TR","https:\/\/x.com\/unipersen"]},{"@type":"Person","@id":"https:\/\/memurunsesi.net\/#\/schema\/person\/f21c2d73b89f6ee1d80b0a1803e38587","name":"Memurun Sesi Haber Merkezi","image":{"@type":"ImageObject","inLanguage":"tr","@id":"https:\/\/secure.gravatar.com\/avatar\/6cf0505f452ee753f485014986fab09a434671d2b919ee76fc541025c5876a70?s=96&d=mm&r=g","url":"https:\/\/secure.gravatar.com\/avatar\/6cf0505f452ee753f485014986fab09a434671d2b919ee76fc541025c5876a70?s=96&d=mm&r=g","contentUrl":"https:\/\/secure.gravatar.com\/avatar\/6cf0505f452ee753f485014986fab09a434671d2b919ee76fc541025c5876a70?s=96&d=mm&r=g","caption":"Memurun Sesi Haber Merkezi"},"sameAs":["https:\/\/memurunsesi.net"],"url":"https:\/\/memurunsesi.net\/index.php\/author\/uniper\/"}]}},"_links":{"self":[{"href":"https:\/\/memurunsesi.net\/index.php\/wp-json\/wp\/v2\/posts\/4038","targetHints":{"allow":["GET"]}}],"collection":[{"href":"https:\/\/memurunsesi.net\/index.php\/wp-json\/wp\/v2\/posts"}],"about":[{"href":"https:\/\/memurunsesi.net\/index.php\/wp-json\/wp\/v2\/types\/post"}],"author":[{"embeddable":true,"href":"https:\/\/memurunsesi.net\/index.php\/wp-json\/wp\/v2\/users\/1"}],"replies":[{"embeddable":true,"href":"https:\/\/memurunsesi.net\/index.php\/wp-json\/wp\/v2\/comments?post=4038"}],"version-history":[{"count":1,"href":"https:\/\/memurunsesi.net\/index.php\/wp-json\/wp\/v2\/posts\/4038\/revisions"}],"predecessor-version":[{"id":4040,"href":"https:\/\/memurunsesi.net\/index.php\/wp-json\/wp\/v2\/posts\/4038\/revisions\/4040"}],"wp:featuredmedia":[{"embeddable":true,"href":"https:\/\/memurunsesi.net\/index.php\/wp-json\/wp\/v2\/media\/4039"}],"wp:attachment":[{"href":"https:\/\/memurunsesi.net\/index.php\/wp-json\/wp\/v2\/media?parent=4038"}],"wp:term":[{"taxonomy":"category","embeddable":true,"href":"https:\/\/memurunsesi.net\/index.php\/wp-json\/wp\/v2\/categories?post=4038"},{"taxonomy":"post_tag","embeddable":true,"href":"https:\/\/memurunsesi.net\/index.php\/wp-json\/wp\/v2\/tags?post=4038"}],"curies":[{"name":"wp","href":"https:\/\/api.w.org\/{rel}","templated":true}]}}