{"id":4041,"date":"2025-03-11T08:55:21","date_gmt":"2025-03-11T05:55:21","guid":{"rendered":"https:\/\/memurunsesi.net\/?p=4041"},"modified":"2025-03-11T08:55:21","modified_gmt":"2025-03-11T05:55:21","slug":"guatemaladaki-fuego-yanardaginda-patlama-meydana-geldi","status":"publish","type":"post","link":"https:\/\/memurunsesi.net\/index.php\/2025\/03\/11\/guatemaladaki-fuego-yanardaginda-patlama-meydana-geldi\/","title":{"rendered":"Guatemala&#8217;daki Fuego Yanarda\u011f\u0131\u2019nda patlama meydana geldi"},"content":{"rendered":"<p>Orta Amerika \u00fclkesi Guatemala&#8217;da bulunan Fuego Yanarda\u011f\u0131\u2019nda patlama meydana geldi. En az 300 aile evlerinden tahliye edilirken, 30 bin ki\u015finin tahliye riski ile kar\u015f\u0131 kar\u015f\u0131ya oldu\u011fu bildirildi.<br \/>\nD\u00fcnyan\u0131n en aktif volkanlar\u0131ndan biri olarak kabul edilen Guatemala&#8217;daki Fuego Yanarda\u011f\u0131\u2019nda patlama meydana geldi. Yerel yetkililerden edinilen bilgilere g\u00f6re, pazar gece saatlerinde ba\u015flayan volkanik hareketlilik nedeniyle, riskli b\u00f6lgelerde ya\u015fayan 300 aile evlerinden tahliye edildi. Ba\u015fkent Guatemala City\u2019nin yakla\u015f\u0131k 50 kilometre g\u00fcneybat\u0131s\u0131nda meydana gelen patlaman\u0131n ard\u0131ndan f\u0131\u015fk\u0131ran lavlar ve olu\u015fan k\u00fcl bulutu amat\u00f6r kameralara yans\u0131rken, yetkililer 30 bin ki\u015finin tahliye riski ile kar\u015f\u0131 kar\u015f\u0131ya oldu\u011funu a\u00e7\u0131klad\u0131. \u015eimdiye kadar can kayb\u0131 ya\u015fanmad\u0131\u011f\u0131 belirtilirken, tedbir amac\u0131yla bir\u00e7ok okulun e\u011fitime ara verdi\u011fi ve riskli yollar\u0131n ara\u00e7 trafi\u011fine kapat\u0131ld\u0131\u011f\u0131 aktar\u0131ld\u0131.<br \/>\n215 ki\u015fi hayat\u0131n\u0131 kaybetmi\u015fti<br \/>\n3 bin 763 metre y\u00fcksekli\u011fi sahip olan ve d\u00fcnyan\u0131n en aktif volkanlar\u0131ndan biri olarak g\u00f6r\u00fclen Fuego Yanarda\u011f\u0131\u2019nda son olarak 2018 y\u0131l\u0131nda b\u00fcy\u00fck bir patlama meydana gelmi\u015fti. 215 ki\u015finin hayat\u0131n\u0131 kaybetti\u011fi kamuoyuna yans\u0131m\u0131\u015ft\u0131.<\/p>\n<p>11.03.2025<\/p>\n","protected":false},"excerpt":{"rendered":"<p>Orta Amerika \u00fclkesi Guatemala&#8217;da bulunan Fuego Yanarda\u011f\u0131\u2019nda patlama meydana geldi. En az 300 aile evlerinden tahliye edilirken, 30 bin ki\u015finin tahliye riski ile kar\u015f\u0131 kar\u015f\u0131ya oldu\u011fu bildirildi. D\u00fcnyan\u0131n en aktif volkanlar\u0131ndan biri olarak kabul edilen Guatemala&#8217;daki Fuego Yanarda\u011f\u0131\u2019nda patlama meydana geldi. Yerel yetkililerden edinilen bilgilere g\u00f6re, pazar gece saatlerinde ba\u015flayan volkanik hareketlilik nedeniyle, riskli b\u00f6lgelerde [&hellip;]<\/p>\n","protected":false},"author":1,"featured_media":4042,"comment_status":"open","ping_status":"open","sticky":false,"template":"","format":"standard","meta":{"footnotes":""},"categories":[1],"tags":[],"class_list":["post-4041","post","type-post","status-publish","format-standard","has-post-thumbnail","hentry","category-genel"],"yoast_head":"<!-- This site is optimized with the Yoast SEO plugin v27.4 - https:\/\/yoast.com\/product\/yoast-seo-wordpress\/ -->\n<title>Guatemala&#039;daki Fuego Yanarda\u011f\u0131\u2019nda patlama meydana geldi - Memurun Sesi<\/title>\n<meta name=\"robots\" content=\"index, follow, max-snippet:-1, max-image-preview:large, max-video-preview:-1\" \/>\n<link rel=\"canonical\" href=\"https:\/\/memurunsesi.net\/index.php\/2025\/03\/11\/guatemaladaki-fuego-yanardaginda-patlama-meydana-geldi\/\" \/>\n<meta property=\"og:locale\" content=\"tr_TR\" \/>\n<meta property=\"og:type\" content=\"article\" \/>\n<meta property=\"og:title\" content=\"Guatemala&#039;daki Fuego Yanarda\u011f\u0131\u2019nda patlama meydana geldi - Memurun Sesi\" \/>\n<meta property=\"og:description\" content=\"Orta Amerika \u00fclkesi Guatemala&#8217;da bulunan Fuego Yanarda\u011f\u0131\u2019nda patlama meydana geldi. En az 300 aile evlerinden tahliye edilirken, 30 bin ki\u015finin tahliye riski ile kar\u015f\u0131 kar\u015f\u0131ya oldu\u011fu bildirildi. D\u00fcnyan\u0131n en aktif volkanlar\u0131ndan biri olarak kabul edilen Guatemala&#8217;daki Fuego Yanarda\u011f\u0131\u2019nda patlama meydana geldi. Yerel yetkililerden edinilen bilgilere g\u00f6re, pazar gece saatlerinde ba\u015flayan volkanik hareketlilik nedeniyle, riskli b\u00f6lgelerde [&hellip;]\" \/>\n<meta property=\"og:url\" content=\"https:\/\/memurunsesi.net\/index.php\/2025\/03\/11\/guatemaladaki-fuego-yanardaginda-patlama-meydana-geldi\/\" \/>\n<meta property=\"og:site_name\" content=\"Memurun Sesi\" \/>\n<meta property=\"article:publisher\" content=\"https:\/\/www.facebook.com\/unipersen\/?locale=tr_TR\" \/>\n<meta property=\"article:published_time\" content=\"2025-03-11T05:55:21+00:00\" \/>\n<meta property=\"og:image\" content=\"https:\/\/memurunsesi.net\/wp-content\/uploads\/2025\/03\/AW409558_01.jpg\" \/>\n\t<meta property=\"og:image:width\" content=\"1152\" \/>\n\t<meta property=\"og:image:height\" content=\"2048\" \/>\n\t<meta property=\"og:image:type\" content=\"image\/jpeg\" \/>\n<meta name=\"author\" content=\"Memurun Sesi Haber Merkezi\" \/>\n<meta name=\"twitter:card\" content=\"summary_large_image\" \/>\n<meta name=\"twitter:creator\" content=\"@unipersen\" \/>\n<meta name=\"twitter:site\" content=\"@unipersen\" \/>\n<meta name=\"twitter:label1\" content=\"Yazan:\" \/>\n\t<meta name=\"twitter:data1\" content=\"Memurun Sesi Haber Merkezi\" \/>\n\t<meta name=\"twitter:label2\" content=\"Tahmini okuma s\u00fcresi\" \/>\n\t<meta name=\"twitter:data2\" content=\"1 dakika\" \/>\n<script type=\"application\/ld+json\" class=\"yoast-schema-graph\">{\"@context\":\"https:\\\/\\\/schema.org\",\"@graph\":[{\"@type\":\"Article\",\"@id\":\"https:\\\/\\\/memurunsesi.net\\\/index.php\\\/2025\\\/03\\\/11\\\/guatemaladaki-fuego-yanardaginda-patlama-meydana-geldi\\\/#article\",\"isPartOf\":{\"@id\":\"https:\\\/\\\/memurunsesi.net\\\/index.php\\\/2025\\\/03\\\/11\\\/guatemaladaki-fuego-yanardaginda-patlama-meydana-geldi\\\/\"},\"author\":{\"name\":\"Memurun Sesi Haber Merkezi\",\"@id\":\"https:\\\/\\\/memurunsesi.net\\\/#\\\/schema\\\/person\\\/f21c2d73b89f6ee1d80b0a1803e38587\"},\"headline\":\"Guatemala&#8217;daki Fuego Yanarda\u011f\u0131\u2019nda patlama meydana geldi\",\"datePublished\":\"2025-03-11T05:55:21+00:00\",\"mainEntityOfPage\":{\"@id\":\"https:\\\/\\\/memurunsesi.net\\\/index.php\\\/2025\\\/03\\\/11\\\/guatemaladaki-fuego-yanardaginda-patlama-meydana-geldi\\\/\"},\"wordCount\":208,\"commentCount\":0,\"publisher\":{\"@id\":\"https:\\\/\\\/memurunsesi.net\\\/#organization\"},\"image\":{\"@id\":\"https:\\\/\\\/memurunsesi.net\\\/index.php\\\/2025\\\/03\\\/11\\\/guatemaladaki-fuego-yanardaginda-patlama-meydana-geldi\\\/#primaryimage\"},\"thumbnailUrl\":\"https:\\\/\\\/memurunsesi.net\\\/wp-content\\\/uploads\\\/2025\\\/03\\\/AW409558_01.jpg\",\"inLanguage\":\"tr\",\"potentialAction\":[{\"@type\":\"CommentAction\",\"name\":\"Comment\",\"target\":[\"https:\\\/\\\/memurunsesi.net\\\/index.php\\\/2025\\\/03\\\/11\\\/guatemaladaki-fuego-yanardaginda-patlama-meydana-geldi\\\/#respond\"]}]},{\"@type\":\"WebPage\",\"@id\":\"https:\\\/\\\/memurunsesi.net\\\/index.php\\\/2025\\\/03\\\/11\\\/guatemaladaki-fuego-yanardaginda-patlama-meydana-geldi\\\/\",\"url\":\"https:\\\/\\\/memurunsesi.net\\\/index.php\\\/2025\\\/03\\\/11\\\/guatemaladaki-fuego-yanardaginda-patlama-meydana-geldi\\\/\",\"name\":\"Guatemala'daki Fuego Yanarda\u011f\u0131\u2019nda patlama meydana geldi - Memurun Sesi\",\"isPartOf\":{\"@id\":\"https:\\\/\\\/memurunsesi.net\\\/#website\"},\"primaryImageOfPage\":{\"@id\":\"https:\\\/\\\/memurunsesi.net\\\/index.php\\\/2025\\\/03\\\/11\\\/guatemaladaki-fuego-yanardaginda-patlama-meydana-geldi\\\/#primaryimage\"},\"image\":{\"@id\":\"https:\\\/\\\/memurunsesi.net\\\/index.php\\\/2025\\\/03\\\/11\\\/guatemaladaki-fuego-yanardaginda-patlama-meydana-geldi\\\/#primaryimage\"},\"thumbnailUrl\":\"https:\\\/\\\/memurunsesi.net\\\/wp-content\\\/uploads\\\/2025\\\/03\\\/AW409558_01.jpg\",\"datePublished\":\"2025-03-11T05:55:21+00:00\",\"breadcrumb\":{\"@id\":\"https:\\\/\\\/memurunsesi.net\\\/index.php\\\/2025\\\/03\\\/11\\\/guatemaladaki-fuego-yanardaginda-patlama-meydana-geldi\\\/#breadcrumb\"},\"inLanguage\":\"tr\",\"potentialAction\":[{\"@type\":\"ReadAction\",\"target\":[\"https:\\\/\\\/memurunsesi.net\\\/index.php\\\/2025\\\/03\\\/11\\\/guatemaladaki-fuego-yanardaginda-patlama-meydana-geldi\\\/\"]}]},{\"@type\":\"ImageObject\",\"inLanguage\":\"tr\",\"@id\":\"https:\\\/\\\/memurunsesi.net\\\/index.php\\\/2025\\\/03\\\/11\\\/guatemaladaki-fuego-yanardaginda-patlama-meydana-geldi\\\/#primaryimage\",\"url\":\"https:\\\/\\\/memurunsesi.net\\\/wp-content\\\/uploads\\\/2025\\\/03\\\/AW409558_01.jpg\",\"contentUrl\":\"https:\\\/\\\/memurunsesi.net\\\/wp-content\\\/uploads\\\/2025\\\/03\\\/AW409558_01.jpg\",\"width\":1152,\"height\":2048,\"caption\":\"GUATEMALA'DAK\u0130 FUEGO YANARDA\u011eI'NDA PATLAMA MEYDANA GELD\u0130 (\u0130HA\\\/GUATEMALA-\u0130HA) Orta Amerika \u00fclkesi Guatemala'da bulunan Fuego Yanarda\u011f\u0131'nda patlama meydana geldi. En az 300 aile evlerinden tahliye edilirken, 30 bin ki\u015finin tahliye riski ile kar\u015f\u0131 kar\u015f\u0131ya oldu\u011fu bildirildi.\"},{\"@type\":\"BreadcrumbList\",\"@id\":\"https:\\\/\\\/memurunsesi.net\\\/index.php\\\/2025\\\/03\\\/11\\\/guatemaladaki-fuego-yanardaginda-patlama-meydana-geldi\\\/#breadcrumb\",\"itemListElement\":[{\"@type\":\"ListItem\",\"position\":1,\"name\":\"Anasayfa\",\"item\":\"https:\\\/\\\/memurunsesi.net\\\/\"},{\"@type\":\"ListItem\",\"position\":2,\"name\":\"Guatemala&#8217;daki Fuego Yanarda\u011f\u0131\u2019nda patlama meydana geldi\"}]},{\"@type\":\"WebSite\",\"@id\":\"https:\\\/\\\/memurunsesi.net\\\/#website\",\"url\":\"https:\\\/\\\/memurunsesi.net\\\/\",\"name\":\"Memurun Sesi\",\"description\":\"G\u00fcncel ve Do\u011fru Haber\",\"publisher\":{\"@id\":\"https:\\\/\\\/memurunsesi.net\\\/#organization\"},\"potentialAction\":[{\"@type\":\"SearchAction\",\"target\":{\"@type\":\"EntryPoint\",\"urlTemplate\":\"https:\\\/\\\/memurunsesi.net\\\/?s={search_term_string}\"},\"query-input\":{\"@type\":\"PropertyValueSpecification\",\"valueRequired\":true,\"valueName\":\"search_term_string\"}}],\"inLanguage\":\"tr\"},{\"@type\":\"Organization\",\"@id\":\"https:\\\/\\\/memurunsesi.net\\\/#organization\",\"name\":\"Memurun Sesi\",\"url\":\"https:\\\/\\\/memurunsesi.net\\\/\",\"logo\":{\"@type\":\"ImageObject\",\"inLanguage\":\"tr\",\"@id\":\"https:\\\/\\\/memurunsesi.net\\\/#\\\/schema\\\/logo\\\/image\\\/\",\"url\":\"https:\\\/\\\/memurunsesi.net\\\/wp-content\\\/uploads\\\/2025\\\/11\\\/cropped-MEMURUN-SESI.png\",\"contentUrl\":\"https:\\\/\\\/memurunsesi.net\\\/wp-content\\\/uploads\\\/2025\\\/11\\\/cropped-MEMURUN-SESI.png\",\"width\":238,\"height\":57,\"caption\":\"Memurun Sesi\"},\"image\":{\"@id\":\"https:\\\/\\\/memurunsesi.net\\\/#\\\/schema\\\/logo\\\/image\\\/\"},\"sameAs\":[\"https:\\\/\\\/www.facebook.com\\\/unipersen\\\/?locale=tr_TR\",\"https:\\\/\\\/x.com\\\/unipersen\"]},{\"@type\":\"Person\",\"@id\":\"https:\\\/\\\/memurunsesi.net\\\/#\\\/schema\\\/person\\\/f21c2d73b89f6ee1d80b0a1803e38587\",\"name\":\"Memurun Sesi Haber Merkezi\",\"image\":{\"@type\":\"ImageObject\",\"inLanguage\":\"tr\",\"@id\":\"https:\\\/\\\/secure.gravatar.com\\\/avatar\\\/6cf0505f452ee753f485014986fab09a434671d2b919ee76fc541025c5876a70?s=96&d=mm&r=g\",\"url\":\"https:\\\/\\\/secure.gravatar.com\\\/avatar\\\/6cf0505f452ee753f485014986fab09a434671d2b919ee76fc541025c5876a70?s=96&d=mm&r=g\",\"contentUrl\":\"https:\\\/\\\/secure.gravatar.com\\\/avatar\\\/6cf0505f452ee753f485014986fab09a434671d2b919ee76fc541025c5876a70?s=96&d=mm&r=g\",\"caption\":\"Memurun Sesi Haber Merkezi\"},\"sameAs\":[\"https:\\\/\\\/memurunsesi.net\"],\"url\":\"https:\\\/\\\/memurunsesi.net\\\/index.php\\\/author\\\/uniper\\\/\"}]}<\/script>\n<!-- \/ Yoast SEO plugin. -->","yoast_head_json":{"title":"Guatemala'daki Fuego Yanarda\u011f\u0131\u2019nda patlama meydana geldi - Memurun Sesi","robots":{"index":"index","follow":"follow","max-snippet":"max-snippet:-1","max-image-preview":"max-image-preview:large","max-video-preview":"max-video-preview:-1"},"canonical":"https:\/\/memurunsesi.net\/index.php\/2025\/03\/11\/guatemaladaki-fuego-yanardaginda-patlama-meydana-geldi\/","og_locale":"tr_TR","og_type":"article","og_title":"Guatemala'daki Fuego Yanarda\u011f\u0131\u2019nda patlama meydana geldi - Memurun Sesi","og_description":"Orta Amerika \u00fclkesi Guatemala&#8217;da bulunan Fuego Yanarda\u011f\u0131\u2019nda patlama meydana geldi. En az 300 aile evlerinden tahliye edilirken, 30 bin ki\u015finin tahliye riski ile kar\u015f\u0131 kar\u015f\u0131ya oldu\u011fu bildirildi. D\u00fcnyan\u0131n en aktif volkanlar\u0131ndan biri olarak kabul edilen Guatemala&#8217;daki Fuego Yanarda\u011f\u0131\u2019nda patlama meydana geldi. Yerel yetkililerden edinilen bilgilere g\u00f6re, pazar gece saatlerinde ba\u015flayan volkanik hareketlilik nedeniyle, riskli b\u00f6lgelerde [&hellip;]","og_url":"https:\/\/memurunsesi.net\/index.php\/2025\/03\/11\/guatemaladaki-fuego-yanardaginda-patlama-meydana-geldi\/","og_site_name":"Memurun Sesi","article_publisher":"https:\/\/www.facebook.com\/unipersen\/?locale=tr_TR","article_published_time":"2025-03-11T05:55:21+00:00","og_image":[{"width":1152,"height":2048,"url":"https:\/\/memurunsesi.net\/wp-content\/uploads\/2025\/03\/AW409558_01.jpg","type":"image\/jpeg"}],"author":"Memurun Sesi Haber Merkezi","twitter_card":"summary_large_image","twitter_creator":"@unipersen","twitter_site":"@unipersen","twitter_misc":{"Yazan:":"Memurun Sesi Haber Merkezi","Tahmini okuma s\u00fcresi":"1 dakika"},"schema":{"@context":"https:\/\/schema.org","@graph":[{"@type":"Article","@id":"https:\/\/memurunsesi.net\/index.php\/2025\/03\/11\/guatemaladaki-fuego-yanardaginda-patlama-meydana-geldi\/#article","isPartOf":{"@id":"https:\/\/memurunsesi.net\/index.php\/2025\/03\/11\/guatemaladaki-fuego-yanardaginda-patlama-meydana-geldi\/"},"author":{"name":"Memurun Sesi Haber Merkezi","@id":"https:\/\/memurunsesi.net\/#\/schema\/person\/f21c2d73b89f6ee1d80b0a1803e38587"},"headline":"Guatemala&#8217;daki Fuego Yanarda\u011f\u0131\u2019nda patlama meydana geldi","datePublished":"2025-03-11T05:55:21+00:00","mainEntityOfPage":{"@id":"https:\/\/memurunsesi.net\/index.php\/2025\/03\/11\/guatemaladaki-fuego-yanardaginda-patlama-meydana-geldi\/"},"wordCount":208,"commentCount":0,"publisher":{"@id":"https:\/\/memurunsesi.net\/#organization"},"image":{"@id":"https:\/\/memurunsesi.net\/index.php\/2025\/03\/11\/guatemaladaki-fuego-yanardaginda-patlama-meydana-geldi\/#primaryimage"},"thumbnailUrl":"https:\/\/memurunsesi.net\/wp-content\/uploads\/2025\/03\/AW409558_01.jpg","inLanguage":"tr","potentialAction":[{"@type":"CommentAction","name":"Comment","target":["https:\/\/memurunsesi.net\/index.php\/2025\/03\/11\/guatemaladaki-fuego-yanardaginda-patlama-meydana-geldi\/#respond"]}]},{"@type":"WebPage","@id":"https:\/\/memurunsesi.net\/index.php\/2025\/03\/11\/guatemaladaki-fuego-yanardaginda-patlama-meydana-geldi\/","url":"https:\/\/memurunsesi.net\/index.php\/2025\/03\/11\/guatemaladaki-fuego-yanardaginda-patlama-meydana-geldi\/","name":"Guatemala'daki Fuego Yanarda\u011f\u0131\u2019nda patlama meydana geldi - Memurun Sesi","isPartOf":{"@id":"https:\/\/memurunsesi.net\/#website"},"primaryImageOfPage":{"@id":"https:\/\/memurunsesi.net\/index.php\/2025\/03\/11\/guatemaladaki-fuego-yanardaginda-patlama-meydana-geldi\/#primaryimage"},"image":{"@id":"https:\/\/memurunsesi.net\/index.php\/2025\/03\/11\/guatemaladaki-fuego-yanardaginda-patlama-meydana-geldi\/#primaryimage"},"thumbnailUrl":"https:\/\/memurunsesi.net\/wp-content\/uploads\/2025\/03\/AW409558_01.jpg","datePublished":"2025-03-11T05:55:21+00:00","breadcrumb":{"@id":"https:\/\/memurunsesi.net\/index.php\/2025\/03\/11\/guatemaladaki-fuego-yanardaginda-patlama-meydana-geldi\/#breadcrumb"},"inLanguage":"tr","potentialAction":[{"@type":"ReadAction","target":["https:\/\/memurunsesi.net\/index.php\/2025\/03\/11\/guatemaladaki-fuego-yanardaginda-patlama-meydana-geldi\/"]}]},{"@type":"ImageObject","inLanguage":"tr","@id":"https:\/\/memurunsesi.net\/index.php\/2025\/03\/11\/guatemaladaki-fuego-yanardaginda-patlama-meydana-geldi\/#primaryimage","url":"https:\/\/memurunsesi.net\/wp-content\/uploads\/2025\/03\/AW409558_01.jpg","contentUrl":"https:\/\/memurunsesi.net\/wp-content\/uploads\/2025\/03\/AW409558_01.jpg","width":1152,"height":2048,"caption":"GUATEMALA'DAK\u0130 FUEGO YANARDA\u011eI'NDA PATLAMA MEYDANA GELD\u0130 (\u0130HA\/GUATEMALA-\u0130HA) Orta Amerika \u00fclkesi Guatemala'da bulunan Fuego Yanarda\u011f\u0131'nda patlama meydana geldi. En az 300 aile evlerinden tahliye edilirken, 30 bin ki\u015finin tahliye riski ile kar\u015f\u0131 kar\u015f\u0131ya oldu\u011fu bildirildi."},{"@type":"BreadcrumbList","@id":"https:\/\/memurunsesi.net\/index.php\/2025\/03\/11\/guatemaladaki-fuego-yanardaginda-patlama-meydana-geldi\/#breadcrumb","itemListElement":[{"@type":"ListItem","position":1,"name":"Anasayfa","item":"https:\/\/memurunsesi.net\/"},{"@type":"ListItem","position":2,"name":"Guatemala&#8217;daki Fuego Yanarda\u011f\u0131\u2019nda patlama meydana geldi"}]},{"@type":"WebSite","@id":"https:\/\/memurunsesi.net\/#website","url":"https:\/\/memurunsesi.net\/","name":"Memurun Sesi","description":"G\u00fcncel ve Do\u011fru Haber","publisher":{"@id":"https:\/\/memurunsesi.net\/#organization"},"potentialAction":[{"@type":"SearchAction","target":{"@type":"EntryPoint","urlTemplate":"https:\/\/memurunsesi.net\/?s={search_term_string}"},"query-input":{"@type":"PropertyValueSpecification","valueRequired":true,"valueName":"search_term_string"}}],"inLanguage":"tr"},{"@type":"Organization","@id":"https:\/\/memurunsesi.net\/#organization","name":"Memurun Sesi","url":"https:\/\/memurunsesi.net\/","logo":{"@type":"ImageObject","inLanguage":"tr","@id":"https:\/\/memurunsesi.net\/#\/schema\/logo\/image\/","url":"https:\/\/memurunsesi.net\/wp-content\/uploads\/2025\/11\/cropped-MEMURUN-SESI.png","contentUrl":"https:\/\/memurunsesi.net\/wp-content\/uploads\/2025\/11\/cropped-MEMURUN-SESI.png","width":238,"height":57,"caption":"Memurun Sesi"},"image":{"@id":"https:\/\/memurunsesi.net\/#\/schema\/logo\/image\/"},"sameAs":["https:\/\/www.facebook.com\/unipersen\/?locale=tr_TR","https:\/\/x.com\/unipersen"]},{"@type":"Person","@id":"https:\/\/memurunsesi.net\/#\/schema\/person\/f21c2d73b89f6ee1d80b0a1803e38587","name":"Memurun Sesi Haber Merkezi","image":{"@type":"ImageObject","inLanguage":"tr","@id":"https:\/\/secure.gravatar.com\/avatar\/6cf0505f452ee753f485014986fab09a434671d2b919ee76fc541025c5876a70?s=96&d=mm&r=g","url":"https:\/\/secure.gravatar.com\/avatar\/6cf0505f452ee753f485014986fab09a434671d2b919ee76fc541025c5876a70?s=96&d=mm&r=g","contentUrl":"https:\/\/secure.gravatar.com\/avatar\/6cf0505f452ee753f485014986fab09a434671d2b919ee76fc541025c5876a70?s=96&d=mm&r=g","caption":"Memurun Sesi Haber Merkezi"},"sameAs":["https:\/\/memurunsesi.net"],"url":"https:\/\/memurunsesi.net\/index.php\/author\/uniper\/"}]}},"_links":{"self":[{"href":"https:\/\/memurunsesi.net\/index.php\/wp-json\/wp\/v2\/posts\/4041","targetHints":{"allow":["GET"]}}],"collection":[{"href":"https:\/\/memurunsesi.net\/index.php\/wp-json\/wp\/v2\/posts"}],"about":[{"href":"https:\/\/memurunsesi.net\/index.php\/wp-json\/wp\/v2\/types\/post"}],"author":[{"embeddable":true,"href":"https:\/\/memurunsesi.net\/index.php\/wp-json\/wp\/v2\/users\/1"}],"replies":[{"embeddable":true,"href":"https:\/\/memurunsesi.net\/index.php\/wp-json\/wp\/v2\/comments?post=4041"}],"version-history":[{"count":1,"href":"https:\/\/memurunsesi.net\/index.php\/wp-json\/wp\/v2\/posts\/4041\/revisions"}],"predecessor-version":[{"id":4043,"href":"https:\/\/memurunsesi.net\/index.php\/wp-json\/wp\/v2\/posts\/4041\/revisions\/4043"}],"wp:featuredmedia":[{"embeddable":true,"href":"https:\/\/memurunsesi.net\/index.php\/wp-json\/wp\/v2\/media\/4042"}],"wp:attachment":[{"href":"https:\/\/memurunsesi.net\/index.php\/wp-json\/wp\/v2\/media?parent=4041"}],"wp:term":[{"taxonomy":"category","embeddable":true,"href":"https:\/\/memurunsesi.net\/index.php\/wp-json\/wp\/v2\/categories?post=4041"},{"taxonomy":"post_tag","embeddable":true,"href":"https:\/\/memurunsesi.net\/index.php\/wp-json\/wp\/v2\/tags?post=4041"}],"curies":[{"name":"wp","href":"https:\/\/api.w.org\/{rel}","templated":true}]}}