{"id":4057,"date":"2025-03-11T09:05:13","date_gmt":"2025-03-11T06:05:13","guid":{"rendered":"https:\/\/memurunsesi.net\/?p=4057"},"modified":"2025-03-11T09:05:13","modified_gmt":"2025-03-11T06:05:13","slug":"sektor-ogrenci-bulusmalarinin-ilki-gerceklestirildi","status":"publish","type":"post","link":"https:\/\/memurunsesi.net\/index.php\/2025\/03\/11\/sektor-ogrenci-bulusmalarinin-ilki-gerceklestirildi\/","title":{"rendered":"Sekt\u00f6r \u00f6\u011frenci bulu\u015fmalar\u0131n\u0131n ilki ger\u00e7ekle\u015ftirildi"},"content":{"rendered":"<p>D\u00fczce \u00dcniversitesi Ziraat Fak\u00fcltesi taraf\u0131ndan Kariyer Geli\u015ftirme ve Mezun \u0130zleme Uygulama Ara\u015ft\u0131rma Merkezi i\u015f birli\u011fiyle d\u00fczenlenen &#8220;Sekt\u00f6r &#8211; \u00d6\u011frenci Bulu\u015fmalar\u0131&#8221; ger\u00e7ekle\u015ftirildi.<br \/>\nSa\u011fl\u0131k Bilimleri Konferans Salonu\u2019nda D\u00fczce \u00dcniversitesi Ziraat Fak\u00fcltesi Bitki Koruma B\u00f6l\u00fcm\u00fc Ba\u015fkan\u0131 Prof. Dr. \u0130smet Y\u0131ld\u0131r\u0131m\u2019\u0131n y\u00f6netimindeki programa; D\u00fczce \u00dcniversitesi Ziraat Fak\u00fcltesi Dekan\u0131 Prof. Dr. Aybike Ayfer Karada\u011f ile Bitki Koruma B\u00f6l\u00fcm\u00fc \u00f6\u011frencileri ba\u015fta olmak \u00fczere, \u00e7ok say\u0131da lisans ve lisans\u00fcst\u00fc \u00f6\u011frencisi ve akademik personel ilgi g\u00f6sterdi.<br \/>\nProf. Dr. \u0130smet Y\u0131ld\u0131r\u0131m\u2019\u0131n verdi\u011fi Mesleki Uygulamalar dersi kapsam\u0131nda ger\u00e7ekle\u015ftirilen konferansa, pestisit sekt\u00f6r\u00fcnden davetli konu\u015fmac\u0131 olarak Zir. Y\u00fck. M\u00fch. Metin Ayd\u0131n konuk oldu.<br \/>\nPlastik bir topa benzetti\u011fi i\u015f hayat\u0131n\u0131n her zaman yenilenebildi\u011fini ifade eden Metin Ayd\u0131n, ancak iki cam k\u00fcreye benzetti\u011fi aile hayat\u0131 ve etik de\u011ferlerden birisinin k\u0131r\u0131lmas\u0131 durumunda ise bu de\u011ferlerin bir daha geri gelemeyece\u011fini vurgulad\u0131. Ayd\u0131n, \u00e7al\u0131\u015ft\u0131\u011f\u0131 firmada sat\u0131\u015f sorumlusu \u0130smail Elita\u015f ile birlikte \u00f6\u011frencilerin gelecekteki i\u015f ya\u015fam\u0131yla ilgili yo\u011fun sorular\u0131n\u0131 \u00f6rneklerle cevaplad\u0131. \u00d6zellikle sekt\u00f6r\u00fcn gelece\u011fin Ziraat M\u00fchendislerinden beklentileri, i\u015f hayat\u0131na hangi a\u015famadan ba\u015flamalar\u0131 gerekti\u011fi ve firmalar\u0131n i\u015fe al\u0131mda dikkat etti\u011fi kriterler gibi bir\u00e7ok konuda \u00f6nemli bilgilerin aktar\u0131ld\u0131\u011f\u0131 programda, bug\u00fcnden ba\u015flamak \u00fczere \u00f6\u011frencilerin kendilerini bir\u00e7ok alanda geli\u015ftirmeleri, sekt\u00f6rde i\u015fe al\u0131mda bir ad\u0131m \u00f6nde olmalar\u0131 i\u00e7in farkl\u0131 alanlarda da yetkinlik sahibi olmalar\u0131, i\u015fe giri\u015f ve y\u00fckselmede yabanc\u0131 dil bilmenin \u00f6nemi vurguland\u0131.<br \/>\nKonferans\u0131n son b\u00f6l\u00fcm\u00fcnde Prof. Dr. \u0130smet Y\u0131ld\u0131r\u0131m ve D\u00fczce \u00dcniversitesi Ziraat Fak\u00fcltesi Dekan\u0131 Prof. Dr. Aybike Ayfer Karada\u011f taraf\u0131ndan \u00f6\u011frencilere; kendilerini iyi tan\u0131malar\u0131, var olan yeteneklerini geli\u015ftirmeleri ve ba\u015far\u0131 i\u00e7in her zaman vazge\u00e7meden m\u00fccadele etmeleri gerekti\u011fiyle ilgili tavsiyelerde bulunuldu. Program\u0131n sonunda \u00f6\u011frenciler, sekt\u00f6r temsilcileri ile g\u00f6r\u00fc\u015fmeler ger\u00e7ekle\u015ftirdi.<br \/>\nGelecek haftalarda d\u00fczenlenecek &#8220;Sekt\u00f6r \u2013 \u00d6\u011frenci Bulu\u015fmalar\u0131&#8221; etkinliklerinin, T\u00fcrkiye\u2019de tar\u0131m sekt\u00f6r\u00fcnde faaliyet g\u00f6steren yerli ve yabanc\u0131 firmalar, tar\u0131m ilac\u0131 bayileri ve i\u015f hayat\u0131nda ba\u015far\u0131lara imza atm\u0131\u015f \u00f6nceki mezunlar\u0131n kat\u0131l\u0131mlar\u0131yla devam edece\u011fi belirtildi.<\/p>\n<p>11.03.2025<\/p>\n","protected":false},"excerpt":{"rendered":"<p>D\u00fczce \u00dcniversitesi Ziraat Fak\u00fcltesi taraf\u0131ndan Kariyer Geli\u015ftirme ve Mezun \u0130zleme Uygulama Ara\u015ft\u0131rma Merkezi i\u015f birli\u011fiyle d\u00fczenlenen &#8220;Sekt\u00f6r &#8211; \u00d6\u011frenci Bulu\u015fmalar\u0131&#8221; ger\u00e7ekle\u015ftirildi. Sa\u011fl\u0131k Bilimleri Konferans Salonu\u2019nda D\u00fczce \u00dcniversitesi Ziraat Fak\u00fcltesi Bitki Koruma B\u00f6l\u00fcm\u00fc Ba\u015fkan\u0131 Prof. Dr. \u0130smet Y\u0131ld\u0131r\u0131m\u2019\u0131n y\u00f6netimindeki programa; D\u00fczce \u00dcniversitesi Ziraat Fak\u00fcltesi Dekan\u0131 Prof. Dr. Aybike Ayfer Karada\u011f ile Bitki Koruma B\u00f6l\u00fcm\u00fc \u00f6\u011frencileri ba\u015fta [&hellip;]<\/p>\n","protected":false},"author":1,"featured_media":4058,"comment_status":"open","ping_status":"open","sticky":false,"template":"","format":"standard","meta":{"footnotes":""},"categories":[47],"tags":[],"class_list":["post-4057","post","type-post","status-publish","format-standard","has-post-thumbnail","hentry","category-universiteden-haberler"],"yoast_head":"<!-- This site is optimized with the Yoast SEO plugin v27.4 - https:\/\/yoast.com\/product\/yoast-seo-wordpress\/ -->\n<title>Sekt\u00f6r \u00f6\u011frenci bulu\u015fmalar\u0131n\u0131n ilki ger\u00e7ekle\u015ftirildi - Memurun Sesi<\/title>\n<meta name=\"robots\" content=\"index, follow, max-snippet:-1, max-image-preview:large, max-video-preview:-1\" \/>\n<link rel=\"canonical\" href=\"https:\/\/memurunsesi.net\/index.php\/2025\/03\/11\/sektor-ogrenci-bulusmalarinin-ilki-gerceklestirildi\/\" \/>\n<meta property=\"og:locale\" content=\"tr_TR\" \/>\n<meta property=\"og:type\" content=\"article\" \/>\n<meta property=\"og:title\" content=\"Sekt\u00f6r \u00f6\u011frenci bulu\u015fmalar\u0131n\u0131n ilki ger\u00e7ekle\u015ftirildi - Memurun Sesi\" \/>\n<meta property=\"og:description\" content=\"D\u00fczce \u00dcniversitesi Ziraat Fak\u00fcltesi taraf\u0131ndan Kariyer Geli\u015ftirme ve Mezun \u0130zleme Uygulama Ara\u015ft\u0131rma Merkezi i\u015f birli\u011fiyle d\u00fczenlenen &#8220;Sekt\u00f6r &#8211; \u00d6\u011frenci Bulu\u015fmalar\u0131&#8221; ger\u00e7ekle\u015ftirildi. Sa\u011fl\u0131k Bilimleri Konferans Salonu\u2019nda D\u00fczce \u00dcniversitesi Ziraat Fak\u00fcltesi Bitki Koruma B\u00f6l\u00fcm\u00fc Ba\u015fkan\u0131 Prof. Dr. \u0130smet Y\u0131ld\u0131r\u0131m\u2019\u0131n y\u00f6netimindeki programa; D\u00fczce \u00dcniversitesi Ziraat Fak\u00fcltesi Dekan\u0131 Prof. Dr. Aybike Ayfer Karada\u011f ile Bitki Koruma B\u00f6l\u00fcm\u00fc \u00f6\u011frencileri ba\u015fta [&hellip;]\" \/>\n<meta property=\"og:url\" content=\"https:\/\/memurunsesi.net\/index.php\/2025\/03\/11\/sektor-ogrenci-bulusmalarinin-ilki-gerceklestirildi\/\" \/>\n<meta property=\"og:site_name\" content=\"Memurun Sesi\" \/>\n<meta property=\"article:publisher\" content=\"https:\/\/www.facebook.com\/unipersen\/?locale=tr_TR\" \/>\n<meta property=\"article:published_time\" content=\"2025-03-11T06:05:13+00:00\" \/>\n<meta property=\"og:image\" content=\"https:\/\/memurunsesi.net\/wp-content\/uploads\/2025\/03\/AW409573_01.jpg\" \/>\n\t<meta property=\"og:image:width\" content=\"1600\" \/>\n\t<meta property=\"og:image:height\" content=\"1200\" \/>\n\t<meta property=\"og:image:type\" content=\"image\/jpeg\" \/>\n<meta name=\"author\" content=\"Memurun Sesi Haber Merkezi\" \/>\n<meta name=\"twitter:card\" content=\"summary_large_image\" \/>\n<meta name=\"twitter:creator\" content=\"@unipersen\" \/>\n<meta name=\"twitter:site\" content=\"@unipersen\" \/>\n<meta name=\"twitter:label1\" content=\"Yazan:\" \/>\n\t<meta name=\"twitter:data1\" content=\"Memurun Sesi Haber Merkezi\" \/>\n\t<meta name=\"twitter:label2\" content=\"Tahmini okuma s\u00fcresi\" \/>\n\t<meta name=\"twitter:data2\" content=\"2 dakika\" \/>\n<script type=\"application\/ld+json\" class=\"yoast-schema-graph\">{\"@context\":\"https:\\\/\\\/schema.org\",\"@graph\":[{\"@type\":\"Article\",\"@id\":\"https:\\\/\\\/memurunsesi.net\\\/index.php\\\/2025\\\/03\\\/11\\\/sektor-ogrenci-bulusmalarinin-ilki-gerceklestirildi\\\/#article\",\"isPartOf\":{\"@id\":\"https:\\\/\\\/memurunsesi.net\\\/index.php\\\/2025\\\/03\\\/11\\\/sektor-ogrenci-bulusmalarinin-ilki-gerceklestirildi\\\/\"},\"author\":{\"name\":\"Memurun Sesi Haber Merkezi\",\"@id\":\"https:\\\/\\\/memurunsesi.net\\\/#\\\/schema\\\/person\\\/f21c2d73b89f6ee1d80b0a1803e38587\"},\"headline\":\"Sekt\u00f6r \u00f6\u011frenci bulu\u015fmalar\u0131n\u0131n ilki ger\u00e7ekle\u015ftirildi\",\"datePublished\":\"2025-03-11T06:05:13+00:00\",\"mainEntityOfPage\":{\"@id\":\"https:\\\/\\\/memurunsesi.net\\\/index.php\\\/2025\\\/03\\\/11\\\/sektor-ogrenci-bulusmalarinin-ilki-gerceklestirildi\\\/\"},\"wordCount\":420,\"commentCount\":0,\"publisher\":{\"@id\":\"https:\\\/\\\/memurunsesi.net\\\/#organization\"},\"image\":{\"@id\":\"https:\\\/\\\/memurunsesi.net\\\/index.php\\\/2025\\\/03\\\/11\\\/sektor-ogrenci-bulusmalarinin-ilki-gerceklestirildi\\\/#primaryimage\"},\"thumbnailUrl\":\"https:\\\/\\\/memurunsesi.net\\\/wp-content\\\/uploads\\\/2025\\\/03\\\/AW409573_01.jpg\",\"articleSection\":[\"\u00dcniversiteden Haberler\"],\"inLanguage\":\"tr\",\"potentialAction\":[{\"@type\":\"CommentAction\",\"name\":\"Comment\",\"target\":[\"https:\\\/\\\/memurunsesi.net\\\/index.php\\\/2025\\\/03\\\/11\\\/sektor-ogrenci-bulusmalarinin-ilki-gerceklestirildi\\\/#respond\"]}]},{\"@type\":\"WebPage\",\"@id\":\"https:\\\/\\\/memurunsesi.net\\\/index.php\\\/2025\\\/03\\\/11\\\/sektor-ogrenci-bulusmalarinin-ilki-gerceklestirildi\\\/\",\"url\":\"https:\\\/\\\/memurunsesi.net\\\/index.php\\\/2025\\\/03\\\/11\\\/sektor-ogrenci-bulusmalarinin-ilki-gerceklestirildi\\\/\",\"name\":\"Sekt\u00f6r \u00f6\u011frenci bulu\u015fmalar\u0131n\u0131n ilki ger\u00e7ekle\u015ftirildi - Memurun Sesi\",\"isPartOf\":{\"@id\":\"https:\\\/\\\/memurunsesi.net\\\/#website\"},\"primaryImageOfPage\":{\"@id\":\"https:\\\/\\\/memurunsesi.net\\\/index.php\\\/2025\\\/03\\\/11\\\/sektor-ogrenci-bulusmalarinin-ilki-gerceklestirildi\\\/#primaryimage\"},\"image\":{\"@id\":\"https:\\\/\\\/memurunsesi.net\\\/index.php\\\/2025\\\/03\\\/11\\\/sektor-ogrenci-bulusmalarinin-ilki-gerceklestirildi\\\/#primaryimage\"},\"thumbnailUrl\":\"https:\\\/\\\/memurunsesi.net\\\/wp-content\\\/uploads\\\/2025\\\/03\\\/AW409573_01.jpg\",\"datePublished\":\"2025-03-11T06:05:13+00:00\",\"breadcrumb\":{\"@id\":\"https:\\\/\\\/memurunsesi.net\\\/index.php\\\/2025\\\/03\\\/11\\\/sektor-ogrenci-bulusmalarinin-ilki-gerceklestirildi\\\/#breadcrumb\"},\"inLanguage\":\"tr\",\"potentialAction\":[{\"@type\":\"ReadAction\",\"target\":[\"https:\\\/\\\/memurunsesi.net\\\/index.php\\\/2025\\\/03\\\/11\\\/sektor-ogrenci-bulusmalarinin-ilki-gerceklestirildi\\\/\"]}]},{\"@type\":\"ImageObject\",\"inLanguage\":\"tr\",\"@id\":\"https:\\\/\\\/memurunsesi.net\\\/index.php\\\/2025\\\/03\\\/11\\\/sektor-ogrenci-bulusmalarinin-ilki-gerceklestirildi\\\/#primaryimage\",\"url\":\"https:\\\/\\\/memurunsesi.net\\\/wp-content\\\/uploads\\\/2025\\\/03\\\/AW409573_01.jpg\",\"contentUrl\":\"https:\\\/\\\/memurunsesi.net\\\/wp-content\\\/uploads\\\/2025\\\/03\\\/AW409573_01.jpg\",\"width\":1600,\"height\":1200},{\"@type\":\"BreadcrumbList\",\"@id\":\"https:\\\/\\\/memurunsesi.net\\\/index.php\\\/2025\\\/03\\\/11\\\/sektor-ogrenci-bulusmalarinin-ilki-gerceklestirildi\\\/#breadcrumb\",\"itemListElement\":[{\"@type\":\"ListItem\",\"position\":1,\"name\":\"Anasayfa\",\"item\":\"https:\\\/\\\/memurunsesi.net\\\/\"},{\"@type\":\"ListItem\",\"position\":2,\"name\":\"Sekt\u00f6r \u00f6\u011frenci bulu\u015fmalar\u0131n\u0131n ilki ger\u00e7ekle\u015ftirildi\"}]},{\"@type\":\"WebSite\",\"@id\":\"https:\\\/\\\/memurunsesi.net\\\/#website\",\"url\":\"https:\\\/\\\/memurunsesi.net\\\/\",\"name\":\"Memurun Sesi\",\"description\":\"G\u00fcncel ve Do\u011fru Haber\",\"publisher\":{\"@id\":\"https:\\\/\\\/memurunsesi.net\\\/#organization\"},\"potentialAction\":[{\"@type\":\"SearchAction\",\"target\":{\"@type\":\"EntryPoint\",\"urlTemplate\":\"https:\\\/\\\/memurunsesi.net\\\/?s={search_term_string}\"},\"query-input\":{\"@type\":\"PropertyValueSpecification\",\"valueRequired\":true,\"valueName\":\"search_term_string\"}}],\"inLanguage\":\"tr\"},{\"@type\":\"Organization\",\"@id\":\"https:\\\/\\\/memurunsesi.net\\\/#organization\",\"name\":\"Memurun Sesi\",\"url\":\"https:\\\/\\\/memurunsesi.net\\\/\",\"logo\":{\"@type\":\"ImageObject\",\"inLanguage\":\"tr\",\"@id\":\"https:\\\/\\\/memurunsesi.net\\\/#\\\/schema\\\/logo\\\/image\\\/\",\"url\":\"https:\\\/\\\/memurunsesi.net\\\/wp-content\\\/uploads\\\/2025\\\/11\\\/cropped-MEMURUN-SESI.png\",\"contentUrl\":\"https:\\\/\\\/memurunsesi.net\\\/wp-content\\\/uploads\\\/2025\\\/11\\\/cropped-MEMURUN-SESI.png\",\"width\":238,\"height\":57,\"caption\":\"Memurun Sesi\"},\"image\":{\"@id\":\"https:\\\/\\\/memurunsesi.net\\\/#\\\/schema\\\/logo\\\/image\\\/\"},\"sameAs\":[\"https:\\\/\\\/www.facebook.com\\\/unipersen\\\/?locale=tr_TR\",\"https:\\\/\\\/x.com\\\/unipersen\"]},{\"@type\":\"Person\",\"@id\":\"https:\\\/\\\/memurunsesi.net\\\/#\\\/schema\\\/person\\\/f21c2d73b89f6ee1d80b0a1803e38587\",\"name\":\"Memurun Sesi Haber Merkezi\",\"image\":{\"@type\":\"ImageObject\",\"inLanguage\":\"tr\",\"@id\":\"https:\\\/\\\/secure.gravatar.com\\\/avatar\\\/6cf0505f452ee753f485014986fab09a434671d2b919ee76fc541025c5876a70?s=96&d=mm&r=g\",\"url\":\"https:\\\/\\\/secure.gravatar.com\\\/avatar\\\/6cf0505f452ee753f485014986fab09a434671d2b919ee76fc541025c5876a70?s=96&d=mm&r=g\",\"contentUrl\":\"https:\\\/\\\/secure.gravatar.com\\\/avatar\\\/6cf0505f452ee753f485014986fab09a434671d2b919ee76fc541025c5876a70?s=96&d=mm&r=g\",\"caption\":\"Memurun Sesi Haber Merkezi\"},\"sameAs\":[\"https:\\\/\\\/memurunsesi.net\"],\"url\":\"https:\\\/\\\/memurunsesi.net\\\/index.php\\\/author\\\/uniper\\\/\"}]}<\/script>\n<!-- \/ Yoast SEO plugin. -->","yoast_head_json":{"title":"Sekt\u00f6r \u00f6\u011frenci bulu\u015fmalar\u0131n\u0131n ilki ger\u00e7ekle\u015ftirildi - Memurun Sesi","robots":{"index":"index","follow":"follow","max-snippet":"max-snippet:-1","max-image-preview":"max-image-preview:large","max-video-preview":"max-video-preview:-1"},"canonical":"https:\/\/memurunsesi.net\/index.php\/2025\/03\/11\/sektor-ogrenci-bulusmalarinin-ilki-gerceklestirildi\/","og_locale":"tr_TR","og_type":"article","og_title":"Sekt\u00f6r \u00f6\u011frenci bulu\u015fmalar\u0131n\u0131n ilki ger\u00e7ekle\u015ftirildi - Memurun Sesi","og_description":"D\u00fczce \u00dcniversitesi Ziraat Fak\u00fcltesi taraf\u0131ndan Kariyer Geli\u015ftirme ve Mezun \u0130zleme Uygulama Ara\u015ft\u0131rma Merkezi i\u015f birli\u011fiyle d\u00fczenlenen &#8220;Sekt\u00f6r &#8211; \u00d6\u011frenci Bulu\u015fmalar\u0131&#8221; ger\u00e7ekle\u015ftirildi. Sa\u011fl\u0131k Bilimleri Konferans Salonu\u2019nda D\u00fczce \u00dcniversitesi Ziraat Fak\u00fcltesi Bitki Koruma B\u00f6l\u00fcm\u00fc Ba\u015fkan\u0131 Prof. Dr. \u0130smet Y\u0131ld\u0131r\u0131m\u2019\u0131n y\u00f6netimindeki programa; D\u00fczce \u00dcniversitesi Ziraat Fak\u00fcltesi Dekan\u0131 Prof. Dr. Aybike Ayfer Karada\u011f ile Bitki Koruma B\u00f6l\u00fcm\u00fc \u00f6\u011frencileri ba\u015fta [&hellip;]","og_url":"https:\/\/memurunsesi.net\/index.php\/2025\/03\/11\/sektor-ogrenci-bulusmalarinin-ilki-gerceklestirildi\/","og_site_name":"Memurun Sesi","article_publisher":"https:\/\/www.facebook.com\/unipersen\/?locale=tr_TR","article_published_time":"2025-03-11T06:05:13+00:00","og_image":[{"width":1600,"height":1200,"url":"https:\/\/memurunsesi.net\/wp-content\/uploads\/2025\/03\/AW409573_01.jpg","type":"image\/jpeg"}],"author":"Memurun Sesi Haber Merkezi","twitter_card":"summary_large_image","twitter_creator":"@unipersen","twitter_site":"@unipersen","twitter_misc":{"Yazan:":"Memurun Sesi Haber Merkezi","Tahmini okuma s\u00fcresi":"2 dakika"},"schema":{"@context":"https:\/\/schema.org","@graph":[{"@type":"Article","@id":"https:\/\/memurunsesi.net\/index.php\/2025\/03\/11\/sektor-ogrenci-bulusmalarinin-ilki-gerceklestirildi\/#article","isPartOf":{"@id":"https:\/\/memurunsesi.net\/index.php\/2025\/03\/11\/sektor-ogrenci-bulusmalarinin-ilki-gerceklestirildi\/"},"author":{"name":"Memurun Sesi Haber Merkezi","@id":"https:\/\/memurunsesi.net\/#\/schema\/person\/f21c2d73b89f6ee1d80b0a1803e38587"},"headline":"Sekt\u00f6r \u00f6\u011frenci bulu\u015fmalar\u0131n\u0131n ilki ger\u00e7ekle\u015ftirildi","datePublished":"2025-03-11T06:05:13+00:00","mainEntityOfPage":{"@id":"https:\/\/memurunsesi.net\/index.php\/2025\/03\/11\/sektor-ogrenci-bulusmalarinin-ilki-gerceklestirildi\/"},"wordCount":420,"commentCount":0,"publisher":{"@id":"https:\/\/memurunsesi.net\/#organization"},"image":{"@id":"https:\/\/memurunsesi.net\/index.php\/2025\/03\/11\/sektor-ogrenci-bulusmalarinin-ilki-gerceklestirildi\/#primaryimage"},"thumbnailUrl":"https:\/\/memurunsesi.net\/wp-content\/uploads\/2025\/03\/AW409573_01.jpg","articleSection":["\u00dcniversiteden Haberler"],"inLanguage":"tr","potentialAction":[{"@type":"CommentAction","name":"Comment","target":["https:\/\/memurunsesi.net\/index.php\/2025\/03\/11\/sektor-ogrenci-bulusmalarinin-ilki-gerceklestirildi\/#respond"]}]},{"@type":"WebPage","@id":"https:\/\/memurunsesi.net\/index.php\/2025\/03\/11\/sektor-ogrenci-bulusmalarinin-ilki-gerceklestirildi\/","url":"https:\/\/memurunsesi.net\/index.php\/2025\/03\/11\/sektor-ogrenci-bulusmalarinin-ilki-gerceklestirildi\/","name":"Sekt\u00f6r \u00f6\u011frenci bulu\u015fmalar\u0131n\u0131n ilki ger\u00e7ekle\u015ftirildi - Memurun Sesi","isPartOf":{"@id":"https:\/\/memurunsesi.net\/#website"},"primaryImageOfPage":{"@id":"https:\/\/memurunsesi.net\/index.php\/2025\/03\/11\/sektor-ogrenci-bulusmalarinin-ilki-gerceklestirildi\/#primaryimage"},"image":{"@id":"https:\/\/memurunsesi.net\/index.php\/2025\/03\/11\/sektor-ogrenci-bulusmalarinin-ilki-gerceklestirildi\/#primaryimage"},"thumbnailUrl":"https:\/\/memurunsesi.net\/wp-content\/uploads\/2025\/03\/AW409573_01.jpg","datePublished":"2025-03-11T06:05:13+00:00","breadcrumb":{"@id":"https:\/\/memurunsesi.net\/index.php\/2025\/03\/11\/sektor-ogrenci-bulusmalarinin-ilki-gerceklestirildi\/#breadcrumb"},"inLanguage":"tr","potentialAction":[{"@type":"ReadAction","target":["https:\/\/memurunsesi.net\/index.php\/2025\/03\/11\/sektor-ogrenci-bulusmalarinin-ilki-gerceklestirildi\/"]}]},{"@type":"ImageObject","inLanguage":"tr","@id":"https:\/\/memurunsesi.net\/index.php\/2025\/03\/11\/sektor-ogrenci-bulusmalarinin-ilki-gerceklestirildi\/#primaryimage","url":"https:\/\/memurunsesi.net\/wp-content\/uploads\/2025\/03\/AW409573_01.jpg","contentUrl":"https:\/\/memurunsesi.net\/wp-content\/uploads\/2025\/03\/AW409573_01.jpg","width":1600,"height":1200},{"@type":"BreadcrumbList","@id":"https:\/\/memurunsesi.net\/index.php\/2025\/03\/11\/sektor-ogrenci-bulusmalarinin-ilki-gerceklestirildi\/#breadcrumb","itemListElement":[{"@type":"ListItem","position":1,"name":"Anasayfa","item":"https:\/\/memurunsesi.net\/"},{"@type":"ListItem","position":2,"name":"Sekt\u00f6r \u00f6\u011frenci bulu\u015fmalar\u0131n\u0131n ilki ger\u00e7ekle\u015ftirildi"}]},{"@type":"WebSite","@id":"https:\/\/memurunsesi.net\/#website","url":"https:\/\/memurunsesi.net\/","name":"Memurun Sesi","description":"G\u00fcncel ve Do\u011fru Haber","publisher":{"@id":"https:\/\/memurunsesi.net\/#organization"},"potentialAction":[{"@type":"SearchAction","target":{"@type":"EntryPoint","urlTemplate":"https:\/\/memurunsesi.net\/?s={search_term_string}"},"query-input":{"@type":"PropertyValueSpecification","valueRequired":true,"valueName":"search_term_string"}}],"inLanguage":"tr"},{"@type":"Organization","@id":"https:\/\/memurunsesi.net\/#organization","name":"Memurun Sesi","url":"https:\/\/memurunsesi.net\/","logo":{"@type":"ImageObject","inLanguage":"tr","@id":"https:\/\/memurunsesi.net\/#\/schema\/logo\/image\/","url":"https:\/\/memurunsesi.net\/wp-content\/uploads\/2025\/11\/cropped-MEMURUN-SESI.png","contentUrl":"https:\/\/memurunsesi.net\/wp-content\/uploads\/2025\/11\/cropped-MEMURUN-SESI.png","width":238,"height":57,"caption":"Memurun Sesi"},"image":{"@id":"https:\/\/memurunsesi.net\/#\/schema\/logo\/image\/"},"sameAs":["https:\/\/www.facebook.com\/unipersen\/?locale=tr_TR","https:\/\/x.com\/unipersen"]},{"@type":"Person","@id":"https:\/\/memurunsesi.net\/#\/schema\/person\/f21c2d73b89f6ee1d80b0a1803e38587","name":"Memurun Sesi Haber Merkezi","image":{"@type":"ImageObject","inLanguage":"tr","@id":"https:\/\/secure.gravatar.com\/avatar\/6cf0505f452ee753f485014986fab09a434671d2b919ee76fc541025c5876a70?s=96&d=mm&r=g","url":"https:\/\/secure.gravatar.com\/avatar\/6cf0505f452ee753f485014986fab09a434671d2b919ee76fc541025c5876a70?s=96&d=mm&r=g","contentUrl":"https:\/\/secure.gravatar.com\/avatar\/6cf0505f452ee753f485014986fab09a434671d2b919ee76fc541025c5876a70?s=96&d=mm&r=g","caption":"Memurun Sesi Haber Merkezi"},"sameAs":["https:\/\/memurunsesi.net"],"url":"https:\/\/memurunsesi.net\/index.php\/author\/uniper\/"}]}},"_links":{"self":[{"href":"https:\/\/memurunsesi.net\/index.php\/wp-json\/wp\/v2\/posts\/4057","targetHints":{"allow":["GET"]}}],"collection":[{"href":"https:\/\/memurunsesi.net\/index.php\/wp-json\/wp\/v2\/posts"}],"about":[{"href":"https:\/\/memurunsesi.net\/index.php\/wp-json\/wp\/v2\/types\/post"}],"author":[{"embeddable":true,"href":"https:\/\/memurunsesi.net\/index.php\/wp-json\/wp\/v2\/users\/1"}],"replies":[{"embeddable":true,"href":"https:\/\/memurunsesi.net\/index.php\/wp-json\/wp\/v2\/comments?post=4057"}],"version-history":[{"count":1,"href":"https:\/\/memurunsesi.net\/index.php\/wp-json\/wp\/v2\/posts\/4057\/revisions"}],"predecessor-version":[{"id":4059,"href":"https:\/\/memurunsesi.net\/index.php\/wp-json\/wp\/v2\/posts\/4057\/revisions\/4059"}],"wp:featuredmedia":[{"embeddable":true,"href":"https:\/\/memurunsesi.net\/index.php\/wp-json\/wp\/v2\/media\/4058"}],"wp:attachment":[{"href":"https:\/\/memurunsesi.net\/index.php\/wp-json\/wp\/v2\/media?parent=4057"}],"wp:term":[{"taxonomy":"category","embeddable":true,"href":"https:\/\/memurunsesi.net\/index.php\/wp-json\/wp\/v2\/categories?post=4057"},{"taxonomy":"post_tag","embeddable":true,"href":"https:\/\/memurunsesi.net\/index.php\/wp-json\/wp\/v2\/tags?post=4057"}],"curies":[{"name":"wp","href":"https:\/\/api.w.org\/{rel}","templated":true}]}}