{"id":4060,"date":"2025-03-11T09:07:27","date_gmt":"2025-03-11T06:07:27","guid":{"rendered":"https:\/\/memurunsesi.net\/?p=4060"},"modified":"2025-03-11T09:07:27","modified_gmt":"2025-03-11T06:07:27","slug":"erzincanda-orada-dur-adli-panel-duzenlendi","status":"publish","type":"post","link":"https:\/\/memurunsesi.net\/index.php\/2025\/03\/11\/erzincanda-orada-dur-adli-panel-duzenlendi\/","title":{"rendered":"Erzincan\u2019da &#8220;Orada Dur!&#8221; adl\u0131 panel d\u00fczenlendi"},"content":{"rendered":"<p>Erzincan Binali Y\u0131ld\u0131r\u0131m \u00dcniversitesi Kad\u0131n ve Aile \u00c7al\u0131\u015fmalar\u0131 Uygulama ve Ara\u015ft\u0131rma Merkezi ile Eczac\u0131l\u0131k Fak\u00fcltesi i\u015fbirli\u011fiyle &#8220;Orada Dur!&#8221; adl\u0131 panel d\u00fczenlendi.<br \/>\nPanel, EBY\u00dc Deprem Teknoloji Enstit\u00fcs\u00fc Konferans Salonunda ger\u00e7ekle\u015fti. Panelde, \u015fiddetin tan\u0131m\u0131, \u015fiddetin t\u00fcrleri, KADES uygulamas\u0131 ve s\u00fcreci, kad\u0131na \u015fiddetin hukuki boyutu ve \u015eiddet \u00d6nleme ve \u0130zleme Merkezi (\u015e\u00d6N\u0130M) ile ilgili \u00f6\u011frencilere bilgiler verildi.<br \/>\nPanel soru-cevap b\u00f6l\u00fcm\u00fcnden sonra panelistlere belge takdim edilmesiyle sona erdi.<\/p>\n<p>11.03.2025<\/p>\n","protected":false},"excerpt":{"rendered":"<p>Erzincan Binali Y\u0131ld\u0131r\u0131m \u00dcniversitesi Kad\u0131n ve Aile \u00c7al\u0131\u015fmalar\u0131 Uygulama ve Ara\u015ft\u0131rma Merkezi ile Eczac\u0131l\u0131k Fak\u00fcltesi i\u015fbirli\u011fiyle &#8220;Orada Dur!&#8221; adl\u0131 panel d\u00fczenlendi. Panel, EBY\u00dc Deprem Teknoloji Enstit\u00fcs\u00fc Konferans Salonunda ger\u00e7ekle\u015fti. Panelde, \u015fiddetin tan\u0131m\u0131, \u015fiddetin t\u00fcrleri, KADES uygulamas\u0131 ve s\u00fcreci, kad\u0131na \u015fiddetin hukuki boyutu ve \u015eiddet \u00d6nleme ve \u0130zleme Merkezi (\u015e\u00d6N\u0130M) ile ilgili \u00f6\u011frencilere bilgiler verildi. Panel [&hellip;]<\/p>\n","protected":false},"author":1,"featured_media":4061,"comment_status":"open","ping_status":"open","sticky":false,"template":"","format":"standard","meta":{"footnotes":""},"categories":[47],"tags":[],"class_list":["post-4060","post","type-post","status-publish","format-standard","has-post-thumbnail","hentry","category-universiteden-haberler"],"yoast_head":"<!-- This site is optimized with the Yoast SEO plugin v27.4 - https:\/\/yoast.com\/product\/yoast-seo-wordpress\/ -->\n<title>Erzincan\u2019da &quot;Orada Dur!&quot; adl\u0131 panel d\u00fczenlendi - Memurun Sesi<\/title>\n<meta name=\"robots\" content=\"index, follow, max-snippet:-1, max-image-preview:large, max-video-preview:-1\" \/>\n<link rel=\"canonical\" href=\"https:\/\/memurunsesi.net\/index.php\/2025\/03\/11\/erzincanda-orada-dur-adli-panel-duzenlendi\/\" \/>\n<meta property=\"og:locale\" content=\"tr_TR\" \/>\n<meta property=\"og:type\" content=\"article\" \/>\n<meta property=\"og:title\" content=\"Erzincan\u2019da &quot;Orada Dur!&quot; adl\u0131 panel d\u00fczenlendi - Memurun Sesi\" \/>\n<meta property=\"og:description\" content=\"Erzincan Binali Y\u0131ld\u0131r\u0131m \u00dcniversitesi Kad\u0131n ve Aile \u00c7al\u0131\u015fmalar\u0131 Uygulama ve Ara\u015ft\u0131rma Merkezi ile Eczac\u0131l\u0131k Fak\u00fcltesi i\u015fbirli\u011fiyle &#8220;Orada Dur!&#8221; adl\u0131 panel d\u00fczenlendi. Panel, EBY\u00dc Deprem Teknoloji Enstit\u00fcs\u00fc Konferans Salonunda ger\u00e7ekle\u015fti. Panelde, \u015fiddetin tan\u0131m\u0131, \u015fiddetin t\u00fcrleri, KADES uygulamas\u0131 ve s\u00fcreci, kad\u0131na \u015fiddetin hukuki boyutu ve \u015eiddet \u00d6nleme ve \u0130zleme Merkezi (\u015e\u00d6N\u0130M) ile ilgili \u00f6\u011frencilere bilgiler verildi. Panel [&hellip;]\" \/>\n<meta property=\"og:url\" content=\"https:\/\/memurunsesi.net\/index.php\/2025\/03\/11\/erzincanda-orada-dur-adli-panel-duzenlendi\/\" \/>\n<meta property=\"og:site_name\" content=\"Memurun Sesi\" \/>\n<meta property=\"article:publisher\" content=\"https:\/\/www.facebook.com\/unipersen\/?locale=tr_TR\" \/>\n<meta property=\"article:published_time\" content=\"2025-03-11T06:07:27+00:00\" \/>\n<meta property=\"og:image\" content=\"https:\/\/memurunsesi.net\/wp-content\/uploads\/2025\/03\/AW409564_01.jpg\" \/>\n\t<meta property=\"og:image:width\" content=\"1439\" \/>\n\t<meta property=\"og:image:height\" content=\"959\" \/>\n\t<meta property=\"og:image:type\" content=\"image\/jpeg\" \/>\n<meta name=\"author\" content=\"Memurun Sesi Haber Merkezi\" \/>\n<meta name=\"twitter:card\" content=\"summary_large_image\" \/>\n<meta name=\"twitter:creator\" content=\"@unipersen\" \/>\n<meta name=\"twitter:site\" content=\"@unipersen\" \/>\n<meta name=\"twitter:label1\" content=\"Yazan:\" \/>\n\t<meta name=\"twitter:data1\" content=\"Memurun Sesi Haber Merkezi\" \/>\n<script type=\"application\/ld+json\" class=\"yoast-schema-graph\">{\"@context\":\"https:\\\/\\\/schema.org\",\"@graph\":[{\"@type\":\"Article\",\"@id\":\"https:\\\/\\\/memurunsesi.net\\\/index.php\\\/2025\\\/03\\\/11\\\/erzincanda-orada-dur-adli-panel-duzenlendi\\\/#article\",\"isPartOf\":{\"@id\":\"https:\\\/\\\/memurunsesi.net\\\/index.php\\\/2025\\\/03\\\/11\\\/erzincanda-orada-dur-adli-panel-duzenlendi\\\/\"},\"author\":{\"name\":\"Memurun Sesi Haber Merkezi\",\"@id\":\"https:\\\/\\\/memurunsesi.net\\\/#\\\/schema\\\/person\\\/f21c2d73b89f6ee1d80b0a1803e38587\"},\"headline\":\"Erzincan\u2019da &#8220;Orada Dur!&#8221; adl\u0131 panel d\u00fczenlendi\",\"datePublished\":\"2025-03-11T06:07:27+00:00\",\"mainEntityOfPage\":{\"@id\":\"https:\\\/\\\/memurunsesi.net\\\/index.php\\\/2025\\\/03\\\/11\\\/erzincanda-orada-dur-adli-panel-duzenlendi\\\/\"},\"wordCount\":96,\"commentCount\":0,\"publisher\":{\"@id\":\"https:\\\/\\\/memurunsesi.net\\\/#organization\"},\"image\":{\"@id\":\"https:\\\/\\\/memurunsesi.net\\\/index.php\\\/2025\\\/03\\\/11\\\/erzincanda-orada-dur-adli-panel-duzenlendi\\\/#primaryimage\"},\"thumbnailUrl\":\"https:\\\/\\\/memurunsesi.net\\\/wp-content\\\/uploads\\\/2025\\\/03\\\/AW409564_01.jpg\",\"articleSection\":[\"\u00dcniversiteden Haberler\"],\"inLanguage\":\"tr\",\"potentialAction\":[{\"@type\":\"CommentAction\",\"name\":\"Comment\",\"target\":[\"https:\\\/\\\/memurunsesi.net\\\/index.php\\\/2025\\\/03\\\/11\\\/erzincanda-orada-dur-adli-panel-duzenlendi\\\/#respond\"]}]},{\"@type\":\"WebPage\",\"@id\":\"https:\\\/\\\/memurunsesi.net\\\/index.php\\\/2025\\\/03\\\/11\\\/erzincanda-orada-dur-adli-panel-duzenlendi\\\/\",\"url\":\"https:\\\/\\\/memurunsesi.net\\\/index.php\\\/2025\\\/03\\\/11\\\/erzincanda-orada-dur-adli-panel-duzenlendi\\\/\",\"name\":\"Erzincan\u2019da \\\"Orada Dur!\\\" adl\u0131 panel d\u00fczenlendi - Memurun Sesi\",\"isPartOf\":{\"@id\":\"https:\\\/\\\/memurunsesi.net\\\/#website\"},\"primaryImageOfPage\":{\"@id\":\"https:\\\/\\\/memurunsesi.net\\\/index.php\\\/2025\\\/03\\\/11\\\/erzincanda-orada-dur-adli-panel-duzenlendi\\\/#primaryimage\"},\"image\":{\"@id\":\"https:\\\/\\\/memurunsesi.net\\\/index.php\\\/2025\\\/03\\\/11\\\/erzincanda-orada-dur-adli-panel-duzenlendi\\\/#primaryimage\"},\"thumbnailUrl\":\"https:\\\/\\\/memurunsesi.net\\\/wp-content\\\/uploads\\\/2025\\\/03\\\/AW409564_01.jpg\",\"datePublished\":\"2025-03-11T06:07:27+00:00\",\"breadcrumb\":{\"@id\":\"https:\\\/\\\/memurunsesi.net\\\/index.php\\\/2025\\\/03\\\/11\\\/erzincanda-orada-dur-adli-panel-duzenlendi\\\/#breadcrumb\"},\"inLanguage\":\"tr\",\"potentialAction\":[{\"@type\":\"ReadAction\",\"target\":[\"https:\\\/\\\/memurunsesi.net\\\/index.php\\\/2025\\\/03\\\/11\\\/erzincanda-orada-dur-adli-panel-duzenlendi\\\/\"]}]},{\"@type\":\"ImageObject\",\"inLanguage\":\"tr\",\"@id\":\"https:\\\/\\\/memurunsesi.net\\\/index.php\\\/2025\\\/03\\\/11\\\/erzincanda-orada-dur-adli-panel-duzenlendi\\\/#primaryimage\",\"url\":\"https:\\\/\\\/memurunsesi.net\\\/wp-content\\\/uploads\\\/2025\\\/03\\\/AW409564_01.jpg\",\"contentUrl\":\"https:\\\/\\\/memurunsesi.net\\\/wp-content\\\/uploads\\\/2025\\\/03\\\/AW409564_01.jpg\",\"width\":1439,\"height\":959,\"caption\":\"ERZ\u0130NCAN'DA \\\"ORADA DUR!\\\" ADLI PANEL D\u00dcZENLEND\u0130 (AHMET AKBU\u011eA\\\/ERZ\u0130NCAN-\u0130HA) Erzincan Binali Y\u0131ld\u0131r\u0131m \u00dcniversitesi Kad\u0131n ve Aile \u00c7al\u0131\u015fmalar\u0131 Uygulama ve Ara\u015ft\u0131rma Merkezi ile Eczac\u0131l\u0131k Fak\u00fcltesi i\u015fbirli\u011fiyle \\\"Orada Dur!\\\" adl\u0131 panel d\u00fczenlendi.\"},{\"@type\":\"BreadcrumbList\",\"@id\":\"https:\\\/\\\/memurunsesi.net\\\/index.php\\\/2025\\\/03\\\/11\\\/erzincanda-orada-dur-adli-panel-duzenlendi\\\/#breadcrumb\",\"itemListElement\":[{\"@type\":\"ListItem\",\"position\":1,\"name\":\"Anasayfa\",\"item\":\"https:\\\/\\\/memurunsesi.net\\\/\"},{\"@type\":\"ListItem\",\"position\":2,\"name\":\"Erzincan\u2019da &#8220;Orada Dur!&#8221; adl\u0131 panel d\u00fczenlendi\"}]},{\"@type\":\"WebSite\",\"@id\":\"https:\\\/\\\/memurunsesi.net\\\/#website\",\"url\":\"https:\\\/\\\/memurunsesi.net\\\/\",\"name\":\"Memurun Sesi\",\"description\":\"G\u00fcncel ve Do\u011fru Haber\",\"publisher\":{\"@id\":\"https:\\\/\\\/memurunsesi.net\\\/#organization\"},\"potentialAction\":[{\"@type\":\"SearchAction\",\"target\":{\"@type\":\"EntryPoint\",\"urlTemplate\":\"https:\\\/\\\/memurunsesi.net\\\/?s={search_term_string}\"},\"query-input\":{\"@type\":\"PropertyValueSpecification\",\"valueRequired\":true,\"valueName\":\"search_term_string\"}}],\"inLanguage\":\"tr\"},{\"@type\":\"Organization\",\"@id\":\"https:\\\/\\\/memurunsesi.net\\\/#organization\",\"name\":\"Memurun Sesi\",\"url\":\"https:\\\/\\\/memurunsesi.net\\\/\",\"logo\":{\"@type\":\"ImageObject\",\"inLanguage\":\"tr\",\"@id\":\"https:\\\/\\\/memurunsesi.net\\\/#\\\/schema\\\/logo\\\/image\\\/\",\"url\":\"https:\\\/\\\/memurunsesi.net\\\/wp-content\\\/uploads\\\/2025\\\/11\\\/cropped-MEMURUN-SESI.png\",\"contentUrl\":\"https:\\\/\\\/memurunsesi.net\\\/wp-content\\\/uploads\\\/2025\\\/11\\\/cropped-MEMURUN-SESI.png\",\"width\":238,\"height\":57,\"caption\":\"Memurun Sesi\"},\"image\":{\"@id\":\"https:\\\/\\\/memurunsesi.net\\\/#\\\/schema\\\/logo\\\/image\\\/\"},\"sameAs\":[\"https:\\\/\\\/www.facebook.com\\\/unipersen\\\/?locale=tr_TR\",\"https:\\\/\\\/x.com\\\/unipersen\"]},{\"@type\":\"Person\",\"@id\":\"https:\\\/\\\/memurunsesi.net\\\/#\\\/schema\\\/person\\\/f21c2d73b89f6ee1d80b0a1803e38587\",\"name\":\"Memurun Sesi Haber Merkezi\",\"image\":{\"@type\":\"ImageObject\",\"inLanguage\":\"tr\",\"@id\":\"https:\\\/\\\/secure.gravatar.com\\\/avatar\\\/6cf0505f452ee753f485014986fab09a434671d2b919ee76fc541025c5876a70?s=96&d=mm&r=g\",\"url\":\"https:\\\/\\\/secure.gravatar.com\\\/avatar\\\/6cf0505f452ee753f485014986fab09a434671d2b919ee76fc541025c5876a70?s=96&d=mm&r=g\",\"contentUrl\":\"https:\\\/\\\/secure.gravatar.com\\\/avatar\\\/6cf0505f452ee753f485014986fab09a434671d2b919ee76fc541025c5876a70?s=96&d=mm&r=g\",\"caption\":\"Memurun Sesi Haber Merkezi\"},\"sameAs\":[\"https:\\\/\\\/memurunsesi.net\"],\"url\":\"https:\\\/\\\/memurunsesi.net\\\/index.php\\\/author\\\/uniper\\\/\"}]}<\/script>\n<!-- \/ Yoast SEO plugin. -->","yoast_head_json":{"title":"Erzincan\u2019da \"Orada Dur!\" adl\u0131 panel d\u00fczenlendi - Memurun Sesi","robots":{"index":"index","follow":"follow","max-snippet":"max-snippet:-1","max-image-preview":"max-image-preview:large","max-video-preview":"max-video-preview:-1"},"canonical":"https:\/\/memurunsesi.net\/index.php\/2025\/03\/11\/erzincanda-orada-dur-adli-panel-duzenlendi\/","og_locale":"tr_TR","og_type":"article","og_title":"Erzincan\u2019da \"Orada Dur!\" adl\u0131 panel d\u00fczenlendi - Memurun Sesi","og_description":"Erzincan Binali Y\u0131ld\u0131r\u0131m \u00dcniversitesi Kad\u0131n ve Aile \u00c7al\u0131\u015fmalar\u0131 Uygulama ve Ara\u015ft\u0131rma Merkezi ile Eczac\u0131l\u0131k Fak\u00fcltesi i\u015fbirli\u011fiyle &#8220;Orada Dur!&#8221; adl\u0131 panel d\u00fczenlendi. Panel, EBY\u00dc Deprem Teknoloji Enstit\u00fcs\u00fc Konferans Salonunda ger\u00e7ekle\u015fti. Panelde, \u015fiddetin tan\u0131m\u0131, \u015fiddetin t\u00fcrleri, KADES uygulamas\u0131 ve s\u00fcreci, kad\u0131na \u015fiddetin hukuki boyutu ve \u015eiddet \u00d6nleme ve \u0130zleme Merkezi (\u015e\u00d6N\u0130M) ile ilgili \u00f6\u011frencilere bilgiler verildi. Panel [&hellip;]","og_url":"https:\/\/memurunsesi.net\/index.php\/2025\/03\/11\/erzincanda-orada-dur-adli-panel-duzenlendi\/","og_site_name":"Memurun Sesi","article_publisher":"https:\/\/www.facebook.com\/unipersen\/?locale=tr_TR","article_published_time":"2025-03-11T06:07:27+00:00","og_image":[{"width":1439,"height":959,"url":"https:\/\/memurunsesi.net\/wp-content\/uploads\/2025\/03\/AW409564_01.jpg","type":"image\/jpeg"}],"author":"Memurun Sesi Haber Merkezi","twitter_card":"summary_large_image","twitter_creator":"@unipersen","twitter_site":"@unipersen","twitter_misc":{"Yazan:":"Memurun Sesi Haber Merkezi"},"schema":{"@context":"https:\/\/schema.org","@graph":[{"@type":"Article","@id":"https:\/\/memurunsesi.net\/index.php\/2025\/03\/11\/erzincanda-orada-dur-adli-panel-duzenlendi\/#article","isPartOf":{"@id":"https:\/\/memurunsesi.net\/index.php\/2025\/03\/11\/erzincanda-orada-dur-adli-panel-duzenlendi\/"},"author":{"name":"Memurun Sesi Haber Merkezi","@id":"https:\/\/memurunsesi.net\/#\/schema\/person\/f21c2d73b89f6ee1d80b0a1803e38587"},"headline":"Erzincan\u2019da &#8220;Orada Dur!&#8221; adl\u0131 panel d\u00fczenlendi","datePublished":"2025-03-11T06:07:27+00:00","mainEntityOfPage":{"@id":"https:\/\/memurunsesi.net\/index.php\/2025\/03\/11\/erzincanda-orada-dur-adli-panel-duzenlendi\/"},"wordCount":96,"commentCount":0,"publisher":{"@id":"https:\/\/memurunsesi.net\/#organization"},"image":{"@id":"https:\/\/memurunsesi.net\/index.php\/2025\/03\/11\/erzincanda-orada-dur-adli-panel-duzenlendi\/#primaryimage"},"thumbnailUrl":"https:\/\/memurunsesi.net\/wp-content\/uploads\/2025\/03\/AW409564_01.jpg","articleSection":["\u00dcniversiteden Haberler"],"inLanguage":"tr","potentialAction":[{"@type":"CommentAction","name":"Comment","target":["https:\/\/memurunsesi.net\/index.php\/2025\/03\/11\/erzincanda-orada-dur-adli-panel-duzenlendi\/#respond"]}]},{"@type":"WebPage","@id":"https:\/\/memurunsesi.net\/index.php\/2025\/03\/11\/erzincanda-orada-dur-adli-panel-duzenlendi\/","url":"https:\/\/memurunsesi.net\/index.php\/2025\/03\/11\/erzincanda-orada-dur-adli-panel-duzenlendi\/","name":"Erzincan\u2019da \"Orada Dur!\" adl\u0131 panel d\u00fczenlendi - Memurun Sesi","isPartOf":{"@id":"https:\/\/memurunsesi.net\/#website"},"primaryImageOfPage":{"@id":"https:\/\/memurunsesi.net\/index.php\/2025\/03\/11\/erzincanda-orada-dur-adli-panel-duzenlendi\/#primaryimage"},"image":{"@id":"https:\/\/memurunsesi.net\/index.php\/2025\/03\/11\/erzincanda-orada-dur-adli-panel-duzenlendi\/#primaryimage"},"thumbnailUrl":"https:\/\/memurunsesi.net\/wp-content\/uploads\/2025\/03\/AW409564_01.jpg","datePublished":"2025-03-11T06:07:27+00:00","breadcrumb":{"@id":"https:\/\/memurunsesi.net\/index.php\/2025\/03\/11\/erzincanda-orada-dur-adli-panel-duzenlendi\/#breadcrumb"},"inLanguage":"tr","potentialAction":[{"@type":"ReadAction","target":["https:\/\/memurunsesi.net\/index.php\/2025\/03\/11\/erzincanda-orada-dur-adli-panel-duzenlendi\/"]}]},{"@type":"ImageObject","inLanguage":"tr","@id":"https:\/\/memurunsesi.net\/index.php\/2025\/03\/11\/erzincanda-orada-dur-adli-panel-duzenlendi\/#primaryimage","url":"https:\/\/memurunsesi.net\/wp-content\/uploads\/2025\/03\/AW409564_01.jpg","contentUrl":"https:\/\/memurunsesi.net\/wp-content\/uploads\/2025\/03\/AW409564_01.jpg","width":1439,"height":959,"caption":"ERZ\u0130NCAN'DA \"ORADA DUR!\" ADLI PANEL D\u00dcZENLEND\u0130 (AHMET AKBU\u011eA\/ERZ\u0130NCAN-\u0130HA) Erzincan Binali Y\u0131ld\u0131r\u0131m \u00dcniversitesi Kad\u0131n ve Aile \u00c7al\u0131\u015fmalar\u0131 Uygulama ve Ara\u015ft\u0131rma Merkezi ile Eczac\u0131l\u0131k Fak\u00fcltesi i\u015fbirli\u011fiyle \"Orada Dur!\" adl\u0131 panel d\u00fczenlendi."},{"@type":"BreadcrumbList","@id":"https:\/\/memurunsesi.net\/index.php\/2025\/03\/11\/erzincanda-orada-dur-adli-panel-duzenlendi\/#breadcrumb","itemListElement":[{"@type":"ListItem","position":1,"name":"Anasayfa","item":"https:\/\/memurunsesi.net\/"},{"@type":"ListItem","position":2,"name":"Erzincan\u2019da &#8220;Orada Dur!&#8221; adl\u0131 panel d\u00fczenlendi"}]},{"@type":"WebSite","@id":"https:\/\/memurunsesi.net\/#website","url":"https:\/\/memurunsesi.net\/","name":"Memurun Sesi","description":"G\u00fcncel ve Do\u011fru Haber","publisher":{"@id":"https:\/\/memurunsesi.net\/#organization"},"potentialAction":[{"@type":"SearchAction","target":{"@type":"EntryPoint","urlTemplate":"https:\/\/memurunsesi.net\/?s={search_term_string}"},"query-input":{"@type":"PropertyValueSpecification","valueRequired":true,"valueName":"search_term_string"}}],"inLanguage":"tr"},{"@type":"Organization","@id":"https:\/\/memurunsesi.net\/#organization","name":"Memurun Sesi","url":"https:\/\/memurunsesi.net\/","logo":{"@type":"ImageObject","inLanguage":"tr","@id":"https:\/\/memurunsesi.net\/#\/schema\/logo\/image\/","url":"https:\/\/memurunsesi.net\/wp-content\/uploads\/2025\/11\/cropped-MEMURUN-SESI.png","contentUrl":"https:\/\/memurunsesi.net\/wp-content\/uploads\/2025\/11\/cropped-MEMURUN-SESI.png","width":238,"height":57,"caption":"Memurun Sesi"},"image":{"@id":"https:\/\/memurunsesi.net\/#\/schema\/logo\/image\/"},"sameAs":["https:\/\/www.facebook.com\/unipersen\/?locale=tr_TR","https:\/\/x.com\/unipersen"]},{"@type":"Person","@id":"https:\/\/memurunsesi.net\/#\/schema\/person\/f21c2d73b89f6ee1d80b0a1803e38587","name":"Memurun Sesi Haber Merkezi","image":{"@type":"ImageObject","inLanguage":"tr","@id":"https:\/\/secure.gravatar.com\/avatar\/6cf0505f452ee753f485014986fab09a434671d2b919ee76fc541025c5876a70?s=96&d=mm&r=g","url":"https:\/\/secure.gravatar.com\/avatar\/6cf0505f452ee753f485014986fab09a434671d2b919ee76fc541025c5876a70?s=96&d=mm&r=g","contentUrl":"https:\/\/secure.gravatar.com\/avatar\/6cf0505f452ee753f485014986fab09a434671d2b919ee76fc541025c5876a70?s=96&d=mm&r=g","caption":"Memurun Sesi Haber Merkezi"},"sameAs":["https:\/\/memurunsesi.net"],"url":"https:\/\/memurunsesi.net\/index.php\/author\/uniper\/"}]}},"_links":{"self":[{"href":"https:\/\/memurunsesi.net\/index.php\/wp-json\/wp\/v2\/posts\/4060","targetHints":{"allow":["GET"]}}],"collection":[{"href":"https:\/\/memurunsesi.net\/index.php\/wp-json\/wp\/v2\/posts"}],"about":[{"href":"https:\/\/memurunsesi.net\/index.php\/wp-json\/wp\/v2\/types\/post"}],"author":[{"embeddable":true,"href":"https:\/\/memurunsesi.net\/index.php\/wp-json\/wp\/v2\/users\/1"}],"replies":[{"embeddable":true,"href":"https:\/\/memurunsesi.net\/index.php\/wp-json\/wp\/v2\/comments?post=4060"}],"version-history":[{"count":1,"href":"https:\/\/memurunsesi.net\/index.php\/wp-json\/wp\/v2\/posts\/4060\/revisions"}],"predecessor-version":[{"id":4062,"href":"https:\/\/memurunsesi.net\/index.php\/wp-json\/wp\/v2\/posts\/4060\/revisions\/4062"}],"wp:featuredmedia":[{"embeddable":true,"href":"https:\/\/memurunsesi.net\/index.php\/wp-json\/wp\/v2\/media\/4061"}],"wp:attachment":[{"href":"https:\/\/memurunsesi.net\/index.php\/wp-json\/wp\/v2\/media?parent=4060"}],"wp:term":[{"taxonomy":"category","embeddable":true,"href":"https:\/\/memurunsesi.net\/index.php\/wp-json\/wp\/v2\/categories?post=4060"},{"taxonomy":"post_tag","embeddable":true,"href":"https:\/\/memurunsesi.net\/index.php\/wp-json\/wp\/v2\/tags?post=4060"}],"curies":[{"name":"wp","href":"https:\/\/api.w.org\/{rel}","templated":true}]}}