{"id":4064,"date":"2025-03-11T09:50:32","date_gmt":"2025-03-11T06:50:32","guid":{"rendered":"https:\/\/memurunsesi.net\/?p=4064"},"modified":"2025-03-11T09:51:36","modified_gmt":"2025-03-11T06:51:36","slug":"sivas-cumhuriyet-universitesi-rektorlugunden","status":"publish","type":"post","link":"https:\/\/memurunsesi.net\/index.php\/2025\/03\/11\/sivas-cumhuriyet-universitesi-rektorlugunden\/","title":{"rendered":"Sivas\u00a0Cumhuriyet\u00a0\u00dcniversitesi\u00a0Rekt\u00f6rl\u00fc\u011f\u00fcnden"},"content":{"rendered":"<div>\nESK\u0130 H\u00dcK\u00dcML\u00dc \/ TER\u00d6RLE M\u00dcCADELEDE MALUL SAYILMAYACAK \u015eEK\u0130LDE YARALANAN \u0130\u015e\u00c7\u0130 ALIM \u0130LANI<\/div>\n<div>\n<p>\u00dcniversitemize \u00a0657 \u00a0say\u0131l\u0131 \u00a0Devlet \u00a0Memurlar\u0131 \u00a0Kanunun \u00a04\/D \u00a0maddesi, \u00a04857 \u00a0say\u0131l\u0131 \u00a0\u0130\u015f Kanunu, Kamu Kurum ve Kurulu\u015flar\u0131na \u0130\u015f\u00e7i Al\u0131nmas\u0131nda Uygulanacak Usul ve Esaslar Hakk\u0131nda Y\u00f6netmelik kapsam\u0131nda T\u00fcrkiye \u0130\u015f Kurumu (\u0130\u015eKUR) \u00fczerinden 4 adet (Eski H\u00fck\u00fcml\u00fc \/ Ter\u00f6rle M\u00fccadelede Malul Say\u0131lmayacak \u015fekilde yaralanan) \u201c<strong>S\u00fcrekli \u0130\u015f\u00e7i<\/strong>\u201d al\u0131nacakt\u0131r.<\/p>\n<p>S\u00fcrekli \u00a0i\u015f\u00e7i \u00a0kadrolar\u0131na \u00a0ili\u015fkin \u00a0ilan \u00a0\u0130\u015eKUR \u00a0internet \u00a0sitesi \u00a0\u00fczerinden \u00a0yay\u0131mlanacakt\u0131r. Ba\u015fvuru \u015fartlar\u0131n\u0131 ta\u015f\u0131yan adaylar,\u00a0<strong>10\/03\/2025 \u2013 14\/03\/2025 tarihleri aras\u0131nda<\/strong>\u00a0ilan\u0131n yay\u0131nland\u0131\u011f\u0131 tarihten itibaren 5 g\u00fcn i\u00e7inde\u00a0<strong><a href=\"http:\/\/esube.iskur.gov.tr\/\" target=\"_blank\" rel=\"noopener\">esube.iskur.gov.tr<\/a><\/strong>\u00a0internet adresinden &#8220;<strong>\u0130\u015f Arayan<\/strong>&#8221;\u00a0linki \u00fczerinden TC kimlik numaras\u0131 ve \u015fifre ile giri\u015f yaparak ba\u015fvuru yapabilir. Ayr\u0131ca hizmet noktalar\u0131ndan ve Alo 170 hatt\u0131 \u00fczerinden de ba\u015fvurular yap\u0131labilir. Son m\u00fcracaat tarihi tatil g\u00fcn\u00fcne rastlad\u0131\u011f\u0131nda ba\u015fvurular takip eden ilk i\u015f g\u00fcn\u00fc sonuna kadar uzat\u0131l\u0131r.<\/p>\n<p>\u0130\u015eKUR taraf\u0131ndan g\u00f6nderilen nihai listeler, noter kuras\u0131 sonucu hak kazanan as\u0131l ve yedek adaylar\u0131n listesi, m\u00fclakata kat\u0131lacak ve i\u015fe ba\u015flayacak adaylar i\u00e7in istenilen belgeler ve konuya ili\u015fkin \u00a0 \u00a0t\u00fcm \u00a0 \u00a0duyurular \u00a0\u00a0<strong><a href=\"https:\/\/www.cumhuriyet.edu.tr\/\" target=\"_blank\" rel=\"noopener\">https:\/\/www.cumhuriyet.edu.tr\/<\/a><\/strong>\u00a0\u00a0 \u00a0ve \u00a0 \u00a0<strong><a href=\"https:\/\/www.cumhuriyet.edu.tr\/\" target=\"_blank\" rel=\"noopener\">https:\/\/www.cumhuriyet.edu.tr\/<\/a><\/strong>\u00a0personel\/anasayfa \u00a0adreslerinden \u00a0ayr\u0131ca duyurulacakt\u0131r.<\/p>\n<p><strong>Bu \u00a0duyuru, \u00a0tebli\u011f \u00a0mahiyetinde \u00a0kabul edilecek, adaylar\u0131n adresine posta yolu ile ayr\u0131ca tebligat yap\u0131lmayacakt\u0131r.<\/strong><\/p>\n<\/div>\n<table dir=\"ltr\" border=\"6\" cellspacing=\"0\" cellpadding=\"0\" data-sheets-baot=\"1\" data-sheets-root=\"1\">\n<tbody>\n<tr>\n<td><strong>S.N<\/strong><\/td>\n<td colspan=\"2\" rowspan=\"1\"><strong>\u00c7ALI\u015eTIRILACA\u011eI H\u0130ZMET T\u00dcR\u00dc<\/strong><\/td>\n<td><strong>KADRO<br \/>\nSAYISI<\/strong><\/td>\n<td><strong>Y\u00d6NTEM<\/strong><\/td>\n<td><strong>ARANILAN N\u0130TEL\u0130KLER<\/strong><\/td>\n<\/tr>\n<tr>\n<td>01<\/td>\n<td colspan=\"2\" rowspan=\"1\">(Eski H\u00fck\u00fcml\u00fc \/ Ter\u00f6rle M\u00fccadelede Malul Say\u0131lmayacak \u015fekilde yaralanan) (Temizlik ve \u00c7evre \u0130\u015fleri)<\/td>\n<td>4<\/td>\n<td>NOTER KURASI + S\u00d6ZL\u00dc<\/td>\n<td>-Orta\u00f6\u011fretim (lise ve dengi) mezunu olmak.<br \/>\n-Belgelendirmek \u015fart\u0131yla Sivas il merkezi ve il\u00e7elerinde ikamet ediyor olmak.<\/td>\n<\/tr>\n<\/tbody>\n<\/table>\n<div><strong>\u00a0GENEL \u015eARTLAR<\/strong><br \/>\n\u27a2 657 say\u0131l\u0131 Devlet Memurlar\u0131 Kanununun 48\u2019inci maddesinde belirtilen \u015fartlar\u0131 ta\u015f\u0131mak,<br \/>\n\u27a2 Ar\u015fiv ara\u015ft\u0131rmas\u0131 olumlu sonu\u00e7lanmak,<br \/>\n\u27a2 Erkek adaylar\u0131n askerlik ile ili\u015fi\u011fi olmamak (fiilen yapm\u0131\u015f, muaf veya tecilli olmak),<br \/>\n\u27a2 Herhangi \u00a0bir \u00a0Sosyal \u00a0G\u00fcvenlik \u00a0Kurumundan \u00a0emeklilik \u00a0veya \u00a0ya\u015fl\u0131l\u0131k \u00a0ayl\u0131\u011f\u0131 \u00a0alm\u0131yor\u00a0olmak.<br \/>\n\u27a2 Adaylar 24 saat vardiyal\u0131 \u00e7al\u0131\u015fma d\u00fczenini kabul etmi\u015f say\u0131l\u0131r ve vardiyal\u0131 \u00e7al\u0131\u015fmaya engel bir durumu olmamas\u0131 gerekir.<br \/>\n\u27a2 Son ba\u015fvuru tarihi itibariyle 18 ya\u015f\u0131n\u0131 tamamlam\u0131\u015f ve 45 ya\u015f\u0131ndan g\u00fcn almam\u0131\u015f olmak.<br \/>\n\u27a2 Son ba\u015fvuru tarihi itibariyle ve belgelendirmek \u015fart\u0131yla Sivas il merkezi ve il\u00e7elerinde ikamet ediyor olmak.<br \/>\n\u27a2 Ba\u015fvuru \u00a0 s\u00fcresi \u00a0 i\u00e7erisinde \u00a0 ikametini \u00a0 talebin \u00a0 kar\u015f\u0131lanaca\u011f\u0131 \u00a0 yere \u00a0 ta\u015f\u0131yan \u00a0 adaylar\u0131n ba\u015fvurular\u0131 kabul edilmeyecektir.<br \/>\n\u27a2 Eski h\u00fck\u00fcml\u00fc i\u00e7in; affa u\u011fram\u0131\u015f olsa bile Devletin g\u00fcvenli\u011fine kar\u015f\u0131 su\u00e7lar, anayasal d\u00fczene ve bu d\u00fczenin i\u015fleyi\u015fine kar\u015f\u0131 su\u00e7lar, milli savunmaya kar\u015f\u0131 su\u00e7lar, Devlet s\u0131rlar\u0131na kar\u015f\u0131 su\u00e7lar \u00a0ve \u00a0casusluk, \u00a0cinsel \u00a0sald\u0131r\u0131 veya \u00e7ocu\u011fun \u00a0cinsel \u00a0istismar\u0131 \u00a0su\u00e7lar\u0131ndan \u00a0mahk\u00fbm \u00a0olmamak \u015fart\u0131yla; kasten i\u015flenen bir su\u00e7tan dolay\u0131 bir y\u0131l veya daha fazla s\u00fcreyle hapis cezas\u0131 alan ya da ceza \u00a0s\u00fcresine \u00a0bak\u0131lmaks\u0131z\u0131n \u00a0zimmet, \u00a0irtik\u00e2p, \u00a0r\u00fc\u015fvet, \u00a0h\u0131rs\u0131zl\u0131k, doland\u0131r\u0131c\u0131l\u0131k, \u00a0sahtecilik, \u00a0g\u00fcveni k\u00f6t\u00fcye kullanma, \u00a0hileli \u00a0iflas, \u00a0ihaleye \u00a0fesat \u00a0kar\u0131\u015ft\u0131rma, \u00a0edimin \u00a0ifas\u0131na \u00a0fesat \u00a0kar\u0131\u015ft\u0131rma, \u00a0su\u00e7tan kaynaklanan \u00a0malvarl\u0131\u011f\u0131 \u00a0de\u011ferlerini \u00a0aklama \u00a0veya \u00a0ka\u00e7ak\u00e7\u0131l\u0131k \u00a0su\u00e7lar\u0131ndan h\u00fck\u00fcm giyenlerden cezas\u0131n\u0131 \u00a0 tamamlayanlar, \u00a0 cezas\u0131 \u00a0 ertelenenler, \u00a0 ko\u015fullu \u00a0 sal\u0131verilenler, \u00a0 denetimli \u00a0 serbestlikten yararlananlardan eski h\u00fck\u00fcml\u00fc belgesi ile durumlar\u0131n\u0131 belgelendirmeleri gerekmektedir.<br \/>\n\u27a2 Ter\u00f6rle \u00a0m\u00fccadelede \u00a0malul \u00a0say\u0131lmayacak \u00a0\u015fekilde \u00a0yaralanan \u00a0i\u00e7in; \u00a021\/6\/1927 \u00a0tarihli \u00a0ve 1111 \u00a0say\u0131l\u0131 \u00a0Askerlik \u00a0Kanunu \u00a0veya \u00a016\/6\/1927 \u00a0tarihli \u00a0ve \u00a01076 \u00a0say\u0131l\u0131 Yedek \u00a0Subaylar \u00a0ve \u00a0Yedek Askeri \u00a0Memurlar \u00a0Kanunu kapsam\u0131na \u00a0giren \u00a0ve \u00a0askerlik \u00a0hizmetini \u00a0yaparken \u00a012\/4\/1991 \u00a0tarihli \u00a0ve 3713 say\u0131l\u0131 Ter\u00f6rle M\u00fccadele Kanununun 21\u2019inci maddesinde say\u0131lan ter\u00f6r olaylar\u0131n\u0131n sebep ve tesiri \u00a0sonucu \u00a0malul \u00a0say\u0131lmayacak \u00a0\u015fekilde yaralananlardan \u00a0sa\u011fl\u0131k \u00a0raporu \u00a0ve \u00a0ter\u00f6rle m\u00fccadelede yaraland\u0131\u011f\u0131n\u0131 g\u00f6steren komutanl\u0131k yaz\u0131s\u0131 ile durumlar\u0131n\u0131 belgelendirmeleri gerekmektedir.<br \/>\n\u27a2 Adaylardan, \u00a0ger\u00e7e\u011fe \u00a0ayk\u0131r\u0131 \u00a0beyanda \u00a0bulunanlar \u00a0ile \u00a0\u015fartlar\u0131 \u00a0ta\u015f\u0131mad\u0131\u011f\u0131 \u00a0sonradan \u00a0tespit edilenlerin i\u015flemleri her a\u015famada idarece sonland\u0131r\u0131labilecektir.<strong>KURA \u00a0\u0130\u015eLEM\u0130, \u00a0KURA \u00a0TAR\u0130H\u0130 \u00a0VE \u00a0YER\u0130, \u00a0KURA \u00a0SONUCUN \u00a0A\u00c7IKLANMASI, S\u00d6ZL\u00dc SINAV<\/strong><br \/>\n\u27a2 Ba\u015fvuran \u00a0say\u0131s\u0131 \u00a0ilgili \u00a0Y\u00f6netmeli\u011fin \u00a012. \u00a0maddesi \u00a0gere\u011fince \u00a0a\u00e7\u0131k \u00a0i\u015f \u00a0say\u0131s\u0131n\u0131n \u00a04(d\u00f6rt) kat\u0131ndan \u00a0fazla \u00a0ba\u015fvuru \u00a0olmas\u0131 \u00a0halinde \u00a0<strong>kura \u00a0i\u015flemi \u00a025\/03\/2025 tarihinde \u00a0saat \u00a010:00 \u00a0da<\/strong>\u00a0\u00a0Sivas Cumhuriyet \u00a0\u00dcniversitesi \u00a0100. Y\u0131l \u00a0K\u00fclt\u00fcr \u00a0Merkezinde \u00a0yap\u0131lacak \u00a0olup \u00a0herhangi \u00a0bir \u00a0de\u011fi\u015fiklik olmas\u0131 durumunda\u00a0<strong><a href=\"http:\/\/www.cumhuriyet.edu.tr\/\">www.cumhuriyet.edu.tr<\/a><\/strong>\u00a0adresinden adaylara ayr\u0131ca duyurulacakt\u0131r.<br \/>\n\u27a2 Kura \u00a0 i\u015flemi \u00a0 sonucunda \u00a0 belirlenen \u00a0 adaylara \u00a0 s\u00f6zl\u00fc \u00a0 s\u0131nav \u00a0 yap\u0131lacak \u00a0 olup \u00a0 s\u0131navlar Kurumumuz (http:\/\/www.cumhuriyet.edu.tr) internet adresinden duyurulacak tarih ve yerde S\u0131nav Komisyonu taraf\u0131ndan yap\u0131lacakt\u0131r.<\/p>\n<p><strong>S\u00d6ZL\u00dc \u00a0 \u00a0SINAVA \u00a0 \u00a0G\u0130RMEYE \u00a0 \u00a0HAK \u00a0 \u00a0KAZANAN \u00a0 \u00a0ADAYLARDAN \u00a0 \u00a0\u0130STENEN BELGELER<\/strong><br \/>\n\u27a2 N\u00fcfus C\u00fczdan Fotokopisi<br \/>\n\u27a2 Adli Sicil Kayd\u0131(Karekodlu veya barkodlu e-Devlet \u00e7\u0131kt\u0131s\u0131 kabul edilecektir.)<br \/>\n\u27a2 Yerle\u015fim \u00a0Yeri \u00a0\u0130kametgah \u00a0Belgesi \u00a0(Karekodlu \u00a0veya \u00a0barkodlu \u00a0e-Devlet \u00a0\u00e7\u0131kt\u0131s\u0131 \u00a0kabul edilecektir.)<br \/>\n\u27a2 Diploma \u00a0veya \u00a0ge\u00e7ici \u00a0mezuniyet \u00a0belgesi \u00a0(Karekodlu \u00a0veya \u00a0barkodlu \u00a0e-Devlet \u00a0\u00e7\u0131kt\u0131s\u0131 kabul edilecektir.)<br \/>\n\u27a2 Foto\u011fraf (1 adet)<br \/>\n\u27a2 Eski \u00a0 h\u00fck\u00fcml\u00fcler \u00a0 i\u00e7in \u00a0 Eski \u00a0 H\u00fck\u00fcml\u00fc \u00a0 belgesi \u00a0 veya \u00a0 Ter\u00f6rle \u00a0 M\u00fccadelede \u00a0 Malul say\u0131lmayacak \u00a0\u015fekilde \u00a0yaralananlar \u00a0i\u00e7in \u00a0sa\u011fl\u0131k \u00a0raporu \u00a0ve \u00a0Ter\u00f6rle \u00a0M\u00fccadelede \u00a0yaraland\u0131\u011f\u0131n\u0131 belgeleyen komutanl\u0131k yaz\u0131s\u0131<br \/>\n\u27a2 Erkek adaylar i\u00e7in Askerlik Durum Belgesi (Karekodlu veya barkodlu e-Devlet \u00e7\u0131kt\u0131s\u0131 kabul edilecektir.)<\/p>\n<p><strong>ATAMA \u0130\u015eLEMLER\u0130<\/strong><br \/>\n\u27a2 S\u0131navda ba\u015far\u0131l\u0131 olup da atamas\u0131 yap\u0131lanlardan i\u015fe ba\u015flamayanlar ile atanma \u015fartlar\u0131n\u0131 ta\u015f\u0131mad\u0131\u011f\u0131 \u00a0 sonradan \u00a0 anla\u015f\u0131larak \u00a0 i\u015fe \u00a0 ba\u015flat\u0131lmayanlar\u0131n \u00a0 ve \u00a0 deneme \u00a0 s\u00fcresi \u00a0 i\u00e7erisinde \u00a0 i\u015ften ayr\u0131lanlar\u0131n \u00a0 yerine \u00a0 yedek \u00a0 listenin \u00a0 ilk \u00a0 s\u0131ras\u0131ndan \u00a0 ba\u015flamak \u00a0 suretiyle \u00a0 atama \u00a0 yap\u0131labilecektir. Yerle\u015ftirildi\u011fi \u00a0kadrolar\u0131n \u00a0nitelik \u00a0ve \u00a0\u015fartlar\u0131n\u0131 \u00a0ta\u015f\u0131d\u0131\u011f\u0131 \u00a0halde \u00a0istenen \u00a0belgeleri \u00a0s\u00fcresi \u00a0i\u00e7erisinde teslim etmeyen adaylar g\u00f6reve ba\u015flat\u0131lmayacakt\u0131r.<br \/>\n\u27a2 Deneme \u00a0 s\u00fcresi \u00a0 iki \u00a0 ay \u00a0 olup, \u00a0 bu \u00a0 s\u00fcre \u00a0 i\u00e7erisinde \u00a0 ba\u015far\u0131s\u0131z \u00a0 olanlar\u0131n \u00a0 i\u015f \u00a0 akitleri feshedilecektir.<br \/>\n\u27a2 Yerle\u015ftirme sonucu atama i\u00e7in \u00f6ng\u00f6r\u00fclen niteliklere sahip olmayan adaylar ile yanl\u0131\u015f, yan\u0131lt\u0131c\u0131 \u00a0veya \u00a0yalan \u00a0beyanda \u00a0bulunmu\u015f \u00a0olup \u00a0hak \u00a0kazananlar\u0131n \u00a0atama \u00a0i\u015flemleri \u00a0yap\u0131lmayacakt\u0131r. Sehven yap\u0131lsa dahi atama i\u015flemleri iptal edilecektir.<br \/>\n\u27a2 S\u00f6zl\u00fc s\u0131nav sonucunda ba\u015far\u0131l\u0131 olan adaylar hakk\u0131nda Ar\u015fiv Ara\u015ft\u0131rmas\u0131 yap\u0131lacak olup sonucun olumlu olmas\u0131 halinde g\u00f6reve ba\u015flamalar\u0131 sa\u011flanacakt\u0131r.<\/p>\n<\/div>\n","protected":false},"excerpt":{"rendered":"<p>ESK\u0130 H\u00dcK\u00dcML\u00dc \/ TER\u00d6RLE M\u00dcCADELEDE MALUL SAYILMAYACAK \u015eEK\u0130LDE YARALANAN \u0130\u015e\u00c7\u0130 ALIM \u0130LANI \u00dcniversitemize \u00a0657 \u00a0say\u0131l\u0131 \u00a0Devlet \u00a0Memurlar\u0131 \u00a0Kanunun \u00a04\/D \u00a0maddesi, \u00a04857 \u00a0say\u0131l\u0131 \u00a0\u0130\u015f Kanunu, Kamu Kurum ve Kurulu\u015flar\u0131na \u0130\u015f\u00e7i Al\u0131nmas\u0131nda Uygulanacak Usul ve Esaslar Hakk\u0131nda Y\u00f6netmelik kapsam\u0131nda T\u00fcrkiye \u0130\u015f Kurumu (\u0130\u015eKUR) \u00fczerinden 4 adet (Eski H\u00fck\u00fcml\u00fc \/ Ter\u00f6rle M\u00fccadelede Malul Say\u0131lmayacak \u015fekilde yaralanan) \u201cS\u00fcrekli \u0130\u015f\u00e7i\u201d [&hellip;]<\/p>\n","protected":false},"author":1,"featured_media":0,"comment_status":"open","ping_status":"open","sticky":false,"template":"","format":"standard","meta":{"footnotes":""},"categories":[55],"tags":[],"class_list":["post-4064","post","type-post","status-publish","format-standard","hentry","category-is-ilanlari"],"yoast_head":"<!-- This site is optimized with the Yoast SEO plugin v27.4 - https:\/\/yoast.com\/product\/yoast-seo-wordpress\/ -->\n<title>Sivas\u00a0Cumhuriyet\u00a0\u00dcniversitesi\u00a0Rekt\u00f6rl\u00fc\u011f\u00fcnden - Memurun Sesi<\/title>\n<meta name=\"robots\" content=\"index, follow, max-snippet:-1, max-image-preview:large, max-video-preview:-1\" \/>\n<link rel=\"canonical\" href=\"https:\/\/memurunsesi.net\/index.php\/2025\/03\/11\/sivas-cumhuriyet-universitesi-rektorlugunden\/\" \/>\n<meta property=\"og:locale\" content=\"tr_TR\" \/>\n<meta property=\"og:type\" content=\"article\" \/>\n<meta property=\"og:title\" content=\"Sivas\u00a0Cumhuriyet\u00a0\u00dcniversitesi\u00a0Rekt\u00f6rl\u00fc\u011f\u00fcnden - Memurun Sesi\" \/>\n<meta property=\"og:description\" content=\"ESK\u0130 H\u00dcK\u00dcML\u00dc \/ TER\u00d6RLE M\u00dcCADELEDE MALUL SAYILMAYACAK \u015eEK\u0130LDE YARALANAN \u0130\u015e\u00c7\u0130 ALIM \u0130LANI \u00dcniversitemize \u00a0657 \u00a0say\u0131l\u0131 \u00a0Devlet \u00a0Memurlar\u0131 \u00a0Kanunun \u00a04\/D \u00a0maddesi, \u00a04857 \u00a0say\u0131l\u0131 \u00a0\u0130\u015f Kanunu, Kamu Kurum ve Kurulu\u015flar\u0131na \u0130\u015f\u00e7i Al\u0131nmas\u0131nda Uygulanacak Usul ve Esaslar Hakk\u0131nda Y\u00f6netmelik kapsam\u0131nda T\u00fcrkiye \u0130\u015f Kurumu (\u0130\u015eKUR) \u00fczerinden 4 adet (Eski H\u00fck\u00fcml\u00fc \/ Ter\u00f6rle M\u00fccadelede Malul Say\u0131lmayacak \u015fekilde yaralanan) \u201cS\u00fcrekli \u0130\u015f\u00e7i\u201d [&hellip;]\" \/>\n<meta property=\"og:url\" content=\"https:\/\/memurunsesi.net\/index.php\/2025\/03\/11\/sivas-cumhuriyet-universitesi-rektorlugunden\/\" \/>\n<meta property=\"og:site_name\" content=\"Memurun Sesi\" \/>\n<meta property=\"article:publisher\" content=\"https:\/\/www.facebook.com\/unipersen\/?locale=tr_TR\" \/>\n<meta property=\"article:published_time\" content=\"2025-03-11T06:50:32+00:00\" \/>\n<meta property=\"article:modified_time\" content=\"2025-03-11T06:51:36+00:00\" \/>\n<meta name=\"author\" content=\"Memurun Sesi Haber Merkezi\" \/>\n<meta name=\"twitter:card\" content=\"summary_large_image\" \/>\n<meta name=\"twitter:creator\" content=\"@unipersen\" \/>\n<meta name=\"twitter:site\" content=\"@unipersen\" \/>\n<meta name=\"twitter:label1\" content=\"Yazan:\" \/>\n\t<meta name=\"twitter:data1\" content=\"Memurun Sesi Haber Merkezi\" \/>\n\t<meta name=\"twitter:label2\" content=\"Tahmini okuma s\u00fcresi\" \/>\n\t<meta name=\"twitter:data2\" content=\"5 dakika\" \/>\n<script type=\"application\/ld+json\" class=\"yoast-schema-graph\">{\"@context\":\"https:\\\/\\\/schema.org\",\"@graph\":[{\"@type\":\"Article\",\"@id\":\"https:\\\/\\\/memurunsesi.net\\\/index.php\\\/2025\\\/03\\\/11\\\/sivas-cumhuriyet-universitesi-rektorlugunden\\\/#article\",\"isPartOf\":{\"@id\":\"https:\\\/\\\/memurunsesi.net\\\/index.php\\\/2025\\\/03\\\/11\\\/sivas-cumhuriyet-universitesi-rektorlugunden\\\/\"},\"author\":{\"name\":\"Memurun Sesi Haber Merkezi\",\"@id\":\"https:\\\/\\\/memurunsesi.net\\\/#\\\/schema\\\/person\\\/f21c2d73b89f6ee1d80b0a1803e38587\"},\"headline\":\"Sivas\u00a0Cumhuriyet\u00a0\u00dcniversitesi\u00a0Rekt\u00f6rl\u00fc\u011f\u00fcnden\",\"datePublished\":\"2025-03-11T06:50:32+00:00\",\"dateModified\":\"2025-03-11T06:51:36+00:00\",\"mainEntityOfPage\":{\"@id\":\"https:\\\/\\\/memurunsesi.net\\\/index.php\\\/2025\\\/03\\\/11\\\/sivas-cumhuriyet-universitesi-rektorlugunden\\\/\"},\"wordCount\":1097,\"commentCount\":0,\"publisher\":{\"@id\":\"https:\\\/\\\/memurunsesi.net\\\/#organization\"},\"articleSection\":[\"\u0130\u015f \u0130lanlar\u0131\"],\"inLanguage\":\"tr\",\"potentialAction\":[{\"@type\":\"CommentAction\",\"name\":\"Comment\",\"target\":[\"https:\\\/\\\/memurunsesi.net\\\/index.php\\\/2025\\\/03\\\/11\\\/sivas-cumhuriyet-universitesi-rektorlugunden\\\/#respond\"]}]},{\"@type\":\"WebPage\",\"@id\":\"https:\\\/\\\/memurunsesi.net\\\/index.php\\\/2025\\\/03\\\/11\\\/sivas-cumhuriyet-universitesi-rektorlugunden\\\/\",\"url\":\"https:\\\/\\\/memurunsesi.net\\\/index.php\\\/2025\\\/03\\\/11\\\/sivas-cumhuriyet-universitesi-rektorlugunden\\\/\",\"name\":\"Sivas\u00a0Cumhuriyet\u00a0\u00dcniversitesi\u00a0Rekt\u00f6rl\u00fc\u011f\u00fcnden - Memurun Sesi\",\"isPartOf\":{\"@id\":\"https:\\\/\\\/memurunsesi.net\\\/#website\"},\"datePublished\":\"2025-03-11T06:50:32+00:00\",\"dateModified\":\"2025-03-11T06:51:36+00:00\",\"breadcrumb\":{\"@id\":\"https:\\\/\\\/memurunsesi.net\\\/index.php\\\/2025\\\/03\\\/11\\\/sivas-cumhuriyet-universitesi-rektorlugunden\\\/#breadcrumb\"},\"inLanguage\":\"tr\",\"potentialAction\":[{\"@type\":\"ReadAction\",\"target\":[\"https:\\\/\\\/memurunsesi.net\\\/index.php\\\/2025\\\/03\\\/11\\\/sivas-cumhuriyet-universitesi-rektorlugunden\\\/\"]}]},{\"@type\":\"BreadcrumbList\",\"@id\":\"https:\\\/\\\/memurunsesi.net\\\/index.php\\\/2025\\\/03\\\/11\\\/sivas-cumhuriyet-universitesi-rektorlugunden\\\/#breadcrumb\",\"itemListElement\":[{\"@type\":\"ListItem\",\"position\":1,\"name\":\"Anasayfa\",\"item\":\"https:\\\/\\\/memurunsesi.net\\\/\"},{\"@type\":\"ListItem\",\"position\":2,\"name\":\"Sivas\u00a0Cumhuriyet\u00a0\u00dcniversitesi\u00a0Rekt\u00f6rl\u00fc\u011f\u00fcnden\"}]},{\"@type\":\"WebSite\",\"@id\":\"https:\\\/\\\/memurunsesi.net\\\/#website\",\"url\":\"https:\\\/\\\/memurunsesi.net\\\/\",\"name\":\"Memurun Sesi\",\"description\":\"G\u00fcncel ve Do\u011fru Haber\",\"publisher\":{\"@id\":\"https:\\\/\\\/memurunsesi.net\\\/#organization\"},\"potentialAction\":[{\"@type\":\"SearchAction\",\"target\":{\"@type\":\"EntryPoint\",\"urlTemplate\":\"https:\\\/\\\/memurunsesi.net\\\/?s={search_term_string}\"},\"query-input\":{\"@type\":\"PropertyValueSpecification\",\"valueRequired\":true,\"valueName\":\"search_term_string\"}}],\"inLanguage\":\"tr\"},{\"@type\":\"Organization\",\"@id\":\"https:\\\/\\\/memurunsesi.net\\\/#organization\",\"name\":\"Memurun Sesi\",\"url\":\"https:\\\/\\\/memurunsesi.net\\\/\",\"logo\":{\"@type\":\"ImageObject\",\"inLanguage\":\"tr\",\"@id\":\"https:\\\/\\\/memurunsesi.net\\\/#\\\/schema\\\/logo\\\/image\\\/\",\"url\":\"https:\\\/\\\/memurunsesi.net\\\/wp-content\\\/uploads\\\/2025\\\/11\\\/cropped-MEMURUN-SESI.png\",\"contentUrl\":\"https:\\\/\\\/memurunsesi.net\\\/wp-content\\\/uploads\\\/2025\\\/11\\\/cropped-MEMURUN-SESI.png\",\"width\":238,\"height\":57,\"caption\":\"Memurun Sesi\"},\"image\":{\"@id\":\"https:\\\/\\\/memurunsesi.net\\\/#\\\/schema\\\/logo\\\/image\\\/\"},\"sameAs\":[\"https:\\\/\\\/www.facebook.com\\\/unipersen\\\/?locale=tr_TR\",\"https:\\\/\\\/x.com\\\/unipersen\"]},{\"@type\":\"Person\",\"@id\":\"https:\\\/\\\/memurunsesi.net\\\/#\\\/schema\\\/person\\\/f21c2d73b89f6ee1d80b0a1803e38587\",\"name\":\"Memurun Sesi Haber Merkezi\",\"image\":{\"@type\":\"ImageObject\",\"inLanguage\":\"tr\",\"@id\":\"https:\\\/\\\/secure.gravatar.com\\\/avatar\\\/6cf0505f452ee753f485014986fab09a434671d2b919ee76fc541025c5876a70?s=96&d=mm&r=g\",\"url\":\"https:\\\/\\\/secure.gravatar.com\\\/avatar\\\/6cf0505f452ee753f485014986fab09a434671d2b919ee76fc541025c5876a70?s=96&d=mm&r=g\",\"contentUrl\":\"https:\\\/\\\/secure.gravatar.com\\\/avatar\\\/6cf0505f452ee753f485014986fab09a434671d2b919ee76fc541025c5876a70?s=96&d=mm&r=g\",\"caption\":\"Memurun Sesi Haber Merkezi\"},\"sameAs\":[\"https:\\\/\\\/memurunsesi.net\"],\"url\":\"https:\\\/\\\/memurunsesi.net\\\/index.php\\\/author\\\/uniper\\\/\"}]}<\/script>\n<!-- \/ Yoast SEO plugin. -->","yoast_head_json":{"title":"Sivas\u00a0Cumhuriyet\u00a0\u00dcniversitesi\u00a0Rekt\u00f6rl\u00fc\u011f\u00fcnden - Memurun Sesi","robots":{"index":"index","follow":"follow","max-snippet":"max-snippet:-1","max-image-preview":"max-image-preview:large","max-video-preview":"max-video-preview:-1"},"canonical":"https:\/\/memurunsesi.net\/index.php\/2025\/03\/11\/sivas-cumhuriyet-universitesi-rektorlugunden\/","og_locale":"tr_TR","og_type":"article","og_title":"Sivas\u00a0Cumhuriyet\u00a0\u00dcniversitesi\u00a0Rekt\u00f6rl\u00fc\u011f\u00fcnden - Memurun Sesi","og_description":"ESK\u0130 H\u00dcK\u00dcML\u00dc \/ TER\u00d6RLE M\u00dcCADELEDE MALUL SAYILMAYACAK \u015eEK\u0130LDE YARALANAN \u0130\u015e\u00c7\u0130 ALIM \u0130LANI \u00dcniversitemize \u00a0657 \u00a0say\u0131l\u0131 \u00a0Devlet \u00a0Memurlar\u0131 \u00a0Kanunun \u00a04\/D \u00a0maddesi, \u00a04857 \u00a0say\u0131l\u0131 \u00a0\u0130\u015f Kanunu, Kamu Kurum ve Kurulu\u015flar\u0131na \u0130\u015f\u00e7i Al\u0131nmas\u0131nda Uygulanacak Usul ve Esaslar Hakk\u0131nda Y\u00f6netmelik kapsam\u0131nda T\u00fcrkiye \u0130\u015f Kurumu (\u0130\u015eKUR) \u00fczerinden 4 adet (Eski H\u00fck\u00fcml\u00fc \/ Ter\u00f6rle M\u00fccadelede Malul Say\u0131lmayacak \u015fekilde yaralanan) \u201cS\u00fcrekli \u0130\u015f\u00e7i\u201d [&hellip;]","og_url":"https:\/\/memurunsesi.net\/index.php\/2025\/03\/11\/sivas-cumhuriyet-universitesi-rektorlugunden\/","og_site_name":"Memurun Sesi","article_publisher":"https:\/\/www.facebook.com\/unipersen\/?locale=tr_TR","article_published_time":"2025-03-11T06:50:32+00:00","article_modified_time":"2025-03-11T06:51:36+00:00","author":"Memurun Sesi Haber Merkezi","twitter_card":"summary_large_image","twitter_creator":"@unipersen","twitter_site":"@unipersen","twitter_misc":{"Yazan:":"Memurun Sesi Haber Merkezi","Tahmini okuma s\u00fcresi":"5 dakika"},"schema":{"@context":"https:\/\/schema.org","@graph":[{"@type":"Article","@id":"https:\/\/memurunsesi.net\/index.php\/2025\/03\/11\/sivas-cumhuriyet-universitesi-rektorlugunden\/#article","isPartOf":{"@id":"https:\/\/memurunsesi.net\/index.php\/2025\/03\/11\/sivas-cumhuriyet-universitesi-rektorlugunden\/"},"author":{"name":"Memurun Sesi Haber Merkezi","@id":"https:\/\/memurunsesi.net\/#\/schema\/person\/f21c2d73b89f6ee1d80b0a1803e38587"},"headline":"Sivas\u00a0Cumhuriyet\u00a0\u00dcniversitesi\u00a0Rekt\u00f6rl\u00fc\u011f\u00fcnden","datePublished":"2025-03-11T06:50:32+00:00","dateModified":"2025-03-11T06:51:36+00:00","mainEntityOfPage":{"@id":"https:\/\/memurunsesi.net\/index.php\/2025\/03\/11\/sivas-cumhuriyet-universitesi-rektorlugunden\/"},"wordCount":1097,"commentCount":0,"publisher":{"@id":"https:\/\/memurunsesi.net\/#organization"},"articleSection":["\u0130\u015f \u0130lanlar\u0131"],"inLanguage":"tr","potentialAction":[{"@type":"CommentAction","name":"Comment","target":["https:\/\/memurunsesi.net\/index.php\/2025\/03\/11\/sivas-cumhuriyet-universitesi-rektorlugunden\/#respond"]}]},{"@type":"WebPage","@id":"https:\/\/memurunsesi.net\/index.php\/2025\/03\/11\/sivas-cumhuriyet-universitesi-rektorlugunden\/","url":"https:\/\/memurunsesi.net\/index.php\/2025\/03\/11\/sivas-cumhuriyet-universitesi-rektorlugunden\/","name":"Sivas\u00a0Cumhuriyet\u00a0\u00dcniversitesi\u00a0Rekt\u00f6rl\u00fc\u011f\u00fcnden - Memurun Sesi","isPartOf":{"@id":"https:\/\/memurunsesi.net\/#website"},"datePublished":"2025-03-11T06:50:32+00:00","dateModified":"2025-03-11T06:51:36+00:00","breadcrumb":{"@id":"https:\/\/memurunsesi.net\/index.php\/2025\/03\/11\/sivas-cumhuriyet-universitesi-rektorlugunden\/#breadcrumb"},"inLanguage":"tr","potentialAction":[{"@type":"ReadAction","target":["https:\/\/memurunsesi.net\/index.php\/2025\/03\/11\/sivas-cumhuriyet-universitesi-rektorlugunden\/"]}]},{"@type":"BreadcrumbList","@id":"https:\/\/memurunsesi.net\/index.php\/2025\/03\/11\/sivas-cumhuriyet-universitesi-rektorlugunden\/#breadcrumb","itemListElement":[{"@type":"ListItem","position":1,"name":"Anasayfa","item":"https:\/\/memurunsesi.net\/"},{"@type":"ListItem","position":2,"name":"Sivas\u00a0Cumhuriyet\u00a0\u00dcniversitesi\u00a0Rekt\u00f6rl\u00fc\u011f\u00fcnden"}]},{"@type":"WebSite","@id":"https:\/\/memurunsesi.net\/#website","url":"https:\/\/memurunsesi.net\/","name":"Memurun Sesi","description":"G\u00fcncel ve Do\u011fru Haber","publisher":{"@id":"https:\/\/memurunsesi.net\/#organization"},"potentialAction":[{"@type":"SearchAction","target":{"@type":"EntryPoint","urlTemplate":"https:\/\/memurunsesi.net\/?s={search_term_string}"},"query-input":{"@type":"PropertyValueSpecification","valueRequired":true,"valueName":"search_term_string"}}],"inLanguage":"tr"},{"@type":"Organization","@id":"https:\/\/memurunsesi.net\/#organization","name":"Memurun Sesi","url":"https:\/\/memurunsesi.net\/","logo":{"@type":"ImageObject","inLanguage":"tr","@id":"https:\/\/memurunsesi.net\/#\/schema\/logo\/image\/","url":"https:\/\/memurunsesi.net\/wp-content\/uploads\/2025\/11\/cropped-MEMURUN-SESI.png","contentUrl":"https:\/\/memurunsesi.net\/wp-content\/uploads\/2025\/11\/cropped-MEMURUN-SESI.png","width":238,"height":57,"caption":"Memurun Sesi"},"image":{"@id":"https:\/\/memurunsesi.net\/#\/schema\/logo\/image\/"},"sameAs":["https:\/\/www.facebook.com\/unipersen\/?locale=tr_TR","https:\/\/x.com\/unipersen"]},{"@type":"Person","@id":"https:\/\/memurunsesi.net\/#\/schema\/person\/f21c2d73b89f6ee1d80b0a1803e38587","name":"Memurun Sesi Haber Merkezi","image":{"@type":"ImageObject","inLanguage":"tr","@id":"https:\/\/secure.gravatar.com\/avatar\/6cf0505f452ee753f485014986fab09a434671d2b919ee76fc541025c5876a70?s=96&d=mm&r=g","url":"https:\/\/secure.gravatar.com\/avatar\/6cf0505f452ee753f485014986fab09a434671d2b919ee76fc541025c5876a70?s=96&d=mm&r=g","contentUrl":"https:\/\/secure.gravatar.com\/avatar\/6cf0505f452ee753f485014986fab09a434671d2b919ee76fc541025c5876a70?s=96&d=mm&r=g","caption":"Memurun Sesi Haber Merkezi"},"sameAs":["https:\/\/memurunsesi.net"],"url":"https:\/\/memurunsesi.net\/index.php\/author\/uniper\/"}]}},"_links":{"self":[{"href":"https:\/\/memurunsesi.net\/index.php\/wp-json\/wp\/v2\/posts\/4064","targetHints":{"allow":["GET"]}}],"collection":[{"href":"https:\/\/memurunsesi.net\/index.php\/wp-json\/wp\/v2\/posts"}],"about":[{"href":"https:\/\/memurunsesi.net\/index.php\/wp-json\/wp\/v2\/types\/post"}],"author":[{"embeddable":true,"href":"https:\/\/memurunsesi.net\/index.php\/wp-json\/wp\/v2\/users\/1"}],"replies":[{"embeddable":true,"href":"https:\/\/memurunsesi.net\/index.php\/wp-json\/wp\/v2\/comments?post=4064"}],"version-history":[{"count":2,"href":"https:\/\/memurunsesi.net\/index.php\/wp-json\/wp\/v2\/posts\/4064\/revisions"}],"predecessor-version":[{"id":4068,"href":"https:\/\/memurunsesi.net\/index.php\/wp-json\/wp\/v2\/posts\/4064\/revisions\/4068"}],"wp:attachment":[{"href":"https:\/\/memurunsesi.net\/index.php\/wp-json\/wp\/v2\/media?parent=4064"}],"wp:term":[{"taxonomy":"category","embeddable":true,"href":"https:\/\/memurunsesi.net\/index.php\/wp-json\/wp\/v2\/categories?post=4064"},{"taxonomy":"post_tag","embeddable":true,"href":"https:\/\/memurunsesi.net\/index.php\/wp-json\/wp\/v2\/tags?post=4064"}],"curies":[{"name":"wp","href":"https:\/\/api.w.org\/{rel}","templated":true}]}}