{"id":4086,"date":"2025-03-12T09:12:39","date_gmt":"2025-03-12T06:12:39","guid":{"rendered":"https:\/\/memurunsesi.net\/?p=4086"},"modified":"2025-03-12T09:12:39","modified_gmt":"2025-03-12T06:12:39","slug":"kastamonuda-istihdam-garantili-isgucu-projesi","status":"publish","type":"post","link":"https:\/\/memurunsesi.net\/index.php\/2025\/03\/12\/kastamonuda-istihdam-garantili-isgucu-projesi\/","title":{"rendered":"Kastamonu&#8217;da istihdam garantili i\u015fg\u00fcc\u00fc projesi"},"content":{"rendered":"<p>Kastamonu&#8217;da hayata ge\u00e7irilen proje \u00e7er\u00e7evesinde e\u011fitim alacak 21 kursiyer, protokol imzalanan i\u015f yerlerinde istihdam edilecek.<br \/>\nKastamonu \u00dcniversitesi, T\u00fcrkiye \u0130\u015f Kurumu (\u0130\u015eKUR) \u0130l M\u00fcd\u00fcrl\u00fc\u011f\u00fc, Kastamonu Ticaret ve Sanayi Odas\u0131 (KATSO) ile 10 i\u015fverenin kat\u0131l\u0131m\u0131yla Nitelikli \u0130\u015fg\u00fcc\u00fc Yeti\u015ftirme Program\u0131 (N\u0130YEP) \u00e7er\u00e7evesinde istihdam garantili protokol imzaland\u0131. Protokol \u00e7er\u00e7evesinde 21 kursiyer, teorik e\u011fitim ald\u0131ktan sonra i\u015fyerinde uygulamal\u0131 e\u011fitim alacak. Program \u00e7er\u00e7evesinde, i\u015fverenler \u00e7al\u0131\u015fan say\u0131s\u0131n\u0131n y\u00fczde 50&#8217;sine kadar kontenjan kullanabilecek ve arad\u0131klar\u0131 nitelikli i\u015f g\u00fcc\u00fcn\u00fc kendi b\u00fcnyelerinde yeti\u015ftirme imkan\u0131na sahip olacak.<br \/>\nEn fazla 160 g\u00fcn s\u00fcrecek e\u011fitimlerde, kat\u0131l\u0131mc\u0131lar hem teorik hem de uygulamal\u0131 e\u011fitim alarak mesleki yetkinliklerini geli\u015ftirecek. E\u011fitim s\u00fcrecinde kursiyerlerin cep har\u00e7l\u0131\u011f\u0131, i\u015f kazas\u0131 ve meslek hastal\u0131\u011f\u0131 sigortas\u0131 ile genel sa\u011fl\u0131k sigortas\u0131 prim giderleri \u0130\u015eKUR taraf\u0131ndan kar\u015f\u0131lanacak. \u0130\u015f birli\u011fi ile Kastamonu&#8217;da i\u015fverenlerin ihtiyac\u0131 olan nitelikli i\u015f g\u00fcc\u00fcn\u00fcn yeti\u015ftirilmesi ve b\u00f6lgedeki istihdam imkanlar\u0131n\u0131n art\u0131r\u0131lmas\u0131 hedefleniyor.<\/p>\n<p>&#8220;30 saatlik teorik e\u011fitim ile 720 saatlik pratik e\u011fitim alacak kursiyerler&#8221;<br \/>\nProje ile ilgili konu\u015fan Kastamonu \u00dcniversitesi S\u00fcrekli E\u011fitim Ara\u015ft\u0131rma ve Uygulama Merkezi (KAS\u00dcSEM) M\u00fcd\u00fcr\u00fc Serkan \u00c7al\u0131\u015fkan, &#8220;Bu e\u011fitim mod\u00fcl\u00fc 30 saatlik teorik e\u011fitim i\u00e7eriyor, bunun d\u0131\u015f\u0131nda da 720 saatlik pratik e\u011fitimde de siz i\u015fletmecilerimize rehber olacak ayn\u0131 zamanda da bir plan do\u011frultusunda haz\u0131rland\u0131. Kastamonu \u00dcniversitesi&#8217;nce haz\u0131rlanan bu program sizlerin perakende sat\u0131\u015f eleman\u0131, tezgahtar yeti\u015ftirilmesi, bu anlamda da onlara rehberlik etmesi a\u00e7\u0131s\u0131ndan \u00f6nemli bir e\u011fitim \u00e7\u0131kt\u0131s\u0131 oldu\u011funu d\u00fc\u015f\u00fcn\u00fcyorum. Bu e\u011fitim \u00e7\u0131kt\u0131s\u0131n\u0131 daha sonraki a\u015famalarda da kullan\u0131lmas\u0131 a\u00e7\u0131s\u0131ndan Ticaret Odas\u0131, \u0130\u015eKUR M\u00fcd\u00fcrl\u00fc\u011f\u00fc fonundan faydalanabilece\u011fini d\u00fc\u015f\u00fcn\u00fcyorum. \u0130\u015f birli\u011finin sa\u011flanmas\u0131nda katk\u0131lar\u0131 olan kurumlar\u0131m\u0131za \u00e7ok te\u015fekk\u00fcr ediyorum&#8221; dedi.<br \/>\nGenellikle her toplant\u0131da i\u015fverenlerin nitelikli eleman ihtiyac\u0131n\u0131n kar\u015f\u0131lanamad\u0131\u011f\u0131 noktas\u0131nda talepleri oldu\u011funu s\u00f6yleyen \u0130\u015eKUR \u0130l M\u00fcd\u00fcr\u00fc Dilek \u015eehnaz A\u015f\u0131c\u0131 ise, &#8220;\u0130n\u015fallah Per\u015fembe g\u00fcn\u00fc program\u0131m\u0131z\u0131 ba\u015flataca\u011f\u0131z. Toplam 21 kursiyerimiz olacak. 5 takvim ay\u0131nda 100 fiili g\u00fcn ve 750 saat e\u011fitim alacaklar. Burada KATSO&#8217;da ilk 4 g\u00fcn teorik e\u011fitimlerini alacak olan kursiyerler, ard\u0131ndan i\u015f verenlerin yan\u0131nda e\u011fitimlerine devam edecekler. E\u011fitimler 19 Temmuz itibariyle sona erecek. Bu s\u00fcre\u00e7 i\u00e7erisindeki mali y\u00fck\u00fcml\u00fcl\u00fc\u011f\u00fc \u0130\u015eKUR olarak i\u015fsizlik fonu sigortas\u0131ndan bizler kar\u015f\u0131layaca\u011f\u0131z. Ard\u0131ndan sizlere bu kursiyerleri b\u0131rakaca\u011f\u0131z. \u0130n\u015fallah uzun s\u00fcre istihdamda kalmalar\u0131 i\u00e7in de temenni ile yola \u00e7\u0131km\u0131\u015f olaca\u011f\u0131z&#8221; diye konu\u015ftu.<br \/>\nKATSO Ba\u015fkan\u0131 O\u011fuz F\u0131nd\u0131ko\u011flu ise projede eme\u011fi ge\u00e7enlere te\u015fekk\u00fcr etti. Konu\u015fmalar\u0131n ard\u0131ndan i\u015f birli\u011fi protokol\u00fc imzaland\u0131.<\/p>\n<p>12.03.2025<\/p>\n","protected":false},"excerpt":{"rendered":"<p>Kastamonu&#8217;da hayata ge\u00e7irilen proje \u00e7er\u00e7evesinde e\u011fitim alacak 21 kursiyer, protokol imzalanan i\u015f yerlerinde istihdam edilecek. Kastamonu \u00dcniversitesi, T\u00fcrkiye \u0130\u015f Kurumu (\u0130\u015eKUR) \u0130l M\u00fcd\u00fcrl\u00fc\u011f\u00fc, Kastamonu Ticaret ve Sanayi Odas\u0131 (KATSO) ile 10 i\u015fverenin kat\u0131l\u0131m\u0131yla Nitelikli \u0130\u015fg\u00fcc\u00fc Yeti\u015ftirme Program\u0131 (N\u0130YEP) \u00e7er\u00e7evesinde istihdam garantili protokol imzaland\u0131. Protokol \u00e7er\u00e7evesinde 21 kursiyer, teorik e\u011fitim ald\u0131ktan sonra i\u015fyerinde uygulamal\u0131 e\u011fitim alacak. [&hellip;]<\/p>\n","protected":false},"author":1,"featured_media":4087,"comment_status":"open","ping_status":"open","sticky":false,"template":"","format":"standard","meta":{"footnotes":""},"categories":[1],"tags":[],"class_list":["post-4086","post","type-post","status-publish","format-standard","has-post-thumbnail","hentry","category-genel"],"yoast_head":"<!-- This site is optimized with the Yoast SEO plugin v27.4 - https:\/\/yoast.com\/product\/yoast-seo-wordpress\/ -->\n<title>Kastamonu&#039;da istihdam garantili i\u015fg\u00fcc\u00fc projesi - Memurun Sesi<\/title>\n<meta name=\"robots\" content=\"index, follow, max-snippet:-1, max-image-preview:large, max-video-preview:-1\" \/>\n<link rel=\"canonical\" href=\"https:\/\/memurunsesi.net\/index.php\/2025\/03\/12\/kastamonuda-istihdam-garantili-isgucu-projesi\/\" \/>\n<meta property=\"og:locale\" content=\"tr_TR\" \/>\n<meta property=\"og:type\" content=\"article\" \/>\n<meta property=\"og:title\" content=\"Kastamonu&#039;da istihdam garantili i\u015fg\u00fcc\u00fc projesi - Memurun Sesi\" \/>\n<meta property=\"og:description\" content=\"Kastamonu&#8217;da hayata ge\u00e7irilen proje \u00e7er\u00e7evesinde e\u011fitim alacak 21 kursiyer, protokol imzalanan i\u015f yerlerinde istihdam edilecek. Kastamonu \u00dcniversitesi, T\u00fcrkiye \u0130\u015f Kurumu (\u0130\u015eKUR) \u0130l M\u00fcd\u00fcrl\u00fc\u011f\u00fc, Kastamonu Ticaret ve Sanayi Odas\u0131 (KATSO) ile 10 i\u015fverenin kat\u0131l\u0131m\u0131yla Nitelikli \u0130\u015fg\u00fcc\u00fc Yeti\u015ftirme Program\u0131 (N\u0130YEP) \u00e7er\u00e7evesinde istihdam garantili protokol imzaland\u0131. Protokol \u00e7er\u00e7evesinde 21 kursiyer, teorik e\u011fitim ald\u0131ktan sonra i\u015fyerinde uygulamal\u0131 e\u011fitim alacak. [&hellip;]\" \/>\n<meta property=\"og:url\" content=\"https:\/\/memurunsesi.net\/index.php\/2025\/03\/12\/kastamonuda-istihdam-garantili-isgucu-projesi\/\" \/>\n<meta property=\"og:site_name\" content=\"Memurun Sesi\" \/>\n<meta property=\"article:publisher\" content=\"https:\/\/www.facebook.com\/unipersen\/?locale=tr_TR\" \/>\n<meta property=\"article:published_time\" content=\"2025-03-12T06:12:39+00:00\" \/>\n<meta property=\"og:image\" content=\"https:\/\/memurunsesi.net\/wp-content\/uploads\/2025\/03\/AW410197_02-scaled.jpg\" \/>\n\t<meta property=\"og:image:width\" content=\"2560\" \/>\n\t<meta property=\"og:image:height\" content=\"1920\" \/>\n\t<meta property=\"og:image:type\" content=\"image\/jpeg\" \/>\n<meta name=\"author\" content=\"Memurun Sesi Haber Merkezi\" \/>\n<meta name=\"twitter:card\" content=\"summary_large_image\" \/>\n<meta name=\"twitter:creator\" content=\"@unipersen\" \/>\n<meta name=\"twitter:site\" content=\"@unipersen\" \/>\n<meta name=\"twitter:label1\" content=\"Yazan:\" \/>\n\t<meta name=\"twitter:data1\" content=\"Memurun Sesi Haber Merkezi\" \/>\n\t<meta name=\"twitter:label2\" content=\"Tahmini okuma s\u00fcresi\" \/>\n\t<meta name=\"twitter:data2\" content=\"2 dakika\" \/>\n<script type=\"application\/ld+json\" class=\"yoast-schema-graph\">{\"@context\":\"https:\\\/\\\/schema.org\",\"@graph\":[{\"@type\":\"Article\",\"@id\":\"https:\\\/\\\/memurunsesi.net\\\/index.php\\\/2025\\\/03\\\/12\\\/kastamonuda-istihdam-garantili-isgucu-projesi\\\/#article\",\"isPartOf\":{\"@id\":\"https:\\\/\\\/memurunsesi.net\\\/index.php\\\/2025\\\/03\\\/12\\\/kastamonuda-istihdam-garantili-isgucu-projesi\\\/\"},\"author\":{\"name\":\"Memurun Sesi Haber Merkezi\",\"@id\":\"https:\\\/\\\/memurunsesi.net\\\/#\\\/schema\\\/person\\\/f21c2d73b89f6ee1d80b0a1803e38587\"},\"headline\":\"Kastamonu&#8217;da istihdam garantili i\u015fg\u00fcc\u00fc projesi\",\"datePublished\":\"2025-03-12T06:12:39+00:00\",\"mainEntityOfPage\":{\"@id\":\"https:\\\/\\\/memurunsesi.net\\\/index.php\\\/2025\\\/03\\\/12\\\/kastamonuda-istihdam-garantili-isgucu-projesi\\\/\"},\"wordCount\":502,\"commentCount\":0,\"publisher\":{\"@id\":\"https:\\\/\\\/memurunsesi.net\\\/#organization\"},\"image\":{\"@id\":\"https:\\\/\\\/memurunsesi.net\\\/index.php\\\/2025\\\/03\\\/12\\\/kastamonuda-istihdam-garantili-isgucu-projesi\\\/#primaryimage\"},\"thumbnailUrl\":\"https:\\\/\\\/memurunsesi.net\\\/wp-content\\\/uploads\\\/2025\\\/03\\\/AW410197_02-scaled.jpg\",\"inLanguage\":\"tr\",\"potentialAction\":[{\"@type\":\"CommentAction\",\"name\":\"Comment\",\"target\":[\"https:\\\/\\\/memurunsesi.net\\\/index.php\\\/2025\\\/03\\\/12\\\/kastamonuda-istihdam-garantili-isgucu-projesi\\\/#respond\"]}]},{\"@type\":\"WebPage\",\"@id\":\"https:\\\/\\\/memurunsesi.net\\\/index.php\\\/2025\\\/03\\\/12\\\/kastamonuda-istihdam-garantili-isgucu-projesi\\\/\",\"url\":\"https:\\\/\\\/memurunsesi.net\\\/index.php\\\/2025\\\/03\\\/12\\\/kastamonuda-istihdam-garantili-isgucu-projesi\\\/\",\"name\":\"Kastamonu'da istihdam garantili i\u015fg\u00fcc\u00fc projesi - Memurun Sesi\",\"isPartOf\":{\"@id\":\"https:\\\/\\\/memurunsesi.net\\\/#website\"},\"primaryImageOfPage\":{\"@id\":\"https:\\\/\\\/memurunsesi.net\\\/index.php\\\/2025\\\/03\\\/12\\\/kastamonuda-istihdam-garantili-isgucu-projesi\\\/#primaryimage\"},\"image\":{\"@id\":\"https:\\\/\\\/memurunsesi.net\\\/index.php\\\/2025\\\/03\\\/12\\\/kastamonuda-istihdam-garantili-isgucu-projesi\\\/#primaryimage\"},\"thumbnailUrl\":\"https:\\\/\\\/memurunsesi.net\\\/wp-content\\\/uploads\\\/2025\\\/03\\\/AW410197_02-scaled.jpg\",\"datePublished\":\"2025-03-12T06:12:39+00:00\",\"breadcrumb\":{\"@id\":\"https:\\\/\\\/memurunsesi.net\\\/index.php\\\/2025\\\/03\\\/12\\\/kastamonuda-istihdam-garantili-isgucu-projesi\\\/#breadcrumb\"},\"inLanguage\":\"tr\",\"potentialAction\":[{\"@type\":\"ReadAction\",\"target\":[\"https:\\\/\\\/memurunsesi.net\\\/index.php\\\/2025\\\/03\\\/12\\\/kastamonuda-istihdam-garantili-isgucu-projesi\\\/\"]}]},{\"@type\":\"ImageObject\",\"inLanguage\":\"tr\",\"@id\":\"https:\\\/\\\/memurunsesi.net\\\/index.php\\\/2025\\\/03\\\/12\\\/kastamonuda-istihdam-garantili-isgucu-projesi\\\/#primaryimage\",\"url\":\"https:\\\/\\\/memurunsesi.net\\\/wp-content\\\/uploads\\\/2025\\\/03\\\/AW410197_02-scaled.jpg\",\"contentUrl\":\"https:\\\/\\\/memurunsesi.net\\\/wp-content\\\/uploads\\\/2025\\\/03\\\/AW410197_02-scaled.jpg\",\"width\":2560,\"height\":1920,\"caption\":\"KASTAMONU \u00dcN\u0130VERS\u0130TES\u0130, T\u00dcRK\u0130YE \u0130\u015e KURUMU (\u0130\u015eKUR) \u0130L M\u00dcD\u00dcRL\u00dc\u011e\u00dc, KASTAMONU T\u0130CARET VE SANAY\u0130 ODASI (KATSO) \u0130LE 10 \u0130\u015eVEREN\u0130N KATILIMIYLA N\u0130TEL\u0130KL\u0130 \u0130\u015eG\u00dcC\u00dc YET\u0130\u015eT\u0130RME PROGRAMI (N\u0130YEP) KAPSAMINDA \u0130ST\u0130HDAM GARANT\u0130L\u0130 B\u0130R \u0130\u015eB\u0130RL\u0130\u011e\u0130 PROTOKOL\u00dc \u0130MZALANDI. (VEDAT YUNUS \u0130K\u0130ZO\u011eLU\\\/KASTAMONU-\u0130HA) Kastamonu'da hayata ge\u00e7irilen proje \u00e7er\u00e7evesinde e\u011fitim alacak 21 kursiyer, protokol imzalanan i\u015f yerlerinde istihdam edilecek.\"},{\"@type\":\"BreadcrumbList\",\"@id\":\"https:\\\/\\\/memurunsesi.net\\\/index.php\\\/2025\\\/03\\\/12\\\/kastamonuda-istihdam-garantili-isgucu-projesi\\\/#breadcrumb\",\"itemListElement\":[{\"@type\":\"ListItem\",\"position\":1,\"name\":\"Anasayfa\",\"item\":\"https:\\\/\\\/memurunsesi.net\\\/\"},{\"@type\":\"ListItem\",\"position\":2,\"name\":\"Kastamonu&#8217;da istihdam garantili i\u015fg\u00fcc\u00fc projesi\"}]},{\"@type\":\"WebSite\",\"@id\":\"https:\\\/\\\/memurunsesi.net\\\/#website\",\"url\":\"https:\\\/\\\/memurunsesi.net\\\/\",\"name\":\"Memurun Sesi\",\"description\":\"G\u00fcncel ve Do\u011fru Haber\",\"publisher\":{\"@id\":\"https:\\\/\\\/memurunsesi.net\\\/#organization\"},\"potentialAction\":[{\"@type\":\"SearchAction\",\"target\":{\"@type\":\"EntryPoint\",\"urlTemplate\":\"https:\\\/\\\/memurunsesi.net\\\/?s={search_term_string}\"},\"query-input\":{\"@type\":\"PropertyValueSpecification\",\"valueRequired\":true,\"valueName\":\"search_term_string\"}}],\"inLanguage\":\"tr\"},{\"@type\":\"Organization\",\"@id\":\"https:\\\/\\\/memurunsesi.net\\\/#organization\",\"name\":\"Memurun Sesi\",\"url\":\"https:\\\/\\\/memurunsesi.net\\\/\",\"logo\":{\"@type\":\"ImageObject\",\"inLanguage\":\"tr\",\"@id\":\"https:\\\/\\\/memurunsesi.net\\\/#\\\/schema\\\/logo\\\/image\\\/\",\"url\":\"https:\\\/\\\/memurunsesi.net\\\/wp-content\\\/uploads\\\/2025\\\/11\\\/cropped-MEMURUN-SESI.png\",\"contentUrl\":\"https:\\\/\\\/memurunsesi.net\\\/wp-content\\\/uploads\\\/2025\\\/11\\\/cropped-MEMURUN-SESI.png\",\"width\":238,\"height\":57,\"caption\":\"Memurun Sesi\"},\"image\":{\"@id\":\"https:\\\/\\\/memurunsesi.net\\\/#\\\/schema\\\/logo\\\/image\\\/\"},\"sameAs\":[\"https:\\\/\\\/www.facebook.com\\\/unipersen\\\/?locale=tr_TR\",\"https:\\\/\\\/x.com\\\/unipersen\"]},{\"@type\":\"Person\",\"@id\":\"https:\\\/\\\/memurunsesi.net\\\/#\\\/schema\\\/person\\\/f21c2d73b89f6ee1d80b0a1803e38587\",\"name\":\"Memurun Sesi Haber Merkezi\",\"image\":{\"@type\":\"ImageObject\",\"inLanguage\":\"tr\",\"@id\":\"https:\\\/\\\/secure.gravatar.com\\\/avatar\\\/6cf0505f452ee753f485014986fab09a434671d2b919ee76fc541025c5876a70?s=96&d=mm&r=g\",\"url\":\"https:\\\/\\\/secure.gravatar.com\\\/avatar\\\/6cf0505f452ee753f485014986fab09a434671d2b919ee76fc541025c5876a70?s=96&d=mm&r=g\",\"contentUrl\":\"https:\\\/\\\/secure.gravatar.com\\\/avatar\\\/6cf0505f452ee753f485014986fab09a434671d2b919ee76fc541025c5876a70?s=96&d=mm&r=g\",\"caption\":\"Memurun Sesi Haber Merkezi\"},\"sameAs\":[\"https:\\\/\\\/memurunsesi.net\"],\"url\":\"https:\\\/\\\/memurunsesi.net\\\/index.php\\\/author\\\/uniper\\\/\"}]}<\/script>\n<!-- \/ Yoast SEO plugin. -->","yoast_head_json":{"title":"Kastamonu'da istihdam garantili i\u015fg\u00fcc\u00fc projesi - Memurun Sesi","robots":{"index":"index","follow":"follow","max-snippet":"max-snippet:-1","max-image-preview":"max-image-preview:large","max-video-preview":"max-video-preview:-1"},"canonical":"https:\/\/memurunsesi.net\/index.php\/2025\/03\/12\/kastamonuda-istihdam-garantili-isgucu-projesi\/","og_locale":"tr_TR","og_type":"article","og_title":"Kastamonu'da istihdam garantili i\u015fg\u00fcc\u00fc projesi - Memurun Sesi","og_description":"Kastamonu&#8217;da hayata ge\u00e7irilen proje \u00e7er\u00e7evesinde e\u011fitim alacak 21 kursiyer, protokol imzalanan i\u015f yerlerinde istihdam edilecek. Kastamonu \u00dcniversitesi, T\u00fcrkiye \u0130\u015f Kurumu (\u0130\u015eKUR) \u0130l M\u00fcd\u00fcrl\u00fc\u011f\u00fc, Kastamonu Ticaret ve Sanayi Odas\u0131 (KATSO) ile 10 i\u015fverenin kat\u0131l\u0131m\u0131yla Nitelikli \u0130\u015fg\u00fcc\u00fc Yeti\u015ftirme Program\u0131 (N\u0130YEP) \u00e7er\u00e7evesinde istihdam garantili protokol imzaland\u0131. Protokol \u00e7er\u00e7evesinde 21 kursiyer, teorik e\u011fitim ald\u0131ktan sonra i\u015fyerinde uygulamal\u0131 e\u011fitim alacak. [&hellip;]","og_url":"https:\/\/memurunsesi.net\/index.php\/2025\/03\/12\/kastamonuda-istihdam-garantili-isgucu-projesi\/","og_site_name":"Memurun Sesi","article_publisher":"https:\/\/www.facebook.com\/unipersen\/?locale=tr_TR","article_published_time":"2025-03-12T06:12:39+00:00","og_image":[{"width":2560,"height":1920,"url":"https:\/\/memurunsesi.net\/wp-content\/uploads\/2025\/03\/AW410197_02-scaled.jpg","type":"image\/jpeg"}],"author":"Memurun Sesi Haber Merkezi","twitter_card":"summary_large_image","twitter_creator":"@unipersen","twitter_site":"@unipersen","twitter_misc":{"Yazan:":"Memurun Sesi Haber Merkezi","Tahmini okuma s\u00fcresi":"2 dakika"},"schema":{"@context":"https:\/\/schema.org","@graph":[{"@type":"Article","@id":"https:\/\/memurunsesi.net\/index.php\/2025\/03\/12\/kastamonuda-istihdam-garantili-isgucu-projesi\/#article","isPartOf":{"@id":"https:\/\/memurunsesi.net\/index.php\/2025\/03\/12\/kastamonuda-istihdam-garantili-isgucu-projesi\/"},"author":{"name":"Memurun Sesi Haber Merkezi","@id":"https:\/\/memurunsesi.net\/#\/schema\/person\/f21c2d73b89f6ee1d80b0a1803e38587"},"headline":"Kastamonu&#8217;da istihdam garantili i\u015fg\u00fcc\u00fc projesi","datePublished":"2025-03-12T06:12:39+00:00","mainEntityOfPage":{"@id":"https:\/\/memurunsesi.net\/index.php\/2025\/03\/12\/kastamonuda-istihdam-garantili-isgucu-projesi\/"},"wordCount":502,"commentCount":0,"publisher":{"@id":"https:\/\/memurunsesi.net\/#organization"},"image":{"@id":"https:\/\/memurunsesi.net\/index.php\/2025\/03\/12\/kastamonuda-istihdam-garantili-isgucu-projesi\/#primaryimage"},"thumbnailUrl":"https:\/\/memurunsesi.net\/wp-content\/uploads\/2025\/03\/AW410197_02-scaled.jpg","inLanguage":"tr","potentialAction":[{"@type":"CommentAction","name":"Comment","target":["https:\/\/memurunsesi.net\/index.php\/2025\/03\/12\/kastamonuda-istihdam-garantili-isgucu-projesi\/#respond"]}]},{"@type":"WebPage","@id":"https:\/\/memurunsesi.net\/index.php\/2025\/03\/12\/kastamonuda-istihdam-garantili-isgucu-projesi\/","url":"https:\/\/memurunsesi.net\/index.php\/2025\/03\/12\/kastamonuda-istihdam-garantili-isgucu-projesi\/","name":"Kastamonu'da istihdam garantili i\u015fg\u00fcc\u00fc projesi - Memurun Sesi","isPartOf":{"@id":"https:\/\/memurunsesi.net\/#website"},"primaryImageOfPage":{"@id":"https:\/\/memurunsesi.net\/index.php\/2025\/03\/12\/kastamonuda-istihdam-garantili-isgucu-projesi\/#primaryimage"},"image":{"@id":"https:\/\/memurunsesi.net\/index.php\/2025\/03\/12\/kastamonuda-istihdam-garantili-isgucu-projesi\/#primaryimage"},"thumbnailUrl":"https:\/\/memurunsesi.net\/wp-content\/uploads\/2025\/03\/AW410197_02-scaled.jpg","datePublished":"2025-03-12T06:12:39+00:00","breadcrumb":{"@id":"https:\/\/memurunsesi.net\/index.php\/2025\/03\/12\/kastamonuda-istihdam-garantili-isgucu-projesi\/#breadcrumb"},"inLanguage":"tr","potentialAction":[{"@type":"ReadAction","target":["https:\/\/memurunsesi.net\/index.php\/2025\/03\/12\/kastamonuda-istihdam-garantili-isgucu-projesi\/"]}]},{"@type":"ImageObject","inLanguage":"tr","@id":"https:\/\/memurunsesi.net\/index.php\/2025\/03\/12\/kastamonuda-istihdam-garantili-isgucu-projesi\/#primaryimage","url":"https:\/\/memurunsesi.net\/wp-content\/uploads\/2025\/03\/AW410197_02-scaled.jpg","contentUrl":"https:\/\/memurunsesi.net\/wp-content\/uploads\/2025\/03\/AW410197_02-scaled.jpg","width":2560,"height":1920,"caption":"KASTAMONU \u00dcN\u0130VERS\u0130TES\u0130, T\u00dcRK\u0130YE \u0130\u015e KURUMU (\u0130\u015eKUR) \u0130L M\u00dcD\u00dcRL\u00dc\u011e\u00dc, KASTAMONU T\u0130CARET VE SANAY\u0130 ODASI (KATSO) \u0130LE 10 \u0130\u015eVEREN\u0130N KATILIMIYLA N\u0130TEL\u0130KL\u0130 \u0130\u015eG\u00dcC\u00dc YET\u0130\u015eT\u0130RME PROGRAMI (N\u0130YEP) KAPSAMINDA \u0130ST\u0130HDAM GARANT\u0130L\u0130 B\u0130R \u0130\u015eB\u0130RL\u0130\u011e\u0130 PROTOKOL\u00dc \u0130MZALANDI. (VEDAT YUNUS \u0130K\u0130ZO\u011eLU\/KASTAMONU-\u0130HA) Kastamonu'da hayata ge\u00e7irilen proje \u00e7er\u00e7evesinde e\u011fitim alacak 21 kursiyer, protokol imzalanan i\u015f yerlerinde istihdam edilecek."},{"@type":"BreadcrumbList","@id":"https:\/\/memurunsesi.net\/index.php\/2025\/03\/12\/kastamonuda-istihdam-garantili-isgucu-projesi\/#breadcrumb","itemListElement":[{"@type":"ListItem","position":1,"name":"Anasayfa","item":"https:\/\/memurunsesi.net\/"},{"@type":"ListItem","position":2,"name":"Kastamonu&#8217;da istihdam garantili i\u015fg\u00fcc\u00fc projesi"}]},{"@type":"WebSite","@id":"https:\/\/memurunsesi.net\/#website","url":"https:\/\/memurunsesi.net\/","name":"Memurun Sesi","description":"G\u00fcncel ve Do\u011fru Haber","publisher":{"@id":"https:\/\/memurunsesi.net\/#organization"},"potentialAction":[{"@type":"SearchAction","target":{"@type":"EntryPoint","urlTemplate":"https:\/\/memurunsesi.net\/?s={search_term_string}"},"query-input":{"@type":"PropertyValueSpecification","valueRequired":true,"valueName":"search_term_string"}}],"inLanguage":"tr"},{"@type":"Organization","@id":"https:\/\/memurunsesi.net\/#organization","name":"Memurun Sesi","url":"https:\/\/memurunsesi.net\/","logo":{"@type":"ImageObject","inLanguage":"tr","@id":"https:\/\/memurunsesi.net\/#\/schema\/logo\/image\/","url":"https:\/\/memurunsesi.net\/wp-content\/uploads\/2025\/11\/cropped-MEMURUN-SESI.png","contentUrl":"https:\/\/memurunsesi.net\/wp-content\/uploads\/2025\/11\/cropped-MEMURUN-SESI.png","width":238,"height":57,"caption":"Memurun Sesi"},"image":{"@id":"https:\/\/memurunsesi.net\/#\/schema\/logo\/image\/"},"sameAs":["https:\/\/www.facebook.com\/unipersen\/?locale=tr_TR","https:\/\/x.com\/unipersen"]},{"@type":"Person","@id":"https:\/\/memurunsesi.net\/#\/schema\/person\/f21c2d73b89f6ee1d80b0a1803e38587","name":"Memurun Sesi Haber Merkezi","image":{"@type":"ImageObject","inLanguage":"tr","@id":"https:\/\/secure.gravatar.com\/avatar\/6cf0505f452ee753f485014986fab09a434671d2b919ee76fc541025c5876a70?s=96&d=mm&r=g","url":"https:\/\/secure.gravatar.com\/avatar\/6cf0505f452ee753f485014986fab09a434671d2b919ee76fc541025c5876a70?s=96&d=mm&r=g","contentUrl":"https:\/\/secure.gravatar.com\/avatar\/6cf0505f452ee753f485014986fab09a434671d2b919ee76fc541025c5876a70?s=96&d=mm&r=g","caption":"Memurun Sesi Haber Merkezi"},"sameAs":["https:\/\/memurunsesi.net"],"url":"https:\/\/memurunsesi.net\/index.php\/author\/uniper\/"}]}},"_links":{"self":[{"href":"https:\/\/memurunsesi.net\/index.php\/wp-json\/wp\/v2\/posts\/4086","targetHints":{"allow":["GET"]}}],"collection":[{"href":"https:\/\/memurunsesi.net\/index.php\/wp-json\/wp\/v2\/posts"}],"about":[{"href":"https:\/\/memurunsesi.net\/index.php\/wp-json\/wp\/v2\/types\/post"}],"author":[{"embeddable":true,"href":"https:\/\/memurunsesi.net\/index.php\/wp-json\/wp\/v2\/users\/1"}],"replies":[{"embeddable":true,"href":"https:\/\/memurunsesi.net\/index.php\/wp-json\/wp\/v2\/comments?post=4086"}],"version-history":[{"count":1,"href":"https:\/\/memurunsesi.net\/index.php\/wp-json\/wp\/v2\/posts\/4086\/revisions"}],"predecessor-version":[{"id":4088,"href":"https:\/\/memurunsesi.net\/index.php\/wp-json\/wp\/v2\/posts\/4086\/revisions\/4088"}],"wp:featuredmedia":[{"embeddable":true,"href":"https:\/\/memurunsesi.net\/index.php\/wp-json\/wp\/v2\/media\/4087"}],"wp:attachment":[{"href":"https:\/\/memurunsesi.net\/index.php\/wp-json\/wp\/v2\/media?parent=4086"}],"wp:term":[{"taxonomy":"category","embeddable":true,"href":"https:\/\/memurunsesi.net\/index.php\/wp-json\/wp\/v2\/categories?post=4086"},{"taxonomy":"post_tag","embeddable":true,"href":"https:\/\/memurunsesi.net\/index.php\/wp-json\/wp\/v2\/tags?post=4086"}],"curies":[{"name":"wp","href":"https:\/\/api.w.org\/{rel}","templated":true}]}}