{"id":4089,"date":"2025-03-12T09:14:46","date_gmt":"2025-03-12T06:14:46","guid":{"rendered":"https:\/\/memurunsesi.net\/?p=4089"},"modified":"2025-03-12T09:14:46","modified_gmt":"2025-03-12T06:14:46","slug":"kutahya-dumlupinar-universitesinde-iftar","status":"publish","type":"post","link":"https:\/\/memurunsesi.net\/index.php\/2025\/03\/12\/kutahya-dumlupinar-universitesinde-iftar\/","title":{"rendered":"K\u00fctahya Dumlup\u0131nar \u00dcniversitesi&#8217;nde iftar"},"content":{"rendered":"<p>K\u00fctahya Dumlup\u0131nar \u00dcniversitesi (DP\u00dc) Kilit Toplulu\u011fu\u2019nun organize etti\u011fi Birlik \u0130ftar\u0131, Rekt\u00f6r Prof. Dr. S\u00fcleyman K\u0131z\u0131ltoprak\u2019\u0131n ev sahipli\u011finde ve \u00f6\u011frenciler ve Birlik Vakf\u0131&#8217;n\u0131n y\u00f6neticilerinin kat\u0131l\u0131m\u0131yla ger\u00e7ekle\u015fti.<br \/>\nRekt\u00f6r K\u0131z\u0131ltoprak, manevi de\u011ferlerin ve birlik beraberli\u011fin gen\u00e7ler i\u00e7in \u00f6nemli oldu\u011funu vurgulayarak, bu t\u00fcr organizasyonlara \u00fcniversite y\u00f6netimi olarak her zaman destek vereceklerini belirtti.<br \/>\n\u0130ftara kat\u0131lan \u00f6\u011frenciler, Rekt\u00f6r K\u0131z\u0131ltoprak ile birebir sohbet etme imk\u00e2n\u0131 bulurken, &#8220;Birlik K\u00f6pr\u00fcs\u00fc&#8217;nde kilit ta\u015f\u0131 olaca\u011f\u0131z&#8221; diyerek bu t\u00fcr etkinliklerin devam\u0131n\u0131 dilediklerini ifade ettiler. K\u0131z\u0131ltoprak, ayr\u0131ca iftar\u0131n d\u00fczenlenmesinde eme\u011fi ge\u00e7en herkese te\u015fekk\u00fcr etti.<br \/>\nBirlik Vakf\u0131 K\u00fctahya \u015eube Ba\u015fkan\u0131 Ali \u0130hsan \u00d6zdemir de etkinli\u011fe kat\u0131lan \u00f6\u011frencilere ve Rekt\u00f6r K\u0131z\u0131ltoprak\u2019a te\u015fekk\u00fcr ederek, manevi de\u011ferlerin ya\u015fat\u0131lmas\u0131 ad\u0131na bu t\u00fcr organizasyonlar\u0131n \u00f6nemine dikkat \u00e7ekti. \u00d6zdemir, etkinli\u011fe ilgi g\u00f6steren t\u00fcm kat\u0131l\u0131mc\u0131lara te\u015fekk\u00fcr ederek, gelecekte de birlik ve beraberlik i\u00e7inde benzer organizasyonlar d\u00fczenlemeyi umut ettiklerini s\u00f6yledi.<br \/>\nBirlik Vakf\u0131 ve Gen\u00e7 Birlik temsilcileri, manevi atmosferin h\u00e2kim oldu\u011fu iftarda \u00f6\u011frenciler, akademisyenler ve b\u00fcy\u00fcklerle bir araya gelmenin \u00f6nemini vurgulayarak, gen\u00e7lerin bu t\u00fcr etkinliklere kat\u0131l\u0131m\u0131n\u0131n g\u00fczel birer amel oldu\u011funu dile getirdi.<br \/>\nEtkinlik, samimi sohbetler ve hay\u0131rl\u0131 temennilerle sona erdi.<\/p>\n<p>12.03.2025<\/p>\n","protected":false},"excerpt":{"rendered":"<p>K\u00fctahya Dumlup\u0131nar \u00dcniversitesi (DP\u00dc) Kilit Toplulu\u011fu\u2019nun organize etti\u011fi Birlik \u0130ftar\u0131, Rekt\u00f6r Prof. Dr. S\u00fcleyman K\u0131z\u0131ltoprak\u2019\u0131n ev sahipli\u011finde ve \u00f6\u011frenciler ve Birlik Vakf\u0131&#8217;n\u0131n y\u00f6neticilerinin kat\u0131l\u0131m\u0131yla ger\u00e7ekle\u015fti. Rekt\u00f6r K\u0131z\u0131ltoprak, manevi de\u011ferlerin ve birlik beraberli\u011fin gen\u00e7ler i\u00e7in \u00f6nemli oldu\u011funu vurgulayarak, bu t\u00fcr organizasyonlara \u00fcniversite y\u00f6netimi olarak her zaman destek vereceklerini belirtti. \u0130ftara kat\u0131lan \u00f6\u011frenciler, Rekt\u00f6r K\u0131z\u0131ltoprak ile birebir [&hellip;]<\/p>\n","protected":false},"author":1,"featured_media":4090,"comment_status":"open","ping_status":"open","sticky":false,"template":"","format":"standard","meta":{"footnotes":""},"categories":[47],"tags":[],"class_list":["post-4089","post","type-post","status-publish","format-standard","has-post-thumbnail","hentry","category-universiteden-haberler"],"yoast_head":"<!-- This site is optimized with the Yoast SEO plugin v27.4 - https:\/\/yoast.com\/product\/yoast-seo-wordpress\/ -->\n<title>K\u00fctahya Dumlup\u0131nar \u00dcniversitesi&#039;nde iftar - Memurun Sesi<\/title>\n<meta name=\"robots\" content=\"index, follow, max-snippet:-1, max-image-preview:large, max-video-preview:-1\" \/>\n<link rel=\"canonical\" href=\"https:\/\/memurunsesi.net\/index.php\/2025\/03\/12\/kutahya-dumlupinar-universitesinde-iftar\/\" \/>\n<meta property=\"og:locale\" content=\"tr_TR\" \/>\n<meta property=\"og:type\" content=\"article\" \/>\n<meta property=\"og:title\" content=\"K\u00fctahya Dumlup\u0131nar \u00dcniversitesi&#039;nde iftar - Memurun Sesi\" \/>\n<meta property=\"og:description\" content=\"K\u00fctahya Dumlup\u0131nar \u00dcniversitesi (DP\u00dc) Kilit Toplulu\u011fu\u2019nun organize etti\u011fi Birlik \u0130ftar\u0131, Rekt\u00f6r Prof. Dr. S\u00fcleyman K\u0131z\u0131ltoprak\u2019\u0131n ev sahipli\u011finde ve \u00f6\u011frenciler ve Birlik Vakf\u0131&#8217;n\u0131n y\u00f6neticilerinin kat\u0131l\u0131m\u0131yla ger\u00e7ekle\u015fti. Rekt\u00f6r K\u0131z\u0131ltoprak, manevi de\u011ferlerin ve birlik beraberli\u011fin gen\u00e7ler i\u00e7in \u00f6nemli oldu\u011funu vurgulayarak, bu t\u00fcr organizasyonlara \u00fcniversite y\u00f6netimi olarak her zaman destek vereceklerini belirtti. \u0130ftara kat\u0131lan \u00f6\u011frenciler, Rekt\u00f6r K\u0131z\u0131ltoprak ile birebir [&hellip;]\" \/>\n<meta property=\"og:url\" content=\"https:\/\/memurunsesi.net\/index.php\/2025\/03\/12\/kutahya-dumlupinar-universitesinde-iftar\/\" \/>\n<meta property=\"og:site_name\" content=\"Memurun Sesi\" \/>\n<meta property=\"article:publisher\" content=\"https:\/\/www.facebook.com\/unipersen\/?locale=tr_TR\" \/>\n<meta property=\"article:published_time\" content=\"2025-03-12T06:14:46+00:00\" \/>\n<meta property=\"og:image\" content=\"https:\/\/memurunsesi.net\/wp-content\/uploads\/2025\/03\/AW410315_02.jpg\" \/>\n\t<meta property=\"og:image:width\" content=\"1558\" \/>\n\t<meta property=\"og:image:height\" content=\"692\" \/>\n\t<meta property=\"og:image:type\" content=\"image\/jpeg\" \/>\n<meta name=\"author\" content=\"Memurun Sesi Haber Merkezi\" \/>\n<meta name=\"twitter:card\" content=\"summary_large_image\" \/>\n<meta name=\"twitter:creator\" content=\"@unipersen\" \/>\n<meta name=\"twitter:site\" content=\"@unipersen\" \/>\n<meta name=\"twitter:label1\" content=\"Yazan:\" \/>\n\t<meta name=\"twitter:data1\" content=\"Memurun Sesi Haber Merkezi\" \/>\n\t<meta name=\"twitter:label2\" content=\"Tahmini okuma s\u00fcresi\" \/>\n\t<meta name=\"twitter:data2\" content=\"1 dakika\" \/>\n<script type=\"application\/ld+json\" class=\"yoast-schema-graph\">{\"@context\":\"https:\\\/\\\/schema.org\",\"@graph\":[{\"@type\":\"Article\",\"@id\":\"https:\\\/\\\/memurunsesi.net\\\/index.php\\\/2025\\\/03\\\/12\\\/kutahya-dumlupinar-universitesinde-iftar\\\/#article\",\"isPartOf\":{\"@id\":\"https:\\\/\\\/memurunsesi.net\\\/index.php\\\/2025\\\/03\\\/12\\\/kutahya-dumlupinar-universitesinde-iftar\\\/\"},\"author\":{\"name\":\"Memurun Sesi Haber Merkezi\",\"@id\":\"https:\\\/\\\/memurunsesi.net\\\/#\\\/schema\\\/person\\\/f21c2d73b89f6ee1d80b0a1803e38587\"},\"headline\":\"K\u00fctahya Dumlup\u0131nar \u00dcniversitesi&#8217;nde iftar\",\"datePublished\":\"2025-03-12T06:14:46+00:00\",\"mainEntityOfPage\":{\"@id\":\"https:\\\/\\\/memurunsesi.net\\\/index.php\\\/2025\\\/03\\\/12\\\/kutahya-dumlupinar-universitesinde-iftar\\\/\"},\"wordCount\":263,\"commentCount\":0,\"publisher\":{\"@id\":\"https:\\\/\\\/memurunsesi.net\\\/#organization\"},\"image\":{\"@id\":\"https:\\\/\\\/memurunsesi.net\\\/index.php\\\/2025\\\/03\\\/12\\\/kutahya-dumlupinar-universitesinde-iftar\\\/#primaryimage\"},\"thumbnailUrl\":\"https:\\\/\\\/memurunsesi.net\\\/wp-content\\\/uploads\\\/2025\\\/03\\\/AW410315_02.jpg\",\"articleSection\":[\"\u00dcniversiteden Haberler\"],\"inLanguage\":\"tr\",\"potentialAction\":[{\"@type\":\"CommentAction\",\"name\":\"Comment\",\"target\":[\"https:\\\/\\\/memurunsesi.net\\\/index.php\\\/2025\\\/03\\\/12\\\/kutahya-dumlupinar-universitesinde-iftar\\\/#respond\"]}]},{\"@type\":\"WebPage\",\"@id\":\"https:\\\/\\\/memurunsesi.net\\\/index.php\\\/2025\\\/03\\\/12\\\/kutahya-dumlupinar-universitesinde-iftar\\\/\",\"url\":\"https:\\\/\\\/memurunsesi.net\\\/index.php\\\/2025\\\/03\\\/12\\\/kutahya-dumlupinar-universitesinde-iftar\\\/\",\"name\":\"K\u00fctahya Dumlup\u0131nar \u00dcniversitesi'nde iftar - Memurun Sesi\",\"isPartOf\":{\"@id\":\"https:\\\/\\\/memurunsesi.net\\\/#website\"},\"primaryImageOfPage\":{\"@id\":\"https:\\\/\\\/memurunsesi.net\\\/index.php\\\/2025\\\/03\\\/12\\\/kutahya-dumlupinar-universitesinde-iftar\\\/#primaryimage\"},\"image\":{\"@id\":\"https:\\\/\\\/memurunsesi.net\\\/index.php\\\/2025\\\/03\\\/12\\\/kutahya-dumlupinar-universitesinde-iftar\\\/#primaryimage\"},\"thumbnailUrl\":\"https:\\\/\\\/memurunsesi.net\\\/wp-content\\\/uploads\\\/2025\\\/03\\\/AW410315_02.jpg\",\"datePublished\":\"2025-03-12T06:14:46+00:00\",\"breadcrumb\":{\"@id\":\"https:\\\/\\\/memurunsesi.net\\\/index.php\\\/2025\\\/03\\\/12\\\/kutahya-dumlupinar-universitesinde-iftar\\\/#breadcrumb\"},\"inLanguage\":\"tr\",\"potentialAction\":[{\"@type\":\"ReadAction\",\"target\":[\"https:\\\/\\\/memurunsesi.net\\\/index.php\\\/2025\\\/03\\\/12\\\/kutahya-dumlupinar-universitesinde-iftar\\\/\"]}]},{\"@type\":\"ImageObject\",\"inLanguage\":\"tr\",\"@id\":\"https:\\\/\\\/memurunsesi.net\\\/index.php\\\/2025\\\/03\\\/12\\\/kutahya-dumlupinar-universitesinde-iftar\\\/#primaryimage\",\"url\":\"https:\\\/\\\/memurunsesi.net\\\/wp-content\\\/uploads\\\/2025\\\/03\\\/AW410315_02.jpg\",\"contentUrl\":\"https:\\\/\\\/memurunsesi.net\\\/wp-content\\\/uploads\\\/2025\\\/03\\\/AW410315_02.jpg\",\"width\":1558,\"height\":692,\"caption\":\"K\u00dcTAHYA DUMLUPINAR \u00dcN\u0130VERS\u0130TES\u0130'NDE \u0130FTAR (H\u00dcSEY\u0130N EFE\\\/K\u00dcTAHYA-\u0130HA) K\u00fctahya Dumlup\u0131nar \u00dcniversitesi (DP\u00dc) Kilit Toplulu\u011fu'nun organize etti\u011fi Birlik \u0130ftar\u0131, Rekt\u00f6r Prof. Dr. S\u00fcleyman K\u0131z\u0131ltoprak'\u0131n ev sahipli\u011finde ve \u00f6\u011frenciler ve Birlik Vakf\u0131'n\u0131n y\u00f6neticilerinin kat\u0131l\u0131m\u0131yla ger\u00e7ekle\u015fti.\"},{\"@type\":\"BreadcrumbList\",\"@id\":\"https:\\\/\\\/memurunsesi.net\\\/index.php\\\/2025\\\/03\\\/12\\\/kutahya-dumlupinar-universitesinde-iftar\\\/#breadcrumb\",\"itemListElement\":[{\"@type\":\"ListItem\",\"position\":1,\"name\":\"Anasayfa\",\"item\":\"https:\\\/\\\/memurunsesi.net\\\/\"},{\"@type\":\"ListItem\",\"position\":2,\"name\":\"K\u00fctahya Dumlup\u0131nar \u00dcniversitesi&#8217;nde iftar\"}]},{\"@type\":\"WebSite\",\"@id\":\"https:\\\/\\\/memurunsesi.net\\\/#website\",\"url\":\"https:\\\/\\\/memurunsesi.net\\\/\",\"name\":\"Memurun Sesi\",\"description\":\"G\u00fcncel ve Do\u011fru Haber\",\"publisher\":{\"@id\":\"https:\\\/\\\/memurunsesi.net\\\/#organization\"},\"potentialAction\":[{\"@type\":\"SearchAction\",\"target\":{\"@type\":\"EntryPoint\",\"urlTemplate\":\"https:\\\/\\\/memurunsesi.net\\\/?s={search_term_string}\"},\"query-input\":{\"@type\":\"PropertyValueSpecification\",\"valueRequired\":true,\"valueName\":\"search_term_string\"}}],\"inLanguage\":\"tr\"},{\"@type\":\"Organization\",\"@id\":\"https:\\\/\\\/memurunsesi.net\\\/#organization\",\"name\":\"Memurun Sesi\",\"url\":\"https:\\\/\\\/memurunsesi.net\\\/\",\"logo\":{\"@type\":\"ImageObject\",\"inLanguage\":\"tr\",\"@id\":\"https:\\\/\\\/memurunsesi.net\\\/#\\\/schema\\\/logo\\\/image\\\/\",\"url\":\"https:\\\/\\\/memurunsesi.net\\\/wp-content\\\/uploads\\\/2025\\\/11\\\/cropped-MEMURUN-SESI.png\",\"contentUrl\":\"https:\\\/\\\/memurunsesi.net\\\/wp-content\\\/uploads\\\/2025\\\/11\\\/cropped-MEMURUN-SESI.png\",\"width\":238,\"height\":57,\"caption\":\"Memurun Sesi\"},\"image\":{\"@id\":\"https:\\\/\\\/memurunsesi.net\\\/#\\\/schema\\\/logo\\\/image\\\/\"},\"sameAs\":[\"https:\\\/\\\/www.facebook.com\\\/unipersen\\\/?locale=tr_TR\",\"https:\\\/\\\/x.com\\\/unipersen\"]},{\"@type\":\"Person\",\"@id\":\"https:\\\/\\\/memurunsesi.net\\\/#\\\/schema\\\/person\\\/f21c2d73b89f6ee1d80b0a1803e38587\",\"name\":\"Memurun Sesi Haber Merkezi\",\"image\":{\"@type\":\"ImageObject\",\"inLanguage\":\"tr\",\"@id\":\"https:\\\/\\\/secure.gravatar.com\\\/avatar\\\/6cf0505f452ee753f485014986fab09a434671d2b919ee76fc541025c5876a70?s=96&d=mm&r=g\",\"url\":\"https:\\\/\\\/secure.gravatar.com\\\/avatar\\\/6cf0505f452ee753f485014986fab09a434671d2b919ee76fc541025c5876a70?s=96&d=mm&r=g\",\"contentUrl\":\"https:\\\/\\\/secure.gravatar.com\\\/avatar\\\/6cf0505f452ee753f485014986fab09a434671d2b919ee76fc541025c5876a70?s=96&d=mm&r=g\",\"caption\":\"Memurun Sesi Haber Merkezi\"},\"sameAs\":[\"https:\\\/\\\/memurunsesi.net\"],\"url\":\"https:\\\/\\\/memurunsesi.net\\\/index.php\\\/author\\\/uniper\\\/\"}]}<\/script>\n<!-- \/ Yoast SEO plugin. -->","yoast_head_json":{"title":"K\u00fctahya Dumlup\u0131nar \u00dcniversitesi'nde iftar - Memurun Sesi","robots":{"index":"index","follow":"follow","max-snippet":"max-snippet:-1","max-image-preview":"max-image-preview:large","max-video-preview":"max-video-preview:-1"},"canonical":"https:\/\/memurunsesi.net\/index.php\/2025\/03\/12\/kutahya-dumlupinar-universitesinde-iftar\/","og_locale":"tr_TR","og_type":"article","og_title":"K\u00fctahya Dumlup\u0131nar \u00dcniversitesi'nde iftar - Memurun Sesi","og_description":"K\u00fctahya Dumlup\u0131nar \u00dcniversitesi (DP\u00dc) Kilit Toplulu\u011fu\u2019nun organize etti\u011fi Birlik \u0130ftar\u0131, Rekt\u00f6r Prof. Dr. S\u00fcleyman K\u0131z\u0131ltoprak\u2019\u0131n ev sahipli\u011finde ve \u00f6\u011frenciler ve Birlik Vakf\u0131&#8217;n\u0131n y\u00f6neticilerinin kat\u0131l\u0131m\u0131yla ger\u00e7ekle\u015fti. Rekt\u00f6r K\u0131z\u0131ltoprak, manevi de\u011ferlerin ve birlik beraberli\u011fin gen\u00e7ler i\u00e7in \u00f6nemli oldu\u011funu vurgulayarak, bu t\u00fcr organizasyonlara \u00fcniversite y\u00f6netimi olarak her zaman destek vereceklerini belirtti. \u0130ftara kat\u0131lan \u00f6\u011frenciler, Rekt\u00f6r K\u0131z\u0131ltoprak ile birebir [&hellip;]","og_url":"https:\/\/memurunsesi.net\/index.php\/2025\/03\/12\/kutahya-dumlupinar-universitesinde-iftar\/","og_site_name":"Memurun Sesi","article_publisher":"https:\/\/www.facebook.com\/unipersen\/?locale=tr_TR","article_published_time":"2025-03-12T06:14:46+00:00","og_image":[{"width":1558,"height":692,"url":"https:\/\/memurunsesi.net\/wp-content\/uploads\/2025\/03\/AW410315_02.jpg","type":"image\/jpeg"}],"author":"Memurun Sesi Haber Merkezi","twitter_card":"summary_large_image","twitter_creator":"@unipersen","twitter_site":"@unipersen","twitter_misc":{"Yazan:":"Memurun Sesi Haber Merkezi","Tahmini okuma s\u00fcresi":"1 dakika"},"schema":{"@context":"https:\/\/schema.org","@graph":[{"@type":"Article","@id":"https:\/\/memurunsesi.net\/index.php\/2025\/03\/12\/kutahya-dumlupinar-universitesinde-iftar\/#article","isPartOf":{"@id":"https:\/\/memurunsesi.net\/index.php\/2025\/03\/12\/kutahya-dumlupinar-universitesinde-iftar\/"},"author":{"name":"Memurun Sesi Haber Merkezi","@id":"https:\/\/memurunsesi.net\/#\/schema\/person\/f21c2d73b89f6ee1d80b0a1803e38587"},"headline":"K\u00fctahya Dumlup\u0131nar \u00dcniversitesi&#8217;nde iftar","datePublished":"2025-03-12T06:14:46+00:00","mainEntityOfPage":{"@id":"https:\/\/memurunsesi.net\/index.php\/2025\/03\/12\/kutahya-dumlupinar-universitesinde-iftar\/"},"wordCount":263,"commentCount":0,"publisher":{"@id":"https:\/\/memurunsesi.net\/#organization"},"image":{"@id":"https:\/\/memurunsesi.net\/index.php\/2025\/03\/12\/kutahya-dumlupinar-universitesinde-iftar\/#primaryimage"},"thumbnailUrl":"https:\/\/memurunsesi.net\/wp-content\/uploads\/2025\/03\/AW410315_02.jpg","articleSection":["\u00dcniversiteden Haberler"],"inLanguage":"tr","potentialAction":[{"@type":"CommentAction","name":"Comment","target":["https:\/\/memurunsesi.net\/index.php\/2025\/03\/12\/kutahya-dumlupinar-universitesinde-iftar\/#respond"]}]},{"@type":"WebPage","@id":"https:\/\/memurunsesi.net\/index.php\/2025\/03\/12\/kutahya-dumlupinar-universitesinde-iftar\/","url":"https:\/\/memurunsesi.net\/index.php\/2025\/03\/12\/kutahya-dumlupinar-universitesinde-iftar\/","name":"K\u00fctahya Dumlup\u0131nar \u00dcniversitesi'nde iftar - Memurun Sesi","isPartOf":{"@id":"https:\/\/memurunsesi.net\/#website"},"primaryImageOfPage":{"@id":"https:\/\/memurunsesi.net\/index.php\/2025\/03\/12\/kutahya-dumlupinar-universitesinde-iftar\/#primaryimage"},"image":{"@id":"https:\/\/memurunsesi.net\/index.php\/2025\/03\/12\/kutahya-dumlupinar-universitesinde-iftar\/#primaryimage"},"thumbnailUrl":"https:\/\/memurunsesi.net\/wp-content\/uploads\/2025\/03\/AW410315_02.jpg","datePublished":"2025-03-12T06:14:46+00:00","breadcrumb":{"@id":"https:\/\/memurunsesi.net\/index.php\/2025\/03\/12\/kutahya-dumlupinar-universitesinde-iftar\/#breadcrumb"},"inLanguage":"tr","potentialAction":[{"@type":"ReadAction","target":["https:\/\/memurunsesi.net\/index.php\/2025\/03\/12\/kutahya-dumlupinar-universitesinde-iftar\/"]}]},{"@type":"ImageObject","inLanguage":"tr","@id":"https:\/\/memurunsesi.net\/index.php\/2025\/03\/12\/kutahya-dumlupinar-universitesinde-iftar\/#primaryimage","url":"https:\/\/memurunsesi.net\/wp-content\/uploads\/2025\/03\/AW410315_02.jpg","contentUrl":"https:\/\/memurunsesi.net\/wp-content\/uploads\/2025\/03\/AW410315_02.jpg","width":1558,"height":692,"caption":"K\u00dcTAHYA DUMLUPINAR \u00dcN\u0130VERS\u0130TES\u0130'NDE \u0130FTAR (H\u00dcSEY\u0130N EFE\/K\u00dcTAHYA-\u0130HA) K\u00fctahya Dumlup\u0131nar \u00dcniversitesi (DP\u00dc) Kilit Toplulu\u011fu'nun organize etti\u011fi Birlik \u0130ftar\u0131, Rekt\u00f6r Prof. Dr. S\u00fcleyman K\u0131z\u0131ltoprak'\u0131n ev sahipli\u011finde ve \u00f6\u011frenciler ve Birlik Vakf\u0131'n\u0131n y\u00f6neticilerinin kat\u0131l\u0131m\u0131yla ger\u00e7ekle\u015fti."},{"@type":"BreadcrumbList","@id":"https:\/\/memurunsesi.net\/index.php\/2025\/03\/12\/kutahya-dumlupinar-universitesinde-iftar\/#breadcrumb","itemListElement":[{"@type":"ListItem","position":1,"name":"Anasayfa","item":"https:\/\/memurunsesi.net\/"},{"@type":"ListItem","position":2,"name":"K\u00fctahya Dumlup\u0131nar \u00dcniversitesi&#8217;nde iftar"}]},{"@type":"WebSite","@id":"https:\/\/memurunsesi.net\/#website","url":"https:\/\/memurunsesi.net\/","name":"Memurun Sesi","description":"G\u00fcncel ve Do\u011fru Haber","publisher":{"@id":"https:\/\/memurunsesi.net\/#organization"},"potentialAction":[{"@type":"SearchAction","target":{"@type":"EntryPoint","urlTemplate":"https:\/\/memurunsesi.net\/?s={search_term_string}"},"query-input":{"@type":"PropertyValueSpecification","valueRequired":true,"valueName":"search_term_string"}}],"inLanguage":"tr"},{"@type":"Organization","@id":"https:\/\/memurunsesi.net\/#organization","name":"Memurun Sesi","url":"https:\/\/memurunsesi.net\/","logo":{"@type":"ImageObject","inLanguage":"tr","@id":"https:\/\/memurunsesi.net\/#\/schema\/logo\/image\/","url":"https:\/\/memurunsesi.net\/wp-content\/uploads\/2025\/11\/cropped-MEMURUN-SESI.png","contentUrl":"https:\/\/memurunsesi.net\/wp-content\/uploads\/2025\/11\/cropped-MEMURUN-SESI.png","width":238,"height":57,"caption":"Memurun Sesi"},"image":{"@id":"https:\/\/memurunsesi.net\/#\/schema\/logo\/image\/"},"sameAs":["https:\/\/www.facebook.com\/unipersen\/?locale=tr_TR","https:\/\/x.com\/unipersen"]},{"@type":"Person","@id":"https:\/\/memurunsesi.net\/#\/schema\/person\/f21c2d73b89f6ee1d80b0a1803e38587","name":"Memurun Sesi Haber Merkezi","image":{"@type":"ImageObject","inLanguage":"tr","@id":"https:\/\/secure.gravatar.com\/avatar\/6cf0505f452ee753f485014986fab09a434671d2b919ee76fc541025c5876a70?s=96&d=mm&r=g","url":"https:\/\/secure.gravatar.com\/avatar\/6cf0505f452ee753f485014986fab09a434671d2b919ee76fc541025c5876a70?s=96&d=mm&r=g","contentUrl":"https:\/\/secure.gravatar.com\/avatar\/6cf0505f452ee753f485014986fab09a434671d2b919ee76fc541025c5876a70?s=96&d=mm&r=g","caption":"Memurun Sesi Haber Merkezi"},"sameAs":["https:\/\/memurunsesi.net"],"url":"https:\/\/memurunsesi.net\/index.php\/author\/uniper\/"}]}},"_links":{"self":[{"href":"https:\/\/memurunsesi.net\/index.php\/wp-json\/wp\/v2\/posts\/4089","targetHints":{"allow":["GET"]}}],"collection":[{"href":"https:\/\/memurunsesi.net\/index.php\/wp-json\/wp\/v2\/posts"}],"about":[{"href":"https:\/\/memurunsesi.net\/index.php\/wp-json\/wp\/v2\/types\/post"}],"author":[{"embeddable":true,"href":"https:\/\/memurunsesi.net\/index.php\/wp-json\/wp\/v2\/users\/1"}],"replies":[{"embeddable":true,"href":"https:\/\/memurunsesi.net\/index.php\/wp-json\/wp\/v2\/comments?post=4089"}],"version-history":[{"count":1,"href":"https:\/\/memurunsesi.net\/index.php\/wp-json\/wp\/v2\/posts\/4089\/revisions"}],"predecessor-version":[{"id":4091,"href":"https:\/\/memurunsesi.net\/index.php\/wp-json\/wp\/v2\/posts\/4089\/revisions\/4091"}],"wp:featuredmedia":[{"embeddable":true,"href":"https:\/\/memurunsesi.net\/index.php\/wp-json\/wp\/v2\/media\/4090"}],"wp:attachment":[{"href":"https:\/\/memurunsesi.net\/index.php\/wp-json\/wp\/v2\/media?parent=4089"}],"wp:term":[{"taxonomy":"category","embeddable":true,"href":"https:\/\/memurunsesi.net\/index.php\/wp-json\/wp\/v2\/categories?post=4089"},{"taxonomy":"post_tag","embeddable":true,"href":"https:\/\/memurunsesi.net\/index.php\/wp-json\/wp\/v2\/tags?post=4089"}],"curies":[{"name":"wp","href":"https:\/\/api.w.org\/{rel}","templated":true}]}}