{"id":4095,"date":"2025-03-13T08:46:15","date_gmt":"2025-03-13T05:46:15","guid":{"rendered":"https:\/\/memurunsesi.net\/?p=4095"},"modified":"2025-03-13T08:46:15","modified_gmt":"2025-03-13T05:46:15","slug":"kartalda-6-katli-binada-korkutan-yangin","status":"publish","type":"post","link":"https:\/\/memurunsesi.net\/index.php\/2025\/03\/13\/kartalda-6-katli-binada-korkutan-yangin\/","title":{"rendered":"Kartal&#8217;da 6 katl\u0131 binada korkutan yang\u0131n"},"content":{"rendered":"<p>Kartal&#8217;da 6 katl\u0131 bo\u015f bir binan\u0131n \u00e7at\u0131s\u0131nda meydana gelen yang\u0131n pani\u011fe neden oldu. \u0130tfaiye ekipleri yang\u0131na, biti\u015fikteki binalara s\u0131\u00e7ramadan m\u00fcdahale etti.<\/p>\n<p>Olay, saat 05.30 s\u0131ralar\u0131nda Yukar\u0131 Mahalle Do\u011fan Sokak&#8217;taki bo\u015f bir binada meydana geldi. \u00c7evre sakinlerinin iddias\u0131na g\u00f6re 6 katl\u0131 metruk binan\u0131n 5. kat\u0131nda 3 ki\u015fi taraf\u0131ndan yak\u0131lan ate\u015f b\u00fcy\u00fcyerek \u00e7at\u0131 kat\u0131na s\u0131\u00e7rad\u0131. \u015eah\u0131slar ise ko\u015farak binay\u0131 terk etti. Durum \u00fczerine lojman olarak kullan\u0131lan yan binan\u0131n sakinleri tedbiren tahliye edilirken durum itfaiye, polis ve sa\u011fl\u0131k ekiplerine haber verildi. \u0130tfaiye ekipleri taraf\u0131ndan yap\u0131lan m\u00fcdahale sonucu yang\u0131n kontrol alt\u0131na al\u0131narak di\u011fer binalara sirayeti engellendi.<\/p>\n<p>So\u011futma \u00e7al\u0131\u015fmalar\u0131n\u0131n ard\u0131ndan ekipler olay yerinden ayr\u0131ld\u0131. Olayla ilgili \u00e7al\u0131\u015fma ba\u015flat\u0131ld\u0131.<\/p>\n<p>13.03.2025<\/p>\n","protected":false},"excerpt":{"rendered":"<p>Kartal&#8217;da 6 katl\u0131 bo\u015f bir binan\u0131n \u00e7at\u0131s\u0131nda meydana gelen yang\u0131n pani\u011fe neden oldu. \u0130tfaiye ekipleri yang\u0131na, biti\u015fikteki binalara s\u0131\u00e7ramadan m\u00fcdahale etti. Olay, saat 05.30 s\u0131ralar\u0131nda Yukar\u0131 Mahalle Do\u011fan Sokak&#8217;taki bo\u015f bir binada meydana geldi. \u00c7evre sakinlerinin iddias\u0131na g\u00f6re 6 katl\u0131 metruk binan\u0131n 5. kat\u0131nda 3 ki\u015fi taraf\u0131ndan yak\u0131lan ate\u015f b\u00fcy\u00fcyerek \u00e7at\u0131 kat\u0131na s\u0131\u00e7rad\u0131. \u015eah\u0131slar ise [&hellip;]<\/p>\n","protected":false},"author":1,"featured_media":4096,"comment_status":"open","ping_status":"open","sticky":false,"template":"","format":"standard","meta":{"footnotes":""},"categories":[1],"tags":[],"class_list":["post-4095","post","type-post","status-publish","format-standard","has-post-thumbnail","hentry","category-genel"],"yoast_head":"<!-- This site is optimized with the Yoast SEO plugin v27.4 - https:\/\/yoast.com\/product\/yoast-seo-wordpress\/ -->\n<title>Kartal&#039;da 6 katl\u0131 binada korkutan yang\u0131n - Memurun Sesi<\/title>\n<meta name=\"robots\" content=\"index, follow, max-snippet:-1, max-image-preview:large, max-video-preview:-1\" \/>\n<link rel=\"canonical\" href=\"https:\/\/memurunsesi.net\/index.php\/2025\/03\/13\/kartalda-6-katli-binada-korkutan-yangin\/\" \/>\n<meta property=\"og:locale\" content=\"tr_TR\" \/>\n<meta property=\"og:type\" content=\"article\" \/>\n<meta property=\"og:title\" content=\"Kartal&#039;da 6 katl\u0131 binada korkutan yang\u0131n - Memurun Sesi\" \/>\n<meta property=\"og:description\" content=\"Kartal&#8217;da 6 katl\u0131 bo\u015f bir binan\u0131n \u00e7at\u0131s\u0131nda meydana gelen yang\u0131n pani\u011fe neden oldu. \u0130tfaiye ekipleri yang\u0131na, biti\u015fikteki binalara s\u0131\u00e7ramadan m\u00fcdahale etti. Olay, saat 05.30 s\u0131ralar\u0131nda Yukar\u0131 Mahalle Do\u011fan Sokak&#8217;taki bo\u015f bir binada meydana geldi. \u00c7evre sakinlerinin iddias\u0131na g\u00f6re 6 katl\u0131 metruk binan\u0131n 5. kat\u0131nda 3 ki\u015fi taraf\u0131ndan yak\u0131lan ate\u015f b\u00fcy\u00fcyerek \u00e7at\u0131 kat\u0131na s\u0131\u00e7rad\u0131. \u015eah\u0131slar ise [&hellip;]\" \/>\n<meta property=\"og:url\" content=\"https:\/\/memurunsesi.net\/index.php\/2025\/03\/13\/kartalda-6-katli-binada-korkutan-yangin\/\" \/>\n<meta property=\"og:site_name\" content=\"Memurun Sesi\" \/>\n<meta property=\"article:publisher\" content=\"https:\/\/www.facebook.com\/unipersen\/?locale=tr_TR\" \/>\n<meta property=\"article:published_time\" content=\"2025-03-13T05:46:15+00:00\" \/>\n<meta property=\"og:image\" content=\"https:\/\/memurunsesi.net\/wp-content\/uploads\/2025\/03\/AW411163_01-scaled.jpg\" \/>\n\t<meta property=\"og:image:width\" content=\"2560\" \/>\n\t<meta property=\"og:image:height\" content=\"1920\" \/>\n\t<meta property=\"og:image:type\" content=\"image\/jpeg\" \/>\n<meta name=\"author\" content=\"Memurun Sesi Haber Merkezi\" \/>\n<meta name=\"twitter:card\" content=\"summary_large_image\" \/>\n<meta name=\"twitter:creator\" content=\"@unipersen\" \/>\n<meta name=\"twitter:site\" content=\"@unipersen\" \/>\n<meta name=\"twitter:label1\" content=\"Yazan:\" \/>\n\t<meta name=\"twitter:data1\" content=\"Memurun Sesi Haber Merkezi\" \/>\n\t<meta name=\"twitter:label2\" content=\"Tahmini okuma s\u00fcresi\" \/>\n\t<meta name=\"twitter:data2\" content=\"1 dakika\" \/>\n<script type=\"application\/ld+json\" class=\"yoast-schema-graph\">{\"@context\":\"https:\\\/\\\/schema.org\",\"@graph\":[{\"@type\":\"Article\",\"@id\":\"https:\\\/\\\/memurunsesi.net\\\/index.php\\\/2025\\\/03\\\/13\\\/kartalda-6-katli-binada-korkutan-yangin\\\/#article\",\"isPartOf\":{\"@id\":\"https:\\\/\\\/memurunsesi.net\\\/index.php\\\/2025\\\/03\\\/13\\\/kartalda-6-katli-binada-korkutan-yangin\\\/\"},\"author\":{\"name\":\"Memurun Sesi Haber Merkezi\",\"@id\":\"https:\\\/\\\/memurunsesi.net\\\/#\\\/schema\\\/person\\\/f21c2d73b89f6ee1d80b0a1803e38587\"},\"headline\":\"Kartal&#8217;da 6 katl\u0131 binada korkutan yang\u0131n\",\"datePublished\":\"2025-03-13T05:46:15+00:00\",\"mainEntityOfPage\":{\"@id\":\"https:\\\/\\\/memurunsesi.net\\\/index.php\\\/2025\\\/03\\\/13\\\/kartalda-6-katli-binada-korkutan-yangin\\\/\"},\"wordCount\":152,\"commentCount\":0,\"publisher\":{\"@id\":\"https:\\\/\\\/memurunsesi.net\\\/#organization\"},\"image\":{\"@id\":\"https:\\\/\\\/memurunsesi.net\\\/index.php\\\/2025\\\/03\\\/13\\\/kartalda-6-katli-binada-korkutan-yangin\\\/#primaryimage\"},\"thumbnailUrl\":\"https:\\\/\\\/memurunsesi.net\\\/wp-content\\\/uploads\\\/2025\\\/03\\\/AW411163_01-scaled.jpg\",\"inLanguage\":\"tr\",\"potentialAction\":[{\"@type\":\"CommentAction\",\"name\":\"Comment\",\"target\":[\"https:\\\/\\\/memurunsesi.net\\\/index.php\\\/2025\\\/03\\\/13\\\/kartalda-6-katli-binada-korkutan-yangin\\\/#respond\"]}]},{\"@type\":\"WebPage\",\"@id\":\"https:\\\/\\\/memurunsesi.net\\\/index.php\\\/2025\\\/03\\\/13\\\/kartalda-6-katli-binada-korkutan-yangin\\\/\",\"url\":\"https:\\\/\\\/memurunsesi.net\\\/index.php\\\/2025\\\/03\\\/13\\\/kartalda-6-katli-binada-korkutan-yangin\\\/\",\"name\":\"Kartal'da 6 katl\u0131 binada korkutan yang\u0131n - Memurun Sesi\",\"isPartOf\":{\"@id\":\"https:\\\/\\\/memurunsesi.net\\\/#website\"},\"primaryImageOfPage\":{\"@id\":\"https:\\\/\\\/memurunsesi.net\\\/index.php\\\/2025\\\/03\\\/13\\\/kartalda-6-katli-binada-korkutan-yangin\\\/#primaryimage\"},\"image\":{\"@id\":\"https:\\\/\\\/memurunsesi.net\\\/index.php\\\/2025\\\/03\\\/13\\\/kartalda-6-katli-binada-korkutan-yangin\\\/#primaryimage\"},\"thumbnailUrl\":\"https:\\\/\\\/memurunsesi.net\\\/wp-content\\\/uploads\\\/2025\\\/03\\\/AW411163_01-scaled.jpg\",\"datePublished\":\"2025-03-13T05:46:15+00:00\",\"breadcrumb\":{\"@id\":\"https:\\\/\\\/memurunsesi.net\\\/index.php\\\/2025\\\/03\\\/13\\\/kartalda-6-katli-binada-korkutan-yangin\\\/#breadcrumb\"},\"inLanguage\":\"tr\",\"potentialAction\":[{\"@type\":\"ReadAction\",\"target\":[\"https:\\\/\\\/memurunsesi.net\\\/index.php\\\/2025\\\/03\\\/13\\\/kartalda-6-katli-binada-korkutan-yangin\\\/\"]}]},{\"@type\":\"ImageObject\",\"inLanguage\":\"tr\",\"@id\":\"https:\\\/\\\/memurunsesi.net\\\/index.php\\\/2025\\\/03\\\/13\\\/kartalda-6-katli-binada-korkutan-yangin\\\/#primaryimage\",\"url\":\"https:\\\/\\\/memurunsesi.net\\\/wp-content\\\/uploads\\\/2025\\\/03\\\/AW411163_01-scaled.jpg\",\"contentUrl\":\"https:\\\/\\\/memurunsesi.net\\\/wp-content\\\/uploads\\\/2025\\\/03\\\/AW411163_01-scaled.jpg\",\"width\":2560,\"height\":1920,\"caption\":\"KARTAL'DA KORKUTAN YANGIN (AHMET EM\u0130N \u015eENT\u00dcRK\\\/\u0130STANBUL-\u0130HA) Kartal'da 6 katl\u0131 bo\u015f bir binan\u0131n \u00e7at\u0131s\u0131nda meydana gelen yang\u0131n pani\u011fe neden oldu. \u0130tfaiye ekipleri yang\u0131na, biti\u015fikteki binalara s\u0131\u00e7ramadan m\u00fcdahale etti.\"},{\"@type\":\"BreadcrumbList\",\"@id\":\"https:\\\/\\\/memurunsesi.net\\\/index.php\\\/2025\\\/03\\\/13\\\/kartalda-6-katli-binada-korkutan-yangin\\\/#breadcrumb\",\"itemListElement\":[{\"@type\":\"ListItem\",\"position\":1,\"name\":\"Anasayfa\",\"item\":\"https:\\\/\\\/memurunsesi.net\\\/\"},{\"@type\":\"ListItem\",\"position\":2,\"name\":\"Kartal&#8217;da 6 katl\u0131 binada korkutan yang\u0131n\"}]},{\"@type\":\"WebSite\",\"@id\":\"https:\\\/\\\/memurunsesi.net\\\/#website\",\"url\":\"https:\\\/\\\/memurunsesi.net\\\/\",\"name\":\"Memurun Sesi\",\"description\":\"G\u00fcncel ve Do\u011fru Haber\",\"publisher\":{\"@id\":\"https:\\\/\\\/memurunsesi.net\\\/#organization\"},\"potentialAction\":[{\"@type\":\"SearchAction\",\"target\":{\"@type\":\"EntryPoint\",\"urlTemplate\":\"https:\\\/\\\/memurunsesi.net\\\/?s={search_term_string}\"},\"query-input\":{\"@type\":\"PropertyValueSpecification\",\"valueRequired\":true,\"valueName\":\"search_term_string\"}}],\"inLanguage\":\"tr\"},{\"@type\":\"Organization\",\"@id\":\"https:\\\/\\\/memurunsesi.net\\\/#organization\",\"name\":\"Memurun Sesi\",\"url\":\"https:\\\/\\\/memurunsesi.net\\\/\",\"logo\":{\"@type\":\"ImageObject\",\"inLanguage\":\"tr\",\"@id\":\"https:\\\/\\\/memurunsesi.net\\\/#\\\/schema\\\/logo\\\/image\\\/\",\"url\":\"https:\\\/\\\/memurunsesi.net\\\/wp-content\\\/uploads\\\/2025\\\/11\\\/cropped-MEMURUN-SESI.png\",\"contentUrl\":\"https:\\\/\\\/memurunsesi.net\\\/wp-content\\\/uploads\\\/2025\\\/11\\\/cropped-MEMURUN-SESI.png\",\"width\":238,\"height\":57,\"caption\":\"Memurun Sesi\"},\"image\":{\"@id\":\"https:\\\/\\\/memurunsesi.net\\\/#\\\/schema\\\/logo\\\/image\\\/\"},\"sameAs\":[\"https:\\\/\\\/www.facebook.com\\\/unipersen\\\/?locale=tr_TR\",\"https:\\\/\\\/x.com\\\/unipersen\"]},{\"@type\":\"Person\",\"@id\":\"https:\\\/\\\/memurunsesi.net\\\/#\\\/schema\\\/person\\\/f21c2d73b89f6ee1d80b0a1803e38587\",\"name\":\"Memurun Sesi Haber Merkezi\",\"image\":{\"@type\":\"ImageObject\",\"inLanguage\":\"tr\",\"@id\":\"https:\\\/\\\/secure.gravatar.com\\\/avatar\\\/6cf0505f452ee753f485014986fab09a434671d2b919ee76fc541025c5876a70?s=96&d=mm&r=g\",\"url\":\"https:\\\/\\\/secure.gravatar.com\\\/avatar\\\/6cf0505f452ee753f485014986fab09a434671d2b919ee76fc541025c5876a70?s=96&d=mm&r=g\",\"contentUrl\":\"https:\\\/\\\/secure.gravatar.com\\\/avatar\\\/6cf0505f452ee753f485014986fab09a434671d2b919ee76fc541025c5876a70?s=96&d=mm&r=g\",\"caption\":\"Memurun Sesi Haber Merkezi\"},\"sameAs\":[\"https:\\\/\\\/memurunsesi.net\"],\"url\":\"https:\\\/\\\/memurunsesi.net\\\/index.php\\\/author\\\/uniper\\\/\"}]}<\/script>\n<!-- \/ Yoast SEO plugin. -->","yoast_head_json":{"title":"Kartal'da 6 katl\u0131 binada korkutan yang\u0131n - Memurun Sesi","robots":{"index":"index","follow":"follow","max-snippet":"max-snippet:-1","max-image-preview":"max-image-preview:large","max-video-preview":"max-video-preview:-1"},"canonical":"https:\/\/memurunsesi.net\/index.php\/2025\/03\/13\/kartalda-6-katli-binada-korkutan-yangin\/","og_locale":"tr_TR","og_type":"article","og_title":"Kartal'da 6 katl\u0131 binada korkutan yang\u0131n - Memurun Sesi","og_description":"Kartal&#8217;da 6 katl\u0131 bo\u015f bir binan\u0131n \u00e7at\u0131s\u0131nda meydana gelen yang\u0131n pani\u011fe neden oldu. \u0130tfaiye ekipleri yang\u0131na, biti\u015fikteki binalara s\u0131\u00e7ramadan m\u00fcdahale etti. Olay, saat 05.30 s\u0131ralar\u0131nda Yukar\u0131 Mahalle Do\u011fan Sokak&#8217;taki bo\u015f bir binada meydana geldi. \u00c7evre sakinlerinin iddias\u0131na g\u00f6re 6 katl\u0131 metruk binan\u0131n 5. kat\u0131nda 3 ki\u015fi taraf\u0131ndan yak\u0131lan ate\u015f b\u00fcy\u00fcyerek \u00e7at\u0131 kat\u0131na s\u0131\u00e7rad\u0131. \u015eah\u0131slar ise [&hellip;]","og_url":"https:\/\/memurunsesi.net\/index.php\/2025\/03\/13\/kartalda-6-katli-binada-korkutan-yangin\/","og_site_name":"Memurun Sesi","article_publisher":"https:\/\/www.facebook.com\/unipersen\/?locale=tr_TR","article_published_time":"2025-03-13T05:46:15+00:00","og_image":[{"width":2560,"height":1920,"url":"https:\/\/memurunsesi.net\/wp-content\/uploads\/2025\/03\/AW411163_01-scaled.jpg","type":"image\/jpeg"}],"author":"Memurun Sesi Haber Merkezi","twitter_card":"summary_large_image","twitter_creator":"@unipersen","twitter_site":"@unipersen","twitter_misc":{"Yazan:":"Memurun Sesi Haber Merkezi","Tahmini okuma s\u00fcresi":"1 dakika"},"schema":{"@context":"https:\/\/schema.org","@graph":[{"@type":"Article","@id":"https:\/\/memurunsesi.net\/index.php\/2025\/03\/13\/kartalda-6-katli-binada-korkutan-yangin\/#article","isPartOf":{"@id":"https:\/\/memurunsesi.net\/index.php\/2025\/03\/13\/kartalda-6-katli-binada-korkutan-yangin\/"},"author":{"name":"Memurun Sesi Haber Merkezi","@id":"https:\/\/memurunsesi.net\/#\/schema\/person\/f21c2d73b89f6ee1d80b0a1803e38587"},"headline":"Kartal&#8217;da 6 katl\u0131 binada korkutan yang\u0131n","datePublished":"2025-03-13T05:46:15+00:00","mainEntityOfPage":{"@id":"https:\/\/memurunsesi.net\/index.php\/2025\/03\/13\/kartalda-6-katli-binada-korkutan-yangin\/"},"wordCount":152,"commentCount":0,"publisher":{"@id":"https:\/\/memurunsesi.net\/#organization"},"image":{"@id":"https:\/\/memurunsesi.net\/index.php\/2025\/03\/13\/kartalda-6-katli-binada-korkutan-yangin\/#primaryimage"},"thumbnailUrl":"https:\/\/memurunsesi.net\/wp-content\/uploads\/2025\/03\/AW411163_01-scaled.jpg","inLanguage":"tr","potentialAction":[{"@type":"CommentAction","name":"Comment","target":["https:\/\/memurunsesi.net\/index.php\/2025\/03\/13\/kartalda-6-katli-binada-korkutan-yangin\/#respond"]}]},{"@type":"WebPage","@id":"https:\/\/memurunsesi.net\/index.php\/2025\/03\/13\/kartalda-6-katli-binada-korkutan-yangin\/","url":"https:\/\/memurunsesi.net\/index.php\/2025\/03\/13\/kartalda-6-katli-binada-korkutan-yangin\/","name":"Kartal'da 6 katl\u0131 binada korkutan yang\u0131n - Memurun Sesi","isPartOf":{"@id":"https:\/\/memurunsesi.net\/#website"},"primaryImageOfPage":{"@id":"https:\/\/memurunsesi.net\/index.php\/2025\/03\/13\/kartalda-6-katli-binada-korkutan-yangin\/#primaryimage"},"image":{"@id":"https:\/\/memurunsesi.net\/index.php\/2025\/03\/13\/kartalda-6-katli-binada-korkutan-yangin\/#primaryimage"},"thumbnailUrl":"https:\/\/memurunsesi.net\/wp-content\/uploads\/2025\/03\/AW411163_01-scaled.jpg","datePublished":"2025-03-13T05:46:15+00:00","breadcrumb":{"@id":"https:\/\/memurunsesi.net\/index.php\/2025\/03\/13\/kartalda-6-katli-binada-korkutan-yangin\/#breadcrumb"},"inLanguage":"tr","potentialAction":[{"@type":"ReadAction","target":["https:\/\/memurunsesi.net\/index.php\/2025\/03\/13\/kartalda-6-katli-binada-korkutan-yangin\/"]}]},{"@type":"ImageObject","inLanguage":"tr","@id":"https:\/\/memurunsesi.net\/index.php\/2025\/03\/13\/kartalda-6-katli-binada-korkutan-yangin\/#primaryimage","url":"https:\/\/memurunsesi.net\/wp-content\/uploads\/2025\/03\/AW411163_01-scaled.jpg","contentUrl":"https:\/\/memurunsesi.net\/wp-content\/uploads\/2025\/03\/AW411163_01-scaled.jpg","width":2560,"height":1920,"caption":"KARTAL'DA KORKUTAN YANGIN (AHMET EM\u0130N \u015eENT\u00dcRK\/\u0130STANBUL-\u0130HA) Kartal'da 6 katl\u0131 bo\u015f bir binan\u0131n \u00e7at\u0131s\u0131nda meydana gelen yang\u0131n pani\u011fe neden oldu. \u0130tfaiye ekipleri yang\u0131na, biti\u015fikteki binalara s\u0131\u00e7ramadan m\u00fcdahale etti."},{"@type":"BreadcrumbList","@id":"https:\/\/memurunsesi.net\/index.php\/2025\/03\/13\/kartalda-6-katli-binada-korkutan-yangin\/#breadcrumb","itemListElement":[{"@type":"ListItem","position":1,"name":"Anasayfa","item":"https:\/\/memurunsesi.net\/"},{"@type":"ListItem","position":2,"name":"Kartal&#8217;da 6 katl\u0131 binada korkutan yang\u0131n"}]},{"@type":"WebSite","@id":"https:\/\/memurunsesi.net\/#website","url":"https:\/\/memurunsesi.net\/","name":"Memurun Sesi","description":"G\u00fcncel ve Do\u011fru Haber","publisher":{"@id":"https:\/\/memurunsesi.net\/#organization"},"potentialAction":[{"@type":"SearchAction","target":{"@type":"EntryPoint","urlTemplate":"https:\/\/memurunsesi.net\/?s={search_term_string}"},"query-input":{"@type":"PropertyValueSpecification","valueRequired":true,"valueName":"search_term_string"}}],"inLanguage":"tr"},{"@type":"Organization","@id":"https:\/\/memurunsesi.net\/#organization","name":"Memurun Sesi","url":"https:\/\/memurunsesi.net\/","logo":{"@type":"ImageObject","inLanguage":"tr","@id":"https:\/\/memurunsesi.net\/#\/schema\/logo\/image\/","url":"https:\/\/memurunsesi.net\/wp-content\/uploads\/2025\/11\/cropped-MEMURUN-SESI.png","contentUrl":"https:\/\/memurunsesi.net\/wp-content\/uploads\/2025\/11\/cropped-MEMURUN-SESI.png","width":238,"height":57,"caption":"Memurun Sesi"},"image":{"@id":"https:\/\/memurunsesi.net\/#\/schema\/logo\/image\/"},"sameAs":["https:\/\/www.facebook.com\/unipersen\/?locale=tr_TR","https:\/\/x.com\/unipersen"]},{"@type":"Person","@id":"https:\/\/memurunsesi.net\/#\/schema\/person\/f21c2d73b89f6ee1d80b0a1803e38587","name":"Memurun Sesi Haber Merkezi","image":{"@type":"ImageObject","inLanguage":"tr","@id":"https:\/\/secure.gravatar.com\/avatar\/6cf0505f452ee753f485014986fab09a434671d2b919ee76fc541025c5876a70?s=96&d=mm&r=g","url":"https:\/\/secure.gravatar.com\/avatar\/6cf0505f452ee753f485014986fab09a434671d2b919ee76fc541025c5876a70?s=96&d=mm&r=g","contentUrl":"https:\/\/secure.gravatar.com\/avatar\/6cf0505f452ee753f485014986fab09a434671d2b919ee76fc541025c5876a70?s=96&d=mm&r=g","caption":"Memurun Sesi Haber Merkezi"},"sameAs":["https:\/\/memurunsesi.net"],"url":"https:\/\/memurunsesi.net\/index.php\/author\/uniper\/"}]}},"_links":{"self":[{"href":"https:\/\/memurunsesi.net\/index.php\/wp-json\/wp\/v2\/posts\/4095","targetHints":{"allow":["GET"]}}],"collection":[{"href":"https:\/\/memurunsesi.net\/index.php\/wp-json\/wp\/v2\/posts"}],"about":[{"href":"https:\/\/memurunsesi.net\/index.php\/wp-json\/wp\/v2\/types\/post"}],"author":[{"embeddable":true,"href":"https:\/\/memurunsesi.net\/index.php\/wp-json\/wp\/v2\/users\/1"}],"replies":[{"embeddable":true,"href":"https:\/\/memurunsesi.net\/index.php\/wp-json\/wp\/v2\/comments?post=4095"}],"version-history":[{"count":1,"href":"https:\/\/memurunsesi.net\/index.php\/wp-json\/wp\/v2\/posts\/4095\/revisions"}],"predecessor-version":[{"id":4097,"href":"https:\/\/memurunsesi.net\/index.php\/wp-json\/wp\/v2\/posts\/4095\/revisions\/4097"}],"wp:featuredmedia":[{"embeddable":true,"href":"https:\/\/memurunsesi.net\/index.php\/wp-json\/wp\/v2\/media\/4096"}],"wp:attachment":[{"href":"https:\/\/memurunsesi.net\/index.php\/wp-json\/wp\/v2\/media?parent=4095"}],"wp:term":[{"taxonomy":"category","embeddable":true,"href":"https:\/\/memurunsesi.net\/index.php\/wp-json\/wp\/v2\/categories?post=4095"},{"taxonomy":"post_tag","embeddable":true,"href":"https:\/\/memurunsesi.net\/index.php\/wp-json\/wp\/v2\/tags?post=4095"}],"curies":[{"name":"wp","href":"https:\/\/api.w.org\/{rel}","templated":true}]}}