{"id":4118,"date":"2025-03-13T08:59:21","date_gmt":"2025-03-13T05:59:21","guid":{"rendered":"https:\/\/memurunsesi.net\/?p=4118"},"modified":"2025-03-13T08:59:21","modified_gmt":"2025-03-13T05:59:21","slug":"guzelkoyluler-buyuksehirin-iftarinda-bulustu","status":"publish","type":"post","link":"https:\/\/memurunsesi.net\/index.php\/2025\/03\/13\/guzelkoyluler-buyuksehirin-iftarinda-bulustu\/","title":{"rendered":"G\u00fczelk\u00f6yl\u00fcler B\u00fcy\u00fck\u015fehir&#8217;in iftar\u0131nda bulu\u015ftu"},"content":{"rendered":"<p>Ayd\u0131n B\u00fcy\u00fck\u015fehir Belediyesi, Ramazan ay\u0131n\u0131n manevi atmosferini payla\u015fmak ve dayan\u0131\u015fma ruhunu g\u00fc\u00e7lendirmek amac\u0131yla il genelinde iftar sofralar\u0131 kurmaya devam ediyor.<\/p>\n<p>Ramazan ay\u0131 ile birlikte halk\u0131 bir araya getirmek ve kayna\u015ft\u0131rmak amac\u0131yla iftar sofralar\u0131 kurmaya devam eden Ayd\u0131n B\u00fcy\u00fck\u015fehir Belediyesi, Nazilli&#8217;nin k\u0131rsal G\u00fczelk\u00f6y Mahallesi&#8217;nde kurdu\u011fu iftar sofras\u0131 ile b\u00fcy\u00fck takdir toplad\u0131. Nazilli Belediye Ba\u015fkan Yard\u0131mc\u0131s\u0131 Selahattin Y\u0131lmaz, Ayd\u0131n B\u00fcy\u00fck\u015fehir Belediyesi ve Nazilli Belediyesi Meclis \u00dcyeleri Serkan Sevim ve G\u00fcrel \u00c7\u0131rpanl\u0131, ASK\u0130 Emlak \u0130stimlak Daire Ba\u015fkan\u0131 Cengiz S\u00fcne, G\u00fczelk\u00f6y Mahalle Muhtar\u0131 \u0130brahim Irmak ve mahalle sakinlerinin yo\u011fun kat\u0131l\u0131m g\u00f6sterdi\u011fi programda ak\u015fam ezan\u0131 ile birlikte dualarla oru\u00e7lar a\u00e7\u0131ld\u0131. Mahalle Muhtar\u0131 \u0130brahim Irmak ve vatanda\u015flar iftar program\u0131ndan duyduklar\u0131 memnuniyeti dile getirerek, Ayd\u0131n B\u00fcy\u00fck\u015fehir Belediye Ba\u015fkan\u0131 \u00d6zlem \u00c7er\u00e7io\u011flu&#8217;na bu anlaml\u0131 organizasyon i\u00e7in te\u015fekk\u00fcr etti. Ayd\u0131n B\u00fcy\u00fck\u015fehir Belediyesi, 13 g\u00fcn\u00fcn geride kald\u0131\u011f\u0131 Ramazan ay\u0131 boyunca farkl\u0131 mahallelerde iftar sofralar\u0131 kurarak vatanda\u015flar\u0131 ayn\u0131 sofrada bulu\u015fturmaya devam edecek.<\/p>\n<p>13.03.2025<\/p>\n","protected":false},"excerpt":{"rendered":"<p>Ayd\u0131n B\u00fcy\u00fck\u015fehir Belediyesi, Ramazan ay\u0131n\u0131n manevi atmosferini payla\u015fmak ve dayan\u0131\u015fma ruhunu g\u00fc\u00e7lendirmek amac\u0131yla il genelinde iftar sofralar\u0131 kurmaya devam ediyor. Ramazan ay\u0131 ile birlikte halk\u0131 bir araya getirmek ve kayna\u015ft\u0131rmak amac\u0131yla iftar sofralar\u0131 kurmaya devam eden Ayd\u0131n B\u00fcy\u00fck\u015fehir Belediyesi, Nazilli&#8217;nin k\u0131rsal G\u00fczelk\u00f6y Mahallesi&#8217;nde kurdu\u011fu iftar sofras\u0131 ile b\u00fcy\u00fck takdir toplad\u0131. Nazilli Belediye Ba\u015fkan Yard\u0131mc\u0131s\u0131 Selahattin [&hellip;]<\/p>\n","protected":false},"author":1,"featured_media":4119,"comment_status":"open","ping_status":"open","sticky":false,"template":"","format":"standard","meta":{"footnotes":""},"categories":[1],"tags":[],"class_list":["post-4118","post","type-post","status-publish","format-standard","has-post-thumbnail","hentry","category-genel"],"yoast_head":"<!-- This site is optimized with the Yoast SEO plugin v27.4 - https:\/\/yoast.com\/product\/yoast-seo-wordpress\/ -->\n<title>G\u00fczelk\u00f6yl\u00fcler B\u00fcy\u00fck\u015fehir&#039;in iftar\u0131nda bulu\u015ftu - Memurun Sesi<\/title>\n<meta name=\"robots\" content=\"index, follow, max-snippet:-1, max-image-preview:large, max-video-preview:-1\" \/>\n<link rel=\"canonical\" href=\"https:\/\/memurunsesi.net\/index.php\/2025\/03\/13\/guzelkoyluler-buyuksehirin-iftarinda-bulustu\/\" \/>\n<meta property=\"og:locale\" content=\"tr_TR\" \/>\n<meta property=\"og:type\" content=\"article\" \/>\n<meta property=\"og:title\" content=\"G\u00fczelk\u00f6yl\u00fcler B\u00fcy\u00fck\u015fehir&#039;in iftar\u0131nda bulu\u015ftu - Memurun Sesi\" \/>\n<meta property=\"og:description\" content=\"Ayd\u0131n B\u00fcy\u00fck\u015fehir Belediyesi, Ramazan ay\u0131n\u0131n manevi atmosferini payla\u015fmak ve dayan\u0131\u015fma ruhunu g\u00fc\u00e7lendirmek amac\u0131yla il genelinde iftar sofralar\u0131 kurmaya devam ediyor. Ramazan ay\u0131 ile birlikte halk\u0131 bir araya getirmek ve kayna\u015ft\u0131rmak amac\u0131yla iftar sofralar\u0131 kurmaya devam eden Ayd\u0131n B\u00fcy\u00fck\u015fehir Belediyesi, Nazilli&#8217;nin k\u0131rsal G\u00fczelk\u00f6y Mahallesi&#8217;nde kurdu\u011fu iftar sofras\u0131 ile b\u00fcy\u00fck takdir toplad\u0131. Nazilli Belediye Ba\u015fkan Yard\u0131mc\u0131s\u0131 Selahattin [&hellip;]\" \/>\n<meta property=\"og:url\" content=\"https:\/\/memurunsesi.net\/index.php\/2025\/03\/13\/guzelkoyluler-buyuksehirin-iftarinda-bulustu\/\" \/>\n<meta property=\"og:site_name\" content=\"Memurun Sesi\" \/>\n<meta property=\"article:publisher\" content=\"https:\/\/www.facebook.com\/unipersen\/?locale=tr_TR\" \/>\n<meta property=\"article:published_time\" content=\"2025-03-13T05:59:21+00:00\" \/>\n<meta property=\"og:image\" content=\"https:\/\/memurunsesi.net\/wp-content\/uploads\/2025\/03\/AW411149_03-scaled.jpg\" \/>\n\t<meta property=\"og:image:width\" content=\"2560\" \/>\n\t<meta property=\"og:image:height\" content=\"1707\" \/>\n\t<meta property=\"og:image:type\" content=\"image\/jpeg\" \/>\n<meta name=\"author\" content=\"Memurun Sesi Haber Merkezi\" \/>\n<meta name=\"twitter:card\" content=\"summary_large_image\" \/>\n<meta name=\"twitter:creator\" content=\"@unipersen\" \/>\n<meta name=\"twitter:site\" content=\"@unipersen\" \/>\n<meta name=\"twitter:label1\" content=\"Yazan:\" \/>\n\t<meta name=\"twitter:data1\" content=\"Memurun Sesi Haber Merkezi\" \/>\n\t<meta name=\"twitter:label2\" content=\"Tahmini okuma s\u00fcresi\" \/>\n\t<meta name=\"twitter:data2\" content=\"1 dakika\" \/>\n<script type=\"application\/ld+json\" class=\"yoast-schema-graph\">{\"@context\":\"https:\\\/\\\/schema.org\",\"@graph\":[{\"@type\":\"Article\",\"@id\":\"https:\\\/\\\/memurunsesi.net\\\/index.php\\\/2025\\\/03\\\/13\\\/guzelkoyluler-buyuksehirin-iftarinda-bulustu\\\/#article\",\"isPartOf\":{\"@id\":\"https:\\\/\\\/memurunsesi.net\\\/index.php\\\/2025\\\/03\\\/13\\\/guzelkoyluler-buyuksehirin-iftarinda-bulustu\\\/\"},\"author\":{\"name\":\"Memurun Sesi Haber Merkezi\",\"@id\":\"https:\\\/\\\/memurunsesi.net\\\/#\\\/schema\\\/person\\\/f21c2d73b89f6ee1d80b0a1803e38587\"},\"headline\":\"G\u00fczelk\u00f6yl\u00fcler B\u00fcy\u00fck\u015fehir&#8217;in iftar\u0131nda bulu\u015ftu\",\"datePublished\":\"2025-03-13T05:59:21+00:00\",\"mainEntityOfPage\":{\"@id\":\"https:\\\/\\\/memurunsesi.net\\\/index.php\\\/2025\\\/03\\\/13\\\/guzelkoyluler-buyuksehirin-iftarinda-bulustu\\\/\"},\"wordCount\":219,\"commentCount\":0,\"publisher\":{\"@id\":\"https:\\\/\\\/memurunsesi.net\\\/#organization\"},\"image\":{\"@id\":\"https:\\\/\\\/memurunsesi.net\\\/index.php\\\/2025\\\/03\\\/13\\\/guzelkoyluler-buyuksehirin-iftarinda-bulustu\\\/#primaryimage\"},\"thumbnailUrl\":\"https:\\\/\\\/memurunsesi.net\\\/wp-content\\\/uploads\\\/2025\\\/03\\\/AW411149_03-scaled.jpg\",\"inLanguage\":\"tr\",\"potentialAction\":[{\"@type\":\"CommentAction\",\"name\":\"Comment\",\"target\":[\"https:\\\/\\\/memurunsesi.net\\\/index.php\\\/2025\\\/03\\\/13\\\/guzelkoyluler-buyuksehirin-iftarinda-bulustu\\\/#respond\"]}]},{\"@type\":\"WebPage\",\"@id\":\"https:\\\/\\\/memurunsesi.net\\\/index.php\\\/2025\\\/03\\\/13\\\/guzelkoyluler-buyuksehirin-iftarinda-bulustu\\\/\",\"url\":\"https:\\\/\\\/memurunsesi.net\\\/index.php\\\/2025\\\/03\\\/13\\\/guzelkoyluler-buyuksehirin-iftarinda-bulustu\\\/\",\"name\":\"G\u00fczelk\u00f6yl\u00fcler B\u00fcy\u00fck\u015fehir'in iftar\u0131nda bulu\u015ftu - Memurun Sesi\",\"isPartOf\":{\"@id\":\"https:\\\/\\\/memurunsesi.net\\\/#website\"},\"primaryImageOfPage\":{\"@id\":\"https:\\\/\\\/memurunsesi.net\\\/index.php\\\/2025\\\/03\\\/13\\\/guzelkoyluler-buyuksehirin-iftarinda-bulustu\\\/#primaryimage\"},\"image\":{\"@id\":\"https:\\\/\\\/memurunsesi.net\\\/index.php\\\/2025\\\/03\\\/13\\\/guzelkoyluler-buyuksehirin-iftarinda-bulustu\\\/#primaryimage\"},\"thumbnailUrl\":\"https:\\\/\\\/memurunsesi.net\\\/wp-content\\\/uploads\\\/2025\\\/03\\\/AW411149_03-scaled.jpg\",\"datePublished\":\"2025-03-13T05:59:21+00:00\",\"breadcrumb\":{\"@id\":\"https:\\\/\\\/memurunsesi.net\\\/index.php\\\/2025\\\/03\\\/13\\\/guzelkoyluler-buyuksehirin-iftarinda-bulustu\\\/#breadcrumb\"},\"inLanguage\":\"tr\",\"potentialAction\":[{\"@type\":\"ReadAction\",\"target\":[\"https:\\\/\\\/memurunsesi.net\\\/index.php\\\/2025\\\/03\\\/13\\\/guzelkoyluler-buyuksehirin-iftarinda-bulustu\\\/\"]}]},{\"@type\":\"ImageObject\",\"inLanguage\":\"tr\",\"@id\":\"https:\\\/\\\/memurunsesi.net\\\/index.php\\\/2025\\\/03\\\/13\\\/guzelkoyluler-buyuksehirin-iftarinda-bulustu\\\/#primaryimage\",\"url\":\"https:\\\/\\\/memurunsesi.net\\\/wp-content\\\/uploads\\\/2025\\\/03\\\/AW411149_03-scaled.jpg\",\"contentUrl\":\"https:\\\/\\\/memurunsesi.net\\\/wp-content\\\/uploads\\\/2025\\\/03\\\/AW411149_03-scaled.jpg\",\"width\":2560,\"height\":1707,\"caption\":\"G\u00dcZELK\u00d6YL\u00dcLER B\u015eB'N\u0130N \u0130FTARINDA BULU\u015eTU (AL\u0130 SOYDEM\u0130R\\\/AYDIN-\u0130HA) Ayd\u0131n B\u00fcy\u00fck\u015fehir Belediyesi, Ramazan ay\u0131n\u0131n manevi atmosferini payla\u015fmak ve dayan\u0131\u015fma ruhunu g\u00fc\u00e7lendirmek amac\u0131yla il genelinde iftar sofralar\u0131 kurmaya devam ediyor.\"},{\"@type\":\"BreadcrumbList\",\"@id\":\"https:\\\/\\\/memurunsesi.net\\\/index.php\\\/2025\\\/03\\\/13\\\/guzelkoyluler-buyuksehirin-iftarinda-bulustu\\\/#breadcrumb\",\"itemListElement\":[{\"@type\":\"ListItem\",\"position\":1,\"name\":\"Anasayfa\",\"item\":\"https:\\\/\\\/memurunsesi.net\\\/\"},{\"@type\":\"ListItem\",\"position\":2,\"name\":\"G\u00fczelk\u00f6yl\u00fcler B\u00fcy\u00fck\u015fehir&#8217;in iftar\u0131nda bulu\u015ftu\"}]},{\"@type\":\"WebSite\",\"@id\":\"https:\\\/\\\/memurunsesi.net\\\/#website\",\"url\":\"https:\\\/\\\/memurunsesi.net\\\/\",\"name\":\"Memurun Sesi\",\"description\":\"G\u00fcncel ve Do\u011fru Haber\",\"publisher\":{\"@id\":\"https:\\\/\\\/memurunsesi.net\\\/#organization\"},\"potentialAction\":[{\"@type\":\"SearchAction\",\"target\":{\"@type\":\"EntryPoint\",\"urlTemplate\":\"https:\\\/\\\/memurunsesi.net\\\/?s={search_term_string}\"},\"query-input\":{\"@type\":\"PropertyValueSpecification\",\"valueRequired\":true,\"valueName\":\"search_term_string\"}}],\"inLanguage\":\"tr\"},{\"@type\":\"Organization\",\"@id\":\"https:\\\/\\\/memurunsesi.net\\\/#organization\",\"name\":\"Memurun Sesi\",\"url\":\"https:\\\/\\\/memurunsesi.net\\\/\",\"logo\":{\"@type\":\"ImageObject\",\"inLanguage\":\"tr\",\"@id\":\"https:\\\/\\\/memurunsesi.net\\\/#\\\/schema\\\/logo\\\/image\\\/\",\"url\":\"https:\\\/\\\/memurunsesi.net\\\/wp-content\\\/uploads\\\/2025\\\/11\\\/cropped-MEMURUN-SESI.png\",\"contentUrl\":\"https:\\\/\\\/memurunsesi.net\\\/wp-content\\\/uploads\\\/2025\\\/11\\\/cropped-MEMURUN-SESI.png\",\"width\":238,\"height\":57,\"caption\":\"Memurun Sesi\"},\"image\":{\"@id\":\"https:\\\/\\\/memurunsesi.net\\\/#\\\/schema\\\/logo\\\/image\\\/\"},\"sameAs\":[\"https:\\\/\\\/www.facebook.com\\\/unipersen\\\/?locale=tr_TR\",\"https:\\\/\\\/x.com\\\/unipersen\"]},{\"@type\":\"Person\",\"@id\":\"https:\\\/\\\/memurunsesi.net\\\/#\\\/schema\\\/person\\\/f21c2d73b89f6ee1d80b0a1803e38587\",\"name\":\"Memurun Sesi Haber Merkezi\",\"image\":{\"@type\":\"ImageObject\",\"inLanguage\":\"tr\",\"@id\":\"https:\\\/\\\/secure.gravatar.com\\\/avatar\\\/6cf0505f452ee753f485014986fab09a434671d2b919ee76fc541025c5876a70?s=96&d=mm&r=g\",\"url\":\"https:\\\/\\\/secure.gravatar.com\\\/avatar\\\/6cf0505f452ee753f485014986fab09a434671d2b919ee76fc541025c5876a70?s=96&d=mm&r=g\",\"contentUrl\":\"https:\\\/\\\/secure.gravatar.com\\\/avatar\\\/6cf0505f452ee753f485014986fab09a434671d2b919ee76fc541025c5876a70?s=96&d=mm&r=g\",\"caption\":\"Memurun Sesi Haber Merkezi\"},\"sameAs\":[\"https:\\\/\\\/memurunsesi.net\"],\"url\":\"https:\\\/\\\/memurunsesi.net\\\/index.php\\\/author\\\/uniper\\\/\"}]}<\/script>\n<!-- \/ Yoast SEO plugin. -->","yoast_head_json":{"title":"G\u00fczelk\u00f6yl\u00fcler B\u00fcy\u00fck\u015fehir'in iftar\u0131nda bulu\u015ftu - Memurun Sesi","robots":{"index":"index","follow":"follow","max-snippet":"max-snippet:-1","max-image-preview":"max-image-preview:large","max-video-preview":"max-video-preview:-1"},"canonical":"https:\/\/memurunsesi.net\/index.php\/2025\/03\/13\/guzelkoyluler-buyuksehirin-iftarinda-bulustu\/","og_locale":"tr_TR","og_type":"article","og_title":"G\u00fczelk\u00f6yl\u00fcler B\u00fcy\u00fck\u015fehir'in iftar\u0131nda bulu\u015ftu - Memurun Sesi","og_description":"Ayd\u0131n B\u00fcy\u00fck\u015fehir Belediyesi, Ramazan ay\u0131n\u0131n manevi atmosferini payla\u015fmak ve dayan\u0131\u015fma ruhunu g\u00fc\u00e7lendirmek amac\u0131yla il genelinde iftar sofralar\u0131 kurmaya devam ediyor. Ramazan ay\u0131 ile birlikte halk\u0131 bir araya getirmek ve kayna\u015ft\u0131rmak amac\u0131yla iftar sofralar\u0131 kurmaya devam eden Ayd\u0131n B\u00fcy\u00fck\u015fehir Belediyesi, Nazilli&#8217;nin k\u0131rsal G\u00fczelk\u00f6y Mahallesi&#8217;nde kurdu\u011fu iftar sofras\u0131 ile b\u00fcy\u00fck takdir toplad\u0131. Nazilli Belediye Ba\u015fkan Yard\u0131mc\u0131s\u0131 Selahattin [&hellip;]","og_url":"https:\/\/memurunsesi.net\/index.php\/2025\/03\/13\/guzelkoyluler-buyuksehirin-iftarinda-bulustu\/","og_site_name":"Memurun Sesi","article_publisher":"https:\/\/www.facebook.com\/unipersen\/?locale=tr_TR","article_published_time":"2025-03-13T05:59:21+00:00","og_image":[{"width":2560,"height":1707,"url":"https:\/\/memurunsesi.net\/wp-content\/uploads\/2025\/03\/AW411149_03-scaled.jpg","type":"image\/jpeg"}],"author":"Memurun Sesi Haber Merkezi","twitter_card":"summary_large_image","twitter_creator":"@unipersen","twitter_site":"@unipersen","twitter_misc":{"Yazan:":"Memurun Sesi Haber Merkezi","Tahmini okuma s\u00fcresi":"1 dakika"},"schema":{"@context":"https:\/\/schema.org","@graph":[{"@type":"Article","@id":"https:\/\/memurunsesi.net\/index.php\/2025\/03\/13\/guzelkoyluler-buyuksehirin-iftarinda-bulustu\/#article","isPartOf":{"@id":"https:\/\/memurunsesi.net\/index.php\/2025\/03\/13\/guzelkoyluler-buyuksehirin-iftarinda-bulustu\/"},"author":{"name":"Memurun Sesi Haber Merkezi","@id":"https:\/\/memurunsesi.net\/#\/schema\/person\/f21c2d73b89f6ee1d80b0a1803e38587"},"headline":"G\u00fczelk\u00f6yl\u00fcler B\u00fcy\u00fck\u015fehir&#8217;in iftar\u0131nda bulu\u015ftu","datePublished":"2025-03-13T05:59:21+00:00","mainEntityOfPage":{"@id":"https:\/\/memurunsesi.net\/index.php\/2025\/03\/13\/guzelkoyluler-buyuksehirin-iftarinda-bulustu\/"},"wordCount":219,"commentCount":0,"publisher":{"@id":"https:\/\/memurunsesi.net\/#organization"},"image":{"@id":"https:\/\/memurunsesi.net\/index.php\/2025\/03\/13\/guzelkoyluler-buyuksehirin-iftarinda-bulustu\/#primaryimage"},"thumbnailUrl":"https:\/\/memurunsesi.net\/wp-content\/uploads\/2025\/03\/AW411149_03-scaled.jpg","inLanguage":"tr","potentialAction":[{"@type":"CommentAction","name":"Comment","target":["https:\/\/memurunsesi.net\/index.php\/2025\/03\/13\/guzelkoyluler-buyuksehirin-iftarinda-bulustu\/#respond"]}]},{"@type":"WebPage","@id":"https:\/\/memurunsesi.net\/index.php\/2025\/03\/13\/guzelkoyluler-buyuksehirin-iftarinda-bulustu\/","url":"https:\/\/memurunsesi.net\/index.php\/2025\/03\/13\/guzelkoyluler-buyuksehirin-iftarinda-bulustu\/","name":"G\u00fczelk\u00f6yl\u00fcler B\u00fcy\u00fck\u015fehir'in iftar\u0131nda bulu\u015ftu - Memurun Sesi","isPartOf":{"@id":"https:\/\/memurunsesi.net\/#website"},"primaryImageOfPage":{"@id":"https:\/\/memurunsesi.net\/index.php\/2025\/03\/13\/guzelkoyluler-buyuksehirin-iftarinda-bulustu\/#primaryimage"},"image":{"@id":"https:\/\/memurunsesi.net\/index.php\/2025\/03\/13\/guzelkoyluler-buyuksehirin-iftarinda-bulustu\/#primaryimage"},"thumbnailUrl":"https:\/\/memurunsesi.net\/wp-content\/uploads\/2025\/03\/AW411149_03-scaled.jpg","datePublished":"2025-03-13T05:59:21+00:00","breadcrumb":{"@id":"https:\/\/memurunsesi.net\/index.php\/2025\/03\/13\/guzelkoyluler-buyuksehirin-iftarinda-bulustu\/#breadcrumb"},"inLanguage":"tr","potentialAction":[{"@type":"ReadAction","target":["https:\/\/memurunsesi.net\/index.php\/2025\/03\/13\/guzelkoyluler-buyuksehirin-iftarinda-bulustu\/"]}]},{"@type":"ImageObject","inLanguage":"tr","@id":"https:\/\/memurunsesi.net\/index.php\/2025\/03\/13\/guzelkoyluler-buyuksehirin-iftarinda-bulustu\/#primaryimage","url":"https:\/\/memurunsesi.net\/wp-content\/uploads\/2025\/03\/AW411149_03-scaled.jpg","contentUrl":"https:\/\/memurunsesi.net\/wp-content\/uploads\/2025\/03\/AW411149_03-scaled.jpg","width":2560,"height":1707,"caption":"G\u00dcZELK\u00d6YL\u00dcLER B\u015eB'N\u0130N \u0130FTARINDA BULU\u015eTU (AL\u0130 SOYDEM\u0130R\/AYDIN-\u0130HA) Ayd\u0131n B\u00fcy\u00fck\u015fehir Belediyesi, Ramazan ay\u0131n\u0131n manevi atmosferini payla\u015fmak ve dayan\u0131\u015fma ruhunu g\u00fc\u00e7lendirmek amac\u0131yla il genelinde iftar sofralar\u0131 kurmaya devam ediyor."},{"@type":"BreadcrumbList","@id":"https:\/\/memurunsesi.net\/index.php\/2025\/03\/13\/guzelkoyluler-buyuksehirin-iftarinda-bulustu\/#breadcrumb","itemListElement":[{"@type":"ListItem","position":1,"name":"Anasayfa","item":"https:\/\/memurunsesi.net\/"},{"@type":"ListItem","position":2,"name":"G\u00fczelk\u00f6yl\u00fcler B\u00fcy\u00fck\u015fehir&#8217;in iftar\u0131nda bulu\u015ftu"}]},{"@type":"WebSite","@id":"https:\/\/memurunsesi.net\/#website","url":"https:\/\/memurunsesi.net\/","name":"Memurun Sesi","description":"G\u00fcncel ve Do\u011fru Haber","publisher":{"@id":"https:\/\/memurunsesi.net\/#organization"},"potentialAction":[{"@type":"SearchAction","target":{"@type":"EntryPoint","urlTemplate":"https:\/\/memurunsesi.net\/?s={search_term_string}"},"query-input":{"@type":"PropertyValueSpecification","valueRequired":true,"valueName":"search_term_string"}}],"inLanguage":"tr"},{"@type":"Organization","@id":"https:\/\/memurunsesi.net\/#organization","name":"Memurun Sesi","url":"https:\/\/memurunsesi.net\/","logo":{"@type":"ImageObject","inLanguage":"tr","@id":"https:\/\/memurunsesi.net\/#\/schema\/logo\/image\/","url":"https:\/\/memurunsesi.net\/wp-content\/uploads\/2025\/11\/cropped-MEMURUN-SESI.png","contentUrl":"https:\/\/memurunsesi.net\/wp-content\/uploads\/2025\/11\/cropped-MEMURUN-SESI.png","width":238,"height":57,"caption":"Memurun Sesi"},"image":{"@id":"https:\/\/memurunsesi.net\/#\/schema\/logo\/image\/"},"sameAs":["https:\/\/www.facebook.com\/unipersen\/?locale=tr_TR","https:\/\/x.com\/unipersen"]},{"@type":"Person","@id":"https:\/\/memurunsesi.net\/#\/schema\/person\/f21c2d73b89f6ee1d80b0a1803e38587","name":"Memurun Sesi Haber Merkezi","image":{"@type":"ImageObject","inLanguage":"tr","@id":"https:\/\/secure.gravatar.com\/avatar\/6cf0505f452ee753f485014986fab09a434671d2b919ee76fc541025c5876a70?s=96&d=mm&r=g","url":"https:\/\/secure.gravatar.com\/avatar\/6cf0505f452ee753f485014986fab09a434671d2b919ee76fc541025c5876a70?s=96&d=mm&r=g","contentUrl":"https:\/\/secure.gravatar.com\/avatar\/6cf0505f452ee753f485014986fab09a434671d2b919ee76fc541025c5876a70?s=96&d=mm&r=g","caption":"Memurun Sesi Haber Merkezi"},"sameAs":["https:\/\/memurunsesi.net"],"url":"https:\/\/memurunsesi.net\/index.php\/author\/uniper\/"}]}},"_links":{"self":[{"href":"https:\/\/memurunsesi.net\/index.php\/wp-json\/wp\/v2\/posts\/4118","targetHints":{"allow":["GET"]}}],"collection":[{"href":"https:\/\/memurunsesi.net\/index.php\/wp-json\/wp\/v2\/posts"}],"about":[{"href":"https:\/\/memurunsesi.net\/index.php\/wp-json\/wp\/v2\/types\/post"}],"author":[{"embeddable":true,"href":"https:\/\/memurunsesi.net\/index.php\/wp-json\/wp\/v2\/users\/1"}],"replies":[{"embeddable":true,"href":"https:\/\/memurunsesi.net\/index.php\/wp-json\/wp\/v2\/comments?post=4118"}],"version-history":[{"count":1,"href":"https:\/\/memurunsesi.net\/index.php\/wp-json\/wp\/v2\/posts\/4118\/revisions"}],"predecessor-version":[{"id":4120,"href":"https:\/\/memurunsesi.net\/index.php\/wp-json\/wp\/v2\/posts\/4118\/revisions\/4120"}],"wp:featuredmedia":[{"embeddable":true,"href":"https:\/\/memurunsesi.net\/index.php\/wp-json\/wp\/v2\/media\/4119"}],"wp:attachment":[{"href":"https:\/\/memurunsesi.net\/index.php\/wp-json\/wp\/v2\/media?parent=4118"}],"wp:term":[{"taxonomy":"category","embeddable":true,"href":"https:\/\/memurunsesi.net\/index.php\/wp-json\/wp\/v2\/categories?post=4118"},{"taxonomy":"post_tag","embeddable":true,"href":"https:\/\/memurunsesi.net\/index.php\/wp-json\/wp\/v2\/tags?post=4118"}],"curies":[{"name":"wp","href":"https:\/\/api.w.org\/{rel}","templated":true}]}}