{"id":4127,"date":"2025-03-13T09:04:30","date_gmt":"2025-03-13T06:04:30","guid":{"rendered":"https:\/\/memurunsesi.net\/?p=4127"},"modified":"2025-03-13T09:04:30","modified_gmt":"2025-03-13T06:04:30","slug":"sislide-iett-otobusu-alev-alev-yandi","status":"publish","type":"post","link":"https:\/\/memurunsesi.net\/index.php\/2025\/03\/13\/sislide-iett-otobusu-alev-alev-yandi\/","title":{"rendered":"\u015ei\u015fli\u2019de \u0130ETT otob\u00fcs\u00fc alev alev yand\u0131"},"content":{"rendered":"<p>\u015ei\u015fli\u2019de \u0130ETT&#8217;ye ba\u011fl\u0131 \u00f6zel halk otob\u00fcs\u00fc seyir halindeyken alev ald\u0131. Otob\u00fcste o s\u0131rada yolcu olmamas\u0131 olas\u0131 bir faciay\u0131 \u00f6nlerken yang\u0131n sonucu otob\u00fcs kullan\u0131lamaz hale geldi.<br \/>\nYang\u0131n, B\u00fcy\u00fckdere Caddesi 4. Levent mevkisi, Be\u015fikta\u015f istikametinde seyir halindeki \u0130ETT&#8217;ye ba\u011fl\u0131 \u00f6zel halk otob\u00fcs\u00fcnde meydana geldi. \u0130ddiaya g\u00f6re i\u00e7erisinde yaln\u0131zca \u015fof\u00f6r\u00fcn bulundu\u011fu 34 HO 2497 plakal\u0131 otob\u00fcs seyir halinde oldu\u011fu esnada, arkas\u0131ndan gelen arac\u0131n s\u00fcr\u00fcc\u00fcs\u00fc otob\u00fcsten alev \u00e7\u0131kt\u0131\u011f\u0131 y\u00f6n\u00fcnde uyar\u0131da bulundu. Bunun \u00fczerine otob\u00fcs\u00fc yolun sa\u011f \u015feridine \u00e7eken \u015fof\u00f6r arac\u0131 terk etti. \u00d6zel halk otob\u00fcs\u00fcn\u00fcn motor k\u0131sm\u0131ndan ba\u015flayan yang\u0131n k\u0131sa s\u00fcrede otob\u00fcs\u00fcn b\u00fcy\u00fck bir b\u00f6l\u00fcm\u00fcn\u00fc etki alt\u0131na ald\u0131. \u0130hbar \u00fczerine olay yerine polis ve itfaiye ekipleri sevk edildi. \u0130tfaiye ekiplerinin m\u00fcdahalede bulunmas\u0131 sonras\u0131 yang\u0131n kontrol alt\u0131na al\u0131narak s\u00f6nd\u00fcr\u00fcld\u00fc. B\u00fcy\u00fck k\u0131sm\u0131 yanan otob\u00fcs kullan\u0131lamaz hale geldi. Polis ekipleri yanan otob\u00fcs\u00fcn \u00e7evresinde g\u00fcvenlik \u00f6nlemi al\u0131rken yolda ya\u015fanan trafi\u011fe de m\u00fcdahalede bulundu. Yang\u0131n ile ilgili inceleme ba\u015flat\u0131ld\u0131.<\/p>\n<p>13.03.2025 NNNN<\/p>\n","protected":false},"excerpt":{"rendered":"<p>\u015ei\u015fli\u2019de \u0130ETT&#8217;ye ba\u011fl\u0131 \u00f6zel halk otob\u00fcs\u00fc seyir halindeyken alev ald\u0131. Otob\u00fcste o s\u0131rada yolcu olmamas\u0131 olas\u0131 bir faciay\u0131 \u00f6nlerken yang\u0131n sonucu otob\u00fcs kullan\u0131lamaz hale geldi. Yang\u0131n, B\u00fcy\u00fckdere Caddesi 4. Levent mevkisi, Be\u015fikta\u015f istikametinde seyir halindeki \u0130ETT&#8217;ye ba\u011fl\u0131 \u00f6zel halk otob\u00fcs\u00fcnde meydana geldi. \u0130ddiaya g\u00f6re i\u00e7erisinde yaln\u0131zca \u015fof\u00f6r\u00fcn bulundu\u011fu 34 HO 2497 plakal\u0131 otob\u00fcs seyir halinde [&hellip;]<\/p>\n","protected":false},"author":1,"featured_media":4128,"comment_status":"open","ping_status":"open","sticky":false,"template":"","format":"standard","meta":{"footnotes":""},"categories":[45],"tags":[],"class_list":["post-4127","post","type-post","status-publish","format-standard","has-post-thumbnail","hentry","category-gundem"],"yoast_head":"<!-- This site is optimized with the Yoast SEO plugin v27.4 - https:\/\/yoast.com\/product\/yoast-seo-wordpress\/ -->\n<title>\u015ei\u015fli\u2019de \u0130ETT otob\u00fcs\u00fc alev alev yand\u0131 - Memurun Sesi<\/title>\n<meta name=\"robots\" content=\"index, follow, max-snippet:-1, max-image-preview:large, max-video-preview:-1\" \/>\n<link rel=\"canonical\" href=\"https:\/\/memurunsesi.net\/index.php\/2025\/03\/13\/sislide-iett-otobusu-alev-alev-yandi\/\" \/>\n<meta property=\"og:locale\" content=\"tr_TR\" \/>\n<meta property=\"og:type\" content=\"article\" \/>\n<meta property=\"og:title\" content=\"\u015ei\u015fli\u2019de \u0130ETT otob\u00fcs\u00fc alev alev yand\u0131 - Memurun Sesi\" \/>\n<meta property=\"og:description\" content=\"\u015ei\u015fli\u2019de \u0130ETT&#8217;ye ba\u011fl\u0131 \u00f6zel halk otob\u00fcs\u00fc seyir halindeyken alev ald\u0131. Otob\u00fcste o s\u0131rada yolcu olmamas\u0131 olas\u0131 bir faciay\u0131 \u00f6nlerken yang\u0131n sonucu otob\u00fcs kullan\u0131lamaz hale geldi. Yang\u0131n, B\u00fcy\u00fckdere Caddesi 4. Levent mevkisi, Be\u015fikta\u015f istikametinde seyir halindeki \u0130ETT&#8217;ye ba\u011fl\u0131 \u00f6zel halk otob\u00fcs\u00fcnde meydana geldi. \u0130ddiaya g\u00f6re i\u00e7erisinde yaln\u0131zca \u015fof\u00f6r\u00fcn bulundu\u011fu 34 HO 2497 plakal\u0131 otob\u00fcs seyir halinde [&hellip;]\" \/>\n<meta property=\"og:url\" content=\"https:\/\/memurunsesi.net\/index.php\/2025\/03\/13\/sislide-iett-otobusu-alev-alev-yandi\/\" \/>\n<meta property=\"og:site_name\" content=\"Memurun Sesi\" \/>\n<meta property=\"article:publisher\" content=\"https:\/\/www.facebook.com\/unipersen\/?locale=tr_TR\" \/>\n<meta property=\"article:published_time\" content=\"2025-03-13T06:04:30+00:00\" \/>\n<meta property=\"og:image\" content=\"https:\/\/memurunsesi.net\/wp-content\/uploads\/2025\/03\/AW411155_03-scaled.jpg\" \/>\n\t<meta property=\"og:image:width\" content=\"2560\" \/>\n\t<meta property=\"og:image:height\" content=\"1440\" \/>\n\t<meta property=\"og:image:type\" content=\"image\/jpeg\" \/>\n<meta name=\"author\" content=\"Memurun Sesi Haber Merkezi\" \/>\n<meta name=\"twitter:card\" content=\"summary_large_image\" \/>\n<meta name=\"twitter:creator\" content=\"@unipersen\" \/>\n<meta name=\"twitter:site\" content=\"@unipersen\" \/>\n<meta name=\"twitter:label1\" content=\"Yazan:\" \/>\n\t<meta name=\"twitter:data1\" content=\"Memurun Sesi Haber Merkezi\" \/>\n\t<meta name=\"twitter:label2\" content=\"Tahmini okuma s\u00fcresi\" \/>\n\t<meta name=\"twitter:data2\" content=\"1 dakika\" \/>\n<script type=\"application\/ld+json\" class=\"yoast-schema-graph\">{\"@context\":\"https:\\\/\\\/schema.org\",\"@graph\":[{\"@type\":\"Article\",\"@id\":\"https:\\\/\\\/memurunsesi.net\\\/index.php\\\/2025\\\/03\\\/13\\\/sislide-iett-otobusu-alev-alev-yandi\\\/#article\",\"isPartOf\":{\"@id\":\"https:\\\/\\\/memurunsesi.net\\\/index.php\\\/2025\\\/03\\\/13\\\/sislide-iett-otobusu-alev-alev-yandi\\\/\"},\"author\":{\"name\":\"Memurun Sesi Haber Merkezi\",\"@id\":\"https:\\\/\\\/memurunsesi.net\\\/#\\\/schema\\\/person\\\/f21c2d73b89f6ee1d80b0a1803e38587\"},\"headline\":\"\u015ei\u015fli\u2019de \u0130ETT otob\u00fcs\u00fc alev alev yand\u0131\",\"datePublished\":\"2025-03-13T06:04:30+00:00\",\"mainEntityOfPage\":{\"@id\":\"https:\\\/\\\/memurunsesi.net\\\/index.php\\\/2025\\\/03\\\/13\\\/sislide-iett-otobusu-alev-alev-yandi\\\/\"},\"wordCount\":223,\"commentCount\":0,\"publisher\":{\"@id\":\"https:\\\/\\\/memurunsesi.net\\\/#organization\"},\"image\":{\"@id\":\"https:\\\/\\\/memurunsesi.net\\\/index.php\\\/2025\\\/03\\\/13\\\/sislide-iett-otobusu-alev-alev-yandi\\\/#primaryimage\"},\"thumbnailUrl\":\"https:\\\/\\\/memurunsesi.net\\\/wp-content\\\/uploads\\\/2025\\\/03\\\/AW411155_03-scaled.jpg\",\"articleSection\":[\"G\u00fcndem\"],\"inLanguage\":\"tr\",\"potentialAction\":[{\"@type\":\"CommentAction\",\"name\":\"Comment\",\"target\":[\"https:\\\/\\\/memurunsesi.net\\\/index.php\\\/2025\\\/03\\\/13\\\/sislide-iett-otobusu-alev-alev-yandi\\\/#respond\"]}]},{\"@type\":\"WebPage\",\"@id\":\"https:\\\/\\\/memurunsesi.net\\\/index.php\\\/2025\\\/03\\\/13\\\/sislide-iett-otobusu-alev-alev-yandi\\\/\",\"url\":\"https:\\\/\\\/memurunsesi.net\\\/index.php\\\/2025\\\/03\\\/13\\\/sislide-iett-otobusu-alev-alev-yandi\\\/\",\"name\":\"\u015ei\u015fli\u2019de \u0130ETT otob\u00fcs\u00fc alev alev yand\u0131 - Memurun Sesi\",\"isPartOf\":{\"@id\":\"https:\\\/\\\/memurunsesi.net\\\/#website\"},\"primaryImageOfPage\":{\"@id\":\"https:\\\/\\\/memurunsesi.net\\\/index.php\\\/2025\\\/03\\\/13\\\/sislide-iett-otobusu-alev-alev-yandi\\\/#primaryimage\"},\"image\":{\"@id\":\"https:\\\/\\\/memurunsesi.net\\\/index.php\\\/2025\\\/03\\\/13\\\/sislide-iett-otobusu-alev-alev-yandi\\\/#primaryimage\"},\"thumbnailUrl\":\"https:\\\/\\\/memurunsesi.net\\\/wp-content\\\/uploads\\\/2025\\\/03\\\/AW411155_03-scaled.jpg\",\"datePublished\":\"2025-03-13T06:04:30+00:00\",\"breadcrumb\":{\"@id\":\"https:\\\/\\\/memurunsesi.net\\\/index.php\\\/2025\\\/03\\\/13\\\/sislide-iett-otobusu-alev-alev-yandi\\\/#breadcrumb\"},\"inLanguage\":\"tr\",\"potentialAction\":[{\"@type\":\"ReadAction\",\"target\":[\"https:\\\/\\\/memurunsesi.net\\\/index.php\\\/2025\\\/03\\\/13\\\/sislide-iett-otobusu-alev-alev-yandi\\\/\"]}]},{\"@type\":\"ImageObject\",\"inLanguage\":\"tr\",\"@id\":\"https:\\\/\\\/memurunsesi.net\\\/index.php\\\/2025\\\/03\\\/13\\\/sislide-iett-otobusu-alev-alev-yandi\\\/#primaryimage\",\"url\":\"https:\\\/\\\/memurunsesi.net\\\/wp-content\\\/uploads\\\/2025\\\/03\\\/AW411155_03-scaled.jpg\",\"contentUrl\":\"https:\\\/\\\/memurunsesi.net\\\/wp-content\\\/uploads\\\/2025\\\/03\\\/AW411155_03-scaled.jpg\",\"width\":2560,\"height\":1440,\"caption\":\"EK\u0130PLER\u0130N M\u00dcDAHALE ANLARI (AHMET UZUN\\\/\u0130STANBUL-\u0130HA) \u015ei\u015fli'de \u0130ETT'ye ba\u011fl\u0131 \u00f6zel halk otob\u00fcs\u00fc seyir halindeyken alev ald\u0131. Otob\u00fcste o s\u0131rada yolcu olmamas\u0131 olas\u0131 bir faciay\u0131 \u00f6nlerken yang\u0131n sonucu otob\u00fcs kullan\u0131lamaz hale geldi.\"},{\"@type\":\"BreadcrumbList\",\"@id\":\"https:\\\/\\\/memurunsesi.net\\\/index.php\\\/2025\\\/03\\\/13\\\/sislide-iett-otobusu-alev-alev-yandi\\\/#breadcrumb\",\"itemListElement\":[{\"@type\":\"ListItem\",\"position\":1,\"name\":\"Anasayfa\",\"item\":\"https:\\\/\\\/memurunsesi.net\\\/\"},{\"@type\":\"ListItem\",\"position\":2,\"name\":\"\u015ei\u015fli\u2019de \u0130ETT otob\u00fcs\u00fc alev alev yand\u0131\"}]},{\"@type\":\"WebSite\",\"@id\":\"https:\\\/\\\/memurunsesi.net\\\/#website\",\"url\":\"https:\\\/\\\/memurunsesi.net\\\/\",\"name\":\"Memurun Sesi\",\"description\":\"G\u00fcncel ve Do\u011fru Haber\",\"publisher\":{\"@id\":\"https:\\\/\\\/memurunsesi.net\\\/#organization\"},\"potentialAction\":[{\"@type\":\"SearchAction\",\"target\":{\"@type\":\"EntryPoint\",\"urlTemplate\":\"https:\\\/\\\/memurunsesi.net\\\/?s={search_term_string}\"},\"query-input\":{\"@type\":\"PropertyValueSpecification\",\"valueRequired\":true,\"valueName\":\"search_term_string\"}}],\"inLanguage\":\"tr\"},{\"@type\":\"Organization\",\"@id\":\"https:\\\/\\\/memurunsesi.net\\\/#organization\",\"name\":\"Memurun Sesi\",\"url\":\"https:\\\/\\\/memurunsesi.net\\\/\",\"logo\":{\"@type\":\"ImageObject\",\"inLanguage\":\"tr\",\"@id\":\"https:\\\/\\\/memurunsesi.net\\\/#\\\/schema\\\/logo\\\/image\\\/\",\"url\":\"https:\\\/\\\/memurunsesi.net\\\/wp-content\\\/uploads\\\/2025\\\/11\\\/cropped-MEMURUN-SESI.png\",\"contentUrl\":\"https:\\\/\\\/memurunsesi.net\\\/wp-content\\\/uploads\\\/2025\\\/11\\\/cropped-MEMURUN-SESI.png\",\"width\":238,\"height\":57,\"caption\":\"Memurun Sesi\"},\"image\":{\"@id\":\"https:\\\/\\\/memurunsesi.net\\\/#\\\/schema\\\/logo\\\/image\\\/\"},\"sameAs\":[\"https:\\\/\\\/www.facebook.com\\\/unipersen\\\/?locale=tr_TR\",\"https:\\\/\\\/x.com\\\/unipersen\"]},{\"@type\":\"Person\",\"@id\":\"https:\\\/\\\/memurunsesi.net\\\/#\\\/schema\\\/person\\\/f21c2d73b89f6ee1d80b0a1803e38587\",\"name\":\"Memurun Sesi Haber Merkezi\",\"image\":{\"@type\":\"ImageObject\",\"inLanguage\":\"tr\",\"@id\":\"https:\\\/\\\/secure.gravatar.com\\\/avatar\\\/6cf0505f452ee753f485014986fab09a434671d2b919ee76fc541025c5876a70?s=96&d=mm&r=g\",\"url\":\"https:\\\/\\\/secure.gravatar.com\\\/avatar\\\/6cf0505f452ee753f485014986fab09a434671d2b919ee76fc541025c5876a70?s=96&d=mm&r=g\",\"contentUrl\":\"https:\\\/\\\/secure.gravatar.com\\\/avatar\\\/6cf0505f452ee753f485014986fab09a434671d2b919ee76fc541025c5876a70?s=96&d=mm&r=g\",\"caption\":\"Memurun Sesi Haber Merkezi\"},\"sameAs\":[\"https:\\\/\\\/memurunsesi.net\"],\"url\":\"https:\\\/\\\/memurunsesi.net\\\/index.php\\\/author\\\/uniper\\\/\"}]}<\/script>\n<!-- \/ Yoast SEO plugin. -->","yoast_head_json":{"title":"\u015ei\u015fli\u2019de \u0130ETT otob\u00fcs\u00fc alev alev yand\u0131 - Memurun Sesi","robots":{"index":"index","follow":"follow","max-snippet":"max-snippet:-1","max-image-preview":"max-image-preview:large","max-video-preview":"max-video-preview:-1"},"canonical":"https:\/\/memurunsesi.net\/index.php\/2025\/03\/13\/sislide-iett-otobusu-alev-alev-yandi\/","og_locale":"tr_TR","og_type":"article","og_title":"\u015ei\u015fli\u2019de \u0130ETT otob\u00fcs\u00fc alev alev yand\u0131 - Memurun Sesi","og_description":"\u015ei\u015fli\u2019de \u0130ETT&#8217;ye ba\u011fl\u0131 \u00f6zel halk otob\u00fcs\u00fc seyir halindeyken alev ald\u0131. Otob\u00fcste o s\u0131rada yolcu olmamas\u0131 olas\u0131 bir faciay\u0131 \u00f6nlerken yang\u0131n sonucu otob\u00fcs kullan\u0131lamaz hale geldi. Yang\u0131n, B\u00fcy\u00fckdere Caddesi 4. Levent mevkisi, Be\u015fikta\u015f istikametinde seyir halindeki \u0130ETT&#8217;ye ba\u011fl\u0131 \u00f6zel halk otob\u00fcs\u00fcnde meydana geldi. \u0130ddiaya g\u00f6re i\u00e7erisinde yaln\u0131zca \u015fof\u00f6r\u00fcn bulundu\u011fu 34 HO 2497 plakal\u0131 otob\u00fcs seyir halinde [&hellip;]","og_url":"https:\/\/memurunsesi.net\/index.php\/2025\/03\/13\/sislide-iett-otobusu-alev-alev-yandi\/","og_site_name":"Memurun Sesi","article_publisher":"https:\/\/www.facebook.com\/unipersen\/?locale=tr_TR","article_published_time":"2025-03-13T06:04:30+00:00","og_image":[{"width":2560,"height":1440,"url":"https:\/\/memurunsesi.net\/wp-content\/uploads\/2025\/03\/AW411155_03-scaled.jpg","type":"image\/jpeg"}],"author":"Memurun Sesi Haber Merkezi","twitter_card":"summary_large_image","twitter_creator":"@unipersen","twitter_site":"@unipersen","twitter_misc":{"Yazan:":"Memurun Sesi Haber Merkezi","Tahmini okuma s\u00fcresi":"1 dakika"},"schema":{"@context":"https:\/\/schema.org","@graph":[{"@type":"Article","@id":"https:\/\/memurunsesi.net\/index.php\/2025\/03\/13\/sislide-iett-otobusu-alev-alev-yandi\/#article","isPartOf":{"@id":"https:\/\/memurunsesi.net\/index.php\/2025\/03\/13\/sislide-iett-otobusu-alev-alev-yandi\/"},"author":{"name":"Memurun Sesi Haber Merkezi","@id":"https:\/\/memurunsesi.net\/#\/schema\/person\/f21c2d73b89f6ee1d80b0a1803e38587"},"headline":"\u015ei\u015fli\u2019de \u0130ETT otob\u00fcs\u00fc alev alev yand\u0131","datePublished":"2025-03-13T06:04:30+00:00","mainEntityOfPage":{"@id":"https:\/\/memurunsesi.net\/index.php\/2025\/03\/13\/sislide-iett-otobusu-alev-alev-yandi\/"},"wordCount":223,"commentCount":0,"publisher":{"@id":"https:\/\/memurunsesi.net\/#organization"},"image":{"@id":"https:\/\/memurunsesi.net\/index.php\/2025\/03\/13\/sislide-iett-otobusu-alev-alev-yandi\/#primaryimage"},"thumbnailUrl":"https:\/\/memurunsesi.net\/wp-content\/uploads\/2025\/03\/AW411155_03-scaled.jpg","articleSection":["G\u00fcndem"],"inLanguage":"tr","potentialAction":[{"@type":"CommentAction","name":"Comment","target":["https:\/\/memurunsesi.net\/index.php\/2025\/03\/13\/sislide-iett-otobusu-alev-alev-yandi\/#respond"]}]},{"@type":"WebPage","@id":"https:\/\/memurunsesi.net\/index.php\/2025\/03\/13\/sislide-iett-otobusu-alev-alev-yandi\/","url":"https:\/\/memurunsesi.net\/index.php\/2025\/03\/13\/sislide-iett-otobusu-alev-alev-yandi\/","name":"\u015ei\u015fli\u2019de \u0130ETT otob\u00fcs\u00fc alev alev yand\u0131 - Memurun Sesi","isPartOf":{"@id":"https:\/\/memurunsesi.net\/#website"},"primaryImageOfPage":{"@id":"https:\/\/memurunsesi.net\/index.php\/2025\/03\/13\/sislide-iett-otobusu-alev-alev-yandi\/#primaryimage"},"image":{"@id":"https:\/\/memurunsesi.net\/index.php\/2025\/03\/13\/sislide-iett-otobusu-alev-alev-yandi\/#primaryimage"},"thumbnailUrl":"https:\/\/memurunsesi.net\/wp-content\/uploads\/2025\/03\/AW411155_03-scaled.jpg","datePublished":"2025-03-13T06:04:30+00:00","breadcrumb":{"@id":"https:\/\/memurunsesi.net\/index.php\/2025\/03\/13\/sislide-iett-otobusu-alev-alev-yandi\/#breadcrumb"},"inLanguage":"tr","potentialAction":[{"@type":"ReadAction","target":["https:\/\/memurunsesi.net\/index.php\/2025\/03\/13\/sislide-iett-otobusu-alev-alev-yandi\/"]}]},{"@type":"ImageObject","inLanguage":"tr","@id":"https:\/\/memurunsesi.net\/index.php\/2025\/03\/13\/sislide-iett-otobusu-alev-alev-yandi\/#primaryimage","url":"https:\/\/memurunsesi.net\/wp-content\/uploads\/2025\/03\/AW411155_03-scaled.jpg","contentUrl":"https:\/\/memurunsesi.net\/wp-content\/uploads\/2025\/03\/AW411155_03-scaled.jpg","width":2560,"height":1440,"caption":"EK\u0130PLER\u0130N M\u00dcDAHALE ANLARI (AHMET UZUN\/\u0130STANBUL-\u0130HA) \u015ei\u015fli'de \u0130ETT'ye ba\u011fl\u0131 \u00f6zel halk otob\u00fcs\u00fc seyir halindeyken alev ald\u0131. Otob\u00fcste o s\u0131rada yolcu olmamas\u0131 olas\u0131 bir faciay\u0131 \u00f6nlerken yang\u0131n sonucu otob\u00fcs kullan\u0131lamaz hale geldi."},{"@type":"BreadcrumbList","@id":"https:\/\/memurunsesi.net\/index.php\/2025\/03\/13\/sislide-iett-otobusu-alev-alev-yandi\/#breadcrumb","itemListElement":[{"@type":"ListItem","position":1,"name":"Anasayfa","item":"https:\/\/memurunsesi.net\/"},{"@type":"ListItem","position":2,"name":"\u015ei\u015fli\u2019de \u0130ETT otob\u00fcs\u00fc alev alev yand\u0131"}]},{"@type":"WebSite","@id":"https:\/\/memurunsesi.net\/#website","url":"https:\/\/memurunsesi.net\/","name":"Memurun Sesi","description":"G\u00fcncel ve Do\u011fru Haber","publisher":{"@id":"https:\/\/memurunsesi.net\/#organization"},"potentialAction":[{"@type":"SearchAction","target":{"@type":"EntryPoint","urlTemplate":"https:\/\/memurunsesi.net\/?s={search_term_string}"},"query-input":{"@type":"PropertyValueSpecification","valueRequired":true,"valueName":"search_term_string"}}],"inLanguage":"tr"},{"@type":"Organization","@id":"https:\/\/memurunsesi.net\/#organization","name":"Memurun Sesi","url":"https:\/\/memurunsesi.net\/","logo":{"@type":"ImageObject","inLanguage":"tr","@id":"https:\/\/memurunsesi.net\/#\/schema\/logo\/image\/","url":"https:\/\/memurunsesi.net\/wp-content\/uploads\/2025\/11\/cropped-MEMURUN-SESI.png","contentUrl":"https:\/\/memurunsesi.net\/wp-content\/uploads\/2025\/11\/cropped-MEMURUN-SESI.png","width":238,"height":57,"caption":"Memurun Sesi"},"image":{"@id":"https:\/\/memurunsesi.net\/#\/schema\/logo\/image\/"},"sameAs":["https:\/\/www.facebook.com\/unipersen\/?locale=tr_TR","https:\/\/x.com\/unipersen"]},{"@type":"Person","@id":"https:\/\/memurunsesi.net\/#\/schema\/person\/f21c2d73b89f6ee1d80b0a1803e38587","name":"Memurun Sesi Haber Merkezi","image":{"@type":"ImageObject","inLanguage":"tr","@id":"https:\/\/secure.gravatar.com\/avatar\/6cf0505f452ee753f485014986fab09a434671d2b919ee76fc541025c5876a70?s=96&d=mm&r=g","url":"https:\/\/secure.gravatar.com\/avatar\/6cf0505f452ee753f485014986fab09a434671d2b919ee76fc541025c5876a70?s=96&d=mm&r=g","contentUrl":"https:\/\/secure.gravatar.com\/avatar\/6cf0505f452ee753f485014986fab09a434671d2b919ee76fc541025c5876a70?s=96&d=mm&r=g","caption":"Memurun Sesi Haber Merkezi"},"sameAs":["https:\/\/memurunsesi.net"],"url":"https:\/\/memurunsesi.net\/index.php\/author\/uniper\/"}]}},"_links":{"self":[{"href":"https:\/\/memurunsesi.net\/index.php\/wp-json\/wp\/v2\/posts\/4127","targetHints":{"allow":["GET"]}}],"collection":[{"href":"https:\/\/memurunsesi.net\/index.php\/wp-json\/wp\/v2\/posts"}],"about":[{"href":"https:\/\/memurunsesi.net\/index.php\/wp-json\/wp\/v2\/types\/post"}],"author":[{"embeddable":true,"href":"https:\/\/memurunsesi.net\/index.php\/wp-json\/wp\/v2\/users\/1"}],"replies":[{"embeddable":true,"href":"https:\/\/memurunsesi.net\/index.php\/wp-json\/wp\/v2\/comments?post=4127"}],"version-history":[{"count":1,"href":"https:\/\/memurunsesi.net\/index.php\/wp-json\/wp\/v2\/posts\/4127\/revisions"}],"predecessor-version":[{"id":4129,"href":"https:\/\/memurunsesi.net\/index.php\/wp-json\/wp\/v2\/posts\/4127\/revisions\/4129"}],"wp:featuredmedia":[{"embeddable":true,"href":"https:\/\/memurunsesi.net\/index.php\/wp-json\/wp\/v2\/media\/4128"}],"wp:attachment":[{"href":"https:\/\/memurunsesi.net\/index.php\/wp-json\/wp\/v2\/media?parent=4127"}],"wp:term":[{"taxonomy":"category","embeddable":true,"href":"https:\/\/memurunsesi.net\/index.php\/wp-json\/wp\/v2\/categories?post=4127"},{"taxonomy":"post_tag","embeddable":true,"href":"https:\/\/memurunsesi.net\/index.php\/wp-json\/wp\/v2\/tags?post=4127"}],"curies":[{"name":"wp","href":"https:\/\/api.w.org\/{rel}","templated":true}]}}