{"id":4139,"date":"2025-03-14T09:02:44","date_gmt":"2025-03-14T06:02:44","guid":{"rendered":"https:\/\/memurunsesi.net\/?p=4139"},"modified":"2025-03-14T09:02:44","modified_gmt":"2025-03-14T06:02:44","slug":"enezde-ogrenciler-yenilenebilir-enerjiye-dikkat-cekti","status":"publish","type":"post","link":"https:\/\/memurunsesi.net\/index.php\/2025\/03\/14\/enezde-ogrenciler-yenilenebilir-enerjiye-dikkat-cekti\/","title":{"rendered":"Enez\u2019de \u00f6\u011frenciler yenilenebilir enerjiye dikkat \u00e7ekti"},"content":{"rendered":"<p>Edirne\u2019nin Enez il\u00e7esinde, Hask\u00f6y Ortaokulu\u2019nda e\u011fitim g\u00f6ren \u00f6\u011frenciler, &#8220;Esen R\u00fczgar, D\u00f6nen Kanatlar&#8221; projesi ile geri d\u00f6n\u00fc\u015f\u00fcm bilinci ve yenilenebilir enerji kaynaklar\u0131na dikkat \u00e7ekti.<br \/>\nEnez Kaymakam\u0131 Muhammed Emin Tutal ve \u0130l\u00e7e Milli E\u011fitim M\u00fcd\u00fcr\u00fc Vedat Uzun, Hask\u00f6y Ortaokulu\u2019nu ziyaret ederek, buradaki \u00f6\u011frencilerin haz\u0131rlad\u0131\u011f\u0131 &#8220;Esen R\u00fczgar, D\u00f6nen Kanatlar&#8221; projesini inceledi. Geri d\u00f6n\u00fc\u015f\u00fcm malzemeleri kullan\u0131larak bir r\u00fczgar g\u00fcl\u00fc tasarlayan \u00f6\u011frenciler, r\u00fczgar g\u00fcl\u00fcn\u00fcn kanatlar\u0131n\u0131 at\u0131k borulardan elektrikli bisiklet tekerle\u011finden de motor yaparak \u00e7evre d\u00f6\u015ft\u00fc bir enerji \u00fcretim arac\u0131 meydana getirdi. Projedeki amac\u0131n da, d\u00f6n\u00fc\u015f\u00fcm\u00fcn bilincini art\u0131rmak ve yenilenebilir enerjiye dikkat \u00e7ekmek oldu\u011fu bildirildi. \u00d6\u011frencilerin projeleriyle ilgili bilgi verdi\u011fi Tutal ve Uzun, \u00f6\u011frenci ve \u00f6\u011fretmenlere te\u015fekk\u00fcr ederek, gen\u00e7 nesillerin bu t\u00fcr \u00e7al\u0131\u015fmalar ile duyarl\u0131l\u0131\u011f\u0131n art\u0131r\u0131lmas\u0131nda \u00f6nemli bir rol oynad\u0131\u011f\u0131n\u0131 s\u00f6yledi.<\/p>\n<p>13.03.2025<\/p>\n","protected":false},"excerpt":{"rendered":"<p>Edirne\u2019nin Enez il\u00e7esinde, Hask\u00f6y Ortaokulu\u2019nda e\u011fitim g\u00f6ren \u00f6\u011frenciler, &#8220;Esen R\u00fczgar, D\u00f6nen Kanatlar&#8221; projesi ile geri d\u00f6n\u00fc\u015f\u00fcm bilinci ve yenilenebilir enerji kaynaklar\u0131na dikkat \u00e7ekti. Enez Kaymakam\u0131 Muhammed Emin Tutal ve \u0130l\u00e7e Milli E\u011fitim M\u00fcd\u00fcr\u00fc Vedat Uzun, Hask\u00f6y Ortaokulu\u2019nu ziyaret ederek, buradaki \u00f6\u011frencilerin haz\u0131rlad\u0131\u011f\u0131 &#8220;Esen R\u00fczgar, D\u00f6nen Kanatlar&#8221; projesini inceledi. Geri d\u00f6n\u00fc\u015f\u00fcm malzemeleri kullan\u0131larak bir r\u00fczgar g\u00fcl\u00fc [&hellip;]<\/p>\n","protected":false},"author":1,"featured_media":4140,"comment_status":"open","ping_status":"open","sticky":false,"template":"","format":"standard","meta":{"footnotes":""},"categories":[1],"tags":[],"class_list":["post-4139","post","type-post","status-publish","format-standard","has-post-thumbnail","hentry","category-genel"],"yoast_head":"<!-- This site is optimized with the Yoast SEO plugin v27.4 - https:\/\/yoast.com\/product\/yoast-seo-wordpress\/ -->\n<title>Enez\u2019de \u00f6\u011frenciler yenilenebilir enerjiye dikkat \u00e7ekti - Memurun Sesi<\/title>\n<meta name=\"robots\" content=\"index, follow, max-snippet:-1, max-image-preview:large, max-video-preview:-1\" \/>\n<link rel=\"canonical\" href=\"https:\/\/memurunsesi.net\/index.php\/2025\/03\/14\/enezde-ogrenciler-yenilenebilir-enerjiye-dikkat-cekti\/\" \/>\n<meta property=\"og:locale\" content=\"tr_TR\" \/>\n<meta property=\"og:type\" content=\"article\" \/>\n<meta property=\"og:title\" content=\"Enez\u2019de \u00f6\u011frenciler yenilenebilir enerjiye dikkat \u00e7ekti - Memurun Sesi\" \/>\n<meta property=\"og:description\" content=\"Edirne\u2019nin Enez il\u00e7esinde, Hask\u00f6y Ortaokulu\u2019nda e\u011fitim g\u00f6ren \u00f6\u011frenciler, &#8220;Esen R\u00fczgar, D\u00f6nen Kanatlar&#8221; projesi ile geri d\u00f6n\u00fc\u015f\u00fcm bilinci ve yenilenebilir enerji kaynaklar\u0131na dikkat \u00e7ekti. Enez Kaymakam\u0131 Muhammed Emin Tutal ve \u0130l\u00e7e Milli E\u011fitim M\u00fcd\u00fcr\u00fc Vedat Uzun, Hask\u00f6y Ortaokulu\u2019nu ziyaret ederek, buradaki \u00f6\u011frencilerin haz\u0131rlad\u0131\u011f\u0131 &#8220;Esen R\u00fczgar, D\u00f6nen Kanatlar&#8221; projesini inceledi. Geri d\u00f6n\u00fc\u015f\u00fcm malzemeleri kullan\u0131larak bir r\u00fczgar g\u00fcl\u00fc [&hellip;]\" \/>\n<meta property=\"og:url\" content=\"https:\/\/memurunsesi.net\/index.php\/2025\/03\/14\/enezde-ogrenciler-yenilenebilir-enerjiye-dikkat-cekti\/\" \/>\n<meta property=\"og:site_name\" content=\"Memurun Sesi\" \/>\n<meta property=\"article:publisher\" content=\"https:\/\/www.facebook.com\/unipersen\/?locale=tr_TR\" \/>\n<meta property=\"article:published_time\" content=\"2025-03-14T06:02:44+00:00\" \/>\n<meta property=\"og:image\" content=\"https:\/\/memurunsesi.net\/wp-content\/uploads\/2025\/03\/AW411830_01.jpg\" \/>\n\t<meta property=\"og:image:width\" content=\"1536\" \/>\n\t<meta property=\"og:image:height\" content=\"2048\" \/>\n\t<meta property=\"og:image:type\" content=\"image\/jpeg\" \/>\n<meta name=\"author\" content=\"Memurun Sesi Haber Merkezi\" \/>\n<meta name=\"twitter:card\" content=\"summary_large_image\" \/>\n<meta name=\"twitter:creator\" content=\"@unipersen\" \/>\n<meta name=\"twitter:site\" content=\"@unipersen\" \/>\n<meta name=\"twitter:label1\" content=\"Yazan:\" \/>\n\t<meta name=\"twitter:data1\" content=\"Memurun Sesi Haber Merkezi\" \/>\n\t<meta name=\"twitter:label2\" content=\"Tahmini okuma s\u00fcresi\" \/>\n\t<meta name=\"twitter:data2\" content=\"1 dakika\" \/>\n<script type=\"application\/ld+json\" class=\"yoast-schema-graph\">{\"@context\":\"https:\\\/\\\/schema.org\",\"@graph\":[{\"@type\":\"Article\",\"@id\":\"https:\\\/\\\/memurunsesi.net\\\/index.php\\\/2025\\\/03\\\/14\\\/enezde-ogrenciler-yenilenebilir-enerjiye-dikkat-cekti\\\/#article\",\"isPartOf\":{\"@id\":\"https:\\\/\\\/memurunsesi.net\\\/index.php\\\/2025\\\/03\\\/14\\\/enezde-ogrenciler-yenilenebilir-enerjiye-dikkat-cekti\\\/\"},\"author\":{\"name\":\"Memurun Sesi Haber Merkezi\",\"@id\":\"https:\\\/\\\/memurunsesi.net\\\/#\\\/schema\\\/person\\\/f21c2d73b89f6ee1d80b0a1803e38587\"},\"headline\":\"Enez\u2019de \u00f6\u011frenciler yenilenebilir enerjiye dikkat \u00e7ekti\",\"datePublished\":\"2025-03-14T06:02:44+00:00\",\"mainEntityOfPage\":{\"@id\":\"https:\\\/\\\/memurunsesi.net\\\/index.php\\\/2025\\\/03\\\/14\\\/enezde-ogrenciler-yenilenebilir-enerjiye-dikkat-cekti\\\/\"},\"wordCount\":173,\"commentCount\":0,\"publisher\":{\"@id\":\"https:\\\/\\\/memurunsesi.net\\\/#organization\"},\"image\":{\"@id\":\"https:\\\/\\\/memurunsesi.net\\\/index.php\\\/2025\\\/03\\\/14\\\/enezde-ogrenciler-yenilenebilir-enerjiye-dikkat-cekti\\\/#primaryimage\"},\"thumbnailUrl\":\"https:\\\/\\\/memurunsesi.net\\\/wp-content\\\/uploads\\\/2025\\\/03\\\/AW411830_01.jpg\",\"inLanguage\":\"tr\",\"potentialAction\":[{\"@type\":\"CommentAction\",\"name\":\"Comment\",\"target\":[\"https:\\\/\\\/memurunsesi.net\\\/index.php\\\/2025\\\/03\\\/14\\\/enezde-ogrenciler-yenilenebilir-enerjiye-dikkat-cekti\\\/#respond\"]}]},{\"@type\":\"WebPage\",\"@id\":\"https:\\\/\\\/memurunsesi.net\\\/index.php\\\/2025\\\/03\\\/14\\\/enezde-ogrenciler-yenilenebilir-enerjiye-dikkat-cekti\\\/\",\"url\":\"https:\\\/\\\/memurunsesi.net\\\/index.php\\\/2025\\\/03\\\/14\\\/enezde-ogrenciler-yenilenebilir-enerjiye-dikkat-cekti\\\/\",\"name\":\"Enez\u2019de \u00f6\u011frenciler yenilenebilir enerjiye dikkat \u00e7ekti - Memurun Sesi\",\"isPartOf\":{\"@id\":\"https:\\\/\\\/memurunsesi.net\\\/#website\"},\"primaryImageOfPage\":{\"@id\":\"https:\\\/\\\/memurunsesi.net\\\/index.php\\\/2025\\\/03\\\/14\\\/enezde-ogrenciler-yenilenebilir-enerjiye-dikkat-cekti\\\/#primaryimage\"},\"image\":{\"@id\":\"https:\\\/\\\/memurunsesi.net\\\/index.php\\\/2025\\\/03\\\/14\\\/enezde-ogrenciler-yenilenebilir-enerjiye-dikkat-cekti\\\/#primaryimage\"},\"thumbnailUrl\":\"https:\\\/\\\/memurunsesi.net\\\/wp-content\\\/uploads\\\/2025\\\/03\\\/AW411830_01.jpg\",\"datePublished\":\"2025-03-14T06:02:44+00:00\",\"breadcrumb\":{\"@id\":\"https:\\\/\\\/memurunsesi.net\\\/index.php\\\/2025\\\/03\\\/14\\\/enezde-ogrenciler-yenilenebilir-enerjiye-dikkat-cekti\\\/#breadcrumb\"},\"inLanguage\":\"tr\",\"potentialAction\":[{\"@type\":\"ReadAction\",\"target\":[\"https:\\\/\\\/memurunsesi.net\\\/index.php\\\/2025\\\/03\\\/14\\\/enezde-ogrenciler-yenilenebilir-enerjiye-dikkat-cekti\\\/\"]}]},{\"@type\":\"ImageObject\",\"inLanguage\":\"tr\",\"@id\":\"https:\\\/\\\/memurunsesi.net\\\/index.php\\\/2025\\\/03\\\/14\\\/enezde-ogrenciler-yenilenebilir-enerjiye-dikkat-cekti\\\/#primaryimage\",\"url\":\"https:\\\/\\\/memurunsesi.net\\\/wp-content\\\/uploads\\\/2025\\\/03\\\/AW411830_01.jpg\",\"contentUrl\":\"https:\\\/\\\/memurunsesi.net\\\/wp-content\\\/uploads\\\/2025\\\/03\\\/AW411830_01.jpg\",\"width\":1536,\"height\":2048,\"caption\":\"ENEZ'DE \u00d6\u011eRENC\u0130LER \\\"ESEN R\u00dcZGAR, D\u00d6NEN KANATLAR\\\" PROJES\u0130 \u0130LE YEN\u0130LENEB\u0130L\u0130R ENERJ\u0130YE D\u0130KKAT \u00c7EKT\u0130 (\u0130LKER G\u00dcREL\\\/ED\u0130RNE-\u0130HA) Edirne'nin Enez il\u00e7esinde, Hask\u00f6y Ortaokulu'nda e\u011fitim g\u00f6ren \u00f6\u011frenciler, \\\"Esen R\u00fczgar, D\u00f6nen Kanatlar\\\" projesi ile geri d\u00f6n\u00fc\u015f\u00fcm bilinci ve yenilenebilir enerji kaynaklar\u0131na dikkat \u00e7ekti.\"},{\"@type\":\"BreadcrumbList\",\"@id\":\"https:\\\/\\\/memurunsesi.net\\\/index.php\\\/2025\\\/03\\\/14\\\/enezde-ogrenciler-yenilenebilir-enerjiye-dikkat-cekti\\\/#breadcrumb\",\"itemListElement\":[{\"@type\":\"ListItem\",\"position\":1,\"name\":\"Anasayfa\",\"item\":\"https:\\\/\\\/memurunsesi.net\\\/\"},{\"@type\":\"ListItem\",\"position\":2,\"name\":\"Enez\u2019de \u00f6\u011frenciler yenilenebilir enerjiye dikkat \u00e7ekti\"}]},{\"@type\":\"WebSite\",\"@id\":\"https:\\\/\\\/memurunsesi.net\\\/#website\",\"url\":\"https:\\\/\\\/memurunsesi.net\\\/\",\"name\":\"Memurun Sesi\",\"description\":\"G\u00fcncel ve Do\u011fru Haber\",\"publisher\":{\"@id\":\"https:\\\/\\\/memurunsesi.net\\\/#organization\"},\"potentialAction\":[{\"@type\":\"SearchAction\",\"target\":{\"@type\":\"EntryPoint\",\"urlTemplate\":\"https:\\\/\\\/memurunsesi.net\\\/?s={search_term_string}\"},\"query-input\":{\"@type\":\"PropertyValueSpecification\",\"valueRequired\":true,\"valueName\":\"search_term_string\"}}],\"inLanguage\":\"tr\"},{\"@type\":\"Organization\",\"@id\":\"https:\\\/\\\/memurunsesi.net\\\/#organization\",\"name\":\"Memurun Sesi\",\"url\":\"https:\\\/\\\/memurunsesi.net\\\/\",\"logo\":{\"@type\":\"ImageObject\",\"inLanguage\":\"tr\",\"@id\":\"https:\\\/\\\/memurunsesi.net\\\/#\\\/schema\\\/logo\\\/image\\\/\",\"url\":\"https:\\\/\\\/memurunsesi.net\\\/wp-content\\\/uploads\\\/2025\\\/11\\\/cropped-MEMURUN-SESI.png\",\"contentUrl\":\"https:\\\/\\\/memurunsesi.net\\\/wp-content\\\/uploads\\\/2025\\\/11\\\/cropped-MEMURUN-SESI.png\",\"width\":238,\"height\":57,\"caption\":\"Memurun Sesi\"},\"image\":{\"@id\":\"https:\\\/\\\/memurunsesi.net\\\/#\\\/schema\\\/logo\\\/image\\\/\"},\"sameAs\":[\"https:\\\/\\\/www.facebook.com\\\/unipersen\\\/?locale=tr_TR\",\"https:\\\/\\\/x.com\\\/unipersen\"]},{\"@type\":\"Person\",\"@id\":\"https:\\\/\\\/memurunsesi.net\\\/#\\\/schema\\\/person\\\/f21c2d73b89f6ee1d80b0a1803e38587\",\"name\":\"Memurun Sesi Haber Merkezi\",\"image\":{\"@type\":\"ImageObject\",\"inLanguage\":\"tr\",\"@id\":\"https:\\\/\\\/secure.gravatar.com\\\/avatar\\\/6cf0505f452ee753f485014986fab09a434671d2b919ee76fc541025c5876a70?s=96&d=mm&r=g\",\"url\":\"https:\\\/\\\/secure.gravatar.com\\\/avatar\\\/6cf0505f452ee753f485014986fab09a434671d2b919ee76fc541025c5876a70?s=96&d=mm&r=g\",\"contentUrl\":\"https:\\\/\\\/secure.gravatar.com\\\/avatar\\\/6cf0505f452ee753f485014986fab09a434671d2b919ee76fc541025c5876a70?s=96&d=mm&r=g\",\"caption\":\"Memurun Sesi Haber Merkezi\"},\"sameAs\":[\"https:\\\/\\\/memurunsesi.net\"],\"url\":\"https:\\\/\\\/memurunsesi.net\\\/index.php\\\/author\\\/uniper\\\/\"}]}<\/script>\n<!-- \/ Yoast SEO plugin. -->","yoast_head_json":{"title":"Enez\u2019de \u00f6\u011frenciler yenilenebilir enerjiye dikkat \u00e7ekti - Memurun Sesi","robots":{"index":"index","follow":"follow","max-snippet":"max-snippet:-1","max-image-preview":"max-image-preview:large","max-video-preview":"max-video-preview:-1"},"canonical":"https:\/\/memurunsesi.net\/index.php\/2025\/03\/14\/enezde-ogrenciler-yenilenebilir-enerjiye-dikkat-cekti\/","og_locale":"tr_TR","og_type":"article","og_title":"Enez\u2019de \u00f6\u011frenciler yenilenebilir enerjiye dikkat \u00e7ekti - Memurun Sesi","og_description":"Edirne\u2019nin Enez il\u00e7esinde, Hask\u00f6y Ortaokulu\u2019nda e\u011fitim g\u00f6ren \u00f6\u011frenciler, &#8220;Esen R\u00fczgar, D\u00f6nen Kanatlar&#8221; projesi ile geri d\u00f6n\u00fc\u015f\u00fcm bilinci ve yenilenebilir enerji kaynaklar\u0131na dikkat \u00e7ekti. Enez Kaymakam\u0131 Muhammed Emin Tutal ve \u0130l\u00e7e Milli E\u011fitim M\u00fcd\u00fcr\u00fc Vedat Uzun, Hask\u00f6y Ortaokulu\u2019nu ziyaret ederek, buradaki \u00f6\u011frencilerin haz\u0131rlad\u0131\u011f\u0131 &#8220;Esen R\u00fczgar, D\u00f6nen Kanatlar&#8221; projesini inceledi. Geri d\u00f6n\u00fc\u015f\u00fcm malzemeleri kullan\u0131larak bir r\u00fczgar g\u00fcl\u00fc [&hellip;]","og_url":"https:\/\/memurunsesi.net\/index.php\/2025\/03\/14\/enezde-ogrenciler-yenilenebilir-enerjiye-dikkat-cekti\/","og_site_name":"Memurun Sesi","article_publisher":"https:\/\/www.facebook.com\/unipersen\/?locale=tr_TR","article_published_time":"2025-03-14T06:02:44+00:00","og_image":[{"width":1536,"height":2048,"url":"https:\/\/memurunsesi.net\/wp-content\/uploads\/2025\/03\/AW411830_01.jpg","type":"image\/jpeg"}],"author":"Memurun Sesi Haber Merkezi","twitter_card":"summary_large_image","twitter_creator":"@unipersen","twitter_site":"@unipersen","twitter_misc":{"Yazan:":"Memurun Sesi Haber Merkezi","Tahmini okuma s\u00fcresi":"1 dakika"},"schema":{"@context":"https:\/\/schema.org","@graph":[{"@type":"Article","@id":"https:\/\/memurunsesi.net\/index.php\/2025\/03\/14\/enezde-ogrenciler-yenilenebilir-enerjiye-dikkat-cekti\/#article","isPartOf":{"@id":"https:\/\/memurunsesi.net\/index.php\/2025\/03\/14\/enezde-ogrenciler-yenilenebilir-enerjiye-dikkat-cekti\/"},"author":{"name":"Memurun Sesi Haber Merkezi","@id":"https:\/\/memurunsesi.net\/#\/schema\/person\/f21c2d73b89f6ee1d80b0a1803e38587"},"headline":"Enez\u2019de \u00f6\u011frenciler yenilenebilir enerjiye dikkat \u00e7ekti","datePublished":"2025-03-14T06:02:44+00:00","mainEntityOfPage":{"@id":"https:\/\/memurunsesi.net\/index.php\/2025\/03\/14\/enezde-ogrenciler-yenilenebilir-enerjiye-dikkat-cekti\/"},"wordCount":173,"commentCount":0,"publisher":{"@id":"https:\/\/memurunsesi.net\/#organization"},"image":{"@id":"https:\/\/memurunsesi.net\/index.php\/2025\/03\/14\/enezde-ogrenciler-yenilenebilir-enerjiye-dikkat-cekti\/#primaryimage"},"thumbnailUrl":"https:\/\/memurunsesi.net\/wp-content\/uploads\/2025\/03\/AW411830_01.jpg","inLanguage":"tr","potentialAction":[{"@type":"CommentAction","name":"Comment","target":["https:\/\/memurunsesi.net\/index.php\/2025\/03\/14\/enezde-ogrenciler-yenilenebilir-enerjiye-dikkat-cekti\/#respond"]}]},{"@type":"WebPage","@id":"https:\/\/memurunsesi.net\/index.php\/2025\/03\/14\/enezde-ogrenciler-yenilenebilir-enerjiye-dikkat-cekti\/","url":"https:\/\/memurunsesi.net\/index.php\/2025\/03\/14\/enezde-ogrenciler-yenilenebilir-enerjiye-dikkat-cekti\/","name":"Enez\u2019de \u00f6\u011frenciler yenilenebilir enerjiye dikkat \u00e7ekti - Memurun Sesi","isPartOf":{"@id":"https:\/\/memurunsesi.net\/#website"},"primaryImageOfPage":{"@id":"https:\/\/memurunsesi.net\/index.php\/2025\/03\/14\/enezde-ogrenciler-yenilenebilir-enerjiye-dikkat-cekti\/#primaryimage"},"image":{"@id":"https:\/\/memurunsesi.net\/index.php\/2025\/03\/14\/enezde-ogrenciler-yenilenebilir-enerjiye-dikkat-cekti\/#primaryimage"},"thumbnailUrl":"https:\/\/memurunsesi.net\/wp-content\/uploads\/2025\/03\/AW411830_01.jpg","datePublished":"2025-03-14T06:02:44+00:00","breadcrumb":{"@id":"https:\/\/memurunsesi.net\/index.php\/2025\/03\/14\/enezde-ogrenciler-yenilenebilir-enerjiye-dikkat-cekti\/#breadcrumb"},"inLanguage":"tr","potentialAction":[{"@type":"ReadAction","target":["https:\/\/memurunsesi.net\/index.php\/2025\/03\/14\/enezde-ogrenciler-yenilenebilir-enerjiye-dikkat-cekti\/"]}]},{"@type":"ImageObject","inLanguage":"tr","@id":"https:\/\/memurunsesi.net\/index.php\/2025\/03\/14\/enezde-ogrenciler-yenilenebilir-enerjiye-dikkat-cekti\/#primaryimage","url":"https:\/\/memurunsesi.net\/wp-content\/uploads\/2025\/03\/AW411830_01.jpg","contentUrl":"https:\/\/memurunsesi.net\/wp-content\/uploads\/2025\/03\/AW411830_01.jpg","width":1536,"height":2048,"caption":"ENEZ'DE \u00d6\u011eRENC\u0130LER \"ESEN R\u00dcZGAR, D\u00d6NEN KANATLAR\" PROJES\u0130 \u0130LE YEN\u0130LENEB\u0130L\u0130R ENERJ\u0130YE D\u0130KKAT \u00c7EKT\u0130 (\u0130LKER G\u00dcREL\/ED\u0130RNE-\u0130HA) Edirne'nin Enez il\u00e7esinde, Hask\u00f6y Ortaokulu'nda e\u011fitim g\u00f6ren \u00f6\u011frenciler, \"Esen R\u00fczgar, D\u00f6nen Kanatlar\" projesi ile geri d\u00f6n\u00fc\u015f\u00fcm bilinci ve yenilenebilir enerji kaynaklar\u0131na dikkat \u00e7ekti."},{"@type":"BreadcrumbList","@id":"https:\/\/memurunsesi.net\/index.php\/2025\/03\/14\/enezde-ogrenciler-yenilenebilir-enerjiye-dikkat-cekti\/#breadcrumb","itemListElement":[{"@type":"ListItem","position":1,"name":"Anasayfa","item":"https:\/\/memurunsesi.net\/"},{"@type":"ListItem","position":2,"name":"Enez\u2019de \u00f6\u011frenciler yenilenebilir enerjiye dikkat \u00e7ekti"}]},{"@type":"WebSite","@id":"https:\/\/memurunsesi.net\/#website","url":"https:\/\/memurunsesi.net\/","name":"Memurun Sesi","description":"G\u00fcncel ve Do\u011fru Haber","publisher":{"@id":"https:\/\/memurunsesi.net\/#organization"},"potentialAction":[{"@type":"SearchAction","target":{"@type":"EntryPoint","urlTemplate":"https:\/\/memurunsesi.net\/?s={search_term_string}"},"query-input":{"@type":"PropertyValueSpecification","valueRequired":true,"valueName":"search_term_string"}}],"inLanguage":"tr"},{"@type":"Organization","@id":"https:\/\/memurunsesi.net\/#organization","name":"Memurun Sesi","url":"https:\/\/memurunsesi.net\/","logo":{"@type":"ImageObject","inLanguage":"tr","@id":"https:\/\/memurunsesi.net\/#\/schema\/logo\/image\/","url":"https:\/\/memurunsesi.net\/wp-content\/uploads\/2025\/11\/cropped-MEMURUN-SESI.png","contentUrl":"https:\/\/memurunsesi.net\/wp-content\/uploads\/2025\/11\/cropped-MEMURUN-SESI.png","width":238,"height":57,"caption":"Memurun Sesi"},"image":{"@id":"https:\/\/memurunsesi.net\/#\/schema\/logo\/image\/"},"sameAs":["https:\/\/www.facebook.com\/unipersen\/?locale=tr_TR","https:\/\/x.com\/unipersen"]},{"@type":"Person","@id":"https:\/\/memurunsesi.net\/#\/schema\/person\/f21c2d73b89f6ee1d80b0a1803e38587","name":"Memurun Sesi Haber Merkezi","image":{"@type":"ImageObject","inLanguage":"tr","@id":"https:\/\/secure.gravatar.com\/avatar\/6cf0505f452ee753f485014986fab09a434671d2b919ee76fc541025c5876a70?s=96&d=mm&r=g","url":"https:\/\/secure.gravatar.com\/avatar\/6cf0505f452ee753f485014986fab09a434671d2b919ee76fc541025c5876a70?s=96&d=mm&r=g","contentUrl":"https:\/\/secure.gravatar.com\/avatar\/6cf0505f452ee753f485014986fab09a434671d2b919ee76fc541025c5876a70?s=96&d=mm&r=g","caption":"Memurun Sesi Haber Merkezi"},"sameAs":["https:\/\/memurunsesi.net"],"url":"https:\/\/memurunsesi.net\/index.php\/author\/uniper\/"}]}},"_links":{"self":[{"href":"https:\/\/memurunsesi.net\/index.php\/wp-json\/wp\/v2\/posts\/4139","targetHints":{"allow":["GET"]}}],"collection":[{"href":"https:\/\/memurunsesi.net\/index.php\/wp-json\/wp\/v2\/posts"}],"about":[{"href":"https:\/\/memurunsesi.net\/index.php\/wp-json\/wp\/v2\/types\/post"}],"author":[{"embeddable":true,"href":"https:\/\/memurunsesi.net\/index.php\/wp-json\/wp\/v2\/users\/1"}],"replies":[{"embeddable":true,"href":"https:\/\/memurunsesi.net\/index.php\/wp-json\/wp\/v2\/comments?post=4139"}],"version-history":[{"count":1,"href":"https:\/\/memurunsesi.net\/index.php\/wp-json\/wp\/v2\/posts\/4139\/revisions"}],"predecessor-version":[{"id":4141,"href":"https:\/\/memurunsesi.net\/index.php\/wp-json\/wp\/v2\/posts\/4139\/revisions\/4141"}],"wp:featuredmedia":[{"embeddable":true,"href":"https:\/\/memurunsesi.net\/index.php\/wp-json\/wp\/v2\/media\/4140"}],"wp:attachment":[{"href":"https:\/\/memurunsesi.net\/index.php\/wp-json\/wp\/v2\/media?parent=4139"}],"wp:term":[{"taxonomy":"category","embeddable":true,"href":"https:\/\/memurunsesi.net\/index.php\/wp-json\/wp\/v2\/categories?post=4139"},{"taxonomy":"post_tag","embeddable":true,"href":"https:\/\/memurunsesi.net\/index.php\/wp-json\/wp\/v2\/tags?post=4139"}],"curies":[{"name":"wp","href":"https:\/\/api.w.org\/{rel}","templated":true}]}}