{"id":4145,"date":"2025-03-14T09:05:30","date_gmt":"2025-03-14T06:05:30","guid":{"rendered":"https:\/\/memurunsesi.net\/?p=4145"},"modified":"2025-03-14T09:05:30","modified_gmt":"2025-03-14T06:05:30","slug":"nadir-gorulen-kara-leylek-yarali-bulunarak-tedavi-altina-alindi","status":"publish","type":"post","link":"https:\/\/memurunsesi.net\/index.php\/2025\/03\/14\/nadir-gorulen-kara-leylek-yarali-bulunarak-tedavi-altina-alindi\/","title":{"rendered":"Nadir g\u00f6r\u00fclen kara leylek yaral\u0131 bulunarak tedavi alt\u0131na al\u0131nd\u0131"},"content":{"rendered":"<p>T\u00fcrkiye&#8217;de nadir g\u00f6r\u00fclen nesli t\u00fckenme tehlikesinde oldu\u011fu bilinen bir kara leylek, Adana&#8217;da yaral\u0131 olarak bulunarak tedavi alt\u0131na al\u0131nd\u0131.<br \/>\nHavalar\u0131n \u0131s\u0131nmas\u0131 ile birlikte leyleklerin g\u00f6\u00e7\u00fcde ba\u015flad\u0131. Adana&#8217;n\u0131n Feke il\u00e7esinde nesli t\u00fckenme tehlikesi alt\u0131nda olan insanlardan uzak b\u00f6lgelerde ya\u015fayan bir kara leylek yaral\u0131 olarak bulundu. \u0130l\u00e7eden k\u0131rsaldaki Akkaya Mahallesine arac\u0131yla giden Yasin Akcan, \u00f6n\u00fcne \u00e7\u0131kan yaral\u0131 leyle\u011fi alarak Feke Belediye Ba\u015fkan\u0131 C\u00f6mert \u00d6zen&#8217;den yard\u0131m istedi. \u00d6zen&#8217;in y\u00f6nlendirmesiyle leyle\u011fe veteriner hekim Hilmi Og\u00fcn Ak\u0131\u015f ilk m\u00fcdahalesini yapt\u0131. Hayvan daha sonra Do\u011fa Koruma ve Milli Parklar \u015eefline teslim edildi. Nadir g\u00f6r\u00fclen kara leyle\u011fin bak\u0131m merkezinde gerekli tedavilerinin tamamlanmas\u0131n\u0131n ard\u0131ndan tekrar do\u011fal ortam\u0131na b\u0131rak\u0131laca\u011f\u0131 bildirildi.<\/p>\n<p>14.03.2025<\/p>\n","protected":false},"excerpt":{"rendered":"<p>T\u00fcrkiye&#8217;de nadir g\u00f6r\u00fclen nesli t\u00fckenme tehlikesinde oldu\u011fu bilinen bir kara leylek, Adana&#8217;da yaral\u0131 olarak bulunarak tedavi alt\u0131na al\u0131nd\u0131. Havalar\u0131n \u0131s\u0131nmas\u0131 ile birlikte leyleklerin g\u00f6\u00e7\u00fcde ba\u015flad\u0131. Adana&#8217;n\u0131n Feke il\u00e7esinde nesli t\u00fckenme tehlikesi alt\u0131nda olan insanlardan uzak b\u00f6lgelerde ya\u015fayan bir kara leylek yaral\u0131 olarak bulundu. \u0130l\u00e7eden k\u0131rsaldaki Akkaya Mahallesine arac\u0131yla giden Yasin Akcan, \u00f6n\u00fcne \u00e7\u0131kan yaral\u0131 leyle\u011fi [&hellip;]<\/p>\n","protected":false},"author":1,"featured_media":4146,"comment_status":"open","ping_status":"open","sticky":false,"template":"","format":"standard","meta":{"footnotes":""},"categories":[50],"tags":[],"class_list":["post-4145","post","type-post","status-publish","format-standard","has-post-thumbnail","hentry","category-tum-haberler"],"yoast_head":"<!-- This site is optimized with the Yoast SEO plugin v27.4 - https:\/\/yoast.com\/product\/yoast-seo-wordpress\/ -->\n<title>Nadir g\u00f6r\u00fclen kara leylek yaral\u0131 bulunarak tedavi alt\u0131na al\u0131nd\u0131 - Memurun Sesi<\/title>\n<meta name=\"robots\" content=\"index, follow, max-snippet:-1, max-image-preview:large, max-video-preview:-1\" \/>\n<link rel=\"canonical\" href=\"https:\/\/memurunsesi.net\/index.php\/2025\/03\/14\/nadir-gorulen-kara-leylek-yarali-bulunarak-tedavi-altina-alindi\/\" \/>\n<meta property=\"og:locale\" content=\"tr_TR\" \/>\n<meta property=\"og:type\" content=\"article\" \/>\n<meta property=\"og:title\" content=\"Nadir g\u00f6r\u00fclen kara leylek yaral\u0131 bulunarak tedavi alt\u0131na al\u0131nd\u0131 - Memurun Sesi\" \/>\n<meta property=\"og:description\" content=\"T\u00fcrkiye&#8217;de nadir g\u00f6r\u00fclen nesli t\u00fckenme tehlikesinde oldu\u011fu bilinen bir kara leylek, Adana&#8217;da yaral\u0131 olarak bulunarak tedavi alt\u0131na al\u0131nd\u0131. Havalar\u0131n \u0131s\u0131nmas\u0131 ile birlikte leyleklerin g\u00f6\u00e7\u00fcde ba\u015flad\u0131. Adana&#8217;n\u0131n Feke il\u00e7esinde nesli t\u00fckenme tehlikesi alt\u0131nda olan insanlardan uzak b\u00f6lgelerde ya\u015fayan bir kara leylek yaral\u0131 olarak bulundu. \u0130l\u00e7eden k\u0131rsaldaki Akkaya Mahallesine arac\u0131yla giden Yasin Akcan, \u00f6n\u00fcne \u00e7\u0131kan yaral\u0131 leyle\u011fi [&hellip;]\" \/>\n<meta property=\"og:url\" content=\"https:\/\/memurunsesi.net\/index.php\/2025\/03\/14\/nadir-gorulen-kara-leylek-yarali-bulunarak-tedavi-altina-alindi\/\" \/>\n<meta property=\"og:site_name\" content=\"Memurun Sesi\" \/>\n<meta property=\"article:publisher\" content=\"https:\/\/www.facebook.com\/unipersen\/?locale=tr_TR\" \/>\n<meta property=\"article:published_time\" content=\"2025-03-14T06:05:30+00:00\" \/>\n<meta property=\"og:image\" content=\"https:\/\/memurunsesi.net\/wp-content\/uploads\/2025\/03\/AW411939_01.jpg\" \/>\n\t<meta property=\"og:image:width\" content=\"1340\" \/>\n\t<meta property=\"og:image:height\" content=\"785\" \/>\n\t<meta property=\"og:image:type\" content=\"image\/jpeg\" \/>\n<meta name=\"author\" content=\"Memurun Sesi Haber Merkezi\" \/>\n<meta name=\"twitter:card\" content=\"summary_large_image\" \/>\n<meta name=\"twitter:creator\" content=\"@unipersen\" \/>\n<meta name=\"twitter:site\" content=\"@unipersen\" \/>\n<meta name=\"twitter:label1\" content=\"Yazan:\" \/>\n\t<meta name=\"twitter:data1\" content=\"Memurun Sesi Haber Merkezi\" \/>\n\t<meta name=\"twitter:label2\" content=\"Tahmini okuma s\u00fcresi\" \/>\n\t<meta name=\"twitter:data2\" content=\"1 dakika\" \/>\n<script type=\"application\/ld+json\" class=\"yoast-schema-graph\">{\"@context\":\"https:\\\/\\\/schema.org\",\"@graph\":[{\"@type\":\"Article\",\"@id\":\"https:\\\/\\\/memurunsesi.net\\\/index.php\\\/2025\\\/03\\\/14\\\/nadir-gorulen-kara-leylek-yarali-bulunarak-tedavi-altina-alindi\\\/#article\",\"isPartOf\":{\"@id\":\"https:\\\/\\\/memurunsesi.net\\\/index.php\\\/2025\\\/03\\\/14\\\/nadir-gorulen-kara-leylek-yarali-bulunarak-tedavi-altina-alindi\\\/\"},\"author\":{\"name\":\"Memurun Sesi Haber Merkezi\",\"@id\":\"https:\\\/\\\/memurunsesi.net\\\/#\\\/schema\\\/person\\\/f21c2d73b89f6ee1d80b0a1803e38587\"},\"headline\":\"Nadir g\u00f6r\u00fclen kara leylek yaral\u0131 bulunarak tedavi alt\u0131na al\u0131nd\u0131\",\"datePublished\":\"2025-03-14T06:05:30+00:00\",\"mainEntityOfPage\":{\"@id\":\"https:\\\/\\\/memurunsesi.net\\\/index.php\\\/2025\\\/03\\\/14\\\/nadir-gorulen-kara-leylek-yarali-bulunarak-tedavi-altina-alindi\\\/\"},\"wordCount\":159,\"commentCount\":0,\"publisher\":{\"@id\":\"https:\\\/\\\/memurunsesi.net\\\/#organization\"},\"image\":{\"@id\":\"https:\\\/\\\/memurunsesi.net\\\/index.php\\\/2025\\\/03\\\/14\\\/nadir-gorulen-kara-leylek-yarali-bulunarak-tedavi-altina-alindi\\\/#primaryimage\"},\"thumbnailUrl\":\"https:\\\/\\\/memurunsesi.net\\\/wp-content\\\/uploads\\\/2025\\\/03\\\/AW411939_01.jpg\",\"articleSection\":[\"T\u00fcm Haberler\"],\"inLanguage\":\"tr\",\"potentialAction\":[{\"@type\":\"CommentAction\",\"name\":\"Comment\",\"target\":[\"https:\\\/\\\/memurunsesi.net\\\/index.php\\\/2025\\\/03\\\/14\\\/nadir-gorulen-kara-leylek-yarali-bulunarak-tedavi-altina-alindi\\\/#respond\"]}]},{\"@type\":\"WebPage\",\"@id\":\"https:\\\/\\\/memurunsesi.net\\\/index.php\\\/2025\\\/03\\\/14\\\/nadir-gorulen-kara-leylek-yarali-bulunarak-tedavi-altina-alindi\\\/\",\"url\":\"https:\\\/\\\/memurunsesi.net\\\/index.php\\\/2025\\\/03\\\/14\\\/nadir-gorulen-kara-leylek-yarali-bulunarak-tedavi-altina-alindi\\\/\",\"name\":\"Nadir g\u00f6r\u00fclen kara leylek yaral\u0131 bulunarak tedavi alt\u0131na al\u0131nd\u0131 - Memurun Sesi\",\"isPartOf\":{\"@id\":\"https:\\\/\\\/memurunsesi.net\\\/#website\"},\"primaryImageOfPage\":{\"@id\":\"https:\\\/\\\/memurunsesi.net\\\/index.php\\\/2025\\\/03\\\/14\\\/nadir-gorulen-kara-leylek-yarali-bulunarak-tedavi-altina-alindi\\\/#primaryimage\"},\"image\":{\"@id\":\"https:\\\/\\\/memurunsesi.net\\\/index.php\\\/2025\\\/03\\\/14\\\/nadir-gorulen-kara-leylek-yarali-bulunarak-tedavi-altina-alindi\\\/#primaryimage\"},\"thumbnailUrl\":\"https:\\\/\\\/memurunsesi.net\\\/wp-content\\\/uploads\\\/2025\\\/03\\\/AW411939_01.jpg\",\"datePublished\":\"2025-03-14T06:05:30+00:00\",\"breadcrumb\":{\"@id\":\"https:\\\/\\\/memurunsesi.net\\\/index.php\\\/2025\\\/03\\\/14\\\/nadir-gorulen-kara-leylek-yarali-bulunarak-tedavi-altina-alindi\\\/#breadcrumb\"},\"inLanguage\":\"tr\",\"potentialAction\":[{\"@type\":\"ReadAction\",\"target\":[\"https:\\\/\\\/memurunsesi.net\\\/index.php\\\/2025\\\/03\\\/14\\\/nadir-gorulen-kara-leylek-yarali-bulunarak-tedavi-altina-alindi\\\/\"]}]},{\"@type\":\"ImageObject\",\"inLanguage\":\"tr\",\"@id\":\"https:\\\/\\\/memurunsesi.net\\\/index.php\\\/2025\\\/03\\\/14\\\/nadir-gorulen-kara-leylek-yarali-bulunarak-tedavi-altina-alindi\\\/#primaryimage\",\"url\":\"https:\\\/\\\/memurunsesi.net\\\/wp-content\\\/uploads\\\/2025\\\/03\\\/AW411939_01.jpg\",\"contentUrl\":\"https:\\\/\\\/memurunsesi.net\\\/wp-content\\\/uploads\\\/2025\\\/03\\\/AW411939_01.jpg\",\"width\":1340,\"height\":785,\"caption\":\"T\u00dcRK\u0130YE'DE NAD\u0130R G\u00d6R\u00dcLEN NESL\u0130 T\u00dcKENME TEHL\u0130KES\u0130NDE OLDU\u011eU B\u0130L\u0130NEN B\u0130R KARA KARA LEYLEK, ADANA'DA YARALI OLARAK BULUNARAK TEDAV\u0130 ALTINA ALINDI. (BER\u0130L SOLMU\u015eG\u00dcL\\\/ADANA-\u0130HA) T\u00fcrkiye'de nadir g\u00f6r\u00fclen nesli t\u00fckenme tehlikesinde oldu\u011fu bilinen bir kara leylek, Adana'da yaral\u0131 olarak bulunarak tedavi alt\u0131na al\u0131nd\u0131.\"},{\"@type\":\"BreadcrumbList\",\"@id\":\"https:\\\/\\\/memurunsesi.net\\\/index.php\\\/2025\\\/03\\\/14\\\/nadir-gorulen-kara-leylek-yarali-bulunarak-tedavi-altina-alindi\\\/#breadcrumb\",\"itemListElement\":[{\"@type\":\"ListItem\",\"position\":1,\"name\":\"Anasayfa\",\"item\":\"https:\\\/\\\/memurunsesi.net\\\/\"},{\"@type\":\"ListItem\",\"position\":2,\"name\":\"Nadir g\u00f6r\u00fclen kara leylek yaral\u0131 bulunarak tedavi alt\u0131na al\u0131nd\u0131\"}]},{\"@type\":\"WebSite\",\"@id\":\"https:\\\/\\\/memurunsesi.net\\\/#website\",\"url\":\"https:\\\/\\\/memurunsesi.net\\\/\",\"name\":\"Memurun Sesi\",\"description\":\"G\u00fcncel ve Do\u011fru Haber\",\"publisher\":{\"@id\":\"https:\\\/\\\/memurunsesi.net\\\/#organization\"},\"potentialAction\":[{\"@type\":\"SearchAction\",\"target\":{\"@type\":\"EntryPoint\",\"urlTemplate\":\"https:\\\/\\\/memurunsesi.net\\\/?s={search_term_string}\"},\"query-input\":{\"@type\":\"PropertyValueSpecification\",\"valueRequired\":true,\"valueName\":\"search_term_string\"}}],\"inLanguage\":\"tr\"},{\"@type\":\"Organization\",\"@id\":\"https:\\\/\\\/memurunsesi.net\\\/#organization\",\"name\":\"Memurun Sesi\",\"url\":\"https:\\\/\\\/memurunsesi.net\\\/\",\"logo\":{\"@type\":\"ImageObject\",\"inLanguage\":\"tr\",\"@id\":\"https:\\\/\\\/memurunsesi.net\\\/#\\\/schema\\\/logo\\\/image\\\/\",\"url\":\"https:\\\/\\\/memurunsesi.net\\\/wp-content\\\/uploads\\\/2025\\\/11\\\/cropped-MEMURUN-SESI.png\",\"contentUrl\":\"https:\\\/\\\/memurunsesi.net\\\/wp-content\\\/uploads\\\/2025\\\/11\\\/cropped-MEMURUN-SESI.png\",\"width\":238,\"height\":57,\"caption\":\"Memurun Sesi\"},\"image\":{\"@id\":\"https:\\\/\\\/memurunsesi.net\\\/#\\\/schema\\\/logo\\\/image\\\/\"},\"sameAs\":[\"https:\\\/\\\/www.facebook.com\\\/unipersen\\\/?locale=tr_TR\",\"https:\\\/\\\/x.com\\\/unipersen\"]},{\"@type\":\"Person\",\"@id\":\"https:\\\/\\\/memurunsesi.net\\\/#\\\/schema\\\/person\\\/f21c2d73b89f6ee1d80b0a1803e38587\",\"name\":\"Memurun Sesi Haber Merkezi\",\"image\":{\"@type\":\"ImageObject\",\"inLanguage\":\"tr\",\"@id\":\"https:\\\/\\\/secure.gravatar.com\\\/avatar\\\/6cf0505f452ee753f485014986fab09a434671d2b919ee76fc541025c5876a70?s=96&d=mm&r=g\",\"url\":\"https:\\\/\\\/secure.gravatar.com\\\/avatar\\\/6cf0505f452ee753f485014986fab09a434671d2b919ee76fc541025c5876a70?s=96&d=mm&r=g\",\"contentUrl\":\"https:\\\/\\\/secure.gravatar.com\\\/avatar\\\/6cf0505f452ee753f485014986fab09a434671d2b919ee76fc541025c5876a70?s=96&d=mm&r=g\",\"caption\":\"Memurun Sesi Haber Merkezi\"},\"sameAs\":[\"https:\\\/\\\/memurunsesi.net\"],\"url\":\"https:\\\/\\\/memurunsesi.net\\\/index.php\\\/author\\\/uniper\\\/\"}]}<\/script>\n<!-- \/ Yoast SEO plugin. -->","yoast_head_json":{"title":"Nadir g\u00f6r\u00fclen kara leylek yaral\u0131 bulunarak tedavi alt\u0131na al\u0131nd\u0131 - Memurun Sesi","robots":{"index":"index","follow":"follow","max-snippet":"max-snippet:-1","max-image-preview":"max-image-preview:large","max-video-preview":"max-video-preview:-1"},"canonical":"https:\/\/memurunsesi.net\/index.php\/2025\/03\/14\/nadir-gorulen-kara-leylek-yarali-bulunarak-tedavi-altina-alindi\/","og_locale":"tr_TR","og_type":"article","og_title":"Nadir g\u00f6r\u00fclen kara leylek yaral\u0131 bulunarak tedavi alt\u0131na al\u0131nd\u0131 - Memurun Sesi","og_description":"T\u00fcrkiye&#8217;de nadir g\u00f6r\u00fclen nesli t\u00fckenme tehlikesinde oldu\u011fu bilinen bir kara leylek, Adana&#8217;da yaral\u0131 olarak bulunarak tedavi alt\u0131na al\u0131nd\u0131. Havalar\u0131n \u0131s\u0131nmas\u0131 ile birlikte leyleklerin g\u00f6\u00e7\u00fcde ba\u015flad\u0131. Adana&#8217;n\u0131n Feke il\u00e7esinde nesli t\u00fckenme tehlikesi alt\u0131nda olan insanlardan uzak b\u00f6lgelerde ya\u015fayan bir kara leylek yaral\u0131 olarak bulundu. \u0130l\u00e7eden k\u0131rsaldaki Akkaya Mahallesine arac\u0131yla giden Yasin Akcan, \u00f6n\u00fcne \u00e7\u0131kan yaral\u0131 leyle\u011fi [&hellip;]","og_url":"https:\/\/memurunsesi.net\/index.php\/2025\/03\/14\/nadir-gorulen-kara-leylek-yarali-bulunarak-tedavi-altina-alindi\/","og_site_name":"Memurun Sesi","article_publisher":"https:\/\/www.facebook.com\/unipersen\/?locale=tr_TR","article_published_time":"2025-03-14T06:05:30+00:00","og_image":[{"width":1340,"height":785,"url":"https:\/\/memurunsesi.net\/wp-content\/uploads\/2025\/03\/AW411939_01.jpg","type":"image\/jpeg"}],"author":"Memurun Sesi Haber Merkezi","twitter_card":"summary_large_image","twitter_creator":"@unipersen","twitter_site":"@unipersen","twitter_misc":{"Yazan:":"Memurun Sesi Haber Merkezi","Tahmini okuma s\u00fcresi":"1 dakika"},"schema":{"@context":"https:\/\/schema.org","@graph":[{"@type":"Article","@id":"https:\/\/memurunsesi.net\/index.php\/2025\/03\/14\/nadir-gorulen-kara-leylek-yarali-bulunarak-tedavi-altina-alindi\/#article","isPartOf":{"@id":"https:\/\/memurunsesi.net\/index.php\/2025\/03\/14\/nadir-gorulen-kara-leylek-yarali-bulunarak-tedavi-altina-alindi\/"},"author":{"name":"Memurun Sesi Haber Merkezi","@id":"https:\/\/memurunsesi.net\/#\/schema\/person\/f21c2d73b89f6ee1d80b0a1803e38587"},"headline":"Nadir g\u00f6r\u00fclen kara leylek yaral\u0131 bulunarak tedavi alt\u0131na al\u0131nd\u0131","datePublished":"2025-03-14T06:05:30+00:00","mainEntityOfPage":{"@id":"https:\/\/memurunsesi.net\/index.php\/2025\/03\/14\/nadir-gorulen-kara-leylek-yarali-bulunarak-tedavi-altina-alindi\/"},"wordCount":159,"commentCount":0,"publisher":{"@id":"https:\/\/memurunsesi.net\/#organization"},"image":{"@id":"https:\/\/memurunsesi.net\/index.php\/2025\/03\/14\/nadir-gorulen-kara-leylek-yarali-bulunarak-tedavi-altina-alindi\/#primaryimage"},"thumbnailUrl":"https:\/\/memurunsesi.net\/wp-content\/uploads\/2025\/03\/AW411939_01.jpg","articleSection":["T\u00fcm Haberler"],"inLanguage":"tr","potentialAction":[{"@type":"CommentAction","name":"Comment","target":["https:\/\/memurunsesi.net\/index.php\/2025\/03\/14\/nadir-gorulen-kara-leylek-yarali-bulunarak-tedavi-altina-alindi\/#respond"]}]},{"@type":"WebPage","@id":"https:\/\/memurunsesi.net\/index.php\/2025\/03\/14\/nadir-gorulen-kara-leylek-yarali-bulunarak-tedavi-altina-alindi\/","url":"https:\/\/memurunsesi.net\/index.php\/2025\/03\/14\/nadir-gorulen-kara-leylek-yarali-bulunarak-tedavi-altina-alindi\/","name":"Nadir g\u00f6r\u00fclen kara leylek yaral\u0131 bulunarak tedavi alt\u0131na al\u0131nd\u0131 - Memurun Sesi","isPartOf":{"@id":"https:\/\/memurunsesi.net\/#website"},"primaryImageOfPage":{"@id":"https:\/\/memurunsesi.net\/index.php\/2025\/03\/14\/nadir-gorulen-kara-leylek-yarali-bulunarak-tedavi-altina-alindi\/#primaryimage"},"image":{"@id":"https:\/\/memurunsesi.net\/index.php\/2025\/03\/14\/nadir-gorulen-kara-leylek-yarali-bulunarak-tedavi-altina-alindi\/#primaryimage"},"thumbnailUrl":"https:\/\/memurunsesi.net\/wp-content\/uploads\/2025\/03\/AW411939_01.jpg","datePublished":"2025-03-14T06:05:30+00:00","breadcrumb":{"@id":"https:\/\/memurunsesi.net\/index.php\/2025\/03\/14\/nadir-gorulen-kara-leylek-yarali-bulunarak-tedavi-altina-alindi\/#breadcrumb"},"inLanguage":"tr","potentialAction":[{"@type":"ReadAction","target":["https:\/\/memurunsesi.net\/index.php\/2025\/03\/14\/nadir-gorulen-kara-leylek-yarali-bulunarak-tedavi-altina-alindi\/"]}]},{"@type":"ImageObject","inLanguage":"tr","@id":"https:\/\/memurunsesi.net\/index.php\/2025\/03\/14\/nadir-gorulen-kara-leylek-yarali-bulunarak-tedavi-altina-alindi\/#primaryimage","url":"https:\/\/memurunsesi.net\/wp-content\/uploads\/2025\/03\/AW411939_01.jpg","contentUrl":"https:\/\/memurunsesi.net\/wp-content\/uploads\/2025\/03\/AW411939_01.jpg","width":1340,"height":785,"caption":"T\u00dcRK\u0130YE'DE NAD\u0130R G\u00d6R\u00dcLEN NESL\u0130 T\u00dcKENME TEHL\u0130KES\u0130NDE OLDU\u011eU B\u0130L\u0130NEN B\u0130R KARA KARA LEYLEK, ADANA'DA YARALI OLARAK BULUNARAK TEDAV\u0130 ALTINA ALINDI. (BER\u0130L SOLMU\u015eG\u00dcL\/ADANA-\u0130HA) T\u00fcrkiye'de nadir g\u00f6r\u00fclen nesli t\u00fckenme tehlikesinde oldu\u011fu bilinen bir kara leylek, Adana'da yaral\u0131 olarak bulunarak tedavi alt\u0131na al\u0131nd\u0131."},{"@type":"BreadcrumbList","@id":"https:\/\/memurunsesi.net\/index.php\/2025\/03\/14\/nadir-gorulen-kara-leylek-yarali-bulunarak-tedavi-altina-alindi\/#breadcrumb","itemListElement":[{"@type":"ListItem","position":1,"name":"Anasayfa","item":"https:\/\/memurunsesi.net\/"},{"@type":"ListItem","position":2,"name":"Nadir g\u00f6r\u00fclen kara leylek yaral\u0131 bulunarak tedavi alt\u0131na al\u0131nd\u0131"}]},{"@type":"WebSite","@id":"https:\/\/memurunsesi.net\/#website","url":"https:\/\/memurunsesi.net\/","name":"Memurun Sesi","description":"G\u00fcncel ve Do\u011fru Haber","publisher":{"@id":"https:\/\/memurunsesi.net\/#organization"},"potentialAction":[{"@type":"SearchAction","target":{"@type":"EntryPoint","urlTemplate":"https:\/\/memurunsesi.net\/?s={search_term_string}"},"query-input":{"@type":"PropertyValueSpecification","valueRequired":true,"valueName":"search_term_string"}}],"inLanguage":"tr"},{"@type":"Organization","@id":"https:\/\/memurunsesi.net\/#organization","name":"Memurun Sesi","url":"https:\/\/memurunsesi.net\/","logo":{"@type":"ImageObject","inLanguage":"tr","@id":"https:\/\/memurunsesi.net\/#\/schema\/logo\/image\/","url":"https:\/\/memurunsesi.net\/wp-content\/uploads\/2025\/11\/cropped-MEMURUN-SESI.png","contentUrl":"https:\/\/memurunsesi.net\/wp-content\/uploads\/2025\/11\/cropped-MEMURUN-SESI.png","width":238,"height":57,"caption":"Memurun Sesi"},"image":{"@id":"https:\/\/memurunsesi.net\/#\/schema\/logo\/image\/"},"sameAs":["https:\/\/www.facebook.com\/unipersen\/?locale=tr_TR","https:\/\/x.com\/unipersen"]},{"@type":"Person","@id":"https:\/\/memurunsesi.net\/#\/schema\/person\/f21c2d73b89f6ee1d80b0a1803e38587","name":"Memurun Sesi Haber Merkezi","image":{"@type":"ImageObject","inLanguage":"tr","@id":"https:\/\/secure.gravatar.com\/avatar\/6cf0505f452ee753f485014986fab09a434671d2b919ee76fc541025c5876a70?s=96&d=mm&r=g","url":"https:\/\/secure.gravatar.com\/avatar\/6cf0505f452ee753f485014986fab09a434671d2b919ee76fc541025c5876a70?s=96&d=mm&r=g","contentUrl":"https:\/\/secure.gravatar.com\/avatar\/6cf0505f452ee753f485014986fab09a434671d2b919ee76fc541025c5876a70?s=96&d=mm&r=g","caption":"Memurun Sesi Haber Merkezi"},"sameAs":["https:\/\/memurunsesi.net"],"url":"https:\/\/memurunsesi.net\/index.php\/author\/uniper\/"}]}},"_links":{"self":[{"href":"https:\/\/memurunsesi.net\/index.php\/wp-json\/wp\/v2\/posts\/4145","targetHints":{"allow":["GET"]}}],"collection":[{"href":"https:\/\/memurunsesi.net\/index.php\/wp-json\/wp\/v2\/posts"}],"about":[{"href":"https:\/\/memurunsesi.net\/index.php\/wp-json\/wp\/v2\/types\/post"}],"author":[{"embeddable":true,"href":"https:\/\/memurunsesi.net\/index.php\/wp-json\/wp\/v2\/users\/1"}],"replies":[{"embeddable":true,"href":"https:\/\/memurunsesi.net\/index.php\/wp-json\/wp\/v2\/comments?post=4145"}],"version-history":[{"count":1,"href":"https:\/\/memurunsesi.net\/index.php\/wp-json\/wp\/v2\/posts\/4145\/revisions"}],"predecessor-version":[{"id":4147,"href":"https:\/\/memurunsesi.net\/index.php\/wp-json\/wp\/v2\/posts\/4145\/revisions\/4147"}],"wp:featuredmedia":[{"embeddable":true,"href":"https:\/\/memurunsesi.net\/index.php\/wp-json\/wp\/v2\/media\/4146"}],"wp:attachment":[{"href":"https:\/\/memurunsesi.net\/index.php\/wp-json\/wp\/v2\/media?parent=4145"}],"wp:term":[{"taxonomy":"category","embeddable":true,"href":"https:\/\/memurunsesi.net\/index.php\/wp-json\/wp\/v2\/categories?post=4145"},{"taxonomy":"post_tag","embeddable":true,"href":"https:\/\/memurunsesi.net\/index.php\/wp-json\/wp\/v2\/tags?post=4145"}],"curies":[{"name":"wp","href":"https:\/\/api.w.org\/{rel}","templated":true}]}}