{"id":4148,"date":"2025-03-14T09:07:31","date_gmt":"2025-03-14T06:07:31","guid":{"rendered":"https:\/\/memurunsesi.net\/?p=4148"},"modified":"2025-03-14T09:07:31","modified_gmt":"2025-03-14T06:07:31","slug":"saimbeylide-baskan-cocuklara-verdigi-sozu-tuttu-parklar-kurdu","status":"publish","type":"post","link":"https:\/\/memurunsesi.net\/index.php\/2025\/03\/14\/saimbeylide-baskan-cocuklara-verdigi-sozu-tuttu-parklar-kurdu\/","title":{"rendered":"Saimbeyli&#8217;de ba\u015fkan \u00e7ocuklara verdi\u011fi s\u00f6z\u00fc tuttu, parklar kurdu"},"content":{"rendered":"<p>Adana&#8217;n\u0131n Saimbeyli Belediye Ba\u015fkan\u0131 Mahmut Dal, baharda \u00e7ocuklar\u0131n do\u011fa ile i\u00e7 i\u00e7e dinlenmesi i\u00e7in il\u00e7eye yeni oyun alanlar\u0131 kazand\u0131rd\u0131.<br \/>\nEy\u00fcpl\u00fc, Himmetli, Kapakl\u0131kuyu, \u00c7erelan Mahallelerinde se\u00e7im gezisi s\u0131ras\u0131nda \u00e7ocuklara park s\u00f6z\u00fc veren Saimbeyli Belediye Ba\u015fkan\u0131 Mahmut Dal s\u00f6z\u00fcn\u00fc yerine getirdi. \u00c7ocuklar\u0131n daha konforlu alanlarda g\u00fczel vakit ge\u00e7irmesi i\u00e7in mahallelerine parklar yap\u0131ld\u0131. \u0130l\u00e7ede yaz\u0131n ziyaret\u00e7i yo\u011funlu\u011fu ya\u015fanan Obruk Mesire Alan\u0131&#8217;na da \u00e7ocuk park\u0131 kuruldu.<br \/>\nSe\u00e7imlerde \u00e7ocuklara verdi\u011fi s\u00f6z\u00fcn\u00fc yerine getirdi\u011fi i\u00e7in mutlu oldu\u011funu belirten Ba\u015fkan Dal, il\u00e7e sakinleri ve \u00e7ocuklar i\u00e7in konforlu alanlar\u0131n olu\u015fturulmas\u0131n\u0131n devam edece\u011fini s\u00f6yledi.<\/p>\n<p>14.03.2025<\/p>\n","protected":false},"excerpt":{"rendered":"<p>Adana&#8217;n\u0131n Saimbeyli Belediye Ba\u015fkan\u0131 Mahmut Dal, baharda \u00e7ocuklar\u0131n do\u011fa ile i\u00e7 i\u00e7e dinlenmesi i\u00e7in il\u00e7eye yeni oyun alanlar\u0131 kazand\u0131rd\u0131. Ey\u00fcpl\u00fc, Himmetli, Kapakl\u0131kuyu, \u00c7erelan Mahallelerinde se\u00e7im gezisi s\u0131ras\u0131nda \u00e7ocuklara park s\u00f6z\u00fc veren Saimbeyli Belediye Ba\u015fkan\u0131 Mahmut Dal s\u00f6z\u00fcn\u00fc yerine getirdi. \u00c7ocuklar\u0131n daha konforlu alanlarda g\u00fczel vakit ge\u00e7irmesi i\u00e7in mahallelerine parklar yap\u0131ld\u0131. \u0130l\u00e7ede yaz\u0131n ziyaret\u00e7i yo\u011funlu\u011fu ya\u015fanan [&hellip;]<\/p>\n","protected":false},"author":1,"featured_media":4149,"comment_status":"open","ping_status":"open","sticky":false,"template":"","format":"standard","meta":{"footnotes":""},"categories":[50],"tags":[],"class_list":["post-4148","post","type-post","status-publish","format-standard","has-post-thumbnail","hentry","category-tum-haberler"],"yoast_head":"<!-- This site is optimized with the Yoast SEO plugin v27.4 - https:\/\/yoast.com\/product\/yoast-seo-wordpress\/ -->\n<title>Saimbeyli&#039;de ba\u015fkan \u00e7ocuklara verdi\u011fi s\u00f6z\u00fc tuttu, parklar kurdu - Memurun Sesi<\/title>\n<meta name=\"robots\" content=\"index, follow, max-snippet:-1, max-image-preview:large, max-video-preview:-1\" \/>\n<link rel=\"canonical\" href=\"https:\/\/memurunsesi.net\/index.php\/2025\/03\/14\/saimbeylide-baskan-cocuklara-verdigi-sozu-tuttu-parklar-kurdu\/\" \/>\n<meta property=\"og:locale\" content=\"tr_TR\" \/>\n<meta property=\"og:type\" content=\"article\" \/>\n<meta property=\"og:title\" content=\"Saimbeyli&#039;de ba\u015fkan \u00e7ocuklara verdi\u011fi s\u00f6z\u00fc tuttu, parklar kurdu - Memurun Sesi\" \/>\n<meta property=\"og:description\" content=\"Adana&#8217;n\u0131n Saimbeyli Belediye Ba\u015fkan\u0131 Mahmut Dal, baharda \u00e7ocuklar\u0131n do\u011fa ile i\u00e7 i\u00e7e dinlenmesi i\u00e7in il\u00e7eye yeni oyun alanlar\u0131 kazand\u0131rd\u0131. Ey\u00fcpl\u00fc, Himmetli, Kapakl\u0131kuyu, \u00c7erelan Mahallelerinde se\u00e7im gezisi s\u0131ras\u0131nda \u00e7ocuklara park s\u00f6z\u00fc veren Saimbeyli Belediye Ba\u015fkan\u0131 Mahmut Dal s\u00f6z\u00fcn\u00fc yerine getirdi. \u00c7ocuklar\u0131n daha konforlu alanlarda g\u00fczel vakit ge\u00e7irmesi i\u00e7in mahallelerine parklar yap\u0131ld\u0131. \u0130l\u00e7ede yaz\u0131n ziyaret\u00e7i yo\u011funlu\u011fu ya\u015fanan [&hellip;]\" \/>\n<meta property=\"og:url\" content=\"https:\/\/memurunsesi.net\/index.php\/2025\/03\/14\/saimbeylide-baskan-cocuklara-verdigi-sozu-tuttu-parklar-kurdu\/\" \/>\n<meta property=\"og:site_name\" content=\"Memurun Sesi\" \/>\n<meta property=\"article:publisher\" content=\"https:\/\/www.facebook.com\/unipersen\/?locale=tr_TR\" \/>\n<meta property=\"article:published_time\" content=\"2025-03-14T06:07:31+00:00\" \/>\n<meta property=\"og:image\" content=\"https:\/\/memurunsesi.net\/wp-content\/uploads\/2025\/03\/AW411938_02.jpg\" \/>\n\t<meta property=\"og:image:width\" content=\"1440\" \/>\n\t<meta property=\"og:image:height\" content=\"1440\" \/>\n\t<meta property=\"og:image:type\" content=\"image\/jpeg\" \/>\n<meta name=\"author\" content=\"Memurun Sesi Haber Merkezi\" \/>\n<meta name=\"twitter:card\" content=\"summary_large_image\" \/>\n<meta name=\"twitter:creator\" content=\"@unipersen\" \/>\n<meta name=\"twitter:site\" content=\"@unipersen\" \/>\n<meta name=\"twitter:label1\" content=\"Yazan:\" \/>\n\t<meta name=\"twitter:data1\" content=\"Memurun Sesi Haber Merkezi\" \/>\n\t<meta name=\"twitter:label2\" content=\"Tahmini okuma s\u00fcresi\" \/>\n\t<meta name=\"twitter:data2\" content=\"1 dakika\" \/>\n<script type=\"application\/ld+json\" class=\"yoast-schema-graph\">{\"@context\":\"https:\\\/\\\/schema.org\",\"@graph\":[{\"@type\":\"Article\",\"@id\":\"https:\\\/\\\/memurunsesi.net\\\/index.php\\\/2025\\\/03\\\/14\\\/saimbeylide-baskan-cocuklara-verdigi-sozu-tuttu-parklar-kurdu\\\/#article\",\"isPartOf\":{\"@id\":\"https:\\\/\\\/memurunsesi.net\\\/index.php\\\/2025\\\/03\\\/14\\\/saimbeylide-baskan-cocuklara-verdigi-sozu-tuttu-parklar-kurdu\\\/\"},\"author\":{\"name\":\"Memurun Sesi Haber Merkezi\",\"@id\":\"https:\\\/\\\/memurunsesi.net\\\/#\\\/schema\\\/person\\\/f21c2d73b89f6ee1d80b0a1803e38587\"},\"headline\":\"Saimbeyli&#8217;de ba\u015fkan \u00e7ocuklara verdi\u011fi s\u00f6z\u00fc tuttu, parklar kurdu\",\"datePublished\":\"2025-03-14T06:07:31+00:00\",\"mainEntityOfPage\":{\"@id\":\"https:\\\/\\\/memurunsesi.net\\\/index.php\\\/2025\\\/03\\\/14\\\/saimbeylide-baskan-cocuklara-verdigi-sozu-tuttu-parklar-kurdu\\\/\"},\"wordCount\":143,\"commentCount\":0,\"publisher\":{\"@id\":\"https:\\\/\\\/memurunsesi.net\\\/#organization\"},\"image\":{\"@id\":\"https:\\\/\\\/memurunsesi.net\\\/index.php\\\/2025\\\/03\\\/14\\\/saimbeylide-baskan-cocuklara-verdigi-sozu-tuttu-parklar-kurdu\\\/#primaryimage\"},\"thumbnailUrl\":\"https:\\\/\\\/memurunsesi.net\\\/wp-content\\\/uploads\\\/2025\\\/03\\\/AW411938_02.jpg\",\"articleSection\":[\"T\u00fcm Haberler\"],\"inLanguage\":\"tr\",\"potentialAction\":[{\"@type\":\"CommentAction\",\"name\":\"Comment\",\"target\":[\"https:\\\/\\\/memurunsesi.net\\\/index.php\\\/2025\\\/03\\\/14\\\/saimbeylide-baskan-cocuklara-verdigi-sozu-tuttu-parklar-kurdu\\\/#respond\"]}]},{\"@type\":\"WebPage\",\"@id\":\"https:\\\/\\\/memurunsesi.net\\\/index.php\\\/2025\\\/03\\\/14\\\/saimbeylide-baskan-cocuklara-verdigi-sozu-tuttu-parklar-kurdu\\\/\",\"url\":\"https:\\\/\\\/memurunsesi.net\\\/index.php\\\/2025\\\/03\\\/14\\\/saimbeylide-baskan-cocuklara-verdigi-sozu-tuttu-parklar-kurdu\\\/\",\"name\":\"Saimbeyli'de ba\u015fkan \u00e7ocuklara verdi\u011fi s\u00f6z\u00fc tuttu, parklar kurdu - Memurun Sesi\",\"isPartOf\":{\"@id\":\"https:\\\/\\\/memurunsesi.net\\\/#website\"},\"primaryImageOfPage\":{\"@id\":\"https:\\\/\\\/memurunsesi.net\\\/index.php\\\/2025\\\/03\\\/14\\\/saimbeylide-baskan-cocuklara-verdigi-sozu-tuttu-parklar-kurdu\\\/#primaryimage\"},\"image\":{\"@id\":\"https:\\\/\\\/memurunsesi.net\\\/index.php\\\/2025\\\/03\\\/14\\\/saimbeylide-baskan-cocuklara-verdigi-sozu-tuttu-parklar-kurdu\\\/#primaryimage\"},\"thumbnailUrl\":\"https:\\\/\\\/memurunsesi.net\\\/wp-content\\\/uploads\\\/2025\\\/03\\\/AW411938_02.jpg\",\"datePublished\":\"2025-03-14T06:07:31+00:00\",\"breadcrumb\":{\"@id\":\"https:\\\/\\\/memurunsesi.net\\\/index.php\\\/2025\\\/03\\\/14\\\/saimbeylide-baskan-cocuklara-verdigi-sozu-tuttu-parklar-kurdu\\\/#breadcrumb\"},\"inLanguage\":\"tr\",\"potentialAction\":[{\"@type\":\"ReadAction\",\"target\":[\"https:\\\/\\\/memurunsesi.net\\\/index.php\\\/2025\\\/03\\\/14\\\/saimbeylide-baskan-cocuklara-verdigi-sozu-tuttu-parklar-kurdu\\\/\"]}]},{\"@type\":\"ImageObject\",\"inLanguage\":\"tr\",\"@id\":\"https:\\\/\\\/memurunsesi.net\\\/index.php\\\/2025\\\/03\\\/14\\\/saimbeylide-baskan-cocuklara-verdigi-sozu-tuttu-parklar-kurdu\\\/#primaryimage\",\"url\":\"https:\\\/\\\/memurunsesi.net\\\/wp-content\\\/uploads\\\/2025\\\/03\\\/AW411938_02.jpg\",\"contentUrl\":\"https:\\\/\\\/memurunsesi.net\\\/wp-content\\\/uploads\\\/2025\\\/03\\\/AW411938_02.jpg\",\"width\":1440,\"height\":1440,\"caption\":\"ADANA'NIN SA\u0130MBEYL\u0130 \u0130L\u00c7ES\u0130NDE SE\u00c7\u0130M GEZ\u0130LER\u0130NDE \u00d6\u011eRENC\u0130LERE PARK S\u00d6Z\u00dc VEREN SA\u0130MBEYL\u0130 BELED\u0130YE BA\u015eKANI MAHMUT DAL BAHARDA \u00c7OCUKLARIN DO\u011eA \u0130LE \u0130\u00c7 \u0130\u00c7E D\u0130NLENMES\u0130 \u0130\u00c7\u0130N \u0130L\u00c7EYE YEN\u0130 OYUN ALANLARINI KAZANDIRDI. (BER\u0130L SOLMU\u015eG\u00dcL\\\/ADANA-\u0130HA) Adana'n\u0131n Saimbeyli Belediye Ba\u015fkan\u0131 Mahmut Dal, baharda \u00e7ocuklar\u0131n do\u011fa ile i\u00e7 i\u00e7e dinlenmesi i\u00e7in il\u00e7eye yeni oyun alanlar\u0131 kazand\u0131rd\u0131.\"},{\"@type\":\"BreadcrumbList\",\"@id\":\"https:\\\/\\\/memurunsesi.net\\\/index.php\\\/2025\\\/03\\\/14\\\/saimbeylide-baskan-cocuklara-verdigi-sozu-tuttu-parklar-kurdu\\\/#breadcrumb\",\"itemListElement\":[{\"@type\":\"ListItem\",\"position\":1,\"name\":\"Anasayfa\",\"item\":\"https:\\\/\\\/memurunsesi.net\\\/\"},{\"@type\":\"ListItem\",\"position\":2,\"name\":\"Saimbeyli&#8217;de ba\u015fkan \u00e7ocuklara verdi\u011fi s\u00f6z\u00fc tuttu, parklar kurdu\"}]},{\"@type\":\"WebSite\",\"@id\":\"https:\\\/\\\/memurunsesi.net\\\/#website\",\"url\":\"https:\\\/\\\/memurunsesi.net\\\/\",\"name\":\"Memurun Sesi\",\"description\":\"G\u00fcncel ve Do\u011fru Haber\",\"publisher\":{\"@id\":\"https:\\\/\\\/memurunsesi.net\\\/#organization\"},\"potentialAction\":[{\"@type\":\"SearchAction\",\"target\":{\"@type\":\"EntryPoint\",\"urlTemplate\":\"https:\\\/\\\/memurunsesi.net\\\/?s={search_term_string}\"},\"query-input\":{\"@type\":\"PropertyValueSpecification\",\"valueRequired\":true,\"valueName\":\"search_term_string\"}}],\"inLanguage\":\"tr\"},{\"@type\":\"Organization\",\"@id\":\"https:\\\/\\\/memurunsesi.net\\\/#organization\",\"name\":\"Memurun Sesi\",\"url\":\"https:\\\/\\\/memurunsesi.net\\\/\",\"logo\":{\"@type\":\"ImageObject\",\"inLanguage\":\"tr\",\"@id\":\"https:\\\/\\\/memurunsesi.net\\\/#\\\/schema\\\/logo\\\/image\\\/\",\"url\":\"https:\\\/\\\/memurunsesi.net\\\/wp-content\\\/uploads\\\/2025\\\/11\\\/cropped-MEMURUN-SESI.png\",\"contentUrl\":\"https:\\\/\\\/memurunsesi.net\\\/wp-content\\\/uploads\\\/2025\\\/11\\\/cropped-MEMURUN-SESI.png\",\"width\":238,\"height\":57,\"caption\":\"Memurun Sesi\"},\"image\":{\"@id\":\"https:\\\/\\\/memurunsesi.net\\\/#\\\/schema\\\/logo\\\/image\\\/\"},\"sameAs\":[\"https:\\\/\\\/www.facebook.com\\\/unipersen\\\/?locale=tr_TR\",\"https:\\\/\\\/x.com\\\/unipersen\"]},{\"@type\":\"Person\",\"@id\":\"https:\\\/\\\/memurunsesi.net\\\/#\\\/schema\\\/person\\\/f21c2d73b89f6ee1d80b0a1803e38587\",\"name\":\"Memurun Sesi Haber Merkezi\",\"image\":{\"@type\":\"ImageObject\",\"inLanguage\":\"tr\",\"@id\":\"https:\\\/\\\/secure.gravatar.com\\\/avatar\\\/6cf0505f452ee753f485014986fab09a434671d2b919ee76fc541025c5876a70?s=96&d=mm&r=g\",\"url\":\"https:\\\/\\\/secure.gravatar.com\\\/avatar\\\/6cf0505f452ee753f485014986fab09a434671d2b919ee76fc541025c5876a70?s=96&d=mm&r=g\",\"contentUrl\":\"https:\\\/\\\/secure.gravatar.com\\\/avatar\\\/6cf0505f452ee753f485014986fab09a434671d2b919ee76fc541025c5876a70?s=96&d=mm&r=g\",\"caption\":\"Memurun Sesi Haber Merkezi\"},\"sameAs\":[\"https:\\\/\\\/memurunsesi.net\"],\"url\":\"https:\\\/\\\/memurunsesi.net\\\/index.php\\\/author\\\/uniper\\\/\"}]}<\/script>\n<!-- \/ Yoast SEO plugin. -->","yoast_head_json":{"title":"Saimbeyli'de ba\u015fkan \u00e7ocuklara verdi\u011fi s\u00f6z\u00fc tuttu, parklar kurdu - Memurun Sesi","robots":{"index":"index","follow":"follow","max-snippet":"max-snippet:-1","max-image-preview":"max-image-preview:large","max-video-preview":"max-video-preview:-1"},"canonical":"https:\/\/memurunsesi.net\/index.php\/2025\/03\/14\/saimbeylide-baskan-cocuklara-verdigi-sozu-tuttu-parklar-kurdu\/","og_locale":"tr_TR","og_type":"article","og_title":"Saimbeyli'de ba\u015fkan \u00e7ocuklara verdi\u011fi s\u00f6z\u00fc tuttu, parklar kurdu - Memurun Sesi","og_description":"Adana&#8217;n\u0131n Saimbeyli Belediye Ba\u015fkan\u0131 Mahmut Dal, baharda \u00e7ocuklar\u0131n do\u011fa ile i\u00e7 i\u00e7e dinlenmesi i\u00e7in il\u00e7eye yeni oyun alanlar\u0131 kazand\u0131rd\u0131. Ey\u00fcpl\u00fc, Himmetli, Kapakl\u0131kuyu, \u00c7erelan Mahallelerinde se\u00e7im gezisi s\u0131ras\u0131nda \u00e7ocuklara park s\u00f6z\u00fc veren Saimbeyli Belediye Ba\u015fkan\u0131 Mahmut Dal s\u00f6z\u00fcn\u00fc yerine getirdi. \u00c7ocuklar\u0131n daha konforlu alanlarda g\u00fczel vakit ge\u00e7irmesi i\u00e7in mahallelerine parklar yap\u0131ld\u0131. \u0130l\u00e7ede yaz\u0131n ziyaret\u00e7i yo\u011funlu\u011fu ya\u015fanan [&hellip;]","og_url":"https:\/\/memurunsesi.net\/index.php\/2025\/03\/14\/saimbeylide-baskan-cocuklara-verdigi-sozu-tuttu-parklar-kurdu\/","og_site_name":"Memurun Sesi","article_publisher":"https:\/\/www.facebook.com\/unipersen\/?locale=tr_TR","article_published_time":"2025-03-14T06:07:31+00:00","og_image":[{"width":1440,"height":1440,"url":"https:\/\/memurunsesi.net\/wp-content\/uploads\/2025\/03\/AW411938_02.jpg","type":"image\/jpeg"}],"author":"Memurun Sesi Haber Merkezi","twitter_card":"summary_large_image","twitter_creator":"@unipersen","twitter_site":"@unipersen","twitter_misc":{"Yazan:":"Memurun Sesi Haber Merkezi","Tahmini okuma s\u00fcresi":"1 dakika"},"schema":{"@context":"https:\/\/schema.org","@graph":[{"@type":"Article","@id":"https:\/\/memurunsesi.net\/index.php\/2025\/03\/14\/saimbeylide-baskan-cocuklara-verdigi-sozu-tuttu-parklar-kurdu\/#article","isPartOf":{"@id":"https:\/\/memurunsesi.net\/index.php\/2025\/03\/14\/saimbeylide-baskan-cocuklara-verdigi-sozu-tuttu-parklar-kurdu\/"},"author":{"name":"Memurun Sesi Haber Merkezi","@id":"https:\/\/memurunsesi.net\/#\/schema\/person\/f21c2d73b89f6ee1d80b0a1803e38587"},"headline":"Saimbeyli&#8217;de ba\u015fkan \u00e7ocuklara verdi\u011fi s\u00f6z\u00fc tuttu, parklar kurdu","datePublished":"2025-03-14T06:07:31+00:00","mainEntityOfPage":{"@id":"https:\/\/memurunsesi.net\/index.php\/2025\/03\/14\/saimbeylide-baskan-cocuklara-verdigi-sozu-tuttu-parklar-kurdu\/"},"wordCount":143,"commentCount":0,"publisher":{"@id":"https:\/\/memurunsesi.net\/#organization"},"image":{"@id":"https:\/\/memurunsesi.net\/index.php\/2025\/03\/14\/saimbeylide-baskan-cocuklara-verdigi-sozu-tuttu-parklar-kurdu\/#primaryimage"},"thumbnailUrl":"https:\/\/memurunsesi.net\/wp-content\/uploads\/2025\/03\/AW411938_02.jpg","articleSection":["T\u00fcm Haberler"],"inLanguage":"tr","potentialAction":[{"@type":"CommentAction","name":"Comment","target":["https:\/\/memurunsesi.net\/index.php\/2025\/03\/14\/saimbeylide-baskan-cocuklara-verdigi-sozu-tuttu-parklar-kurdu\/#respond"]}]},{"@type":"WebPage","@id":"https:\/\/memurunsesi.net\/index.php\/2025\/03\/14\/saimbeylide-baskan-cocuklara-verdigi-sozu-tuttu-parklar-kurdu\/","url":"https:\/\/memurunsesi.net\/index.php\/2025\/03\/14\/saimbeylide-baskan-cocuklara-verdigi-sozu-tuttu-parklar-kurdu\/","name":"Saimbeyli'de ba\u015fkan \u00e7ocuklara verdi\u011fi s\u00f6z\u00fc tuttu, parklar kurdu - Memurun Sesi","isPartOf":{"@id":"https:\/\/memurunsesi.net\/#website"},"primaryImageOfPage":{"@id":"https:\/\/memurunsesi.net\/index.php\/2025\/03\/14\/saimbeylide-baskan-cocuklara-verdigi-sozu-tuttu-parklar-kurdu\/#primaryimage"},"image":{"@id":"https:\/\/memurunsesi.net\/index.php\/2025\/03\/14\/saimbeylide-baskan-cocuklara-verdigi-sozu-tuttu-parklar-kurdu\/#primaryimage"},"thumbnailUrl":"https:\/\/memurunsesi.net\/wp-content\/uploads\/2025\/03\/AW411938_02.jpg","datePublished":"2025-03-14T06:07:31+00:00","breadcrumb":{"@id":"https:\/\/memurunsesi.net\/index.php\/2025\/03\/14\/saimbeylide-baskan-cocuklara-verdigi-sozu-tuttu-parklar-kurdu\/#breadcrumb"},"inLanguage":"tr","potentialAction":[{"@type":"ReadAction","target":["https:\/\/memurunsesi.net\/index.php\/2025\/03\/14\/saimbeylide-baskan-cocuklara-verdigi-sozu-tuttu-parklar-kurdu\/"]}]},{"@type":"ImageObject","inLanguage":"tr","@id":"https:\/\/memurunsesi.net\/index.php\/2025\/03\/14\/saimbeylide-baskan-cocuklara-verdigi-sozu-tuttu-parklar-kurdu\/#primaryimage","url":"https:\/\/memurunsesi.net\/wp-content\/uploads\/2025\/03\/AW411938_02.jpg","contentUrl":"https:\/\/memurunsesi.net\/wp-content\/uploads\/2025\/03\/AW411938_02.jpg","width":1440,"height":1440,"caption":"ADANA'NIN SA\u0130MBEYL\u0130 \u0130L\u00c7ES\u0130NDE SE\u00c7\u0130M GEZ\u0130LER\u0130NDE \u00d6\u011eRENC\u0130LERE PARK S\u00d6Z\u00dc VEREN SA\u0130MBEYL\u0130 BELED\u0130YE BA\u015eKANI MAHMUT DAL BAHARDA \u00c7OCUKLARIN DO\u011eA \u0130LE \u0130\u00c7 \u0130\u00c7E D\u0130NLENMES\u0130 \u0130\u00c7\u0130N \u0130L\u00c7EYE YEN\u0130 OYUN ALANLARINI KAZANDIRDI. (BER\u0130L SOLMU\u015eG\u00dcL\/ADANA-\u0130HA) Adana'n\u0131n Saimbeyli Belediye Ba\u015fkan\u0131 Mahmut Dal, baharda \u00e7ocuklar\u0131n do\u011fa ile i\u00e7 i\u00e7e dinlenmesi i\u00e7in il\u00e7eye yeni oyun alanlar\u0131 kazand\u0131rd\u0131."},{"@type":"BreadcrumbList","@id":"https:\/\/memurunsesi.net\/index.php\/2025\/03\/14\/saimbeylide-baskan-cocuklara-verdigi-sozu-tuttu-parklar-kurdu\/#breadcrumb","itemListElement":[{"@type":"ListItem","position":1,"name":"Anasayfa","item":"https:\/\/memurunsesi.net\/"},{"@type":"ListItem","position":2,"name":"Saimbeyli&#8217;de ba\u015fkan \u00e7ocuklara verdi\u011fi s\u00f6z\u00fc tuttu, parklar kurdu"}]},{"@type":"WebSite","@id":"https:\/\/memurunsesi.net\/#website","url":"https:\/\/memurunsesi.net\/","name":"Memurun Sesi","description":"G\u00fcncel ve Do\u011fru Haber","publisher":{"@id":"https:\/\/memurunsesi.net\/#organization"},"potentialAction":[{"@type":"SearchAction","target":{"@type":"EntryPoint","urlTemplate":"https:\/\/memurunsesi.net\/?s={search_term_string}"},"query-input":{"@type":"PropertyValueSpecification","valueRequired":true,"valueName":"search_term_string"}}],"inLanguage":"tr"},{"@type":"Organization","@id":"https:\/\/memurunsesi.net\/#organization","name":"Memurun Sesi","url":"https:\/\/memurunsesi.net\/","logo":{"@type":"ImageObject","inLanguage":"tr","@id":"https:\/\/memurunsesi.net\/#\/schema\/logo\/image\/","url":"https:\/\/memurunsesi.net\/wp-content\/uploads\/2025\/11\/cropped-MEMURUN-SESI.png","contentUrl":"https:\/\/memurunsesi.net\/wp-content\/uploads\/2025\/11\/cropped-MEMURUN-SESI.png","width":238,"height":57,"caption":"Memurun Sesi"},"image":{"@id":"https:\/\/memurunsesi.net\/#\/schema\/logo\/image\/"},"sameAs":["https:\/\/www.facebook.com\/unipersen\/?locale=tr_TR","https:\/\/x.com\/unipersen"]},{"@type":"Person","@id":"https:\/\/memurunsesi.net\/#\/schema\/person\/f21c2d73b89f6ee1d80b0a1803e38587","name":"Memurun Sesi Haber Merkezi","image":{"@type":"ImageObject","inLanguage":"tr","@id":"https:\/\/secure.gravatar.com\/avatar\/6cf0505f452ee753f485014986fab09a434671d2b919ee76fc541025c5876a70?s=96&d=mm&r=g","url":"https:\/\/secure.gravatar.com\/avatar\/6cf0505f452ee753f485014986fab09a434671d2b919ee76fc541025c5876a70?s=96&d=mm&r=g","contentUrl":"https:\/\/secure.gravatar.com\/avatar\/6cf0505f452ee753f485014986fab09a434671d2b919ee76fc541025c5876a70?s=96&d=mm&r=g","caption":"Memurun Sesi Haber Merkezi"},"sameAs":["https:\/\/memurunsesi.net"],"url":"https:\/\/memurunsesi.net\/index.php\/author\/uniper\/"}]}},"_links":{"self":[{"href":"https:\/\/memurunsesi.net\/index.php\/wp-json\/wp\/v2\/posts\/4148","targetHints":{"allow":["GET"]}}],"collection":[{"href":"https:\/\/memurunsesi.net\/index.php\/wp-json\/wp\/v2\/posts"}],"about":[{"href":"https:\/\/memurunsesi.net\/index.php\/wp-json\/wp\/v2\/types\/post"}],"author":[{"embeddable":true,"href":"https:\/\/memurunsesi.net\/index.php\/wp-json\/wp\/v2\/users\/1"}],"replies":[{"embeddable":true,"href":"https:\/\/memurunsesi.net\/index.php\/wp-json\/wp\/v2\/comments?post=4148"}],"version-history":[{"count":1,"href":"https:\/\/memurunsesi.net\/index.php\/wp-json\/wp\/v2\/posts\/4148\/revisions"}],"predecessor-version":[{"id":4150,"href":"https:\/\/memurunsesi.net\/index.php\/wp-json\/wp\/v2\/posts\/4148\/revisions\/4150"}],"wp:featuredmedia":[{"embeddable":true,"href":"https:\/\/memurunsesi.net\/index.php\/wp-json\/wp\/v2\/media\/4149"}],"wp:attachment":[{"href":"https:\/\/memurunsesi.net\/index.php\/wp-json\/wp\/v2\/media?parent=4148"}],"wp:term":[{"taxonomy":"category","embeddable":true,"href":"https:\/\/memurunsesi.net\/index.php\/wp-json\/wp\/v2\/categories?post=4148"},{"taxonomy":"post_tag","embeddable":true,"href":"https:\/\/memurunsesi.net\/index.php\/wp-json\/wp\/v2\/tags?post=4148"}],"curies":[{"name":"wp","href":"https:\/\/api.w.org\/{rel}","templated":true}]}}