{"id":4151,"date":"2025-03-14T09:09:49","date_gmt":"2025-03-14T06:09:49","guid":{"rendered":"https:\/\/memurunsesi.net\/?p=4151"},"modified":"2025-03-14T09:09:49","modified_gmt":"2025-03-14T06:09:49","slug":"ogrencilere-egitim-destegi-yks-ucretleri-hesaplara-yatirildi","status":"publish","type":"post","link":"https:\/\/memurunsesi.net\/index.php\/2025\/03\/14\/ogrencilere-egitim-destegi-yks-ucretleri-hesaplara-yatirildi\/","title":{"rendered":"\u00d6\u011frencilere e\u011fitim deste\u011fi: YKS \u00fccretleri hesaplara yat\u0131r\u0131ld\u0131"},"content":{"rendered":"<p>K\u0131r\u0131kkale Belediyesi, lise son s\u0131n\u0131fta e\u011fitim g\u00f6ren bin 96 \u00f6\u011frencinin Y\u00fcksek\u00f6\u011fretim Kurumlar\u0131 S\u0131nav\u0131 (YKS) ba\u015fvuru \u00fccretlerini kar\u015f\u0131lad\u0131. Her ay 500 aileye de biner lira e\u011fitim deste\u011fi sa\u011flad\u0131klar\u0131n\u0131 ifade eden Belediye Ba\u015fkan\u0131 Ahmet \u00d6nal, &#8220;Yeter ki \u00f6\u011frencilerimiz ba\u015far\u0131l\u0131 olsun, biz her zaman yanlar\u0131nday\u0131z&#8221; dedi.<br \/>\nK\u0131r\u0131kkale Belediyesi, \u00f6\u011frencilerin e\u011fitim hayat\u0131na \u00f6nemli destekler sunmaya devam ediyor. Belediye Ba\u015fkan\u0131 Ahmet \u00d6nal, YKS&#8217;ye girecek \u00f6\u011frencilerin s\u0131nav \u00fccretlerinin belediye taraf\u0131ndan kar\u015f\u0131land\u0131\u011f\u0131n\u0131 bildirdi. Bin 96 \u00f6\u011frencinin s\u0131nav \u00fccretlerinin bug\u00fcn itibar\u0131yla hesaplar\u0131na yat\u0131r\u0131ld\u0131\u011f\u0131n\u0131 a\u00e7\u0131klayan Ba\u015fkan \u00d6nal, &#8220;Bu s\u00fcre\u00e7te \u00e7ok olumlu geri d\u00f6n\u00fc\u015fler ald\u0131k. \u00d6\u011frencilerimiz sosyal medyada ve sahada bizlere ula\u015f\u0131yor. Gen\u00e7lerimiz memnun. Yeter ki onlar ders \u00e7al\u0131\u015fs\u0131n, yeter ki ba\u015far\u0131l\u0131 olsunlar. K\u0131r\u0131kkale Belediyesi, her zaman gen\u00e7lerimizin yan\u0131nda olmaya devam edecek&#8221; dedi.<br \/>\n\u00d6\u011frencilere y\u00f6nelik desteklerin sadece YKS \u00fccretiyle s\u0131n\u0131rl\u0131 olmad\u0131\u011f\u0131n\u0131 vurgulayan \u00d6nal, Liselere Ge\u00e7i\u015f Sistemi (LGS) s\u0131nav\u0131na haz\u0131rlanan \u00f6\u011frenciler i\u00e7in de destek kurslar\u0131 d\u00fczenlendi\u011fini belirtti. 6 temel derste bran\u015f \u00f6\u011fretmenleri e\u015fli\u011finde e\u011fitim verildi\u011fini anlatan \u00d6nal, &#8220;Eyl\u00fcl ay\u0131ndan itibaren \u00f6\u011frencilerimize ders kitaplar\u0131 temin ediyor ve d\u00fczenli olarak deneme s\u0131navlar\u0131 ger\u00e7ekle\u015ftiriyoruz. Bu s\u00fcre\u00e7te t\u00fcm masraflar\u0131 belediye olarak kar\u015f\u0131l\u0131yoruz&#8221; ifadelerini kulland\u0131.<br \/>\nBunun yan\u0131 s\u0131ra belediye, ihtiya\u00e7 sahibi ailelerin \u00e7ocuklar\u0131na y\u00f6nelik de e\u011fitim deste\u011fi sa\u011fl\u0131yor. Ba\u015fkan \u00d6nal, her ay 500 aileye bin TL e\u011fitim deste\u011fi verdiklerini belirterek, &#8220;B\u00f6ylece 3 farkl\u0131 e\u011fitim deste\u011fini K\u0131r\u0131kkaleli hem\u015fehrilerimizle bulu\u015fturmu\u015f olduk&#8221; diye konu\u015ftu.<\/p>\n<p>14.03.2025<\/p>\n","protected":false},"excerpt":{"rendered":"<p>K\u0131r\u0131kkale Belediyesi, lise son s\u0131n\u0131fta e\u011fitim g\u00f6ren bin 96 \u00f6\u011frencinin Y\u00fcksek\u00f6\u011fretim Kurumlar\u0131 S\u0131nav\u0131 (YKS) ba\u015fvuru \u00fccretlerini kar\u015f\u0131lad\u0131. Her ay 500 aileye de biner lira e\u011fitim deste\u011fi sa\u011flad\u0131klar\u0131n\u0131 ifade eden Belediye Ba\u015fkan\u0131 Ahmet \u00d6nal, &#8220;Yeter ki \u00f6\u011frencilerimiz ba\u015far\u0131l\u0131 olsun, biz her zaman yanlar\u0131nday\u0131z&#8221; dedi. K\u0131r\u0131kkale Belediyesi, \u00f6\u011frencilerin e\u011fitim hayat\u0131na \u00f6nemli destekler sunmaya devam ediyor. Belediye Ba\u015fkan\u0131 [&hellip;]<\/p>\n","protected":false},"author":1,"featured_media":0,"comment_status":"open","ping_status":"open","sticky":false,"template":"","format":"standard","meta":{"footnotes":""},"categories":[1],"tags":[],"class_list":["post-4151","post","type-post","status-publish","format-standard","hentry","category-genel"],"yoast_head":"<!-- This site is optimized with the Yoast SEO plugin v27.4 - https:\/\/yoast.com\/product\/yoast-seo-wordpress\/ -->\n<title>\u00d6\u011frencilere e\u011fitim deste\u011fi: YKS \u00fccretleri hesaplara yat\u0131r\u0131ld\u0131 - Memurun Sesi<\/title>\n<meta name=\"robots\" content=\"index, follow, max-snippet:-1, max-image-preview:large, max-video-preview:-1\" \/>\n<link rel=\"canonical\" href=\"https:\/\/memurunsesi.net\/index.php\/2025\/03\/14\/ogrencilere-egitim-destegi-yks-ucretleri-hesaplara-yatirildi\/\" \/>\n<meta property=\"og:locale\" content=\"tr_TR\" \/>\n<meta property=\"og:type\" content=\"article\" \/>\n<meta property=\"og:title\" content=\"\u00d6\u011frencilere e\u011fitim deste\u011fi: YKS \u00fccretleri hesaplara yat\u0131r\u0131ld\u0131 - Memurun Sesi\" \/>\n<meta property=\"og:description\" content=\"K\u0131r\u0131kkale Belediyesi, lise son s\u0131n\u0131fta e\u011fitim g\u00f6ren bin 96 \u00f6\u011frencinin Y\u00fcksek\u00f6\u011fretim Kurumlar\u0131 S\u0131nav\u0131 (YKS) ba\u015fvuru \u00fccretlerini kar\u015f\u0131lad\u0131. Her ay 500 aileye de biner lira e\u011fitim deste\u011fi sa\u011flad\u0131klar\u0131n\u0131 ifade eden Belediye Ba\u015fkan\u0131 Ahmet \u00d6nal, &#8220;Yeter ki \u00f6\u011frencilerimiz ba\u015far\u0131l\u0131 olsun, biz her zaman yanlar\u0131nday\u0131z&#8221; dedi. K\u0131r\u0131kkale Belediyesi, \u00f6\u011frencilerin e\u011fitim hayat\u0131na \u00f6nemli destekler sunmaya devam ediyor. Belediye Ba\u015fkan\u0131 [&hellip;]\" \/>\n<meta property=\"og:url\" content=\"https:\/\/memurunsesi.net\/index.php\/2025\/03\/14\/ogrencilere-egitim-destegi-yks-ucretleri-hesaplara-yatirildi\/\" \/>\n<meta property=\"og:site_name\" content=\"Memurun Sesi\" \/>\n<meta property=\"article:publisher\" content=\"https:\/\/www.facebook.com\/unipersen\/?locale=tr_TR\" \/>\n<meta property=\"article:published_time\" content=\"2025-03-14T06:09:49+00:00\" \/>\n<meta name=\"author\" content=\"Memurun Sesi Haber Merkezi\" \/>\n<meta name=\"twitter:card\" content=\"summary_large_image\" \/>\n<meta name=\"twitter:creator\" content=\"@unipersen\" \/>\n<meta name=\"twitter:site\" content=\"@unipersen\" \/>\n<meta name=\"twitter:label1\" content=\"Yazan:\" \/>\n\t<meta name=\"twitter:data1\" content=\"Memurun Sesi Haber Merkezi\" \/>\n\t<meta name=\"twitter:label2\" content=\"Tahmini okuma s\u00fcresi\" \/>\n\t<meta name=\"twitter:data2\" content=\"1 dakika\" \/>\n<script type=\"application\/ld+json\" class=\"yoast-schema-graph\">{\"@context\":\"https:\\\/\\\/schema.org\",\"@graph\":[{\"@type\":\"Article\",\"@id\":\"https:\\\/\\\/memurunsesi.net\\\/index.php\\\/2025\\\/03\\\/14\\\/ogrencilere-egitim-destegi-yks-ucretleri-hesaplara-yatirildi\\\/#article\",\"isPartOf\":{\"@id\":\"https:\\\/\\\/memurunsesi.net\\\/index.php\\\/2025\\\/03\\\/14\\\/ogrencilere-egitim-destegi-yks-ucretleri-hesaplara-yatirildi\\\/\"},\"author\":{\"name\":\"Memurun Sesi Haber Merkezi\",\"@id\":\"https:\\\/\\\/memurunsesi.net\\\/#\\\/schema\\\/person\\\/f21c2d73b89f6ee1d80b0a1803e38587\"},\"headline\":\"\u00d6\u011frencilere e\u011fitim deste\u011fi: YKS \u00fccretleri hesaplara yat\u0131r\u0131ld\u0131\",\"datePublished\":\"2025-03-14T06:09:49+00:00\",\"mainEntityOfPage\":{\"@id\":\"https:\\\/\\\/memurunsesi.net\\\/index.php\\\/2025\\\/03\\\/14\\\/ogrencilere-egitim-destegi-yks-ucretleri-hesaplara-yatirildi\\\/\"},\"wordCount\":309,\"commentCount\":0,\"publisher\":{\"@id\":\"https:\\\/\\\/memurunsesi.net\\\/#organization\"},\"inLanguage\":\"tr\",\"potentialAction\":[{\"@type\":\"CommentAction\",\"name\":\"Comment\",\"target\":[\"https:\\\/\\\/memurunsesi.net\\\/index.php\\\/2025\\\/03\\\/14\\\/ogrencilere-egitim-destegi-yks-ucretleri-hesaplara-yatirildi\\\/#respond\"]}]},{\"@type\":\"WebPage\",\"@id\":\"https:\\\/\\\/memurunsesi.net\\\/index.php\\\/2025\\\/03\\\/14\\\/ogrencilere-egitim-destegi-yks-ucretleri-hesaplara-yatirildi\\\/\",\"url\":\"https:\\\/\\\/memurunsesi.net\\\/index.php\\\/2025\\\/03\\\/14\\\/ogrencilere-egitim-destegi-yks-ucretleri-hesaplara-yatirildi\\\/\",\"name\":\"\u00d6\u011frencilere e\u011fitim deste\u011fi: YKS \u00fccretleri hesaplara yat\u0131r\u0131ld\u0131 - Memurun Sesi\",\"isPartOf\":{\"@id\":\"https:\\\/\\\/memurunsesi.net\\\/#website\"},\"datePublished\":\"2025-03-14T06:09:49+00:00\",\"breadcrumb\":{\"@id\":\"https:\\\/\\\/memurunsesi.net\\\/index.php\\\/2025\\\/03\\\/14\\\/ogrencilere-egitim-destegi-yks-ucretleri-hesaplara-yatirildi\\\/#breadcrumb\"},\"inLanguage\":\"tr\",\"potentialAction\":[{\"@type\":\"ReadAction\",\"target\":[\"https:\\\/\\\/memurunsesi.net\\\/index.php\\\/2025\\\/03\\\/14\\\/ogrencilere-egitim-destegi-yks-ucretleri-hesaplara-yatirildi\\\/\"]}]},{\"@type\":\"BreadcrumbList\",\"@id\":\"https:\\\/\\\/memurunsesi.net\\\/index.php\\\/2025\\\/03\\\/14\\\/ogrencilere-egitim-destegi-yks-ucretleri-hesaplara-yatirildi\\\/#breadcrumb\",\"itemListElement\":[{\"@type\":\"ListItem\",\"position\":1,\"name\":\"Anasayfa\",\"item\":\"https:\\\/\\\/memurunsesi.net\\\/\"},{\"@type\":\"ListItem\",\"position\":2,\"name\":\"\u00d6\u011frencilere e\u011fitim deste\u011fi: YKS \u00fccretleri hesaplara yat\u0131r\u0131ld\u0131\"}]},{\"@type\":\"WebSite\",\"@id\":\"https:\\\/\\\/memurunsesi.net\\\/#website\",\"url\":\"https:\\\/\\\/memurunsesi.net\\\/\",\"name\":\"Memurun Sesi\",\"description\":\"G\u00fcncel ve Do\u011fru Haber\",\"publisher\":{\"@id\":\"https:\\\/\\\/memurunsesi.net\\\/#organization\"},\"potentialAction\":[{\"@type\":\"SearchAction\",\"target\":{\"@type\":\"EntryPoint\",\"urlTemplate\":\"https:\\\/\\\/memurunsesi.net\\\/?s={search_term_string}\"},\"query-input\":{\"@type\":\"PropertyValueSpecification\",\"valueRequired\":true,\"valueName\":\"search_term_string\"}}],\"inLanguage\":\"tr\"},{\"@type\":\"Organization\",\"@id\":\"https:\\\/\\\/memurunsesi.net\\\/#organization\",\"name\":\"Memurun Sesi\",\"url\":\"https:\\\/\\\/memurunsesi.net\\\/\",\"logo\":{\"@type\":\"ImageObject\",\"inLanguage\":\"tr\",\"@id\":\"https:\\\/\\\/memurunsesi.net\\\/#\\\/schema\\\/logo\\\/image\\\/\",\"url\":\"https:\\\/\\\/memurunsesi.net\\\/wp-content\\\/uploads\\\/2025\\\/11\\\/cropped-MEMURUN-SESI.png\",\"contentUrl\":\"https:\\\/\\\/memurunsesi.net\\\/wp-content\\\/uploads\\\/2025\\\/11\\\/cropped-MEMURUN-SESI.png\",\"width\":238,\"height\":57,\"caption\":\"Memurun Sesi\"},\"image\":{\"@id\":\"https:\\\/\\\/memurunsesi.net\\\/#\\\/schema\\\/logo\\\/image\\\/\"},\"sameAs\":[\"https:\\\/\\\/www.facebook.com\\\/unipersen\\\/?locale=tr_TR\",\"https:\\\/\\\/x.com\\\/unipersen\"]},{\"@type\":\"Person\",\"@id\":\"https:\\\/\\\/memurunsesi.net\\\/#\\\/schema\\\/person\\\/f21c2d73b89f6ee1d80b0a1803e38587\",\"name\":\"Memurun Sesi Haber Merkezi\",\"image\":{\"@type\":\"ImageObject\",\"inLanguage\":\"tr\",\"@id\":\"https:\\\/\\\/secure.gravatar.com\\\/avatar\\\/6cf0505f452ee753f485014986fab09a434671d2b919ee76fc541025c5876a70?s=96&d=mm&r=g\",\"url\":\"https:\\\/\\\/secure.gravatar.com\\\/avatar\\\/6cf0505f452ee753f485014986fab09a434671d2b919ee76fc541025c5876a70?s=96&d=mm&r=g\",\"contentUrl\":\"https:\\\/\\\/secure.gravatar.com\\\/avatar\\\/6cf0505f452ee753f485014986fab09a434671d2b919ee76fc541025c5876a70?s=96&d=mm&r=g\",\"caption\":\"Memurun Sesi Haber Merkezi\"},\"sameAs\":[\"https:\\\/\\\/memurunsesi.net\"],\"url\":\"https:\\\/\\\/memurunsesi.net\\\/index.php\\\/author\\\/uniper\\\/\"}]}<\/script>\n<!-- \/ Yoast SEO plugin. -->","yoast_head_json":{"title":"\u00d6\u011frencilere e\u011fitim deste\u011fi: YKS \u00fccretleri hesaplara yat\u0131r\u0131ld\u0131 - Memurun Sesi","robots":{"index":"index","follow":"follow","max-snippet":"max-snippet:-1","max-image-preview":"max-image-preview:large","max-video-preview":"max-video-preview:-1"},"canonical":"https:\/\/memurunsesi.net\/index.php\/2025\/03\/14\/ogrencilere-egitim-destegi-yks-ucretleri-hesaplara-yatirildi\/","og_locale":"tr_TR","og_type":"article","og_title":"\u00d6\u011frencilere e\u011fitim deste\u011fi: YKS \u00fccretleri hesaplara yat\u0131r\u0131ld\u0131 - Memurun Sesi","og_description":"K\u0131r\u0131kkale Belediyesi, lise son s\u0131n\u0131fta e\u011fitim g\u00f6ren bin 96 \u00f6\u011frencinin Y\u00fcksek\u00f6\u011fretim Kurumlar\u0131 S\u0131nav\u0131 (YKS) ba\u015fvuru \u00fccretlerini kar\u015f\u0131lad\u0131. Her ay 500 aileye de biner lira e\u011fitim deste\u011fi sa\u011flad\u0131klar\u0131n\u0131 ifade eden Belediye Ba\u015fkan\u0131 Ahmet \u00d6nal, &#8220;Yeter ki \u00f6\u011frencilerimiz ba\u015far\u0131l\u0131 olsun, biz her zaman yanlar\u0131nday\u0131z&#8221; dedi. K\u0131r\u0131kkale Belediyesi, \u00f6\u011frencilerin e\u011fitim hayat\u0131na \u00f6nemli destekler sunmaya devam ediyor. Belediye Ba\u015fkan\u0131 [&hellip;]","og_url":"https:\/\/memurunsesi.net\/index.php\/2025\/03\/14\/ogrencilere-egitim-destegi-yks-ucretleri-hesaplara-yatirildi\/","og_site_name":"Memurun Sesi","article_publisher":"https:\/\/www.facebook.com\/unipersen\/?locale=tr_TR","article_published_time":"2025-03-14T06:09:49+00:00","author":"Memurun Sesi Haber Merkezi","twitter_card":"summary_large_image","twitter_creator":"@unipersen","twitter_site":"@unipersen","twitter_misc":{"Yazan:":"Memurun Sesi Haber Merkezi","Tahmini okuma s\u00fcresi":"1 dakika"},"schema":{"@context":"https:\/\/schema.org","@graph":[{"@type":"Article","@id":"https:\/\/memurunsesi.net\/index.php\/2025\/03\/14\/ogrencilere-egitim-destegi-yks-ucretleri-hesaplara-yatirildi\/#article","isPartOf":{"@id":"https:\/\/memurunsesi.net\/index.php\/2025\/03\/14\/ogrencilere-egitim-destegi-yks-ucretleri-hesaplara-yatirildi\/"},"author":{"name":"Memurun Sesi Haber Merkezi","@id":"https:\/\/memurunsesi.net\/#\/schema\/person\/f21c2d73b89f6ee1d80b0a1803e38587"},"headline":"\u00d6\u011frencilere e\u011fitim deste\u011fi: YKS \u00fccretleri hesaplara yat\u0131r\u0131ld\u0131","datePublished":"2025-03-14T06:09:49+00:00","mainEntityOfPage":{"@id":"https:\/\/memurunsesi.net\/index.php\/2025\/03\/14\/ogrencilere-egitim-destegi-yks-ucretleri-hesaplara-yatirildi\/"},"wordCount":309,"commentCount":0,"publisher":{"@id":"https:\/\/memurunsesi.net\/#organization"},"inLanguage":"tr","potentialAction":[{"@type":"CommentAction","name":"Comment","target":["https:\/\/memurunsesi.net\/index.php\/2025\/03\/14\/ogrencilere-egitim-destegi-yks-ucretleri-hesaplara-yatirildi\/#respond"]}]},{"@type":"WebPage","@id":"https:\/\/memurunsesi.net\/index.php\/2025\/03\/14\/ogrencilere-egitim-destegi-yks-ucretleri-hesaplara-yatirildi\/","url":"https:\/\/memurunsesi.net\/index.php\/2025\/03\/14\/ogrencilere-egitim-destegi-yks-ucretleri-hesaplara-yatirildi\/","name":"\u00d6\u011frencilere e\u011fitim deste\u011fi: YKS \u00fccretleri hesaplara yat\u0131r\u0131ld\u0131 - Memurun Sesi","isPartOf":{"@id":"https:\/\/memurunsesi.net\/#website"},"datePublished":"2025-03-14T06:09:49+00:00","breadcrumb":{"@id":"https:\/\/memurunsesi.net\/index.php\/2025\/03\/14\/ogrencilere-egitim-destegi-yks-ucretleri-hesaplara-yatirildi\/#breadcrumb"},"inLanguage":"tr","potentialAction":[{"@type":"ReadAction","target":["https:\/\/memurunsesi.net\/index.php\/2025\/03\/14\/ogrencilere-egitim-destegi-yks-ucretleri-hesaplara-yatirildi\/"]}]},{"@type":"BreadcrumbList","@id":"https:\/\/memurunsesi.net\/index.php\/2025\/03\/14\/ogrencilere-egitim-destegi-yks-ucretleri-hesaplara-yatirildi\/#breadcrumb","itemListElement":[{"@type":"ListItem","position":1,"name":"Anasayfa","item":"https:\/\/memurunsesi.net\/"},{"@type":"ListItem","position":2,"name":"\u00d6\u011frencilere e\u011fitim deste\u011fi: YKS \u00fccretleri hesaplara yat\u0131r\u0131ld\u0131"}]},{"@type":"WebSite","@id":"https:\/\/memurunsesi.net\/#website","url":"https:\/\/memurunsesi.net\/","name":"Memurun Sesi","description":"G\u00fcncel ve Do\u011fru Haber","publisher":{"@id":"https:\/\/memurunsesi.net\/#organization"},"potentialAction":[{"@type":"SearchAction","target":{"@type":"EntryPoint","urlTemplate":"https:\/\/memurunsesi.net\/?s={search_term_string}"},"query-input":{"@type":"PropertyValueSpecification","valueRequired":true,"valueName":"search_term_string"}}],"inLanguage":"tr"},{"@type":"Organization","@id":"https:\/\/memurunsesi.net\/#organization","name":"Memurun Sesi","url":"https:\/\/memurunsesi.net\/","logo":{"@type":"ImageObject","inLanguage":"tr","@id":"https:\/\/memurunsesi.net\/#\/schema\/logo\/image\/","url":"https:\/\/memurunsesi.net\/wp-content\/uploads\/2025\/11\/cropped-MEMURUN-SESI.png","contentUrl":"https:\/\/memurunsesi.net\/wp-content\/uploads\/2025\/11\/cropped-MEMURUN-SESI.png","width":238,"height":57,"caption":"Memurun Sesi"},"image":{"@id":"https:\/\/memurunsesi.net\/#\/schema\/logo\/image\/"},"sameAs":["https:\/\/www.facebook.com\/unipersen\/?locale=tr_TR","https:\/\/x.com\/unipersen"]},{"@type":"Person","@id":"https:\/\/memurunsesi.net\/#\/schema\/person\/f21c2d73b89f6ee1d80b0a1803e38587","name":"Memurun Sesi Haber Merkezi","image":{"@type":"ImageObject","inLanguage":"tr","@id":"https:\/\/secure.gravatar.com\/avatar\/6cf0505f452ee753f485014986fab09a434671d2b919ee76fc541025c5876a70?s=96&d=mm&r=g","url":"https:\/\/secure.gravatar.com\/avatar\/6cf0505f452ee753f485014986fab09a434671d2b919ee76fc541025c5876a70?s=96&d=mm&r=g","contentUrl":"https:\/\/secure.gravatar.com\/avatar\/6cf0505f452ee753f485014986fab09a434671d2b919ee76fc541025c5876a70?s=96&d=mm&r=g","caption":"Memurun Sesi Haber Merkezi"},"sameAs":["https:\/\/memurunsesi.net"],"url":"https:\/\/memurunsesi.net\/index.php\/author\/uniper\/"}]}},"_links":{"self":[{"href":"https:\/\/memurunsesi.net\/index.php\/wp-json\/wp\/v2\/posts\/4151","targetHints":{"allow":["GET"]}}],"collection":[{"href":"https:\/\/memurunsesi.net\/index.php\/wp-json\/wp\/v2\/posts"}],"about":[{"href":"https:\/\/memurunsesi.net\/index.php\/wp-json\/wp\/v2\/types\/post"}],"author":[{"embeddable":true,"href":"https:\/\/memurunsesi.net\/index.php\/wp-json\/wp\/v2\/users\/1"}],"replies":[{"embeddable":true,"href":"https:\/\/memurunsesi.net\/index.php\/wp-json\/wp\/v2\/comments?post=4151"}],"version-history":[{"count":1,"href":"https:\/\/memurunsesi.net\/index.php\/wp-json\/wp\/v2\/posts\/4151\/revisions"}],"predecessor-version":[{"id":4153,"href":"https:\/\/memurunsesi.net\/index.php\/wp-json\/wp\/v2\/posts\/4151\/revisions\/4153"}],"wp:attachment":[{"href":"https:\/\/memurunsesi.net\/index.php\/wp-json\/wp\/v2\/media?parent=4151"}],"wp:term":[{"taxonomy":"category","embeddable":true,"href":"https:\/\/memurunsesi.net\/index.php\/wp-json\/wp\/v2\/categories?post=4151"},{"taxonomy":"post_tag","embeddable":true,"href":"https:\/\/memurunsesi.net\/index.php\/wp-json\/wp\/v2\/tags?post=4151"}],"curies":[{"name":"wp","href":"https:\/\/api.w.org\/{rel}","templated":true}]}}