{"id":4192,"date":"2025-03-17T09:42:35","date_gmt":"2025-03-17T06:42:35","guid":{"rendered":"https:\/\/memurunsesi.net\/?p=4192"},"modified":"2025-03-17T09:42:35","modified_gmt":"2025-03-17T06:42:35","slug":"adanada-sulama-kanallari-copluge-dondu","status":"publish","type":"post","link":"https:\/\/memurunsesi.net\/index.php\/2025\/03\/17\/adanada-sulama-kanallari-copluge-dondu\/","title":{"rendered":"Adana&#8217;da sulama kanallar\u0131 \u00e7\u00f6pl\u00fc\u011fe d\u00f6nd\u00fc"},"content":{"rendered":"<p>&#8211; Plastik ba\u015fta olmak \u00fczere klozet ve koltuk gibi e\u015fyalar\u0131n da at\u0131ld\u0131\u011f\u0131 sulama kanallar\u0131ndaki kirlilik ve koku dikkat \u00e7ekmeye ba\u015flad\u0131<\/p>\n<p>Adana&#8217;n\u0131n Kozan il\u00e7esinde tar\u0131msal sulamada kullan\u0131lan baz\u0131 kanallar susuz kal\u0131nca \u00e7\u00f6pl\u00fc\u011fe d\u00f6nd\u00fc. Plastik ba\u015fta olmak \u00fczere klozet ve koltuk gibi e\u015fyalar\u0131n da at\u0131ld\u0131\u011f\u0131 sulama kanallar\u0131ndaki kirlilik ve koku dikkat \u00e7ekmeye ba\u015flad\u0131.<br \/>\nK\u0131\u015f mevsiminde ya\u011f\u0131\u015f\u0131n az olmas\u0131 nedeniyle kurakl\u0131k riski iyice artarken, bu d\u00f6nemlerde akan dereler ve kanallarda su olmamas\u0131 dikkat \u00e7ekiyor. Kozan&#8217;\u0131n \u00c7anakl\u0131 Mahallesi&#8217;nden de ge\u00e7en tar\u0131msal sulama i\u00e7in kullan\u0131lan kanallar da ya\u015fanan kurak mevsimle birlikte susuz kald\u0131. Kanallarda susuzluk ya\u015fan\u0131rken i\u00e7ine \u00e7\u00f6p at\u0131lmas\u0131 dikkat \u00e7ekti. Plastik ba\u015fta olmak \u00fczere klozetten koltu\u011fa kadar at\u0131lan bir\u00e7ok e\u015fya kirlili\u011fi artt\u0131rd\u0131. B\u00f6lgede k\u00f6t\u00fc bir g\u00f6r\u00fcnt\u00fc olu\u015furken at\u0131k su ile olu\u015fan yosunlar ve k\u00f6t\u00fc koku ise dikkat \u00e7ekti. B\u00f6lgede ya\u015fayan \u00e7ocuklar, kokunun art\u0131k evlere kadar geldi\u011fini ifade ederek olu\u015fan bu manzaradan rahats\u0131z olduklar\u0131n\u0131 ifade etti.<br \/>\nMahallenin \u00e7ocuklar\u0131ndan \u00d6mer Asaf \u00dcn\u00fcvar eskiden kanalda su oldu\u011funu ve \u00e7ok g\u00fczel g\u00f6r\u00fcnd\u00fc\u011f\u00fcn\u00fc belirtirken \u015fu an kirli ve k\u00f6t\u00fc koku nedeniyle rahats\u0131z olduklar\u0131n\u0131 s\u00f6yledi.<br \/>\nSulama kanallar\u0131ndaki kirlilik havadan g\u00f6r\u00fcnt\u00fclenirken, kanala at\u0131lan e\u015fyalar ise pes dedirtti.<\/p>\n<p>17.03.2025<\/p>\n","protected":false},"excerpt":{"rendered":"<p>&#8211; Plastik ba\u015fta olmak \u00fczere klozet ve koltuk gibi e\u015fyalar\u0131n da at\u0131ld\u0131\u011f\u0131 sulama kanallar\u0131ndaki kirlilik ve koku dikkat \u00e7ekmeye ba\u015flad\u0131 Adana&#8217;n\u0131n Kozan il\u00e7esinde tar\u0131msal sulamada kullan\u0131lan baz\u0131 kanallar susuz kal\u0131nca \u00e7\u00f6pl\u00fc\u011fe d\u00f6nd\u00fc. Plastik ba\u015fta olmak \u00fczere klozet ve koltuk gibi e\u015fyalar\u0131n da at\u0131ld\u0131\u011f\u0131 sulama kanallar\u0131ndaki kirlilik ve koku dikkat \u00e7ekmeye ba\u015flad\u0131. K\u0131\u015f mevsiminde ya\u011f\u0131\u015f\u0131n az [&hellip;]<\/p>\n","protected":false},"author":1,"featured_media":4193,"comment_status":"open","ping_status":"open","sticky":false,"template":"","format":"standard","meta":{"footnotes":""},"categories":[1],"tags":[],"class_list":["post-4192","post","type-post","status-publish","format-standard","has-post-thumbnail","hentry","category-genel"],"yoast_head":"<!-- This site is optimized with the Yoast SEO plugin v27.4 - https:\/\/yoast.com\/product\/yoast-seo-wordpress\/ -->\n<title>Adana&#039;da sulama kanallar\u0131 \u00e7\u00f6pl\u00fc\u011fe d\u00f6nd\u00fc - Memurun Sesi<\/title>\n<meta name=\"robots\" content=\"index, follow, max-snippet:-1, max-image-preview:large, max-video-preview:-1\" \/>\n<link rel=\"canonical\" href=\"https:\/\/memurunsesi.net\/index.php\/2025\/03\/17\/adanada-sulama-kanallari-copluge-dondu\/\" \/>\n<meta property=\"og:locale\" content=\"tr_TR\" \/>\n<meta property=\"og:type\" content=\"article\" \/>\n<meta property=\"og:title\" content=\"Adana&#039;da sulama kanallar\u0131 \u00e7\u00f6pl\u00fc\u011fe d\u00f6nd\u00fc - Memurun Sesi\" \/>\n<meta property=\"og:description\" content=\"&#8211; Plastik ba\u015fta olmak \u00fczere klozet ve koltuk gibi e\u015fyalar\u0131n da at\u0131ld\u0131\u011f\u0131 sulama kanallar\u0131ndaki kirlilik ve koku dikkat \u00e7ekmeye ba\u015flad\u0131 Adana&#8217;n\u0131n Kozan il\u00e7esinde tar\u0131msal sulamada kullan\u0131lan baz\u0131 kanallar susuz kal\u0131nca \u00e7\u00f6pl\u00fc\u011fe d\u00f6nd\u00fc. Plastik ba\u015fta olmak \u00fczere klozet ve koltuk gibi e\u015fyalar\u0131n da at\u0131ld\u0131\u011f\u0131 sulama kanallar\u0131ndaki kirlilik ve koku dikkat \u00e7ekmeye ba\u015flad\u0131. K\u0131\u015f mevsiminde ya\u011f\u0131\u015f\u0131n az [&hellip;]\" \/>\n<meta property=\"og:url\" content=\"https:\/\/memurunsesi.net\/index.php\/2025\/03\/17\/adanada-sulama-kanallari-copluge-dondu\/\" \/>\n<meta property=\"og:site_name\" content=\"Memurun Sesi\" \/>\n<meta property=\"article:publisher\" content=\"https:\/\/www.facebook.com\/unipersen\/?locale=tr_TR\" \/>\n<meta property=\"article:published_time\" content=\"2025-03-17T06:42:35+00:00\" \/>\n<meta property=\"og:image\" content=\"https:\/\/memurunsesi.net\/wp-content\/uploads\/2025\/03\/AW413858_02-scaled.jpg\" \/>\n\t<meta property=\"og:image:width\" content=\"2560\" \/>\n\t<meta property=\"og:image:height\" content=\"1707\" \/>\n\t<meta property=\"og:image:type\" content=\"image\/jpeg\" \/>\n<meta name=\"author\" content=\"Memurun Sesi Haber Merkezi\" \/>\n<meta name=\"twitter:card\" content=\"summary_large_image\" \/>\n<meta name=\"twitter:creator\" content=\"@unipersen\" \/>\n<meta name=\"twitter:site\" content=\"@unipersen\" \/>\n<meta name=\"twitter:label1\" content=\"Yazan:\" \/>\n\t<meta name=\"twitter:data1\" content=\"Memurun Sesi Haber Merkezi\" \/>\n\t<meta name=\"twitter:label2\" content=\"Tahmini okuma s\u00fcresi\" \/>\n\t<meta name=\"twitter:data2\" content=\"1 dakika\" \/>\n<script type=\"application\/ld+json\" class=\"yoast-schema-graph\">{\"@context\":\"https:\\\/\\\/schema.org\",\"@graph\":[{\"@type\":\"Article\",\"@id\":\"https:\\\/\\\/memurunsesi.net\\\/index.php\\\/2025\\\/03\\\/17\\\/adanada-sulama-kanallari-copluge-dondu\\\/#article\",\"isPartOf\":{\"@id\":\"https:\\\/\\\/memurunsesi.net\\\/index.php\\\/2025\\\/03\\\/17\\\/adanada-sulama-kanallari-copluge-dondu\\\/\"},\"author\":{\"name\":\"Memurun Sesi Haber Merkezi\",\"@id\":\"https:\\\/\\\/memurunsesi.net\\\/#\\\/schema\\\/person\\\/f21c2d73b89f6ee1d80b0a1803e38587\"},\"headline\":\"Adana&#8217;da sulama kanallar\u0131 \u00e7\u00f6pl\u00fc\u011fe d\u00f6nd\u00fc\",\"datePublished\":\"2025-03-17T06:42:35+00:00\",\"mainEntityOfPage\":{\"@id\":\"https:\\\/\\\/memurunsesi.net\\\/index.php\\\/2025\\\/03\\\/17\\\/adanada-sulama-kanallari-copluge-dondu\\\/\"},\"wordCount\":257,\"commentCount\":0,\"publisher\":{\"@id\":\"https:\\\/\\\/memurunsesi.net\\\/#organization\"},\"image\":{\"@id\":\"https:\\\/\\\/memurunsesi.net\\\/index.php\\\/2025\\\/03\\\/17\\\/adanada-sulama-kanallari-copluge-dondu\\\/#primaryimage\"},\"thumbnailUrl\":\"https:\\\/\\\/memurunsesi.net\\\/wp-content\\\/uploads\\\/2025\\\/03\\\/AW413858_02-scaled.jpg\",\"inLanguage\":\"tr\",\"potentialAction\":[{\"@type\":\"CommentAction\",\"name\":\"Comment\",\"target\":[\"https:\\\/\\\/memurunsesi.net\\\/index.php\\\/2025\\\/03\\\/17\\\/adanada-sulama-kanallari-copluge-dondu\\\/#respond\"]}]},{\"@type\":\"WebPage\",\"@id\":\"https:\\\/\\\/memurunsesi.net\\\/index.php\\\/2025\\\/03\\\/17\\\/adanada-sulama-kanallari-copluge-dondu\\\/\",\"url\":\"https:\\\/\\\/memurunsesi.net\\\/index.php\\\/2025\\\/03\\\/17\\\/adanada-sulama-kanallari-copluge-dondu\\\/\",\"name\":\"Adana'da sulama kanallar\u0131 \u00e7\u00f6pl\u00fc\u011fe d\u00f6nd\u00fc - Memurun Sesi\",\"isPartOf\":{\"@id\":\"https:\\\/\\\/memurunsesi.net\\\/#website\"},\"primaryImageOfPage\":{\"@id\":\"https:\\\/\\\/memurunsesi.net\\\/index.php\\\/2025\\\/03\\\/17\\\/adanada-sulama-kanallari-copluge-dondu\\\/#primaryimage\"},\"image\":{\"@id\":\"https:\\\/\\\/memurunsesi.net\\\/index.php\\\/2025\\\/03\\\/17\\\/adanada-sulama-kanallari-copluge-dondu\\\/#primaryimage\"},\"thumbnailUrl\":\"https:\\\/\\\/memurunsesi.net\\\/wp-content\\\/uploads\\\/2025\\\/03\\\/AW413858_02-scaled.jpg\",\"datePublished\":\"2025-03-17T06:42:35+00:00\",\"breadcrumb\":{\"@id\":\"https:\\\/\\\/memurunsesi.net\\\/index.php\\\/2025\\\/03\\\/17\\\/adanada-sulama-kanallari-copluge-dondu\\\/#breadcrumb\"},\"inLanguage\":\"tr\",\"potentialAction\":[{\"@type\":\"ReadAction\",\"target\":[\"https:\\\/\\\/memurunsesi.net\\\/index.php\\\/2025\\\/03\\\/17\\\/adanada-sulama-kanallari-copluge-dondu\\\/\"]}]},{\"@type\":\"ImageObject\",\"inLanguage\":\"tr\",\"@id\":\"https:\\\/\\\/memurunsesi.net\\\/index.php\\\/2025\\\/03\\\/17\\\/adanada-sulama-kanallari-copluge-dondu\\\/#primaryimage\",\"url\":\"https:\\\/\\\/memurunsesi.net\\\/wp-content\\\/uploads\\\/2025\\\/03\\\/AW413858_02-scaled.jpg\",\"contentUrl\":\"https:\\\/\\\/memurunsesi.net\\\/wp-content\\\/uploads\\\/2025\\\/03\\\/AW413858_02-scaled.jpg\",\"width\":2560,\"height\":1707,\"caption\":\"ADANA'NIN KOZAN \u0130L\u00c7ES\u0130NDE TARIMSAL SULAMADA KULLANILAN BAZI KANALLAR SUSUZ KALINCA \u00c7\u00d6PL\u00dc\u011eE D\u00d6ND\u00dc. PLAST\u0130K BA\u015eTA OLMAK \u00dcZERE KLOZET VE KOLTUK G\u0130B\u0130 E\u015eYALARIN DA ATILDI\u011eI SULAMA KANALLARINDAK\u0130 K\u0130RL\u0130L\u0130K VE KOKU D\u0130KKAT \u00c7EKMEYE BA\u015eLADI. (BER\u0130L SOLMU\u015eG\u00dcL - FARUK Y\u0130\u011eENO\u011eLU\\\/ADANA-\u0130HA) Adana'n\u0131n Kozan il\u00e7esinde tar\u0131msal sulamada kullan\u0131lan baz\u0131 kanallar susuz kal\u0131nca \u00e7\u00f6pl\u00fc\u011fe d\u00f6nd\u00fc. Plastik ba\u015fta olmak \u00fczere klozet ve koltuk gibi e\u015fyalar\u0131n da at\u0131ld\u0131\u011f\u0131 sulama kanallar\u0131ndaki kirlilik ve koku dikkat \u00e7ekmeye ba\u015flad\u0131.\"},{\"@type\":\"BreadcrumbList\",\"@id\":\"https:\\\/\\\/memurunsesi.net\\\/index.php\\\/2025\\\/03\\\/17\\\/adanada-sulama-kanallari-copluge-dondu\\\/#breadcrumb\",\"itemListElement\":[{\"@type\":\"ListItem\",\"position\":1,\"name\":\"Anasayfa\",\"item\":\"https:\\\/\\\/memurunsesi.net\\\/\"},{\"@type\":\"ListItem\",\"position\":2,\"name\":\"Adana&#8217;da sulama kanallar\u0131 \u00e7\u00f6pl\u00fc\u011fe d\u00f6nd\u00fc\"}]},{\"@type\":\"WebSite\",\"@id\":\"https:\\\/\\\/memurunsesi.net\\\/#website\",\"url\":\"https:\\\/\\\/memurunsesi.net\\\/\",\"name\":\"Memurun Sesi\",\"description\":\"G\u00fcncel ve Do\u011fru Haber\",\"publisher\":{\"@id\":\"https:\\\/\\\/memurunsesi.net\\\/#organization\"},\"potentialAction\":[{\"@type\":\"SearchAction\",\"target\":{\"@type\":\"EntryPoint\",\"urlTemplate\":\"https:\\\/\\\/memurunsesi.net\\\/?s={search_term_string}\"},\"query-input\":{\"@type\":\"PropertyValueSpecification\",\"valueRequired\":true,\"valueName\":\"search_term_string\"}}],\"inLanguage\":\"tr\"},{\"@type\":\"Organization\",\"@id\":\"https:\\\/\\\/memurunsesi.net\\\/#organization\",\"name\":\"Memurun Sesi\",\"url\":\"https:\\\/\\\/memurunsesi.net\\\/\",\"logo\":{\"@type\":\"ImageObject\",\"inLanguage\":\"tr\",\"@id\":\"https:\\\/\\\/memurunsesi.net\\\/#\\\/schema\\\/logo\\\/image\\\/\",\"url\":\"https:\\\/\\\/memurunsesi.net\\\/wp-content\\\/uploads\\\/2025\\\/11\\\/cropped-MEMURUN-SESI.png\",\"contentUrl\":\"https:\\\/\\\/memurunsesi.net\\\/wp-content\\\/uploads\\\/2025\\\/11\\\/cropped-MEMURUN-SESI.png\",\"width\":238,\"height\":57,\"caption\":\"Memurun Sesi\"},\"image\":{\"@id\":\"https:\\\/\\\/memurunsesi.net\\\/#\\\/schema\\\/logo\\\/image\\\/\"},\"sameAs\":[\"https:\\\/\\\/www.facebook.com\\\/unipersen\\\/?locale=tr_TR\",\"https:\\\/\\\/x.com\\\/unipersen\"]},{\"@type\":\"Person\",\"@id\":\"https:\\\/\\\/memurunsesi.net\\\/#\\\/schema\\\/person\\\/f21c2d73b89f6ee1d80b0a1803e38587\",\"name\":\"Memurun Sesi Haber Merkezi\",\"image\":{\"@type\":\"ImageObject\",\"inLanguage\":\"tr\",\"@id\":\"https:\\\/\\\/secure.gravatar.com\\\/avatar\\\/6cf0505f452ee753f485014986fab09a434671d2b919ee76fc541025c5876a70?s=96&d=mm&r=g\",\"url\":\"https:\\\/\\\/secure.gravatar.com\\\/avatar\\\/6cf0505f452ee753f485014986fab09a434671d2b919ee76fc541025c5876a70?s=96&d=mm&r=g\",\"contentUrl\":\"https:\\\/\\\/secure.gravatar.com\\\/avatar\\\/6cf0505f452ee753f485014986fab09a434671d2b919ee76fc541025c5876a70?s=96&d=mm&r=g\",\"caption\":\"Memurun Sesi Haber Merkezi\"},\"sameAs\":[\"https:\\\/\\\/memurunsesi.net\"],\"url\":\"https:\\\/\\\/memurunsesi.net\\\/index.php\\\/author\\\/uniper\\\/\"}]}<\/script>\n<!-- \/ Yoast SEO plugin. -->","yoast_head_json":{"title":"Adana'da sulama kanallar\u0131 \u00e7\u00f6pl\u00fc\u011fe d\u00f6nd\u00fc - Memurun Sesi","robots":{"index":"index","follow":"follow","max-snippet":"max-snippet:-1","max-image-preview":"max-image-preview:large","max-video-preview":"max-video-preview:-1"},"canonical":"https:\/\/memurunsesi.net\/index.php\/2025\/03\/17\/adanada-sulama-kanallari-copluge-dondu\/","og_locale":"tr_TR","og_type":"article","og_title":"Adana'da sulama kanallar\u0131 \u00e7\u00f6pl\u00fc\u011fe d\u00f6nd\u00fc - Memurun Sesi","og_description":"&#8211; Plastik ba\u015fta olmak \u00fczere klozet ve koltuk gibi e\u015fyalar\u0131n da at\u0131ld\u0131\u011f\u0131 sulama kanallar\u0131ndaki kirlilik ve koku dikkat \u00e7ekmeye ba\u015flad\u0131 Adana&#8217;n\u0131n Kozan il\u00e7esinde tar\u0131msal sulamada kullan\u0131lan baz\u0131 kanallar susuz kal\u0131nca \u00e7\u00f6pl\u00fc\u011fe d\u00f6nd\u00fc. Plastik ba\u015fta olmak \u00fczere klozet ve koltuk gibi e\u015fyalar\u0131n da at\u0131ld\u0131\u011f\u0131 sulama kanallar\u0131ndaki kirlilik ve koku dikkat \u00e7ekmeye ba\u015flad\u0131. K\u0131\u015f mevsiminde ya\u011f\u0131\u015f\u0131n az [&hellip;]","og_url":"https:\/\/memurunsesi.net\/index.php\/2025\/03\/17\/adanada-sulama-kanallari-copluge-dondu\/","og_site_name":"Memurun Sesi","article_publisher":"https:\/\/www.facebook.com\/unipersen\/?locale=tr_TR","article_published_time":"2025-03-17T06:42:35+00:00","og_image":[{"width":2560,"height":1707,"url":"https:\/\/memurunsesi.net\/wp-content\/uploads\/2025\/03\/AW413858_02-scaled.jpg","type":"image\/jpeg"}],"author":"Memurun Sesi Haber Merkezi","twitter_card":"summary_large_image","twitter_creator":"@unipersen","twitter_site":"@unipersen","twitter_misc":{"Yazan:":"Memurun Sesi Haber Merkezi","Tahmini okuma s\u00fcresi":"1 dakika"},"schema":{"@context":"https:\/\/schema.org","@graph":[{"@type":"Article","@id":"https:\/\/memurunsesi.net\/index.php\/2025\/03\/17\/adanada-sulama-kanallari-copluge-dondu\/#article","isPartOf":{"@id":"https:\/\/memurunsesi.net\/index.php\/2025\/03\/17\/adanada-sulama-kanallari-copluge-dondu\/"},"author":{"name":"Memurun Sesi Haber Merkezi","@id":"https:\/\/memurunsesi.net\/#\/schema\/person\/f21c2d73b89f6ee1d80b0a1803e38587"},"headline":"Adana&#8217;da sulama kanallar\u0131 \u00e7\u00f6pl\u00fc\u011fe d\u00f6nd\u00fc","datePublished":"2025-03-17T06:42:35+00:00","mainEntityOfPage":{"@id":"https:\/\/memurunsesi.net\/index.php\/2025\/03\/17\/adanada-sulama-kanallari-copluge-dondu\/"},"wordCount":257,"commentCount":0,"publisher":{"@id":"https:\/\/memurunsesi.net\/#organization"},"image":{"@id":"https:\/\/memurunsesi.net\/index.php\/2025\/03\/17\/adanada-sulama-kanallari-copluge-dondu\/#primaryimage"},"thumbnailUrl":"https:\/\/memurunsesi.net\/wp-content\/uploads\/2025\/03\/AW413858_02-scaled.jpg","inLanguage":"tr","potentialAction":[{"@type":"CommentAction","name":"Comment","target":["https:\/\/memurunsesi.net\/index.php\/2025\/03\/17\/adanada-sulama-kanallari-copluge-dondu\/#respond"]}]},{"@type":"WebPage","@id":"https:\/\/memurunsesi.net\/index.php\/2025\/03\/17\/adanada-sulama-kanallari-copluge-dondu\/","url":"https:\/\/memurunsesi.net\/index.php\/2025\/03\/17\/adanada-sulama-kanallari-copluge-dondu\/","name":"Adana'da sulama kanallar\u0131 \u00e7\u00f6pl\u00fc\u011fe d\u00f6nd\u00fc - Memurun Sesi","isPartOf":{"@id":"https:\/\/memurunsesi.net\/#website"},"primaryImageOfPage":{"@id":"https:\/\/memurunsesi.net\/index.php\/2025\/03\/17\/adanada-sulama-kanallari-copluge-dondu\/#primaryimage"},"image":{"@id":"https:\/\/memurunsesi.net\/index.php\/2025\/03\/17\/adanada-sulama-kanallari-copluge-dondu\/#primaryimage"},"thumbnailUrl":"https:\/\/memurunsesi.net\/wp-content\/uploads\/2025\/03\/AW413858_02-scaled.jpg","datePublished":"2025-03-17T06:42:35+00:00","breadcrumb":{"@id":"https:\/\/memurunsesi.net\/index.php\/2025\/03\/17\/adanada-sulama-kanallari-copluge-dondu\/#breadcrumb"},"inLanguage":"tr","potentialAction":[{"@type":"ReadAction","target":["https:\/\/memurunsesi.net\/index.php\/2025\/03\/17\/adanada-sulama-kanallari-copluge-dondu\/"]}]},{"@type":"ImageObject","inLanguage":"tr","@id":"https:\/\/memurunsesi.net\/index.php\/2025\/03\/17\/adanada-sulama-kanallari-copluge-dondu\/#primaryimage","url":"https:\/\/memurunsesi.net\/wp-content\/uploads\/2025\/03\/AW413858_02-scaled.jpg","contentUrl":"https:\/\/memurunsesi.net\/wp-content\/uploads\/2025\/03\/AW413858_02-scaled.jpg","width":2560,"height":1707,"caption":"ADANA'NIN KOZAN \u0130L\u00c7ES\u0130NDE TARIMSAL SULAMADA KULLANILAN BAZI KANALLAR SUSUZ KALINCA \u00c7\u00d6PL\u00dc\u011eE D\u00d6ND\u00dc. PLAST\u0130K BA\u015eTA OLMAK \u00dcZERE KLOZET VE KOLTUK G\u0130B\u0130 E\u015eYALARIN DA ATILDI\u011eI SULAMA KANALLARINDAK\u0130 K\u0130RL\u0130L\u0130K VE KOKU D\u0130KKAT \u00c7EKMEYE BA\u015eLADI. (BER\u0130L SOLMU\u015eG\u00dcL - FARUK Y\u0130\u011eENO\u011eLU\/ADANA-\u0130HA) Adana'n\u0131n Kozan il\u00e7esinde tar\u0131msal sulamada kullan\u0131lan baz\u0131 kanallar susuz kal\u0131nca \u00e7\u00f6pl\u00fc\u011fe d\u00f6nd\u00fc. Plastik ba\u015fta olmak \u00fczere klozet ve koltuk gibi e\u015fyalar\u0131n da at\u0131ld\u0131\u011f\u0131 sulama kanallar\u0131ndaki kirlilik ve koku dikkat \u00e7ekmeye ba\u015flad\u0131."},{"@type":"BreadcrumbList","@id":"https:\/\/memurunsesi.net\/index.php\/2025\/03\/17\/adanada-sulama-kanallari-copluge-dondu\/#breadcrumb","itemListElement":[{"@type":"ListItem","position":1,"name":"Anasayfa","item":"https:\/\/memurunsesi.net\/"},{"@type":"ListItem","position":2,"name":"Adana&#8217;da sulama kanallar\u0131 \u00e7\u00f6pl\u00fc\u011fe d\u00f6nd\u00fc"}]},{"@type":"WebSite","@id":"https:\/\/memurunsesi.net\/#website","url":"https:\/\/memurunsesi.net\/","name":"Memurun Sesi","description":"G\u00fcncel ve Do\u011fru Haber","publisher":{"@id":"https:\/\/memurunsesi.net\/#organization"},"potentialAction":[{"@type":"SearchAction","target":{"@type":"EntryPoint","urlTemplate":"https:\/\/memurunsesi.net\/?s={search_term_string}"},"query-input":{"@type":"PropertyValueSpecification","valueRequired":true,"valueName":"search_term_string"}}],"inLanguage":"tr"},{"@type":"Organization","@id":"https:\/\/memurunsesi.net\/#organization","name":"Memurun Sesi","url":"https:\/\/memurunsesi.net\/","logo":{"@type":"ImageObject","inLanguage":"tr","@id":"https:\/\/memurunsesi.net\/#\/schema\/logo\/image\/","url":"https:\/\/memurunsesi.net\/wp-content\/uploads\/2025\/11\/cropped-MEMURUN-SESI.png","contentUrl":"https:\/\/memurunsesi.net\/wp-content\/uploads\/2025\/11\/cropped-MEMURUN-SESI.png","width":238,"height":57,"caption":"Memurun Sesi"},"image":{"@id":"https:\/\/memurunsesi.net\/#\/schema\/logo\/image\/"},"sameAs":["https:\/\/www.facebook.com\/unipersen\/?locale=tr_TR","https:\/\/x.com\/unipersen"]},{"@type":"Person","@id":"https:\/\/memurunsesi.net\/#\/schema\/person\/f21c2d73b89f6ee1d80b0a1803e38587","name":"Memurun Sesi Haber Merkezi","image":{"@type":"ImageObject","inLanguage":"tr","@id":"https:\/\/secure.gravatar.com\/avatar\/6cf0505f452ee753f485014986fab09a434671d2b919ee76fc541025c5876a70?s=96&d=mm&r=g","url":"https:\/\/secure.gravatar.com\/avatar\/6cf0505f452ee753f485014986fab09a434671d2b919ee76fc541025c5876a70?s=96&d=mm&r=g","contentUrl":"https:\/\/secure.gravatar.com\/avatar\/6cf0505f452ee753f485014986fab09a434671d2b919ee76fc541025c5876a70?s=96&d=mm&r=g","caption":"Memurun Sesi Haber Merkezi"},"sameAs":["https:\/\/memurunsesi.net"],"url":"https:\/\/memurunsesi.net\/index.php\/author\/uniper\/"}]}},"_links":{"self":[{"href":"https:\/\/memurunsesi.net\/index.php\/wp-json\/wp\/v2\/posts\/4192","targetHints":{"allow":["GET"]}}],"collection":[{"href":"https:\/\/memurunsesi.net\/index.php\/wp-json\/wp\/v2\/posts"}],"about":[{"href":"https:\/\/memurunsesi.net\/index.php\/wp-json\/wp\/v2\/types\/post"}],"author":[{"embeddable":true,"href":"https:\/\/memurunsesi.net\/index.php\/wp-json\/wp\/v2\/users\/1"}],"replies":[{"embeddable":true,"href":"https:\/\/memurunsesi.net\/index.php\/wp-json\/wp\/v2\/comments?post=4192"}],"version-history":[{"count":1,"href":"https:\/\/memurunsesi.net\/index.php\/wp-json\/wp\/v2\/posts\/4192\/revisions"}],"predecessor-version":[{"id":4194,"href":"https:\/\/memurunsesi.net\/index.php\/wp-json\/wp\/v2\/posts\/4192\/revisions\/4194"}],"wp:featuredmedia":[{"embeddable":true,"href":"https:\/\/memurunsesi.net\/index.php\/wp-json\/wp\/v2\/media\/4193"}],"wp:attachment":[{"href":"https:\/\/memurunsesi.net\/index.php\/wp-json\/wp\/v2\/media?parent=4192"}],"wp:term":[{"taxonomy":"category","embeddable":true,"href":"https:\/\/memurunsesi.net\/index.php\/wp-json\/wp\/v2\/categories?post=4192"},{"taxonomy":"post_tag","embeddable":true,"href":"https:\/\/memurunsesi.net\/index.php\/wp-json\/wp\/v2\/tags?post=4192"}],"curies":[{"name":"wp","href":"https:\/\/api.w.org\/{rel}","templated":true}]}}