{"id":4195,"date":"2025-03-17T09:43:47","date_gmt":"2025-03-17T06:43:47","guid":{"rendered":"https:\/\/memurunsesi.net\/?p=4195"},"modified":"2025-03-17T09:43:47","modified_gmt":"2025-03-17T06:43:47","slug":"annesinin-arabasini-yakti","status":"publish","type":"post","link":"https:\/\/memurunsesi.net\/index.php\/2025\/03\/17\/annesinin-arabasini-yakti\/","title":{"rendered":"Annesinin arabas\u0131n\u0131 yakt\u0131"},"content":{"rendered":"<p>&#8211; Adana&#8217;da bir ki\u015fi, telefon g\u00f6r\u00fc\u015fmesinde &#8216;psikolojim bozuk&#8217; dedi\u011fi annesine ait otomobili kundaklad\u0131, polisin \u00e7al\u0131\u015fmas\u0131yla yakaland\u0131<\/p>\n<p>Adana&#8217;da bir ki\u015fi, telefon g\u00f6r\u00fc\u015fmesinde psikolojim bozuk dedikten sonra annesine ait otomobili bezin d\u00f6kerek ate\u015fe verdi. Annesinin arac\u0131n\u0131 kundaklayan \u015f\u00fcpheli polisin \u00e7al\u0131\u015fmas\u0131yla belirlenip yakaland\u0131.<br \/>\nOlay, d\u00fcn ak\u015fam saatlerinde Seyhan il\u00e7esine ba\u011fl\u0131 S\u00fcmer Mahallesi&#8217;nde meydana geldi. \u0130ddiaya g\u00f6re, A.T.\u00d6. (21), annesi \u015e.\u00d6. (46) ile telefonda g\u00f6r\u00fc\u015f\u00fcrken &#8220;Psikolojim bozuk&#8221; diyerek konu\u015fmas\u0131n\u0131 sonland\u0131rd\u0131. Bir s\u00fcre sonra A.T.\u00d6. eve gelerek annesine ait arac\u0131 kundaklad\u0131. Arac\u0131 saran alevler, ihbar \u00fczerine b\u00f6lgeye sevk edilen itfaiye ekibi taraf\u0131ndan s\u00f6nd\u00fcr\u00fcld\u00fc. Otomobilde yap\u0131lan incelemede arac\u0131n, benzin d\u00f6k\u00fcl\u00fcp ate\u015fe verildi\u011fi belirlendi. Otomobil kullan\u0131lamaz hale geldi.<br \/>\nOlay\u0131n ard\u0131ndan Seyhan \u0130l\u00e7e Emniyet M\u00fcd\u00fcrl\u00fc\u011f\u00fc Su\u00e7 \u00d6nleme ve Ara\u015ft\u0131rma B\u00fcro Amirli\u011fi ekipleri, \u015f\u00fcpheli A.T.\u00d6.&#8217;y\u00fc yakalayarak g\u00f6zalt\u0131na ald\u0131. \u015e\u00fcpheli ifadesi al\u0131nmak \u00fczere emniyete g\u00f6t\u00fcr\u00fcld\u00fc.<\/p>\n<p>17.03.2025<\/p>\n","protected":false},"excerpt":{"rendered":"<p>&#8211; Adana&#8217;da bir ki\u015fi, telefon g\u00f6r\u00fc\u015fmesinde &#8216;psikolojim bozuk&#8217; dedi\u011fi annesine ait otomobili kundaklad\u0131, polisin \u00e7al\u0131\u015fmas\u0131yla yakaland\u0131 Adana&#8217;da bir ki\u015fi, telefon g\u00f6r\u00fc\u015fmesinde psikolojim bozuk dedikten sonra annesine ait otomobili bezin d\u00f6kerek ate\u015fe verdi. Annesinin arac\u0131n\u0131 kundaklayan \u015f\u00fcpheli polisin \u00e7al\u0131\u015fmas\u0131yla belirlenip yakaland\u0131. Olay, d\u00fcn ak\u015fam saatlerinde Seyhan il\u00e7esine ba\u011fl\u0131 S\u00fcmer Mahallesi&#8217;nde meydana geldi. \u0130ddiaya g\u00f6re, A.T.\u00d6. (21), [&hellip;]<\/p>\n","protected":false},"author":1,"featured_media":4196,"comment_status":"open","ping_status":"open","sticky":false,"template":"","format":"standard","meta":{"footnotes":""},"categories":[50],"tags":[],"class_list":["post-4195","post","type-post","status-publish","format-standard","has-post-thumbnail","hentry","category-tum-haberler"],"yoast_head":"<!-- This site is optimized with the Yoast SEO plugin v27.4 - https:\/\/yoast.com\/product\/yoast-seo-wordpress\/ -->\n<title>Annesinin arabas\u0131n\u0131 yakt\u0131 - Memurun Sesi<\/title>\n<meta name=\"robots\" content=\"index, follow, max-snippet:-1, max-image-preview:large, max-video-preview:-1\" \/>\n<link rel=\"canonical\" href=\"https:\/\/memurunsesi.net\/index.php\/2025\/03\/17\/annesinin-arabasini-yakti\/\" \/>\n<meta property=\"og:locale\" content=\"tr_TR\" \/>\n<meta property=\"og:type\" content=\"article\" \/>\n<meta property=\"og:title\" content=\"Annesinin arabas\u0131n\u0131 yakt\u0131 - Memurun Sesi\" \/>\n<meta property=\"og:description\" content=\"&#8211; Adana&#8217;da bir ki\u015fi, telefon g\u00f6r\u00fc\u015fmesinde &#8216;psikolojim bozuk&#8217; dedi\u011fi annesine ait otomobili kundaklad\u0131, polisin \u00e7al\u0131\u015fmas\u0131yla yakaland\u0131 Adana&#8217;da bir ki\u015fi, telefon g\u00f6r\u00fc\u015fmesinde psikolojim bozuk dedikten sonra annesine ait otomobili bezin d\u00f6kerek ate\u015fe verdi. Annesinin arac\u0131n\u0131 kundaklayan \u015f\u00fcpheli polisin \u00e7al\u0131\u015fmas\u0131yla belirlenip yakaland\u0131. Olay, d\u00fcn ak\u015fam saatlerinde Seyhan il\u00e7esine ba\u011fl\u0131 S\u00fcmer Mahallesi&#8217;nde meydana geldi. \u0130ddiaya g\u00f6re, A.T.\u00d6. (21), [&hellip;]\" \/>\n<meta property=\"og:url\" content=\"https:\/\/memurunsesi.net\/index.php\/2025\/03\/17\/annesinin-arabasini-yakti\/\" \/>\n<meta property=\"og:site_name\" content=\"Memurun Sesi\" \/>\n<meta property=\"article:publisher\" content=\"https:\/\/www.facebook.com\/unipersen\/?locale=tr_TR\" \/>\n<meta property=\"article:published_time\" content=\"2025-03-17T06:43:47+00:00\" \/>\n<meta property=\"og:image\" content=\"https:\/\/memurunsesi.net\/wp-content\/uploads\/2025\/03\/AW413856_03.jpg\" \/>\n\t<meta property=\"og:image:width\" content=\"1179\" \/>\n\t<meta property=\"og:image:height\" content=\"812\" \/>\n\t<meta property=\"og:image:type\" content=\"image\/jpeg\" \/>\n<meta name=\"author\" content=\"Memurun Sesi Haber Merkezi\" \/>\n<meta name=\"twitter:card\" content=\"summary_large_image\" \/>\n<meta name=\"twitter:creator\" content=\"@unipersen\" \/>\n<meta name=\"twitter:site\" content=\"@unipersen\" \/>\n<meta name=\"twitter:label1\" content=\"Yazan:\" \/>\n\t<meta name=\"twitter:data1\" content=\"Memurun Sesi Haber Merkezi\" \/>\n\t<meta name=\"twitter:label2\" content=\"Tahmini okuma s\u00fcresi\" \/>\n\t<meta name=\"twitter:data2\" content=\"1 dakika\" \/>\n<script type=\"application\/ld+json\" class=\"yoast-schema-graph\">{\"@context\":\"https:\\\/\\\/schema.org\",\"@graph\":[{\"@type\":\"Article\",\"@id\":\"https:\\\/\\\/memurunsesi.net\\\/index.php\\\/2025\\\/03\\\/17\\\/annesinin-arabasini-yakti\\\/#article\",\"isPartOf\":{\"@id\":\"https:\\\/\\\/memurunsesi.net\\\/index.php\\\/2025\\\/03\\\/17\\\/annesinin-arabasini-yakti\\\/\"},\"author\":{\"name\":\"Memurun Sesi Haber Merkezi\",\"@id\":\"https:\\\/\\\/memurunsesi.net\\\/#\\\/schema\\\/person\\\/f21c2d73b89f6ee1d80b0a1803e38587\"},\"headline\":\"Annesinin arabas\u0131n\u0131 yakt\u0131\",\"datePublished\":\"2025-03-17T06:43:47+00:00\",\"mainEntityOfPage\":{\"@id\":\"https:\\\/\\\/memurunsesi.net\\\/index.php\\\/2025\\\/03\\\/17\\\/annesinin-arabasini-yakti\\\/\"},\"wordCount\":187,\"commentCount\":0,\"publisher\":{\"@id\":\"https:\\\/\\\/memurunsesi.net\\\/#organization\"},\"image\":{\"@id\":\"https:\\\/\\\/memurunsesi.net\\\/index.php\\\/2025\\\/03\\\/17\\\/annesinin-arabasini-yakti\\\/#primaryimage\"},\"thumbnailUrl\":\"https:\\\/\\\/memurunsesi.net\\\/wp-content\\\/uploads\\\/2025\\\/03\\\/AW413856_03.jpg\",\"articleSection\":[\"T\u00fcm Haberler\"],\"inLanguage\":\"tr\",\"potentialAction\":[{\"@type\":\"CommentAction\",\"name\":\"Comment\",\"target\":[\"https:\\\/\\\/memurunsesi.net\\\/index.php\\\/2025\\\/03\\\/17\\\/annesinin-arabasini-yakti\\\/#respond\"]}]},{\"@type\":\"WebPage\",\"@id\":\"https:\\\/\\\/memurunsesi.net\\\/index.php\\\/2025\\\/03\\\/17\\\/annesinin-arabasini-yakti\\\/\",\"url\":\"https:\\\/\\\/memurunsesi.net\\\/index.php\\\/2025\\\/03\\\/17\\\/annesinin-arabasini-yakti\\\/\",\"name\":\"Annesinin arabas\u0131n\u0131 yakt\u0131 - Memurun Sesi\",\"isPartOf\":{\"@id\":\"https:\\\/\\\/memurunsesi.net\\\/#website\"},\"primaryImageOfPage\":{\"@id\":\"https:\\\/\\\/memurunsesi.net\\\/index.php\\\/2025\\\/03\\\/17\\\/annesinin-arabasini-yakti\\\/#primaryimage\"},\"image\":{\"@id\":\"https:\\\/\\\/memurunsesi.net\\\/index.php\\\/2025\\\/03\\\/17\\\/annesinin-arabasini-yakti\\\/#primaryimage\"},\"thumbnailUrl\":\"https:\\\/\\\/memurunsesi.net\\\/wp-content\\\/uploads\\\/2025\\\/03\\\/AW413856_03.jpg\",\"datePublished\":\"2025-03-17T06:43:47+00:00\",\"breadcrumb\":{\"@id\":\"https:\\\/\\\/memurunsesi.net\\\/index.php\\\/2025\\\/03\\\/17\\\/annesinin-arabasini-yakti\\\/#breadcrumb\"},\"inLanguage\":\"tr\",\"potentialAction\":[{\"@type\":\"ReadAction\",\"target\":[\"https:\\\/\\\/memurunsesi.net\\\/index.php\\\/2025\\\/03\\\/17\\\/annesinin-arabasini-yakti\\\/\"]}]},{\"@type\":\"ImageObject\",\"inLanguage\":\"tr\",\"@id\":\"https:\\\/\\\/memurunsesi.net\\\/index.php\\\/2025\\\/03\\\/17\\\/annesinin-arabasini-yakti\\\/#primaryimage\",\"url\":\"https:\\\/\\\/memurunsesi.net\\\/wp-content\\\/uploads\\\/2025\\\/03\\\/AW413856_03.jpg\",\"contentUrl\":\"https:\\\/\\\/memurunsesi.net\\\/wp-content\\\/uploads\\\/2025\\\/03\\\/AW413856_03.jpg\",\"width\":1179,\"height\":812,\"caption\":\"ADANA'DA B\u0130R K\u0130\u015e\u0130, TELEFON G\u00d6R\u00dc\u015eMES\u0130NDE PS\u0130KOLOJ\u0130M BOZUK DED\u0130KTEN SONRA ANNES\u0130NE A\u0130T OTOMOB\u0130L\u0130 BEZ\u0130N D\u00d6KEREK ATE\u015eE VERD\u0130. ANNES\u0130N\u0130N ARACINI KUNDAKLAYAN \u015e\u00dcPHEL\u0130 POL\u0130S\u0130N \u00c7ALI\u015eMASIYLA BEL\u0130RLEN\u0130P YAKALANDI. (SERKAN \u00c7ET\u0130NKAYA\\\/ADANA-\u0130HA) Adana'da bir ki\u015fi, telefon g\u00f6r\u00fc\u015fmesinde psikolojim bozuk dedikten sonra annesine ait otomobili bezin d\u00f6kerek ate\u015fe verdi. Annesinin arac\u0131n\u0131 kundaklayan \u015f\u00fcpheli polisin \u00e7al\u0131\u015fmas\u0131yla belirlenip yakaland\u0131.\"},{\"@type\":\"BreadcrumbList\",\"@id\":\"https:\\\/\\\/memurunsesi.net\\\/index.php\\\/2025\\\/03\\\/17\\\/annesinin-arabasini-yakti\\\/#breadcrumb\",\"itemListElement\":[{\"@type\":\"ListItem\",\"position\":1,\"name\":\"Anasayfa\",\"item\":\"https:\\\/\\\/memurunsesi.net\\\/\"},{\"@type\":\"ListItem\",\"position\":2,\"name\":\"Annesinin arabas\u0131n\u0131 yakt\u0131\"}]},{\"@type\":\"WebSite\",\"@id\":\"https:\\\/\\\/memurunsesi.net\\\/#website\",\"url\":\"https:\\\/\\\/memurunsesi.net\\\/\",\"name\":\"Memurun Sesi\",\"description\":\"G\u00fcncel ve Do\u011fru Haber\",\"publisher\":{\"@id\":\"https:\\\/\\\/memurunsesi.net\\\/#organization\"},\"potentialAction\":[{\"@type\":\"SearchAction\",\"target\":{\"@type\":\"EntryPoint\",\"urlTemplate\":\"https:\\\/\\\/memurunsesi.net\\\/?s={search_term_string}\"},\"query-input\":{\"@type\":\"PropertyValueSpecification\",\"valueRequired\":true,\"valueName\":\"search_term_string\"}}],\"inLanguage\":\"tr\"},{\"@type\":\"Organization\",\"@id\":\"https:\\\/\\\/memurunsesi.net\\\/#organization\",\"name\":\"Memurun Sesi\",\"url\":\"https:\\\/\\\/memurunsesi.net\\\/\",\"logo\":{\"@type\":\"ImageObject\",\"inLanguage\":\"tr\",\"@id\":\"https:\\\/\\\/memurunsesi.net\\\/#\\\/schema\\\/logo\\\/image\\\/\",\"url\":\"https:\\\/\\\/memurunsesi.net\\\/wp-content\\\/uploads\\\/2025\\\/11\\\/cropped-MEMURUN-SESI.png\",\"contentUrl\":\"https:\\\/\\\/memurunsesi.net\\\/wp-content\\\/uploads\\\/2025\\\/11\\\/cropped-MEMURUN-SESI.png\",\"width\":238,\"height\":57,\"caption\":\"Memurun Sesi\"},\"image\":{\"@id\":\"https:\\\/\\\/memurunsesi.net\\\/#\\\/schema\\\/logo\\\/image\\\/\"},\"sameAs\":[\"https:\\\/\\\/www.facebook.com\\\/unipersen\\\/?locale=tr_TR\",\"https:\\\/\\\/x.com\\\/unipersen\"]},{\"@type\":\"Person\",\"@id\":\"https:\\\/\\\/memurunsesi.net\\\/#\\\/schema\\\/person\\\/f21c2d73b89f6ee1d80b0a1803e38587\",\"name\":\"Memurun Sesi Haber Merkezi\",\"image\":{\"@type\":\"ImageObject\",\"inLanguage\":\"tr\",\"@id\":\"https:\\\/\\\/secure.gravatar.com\\\/avatar\\\/6cf0505f452ee753f485014986fab09a434671d2b919ee76fc541025c5876a70?s=96&d=mm&r=g\",\"url\":\"https:\\\/\\\/secure.gravatar.com\\\/avatar\\\/6cf0505f452ee753f485014986fab09a434671d2b919ee76fc541025c5876a70?s=96&d=mm&r=g\",\"contentUrl\":\"https:\\\/\\\/secure.gravatar.com\\\/avatar\\\/6cf0505f452ee753f485014986fab09a434671d2b919ee76fc541025c5876a70?s=96&d=mm&r=g\",\"caption\":\"Memurun Sesi Haber Merkezi\"},\"sameAs\":[\"https:\\\/\\\/memurunsesi.net\"],\"url\":\"https:\\\/\\\/memurunsesi.net\\\/index.php\\\/author\\\/uniper\\\/\"}]}<\/script>\n<!-- \/ Yoast SEO plugin. -->","yoast_head_json":{"title":"Annesinin arabas\u0131n\u0131 yakt\u0131 - Memurun Sesi","robots":{"index":"index","follow":"follow","max-snippet":"max-snippet:-1","max-image-preview":"max-image-preview:large","max-video-preview":"max-video-preview:-1"},"canonical":"https:\/\/memurunsesi.net\/index.php\/2025\/03\/17\/annesinin-arabasini-yakti\/","og_locale":"tr_TR","og_type":"article","og_title":"Annesinin arabas\u0131n\u0131 yakt\u0131 - Memurun Sesi","og_description":"&#8211; Adana&#8217;da bir ki\u015fi, telefon g\u00f6r\u00fc\u015fmesinde &#8216;psikolojim bozuk&#8217; dedi\u011fi annesine ait otomobili kundaklad\u0131, polisin \u00e7al\u0131\u015fmas\u0131yla yakaland\u0131 Adana&#8217;da bir ki\u015fi, telefon g\u00f6r\u00fc\u015fmesinde psikolojim bozuk dedikten sonra annesine ait otomobili bezin d\u00f6kerek ate\u015fe verdi. Annesinin arac\u0131n\u0131 kundaklayan \u015f\u00fcpheli polisin \u00e7al\u0131\u015fmas\u0131yla belirlenip yakaland\u0131. Olay, d\u00fcn ak\u015fam saatlerinde Seyhan il\u00e7esine ba\u011fl\u0131 S\u00fcmer Mahallesi&#8217;nde meydana geldi. \u0130ddiaya g\u00f6re, A.T.\u00d6. (21), [&hellip;]","og_url":"https:\/\/memurunsesi.net\/index.php\/2025\/03\/17\/annesinin-arabasini-yakti\/","og_site_name":"Memurun Sesi","article_publisher":"https:\/\/www.facebook.com\/unipersen\/?locale=tr_TR","article_published_time":"2025-03-17T06:43:47+00:00","og_image":[{"width":1179,"height":812,"url":"https:\/\/memurunsesi.net\/wp-content\/uploads\/2025\/03\/AW413856_03.jpg","type":"image\/jpeg"}],"author":"Memurun Sesi Haber Merkezi","twitter_card":"summary_large_image","twitter_creator":"@unipersen","twitter_site":"@unipersen","twitter_misc":{"Yazan:":"Memurun Sesi Haber Merkezi","Tahmini okuma s\u00fcresi":"1 dakika"},"schema":{"@context":"https:\/\/schema.org","@graph":[{"@type":"Article","@id":"https:\/\/memurunsesi.net\/index.php\/2025\/03\/17\/annesinin-arabasini-yakti\/#article","isPartOf":{"@id":"https:\/\/memurunsesi.net\/index.php\/2025\/03\/17\/annesinin-arabasini-yakti\/"},"author":{"name":"Memurun Sesi Haber Merkezi","@id":"https:\/\/memurunsesi.net\/#\/schema\/person\/f21c2d73b89f6ee1d80b0a1803e38587"},"headline":"Annesinin arabas\u0131n\u0131 yakt\u0131","datePublished":"2025-03-17T06:43:47+00:00","mainEntityOfPage":{"@id":"https:\/\/memurunsesi.net\/index.php\/2025\/03\/17\/annesinin-arabasini-yakti\/"},"wordCount":187,"commentCount":0,"publisher":{"@id":"https:\/\/memurunsesi.net\/#organization"},"image":{"@id":"https:\/\/memurunsesi.net\/index.php\/2025\/03\/17\/annesinin-arabasini-yakti\/#primaryimage"},"thumbnailUrl":"https:\/\/memurunsesi.net\/wp-content\/uploads\/2025\/03\/AW413856_03.jpg","articleSection":["T\u00fcm Haberler"],"inLanguage":"tr","potentialAction":[{"@type":"CommentAction","name":"Comment","target":["https:\/\/memurunsesi.net\/index.php\/2025\/03\/17\/annesinin-arabasini-yakti\/#respond"]}]},{"@type":"WebPage","@id":"https:\/\/memurunsesi.net\/index.php\/2025\/03\/17\/annesinin-arabasini-yakti\/","url":"https:\/\/memurunsesi.net\/index.php\/2025\/03\/17\/annesinin-arabasini-yakti\/","name":"Annesinin arabas\u0131n\u0131 yakt\u0131 - Memurun Sesi","isPartOf":{"@id":"https:\/\/memurunsesi.net\/#website"},"primaryImageOfPage":{"@id":"https:\/\/memurunsesi.net\/index.php\/2025\/03\/17\/annesinin-arabasini-yakti\/#primaryimage"},"image":{"@id":"https:\/\/memurunsesi.net\/index.php\/2025\/03\/17\/annesinin-arabasini-yakti\/#primaryimage"},"thumbnailUrl":"https:\/\/memurunsesi.net\/wp-content\/uploads\/2025\/03\/AW413856_03.jpg","datePublished":"2025-03-17T06:43:47+00:00","breadcrumb":{"@id":"https:\/\/memurunsesi.net\/index.php\/2025\/03\/17\/annesinin-arabasini-yakti\/#breadcrumb"},"inLanguage":"tr","potentialAction":[{"@type":"ReadAction","target":["https:\/\/memurunsesi.net\/index.php\/2025\/03\/17\/annesinin-arabasini-yakti\/"]}]},{"@type":"ImageObject","inLanguage":"tr","@id":"https:\/\/memurunsesi.net\/index.php\/2025\/03\/17\/annesinin-arabasini-yakti\/#primaryimage","url":"https:\/\/memurunsesi.net\/wp-content\/uploads\/2025\/03\/AW413856_03.jpg","contentUrl":"https:\/\/memurunsesi.net\/wp-content\/uploads\/2025\/03\/AW413856_03.jpg","width":1179,"height":812,"caption":"ADANA'DA B\u0130R K\u0130\u015e\u0130, TELEFON G\u00d6R\u00dc\u015eMES\u0130NDE PS\u0130KOLOJ\u0130M BOZUK DED\u0130KTEN SONRA ANNES\u0130NE A\u0130T OTOMOB\u0130L\u0130 BEZ\u0130N D\u00d6KEREK ATE\u015eE VERD\u0130. ANNES\u0130N\u0130N ARACINI KUNDAKLAYAN \u015e\u00dcPHEL\u0130 POL\u0130S\u0130N \u00c7ALI\u015eMASIYLA BEL\u0130RLEN\u0130P YAKALANDI. (SERKAN \u00c7ET\u0130NKAYA\/ADANA-\u0130HA) Adana'da bir ki\u015fi, telefon g\u00f6r\u00fc\u015fmesinde psikolojim bozuk dedikten sonra annesine ait otomobili bezin d\u00f6kerek ate\u015fe verdi. Annesinin arac\u0131n\u0131 kundaklayan \u015f\u00fcpheli polisin \u00e7al\u0131\u015fmas\u0131yla belirlenip yakaland\u0131."},{"@type":"BreadcrumbList","@id":"https:\/\/memurunsesi.net\/index.php\/2025\/03\/17\/annesinin-arabasini-yakti\/#breadcrumb","itemListElement":[{"@type":"ListItem","position":1,"name":"Anasayfa","item":"https:\/\/memurunsesi.net\/"},{"@type":"ListItem","position":2,"name":"Annesinin arabas\u0131n\u0131 yakt\u0131"}]},{"@type":"WebSite","@id":"https:\/\/memurunsesi.net\/#website","url":"https:\/\/memurunsesi.net\/","name":"Memurun Sesi","description":"G\u00fcncel ve Do\u011fru Haber","publisher":{"@id":"https:\/\/memurunsesi.net\/#organization"},"potentialAction":[{"@type":"SearchAction","target":{"@type":"EntryPoint","urlTemplate":"https:\/\/memurunsesi.net\/?s={search_term_string}"},"query-input":{"@type":"PropertyValueSpecification","valueRequired":true,"valueName":"search_term_string"}}],"inLanguage":"tr"},{"@type":"Organization","@id":"https:\/\/memurunsesi.net\/#organization","name":"Memurun Sesi","url":"https:\/\/memurunsesi.net\/","logo":{"@type":"ImageObject","inLanguage":"tr","@id":"https:\/\/memurunsesi.net\/#\/schema\/logo\/image\/","url":"https:\/\/memurunsesi.net\/wp-content\/uploads\/2025\/11\/cropped-MEMURUN-SESI.png","contentUrl":"https:\/\/memurunsesi.net\/wp-content\/uploads\/2025\/11\/cropped-MEMURUN-SESI.png","width":238,"height":57,"caption":"Memurun Sesi"},"image":{"@id":"https:\/\/memurunsesi.net\/#\/schema\/logo\/image\/"},"sameAs":["https:\/\/www.facebook.com\/unipersen\/?locale=tr_TR","https:\/\/x.com\/unipersen"]},{"@type":"Person","@id":"https:\/\/memurunsesi.net\/#\/schema\/person\/f21c2d73b89f6ee1d80b0a1803e38587","name":"Memurun Sesi Haber Merkezi","image":{"@type":"ImageObject","inLanguage":"tr","@id":"https:\/\/secure.gravatar.com\/avatar\/6cf0505f452ee753f485014986fab09a434671d2b919ee76fc541025c5876a70?s=96&d=mm&r=g","url":"https:\/\/secure.gravatar.com\/avatar\/6cf0505f452ee753f485014986fab09a434671d2b919ee76fc541025c5876a70?s=96&d=mm&r=g","contentUrl":"https:\/\/secure.gravatar.com\/avatar\/6cf0505f452ee753f485014986fab09a434671d2b919ee76fc541025c5876a70?s=96&d=mm&r=g","caption":"Memurun Sesi Haber Merkezi"},"sameAs":["https:\/\/memurunsesi.net"],"url":"https:\/\/memurunsesi.net\/index.php\/author\/uniper\/"}]}},"_links":{"self":[{"href":"https:\/\/memurunsesi.net\/index.php\/wp-json\/wp\/v2\/posts\/4195","targetHints":{"allow":["GET"]}}],"collection":[{"href":"https:\/\/memurunsesi.net\/index.php\/wp-json\/wp\/v2\/posts"}],"about":[{"href":"https:\/\/memurunsesi.net\/index.php\/wp-json\/wp\/v2\/types\/post"}],"author":[{"embeddable":true,"href":"https:\/\/memurunsesi.net\/index.php\/wp-json\/wp\/v2\/users\/1"}],"replies":[{"embeddable":true,"href":"https:\/\/memurunsesi.net\/index.php\/wp-json\/wp\/v2\/comments?post=4195"}],"version-history":[{"count":1,"href":"https:\/\/memurunsesi.net\/index.php\/wp-json\/wp\/v2\/posts\/4195\/revisions"}],"predecessor-version":[{"id":4197,"href":"https:\/\/memurunsesi.net\/index.php\/wp-json\/wp\/v2\/posts\/4195\/revisions\/4197"}],"wp:featuredmedia":[{"embeddable":true,"href":"https:\/\/memurunsesi.net\/index.php\/wp-json\/wp\/v2\/media\/4196"}],"wp:attachment":[{"href":"https:\/\/memurunsesi.net\/index.php\/wp-json\/wp\/v2\/media?parent=4195"}],"wp:term":[{"taxonomy":"category","embeddable":true,"href":"https:\/\/memurunsesi.net\/index.php\/wp-json\/wp\/v2\/categories?post=4195"},{"taxonomy":"post_tag","embeddable":true,"href":"https:\/\/memurunsesi.net\/index.php\/wp-json\/wp\/v2\/tags?post=4195"}],"curies":[{"name":"wp","href":"https:\/\/api.w.org\/{rel}","templated":true}]}}