{"id":4198,"date":"2025-03-17T09:45:15","date_gmt":"2025-03-17T06:45:15","guid":{"rendered":"https:\/\/memurunsesi.net\/?p=4198"},"modified":"2025-03-17T09:45:15","modified_gmt":"2025-03-17T06:45:15","slug":"kars-cildir-golunde-atli-kizak-seferleri-devam-ediyor","status":"publish","type":"post","link":"https:\/\/memurunsesi.net\/index.php\/2025\/03\/17\/kars-cildir-golunde-atli-kizak-seferleri-devam-ediyor\/","title":{"rendered":"Kars \u00c7\u0131ld\u0131r G\u00f6l\u00fc&#8217;nde atl\u0131 k\u0131zak seferleri devam ediyor"},"content":{"rendered":"<p>Kars&#8217;\u0131n do\u011fa harikas\u0131 \u00c7\u0131ld\u0131r G\u00f6l\u00fc, k\u0131\u015f\u0131n donan y\u00fczeyiyle ziyaret\u00e7ilerine e\u015fsiz bir deneyim sunmaya devam ediyor. Buzla kaplanan g\u00f6lde d\u00fczenlenen atl\u0131 k\u0131zak seferleri, yerli ve yabanc\u0131 turistlerden b\u00fcy\u00fck ilgi g\u00f6r\u00fcyor.<br \/>\nHer y\u0131l Aral\u0131k ay\u0131ndan itibaren ba\u015flayan ve Mart ay\u0131na kadar s\u00fcren bu keyifli etkinlik, b\u00f6lgenin turizmine de b\u00fcy\u00fck katk\u0131 sa\u011fl\u0131yor. Atlar\u0131n \u00e7ekti\u011fi k\u0131zaklarla g\u00f6l \u00fczerinde yap\u0131lan gezilerde ziyaret\u00e7iler, bembeyaz \u00f6rt\u00fcyle kaplanm\u0131\u015f \u00c7\u0131ld\u0131r G\u00f6l\u00fc&#8217;n\u00fcn muhte\u015fem manzaras\u0131n\u0131n tad\u0131n\u0131 \u00e7\u0131kar\u0131yor.<br \/>\nKarsl\u0131 k\u0131zak\u00e7\u0131 Dural Da\u015fdemir, bu geleneksel etkinli\u011fin her y\u0131l daha fazla ilgi g\u00f6rd\u00fc\u011f\u00fcn\u00fc belirtti.<br \/>\nDa\u015fdemir, &#8220;\u00c7\u0131ld\u0131r G\u00f6l\u00fc&#8217;nde son y\u0131llar\u0131n en kal\u0131n buz tabakas\u0131 olu\u015ftu. Bu da sezonu 20 g\u00fcn kadar uzatt\u0131. 10 Nisan&#8217;a kadar \u00c7\u0131ld\u0131r G\u00f6l\u00fc \u00fczerindeki b\u00fct\u00fcn aktiviteler devam edecek. Bayram tatilinde misafirlerimizi bekliyor olaca\u011f\u0131z. Hava g\u00fczel, kar eridi. G\u00f6l masmavi buz tabakas\u0131na b\u00fcr\u00fcnd\u00fc&#8221; dedi.<br \/>\nDo\u011fa ve macera tutkunlar\u0131 i\u00e7in vazge\u00e7ilmez bir adres haline gelen \u00c7\u0131ld\u0131r G\u00f6l\u00fc, k\u0131\u015f aylar\u0131nda adeta masals\u0131 bir g\u00f6r\u00fcn\u00fcme b\u00fcr\u00fcn\u00fcyor. Kars&#8217;a yolu d\u00fc\u015fen herkesin bu e\u015fsiz deneyimi ya\u015famas\u0131 tavsiye ediliyor.<\/p>\n<p>17.03.2025<\/p>\n","protected":false},"excerpt":{"rendered":"<p>Kars&#8217;\u0131n do\u011fa harikas\u0131 \u00c7\u0131ld\u0131r G\u00f6l\u00fc, k\u0131\u015f\u0131n donan y\u00fczeyiyle ziyaret\u00e7ilerine e\u015fsiz bir deneyim sunmaya devam ediyor. Buzla kaplanan g\u00f6lde d\u00fczenlenen atl\u0131 k\u0131zak seferleri, yerli ve yabanc\u0131 turistlerden b\u00fcy\u00fck ilgi g\u00f6r\u00fcyor. Her y\u0131l Aral\u0131k ay\u0131ndan itibaren ba\u015flayan ve Mart ay\u0131na kadar s\u00fcren bu keyifli etkinlik, b\u00f6lgenin turizmine de b\u00fcy\u00fck katk\u0131 sa\u011fl\u0131yor. Atlar\u0131n \u00e7ekti\u011fi k\u0131zaklarla g\u00f6l \u00fczerinde yap\u0131lan [&hellip;]<\/p>\n","protected":false},"author":1,"featured_media":4199,"comment_status":"open","ping_status":"open","sticky":false,"template":"","format":"standard","meta":{"footnotes":""},"categories":[50],"tags":[],"class_list":["post-4198","post","type-post","status-publish","format-standard","has-post-thumbnail","hentry","category-tum-haberler"],"yoast_head":"<!-- This site is optimized with the Yoast SEO plugin v27.4 - https:\/\/yoast.com\/product\/yoast-seo-wordpress\/ -->\n<title>Kars \u00c7\u0131ld\u0131r G\u00f6l\u00fc&#039;nde atl\u0131 k\u0131zak seferleri devam ediyor - Memurun Sesi<\/title>\n<meta name=\"robots\" content=\"index, follow, max-snippet:-1, max-image-preview:large, max-video-preview:-1\" \/>\n<link rel=\"canonical\" href=\"https:\/\/memurunsesi.net\/index.php\/2025\/03\/17\/kars-cildir-golunde-atli-kizak-seferleri-devam-ediyor\/\" \/>\n<meta property=\"og:locale\" content=\"tr_TR\" \/>\n<meta property=\"og:type\" content=\"article\" \/>\n<meta property=\"og:title\" content=\"Kars \u00c7\u0131ld\u0131r G\u00f6l\u00fc&#039;nde atl\u0131 k\u0131zak seferleri devam ediyor - Memurun Sesi\" \/>\n<meta property=\"og:description\" content=\"Kars&#8217;\u0131n do\u011fa harikas\u0131 \u00c7\u0131ld\u0131r G\u00f6l\u00fc, k\u0131\u015f\u0131n donan y\u00fczeyiyle ziyaret\u00e7ilerine e\u015fsiz bir deneyim sunmaya devam ediyor. Buzla kaplanan g\u00f6lde d\u00fczenlenen atl\u0131 k\u0131zak seferleri, yerli ve yabanc\u0131 turistlerden b\u00fcy\u00fck ilgi g\u00f6r\u00fcyor. Her y\u0131l Aral\u0131k ay\u0131ndan itibaren ba\u015flayan ve Mart ay\u0131na kadar s\u00fcren bu keyifli etkinlik, b\u00f6lgenin turizmine de b\u00fcy\u00fck katk\u0131 sa\u011fl\u0131yor. Atlar\u0131n \u00e7ekti\u011fi k\u0131zaklarla g\u00f6l \u00fczerinde yap\u0131lan [&hellip;]\" \/>\n<meta property=\"og:url\" content=\"https:\/\/memurunsesi.net\/index.php\/2025\/03\/17\/kars-cildir-golunde-atli-kizak-seferleri-devam-ediyor\/\" \/>\n<meta property=\"og:site_name\" content=\"Memurun Sesi\" \/>\n<meta property=\"article:publisher\" content=\"https:\/\/www.facebook.com\/unipersen\/?locale=tr_TR\" \/>\n<meta property=\"article:published_time\" content=\"2025-03-17T06:45:15+00:00\" \/>\n<meta property=\"og:image\" content=\"https:\/\/memurunsesi.net\/wp-content\/uploads\/2025\/03\/AW413871_01.jpg\" \/>\n\t<meta property=\"og:image:width\" content=\"1600\" \/>\n\t<meta property=\"og:image:height\" content=\"739\" \/>\n\t<meta property=\"og:image:type\" content=\"image\/jpeg\" \/>\n<meta name=\"author\" content=\"Memurun Sesi Haber Merkezi\" \/>\n<meta name=\"twitter:card\" content=\"summary_large_image\" \/>\n<meta name=\"twitter:creator\" content=\"@unipersen\" \/>\n<meta name=\"twitter:site\" content=\"@unipersen\" \/>\n<meta name=\"twitter:label1\" content=\"Yazan:\" \/>\n\t<meta name=\"twitter:data1\" content=\"Memurun Sesi Haber Merkezi\" \/>\n\t<meta name=\"twitter:label2\" content=\"Tahmini okuma s\u00fcresi\" \/>\n\t<meta name=\"twitter:data2\" content=\"1 dakika\" \/>\n<script type=\"application\/ld+json\" class=\"yoast-schema-graph\">{\"@context\":\"https:\\\/\\\/schema.org\",\"@graph\":[{\"@type\":\"Article\",\"@id\":\"https:\\\/\\\/memurunsesi.net\\\/index.php\\\/2025\\\/03\\\/17\\\/kars-cildir-golunde-atli-kizak-seferleri-devam-ediyor\\\/#article\",\"isPartOf\":{\"@id\":\"https:\\\/\\\/memurunsesi.net\\\/index.php\\\/2025\\\/03\\\/17\\\/kars-cildir-golunde-atli-kizak-seferleri-devam-ediyor\\\/\"},\"author\":{\"name\":\"Memurun Sesi Haber Merkezi\",\"@id\":\"https:\\\/\\\/memurunsesi.net\\\/#\\\/schema\\\/person\\\/f21c2d73b89f6ee1d80b0a1803e38587\"},\"headline\":\"Kars \u00c7\u0131ld\u0131r G\u00f6l\u00fc&#8217;nde atl\u0131 k\u0131zak seferleri devam ediyor\",\"datePublished\":\"2025-03-17T06:45:15+00:00\",\"mainEntityOfPage\":{\"@id\":\"https:\\\/\\\/memurunsesi.net\\\/index.php\\\/2025\\\/03\\\/17\\\/kars-cildir-golunde-atli-kizak-seferleri-devam-ediyor\\\/\"},\"wordCount\":245,\"commentCount\":0,\"publisher\":{\"@id\":\"https:\\\/\\\/memurunsesi.net\\\/#organization\"},\"image\":{\"@id\":\"https:\\\/\\\/memurunsesi.net\\\/index.php\\\/2025\\\/03\\\/17\\\/kars-cildir-golunde-atli-kizak-seferleri-devam-ediyor\\\/#primaryimage\"},\"thumbnailUrl\":\"https:\\\/\\\/memurunsesi.net\\\/wp-content\\\/uploads\\\/2025\\\/03\\\/AW413871_01.jpg\",\"articleSection\":[\"T\u00fcm Haberler\"],\"inLanguage\":\"tr\",\"potentialAction\":[{\"@type\":\"CommentAction\",\"name\":\"Comment\",\"target\":[\"https:\\\/\\\/memurunsesi.net\\\/index.php\\\/2025\\\/03\\\/17\\\/kars-cildir-golunde-atli-kizak-seferleri-devam-ediyor\\\/#respond\"]}]},{\"@type\":\"WebPage\",\"@id\":\"https:\\\/\\\/memurunsesi.net\\\/index.php\\\/2025\\\/03\\\/17\\\/kars-cildir-golunde-atli-kizak-seferleri-devam-ediyor\\\/\",\"url\":\"https:\\\/\\\/memurunsesi.net\\\/index.php\\\/2025\\\/03\\\/17\\\/kars-cildir-golunde-atli-kizak-seferleri-devam-ediyor\\\/\",\"name\":\"Kars \u00c7\u0131ld\u0131r G\u00f6l\u00fc'nde atl\u0131 k\u0131zak seferleri devam ediyor - Memurun Sesi\",\"isPartOf\":{\"@id\":\"https:\\\/\\\/memurunsesi.net\\\/#website\"},\"primaryImageOfPage\":{\"@id\":\"https:\\\/\\\/memurunsesi.net\\\/index.php\\\/2025\\\/03\\\/17\\\/kars-cildir-golunde-atli-kizak-seferleri-devam-ediyor\\\/#primaryimage\"},\"image\":{\"@id\":\"https:\\\/\\\/memurunsesi.net\\\/index.php\\\/2025\\\/03\\\/17\\\/kars-cildir-golunde-atli-kizak-seferleri-devam-ediyor\\\/#primaryimage\"},\"thumbnailUrl\":\"https:\\\/\\\/memurunsesi.net\\\/wp-content\\\/uploads\\\/2025\\\/03\\\/AW413871_01.jpg\",\"datePublished\":\"2025-03-17T06:45:15+00:00\",\"breadcrumb\":{\"@id\":\"https:\\\/\\\/memurunsesi.net\\\/index.php\\\/2025\\\/03\\\/17\\\/kars-cildir-golunde-atli-kizak-seferleri-devam-ediyor\\\/#breadcrumb\"},\"inLanguage\":\"tr\",\"potentialAction\":[{\"@type\":\"ReadAction\",\"target\":[\"https:\\\/\\\/memurunsesi.net\\\/index.php\\\/2025\\\/03\\\/17\\\/kars-cildir-golunde-atli-kizak-seferleri-devam-ediyor\\\/\"]}]},{\"@type\":\"ImageObject\",\"inLanguage\":\"tr\",\"@id\":\"https:\\\/\\\/memurunsesi.net\\\/index.php\\\/2025\\\/03\\\/17\\\/kars-cildir-golunde-atli-kizak-seferleri-devam-ediyor\\\/#primaryimage\",\"url\":\"https:\\\/\\\/memurunsesi.net\\\/wp-content\\\/uploads\\\/2025\\\/03\\\/AW413871_01.jpg\",\"contentUrl\":\"https:\\\/\\\/memurunsesi.net\\\/wp-content\\\/uploads\\\/2025\\\/03\\\/AW413871_01.jpg\",\"width\":1600,\"height\":739,\"caption\":\"KARS'IN DO\u011eA HAR\u0130KASI \u00c7ILDIR G\u00d6L\u00dc, KI\u015eIN DONAN Y\u00dcZEY\u0130YLE Z\u0130YARET\u00c7\u0130LER\u0130NE E\u015eS\u0130Z B\u0130R DENEY\u0130M SUNMAYA DEVAM ED\u0130YOR. BUZLA KAPLANAN G\u00d6LDE D\u00dcZENLENEN ATLI KIZAK SEFERLER\u0130, YERL\u0130 VE YABANCI TUR\u0130STLERDEN B\u00dcY\u00dcK \u0130LG\u0130 G\u00d6R\u00dcYOR. (TURGUT KAYA\\\/KARS-\u0130HA) Kars'\u0131n do\u011fa harikas\u0131 \u00c7\u0131ld\u0131r G\u00f6l\u00fc, k\u0131\u015f\u0131n donan y\u00fczeyiyle ziyaret\u00e7ilerine e\u015fsiz bir deneyim sunmaya devam ediyor. Buzla kaplanan g\u00f6lde d\u00fczenlenen atl\u0131 k\u0131zak seferleri, yerli ve yabanc\u0131 turistlerden b\u00fcy\u00fck ilgi g\u00f6r\u00fcyor.\"},{\"@type\":\"BreadcrumbList\",\"@id\":\"https:\\\/\\\/memurunsesi.net\\\/index.php\\\/2025\\\/03\\\/17\\\/kars-cildir-golunde-atli-kizak-seferleri-devam-ediyor\\\/#breadcrumb\",\"itemListElement\":[{\"@type\":\"ListItem\",\"position\":1,\"name\":\"Anasayfa\",\"item\":\"https:\\\/\\\/memurunsesi.net\\\/\"},{\"@type\":\"ListItem\",\"position\":2,\"name\":\"Kars \u00c7\u0131ld\u0131r G\u00f6l\u00fc&#8217;nde atl\u0131 k\u0131zak seferleri devam ediyor\"}]},{\"@type\":\"WebSite\",\"@id\":\"https:\\\/\\\/memurunsesi.net\\\/#website\",\"url\":\"https:\\\/\\\/memurunsesi.net\\\/\",\"name\":\"Memurun Sesi\",\"description\":\"G\u00fcncel ve Do\u011fru Haber\",\"publisher\":{\"@id\":\"https:\\\/\\\/memurunsesi.net\\\/#organization\"},\"potentialAction\":[{\"@type\":\"SearchAction\",\"target\":{\"@type\":\"EntryPoint\",\"urlTemplate\":\"https:\\\/\\\/memurunsesi.net\\\/?s={search_term_string}\"},\"query-input\":{\"@type\":\"PropertyValueSpecification\",\"valueRequired\":true,\"valueName\":\"search_term_string\"}}],\"inLanguage\":\"tr\"},{\"@type\":\"Organization\",\"@id\":\"https:\\\/\\\/memurunsesi.net\\\/#organization\",\"name\":\"Memurun Sesi\",\"url\":\"https:\\\/\\\/memurunsesi.net\\\/\",\"logo\":{\"@type\":\"ImageObject\",\"inLanguage\":\"tr\",\"@id\":\"https:\\\/\\\/memurunsesi.net\\\/#\\\/schema\\\/logo\\\/image\\\/\",\"url\":\"https:\\\/\\\/memurunsesi.net\\\/wp-content\\\/uploads\\\/2025\\\/11\\\/cropped-MEMURUN-SESI.png\",\"contentUrl\":\"https:\\\/\\\/memurunsesi.net\\\/wp-content\\\/uploads\\\/2025\\\/11\\\/cropped-MEMURUN-SESI.png\",\"width\":238,\"height\":57,\"caption\":\"Memurun Sesi\"},\"image\":{\"@id\":\"https:\\\/\\\/memurunsesi.net\\\/#\\\/schema\\\/logo\\\/image\\\/\"},\"sameAs\":[\"https:\\\/\\\/www.facebook.com\\\/unipersen\\\/?locale=tr_TR\",\"https:\\\/\\\/x.com\\\/unipersen\"]},{\"@type\":\"Person\",\"@id\":\"https:\\\/\\\/memurunsesi.net\\\/#\\\/schema\\\/person\\\/f21c2d73b89f6ee1d80b0a1803e38587\",\"name\":\"Memurun Sesi Haber Merkezi\",\"image\":{\"@type\":\"ImageObject\",\"inLanguage\":\"tr\",\"@id\":\"https:\\\/\\\/secure.gravatar.com\\\/avatar\\\/6cf0505f452ee753f485014986fab09a434671d2b919ee76fc541025c5876a70?s=96&d=mm&r=g\",\"url\":\"https:\\\/\\\/secure.gravatar.com\\\/avatar\\\/6cf0505f452ee753f485014986fab09a434671d2b919ee76fc541025c5876a70?s=96&d=mm&r=g\",\"contentUrl\":\"https:\\\/\\\/secure.gravatar.com\\\/avatar\\\/6cf0505f452ee753f485014986fab09a434671d2b919ee76fc541025c5876a70?s=96&d=mm&r=g\",\"caption\":\"Memurun Sesi Haber Merkezi\"},\"sameAs\":[\"https:\\\/\\\/memurunsesi.net\"],\"url\":\"https:\\\/\\\/memurunsesi.net\\\/index.php\\\/author\\\/uniper\\\/\"}]}<\/script>\n<!-- \/ Yoast SEO plugin. -->","yoast_head_json":{"title":"Kars \u00c7\u0131ld\u0131r G\u00f6l\u00fc'nde atl\u0131 k\u0131zak seferleri devam ediyor - Memurun Sesi","robots":{"index":"index","follow":"follow","max-snippet":"max-snippet:-1","max-image-preview":"max-image-preview:large","max-video-preview":"max-video-preview:-1"},"canonical":"https:\/\/memurunsesi.net\/index.php\/2025\/03\/17\/kars-cildir-golunde-atli-kizak-seferleri-devam-ediyor\/","og_locale":"tr_TR","og_type":"article","og_title":"Kars \u00c7\u0131ld\u0131r G\u00f6l\u00fc'nde atl\u0131 k\u0131zak seferleri devam ediyor - Memurun Sesi","og_description":"Kars&#8217;\u0131n do\u011fa harikas\u0131 \u00c7\u0131ld\u0131r G\u00f6l\u00fc, k\u0131\u015f\u0131n donan y\u00fczeyiyle ziyaret\u00e7ilerine e\u015fsiz bir deneyim sunmaya devam ediyor. Buzla kaplanan g\u00f6lde d\u00fczenlenen atl\u0131 k\u0131zak seferleri, yerli ve yabanc\u0131 turistlerden b\u00fcy\u00fck ilgi g\u00f6r\u00fcyor. Her y\u0131l Aral\u0131k ay\u0131ndan itibaren ba\u015flayan ve Mart ay\u0131na kadar s\u00fcren bu keyifli etkinlik, b\u00f6lgenin turizmine de b\u00fcy\u00fck katk\u0131 sa\u011fl\u0131yor. Atlar\u0131n \u00e7ekti\u011fi k\u0131zaklarla g\u00f6l \u00fczerinde yap\u0131lan [&hellip;]","og_url":"https:\/\/memurunsesi.net\/index.php\/2025\/03\/17\/kars-cildir-golunde-atli-kizak-seferleri-devam-ediyor\/","og_site_name":"Memurun Sesi","article_publisher":"https:\/\/www.facebook.com\/unipersen\/?locale=tr_TR","article_published_time":"2025-03-17T06:45:15+00:00","og_image":[{"width":1600,"height":739,"url":"https:\/\/memurunsesi.net\/wp-content\/uploads\/2025\/03\/AW413871_01.jpg","type":"image\/jpeg"}],"author":"Memurun Sesi Haber Merkezi","twitter_card":"summary_large_image","twitter_creator":"@unipersen","twitter_site":"@unipersen","twitter_misc":{"Yazan:":"Memurun Sesi Haber Merkezi","Tahmini okuma s\u00fcresi":"1 dakika"},"schema":{"@context":"https:\/\/schema.org","@graph":[{"@type":"Article","@id":"https:\/\/memurunsesi.net\/index.php\/2025\/03\/17\/kars-cildir-golunde-atli-kizak-seferleri-devam-ediyor\/#article","isPartOf":{"@id":"https:\/\/memurunsesi.net\/index.php\/2025\/03\/17\/kars-cildir-golunde-atli-kizak-seferleri-devam-ediyor\/"},"author":{"name":"Memurun Sesi Haber Merkezi","@id":"https:\/\/memurunsesi.net\/#\/schema\/person\/f21c2d73b89f6ee1d80b0a1803e38587"},"headline":"Kars \u00c7\u0131ld\u0131r G\u00f6l\u00fc&#8217;nde atl\u0131 k\u0131zak seferleri devam ediyor","datePublished":"2025-03-17T06:45:15+00:00","mainEntityOfPage":{"@id":"https:\/\/memurunsesi.net\/index.php\/2025\/03\/17\/kars-cildir-golunde-atli-kizak-seferleri-devam-ediyor\/"},"wordCount":245,"commentCount":0,"publisher":{"@id":"https:\/\/memurunsesi.net\/#organization"},"image":{"@id":"https:\/\/memurunsesi.net\/index.php\/2025\/03\/17\/kars-cildir-golunde-atli-kizak-seferleri-devam-ediyor\/#primaryimage"},"thumbnailUrl":"https:\/\/memurunsesi.net\/wp-content\/uploads\/2025\/03\/AW413871_01.jpg","articleSection":["T\u00fcm Haberler"],"inLanguage":"tr","potentialAction":[{"@type":"CommentAction","name":"Comment","target":["https:\/\/memurunsesi.net\/index.php\/2025\/03\/17\/kars-cildir-golunde-atli-kizak-seferleri-devam-ediyor\/#respond"]}]},{"@type":"WebPage","@id":"https:\/\/memurunsesi.net\/index.php\/2025\/03\/17\/kars-cildir-golunde-atli-kizak-seferleri-devam-ediyor\/","url":"https:\/\/memurunsesi.net\/index.php\/2025\/03\/17\/kars-cildir-golunde-atli-kizak-seferleri-devam-ediyor\/","name":"Kars \u00c7\u0131ld\u0131r G\u00f6l\u00fc'nde atl\u0131 k\u0131zak seferleri devam ediyor - Memurun Sesi","isPartOf":{"@id":"https:\/\/memurunsesi.net\/#website"},"primaryImageOfPage":{"@id":"https:\/\/memurunsesi.net\/index.php\/2025\/03\/17\/kars-cildir-golunde-atli-kizak-seferleri-devam-ediyor\/#primaryimage"},"image":{"@id":"https:\/\/memurunsesi.net\/index.php\/2025\/03\/17\/kars-cildir-golunde-atli-kizak-seferleri-devam-ediyor\/#primaryimage"},"thumbnailUrl":"https:\/\/memurunsesi.net\/wp-content\/uploads\/2025\/03\/AW413871_01.jpg","datePublished":"2025-03-17T06:45:15+00:00","breadcrumb":{"@id":"https:\/\/memurunsesi.net\/index.php\/2025\/03\/17\/kars-cildir-golunde-atli-kizak-seferleri-devam-ediyor\/#breadcrumb"},"inLanguage":"tr","potentialAction":[{"@type":"ReadAction","target":["https:\/\/memurunsesi.net\/index.php\/2025\/03\/17\/kars-cildir-golunde-atli-kizak-seferleri-devam-ediyor\/"]}]},{"@type":"ImageObject","inLanguage":"tr","@id":"https:\/\/memurunsesi.net\/index.php\/2025\/03\/17\/kars-cildir-golunde-atli-kizak-seferleri-devam-ediyor\/#primaryimage","url":"https:\/\/memurunsesi.net\/wp-content\/uploads\/2025\/03\/AW413871_01.jpg","contentUrl":"https:\/\/memurunsesi.net\/wp-content\/uploads\/2025\/03\/AW413871_01.jpg","width":1600,"height":739,"caption":"KARS'IN DO\u011eA HAR\u0130KASI \u00c7ILDIR G\u00d6L\u00dc, KI\u015eIN DONAN Y\u00dcZEY\u0130YLE Z\u0130YARET\u00c7\u0130LER\u0130NE E\u015eS\u0130Z B\u0130R DENEY\u0130M SUNMAYA DEVAM ED\u0130YOR. BUZLA KAPLANAN G\u00d6LDE D\u00dcZENLENEN ATLI KIZAK SEFERLER\u0130, YERL\u0130 VE YABANCI TUR\u0130STLERDEN B\u00dcY\u00dcK \u0130LG\u0130 G\u00d6R\u00dcYOR. (TURGUT KAYA\/KARS-\u0130HA) Kars'\u0131n do\u011fa harikas\u0131 \u00c7\u0131ld\u0131r G\u00f6l\u00fc, k\u0131\u015f\u0131n donan y\u00fczeyiyle ziyaret\u00e7ilerine e\u015fsiz bir deneyim sunmaya devam ediyor. Buzla kaplanan g\u00f6lde d\u00fczenlenen atl\u0131 k\u0131zak seferleri, yerli ve yabanc\u0131 turistlerden b\u00fcy\u00fck ilgi g\u00f6r\u00fcyor."},{"@type":"BreadcrumbList","@id":"https:\/\/memurunsesi.net\/index.php\/2025\/03\/17\/kars-cildir-golunde-atli-kizak-seferleri-devam-ediyor\/#breadcrumb","itemListElement":[{"@type":"ListItem","position":1,"name":"Anasayfa","item":"https:\/\/memurunsesi.net\/"},{"@type":"ListItem","position":2,"name":"Kars \u00c7\u0131ld\u0131r G\u00f6l\u00fc&#8217;nde atl\u0131 k\u0131zak seferleri devam ediyor"}]},{"@type":"WebSite","@id":"https:\/\/memurunsesi.net\/#website","url":"https:\/\/memurunsesi.net\/","name":"Memurun Sesi","description":"G\u00fcncel ve Do\u011fru Haber","publisher":{"@id":"https:\/\/memurunsesi.net\/#organization"},"potentialAction":[{"@type":"SearchAction","target":{"@type":"EntryPoint","urlTemplate":"https:\/\/memurunsesi.net\/?s={search_term_string}"},"query-input":{"@type":"PropertyValueSpecification","valueRequired":true,"valueName":"search_term_string"}}],"inLanguage":"tr"},{"@type":"Organization","@id":"https:\/\/memurunsesi.net\/#organization","name":"Memurun Sesi","url":"https:\/\/memurunsesi.net\/","logo":{"@type":"ImageObject","inLanguage":"tr","@id":"https:\/\/memurunsesi.net\/#\/schema\/logo\/image\/","url":"https:\/\/memurunsesi.net\/wp-content\/uploads\/2025\/11\/cropped-MEMURUN-SESI.png","contentUrl":"https:\/\/memurunsesi.net\/wp-content\/uploads\/2025\/11\/cropped-MEMURUN-SESI.png","width":238,"height":57,"caption":"Memurun Sesi"},"image":{"@id":"https:\/\/memurunsesi.net\/#\/schema\/logo\/image\/"},"sameAs":["https:\/\/www.facebook.com\/unipersen\/?locale=tr_TR","https:\/\/x.com\/unipersen"]},{"@type":"Person","@id":"https:\/\/memurunsesi.net\/#\/schema\/person\/f21c2d73b89f6ee1d80b0a1803e38587","name":"Memurun Sesi Haber Merkezi","image":{"@type":"ImageObject","inLanguage":"tr","@id":"https:\/\/secure.gravatar.com\/avatar\/6cf0505f452ee753f485014986fab09a434671d2b919ee76fc541025c5876a70?s=96&d=mm&r=g","url":"https:\/\/secure.gravatar.com\/avatar\/6cf0505f452ee753f485014986fab09a434671d2b919ee76fc541025c5876a70?s=96&d=mm&r=g","contentUrl":"https:\/\/secure.gravatar.com\/avatar\/6cf0505f452ee753f485014986fab09a434671d2b919ee76fc541025c5876a70?s=96&d=mm&r=g","caption":"Memurun Sesi Haber Merkezi"},"sameAs":["https:\/\/memurunsesi.net"],"url":"https:\/\/memurunsesi.net\/index.php\/author\/uniper\/"}]}},"_links":{"self":[{"href":"https:\/\/memurunsesi.net\/index.php\/wp-json\/wp\/v2\/posts\/4198","targetHints":{"allow":["GET"]}}],"collection":[{"href":"https:\/\/memurunsesi.net\/index.php\/wp-json\/wp\/v2\/posts"}],"about":[{"href":"https:\/\/memurunsesi.net\/index.php\/wp-json\/wp\/v2\/types\/post"}],"author":[{"embeddable":true,"href":"https:\/\/memurunsesi.net\/index.php\/wp-json\/wp\/v2\/users\/1"}],"replies":[{"embeddable":true,"href":"https:\/\/memurunsesi.net\/index.php\/wp-json\/wp\/v2\/comments?post=4198"}],"version-history":[{"count":1,"href":"https:\/\/memurunsesi.net\/index.php\/wp-json\/wp\/v2\/posts\/4198\/revisions"}],"predecessor-version":[{"id":4200,"href":"https:\/\/memurunsesi.net\/index.php\/wp-json\/wp\/v2\/posts\/4198\/revisions\/4200"}],"wp:featuredmedia":[{"embeddable":true,"href":"https:\/\/memurunsesi.net\/index.php\/wp-json\/wp\/v2\/media\/4199"}],"wp:attachment":[{"href":"https:\/\/memurunsesi.net\/index.php\/wp-json\/wp\/v2\/media?parent=4198"}],"wp:term":[{"taxonomy":"category","embeddable":true,"href":"https:\/\/memurunsesi.net\/index.php\/wp-json\/wp\/v2\/categories?post=4198"},{"taxonomy":"post_tag","embeddable":true,"href":"https:\/\/memurunsesi.net\/index.php\/wp-json\/wp\/v2\/tags?post=4198"}],"curies":[{"name":"wp","href":"https:\/\/api.w.org\/{rel}","templated":true}]}}