{"id":4240,"date":"2025-03-18T09:03:34","date_gmt":"2025-03-18T06:03:34","guid":{"rendered":"https:\/\/memurunsesi.net\/?p=4240"},"modified":"2025-03-18T09:03:34","modified_gmt":"2025-03-18T06:03:34","slug":"didim-belediyesi-vatandaslari-iftar-sofralarinda-bulusturuyor","status":"publish","type":"post","link":"https:\/\/memurunsesi.net\/index.php\/2025\/03\/18\/didim-belediyesi-vatandaslari-iftar-sofralarinda-bulusturuyor\/","title":{"rendered":"Didim Belediyesi vatanda\u015flar\u0131 iftar sofralar\u0131nda bulu\u015fturuyor"},"content":{"rendered":"<p>Ramazan ay\u0131 dolay\u0131s\u0131yla Didim Belediyesi, Didimli vatanda\u015flar\u0131 iftar sofralar\u0131nda bulu\u015fturmaya devam ediyor.<\/p>\n<p>Didim Belediyesi taraf\u0131ndan Denizk\u00f6y Mahallesi\u2019nde iftar program\u0131 ger\u00e7ekle\u015ftirildi. Programa Didim Belediye Ba\u015fkan\u0131 Hatice Gen\u00e7ay, Belediye Ba\u015fkan Yard\u0131mc\u0131s\u0131 Aydan A\u015f\u0131k Turgut, Belediye Meclis \u00dcyeleri, Belediye Birim Amirleri, Denizk\u00f6y Mahalle Muhtar\u0131 Nurettin Y\u0131lmaz ve Denizk\u00f6yl\u00fc vatanda\u015flar kat\u0131ld\u0131. Denizk\u00f6yl\u00fc vatanda\u015flara yemek ikram eden Ba\u015fkan Gen\u00e7ay, &#8220;Denizk\u00f6y Mahallemizde d\u00fczenledi\u011fimiz iftar program\u0131m\u0131zda hem\u015fehrilerimizle bir araya geldik. Dayan\u0131\u015fman\u0131n ve payla\u015fman\u0131n g\u00fcc\u00fcyle, Didim\u2019in her k\u00f6\u015fesinde ayn\u0131 sofran\u0131n etraf\u0131nda birle\u015fmeye devam edece\u011fiz&#8221; dedi.<br \/>\n18.03.2025<\/p>\n","protected":false},"excerpt":{"rendered":"<p>Ramazan ay\u0131 dolay\u0131s\u0131yla Didim Belediyesi, Didimli vatanda\u015flar\u0131 iftar sofralar\u0131nda bulu\u015fturmaya devam ediyor. Didim Belediyesi taraf\u0131ndan Denizk\u00f6y Mahallesi\u2019nde iftar program\u0131 ger\u00e7ekle\u015ftirildi. Programa Didim Belediye Ba\u015fkan\u0131 Hatice Gen\u00e7ay, Belediye Ba\u015fkan Yard\u0131mc\u0131s\u0131 Aydan A\u015f\u0131k Turgut, Belediye Meclis \u00dcyeleri, Belediye Birim Amirleri, Denizk\u00f6y Mahalle Muhtar\u0131 Nurettin Y\u0131lmaz ve Denizk\u00f6yl\u00fc vatanda\u015flar kat\u0131ld\u0131. Denizk\u00f6yl\u00fc vatanda\u015flara yemek ikram eden Ba\u015fkan Gen\u00e7ay, &#8220;Denizk\u00f6y [&hellip;]<\/p>\n","protected":false},"author":1,"featured_media":4241,"comment_status":"open","ping_status":"open","sticky":false,"template":"","format":"standard","meta":{"footnotes":""},"categories":[45],"tags":[],"class_list":["post-4240","post","type-post","status-publish","format-standard","has-post-thumbnail","hentry","category-gundem"],"yoast_head":"<!-- This site is optimized with the Yoast SEO plugin v27.4 - https:\/\/yoast.com\/product\/yoast-seo-wordpress\/ -->\n<title>Didim Belediyesi vatanda\u015flar\u0131 iftar sofralar\u0131nda bulu\u015fturuyor - Memurun Sesi<\/title>\n<meta name=\"robots\" content=\"index, follow, max-snippet:-1, max-image-preview:large, max-video-preview:-1\" \/>\n<link rel=\"canonical\" href=\"https:\/\/memurunsesi.net\/index.php\/2025\/03\/18\/didim-belediyesi-vatandaslari-iftar-sofralarinda-bulusturuyor\/\" \/>\n<meta property=\"og:locale\" content=\"tr_TR\" \/>\n<meta property=\"og:type\" content=\"article\" \/>\n<meta property=\"og:title\" content=\"Didim Belediyesi vatanda\u015flar\u0131 iftar sofralar\u0131nda bulu\u015fturuyor - Memurun Sesi\" \/>\n<meta property=\"og:description\" content=\"Ramazan ay\u0131 dolay\u0131s\u0131yla Didim Belediyesi, Didimli vatanda\u015flar\u0131 iftar sofralar\u0131nda bulu\u015fturmaya devam ediyor. Didim Belediyesi taraf\u0131ndan Denizk\u00f6y Mahallesi\u2019nde iftar program\u0131 ger\u00e7ekle\u015ftirildi. Programa Didim Belediye Ba\u015fkan\u0131 Hatice Gen\u00e7ay, Belediye Ba\u015fkan Yard\u0131mc\u0131s\u0131 Aydan A\u015f\u0131k Turgut, Belediye Meclis \u00dcyeleri, Belediye Birim Amirleri, Denizk\u00f6y Mahalle Muhtar\u0131 Nurettin Y\u0131lmaz ve Denizk\u00f6yl\u00fc vatanda\u015flar kat\u0131ld\u0131. Denizk\u00f6yl\u00fc vatanda\u015flara yemek ikram eden Ba\u015fkan Gen\u00e7ay, &#8220;Denizk\u00f6y [&hellip;]\" \/>\n<meta property=\"og:url\" content=\"https:\/\/memurunsesi.net\/index.php\/2025\/03\/18\/didim-belediyesi-vatandaslari-iftar-sofralarinda-bulusturuyor\/\" \/>\n<meta property=\"og:site_name\" content=\"Memurun Sesi\" \/>\n<meta property=\"article:publisher\" content=\"https:\/\/www.facebook.com\/unipersen\/?locale=tr_TR\" \/>\n<meta property=\"article:published_time\" content=\"2025-03-18T06:03:34+00:00\" \/>\n<meta property=\"og:image\" content=\"https:\/\/memurunsesi.net\/wp-content\/uploads\/2025\/03\/AW414582_01.jpg\" \/>\n\t<meta property=\"og:image:width\" content=\"1440\" \/>\n\t<meta property=\"og:image:height\" content=\"960\" \/>\n\t<meta property=\"og:image:type\" content=\"image\/jpeg\" \/>\n<meta name=\"author\" content=\"Memurun Sesi Haber Merkezi\" \/>\n<meta name=\"twitter:card\" content=\"summary_large_image\" \/>\n<meta name=\"twitter:creator\" content=\"@unipersen\" \/>\n<meta name=\"twitter:site\" content=\"@unipersen\" \/>\n<meta name=\"twitter:label1\" content=\"Yazan:\" \/>\n\t<meta name=\"twitter:data1\" content=\"Memurun Sesi Haber Merkezi\" \/>\n\t<meta name=\"twitter:label2\" content=\"Tahmini okuma s\u00fcresi\" \/>\n\t<meta name=\"twitter:data2\" content=\"1 dakika\" \/>\n<script type=\"application\/ld+json\" class=\"yoast-schema-graph\">{\"@context\":\"https:\\\/\\\/schema.org\",\"@graph\":[{\"@type\":\"Article\",\"@id\":\"https:\\\/\\\/memurunsesi.net\\\/index.php\\\/2025\\\/03\\\/18\\\/didim-belediyesi-vatandaslari-iftar-sofralarinda-bulusturuyor\\\/#article\",\"isPartOf\":{\"@id\":\"https:\\\/\\\/memurunsesi.net\\\/index.php\\\/2025\\\/03\\\/18\\\/didim-belediyesi-vatandaslari-iftar-sofralarinda-bulusturuyor\\\/\"},\"author\":{\"name\":\"Memurun Sesi Haber Merkezi\",\"@id\":\"https:\\\/\\\/memurunsesi.net\\\/#\\\/schema\\\/person\\\/f21c2d73b89f6ee1d80b0a1803e38587\"},\"headline\":\"Didim Belediyesi vatanda\u015flar\u0131 iftar sofralar\u0131nda bulu\u015fturuyor\",\"datePublished\":\"2025-03-18T06:03:34+00:00\",\"mainEntityOfPage\":{\"@id\":\"https:\\\/\\\/memurunsesi.net\\\/index.php\\\/2025\\\/03\\\/18\\\/didim-belediyesi-vatandaslari-iftar-sofralarinda-bulusturuyor\\\/\"},\"wordCount\":129,\"commentCount\":0,\"publisher\":{\"@id\":\"https:\\\/\\\/memurunsesi.net\\\/#organization\"},\"image\":{\"@id\":\"https:\\\/\\\/memurunsesi.net\\\/index.php\\\/2025\\\/03\\\/18\\\/didim-belediyesi-vatandaslari-iftar-sofralarinda-bulusturuyor\\\/#primaryimage\"},\"thumbnailUrl\":\"https:\\\/\\\/memurunsesi.net\\\/wp-content\\\/uploads\\\/2025\\\/03\\\/AW414582_01.jpg\",\"articleSection\":[\"G\u00fcndem\"],\"inLanguage\":\"tr\",\"potentialAction\":[{\"@type\":\"CommentAction\",\"name\":\"Comment\",\"target\":[\"https:\\\/\\\/memurunsesi.net\\\/index.php\\\/2025\\\/03\\\/18\\\/didim-belediyesi-vatandaslari-iftar-sofralarinda-bulusturuyor\\\/#respond\"]}]},{\"@type\":\"WebPage\",\"@id\":\"https:\\\/\\\/memurunsesi.net\\\/index.php\\\/2025\\\/03\\\/18\\\/didim-belediyesi-vatandaslari-iftar-sofralarinda-bulusturuyor\\\/\",\"url\":\"https:\\\/\\\/memurunsesi.net\\\/index.php\\\/2025\\\/03\\\/18\\\/didim-belediyesi-vatandaslari-iftar-sofralarinda-bulusturuyor\\\/\",\"name\":\"Didim Belediyesi vatanda\u015flar\u0131 iftar sofralar\u0131nda bulu\u015fturuyor - Memurun Sesi\",\"isPartOf\":{\"@id\":\"https:\\\/\\\/memurunsesi.net\\\/#website\"},\"primaryImageOfPage\":{\"@id\":\"https:\\\/\\\/memurunsesi.net\\\/index.php\\\/2025\\\/03\\\/18\\\/didim-belediyesi-vatandaslari-iftar-sofralarinda-bulusturuyor\\\/#primaryimage\"},\"image\":{\"@id\":\"https:\\\/\\\/memurunsesi.net\\\/index.php\\\/2025\\\/03\\\/18\\\/didim-belediyesi-vatandaslari-iftar-sofralarinda-bulusturuyor\\\/#primaryimage\"},\"thumbnailUrl\":\"https:\\\/\\\/memurunsesi.net\\\/wp-content\\\/uploads\\\/2025\\\/03\\\/AW414582_01.jpg\",\"datePublished\":\"2025-03-18T06:03:34+00:00\",\"breadcrumb\":{\"@id\":\"https:\\\/\\\/memurunsesi.net\\\/index.php\\\/2025\\\/03\\\/18\\\/didim-belediyesi-vatandaslari-iftar-sofralarinda-bulusturuyor\\\/#breadcrumb\"},\"inLanguage\":\"tr\",\"potentialAction\":[{\"@type\":\"ReadAction\",\"target\":[\"https:\\\/\\\/memurunsesi.net\\\/index.php\\\/2025\\\/03\\\/18\\\/didim-belediyesi-vatandaslari-iftar-sofralarinda-bulusturuyor\\\/\"]}]},{\"@type\":\"ImageObject\",\"inLanguage\":\"tr\",\"@id\":\"https:\\\/\\\/memurunsesi.net\\\/index.php\\\/2025\\\/03\\\/18\\\/didim-belediyesi-vatandaslari-iftar-sofralarinda-bulusturuyor\\\/#primaryimage\",\"url\":\"https:\\\/\\\/memurunsesi.net\\\/wp-content\\\/uploads\\\/2025\\\/03\\\/AW414582_01.jpg\",\"contentUrl\":\"https:\\\/\\\/memurunsesi.net\\\/wp-content\\\/uploads\\\/2025\\\/03\\\/AW414582_01.jpg\",\"width\":1440,\"height\":960,\"caption\":\"RAMAZAN AYI DOLAYISIYLA D\u0130D\u0130M BELED\u0130YES\u0130, D\u0130D\u0130ML\u0130 VATANDA\u015eLARI \u0130FTAR SOFRALARINDA BULU\u015eTURMAYA DEVAM ED\u0130YOR. (MURAT U\u00c7KA\u00c7\\\/AYDIN-\u0130HA) Ramazan ay\u0131 dolay\u0131s\u0131yla Didim Belediyesi, Didimli vatanda\u015flar\u0131 iftar sofralar\u0131nda bulu\u015fturmaya devam ediyor.\"},{\"@type\":\"BreadcrumbList\",\"@id\":\"https:\\\/\\\/memurunsesi.net\\\/index.php\\\/2025\\\/03\\\/18\\\/didim-belediyesi-vatandaslari-iftar-sofralarinda-bulusturuyor\\\/#breadcrumb\",\"itemListElement\":[{\"@type\":\"ListItem\",\"position\":1,\"name\":\"Anasayfa\",\"item\":\"https:\\\/\\\/memurunsesi.net\\\/\"},{\"@type\":\"ListItem\",\"position\":2,\"name\":\"Didim Belediyesi vatanda\u015flar\u0131 iftar sofralar\u0131nda bulu\u015fturuyor\"}]},{\"@type\":\"WebSite\",\"@id\":\"https:\\\/\\\/memurunsesi.net\\\/#website\",\"url\":\"https:\\\/\\\/memurunsesi.net\\\/\",\"name\":\"Memurun Sesi\",\"description\":\"G\u00fcncel ve Do\u011fru Haber\",\"publisher\":{\"@id\":\"https:\\\/\\\/memurunsesi.net\\\/#organization\"},\"potentialAction\":[{\"@type\":\"SearchAction\",\"target\":{\"@type\":\"EntryPoint\",\"urlTemplate\":\"https:\\\/\\\/memurunsesi.net\\\/?s={search_term_string}\"},\"query-input\":{\"@type\":\"PropertyValueSpecification\",\"valueRequired\":true,\"valueName\":\"search_term_string\"}}],\"inLanguage\":\"tr\"},{\"@type\":\"Organization\",\"@id\":\"https:\\\/\\\/memurunsesi.net\\\/#organization\",\"name\":\"Memurun Sesi\",\"url\":\"https:\\\/\\\/memurunsesi.net\\\/\",\"logo\":{\"@type\":\"ImageObject\",\"inLanguage\":\"tr\",\"@id\":\"https:\\\/\\\/memurunsesi.net\\\/#\\\/schema\\\/logo\\\/image\\\/\",\"url\":\"https:\\\/\\\/memurunsesi.net\\\/wp-content\\\/uploads\\\/2025\\\/11\\\/cropped-MEMURUN-SESI.png\",\"contentUrl\":\"https:\\\/\\\/memurunsesi.net\\\/wp-content\\\/uploads\\\/2025\\\/11\\\/cropped-MEMURUN-SESI.png\",\"width\":238,\"height\":57,\"caption\":\"Memurun Sesi\"},\"image\":{\"@id\":\"https:\\\/\\\/memurunsesi.net\\\/#\\\/schema\\\/logo\\\/image\\\/\"},\"sameAs\":[\"https:\\\/\\\/www.facebook.com\\\/unipersen\\\/?locale=tr_TR\",\"https:\\\/\\\/x.com\\\/unipersen\"]},{\"@type\":\"Person\",\"@id\":\"https:\\\/\\\/memurunsesi.net\\\/#\\\/schema\\\/person\\\/f21c2d73b89f6ee1d80b0a1803e38587\",\"name\":\"Memurun Sesi Haber Merkezi\",\"image\":{\"@type\":\"ImageObject\",\"inLanguage\":\"tr\",\"@id\":\"https:\\\/\\\/secure.gravatar.com\\\/avatar\\\/6cf0505f452ee753f485014986fab09a434671d2b919ee76fc541025c5876a70?s=96&d=mm&r=g\",\"url\":\"https:\\\/\\\/secure.gravatar.com\\\/avatar\\\/6cf0505f452ee753f485014986fab09a434671d2b919ee76fc541025c5876a70?s=96&d=mm&r=g\",\"contentUrl\":\"https:\\\/\\\/secure.gravatar.com\\\/avatar\\\/6cf0505f452ee753f485014986fab09a434671d2b919ee76fc541025c5876a70?s=96&d=mm&r=g\",\"caption\":\"Memurun Sesi Haber Merkezi\"},\"sameAs\":[\"https:\\\/\\\/memurunsesi.net\"],\"url\":\"https:\\\/\\\/memurunsesi.net\\\/index.php\\\/author\\\/uniper\\\/\"}]}<\/script>\n<!-- \/ Yoast SEO plugin. -->","yoast_head_json":{"title":"Didim Belediyesi vatanda\u015flar\u0131 iftar sofralar\u0131nda bulu\u015fturuyor - Memurun Sesi","robots":{"index":"index","follow":"follow","max-snippet":"max-snippet:-1","max-image-preview":"max-image-preview:large","max-video-preview":"max-video-preview:-1"},"canonical":"https:\/\/memurunsesi.net\/index.php\/2025\/03\/18\/didim-belediyesi-vatandaslari-iftar-sofralarinda-bulusturuyor\/","og_locale":"tr_TR","og_type":"article","og_title":"Didim Belediyesi vatanda\u015flar\u0131 iftar sofralar\u0131nda bulu\u015fturuyor - Memurun Sesi","og_description":"Ramazan ay\u0131 dolay\u0131s\u0131yla Didim Belediyesi, Didimli vatanda\u015flar\u0131 iftar sofralar\u0131nda bulu\u015fturmaya devam ediyor. Didim Belediyesi taraf\u0131ndan Denizk\u00f6y Mahallesi\u2019nde iftar program\u0131 ger\u00e7ekle\u015ftirildi. Programa Didim Belediye Ba\u015fkan\u0131 Hatice Gen\u00e7ay, Belediye Ba\u015fkan Yard\u0131mc\u0131s\u0131 Aydan A\u015f\u0131k Turgut, Belediye Meclis \u00dcyeleri, Belediye Birim Amirleri, Denizk\u00f6y Mahalle Muhtar\u0131 Nurettin Y\u0131lmaz ve Denizk\u00f6yl\u00fc vatanda\u015flar kat\u0131ld\u0131. Denizk\u00f6yl\u00fc vatanda\u015flara yemek ikram eden Ba\u015fkan Gen\u00e7ay, &#8220;Denizk\u00f6y [&hellip;]","og_url":"https:\/\/memurunsesi.net\/index.php\/2025\/03\/18\/didim-belediyesi-vatandaslari-iftar-sofralarinda-bulusturuyor\/","og_site_name":"Memurun Sesi","article_publisher":"https:\/\/www.facebook.com\/unipersen\/?locale=tr_TR","article_published_time":"2025-03-18T06:03:34+00:00","og_image":[{"width":1440,"height":960,"url":"https:\/\/memurunsesi.net\/wp-content\/uploads\/2025\/03\/AW414582_01.jpg","type":"image\/jpeg"}],"author":"Memurun Sesi Haber Merkezi","twitter_card":"summary_large_image","twitter_creator":"@unipersen","twitter_site":"@unipersen","twitter_misc":{"Yazan:":"Memurun Sesi Haber Merkezi","Tahmini okuma s\u00fcresi":"1 dakika"},"schema":{"@context":"https:\/\/schema.org","@graph":[{"@type":"Article","@id":"https:\/\/memurunsesi.net\/index.php\/2025\/03\/18\/didim-belediyesi-vatandaslari-iftar-sofralarinda-bulusturuyor\/#article","isPartOf":{"@id":"https:\/\/memurunsesi.net\/index.php\/2025\/03\/18\/didim-belediyesi-vatandaslari-iftar-sofralarinda-bulusturuyor\/"},"author":{"name":"Memurun Sesi Haber Merkezi","@id":"https:\/\/memurunsesi.net\/#\/schema\/person\/f21c2d73b89f6ee1d80b0a1803e38587"},"headline":"Didim Belediyesi vatanda\u015flar\u0131 iftar sofralar\u0131nda bulu\u015fturuyor","datePublished":"2025-03-18T06:03:34+00:00","mainEntityOfPage":{"@id":"https:\/\/memurunsesi.net\/index.php\/2025\/03\/18\/didim-belediyesi-vatandaslari-iftar-sofralarinda-bulusturuyor\/"},"wordCount":129,"commentCount":0,"publisher":{"@id":"https:\/\/memurunsesi.net\/#organization"},"image":{"@id":"https:\/\/memurunsesi.net\/index.php\/2025\/03\/18\/didim-belediyesi-vatandaslari-iftar-sofralarinda-bulusturuyor\/#primaryimage"},"thumbnailUrl":"https:\/\/memurunsesi.net\/wp-content\/uploads\/2025\/03\/AW414582_01.jpg","articleSection":["G\u00fcndem"],"inLanguage":"tr","potentialAction":[{"@type":"CommentAction","name":"Comment","target":["https:\/\/memurunsesi.net\/index.php\/2025\/03\/18\/didim-belediyesi-vatandaslari-iftar-sofralarinda-bulusturuyor\/#respond"]}]},{"@type":"WebPage","@id":"https:\/\/memurunsesi.net\/index.php\/2025\/03\/18\/didim-belediyesi-vatandaslari-iftar-sofralarinda-bulusturuyor\/","url":"https:\/\/memurunsesi.net\/index.php\/2025\/03\/18\/didim-belediyesi-vatandaslari-iftar-sofralarinda-bulusturuyor\/","name":"Didim Belediyesi vatanda\u015flar\u0131 iftar sofralar\u0131nda bulu\u015fturuyor - Memurun Sesi","isPartOf":{"@id":"https:\/\/memurunsesi.net\/#website"},"primaryImageOfPage":{"@id":"https:\/\/memurunsesi.net\/index.php\/2025\/03\/18\/didim-belediyesi-vatandaslari-iftar-sofralarinda-bulusturuyor\/#primaryimage"},"image":{"@id":"https:\/\/memurunsesi.net\/index.php\/2025\/03\/18\/didim-belediyesi-vatandaslari-iftar-sofralarinda-bulusturuyor\/#primaryimage"},"thumbnailUrl":"https:\/\/memurunsesi.net\/wp-content\/uploads\/2025\/03\/AW414582_01.jpg","datePublished":"2025-03-18T06:03:34+00:00","breadcrumb":{"@id":"https:\/\/memurunsesi.net\/index.php\/2025\/03\/18\/didim-belediyesi-vatandaslari-iftar-sofralarinda-bulusturuyor\/#breadcrumb"},"inLanguage":"tr","potentialAction":[{"@type":"ReadAction","target":["https:\/\/memurunsesi.net\/index.php\/2025\/03\/18\/didim-belediyesi-vatandaslari-iftar-sofralarinda-bulusturuyor\/"]}]},{"@type":"ImageObject","inLanguage":"tr","@id":"https:\/\/memurunsesi.net\/index.php\/2025\/03\/18\/didim-belediyesi-vatandaslari-iftar-sofralarinda-bulusturuyor\/#primaryimage","url":"https:\/\/memurunsesi.net\/wp-content\/uploads\/2025\/03\/AW414582_01.jpg","contentUrl":"https:\/\/memurunsesi.net\/wp-content\/uploads\/2025\/03\/AW414582_01.jpg","width":1440,"height":960,"caption":"RAMAZAN AYI DOLAYISIYLA D\u0130D\u0130M BELED\u0130YES\u0130, D\u0130D\u0130ML\u0130 VATANDA\u015eLARI \u0130FTAR SOFRALARINDA BULU\u015eTURMAYA DEVAM ED\u0130YOR. (MURAT U\u00c7KA\u00c7\/AYDIN-\u0130HA) Ramazan ay\u0131 dolay\u0131s\u0131yla Didim Belediyesi, Didimli vatanda\u015flar\u0131 iftar sofralar\u0131nda bulu\u015fturmaya devam ediyor."},{"@type":"BreadcrumbList","@id":"https:\/\/memurunsesi.net\/index.php\/2025\/03\/18\/didim-belediyesi-vatandaslari-iftar-sofralarinda-bulusturuyor\/#breadcrumb","itemListElement":[{"@type":"ListItem","position":1,"name":"Anasayfa","item":"https:\/\/memurunsesi.net\/"},{"@type":"ListItem","position":2,"name":"Didim Belediyesi vatanda\u015flar\u0131 iftar sofralar\u0131nda bulu\u015fturuyor"}]},{"@type":"WebSite","@id":"https:\/\/memurunsesi.net\/#website","url":"https:\/\/memurunsesi.net\/","name":"Memurun Sesi","description":"G\u00fcncel ve Do\u011fru Haber","publisher":{"@id":"https:\/\/memurunsesi.net\/#organization"},"potentialAction":[{"@type":"SearchAction","target":{"@type":"EntryPoint","urlTemplate":"https:\/\/memurunsesi.net\/?s={search_term_string}"},"query-input":{"@type":"PropertyValueSpecification","valueRequired":true,"valueName":"search_term_string"}}],"inLanguage":"tr"},{"@type":"Organization","@id":"https:\/\/memurunsesi.net\/#organization","name":"Memurun Sesi","url":"https:\/\/memurunsesi.net\/","logo":{"@type":"ImageObject","inLanguage":"tr","@id":"https:\/\/memurunsesi.net\/#\/schema\/logo\/image\/","url":"https:\/\/memurunsesi.net\/wp-content\/uploads\/2025\/11\/cropped-MEMURUN-SESI.png","contentUrl":"https:\/\/memurunsesi.net\/wp-content\/uploads\/2025\/11\/cropped-MEMURUN-SESI.png","width":238,"height":57,"caption":"Memurun Sesi"},"image":{"@id":"https:\/\/memurunsesi.net\/#\/schema\/logo\/image\/"},"sameAs":["https:\/\/www.facebook.com\/unipersen\/?locale=tr_TR","https:\/\/x.com\/unipersen"]},{"@type":"Person","@id":"https:\/\/memurunsesi.net\/#\/schema\/person\/f21c2d73b89f6ee1d80b0a1803e38587","name":"Memurun Sesi Haber Merkezi","image":{"@type":"ImageObject","inLanguage":"tr","@id":"https:\/\/secure.gravatar.com\/avatar\/6cf0505f452ee753f485014986fab09a434671d2b919ee76fc541025c5876a70?s=96&d=mm&r=g","url":"https:\/\/secure.gravatar.com\/avatar\/6cf0505f452ee753f485014986fab09a434671d2b919ee76fc541025c5876a70?s=96&d=mm&r=g","contentUrl":"https:\/\/secure.gravatar.com\/avatar\/6cf0505f452ee753f485014986fab09a434671d2b919ee76fc541025c5876a70?s=96&d=mm&r=g","caption":"Memurun Sesi Haber Merkezi"},"sameAs":["https:\/\/memurunsesi.net"],"url":"https:\/\/memurunsesi.net\/index.php\/author\/uniper\/"}]}},"_links":{"self":[{"href":"https:\/\/memurunsesi.net\/index.php\/wp-json\/wp\/v2\/posts\/4240","targetHints":{"allow":["GET"]}}],"collection":[{"href":"https:\/\/memurunsesi.net\/index.php\/wp-json\/wp\/v2\/posts"}],"about":[{"href":"https:\/\/memurunsesi.net\/index.php\/wp-json\/wp\/v2\/types\/post"}],"author":[{"embeddable":true,"href":"https:\/\/memurunsesi.net\/index.php\/wp-json\/wp\/v2\/users\/1"}],"replies":[{"embeddable":true,"href":"https:\/\/memurunsesi.net\/index.php\/wp-json\/wp\/v2\/comments?post=4240"}],"version-history":[{"count":1,"href":"https:\/\/memurunsesi.net\/index.php\/wp-json\/wp\/v2\/posts\/4240\/revisions"}],"predecessor-version":[{"id":4242,"href":"https:\/\/memurunsesi.net\/index.php\/wp-json\/wp\/v2\/posts\/4240\/revisions\/4242"}],"wp:featuredmedia":[{"embeddable":true,"href":"https:\/\/memurunsesi.net\/index.php\/wp-json\/wp\/v2\/media\/4241"}],"wp:attachment":[{"href":"https:\/\/memurunsesi.net\/index.php\/wp-json\/wp\/v2\/media?parent=4240"}],"wp:term":[{"taxonomy":"category","embeddable":true,"href":"https:\/\/memurunsesi.net\/index.php\/wp-json\/wp\/v2\/categories?post=4240"},{"taxonomy":"post_tag","embeddable":true,"href":"https:\/\/memurunsesi.net\/index.php\/wp-json\/wp\/v2\/tags?post=4240"}],"curies":[{"name":"wp","href":"https:\/\/api.w.org\/{rel}","templated":true}]}}