{"id":4356,"date":"2025-03-24T10:02:46","date_gmt":"2025-03-24T07:02:46","guid":{"rendered":"https:\/\/memurunsesi.net\/?p=4356"},"modified":"2025-03-24T10:02:46","modified_gmt":"2025-03-24T07:02:46","slug":"uzmanlardan-bayramda-beslenme-uyarisi","status":"publish","type":"post","link":"https:\/\/memurunsesi.net\/index.php\/2025\/03\/24\/uzmanlardan-bayramda-beslenme-uyarisi\/","title":{"rendered":"Uzmanlardan bayramda beslenme uyar\u0131s\u0131"},"content":{"rendered":"<p>Uzmanlar, yakla\u015fan Ramazan Bayram\u0131 \u00f6ncesi t\u00fcketimin g\u00fcne yay\u0131lmas\u0131 \u00f6nerisinde bulundu.<br \/>\nYe\u015filyurt \u00c7armuzu Sa\u011fl\u0131kl\u0131 Hayat Merkezi&#8217;nde g\u00f6rev yapan Diyetisyen Hekim Faruk Atalan, Ramazan ay\u0131nda beslenme al\u0131\u015fkanl\u0131klar\u0131n\u0131n de\u011fi\u015fti\u011fini kaydederek, bayramla birlikte bu al\u0131\u015fkanl\u0131klarda yeniden bir de\u011fi\u015fim s\u00f6z konusu olaca\u011f\u0131n\u0131, t\u00fcketimin belirli aral\u0131klarla ger\u00e7ekle\u015ftirilmesinin \u00f6nemine vurgu yapt\u0131. Bayramda kahvalt\u0131n\u0131n g\u00fcn\u00fcn en \u00f6nemli ayr\u0131nt\u0131s\u0131 oldu\u011funu belirten Faruk Atalan, k\u0131zartma ve hamur \u00fcr\u00fcnlerinden uzak durulmas\u0131 gerekti\u011fini s\u00f6yledi.<\/p>\n<p>&#8220;Azar azar s\u0131k s\u0131k t\u00fcketim&#8221;<br \/>\nT\u00fcketimin g\u00fcne yay\u0131larak azar azar ger\u00e7ekle\u015ftirilmesinin gerekti\u011fini ifade eden Atalan, yatmadan 4 saat \u00f6nce de t\u00fcketime son verilmesinin \u00f6nemli bir beslenme al\u0131\u015fkanl\u0131\u011f\u0131 oldu\u011funu belirtti.<\/p>\n<p>24.03.2025<\/p>\n","protected":false},"excerpt":{"rendered":"<p>Uzmanlar, yakla\u015fan Ramazan Bayram\u0131 \u00f6ncesi t\u00fcketimin g\u00fcne yay\u0131lmas\u0131 \u00f6nerisinde bulundu. Ye\u015filyurt \u00c7armuzu Sa\u011fl\u0131kl\u0131 Hayat Merkezi&#8217;nde g\u00f6rev yapan Diyetisyen Hekim Faruk Atalan, Ramazan ay\u0131nda beslenme al\u0131\u015fkanl\u0131klar\u0131n\u0131n de\u011fi\u015fti\u011fini kaydederek, bayramla birlikte bu al\u0131\u015fkanl\u0131klarda yeniden bir de\u011fi\u015fim s\u00f6z konusu olaca\u011f\u0131n\u0131, t\u00fcketimin belirli aral\u0131klarla ger\u00e7ekle\u015ftirilmesinin \u00f6nemine vurgu yapt\u0131. Bayramda kahvalt\u0131n\u0131n g\u00fcn\u00fcn en \u00f6nemli ayr\u0131nt\u0131s\u0131 oldu\u011funu belirten Faruk Atalan, k\u0131zartma [&hellip;]<\/p>\n","protected":false},"author":1,"featured_media":4357,"comment_status":"open","ping_status":"open","sticky":false,"template":"","format":"standard","meta":{"footnotes":""},"categories":[45],"tags":[],"class_list":["post-4356","post","type-post","status-publish","format-standard","has-post-thumbnail","hentry","category-gundem"],"yoast_head":"<!-- This site is optimized with the Yoast SEO plugin v27.4 - https:\/\/yoast.com\/product\/yoast-seo-wordpress\/ -->\n<title>Uzmanlardan bayramda beslenme uyar\u0131s\u0131 - Memurun Sesi<\/title>\n<meta name=\"robots\" content=\"index, follow, max-snippet:-1, max-image-preview:large, max-video-preview:-1\" \/>\n<link rel=\"canonical\" href=\"https:\/\/memurunsesi.net\/index.php\/2025\/03\/24\/uzmanlardan-bayramda-beslenme-uyarisi\/\" \/>\n<meta property=\"og:locale\" content=\"tr_TR\" \/>\n<meta property=\"og:type\" content=\"article\" \/>\n<meta property=\"og:title\" content=\"Uzmanlardan bayramda beslenme uyar\u0131s\u0131 - Memurun Sesi\" \/>\n<meta property=\"og:description\" content=\"Uzmanlar, yakla\u015fan Ramazan Bayram\u0131 \u00f6ncesi t\u00fcketimin g\u00fcne yay\u0131lmas\u0131 \u00f6nerisinde bulundu. Ye\u015filyurt \u00c7armuzu Sa\u011fl\u0131kl\u0131 Hayat Merkezi&#8217;nde g\u00f6rev yapan Diyetisyen Hekim Faruk Atalan, Ramazan ay\u0131nda beslenme al\u0131\u015fkanl\u0131klar\u0131n\u0131n de\u011fi\u015fti\u011fini kaydederek, bayramla birlikte bu al\u0131\u015fkanl\u0131klarda yeniden bir de\u011fi\u015fim s\u00f6z konusu olaca\u011f\u0131n\u0131, t\u00fcketimin belirli aral\u0131klarla ger\u00e7ekle\u015ftirilmesinin \u00f6nemine vurgu yapt\u0131. Bayramda kahvalt\u0131n\u0131n g\u00fcn\u00fcn en \u00f6nemli ayr\u0131nt\u0131s\u0131 oldu\u011funu belirten Faruk Atalan, k\u0131zartma [&hellip;]\" \/>\n<meta property=\"og:url\" content=\"https:\/\/memurunsesi.net\/index.php\/2025\/03\/24\/uzmanlardan-bayramda-beslenme-uyarisi\/\" \/>\n<meta property=\"og:site_name\" content=\"Memurun Sesi\" \/>\n<meta property=\"article:publisher\" content=\"https:\/\/www.facebook.com\/unipersen\/?locale=tr_TR\" \/>\n<meta property=\"article:published_time\" content=\"2025-03-24T07:02:46+00:00\" \/>\n<meta property=\"og:image\" content=\"https:\/\/memurunsesi.net\/wp-content\/uploads\/2025\/03\/AW418743_01-scaled.jpg\" \/>\n\t<meta property=\"og:image:width\" content=\"2560\" \/>\n\t<meta property=\"og:image:height\" content=\"1440\" \/>\n\t<meta property=\"og:image:type\" content=\"image\/jpeg\" \/>\n<meta name=\"author\" content=\"Memurun Sesi Haber Merkezi\" \/>\n<meta name=\"twitter:card\" content=\"summary_large_image\" \/>\n<meta name=\"twitter:creator\" content=\"@unipersen\" \/>\n<meta name=\"twitter:site\" content=\"@unipersen\" \/>\n<meta name=\"twitter:label1\" content=\"Yazan:\" \/>\n\t<meta name=\"twitter:data1\" content=\"Memurun Sesi Haber Merkezi\" \/>\n\t<meta name=\"twitter:label2\" content=\"Tahmini okuma s\u00fcresi\" \/>\n\t<meta name=\"twitter:data2\" content=\"1 dakika\" \/>\n<script type=\"application\/ld+json\" class=\"yoast-schema-graph\">{\"@context\":\"https:\\\/\\\/schema.org\",\"@graph\":[{\"@type\":\"Article\",\"@id\":\"https:\\\/\\\/memurunsesi.net\\\/index.php\\\/2025\\\/03\\\/24\\\/uzmanlardan-bayramda-beslenme-uyarisi\\\/#article\",\"isPartOf\":{\"@id\":\"https:\\\/\\\/memurunsesi.net\\\/index.php\\\/2025\\\/03\\\/24\\\/uzmanlardan-bayramda-beslenme-uyarisi\\\/\"},\"author\":{\"name\":\"Memurun Sesi Haber Merkezi\",\"@id\":\"https:\\\/\\\/memurunsesi.net\\\/#\\\/schema\\\/person\\\/f21c2d73b89f6ee1d80b0a1803e38587\"},\"headline\":\"Uzmanlardan bayramda beslenme uyar\u0131s\u0131\",\"datePublished\":\"2025-03-24T07:02:46+00:00\",\"mainEntityOfPage\":{\"@id\":\"https:\\\/\\\/memurunsesi.net\\\/index.php\\\/2025\\\/03\\\/24\\\/uzmanlardan-bayramda-beslenme-uyarisi\\\/\"},\"wordCount\":145,\"commentCount\":0,\"publisher\":{\"@id\":\"https:\\\/\\\/memurunsesi.net\\\/#organization\"},\"image\":{\"@id\":\"https:\\\/\\\/memurunsesi.net\\\/index.php\\\/2025\\\/03\\\/24\\\/uzmanlardan-bayramda-beslenme-uyarisi\\\/#primaryimage\"},\"thumbnailUrl\":\"https:\\\/\\\/memurunsesi.net\\\/wp-content\\\/uploads\\\/2025\\\/03\\\/AW418743_01-scaled.jpg\",\"articleSection\":[\"G\u00fcndem\"],\"inLanguage\":\"tr\",\"potentialAction\":[{\"@type\":\"CommentAction\",\"name\":\"Comment\",\"target\":[\"https:\\\/\\\/memurunsesi.net\\\/index.php\\\/2025\\\/03\\\/24\\\/uzmanlardan-bayramda-beslenme-uyarisi\\\/#respond\"]}]},{\"@type\":\"WebPage\",\"@id\":\"https:\\\/\\\/memurunsesi.net\\\/index.php\\\/2025\\\/03\\\/24\\\/uzmanlardan-bayramda-beslenme-uyarisi\\\/\",\"url\":\"https:\\\/\\\/memurunsesi.net\\\/index.php\\\/2025\\\/03\\\/24\\\/uzmanlardan-bayramda-beslenme-uyarisi\\\/\",\"name\":\"Uzmanlardan bayramda beslenme uyar\u0131s\u0131 - Memurun Sesi\",\"isPartOf\":{\"@id\":\"https:\\\/\\\/memurunsesi.net\\\/#website\"},\"primaryImageOfPage\":{\"@id\":\"https:\\\/\\\/memurunsesi.net\\\/index.php\\\/2025\\\/03\\\/24\\\/uzmanlardan-bayramda-beslenme-uyarisi\\\/#primaryimage\"},\"image\":{\"@id\":\"https:\\\/\\\/memurunsesi.net\\\/index.php\\\/2025\\\/03\\\/24\\\/uzmanlardan-bayramda-beslenme-uyarisi\\\/#primaryimage\"},\"thumbnailUrl\":\"https:\\\/\\\/memurunsesi.net\\\/wp-content\\\/uploads\\\/2025\\\/03\\\/AW418743_01-scaled.jpg\",\"datePublished\":\"2025-03-24T07:02:46+00:00\",\"breadcrumb\":{\"@id\":\"https:\\\/\\\/memurunsesi.net\\\/index.php\\\/2025\\\/03\\\/24\\\/uzmanlardan-bayramda-beslenme-uyarisi\\\/#breadcrumb\"},\"inLanguage\":\"tr\",\"potentialAction\":[{\"@type\":\"ReadAction\",\"target\":[\"https:\\\/\\\/memurunsesi.net\\\/index.php\\\/2025\\\/03\\\/24\\\/uzmanlardan-bayramda-beslenme-uyarisi\\\/\"]}]},{\"@type\":\"ImageObject\",\"inLanguage\":\"tr\",\"@id\":\"https:\\\/\\\/memurunsesi.net\\\/index.php\\\/2025\\\/03\\\/24\\\/uzmanlardan-bayramda-beslenme-uyarisi\\\/#primaryimage\",\"url\":\"https:\\\/\\\/memurunsesi.net\\\/wp-content\\\/uploads\\\/2025\\\/03\\\/AW418743_01-scaled.jpg\",\"contentUrl\":\"https:\\\/\\\/memurunsesi.net\\\/wp-content\\\/uploads\\\/2025\\\/03\\\/AW418743_01-scaled.jpg\",\"width\":2560,\"height\":1440,\"caption\":\"D\u0130YET\u0130SYEN HEK\u0130M FARUK ATALAN (HASAN ERYILMAZ\\\/MALATYA-\u0130HA) Uzmanlar, yakla\u015fan Ramazan Bayram\u0131 \u00f6ncesi t\u00fcketimin g\u00fcne yay\u0131lmas\u0131 \u00f6nerisinde bulundu.\"},{\"@type\":\"BreadcrumbList\",\"@id\":\"https:\\\/\\\/memurunsesi.net\\\/index.php\\\/2025\\\/03\\\/24\\\/uzmanlardan-bayramda-beslenme-uyarisi\\\/#breadcrumb\",\"itemListElement\":[{\"@type\":\"ListItem\",\"position\":1,\"name\":\"Anasayfa\",\"item\":\"https:\\\/\\\/memurunsesi.net\\\/\"},{\"@type\":\"ListItem\",\"position\":2,\"name\":\"Uzmanlardan bayramda beslenme uyar\u0131s\u0131\"}]},{\"@type\":\"WebSite\",\"@id\":\"https:\\\/\\\/memurunsesi.net\\\/#website\",\"url\":\"https:\\\/\\\/memurunsesi.net\\\/\",\"name\":\"Memurun Sesi\",\"description\":\"G\u00fcncel ve Do\u011fru Haber\",\"publisher\":{\"@id\":\"https:\\\/\\\/memurunsesi.net\\\/#organization\"},\"potentialAction\":[{\"@type\":\"SearchAction\",\"target\":{\"@type\":\"EntryPoint\",\"urlTemplate\":\"https:\\\/\\\/memurunsesi.net\\\/?s={search_term_string}\"},\"query-input\":{\"@type\":\"PropertyValueSpecification\",\"valueRequired\":true,\"valueName\":\"search_term_string\"}}],\"inLanguage\":\"tr\"},{\"@type\":\"Organization\",\"@id\":\"https:\\\/\\\/memurunsesi.net\\\/#organization\",\"name\":\"Memurun Sesi\",\"url\":\"https:\\\/\\\/memurunsesi.net\\\/\",\"logo\":{\"@type\":\"ImageObject\",\"inLanguage\":\"tr\",\"@id\":\"https:\\\/\\\/memurunsesi.net\\\/#\\\/schema\\\/logo\\\/image\\\/\",\"url\":\"https:\\\/\\\/memurunsesi.net\\\/wp-content\\\/uploads\\\/2025\\\/11\\\/cropped-MEMURUN-SESI.png\",\"contentUrl\":\"https:\\\/\\\/memurunsesi.net\\\/wp-content\\\/uploads\\\/2025\\\/11\\\/cropped-MEMURUN-SESI.png\",\"width\":238,\"height\":57,\"caption\":\"Memurun Sesi\"},\"image\":{\"@id\":\"https:\\\/\\\/memurunsesi.net\\\/#\\\/schema\\\/logo\\\/image\\\/\"},\"sameAs\":[\"https:\\\/\\\/www.facebook.com\\\/unipersen\\\/?locale=tr_TR\",\"https:\\\/\\\/x.com\\\/unipersen\"]},{\"@type\":\"Person\",\"@id\":\"https:\\\/\\\/memurunsesi.net\\\/#\\\/schema\\\/person\\\/f21c2d73b89f6ee1d80b0a1803e38587\",\"name\":\"Memurun Sesi Haber Merkezi\",\"image\":{\"@type\":\"ImageObject\",\"inLanguage\":\"tr\",\"@id\":\"https:\\\/\\\/secure.gravatar.com\\\/avatar\\\/6cf0505f452ee753f485014986fab09a434671d2b919ee76fc541025c5876a70?s=96&d=mm&r=g\",\"url\":\"https:\\\/\\\/secure.gravatar.com\\\/avatar\\\/6cf0505f452ee753f485014986fab09a434671d2b919ee76fc541025c5876a70?s=96&d=mm&r=g\",\"contentUrl\":\"https:\\\/\\\/secure.gravatar.com\\\/avatar\\\/6cf0505f452ee753f485014986fab09a434671d2b919ee76fc541025c5876a70?s=96&d=mm&r=g\",\"caption\":\"Memurun Sesi Haber Merkezi\"},\"sameAs\":[\"https:\\\/\\\/memurunsesi.net\"],\"url\":\"https:\\\/\\\/memurunsesi.net\\\/index.php\\\/author\\\/uniper\\\/\"}]}<\/script>\n<!-- \/ Yoast SEO plugin. -->","yoast_head_json":{"title":"Uzmanlardan bayramda beslenme uyar\u0131s\u0131 - Memurun Sesi","robots":{"index":"index","follow":"follow","max-snippet":"max-snippet:-1","max-image-preview":"max-image-preview:large","max-video-preview":"max-video-preview:-1"},"canonical":"https:\/\/memurunsesi.net\/index.php\/2025\/03\/24\/uzmanlardan-bayramda-beslenme-uyarisi\/","og_locale":"tr_TR","og_type":"article","og_title":"Uzmanlardan bayramda beslenme uyar\u0131s\u0131 - Memurun Sesi","og_description":"Uzmanlar, yakla\u015fan Ramazan Bayram\u0131 \u00f6ncesi t\u00fcketimin g\u00fcne yay\u0131lmas\u0131 \u00f6nerisinde bulundu. Ye\u015filyurt \u00c7armuzu Sa\u011fl\u0131kl\u0131 Hayat Merkezi&#8217;nde g\u00f6rev yapan Diyetisyen Hekim Faruk Atalan, Ramazan ay\u0131nda beslenme al\u0131\u015fkanl\u0131klar\u0131n\u0131n de\u011fi\u015fti\u011fini kaydederek, bayramla birlikte bu al\u0131\u015fkanl\u0131klarda yeniden bir de\u011fi\u015fim s\u00f6z konusu olaca\u011f\u0131n\u0131, t\u00fcketimin belirli aral\u0131klarla ger\u00e7ekle\u015ftirilmesinin \u00f6nemine vurgu yapt\u0131. Bayramda kahvalt\u0131n\u0131n g\u00fcn\u00fcn en \u00f6nemli ayr\u0131nt\u0131s\u0131 oldu\u011funu belirten Faruk Atalan, k\u0131zartma [&hellip;]","og_url":"https:\/\/memurunsesi.net\/index.php\/2025\/03\/24\/uzmanlardan-bayramda-beslenme-uyarisi\/","og_site_name":"Memurun Sesi","article_publisher":"https:\/\/www.facebook.com\/unipersen\/?locale=tr_TR","article_published_time":"2025-03-24T07:02:46+00:00","og_image":[{"width":2560,"height":1440,"url":"https:\/\/memurunsesi.net\/wp-content\/uploads\/2025\/03\/AW418743_01-scaled.jpg","type":"image\/jpeg"}],"author":"Memurun Sesi Haber Merkezi","twitter_card":"summary_large_image","twitter_creator":"@unipersen","twitter_site":"@unipersen","twitter_misc":{"Yazan:":"Memurun Sesi Haber Merkezi","Tahmini okuma s\u00fcresi":"1 dakika"},"schema":{"@context":"https:\/\/schema.org","@graph":[{"@type":"Article","@id":"https:\/\/memurunsesi.net\/index.php\/2025\/03\/24\/uzmanlardan-bayramda-beslenme-uyarisi\/#article","isPartOf":{"@id":"https:\/\/memurunsesi.net\/index.php\/2025\/03\/24\/uzmanlardan-bayramda-beslenme-uyarisi\/"},"author":{"name":"Memurun Sesi Haber Merkezi","@id":"https:\/\/memurunsesi.net\/#\/schema\/person\/f21c2d73b89f6ee1d80b0a1803e38587"},"headline":"Uzmanlardan bayramda beslenme uyar\u0131s\u0131","datePublished":"2025-03-24T07:02:46+00:00","mainEntityOfPage":{"@id":"https:\/\/memurunsesi.net\/index.php\/2025\/03\/24\/uzmanlardan-bayramda-beslenme-uyarisi\/"},"wordCount":145,"commentCount":0,"publisher":{"@id":"https:\/\/memurunsesi.net\/#organization"},"image":{"@id":"https:\/\/memurunsesi.net\/index.php\/2025\/03\/24\/uzmanlardan-bayramda-beslenme-uyarisi\/#primaryimage"},"thumbnailUrl":"https:\/\/memurunsesi.net\/wp-content\/uploads\/2025\/03\/AW418743_01-scaled.jpg","articleSection":["G\u00fcndem"],"inLanguage":"tr","potentialAction":[{"@type":"CommentAction","name":"Comment","target":["https:\/\/memurunsesi.net\/index.php\/2025\/03\/24\/uzmanlardan-bayramda-beslenme-uyarisi\/#respond"]}]},{"@type":"WebPage","@id":"https:\/\/memurunsesi.net\/index.php\/2025\/03\/24\/uzmanlardan-bayramda-beslenme-uyarisi\/","url":"https:\/\/memurunsesi.net\/index.php\/2025\/03\/24\/uzmanlardan-bayramda-beslenme-uyarisi\/","name":"Uzmanlardan bayramda beslenme uyar\u0131s\u0131 - Memurun Sesi","isPartOf":{"@id":"https:\/\/memurunsesi.net\/#website"},"primaryImageOfPage":{"@id":"https:\/\/memurunsesi.net\/index.php\/2025\/03\/24\/uzmanlardan-bayramda-beslenme-uyarisi\/#primaryimage"},"image":{"@id":"https:\/\/memurunsesi.net\/index.php\/2025\/03\/24\/uzmanlardan-bayramda-beslenme-uyarisi\/#primaryimage"},"thumbnailUrl":"https:\/\/memurunsesi.net\/wp-content\/uploads\/2025\/03\/AW418743_01-scaled.jpg","datePublished":"2025-03-24T07:02:46+00:00","breadcrumb":{"@id":"https:\/\/memurunsesi.net\/index.php\/2025\/03\/24\/uzmanlardan-bayramda-beslenme-uyarisi\/#breadcrumb"},"inLanguage":"tr","potentialAction":[{"@type":"ReadAction","target":["https:\/\/memurunsesi.net\/index.php\/2025\/03\/24\/uzmanlardan-bayramda-beslenme-uyarisi\/"]}]},{"@type":"ImageObject","inLanguage":"tr","@id":"https:\/\/memurunsesi.net\/index.php\/2025\/03\/24\/uzmanlardan-bayramda-beslenme-uyarisi\/#primaryimage","url":"https:\/\/memurunsesi.net\/wp-content\/uploads\/2025\/03\/AW418743_01-scaled.jpg","contentUrl":"https:\/\/memurunsesi.net\/wp-content\/uploads\/2025\/03\/AW418743_01-scaled.jpg","width":2560,"height":1440,"caption":"D\u0130YET\u0130SYEN HEK\u0130M FARUK ATALAN (HASAN ERYILMAZ\/MALATYA-\u0130HA) Uzmanlar, yakla\u015fan Ramazan Bayram\u0131 \u00f6ncesi t\u00fcketimin g\u00fcne yay\u0131lmas\u0131 \u00f6nerisinde bulundu."},{"@type":"BreadcrumbList","@id":"https:\/\/memurunsesi.net\/index.php\/2025\/03\/24\/uzmanlardan-bayramda-beslenme-uyarisi\/#breadcrumb","itemListElement":[{"@type":"ListItem","position":1,"name":"Anasayfa","item":"https:\/\/memurunsesi.net\/"},{"@type":"ListItem","position":2,"name":"Uzmanlardan bayramda beslenme uyar\u0131s\u0131"}]},{"@type":"WebSite","@id":"https:\/\/memurunsesi.net\/#website","url":"https:\/\/memurunsesi.net\/","name":"Memurun Sesi","description":"G\u00fcncel ve Do\u011fru Haber","publisher":{"@id":"https:\/\/memurunsesi.net\/#organization"},"potentialAction":[{"@type":"SearchAction","target":{"@type":"EntryPoint","urlTemplate":"https:\/\/memurunsesi.net\/?s={search_term_string}"},"query-input":{"@type":"PropertyValueSpecification","valueRequired":true,"valueName":"search_term_string"}}],"inLanguage":"tr"},{"@type":"Organization","@id":"https:\/\/memurunsesi.net\/#organization","name":"Memurun Sesi","url":"https:\/\/memurunsesi.net\/","logo":{"@type":"ImageObject","inLanguage":"tr","@id":"https:\/\/memurunsesi.net\/#\/schema\/logo\/image\/","url":"https:\/\/memurunsesi.net\/wp-content\/uploads\/2025\/11\/cropped-MEMURUN-SESI.png","contentUrl":"https:\/\/memurunsesi.net\/wp-content\/uploads\/2025\/11\/cropped-MEMURUN-SESI.png","width":238,"height":57,"caption":"Memurun Sesi"},"image":{"@id":"https:\/\/memurunsesi.net\/#\/schema\/logo\/image\/"},"sameAs":["https:\/\/www.facebook.com\/unipersen\/?locale=tr_TR","https:\/\/x.com\/unipersen"]},{"@type":"Person","@id":"https:\/\/memurunsesi.net\/#\/schema\/person\/f21c2d73b89f6ee1d80b0a1803e38587","name":"Memurun Sesi Haber Merkezi","image":{"@type":"ImageObject","inLanguage":"tr","@id":"https:\/\/secure.gravatar.com\/avatar\/6cf0505f452ee753f485014986fab09a434671d2b919ee76fc541025c5876a70?s=96&d=mm&r=g","url":"https:\/\/secure.gravatar.com\/avatar\/6cf0505f452ee753f485014986fab09a434671d2b919ee76fc541025c5876a70?s=96&d=mm&r=g","contentUrl":"https:\/\/secure.gravatar.com\/avatar\/6cf0505f452ee753f485014986fab09a434671d2b919ee76fc541025c5876a70?s=96&d=mm&r=g","caption":"Memurun Sesi Haber Merkezi"},"sameAs":["https:\/\/memurunsesi.net"],"url":"https:\/\/memurunsesi.net\/index.php\/author\/uniper\/"}]}},"_links":{"self":[{"href":"https:\/\/memurunsesi.net\/index.php\/wp-json\/wp\/v2\/posts\/4356","targetHints":{"allow":["GET"]}}],"collection":[{"href":"https:\/\/memurunsesi.net\/index.php\/wp-json\/wp\/v2\/posts"}],"about":[{"href":"https:\/\/memurunsesi.net\/index.php\/wp-json\/wp\/v2\/types\/post"}],"author":[{"embeddable":true,"href":"https:\/\/memurunsesi.net\/index.php\/wp-json\/wp\/v2\/users\/1"}],"replies":[{"embeddable":true,"href":"https:\/\/memurunsesi.net\/index.php\/wp-json\/wp\/v2\/comments?post=4356"}],"version-history":[{"count":1,"href":"https:\/\/memurunsesi.net\/index.php\/wp-json\/wp\/v2\/posts\/4356\/revisions"}],"predecessor-version":[{"id":4358,"href":"https:\/\/memurunsesi.net\/index.php\/wp-json\/wp\/v2\/posts\/4356\/revisions\/4358"}],"wp:featuredmedia":[{"embeddable":true,"href":"https:\/\/memurunsesi.net\/index.php\/wp-json\/wp\/v2\/media\/4357"}],"wp:attachment":[{"href":"https:\/\/memurunsesi.net\/index.php\/wp-json\/wp\/v2\/media?parent=4356"}],"wp:term":[{"taxonomy":"category","embeddable":true,"href":"https:\/\/memurunsesi.net\/index.php\/wp-json\/wp\/v2\/categories?post=4356"},{"taxonomy":"post_tag","embeddable":true,"href":"https:\/\/memurunsesi.net\/index.php\/wp-json\/wp\/v2\/tags?post=4356"}],"curies":[{"name":"wp","href":"https:\/\/api.w.org\/{rel}","templated":true}]}}