{"id":4361,"date":"2025-03-25T10:18:35","date_gmt":"2025-03-25T07:18:35","guid":{"rendered":"https:\/\/memurunsesi.net\/?p=4361"},"modified":"2025-03-25T10:18:35","modified_gmt":"2025-03-25T07:18:35","slug":"buzlari-cozulen-nazik-golunden-kartpostallik-goruntuler","status":"publish","type":"post","link":"https:\/\/memurunsesi.net\/index.php\/2025\/03\/25\/buzlari-cozulen-nazik-golunden-kartpostallik-goruntuler\/","title":{"rendered":"Buzlar\u0131 \u00e7\u00f6z\u00fclen Nazik G\u00f6l\u00fc\u2019nden kartpostall\u0131k g\u00f6r\u00fcnt\u00fcler"},"content":{"rendered":"<p>K\u0131\u015f mevsiminde \u015fiddetli so\u011fuk nedeniyle y\u00fczeyi buz tutan Bitlis\u2019in Ahlat il\u00e7esindeki Nazik G\u00f6l\u00fc\u2019n\u00fcn \u00e7\u00f6z\u00fclmesi ortaya kartpostall\u0131k g\u00f6r\u00fcnt\u00fcler \u00e7\u0131kard\u0131.<br \/>\nAhlat il\u00e7esine ba\u011fl\u0131 Ovak\u0131\u015fla beldesi ile Nazik, G\u00f6lg\u00f6ren, Dilburnu ve K\u0131r\u0131kkaya k\u00f6y\u00fc s\u0131n\u0131rlar\u0131 i\u00e7erisinde bulunan, 40 kilometrekarelik alana sahip olan ve her y\u0131l 2 ay s\u00fcreyle donan Nazik G\u00f6l\u00fc\u2019n\u00fcn \u00e7\u00f6z\u00fclmesiyle ortaya \u00e7\u0131kan muhte\u015fem manzara drone ile g\u00f6r\u00fcnt\u00fclendi. K\u0131\u015f aylar\u0131nda \u015fiddetli so\u011fuklarla 40 santimetre kal\u0131nl\u0131\u011f\u0131nda buz tutan g\u00f6l\u00fcn y\u00fczeyi mart ay\u0131 sonlar\u0131na do\u011fru \u00e7\u00f6z\u00fclmeye ba\u015fl\u0131yor. G\u00f6l y\u00fczeyindeki buz tabakas\u0131n\u0131n \u00e7\u00f6z\u00fclmesiyle birlikte b\u00fcy\u00fck k\u00fctleler halinde g\u00f6l y\u00fczeyinde y\u00fczen buz par\u00e7alar\u0131 ve aras\u0131nda avlanmaya \u00e7al\u0131\u015fan bal\u0131k\u00e7\u0131 tekneleri, seyrine g\u00fczel g\u00f6r\u00fcnt\u00fcler olu\u015fturuyor. Gezgin ve do\u011fa foto\u011fraf\u00e7\u0131lar\u0131 da g\u00f6l y\u00fczeyindeki b\u00fcy\u00fck k\u00fctleli buz par\u00e7alar\u0131n\u0131n ve bal\u0131k\u00e7\u0131 teknelerinin olu\u015fturdu\u011fu g\u00fczel desenleri dron ile g\u00f6r\u00fcnt\u00fcleyerek ar\u015fivlerine kat\u0131yor.<br \/>\nGezgin ve do\u011fasever Kenan G\u00fcl\u015fen, buzlar\u0131 \u00e7\u00f6z\u00fclen Nazik G\u00f6l\u00fc\u2019nde olu\u015fan manzaray\u0131 izlemenin keyif verici oldu\u011funu s\u00f6yledi. G\u00fcl\u015fen, &#8220;Nazik G\u00f6l\u00fc havalar\u0131n so\u011fumas\u0131yla birlikte donmu\u015ftu. Havalar\u0131n g\u00fczelle\u015fmesi ve bahar mevsiminin gelmesiyle birlikte \u00e7\u00f6z\u00fclmeler ba\u015flad\u0131. Biz de bu g\u00fczel an\u0131 seyretmeye foto\u011fraflamaya geldik&#8221; dedi.<\/p>\n<p>25.03.2025<\/p>\n","protected":false},"excerpt":{"rendered":"<p>K\u0131\u015f mevsiminde \u015fiddetli so\u011fuk nedeniyle y\u00fczeyi buz tutan Bitlis\u2019in Ahlat il\u00e7esindeki Nazik G\u00f6l\u00fc\u2019n\u00fcn \u00e7\u00f6z\u00fclmesi ortaya kartpostall\u0131k g\u00f6r\u00fcnt\u00fcler \u00e7\u0131kard\u0131. Ahlat il\u00e7esine ba\u011fl\u0131 Ovak\u0131\u015fla beldesi ile Nazik, G\u00f6lg\u00f6ren, Dilburnu ve K\u0131r\u0131kkaya k\u00f6y\u00fc s\u0131n\u0131rlar\u0131 i\u00e7erisinde bulunan, 40 kilometrekarelik alana sahip olan ve her y\u0131l 2 ay s\u00fcreyle donan Nazik G\u00f6l\u00fc\u2019n\u00fcn \u00e7\u00f6z\u00fclmesiyle ortaya \u00e7\u0131kan muhte\u015fem manzara drone ile g\u00f6r\u00fcnt\u00fclendi. [&hellip;]<\/p>\n","protected":false},"author":1,"featured_media":4362,"comment_status":"open","ping_status":"open","sticky":false,"template":"","format":"standard","meta":{"footnotes":""},"categories":[1],"tags":[],"class_list":["post-4361","post","type-post","status-publish","format-standard","has-post-thumbnail","hentry","category-genel"],"yoast_head":"<!-- This site is optimized with the Yoast SEO plugin v27.4 - https:\/\/yoast.com\/product\/yoast-seo-wordpress\/ -->\n<title>Buzlar\u0131 \u00e7\u00f6z\u00fclen Nazik G\u00f6l\u00fc\u2019nden kartpostall\u0131k g\u00f6r\u00fcnt\u00fcler - Memurun Sesi<\/title>\n<meta name=\"robots\" content=\"index, follow, max-snippet:-1, max-image-preview:large, max-video-preview:-1\" \/>\n<link rel=\"canonical\" href=\"https:\/\/memurunsesi.net\/index.php\/2025\/03\/25\/buzlari-cozulen-nazik-golunden-kartpostallik-goruntuler\/\" \/>\n<meta property=\"og:locale\" content=\"tr_TR\" \/>\n<meta property=\"og:type\" content=\"article\" \/>\n<meta property=\"og:title\" content=\"Buzlar\u0131 \u00e7\u00f6z\u00fclen Nazik G\u00f6l\u00fc\u2019nden kartpostall\u0131k g\u00f6r\u00fcnt\u00fcler - Memurun Sesi\" \/>\n<meta property=\"og:description\" content=\"K\u0131\u015f mevsiminde \u015fiddetli so\u011fuk nedeniyle y\u00fczeyi buz tutan Bitlis\u2019in Ahlat il\u00e7esindeki Nazik G\u00f6l\u00fc\u2019n\u00fcn \u00e7\u00f6z\u00fclmesi ortaya kartpostall\u0131k g\u00f6r\u00fcnt\u00fcler \u00e7\u0131kard\u0131. Ahlat il\u00e7esine ba\u011fl\u0131 Ovak\u0131\u015fla beldesi ile Nazik, G\u00f6lg\u00f6ren, Dilburnu ve K\u0131r\u0131kkaya k\u00f6y\u00fc s\u0131n\u0131rlar\u0131 i\u00e7erisinde bulunan, 40 kilometrekarelik alana sahip olan ve her y\u0131l 2 ay s\u00fcreyle donan Nazik G\u00f6l\u00fc\u2019n\u00fcn \u00e7\u00f6z\u00fclmesiyle ortaya \u00e7\u0131kan muhte\u015fem manzara drone ile g\u00f6r\u00fcnt\u00fclendi. [&hellip;]\" \/>\n<meta property=\"og:url\" content=\"https:\/\/memurunsesi.net\/index.php\/2025\/03\/25\/buzlari-cozulen-nazik-golunden-kartpostallik-goruntuler\/\" \/>\n<meta property=\"og:site_name\" content=\"Memurun Sesi\" \/>\n<meta property=\"article:publisher\" content=\"https:\/\/www.facebook.com\/unipersen\/?locale=tr_TR\" \/>\n<meta property=\"article:published_time\" content=\"2025-03-25T07:18:35+00:00\" \/>\n<meta property=\"og:image\" content=\"https:\/\/memurunsesi.net\/wp-content\/uploads\/2025\/03\/AW419427_04-scaled.jpg\" \/>\n\t<meta property=\"og:image:width\" content=\"2560\" \/>\n\t<meta property=\"og:image:height\" content=\"1440\" \/>\n\t<meta property=\"og:image:type\" content=\"image\/jpeg\" \/>\n<meta name=\"author\" content=\"Memurun Sesi Haber Merkezi\" \/>\n<meta name=\"twitter:card\" content=\"summary_large_image\" \/>\n<meta name=\"twitter:creator\" content=\"@unipersen\" \/>\n<meta name=\"twitter:site\" content=\"@unipersen\" \/>\n<meta name=\"twitter:label1\" content=\"Yazan:\" \/>\n\t<meta name=\"twitter:data1\" content=\"Memurun Sesi Haber Merkezi\" \/>\n\t<meta name=\"twitter:label2\" content=\"Tahmini okuma s\u00fcresi\" \/>\n\t<meta name=\"twitter:data2\" content=\"1 dakika\" \/>\n<script type=\"application\/ld+json\" class=\"yoast-schema-graph\">{\"@context\":\"https:\\\/\\\/schema.org\",\"@graph\":[{\"@type\":\"Article\",\"@id\":\"https:\\\/\\\/memurunsesi.net\\\/index.php\\\/2025\\\/03\\\/25\\\/buzlari-cozulen-nazik-golunden-kartpostallik-goruntuler\\\/#article\",\"isPartOf\":{\"@id\":\"https:\\\/\\\/memurunsesi.net\\\/index.php\\\/2025\\\/03\\\/25\\\/buzlari-cozulen-nazik-golunden-kartpostallik-goruntuler\\\/\"},\"author\":{\"name\":\"Memurun Sesi Haber Merkezi\",\"@id\":\"https:\\\/\\\/memurunsesi.net\\\/#\\\/schema\\\/person\\\/f21c2d73b89f6ee1d80b0a1803e38587\"},\"headline\":\"Buzlar\u0131 \u00e7\u00f6z\u00fclen Nazik G\u00f6l\u00fc\u2019nden kartpostall\u0131k g\u00f6r\u00fcnt\u00fcler\",\"datePublished\":\"2025-03-25T07:18:35+00:00\",\"mainEntityOfPage\":{\"@id\":\"https:\\\/\\\/memurunsesi.net\\\/index.php\\\/2025\\\/03\\\/25\\\/buzlari-cozulen-nazik-golunden-kartpostallik-goruntuler\\\/\"},\"wordCount\":277,\"commentCount\":0,\"publisher\":{\"@id\":\"https:\\\/\\\/memurunsesi.net\\\/#organization\"},\"image\":{\"@id\":\"https:\\\/\\\/memurunsesi.net\\\/index.php\\\/2025\\\/03\\\/25\\\/buzlari-cozulen-nazik-golunden-kartpostallik-goruntuler\\\/#primaryimage\"},\"thumbnailUrl\":\"https:\\\/\\\/memurunsesi.net\\\/wp-content\\\/uploads\\\/2025\\\/03\\\/AW419427_04-scaled.jpg\",\"inLanguage\":\"tr\",\"potentialAction\":[{\"@type\":\"CommentAction\",\"name\":\"Comment\",\"target\":[\"https:\\\/\\\/memurunsesi.net\\\/index.php\\\/2025\\\/03\\\/25\\\/buzlari-cozulen-nazik-golunden-kartpostallik-goruntuler\\\/#respond\"]}]},{\"@type\":\"WebPage\",\"@id\":\"https:\\\/\\\/memurunsesi.net\\\/index.php\\\/2025\\\/03\\\/25\\\/buzlari-cozulen-nazik-golunden-kartpostallik-goruntuler\\\/\",\"url\":\"https:\\\/\\\/memurunsesi.net\\\/index.php\\\/2025\\\/03\\\/25\\\/buzlari-cozulen-nazik-golunden-kartpostallik-goruntuler\\\/\",\"name\":\"Buzlar\u0131 \u00e7\u00f6z\u00fclen Nazik G\u00f6l\u00fc\u2019nden kartpostall\u0131k g\u00f6r\u00fcnt\u00fcler - Memurun Sesi\",\"isPartOf\":{\"@id\":\"https:\\\/\\\/memurunsesi.net\\\/#website\"},\"primaryImageOfPage\":{\"@id\":\"https:\\\/\\\/memurunsesi.net\\\/index.php\\\/2025\\\/03\\\/25\\\/buzlari-cozulen-nazik-golunden-kartpostallik-goruntuler\\\/#primaryimage\"},\"image\":{\"@id\":\"https:\\\/\\\/memurunsesi.net\\\/index.php\\\/2025\\\/03\\\/25\\\/buzlari-cozulen-nazik-golunden-kartpostallik-goruntuler\\\/#primaryimage\"},\"thumbnailUrl\":\"https:\\\/\\\/memurunsesi.net\\\/wp-content\\\/uploads\\\/2025\\\/03\\\/AW419427_04-scaled.jpg\",\"datePublished\":\"2025-03-25T07:18:35+00:00\",\"breadcrumb\":{\"@id\":\"https:\\\/\\\/memurunsesi.net\\\/index.php\\\/2025\\\/03\\\/25\\\/buzlari-cozulen-nazik-golunden-kartpostallik-goruntuler\\\/#breadcrumb\"},\"inLanguage\":\"tr\",\"potentialAction\":[{\"@type\":\"ReadAction\",\"target\":[\"https:\\\/\\\/memurunsesi.net\\\/index.php\\\/2025\\\/03\\\/25\\\/buzlari-cozulen-nazik-golunden-kartpostallik-goruntuler\\\/\"]}]},{\"@type\":\"ImageObject\",\"inLanguage\":\"tr\",\"@id\":\"https:\\\/\\\/memurunsesi.net\\\/index.php\\\/2025\\\/03\\\/25\\\/buzlari-cozulen-nazik-golunden-kartpostallik-goruntuler\\\/#primaryimage\",\"url\":\"https:\\\/\\\/memurunsesi.net\\\/wp-content\\\/uploads\\\/2025\\\/03\\\/AW419427_04-scaled.jpg\",\"contentUrl\":\"https:\\\/\\\/memurunsesi.net\\\/wp-content\\\/uploads\\\/2025\\\/03\\\/AW419427_04-scaled.jpg\",\"width\":2560,\"height\":1440,\"caption\":\"KI\u015e MEVS\u0130M\u0130NDE \u015e\u0130DDETL\u0130 SO\u011eUK NEDEN\u0130YLE Y\u00dcZEY\u0130 BUZ TUTAN B\u0130TL\u0130S'\u0130N AHLAT \u0130L\u00c7ES\u0130NDEK\u0130 NAZ\u0130K G\u00d6L\u00dc'N\u00dcN \u00c7\u00d6Z\u00dcLMES\u0130 ORTAYA KARTPOSTALLIK G\u00d6R\u00dcNT\u00dcLER \u00c7IKARDI. (\u00d6ZKAN OLCAY\\\/B\u0130TL\u0130S-\u0130HA) K\u0131\u015f mevsiminde \u015fiddetli so\u011fuk nedeniyle y\u00fczeyi buz tutan Bitlis'in Ahlat il\u00e7esindeki Nazik G\u00f6l\u00fc'n\u00fcn \u00e7\u00f6z\u00fclmesi ortaya kartpostall\u0131k g\u00f6r\u00fcnt\u00fcler \u00e7\u0131kard\u0131.\"},{\"@type\":\"BreadcrumbList\",\"@id\":\"https:\\\/\\\/memurunsesi.net\\\/index.php\\\/2025\\\/03\\\/25\\\/buzlari-cozulen-nazik-golunden-kartpostallik-goruntuler\\\/#breadcrumb\",\"itemListElement\":[{\"@type\":\"ListItem\",\"position\":1,\"name\":\"Anasayfa\",\"item\":\"https:\\\/\\\/memurunsesi.net\\\/\"},{\"@type\":\"ListItem\",\"position\":2,\"name\":\"Buzlar\u0131 \u00e7\u00f6z\u00fclen Nazik G\u00f6l\u00fc\u2019nden kartpostall\u0131k g\u00f6r\u00fcnt\u00fcler\"}]},{\"@type\":\"WebSite\",\"@id\":\"https:\\\/\\\/memurunsesi.net\\\/#website\",\"url\":\"https:\\\/\\\/memurunsesi.net\\\/\",\"name\":\"Memurun Sesi\",\"description\":\"G\u00fcncel ve Do\u011fru Haber\",\"publisher\":{\"@id\":\"https:\\\/\\\/memurunsesi.net\\\/#organization\"},\"potentialAction\":[{\"@type\":\"SearchAction\",\"target\":{\"@type\":\"EntryPoint\",\"urlTemplate\":\"https:\\\/\\\/memurunsesi.net\\\/?s={search_term_string}\"},\"query-input\":{\"@type\":\"PropertyValueSpecification\",\"valueRequired\":true,\"valueName\":\"search_term_string\"}}],\"inLanguage\":\"tr\"},{\"@type\":\"Organization\",\"@id\":\"https:\\\/\\\/memurunsesi.net\\\/#organization\",\"name\":\"Memurun Sesi\",\"url\":\"https:\\\/\\\/memurunsesi.net\\\/\",\"logo\":{\"@type\":\"ImageObject\",\"inLanguage\":\"tr\",\"@id\":\"https:\\\/\\\/memurunsesi.net\\\/#\\\/schema\\\/logo\\\/image\\\/\",\"url\":\"https:\\\/\\\/memurunsesi.net\\\/wp-content\\\/uploads\\\/2025\\\/11\\\/cropped-MEMURUN-SESI.png\",\"contentUrl\":\"https:\\\/\\\/memurunsesi.net\\\/wp-content\\\/uploads\\\/2025\\\/11\\\/cropped-MEMURUN-SESI.png\",\"width\":238,\"height\":57,\"caption\":\"Memurun Sesi\"},\"image\":{\"@id\":\"https:\\\/\\\/memurunsesi.net\\\/#\\\/schema\\\/logo\\\/image\\\/\"},\"sameAs\":[\"https:\\\/\\\/www.facebook.com\\\/unipersen\\\/?locale=tr_TR\",\"https:\\\/\\\/x.com\\\/unipersen\"]},{\"@type\":\"Person\",\"@id\":\"https:\\\/\\\/memurunsesi.net\\\/#\\\/schema\\\/person\\\/f21c2d73b89f6ee1d80b0a1803e38587\",\"name\":\"Memurun Sesi Haber Merkezi\",\"image\":{\"@type\":\"ImageObject\",\"inLanguage\":\"tr\",\"@id\":\"https:\\\/\\\/secure.gravatar.com\\\/avatar\\\/6cf0505f452ee753f485014986fab09a434671d2b919ee76fc541025c5876a70?s=96&d=mm&r=g\",\"url\":\"https:\\\/\\\/secure.gravatar.com\\\/avatar\\\/6cf0505f452ee753f485014986fab09a434671d2b919ee76fc541025c5876a70?s=96&d=mm&r=g\",\"contentUrl\":\"https:\\\/\\\/secure.gravatar.com\\\/avatar\\\/6cf0505f452ee753f485014986fab09a434671d2b919ee76fc541025c5876a70?s=96&d=mm&r=g\",\"caption\":\"Memurun Sesi Haber Merkezi\"},\"sameAs\":[\"https:\\\/\\\/memurunsesi.net\"],\"url\":\"https:\\\/\\\/memurunsesi.net\\\/index.php\\\/author\\\/uniper\\\/\"}]}<\/script>\n<!-- \/ Yoast SEO plugin. -->","yoast_head_json":{"title":"Buzlar\u0131 \u00e7\u00f6z\u00fclen Nazik G\u00f6l\u00fc\u2019nden kartpostall\u0131k g\u00f6r\u00fcnt\u00fcler - Memurun Sesi","robots":{"index":"index","follow":"follow","max-snippet":"max-snippet:-1","max-image-preview":"max-image-preview:large","max-video-preview":"max-video-preview:-1"},"canonical":"https:\/\/memurunsesi.net\/index.php\/2025\/03\/25\/buzlari-cozulen-nazik-golunden-kartpostallik-goruntuler\/","og_locale":"tr_TR","og_type":"article","og_title":"Buzlar\u0131 \u00e7\u00f6z\u00fclen Nazik G\u00f6l\u00fc\u2019nden kartpostall\u0131k g\u00f6r\u00fcnt\u00fcler - Memurun Sesi","og_description":"K\u0131\u015f mevsiminde \u015fiddetli so\u011fuk nedeniyle y\u00fczeyi buz tutan Bitlis\u2019in Ahlat il\u00e7esindeki Nazik G\u00f6l\u00fc\u2019n\u00fcn \u00e7\u00f6z\u00fclmesi ortaya kartpostall\u0131k g\u00f6r\u00fcnt\u00fcler \u00e7\u0131kard\u0131. Ahlat il\u00e7esine ba\u011fl\u0131 Ovak\u0131\u015fla beldesi ile Nazik, G\u00f6lg\u00f6ren, Dilburnu ve K\u0131r\u0131kkaya k\u00f6y\u00fc s\u0131n\u0131rlar\u0131 i\u00e7erisinde bulunan, 40 kilometrekarelik alana sahip olan ve her y\u0131l 2 ay s\u00fcreyle donan Nazik G\u00f6l\u00fc\u2019n\u00fcn \u00e7\u00f6z\u00fclmesiyle ortaya \u00e7\u0131kan muhte\u015fem manzara drone ile g\u00f6r\u00fcnt\u00fclendi. [&hellip;]","og_url":"https:\/\/memurunsesi.net\/index.php\/2025\/03\/25\/buzlari-cozulen-nazik-golunden-kartpostallik-goruntuler\/","og_site_name":"Memurun Sesi","article_publisher":"https:\/\/www.facebook.com\/unipersen\/?locale=tr_TR","article_published_time":"2025-03-25T07:18:35+00:00","og_image":[{"width":2560,"height":1440,"url":"https:\/\/memurunsesi.net\/wp-content\/uploads\/2025\/03\/AW419427_04-scaled.jpg","type":"image\/jpeg"}],"author":"Memurun Sesi Haber Merkezi","twitter_card":"summary_large_image","twitter_creator":"@unipersen","twitter_site":"@unipersen","twitter_misc":{"Yazan:":"Memurun Sesi Haber Merkezi","Tahmini okuma s\u00fcresi":"1 dakika"},"schema":{"@context":"https:\/\/schema.org","@graph":[{"@type":"Article","@id":"https:\/\/memurunsesi.net\/index.php\/2025\/03\/25\/buzlari-cozulen-nazik-golunden-kartpostallik-goruntuler\/#article","isPartOf":{"@id":"https:\/\/memurunsesi.net\/index.php\/2025\/03\/25\/buzlari-cozulen-nazik-golunden-kartpostallik-goruntuler\/"},"author":{"name":"Memurun Sesi Haber Merkezi","@id":"https:\/\/memurunsesi.net\/#\/schema\/person\/f21c2d73b89f6ee1d80b0a1803e38587"},"headline":"Buzlar\u0131 \u00e7\u00f6z\u00fclen Nazik G\u00f6l\u00fc\u2019nden kartpostall\u0131k g\u00f6r\u00fcnt\u00fcler","datePublished":"2025-03-25T07:18:35+00:00","mainEntityOfPage":{"@id":"https:\/\/memurunsesi.net\/index.php\/2025\/03\/25\/buzlari-cozulen-nazik-golunden-kartpostallik-goruntuler\/"},"wordCount":277,"commentCount":0,"publisher":{"@id":"https:\/\/memurunsesi.net\/#organization"},"image":{"@id":"https:\/\/memurunsesi.net\/index.php\/2025\/03\/25\/buzlari-cozulen-nazik-golunden-kartpostallik-goruntuler\/#primaryimage"},"thumbnailUrl":"https:\/\/memurunsesi.net\/wp-content\/uploads\/2025\/03\/AW419427_04-scaled.jpg","inLanguage":"tr","potentialAction":[{"@type":"CommentAction","name":"Comment","target":["https:\/\/memurunsesi.net\/index.php\/2025\/03\/25\/buzlari-cozulen-nazik-golunden-kartpostallik-goruntuler\/#respond"]}]},{"@type":"WebPage","@id":"https:\/\/memurunsesi.net\/index.php\/2025\/03\/25\/buzlari-cozulen-nazik-golunden-kartpostallik-goruntuler\/","url":"https:\/\/memurunsesi.net\/index.php\/2025\/03\/25\/buzlari-cozulen-nazik-golunden-kartpostallik-goruntuler\/","name":"Buzlar\u0131 \u00e7\u00f6z\u00fclen Nazik G\u00f6l\u00fc\u2019nden kartpostall\u0131k g\u00f6r\u00fcnt\u00fcler - Memurun Sesi","isPartOf":{"@id":"https:\/\/memurunsesi.net\/#website"},"primaryImageOfPage":{"@id":"https:\/\/memurunsesi.net\/index.php\/2025\/03\/25\/buzlari-cozulen-nazik-golunden-kartpostallik-goruntuler\/#primaryimage"},"image":{"@id":"https:\/\/memurunsesi.net\/index.php\/2025\/03\/25\/buzlari-cozulen-nazik-golunden-kartpostallik-goruntuler\/#primaryimage"},"thumbnailUrl":"https:\/\/memurunsesi.net\/wp-content\/uploads\/2025\/03\/AW419427_04-scaled.jpg","datePublished":"2025-03-25T07:18:35+00:00","breadcrumb":{"@id":"https:\/\/memurunsesi.net\/index.php\/2025\/03\/25\/buzlari-cozulen-nazik-golunden-kartpostallik-goruntuler\/#breadcrumb"},"inLanguage":"tr","potentialAction":[{"@type":"ReadAction","target":["https:\/\/memurunsesi.net\/index.php\/2025\/03\/25\/buzlari-cozulen-nazik-golunden-kartpostallik-goruntuler\/"]}]},{"@type":"ImageObject","inLanguage":"tr","@id":"https:\/\/memurunsesi.net\/index.php\/2025\/03\/25\/buzlari-cozulen-nazik-golunden-kartpostallik-goruntuler\/#primaryimage","url":"https:\/\/memurunsesi.net\/wp-content\/uploads\/2025\/03\/AW419427_04-scaled.jpg","contentUrl":"https:\/\/memurunsesi.net\/wp-content\/uploads\/2025\/03\/AW419427_04-scaled.jpg","width":2560,"height":1440,"caption":"KI\u015e MEVS\u0130M\u0130NDE \u015e\u0130DDETL\u0130 SO\u011eUK NEDEN\u0130YLE Y\u00dcZEY\u0130 BUZ TUTAN B\u0130TL\u0130S'\u0130N AHLAT \u0130L\u00c7ES\u0130NDEK\u0130 NAZ\u0130K G\u00d6L\u00dc'N\u00dcN \u00c7\u00d6Z\u00dcLMES\u0130 ORTAYA KARTPOSTALLIK G\u00d6R\u00dcNT\u00dcLER \u00c7IKARDI. (\u00d6ZKAN OLCAY\/B\u0130TL\u0130S-\u0130HA) K\u0131\u015f mevsiminde \u015fiddetli so\u011fuk nedeniyle y\u00fczeyi buz tutan Bitlis'in Ahlat il\u00e7esindeki Nazik G\u00f6l\u00fc'n\u00fcn \u00e7\u00f6z\u00fclmesi ortaya kartpostall\u0131k g\u00f6r\u00fcnt\u00fcler \u00e7\u0131kard\u0131."},{"@type":"BreadcrumbList","@id":"https:\/\/memurunsesi.net\/index.php\/2025\/03\/25\/buzlari-cozulen-nazik-golunden-kartpostallik-goruntuler\/#breadcrumb","itemListElement":[{"@type":"ListItem","position":1,"name":"Anasayfa","item":"https:\/\/memurunsesi.net\/"},{"@type":"ListItem","position":2,"name":"Buzlar\u0131 \u00e7\u00f6z\u00fclen Nazik G\u00f6l\u00fc\u2019nden kartpostall\u0131k g\u00f6r\u00fcnt\u00fcler"}]},{"@type":"WebSite","@id":"https:\/\/memurunsesi.net\/#website","url":"https:\/\/memurunsesi.net\/","name":"Memurun Sesi","description":"G\u00fcncel ve Do\u011fru Haber","publisher":{"@id":"https:\/\/memurunsesi.net\/#organization"},"potentialAction":[{"@type":"SearchAction","target":{"@type":"EntryPoint","urlTemplate":"https:\/\/memurunsesi.net\/?s={search_term_string}"},"query-input":{"@type":"PropertyValueSpecification","valueRequired":true,"valueName":"search_term_string"}}],"inLanguage":"tr"},{"@type":"Organization","@id":"https:\/\/memurunsesi.net\/#organization","name":"Memurun Sesi","url":"https:\/\/memurunsesi.net\/","logo":{"@type":"ImageObject","inLanguage":"tr","@id":"https:\/\/memurunsesi.net\/#\/schema\/logo\/image\/","url":"https:\/\/memurunsesi.net\/wp-content\/uploads\/2025\/11\/cropped-MEMURUN-SESI.png","contentUrl":"https:\/\/memurunsesi.net\/wp-content\/uploads\/2025\/11\/cropped-MEMURUN-SESI.png","width":238,"height":57,"caption":"Memurun Sesi"},"image":{"@id":"https:\/\/memurunsesi.net\/#\/schema\/logo\/image\/"},"sameAs":["https:\/\/www.facebook.com\/unipersen\/?locale=tr_TR","https:\/\/x.com\/unipersen"]},{"@type":"Person","@id":"https:\/\/memurunsesi.net\/#\/schema\/person\/f21c2d73b89f6ee1d80b0a1803e38587","name":"Memurun Sesi Haber Merkezi","image":{"@type":"ImageObject","inLanguage":"tr","@id":"https:\/\/secure.gravatar.com\/avatar\/6cf0505f452ee753f485014986fab09a434671d2b919ee76fc541025c5876a70?s=96&d=mm&r=g","url":"https:\/\/secure.gravatar.com\/avatar\/6cf0505f452ee753f485014986fab09a434671d2b919ee76fc541025c5876a70?s=96&d=mm&r=g","contentUrl":"https:\/\/secure.gravatar.com\/avatar\/6cf0505f452ee753f485014986fab09a434671d2b919ee76fc541025c5876a70?s=96&d=mm&r=g","caption":"Memurun Sesi Haber Merkezi"},"sameAs":["https:\/\/memurunsesi.net"],"url":"https:\/\/memurunsesi.net\/index.php\/author\/uniper\/"}]}},"_links":{"self":[{"href":"https:\/\/memurunsesi.net\/index.php\/wp-json\/wp\/v2\/posts\/4361","targetHints":{"allow":["GET"]}}],"collection":[{"href":"https:\/\/memurunsesi.net\/index.php\/wp-json\/wp\/v2\/posts"}],"about":[{"href":"https:\/\/memurunsesi.net\/index.php\/wp-json\/wp\/v2\/types\/post"}],"author":[{"embeddable":true,"href":"https:\/\/memurunsesi.net\/index.php\/wp-json\/wp\/v2\/users\/1"}],"replies":[{"embeddable":true,"href":"https:\/\/memurunsesi.net\/index.php\/wp-json\/wp\/v2\/comments?post=4361"}],"version-history":[{"count":1,"href":"https:\/\/memurunsesi.net\/index.php\/wp-json\/wp\/v2\/posts\/4361\/revisions"}],"predecessor-version":[{"id":4363,"href":"https:\/\/memurunsesi.net\/index.php\/wp-json\/wp\/v2\/posts\/4361\/revisions\/4363"}],"wp:featuredmedia":[{"embeddable":true,"href":"https:\/\/memurunsesi.net\/index.php\/wp-json\/wp\/v2\/media\/4362"}],"wp:attachment":[{"href":"https:\/\/memurunsesi.net\/index.php\/wp-json\/wp\/v2\/media?parent=4361"}],"wp:term":[{"taxonomy":"category","embeddable":true,"href":"https:\/\/memurunsesi.net\/index.php\/wp-json\/wp\/v2\/categories?post=4361"},{"taxonomy":"post_tag","embeddable":true,"href":"https:\/\/memurunsesi.net\/index.php\/wp-json\/wp\/v2\/tags?post=4361"}],"curies":[{"name":"wp","href":"https:\/\/api.w.org\/{rel}","templated":true}]}}