{"id":4372,"date":"2025-03-25T10:31:19","date_gmt":"2025-03-25T07:31:19","guid":{"rendered":"https:\/\/memurunsesi.net\/?p=4372"},"modified":"2025-03-25T10:31:19","modified_gmt":"2025-03-25T07:31:19","slug":"aliagali-karateciler-kusadasindan-5-madalya-ile-dondu","status":"publish","type":"post","link":"https:\/\/memurunsesi.net\/index.php\/2025\/03\/25\/aliagali-karateciler-kusadasindan-5-madalya-ile-dondu\/","title":{"rendered":"Alia\u011fal\u0131 karateciler Ku\u015fadas\u0131\u2019ndan 5 madalya ile d\u00f6nd\u00fc"},"content":{"rendered":"<p>Alia\u011fa Belediyesi Spor Okullar\u0131 b\u00fcnyesinde e\u011fitim g\u00f6ren karate kursunun \u00f6\u011frencileri, Ku\u015fadas\u0131\u2019nda d\u00fczenlenen Open Cup 2025 turnuvas\u0131nda 5 madalya birden kazand\u0131.<br \/>\nAlia\u011fa Belediyesi Spor Okullar\u0131\u2019nda Nezahat Aksu ve Caner Karaca\u2019n\u0131n antren\u00f6rl\u00fc\u011f\u00fcnde e\u011fitim g\u00f6ren karate kursu \u00f6\u011frencileri ba\u015far\u0131lar\u0131n\u0131 kat\u0131ld\u0131klar\u0131 turnuvalarla kan\u0131tlamaya devam ediyor. Karate Kursu \u00f6\u011frencileri, T\u00fcrkiye Karate Federasyonu taraf\u0131ndan 23 Mart\u2019ta Ku\u015fadas\u0131\u2019nda d\u00fczenlenen Open Cup 2025 \u0130ller aras\u0131 karate turnuvas\u0131na kat\u0131ld\u0131. Turnuvaya 9 sporcusuyla kat\u0131lan Alia\u011fa Belediyesi Spor Okullar\u0131 Karate Kursu, binin \u00fczerinde karatecinin m\u00fccadele etti\u011fi turnuvadan 5 madalya birden kazanarak d\u00f6nd\u00fc.<br \/>\nKumite dal\u0131nda yar\u0131\u015fan Alia\u011fal\u0131 karatecilerden; 2013 do\u011fumlu Ya\u011f\u0131z Kerim Akarl\u0131 37 kiloda \u00fc\u00e7\u00fcnc\u00fc, 2012 do\u011fumlu Emir U\u00e7an 55 kiloda \u00fc\u00e7\u00fcnc\u00fc, 2014 do\u011fumlu Mehmet Emre Kadan 35 kiloda \u00fc\u00e7\u00fcnc\u00fc, 2014 do\u011fumlu Furkan Topkaya 40 kiloda \u00fc\u00e7\u00fcnc\u00fc, 2014 do\u011fumlu R\u00fczgar Oral 45 kiloda \u00fc\u00e7\u00fcnc\u00fc oldu.<\/p>\n<p>&#8220;Alia\u011fam\u0131z\u0131 en iyi \u015fekilde temsil edece\u011fiz&#8221;<br \/>\nAlia\u011fa Belediyesi Spor Okullar\u0131 Karate Antren\u00f6r\u00fc Nezahat Aksu \u00f6\u011frencilerinin ba\u015far\u0131lar\u0131 hakk\u0131nda \u015funlar\u0131 s\u00f6yledi: &#8220;Sporcular\u0131m\u0131z\u0131 ba\u015far\u0131lar\u0131ndan dolay\u0131 kutluyorum. G\u00fczel bir m\u00fccadele verdiler. Open Cup 2025\u2019e, T\u00fcrkiye \u015eampiyonas\u0131na haz\u0131rl\u0131k i\u00e7in kat\u0131ld\u0131k fakat ufak farklarla yar\u0131 finalde elendik. \u00d6n\u00fcm\u00fczde 5 Nisan\u2019da \u0130zmir\u2019de d\u00fczenlenecek olan \u0130l M\u00fcsabakas\u0131 var. \u0130n\u015fallah Alia\u011fa\u2019m\u0131z\u0131 en iyi \u015fekilde temsil edece\u011fiz. Destekleri i\u00e7in Belediye Ba\u015fkan\u0131m\u0131z Serkan Acar\u2019a \u00e7ok te\u015fekk\u00fcr ediyoruz.&#8221;<\/p>\n<p>25.03.2025<\/p>\n","protected":false},"excerpt":{"rendered":"<p>Alia\u011fa Belediyesi Spor Okullar\u0131 b\u00fcnyesinde e\u011fitim g\u00f6ren karate kursunun \u00f6\u011frencileri, Ku\u015fadas\u0131\u2019nda d\u00fczenlenen Open Cup 2025 turnuvas\u0131nda 5 madalya birden kazand\u0131. Alia\u011fa Belediyesi Spor Okullar\u0131\u2019nda Nezahat Aksu ve Caner Karaca\u2019n\u0131n antren\u00f6rl\u00fc\u011f\u00fcnde e\u011fitim g\u00f6ren karate kursu \u00f6\u011frencileri ba\u015far\u0131lar\u0131n\u0131 kat\u0131ld\u0131klar\u0131 turnuvalarla kan\u0131tlamaya devam ediyor. Karate Kursu \u00f6\u011frencileri, T\u00fcrkiye Karate Federasyonu taraf\u0131ndan 23 Mart\u2019ta Ku\u015fadas\u0131\u2019nda d\u00fczenlenen Open Cup 2025 [&hellip;]<\/p>\n","protected":false},"author":1,"featured_media":4373,"comment_status":"open","ping_status":"open","sticky":false,"template":"","format":"standard","meta":{"footnotes":""},"categories":[57],"tags":[],"class_list":["post-4372","post","type-post","status-publish","format-standard","has-post-thumbnail","hentry","category-spor"],"yoast_head":"<!-- This site is optimized with the Yoast SEO plugin v27.4 - https:\/\/yoast.com\/product\/yoast-seo-wordpress\/ -->\n<title>Alia\u011fal\u0131 karateciler Ku\u015fadas\u0131\u2019ndan 5 madalya ile d\u00f6nd\u00fc - Memurun Sesi<\/title>\n<meta name=\"robots\" content=\"index, follow, max-snippet:-1, max-image-preview:large, max-video-preview:-1\" \/>\n<link rel=\"canonical\" href=\"https:\/\/memurunsesi.net\/index.php\/2025\/03\/25\/aliagali-karateciler-kusadasindan-5-madalya-ile-dondu\/\" \/>\n<meta property=\"og:locale\" content=\"tr_TR\" \/>\n<meta property=\"og:type\" content=\"article\" \/>\n<meta property=\"og:title\" content=\"Alia\u011fal\u0131 karateciler Ku\u015fadas\u0131\u2019ndan 5 madalya ile d\u00f6nd\u00fc - Memurun Sesi\" \/>\n<meta property=\"og:description\" content=\"Alia\u011fa Belediyesi Spor Okullar\u0131 b\u00fcnyesinde e\u011fitim g\u00f6ren karate kursunun \u00f6\u011frencileri, Ku\u015fadas\u0131\u2019nda d\u00fczenlenen Open Cup 2025 turnuvas\u0131nda 5 madalya birden kazand\u0131. Alia\u011fa Belediyesi Spor Okullar\u0131\u2019nda Nezahat Aksu ve Caner Karaca\u2019n\u0131n antren\u00f6rl\u00fc\u011f\u00fcnde e\u011fitim g\u00f6ren karate kursu \u00f6\u011frencileri ba\u015far\u0131lar\u0131n\u0131 kat\u0131ld\u0131klar\u0131 turnuvalarla kan\u0131tlamaya devam ediyor. Karate Kursu \u00f6\u011frencileri, T\u00fcrkiye Karate Federasyonu taraf\u0131ndan 23 Mart\u2019ta Ku\u015fadas\u0131\u2019nda d\u00fczenlenen Open Cup 2025 [&hellip;]\" \/>\n<meta property=\"og:url\" content=\"https:\/\/memurunsesi.net\/index.php\/2025\/03\/25\/aliagali-karateciler-kusadasindan-5-madalya-ile-dondu\/\" \/>\n<meta property=\"og:site_name\" content=\"Memurun Sesi\" \/>\n<meta property=\"article:publisher\" content=\"https:\/\/www.facebook.com\/unipersen\/?locale=tr_TR\" \/>\n<meta property=\"article:published_time\" content=\"2025-03-25T07:31:19+00:00\" \/>\n<meta property=\"og:image\" content=\"https:\/\/memurunsesi.net\/wp-content\/uploads\/2025\/03\/AW419430_01.jpg\" \/>\n\t<meta property=\"og:image:width\" content=\"1533\" \/>\n\t<meta property=\"og:image:height\" content=\"1145\" \/>\n\t<meta property=\"og:image:type\" content=\"image\/jpeg\" \/>\n<meta name=\"author\" content=\"Memurun Sesi Haber Merkezi\" \/>\n<meta name=\"twitter:card\" content=\"summary_large_image\" \/>\n<meta name=\"twitter:creator\" content=\"@unipersen\" \/>\n<meta name=\"twitter:site\" content=\"@unipersen\" \/>\n<meta name=\"twitter:label1\" content=\"Yazan:\" \/>\n\t<meta name=\"twitter:data1\" content=\"Memurun Sesi Haber Merkezi\" \/>\n\t<meta name=\"twitter:label2\" content=\"Tahmini okuma s\u00fcresi\" \/>\n\t<meta name=\"twitter:data2\" content=\"1 dakika\" \/>\n<script type=\"application\/ld+json\" class=\"yoast-schema-graph\">{\"@context\":\"https:\\\/\\\/schema.org\",\"@graph\":[{\"@type\":\"Article\",\"@id\":\"https:\\\/\\\/memurunsesi.net\\\/index.php\\\/2025\\\/03\\\/25\\\/aliagali-karateciler-kusadasindan-5-madalya-ile-dondu\\\/#article\",\"isPartOf\":{\"@id\":\"https:\\\/\\\/memurunsesi.net\\\/index.php\\\/2025\\\/03\\\/25\\\/aliagali-karateciler-kusadasindan-5-madalya-ile-dondu\\\/\"},\"author\":{\"name\":\"Memurun Sesi Haber Merkezi\",\"@id\":\"https:\\\/\\\/memurunsesi.net\\\/#\\\/schema\\\/person\\\/f21c2d73b89f6ee1d80b0a1803e38587\"},\"headline\":\"Alia\u011fal\u0131 karateciler Ku\u015fadas\u0131\u2019ndan 5 madalya ile d\u00f6nd\u00fc\",\"datePublished\":\"2025-03-25T07:31:19+00:00\",\"mainEntityOfPage\":{\"@id\":\"https:\\\/\\\/memurunsesi.net\\\/index.php\\\/2025\\\/03\\\/25\\\/aliagali-karateciler-kusadasindan-5-madalya-ile-dondu\\\/\"},\"wordCount\":270,\"commentCount\":0,\"publisher\":{\"@id\":\"https:\\\/\\\/memurunsesi.net\\\/#organization\"},\"image\":{\"@id\":\"https:\\\/\\\/memurunsesi.net\\\/index.php\\\/2025\\\/03\\\/25\\\/aliagali-karateciler-kusadasindan-5-madalya-ile-dondu\\\/#primaryimage\"},\"thumbnailUrl\":\"https:\\\/\\\/memurunsesi.net\\\/wp-content\\\/uploads\\\/2025\\\/03\\\/AW419430_01.jpg\",\"articleSection\":[\"Spor\"],\"inLanguage\":\"tr\",\"potentialAction\":[{\"@type\":\"CommentAction\",\"name\":\"Comment\",\"target\":[\"https:\\\/\\\/memurunsesi.net\\\/index.php\\\/2025\\\/03\\\/25\\\/aliagali-karateciler-kusadasindan-5-madalya-ile-dondu\\\/#respond\"]}]},{\"@type\":\"WebPage\",\"@id\":\"https:\\\/\\\/memurunsesi.net\\\/index.php\\\/2025\\\/03\\\/25\\\/aliagali-karateciler-kusadasindan-5-madalya-ile-dondu\\\/\",\"url\":\"https:\\\/\\\/memurunsesi.net\\\/index.php\\\/2025\\\/03\\\/25\\\/aliagali-karateciler-kusadasindan-5-madalya-ile-dondu\\\/\",\"name\":\"Alia\u011fal\u0131 karateciler Ku\u015fadas\u0131\u2019ndan 5 madalya ile d\u00f6nd\u00fc - Memurun Sesi\",\"isPartOf\":{\"@id\":\"https:\\\/\\\/memurunsesi.net\\\/#website\"},\"primaryImageOfPage\":{\"@id\":\"https:\\\/\\\/memurunsesi.net\\\/index.php\\\/2025\\\/03\\\/25\\\/aliagali-karateciler-kusadasindan-5-madalya-ile-dondu\\\/#primaryimage\"},\"image\":{\"@id\":\"https:\\\/\\\/memurunsesi.net\\\/index.php\\\/2025\\\/03\\\/25\\\/aliagali-karateciler-kusadasindan-5-madalya-ile-dondu\\\/#primaryimage\"},\"thumbnailUrl\":\"https:\\\/\\\/memurunsesi.net\\\/wp-content\\\/uploads\\\/2025\\\/03\\\/AW419430_01.jpg\",\"datePublished\":\"2025-03-25T07:31:19+00:00\",\"breadcrumb\":{\"@id\":\"https:\\\/\\\/memurunsesi.net\\\/index.php\\\/2025\\\/03\\\/25\\\/aliagali-karateciler-kusadasindan-5-madalya-ile-dondu\\\/#breadcrumb\"},\"inLanguage\":\"tr\",\"potentialAction\":[{\"@type\":\"ReadAction\",\"target\":[\"https:\\\/\\\/memurunsesi.net\\\/index.php\\\/2025\\\/03\\\/25\\\/aliagali-karateciler-kusadasindan-5-madalya-ile-dondu\\\/\"]}]},{\"@type\":\"ImageObject\",\"inLanguage\":\"tr\",\"@id\":\"https:\\\/\\\/memurunsesi.net\\\/index.php\\\/2025\\\/03\\\/25\\\/aliagali-karateciler-kusadasindan-5-madalya-ile-dondu\\\/#primaryimage\",\"url\":\"https:\\\/\\\/memurunsesi.net\\\/wp-content\\\/uploads\\\/2025\\\/03\\\/AW419430_01.jpg\",\"contentUrl\":\"https:\\\/\\\/memurunsesi.net\\\/wp-content\\\/uploads\\\/2025\\\/03\\\/AW419430_01.jpg\",\"width\":1533,\"height\":1145,\"caption\":\"TURNUVAYA 9 SPORCUSUYLA KATILAN AL\u0130A\u011eA BELED\u0130YES\u0130 SPOR OKULLARI KARATE KURSU, B\u0130N\u0130N \u00dcZER\u0130NDE KARATEC\u0130N\u0130N M\u00dcCADELE ETT\u0130\u011e\u0130 TURNUVADAN 5 MADALYA B\u0130RDEN KAZANARAK D\u00d6ND\u00dc. (\u0130HA\\\/\u0130ZM\u0130R-\u0130HA) Alia\u011fa Belediyesi Spor Okullar\u0131 b\u00fcnyesinde e\u011fitim g\u00f6ren karate kursunun \u00f6\u011frencileri, Ku\u015fadas\u0131'nda d\u00fczenlenen Open Cup 2025 turnuvas\u0131nda 5 madalya birden kazand\u0131.\"},{\"@type\":\"BreadcrumbList\",\"@id\":\"https:\\\/\\\/memurunsesi.net\\\/index.php\\\/2025\\\/03\\\/25\\\/aliagali-karateciler-kusadasindan-5-madalya-ile-dondu\\\/#breadcrumb\",\"itemListElement\":[{\"@type\":\"ListItem\",\"position\":1,\"name\":\"Anasayfa\",\"item\":\"https:\\\/\\\/memurunsesi.net\\\/\"},{\"@type\":\"ListItem\",\"position\":2,\"name\":\"Alia\u011fal\u0131 karateciler Ku\u015fadas\u0131\u2019ndan 5 madalya ile d\u00f6nd\u00fc\"}]},{\"@type\":\"WebSite\",\"@id\":\"https:\\\/\\\/memurunsesi.net\\\/#website\",\"url\":\"https:\\\/\\\/memurunsesi.net\\\/\",\"name\":\"Memurun Sesi\",\"description\":\"G\u00fcncel ve Do\u011fru Haber\",\"publisher\":{\"@id\":\"https:\\\/\\\/memurunsesi.net\\\/#organization\"},\"potentialAction\":[{\"@type\":\"SearchAction\",\"target\":{\"@type\":\"EntryPoint\",\"urlTemplate\":\"https:\\\/\\\/memurunsesi.net\\\/?s={search_term_string}\"},\"query-input\":{\"@type\":\"PropertyValueSpecification\",\"valueRequired\":true,\"valueName\":\"search_term_string\"}}],\"inLanguage\":\"tr\"},{\"@type\":\"Organization\",\"@id\":\"https:\\\/\\\/memurunsesi.net\\\/#organization\",\"name\":\"Memurun Sesi\",\"url\":\"https:\\\/\\\/memurunsesi.net\\\/\",\"logo\":{\"@type\":\"ImageObject\",\"inLanguage\":\"tr\",\"@id\":\"https:\\\/\\\/memurunsesi.net\\\/#\\\/schema\\\/logo\\\/image\\\/\",\"url\":\"https:\\\/\\\/memurunsesi.net\\\/wp-content\\\/uploads\\\/2025\\\/11\\\/cropped-MEMURUN-SESI.png\",\"contentUrl\":\"https:\\\/\\\/memurunsesi.net\\\/wp-content\\\/uploads\\\/2025\\\/11\\\/cropped-MEMURUN-SESI.png\",\"width\":238,\"height\":57,\"caption\":\"Memurun Sesi\"},\"image\":{\"@id\":\"https:\\\/\\\/memurunsesi.net\\\/#\\\/schema\\\/logo\\\/image\\\/\"},\"sameAs\":[\"https:\\\/\\\/www.facebook.com\\\/unipersen\\\/?locale=tr_TR\",\"https:\\\/\\\/x.com\\\/unipersen\"]},{\"@type\":\"Person\",\"@id\":\"https:\\\/\\\/memurunsesi.net\\\/#\\\/schema\\\/person\\\/f21c2d73b89f6ee1d80b0a1803e38587\",\"name\":\"Memurun Sesi Haber Merkezi\",\"image\":{\"@type\":\"ImageObject\",\"inLanguage\":\"tr\",\"@id\":\"https:\\\/\\\/secure.gravatar.com\\\/avatar\\\/6cf0505f452ee753f485014986fab09a434671d2b919ee76fc541025c5876a70?s=96&d=mm&r=g\",\"url\":\"https:\\\/\\\/secure.gravatar.com\\\/avatar\\\/6cf0505f452ee753f485014986fab09a434671d2b919ee76fc541025c5876a70?s=96&d=mm&r=g\",\"contentUrl\":\"https:\\\/\\\/secure.gravatar.com\\\/avatar\\\/6cf0505f452ee753f485014986fab09a434671d2b919ee76fc541025c5876a70?s=96&d=mm&r=g\",\"caption\":\"Memurun Sesi Haber Merkezi\"},\"sameAs\":[\"https:\\\/\\\/memurunsesi.net\"],\"url\":\"https:\\\/\\\/memurunsesi.net\\\/index.php\\\/author\\\/uniper\\\/\"}]}<\/script>\n<!-- \/ Yoast SEO plugin. -->","yoast_head_json":{"title":"Alia\u011fal\u0131 karateciler Ku\u015fadas\u0131\u2019ndan 5 madalya ile d\u00f6nd\u00fc - Memurun Sesi","robots":{"index":"index","follow":"follow","max-snippet":"max-snippet:-1","max-image-preview":"max-image-preview:large","max-video-preview":"max-video-preview:-1"},"canonical":"https:\/\/memurunsesi.net\/index.php\/2025\/03\/25\/aliagali-karateciler-kusadasindan-5-madalya-ile-dondu\/","og_locale":"tr_TR","og_type":"article","og_title":"Alia\u011fal\u0131 karateciler Ku\u015fadas\u0131\u2019ndan 5 madalya ile d\u00f6nd\u00fc - Memurun Sesi","og_description":"Alia\u011fa Belediyesi Spor Okullar\u0131 b\u00fcnyesinde e\u011fitim g\u00f6ren karate kursunun \u00f6\u011frencileri, Ku\u015fadas\u0131\u2019nda d\u00fczenlenen Open Cup 2025 turnuvas\u0131nda 5 madalya birden kazand\u0131. Alia\u011fa Belediyesi Spor Okullar\u0131\u2019nda Nezahat Aksu ve Caner Karaca\u2019n\u0131n antren\u00f6rl\u00fc\u011f\u00fcnde e\u011fitim g\u00f6ren karate kursu \u00f6\u011frencileri ba\u015far\u0131lar\u0131n\u0131 kat\u0131ld\u0131klar\u0131 turnuvalarla kan\u0131tlamaya devam ediyor. Karate Kursu \u00f6\u011frencileri, T\u00fcrkiye Karate Federasyonu taraf\u0131ndan 23 Mart\u2019ta Ku\u015fadas\u0131\u2019nda d\u00fczenlenen Open Cup 2025 [&hellip;]","og_url":"https:\/\/memurunsesi.net\/index.php\/2025\/03\/25\/aliagali-karateciler-kusadasindan-5-madalya-ile-dondu\/","og_site_name":"Memurun Sesi","article_publisher":"https:\/\/www.facebook.com\/unipersen\/?locale=tr_TR","article_published_time":"2025-03-25T07:31:19+00:00","og_image":[{"width":1533,"height":1145,"url":"https:\/\/memurunsesi.net\/wp-content\/uploads\/2025\/03\/AW419430_01.jpg","type":"image\/jpeg"}],"author":"Memurun Sesi Haber Merkezi","twitter_card":"summary_large_image","twitter_creator":"@unipersen","twitter_site":"@unipersen","twitter_misc":{"Yazan:":"Memurun Sesi Haber Merkezi","Tahmini okuma s\u00fcresi":"1 dakika"},"schema":{"@context":"https:\/\/schema.org","@graph":[{"@type":"Article","@id":"https:\/\/memurunsesi.net\/index.php\/2025\/03\/25\/aliagali-karateciler-kusadasindan-5-madalya-ile-dondu\/#article","isPartOf":{"@id":"https:\/\/memurunsesi.net\/index.php\/2025\/03\/25\/aliagali-karateciler-kusadasindan-5-madalya-ile-dondu\/"},"author":{"name":"Memurun Sesi Haber Merkezi","@id":"https:\/\/memurunsesi.net\/#\/schema\/person\/f21c2d73b89f6ee1d80b0a1803e38587"},"headline":"Alia\u011fal\u0131 karateciler Ku\u015fadas\u0131\u2019ndan 5 madalya ile d\u00f6nd\u00fc","datePublished":"2025-03-25T07:31:19+00:00","mainEntityOfPage":{"@id":"https:\/\/memurunsesi.net\/index.php\/2025\/03\/25\/aliagali-karateciler-kusadasindan-5-madalya-ile-dondu\/"},"wordCount":270,"commentCount":0,"publisher":{"@id":"https:\/\/memurunsesi.net\/#organization"},"image":{"@id":"https:\/\/memurunsesi.net\/index.php\/2025\/03\/25\/aliagali-karateciler-kusadasindan-5-madalya-ile-dondu\/#primaryimage"},"thumbnailUrl":"https:\/\/memurunsesi.net\/wp-content\/uploads\/2025\/03\/AW419430_01.jpg","articleSection":["Spor"],"inLanguage":"tr","potentialAction":[{"@type":"CommentAction","name":"Comment","target":["https:\/\/memurunsesi.net\/index.php\/2025\/03\/25\/aliagali-karateciler-kusadasindan-5-madalya-ile-dondu\/#respond"]}]},{"@type":"WebPage","@id":"https:\/\/memurunsesi.net\/index.php\/2025\/03\/25\/aliagali-karateciler-kusadasindan-5-madalya-ile-dondu\/","url":"https:\/\/memurunsesi.net\/index.php\/2025\/03\/25\/aliagali-karateciler-kusadasindan-5-madalya-ile-dondu\/","name":"Alia\u011fal\u0131 karateciler Ku\u015fadas\u0131\u2019ndan 5 madalya ile d\u00f6nd\u00fc - Memurun Sesi","isPartOf":{"@id":"https:\/\/memurunsesi.net\/#website"},"primaryImageOfPage":{"@id":"https:\/\/memurunsesi.net\/index.php\/2025\/03\/25\/aliagali-karateciler-kusadasindan-5-madalya-ile-dondu\/#primaryimage"},"image":{"@id":"https:\/\/memurunsesi.net\/index.php\/2025\/03\/25\/aliagali-karateciler-kusadasindan-5-madalya-ile-dondu\/#primaryimage"},"thumbnailUrl":"https:\/\/memurunsesi.net\/wp-content\/uploads\/2025\/03\/AW419430_01.jpg","datePublished":"2025-03-25T07:31:19+00:00","breadcrumb":{"@id":"https:\/\/memurunsesi.net\/index.php\/2025\/03\/25\/aliagali-karateciler-kusadasindan-5-madalya-ile-dondu\/#breadcrumb"},"inLanguage":"tr","potentialAction":[{"@type":"ReadAction","target":["https:\/\/memurunsesi.net\/index.php\/2025\/03\/25\/aliagali-karateciler-kusadasindan-5-madalya-ile-dondu\/"]}]},{"@type":"ImageObject","inLanguage":"tr","@id":"https:\/\/memurunsesi.net\/index.php\/2025\/03\/25\/aliagali-karateciler-kusadasindan-5-madalya-ile-dondu\/#primaryimage","url":"https:\/\/memurunsesi.net\/wp-content\/uploads\/2025\/03\/AW419430_01.jpg","contentUrl":"https:\/\/memurunsesi.net\/wp-content\/uploads\/2025\/03\/AW419430_01.jpg","width":1533,"height":1145,"caption":"TURNUVAYA 9 SPORCUSUYLA KATILAN AL\u0130A\u011eA BELED\u0130YES\u0130 SPOR OKULLARI KARATE KURSU, B\u0130N\u0130N \u00dcZER\u0130NDE KARATEC\u0130N\u0130N M\u00dcCADELE ETT\u0130\u011e\u0130 TURNUVADAN 5 MADALYA B\u0130RDEN KAZANARAK D\u00d6ND\u00dc. (\u0130HA\/\u0130ZM\u0130R-\u0130HA) Alia\u011fa Belediyesi Spor Okullar\u0131 b\u00fcnyesinde e\u011fitim g\u00f6ren karate kursunun \u00f6\u011frencileri, Ku\u015fadas\u0131'nda d\u00fczenlenen Open Cup 2025 turnuvas\u0131nda 5 madalya birden kazand\u0131."},{"@type":"BreadcrumbList","@id":"https:\/\/memurunsesi.net\/index.php\/2025\/03\/25\/aliagali-karateciler-kusadasindan-5-madalya-ile-dondu\/#breadcrumb","itemListElement":[{"@type":"ListItem","position":1,"name":"Anasayfa","item":"https:\/\/memurunsesi.net\/"},{"@type":"ListItem","position":2,"name":"Alia\u011fal\u0131 karateciler Ku\u015fadas\u0131\u2019ndan 5 madalya ile d\u00f6nd\u00fc"}]},{"@type":"WebSite","@id":"https:\/\/memurunsesi.net\/#website","url":"https:\/\/memurunsesi.net\/","name":"Memurun Sesi","description":"G\u00fcncel ve Do\u011fru Haber","publisher":{"@id":"https:\/\/memurunsesi.net\/#organization"},"potentialAction":[{"@type":"SearchAction","target":{"@type":"EntryPoint","urlTemplate":"https:\/\/memurunsesi.net\/?s={search_term_string}"},"query-input":{"@type":"PropertyValueSpecification","valueRequired":true,"valueName":"search_term_string"}}],"inLanguage":"tr"},{"@type":"Organization","@id":"https:\/\/memurunsesi.net\/#organization","name":"Memurun Sesi","url":"https:\/\/memurunsesi.net\/","logo":{"@type":"ImageObject","inLanguage":"tr","@id":"https:\/\/memurunsesi.net\/#\/schema\/logo\/image\/","url":"https:\/\/memurunsesi.net\/wp-content\/uploads\/2025\/11\/cropped-MEMURUN-SESI.png","contentUrl":"https:\/\/memurunsesi.net\/wp-content\/uploads\/2025\/11\/cropped-MEMURUN-SESI.png","width":238,"height":57,"caption":"Memurun Sesi"},"image":{"@id":"https:\/\/memurunsesi.net\/#\/schema\/logo\/image\/"},"sameAs":["https:\/\/www.facebook.com\/unipersen\/?locale=tr_TR","https:\/\/x.com\/unipersen"]},{"@type":"Person","@id":"https:\/\/memurunsesi.net\/#\/schema\/person\/f21c2d73b89f6ee1d80b0a1803e38587","name":"Memurun Sesi Haber Merkezi","image":{"@type":"ImageObject","inLanguage":"tr","@id":"https:\/\/secure.gravatar.com\/avatar\/6cf0505f452ee753f485014986fab09a434671d2b919ee76fc541025c5876a70?s=96&d=mm&r=g","url":"https:\/\/secure.gravatar.com\/avatar\/6cf0505f452ee753f485014986fab09a434671d2b919ee76fc541025c5876a70?s=96&d=mm&r=g","contentUrl":"https:\/\/secure.gravatar.com\/avatar\/6cf0505f452ee753f485014986fab09a434671d2b919ee76fc541025c5876a70?s=96&d=mm&r=g","caption":"Memurun Sesi Haber Merkezi"},"sameAs":["https:\/\/memurunsesi.net"],"url":"https:\/\/memurunsesi.net\/index.php\/author\/uniper\/"}]}},"_links":{"self":[{"href":"https:\/\/memurunsesi.net\/index.php\/wp-json\/wp\/v2\/posts\/4372","targetHints":{"allow":["GET"]}}],"collection":[{"href":"https:\/\/memurunsesi.net\/index.php\/wp-json\/wp\/v2\/posts"}],"about":[{"href":"https:\/\/memurunsesi.net\/index.php\/wp-json\/wp\/v2\/types\/post"}],"author":[{"embeddable":true,"href":"https:\/\/memurunsesi.net\/index.php\/wp-json\/wp\/v2\/users\/1"}],"replies":[{"embeddable":true,"href":"https:\/\/memurunsesi.net\/index.php\/wp-json\/wp\/v2\/comments?post=4372"}],"version-history":[{"count":1,"href":"https:\/\/memurunsesi.net\/index.php\/wp-json\/wp\/v2\/posts\/4372\/revisions"}],"predecessor-version":[{"id":4374,"href":"https:\/\/memurunsesi.net\/index.php\/wp-json\/wp\/v2\/posts\/4372\/revisions\/4374"}],"wp:featuredmedia":[{"embeddable":true,"href":"https:\/\/memurunsesi.net\/index.php\/wp-json\/wp\/v2\/media\/4373"}],"wp:attachment":[{"href":"https:\/\/memurunsesi.net\/index.php\/wp-json\/wp\/v2\/media?parent=4372"}],"wp:term":[{"taxonomy":"category","embeddable":true,"href":"https:\/\/memurunsesi.net\/index.php\/wp-json\/wp\/v2\/categories?post=4372"},{"taxonomy":"post_tag","embeddable":true,"href":"https:\/\/memurunsesi.net\/index.php\/wp-json\/wp\/v2\/tags?post=4372"}],"curies":[{"name":"wp","href":"https:\/\/api.w.org\/{rel}","templated":true}]}}