{"id":4375,"date":"2025-03-25T10:32:26","date_gmt":"2025-03-25T07:32:26","guid":{"rendered":"https:\/\/memurunsesi.net\/?p=4375"},"modified":"2025-03-25T10:32:26","modified_gmt":"2025-03-25T07:32:26","slug":"4375","status":"publish","type":"post","link":"https:\/\/memurunsesi.net\/index.php\/2025\/03\/25\/4375\/","title":{"rendered":""},"content":{"rendered":"<p>Alt\u0131nordu, TFF 2. Lig Beyaz Grup\u2019taki 29. hafta m\u00fccadelesinde yar\u0131n Karak\u00f6pr\u00fc Belediye Spor\u2019u konuk edecek.<br \/>\nTFF 2. Lig Beyaz Grup ekiplerinden Alt\u0131nordu, 29. hafta m\u00fccadelesinde yar\u0131n Karak\u00f6pr\u00fc Belediye Spor ile kar\u015f\u0131 kar\u015f\u0131ya gelecek. Metin Oktay Yerle\u015fkesi Serpil Hamdi T\u00fcz\u00fcn Sahas\u0131&#8217;nda oynanacak m\u00fcsabaka saat 14.00&#8217;te ba\u015flayacak. Kar\u015f\u0131la\u015fmay\u0131 Konya b\u00f6lgesi hakemlerinden Burak Akda\u011f y\u00f6netecek. M\u00fccadele \u00f6ncesinde Alt\u0131nordu 52 puanla 4. s\u0131rada yer al\u0131rken, Karak\u00f6pr\u00fc Belediye Spor ise 20 puanla 16. basamakta bulunuyor. \u0130zmir ekibi, bu zorlu m\u00fcsabakay\u0131 kazanarak \u00fcst \u00fcste galibiyet serilerine imza atmak istiyor. Alt\u0131nordu Teknik Direkt\u00f6r\u00fc Ersan Parlatan da kar\u015f\u0131la\u015fmaya dair a\u00e7\u0131klamalarda bulundu. Kendilerini yar\u0131n zor bir ma\u00e7\u0131n bekledi\u011fini ifade eden Parlatan, &#8220;Rakip durumundan dolay\u0131 bizi zorlayacakt\u0131r. Daha sert ve agresif oynayacaklard\u0131r. Saham\u0131zdaki bu ma\u00e7\u0131 kazanmak istiyoruz. Yo\u011fun ma\u00e7 trafi\u011fimiz var. Tak\u0131m\u0131n istek ve arzusu \u00fcst seviyede. Futbolcular\u0131m\u0131n antrenmanlardaki performans\u0131 olduk\u00e7a \u00fcst seviyede. Bunlar\u0131 ma\u00e7larda da sahaya yans\u0131tmak istiyoruz. Ancak ma\u00e7 ortam\u0131 farkl\u0131 oluyor, ma\u00e7ta yap\u0131lan hatalar\u0131n telafisi zor oluyor. Oyuncular\u0131m\u0131z hen\u00fcz tam istediklerimizi saha yans\u0131tam\u0131yor ama bunu kademeli olarak artt\u0131rmaya \u00e7al\u0131\u015f\u0131yoruz. Futbolcular\u0131m\u0131n istek ve arzusundan memnunum. Ma\u00e7larda iyi g\u00f6r\u00fcnt\u00fc bizim ad\u0131m\u0131za \u00f6nemli&#8221; diye konu\u015ftu.<br \/>\nParlatan, Play-off yar\u0131\u015f\u0131 hakk\u0131nda ise \u015funlar\u0131 s\u00f6yledi: &#8220;\u015eu anda matematiksel olarak her \u015fey m\u00fcmk\u00fcn. Bu tak\u0131m belli bir puan ortalamas\u0131 yakalad\u0131. Son haftaya kadar m\u00fccadelemizi s\u00fcrd\u00fcrece\u011fiz. Lig bitiminde Play-off\u2019ta hangi s\u0131ralamada olaca\u011f\u0131m\u0131z belli de\u011fil. \u00d6nemli olan Play-off s\u00fcrecine sakatl\u0131k olmadan girmek. Oraya en y\u00fcksek performans\u0131m\u0131z i\u00e7in kat\u0131lmak \u00f6nemli. K\u0131sa vadede birka\u00e7 ma\u00e7\u0131 kazanmak de\u011fil Play-off\u2019lara en iyi \u015fekilde kat\u0131l\u0131p emin ad\u0131mlarla y\u00fcr\u00fcyece\u011fiz.&#8221;<\/p>\n<p>25.03.2025<\/p>\n","protected":false},"excerpt":{"rendered":"<p>Alt\u0131nordu, TFF 2. Lig Beyaz Grup\u2019taki 29. hafta m\u00fccadelesinde yar\u0131n Karak\u00f6pr\u00fc Belediye Spor\u2019u konuk edecek. TFF 2. Lig Beyaz Grup ekiplerinden Alt\u0131nordu, 29. hafta m\u00fccadelesinde yar\u0131n Karak\u00f6pr\u00fc Belediye Spor ile kar\u015f\u0131 kar\u015f\u0131ya gelecek. Metin Oktay Yerle\u015fkesi Serpil Hamdi T\u00fcz\u00fcn Sahas\u0131&#8217;nda oynanacak m\u00fcsabaka saat 14.00&#8217;te ba\u015flayacak. Kar\u015f\u0131la\u015fmay\u0131 Konya b\u00f6lgesi hakemlerinden Burak Akda\u011f y\u00f6netecek. M\u00fccadele \u00f6ncesinde Alt\u0131nordu [&hellip;]<\/p>\n","protected":false},"author":1,"featured_media":4376,"comment_status":"open","ping_status":"open","sticky":false,"template":"","format":"standard","meta":{"footnotes":""},"categories":[57],"tags":[],"class_list":["post-4375","post","type-post","status-publish","format-standard","has-post-thumbnail","hentry","category-spor"],"yoast_head":"<!-- This site is optimized with the Yoast SEO plugin v27.4 - https:\/\/yoast.com\/product\/yoast-seo-wordpress\/ -->\n<title>- Memurun Sesi<\/title>\n<meta name=\"robots\" content=\"index, follow, max-snippet:-1, max-image-preview:large, max-video-preview:-1\" \/>\n<link rel=\"canonical\" href=\"https:\/\/memurunsesi.net\/index.php\/2025\/03\/25\/4375\/\" \/>\n<meta property=\"og:locale\" content=\"tr_TR\" \/>\n<meta property=\"og:type\" content=\"article\" \/>\n<meta property=\"og:title\" content=\"- Memurun Sesi\" \/>\n<meta property=\"og:description\" content=\"Alt\u0131nordu, TFF 2. Lig Beyaz Grup\u2019taki 29. hafta m\u00fccadelesinde yar\u0131n Karak\u00f6pr\u00fc Belediye Spor\u2019u konuk edecek. TFF 2. Lig Beyaz Grup ekiplerinden Alt\u0131nordu, 29. hafta m\u00fccadelesinde yar\u0131n Karak\u00f6pr\u00fc Belediye Spor ile kar\u015f\u0131 kar\u015f\u0131ya gelecek. Metin Oktay Yerle\u015fkesi Serpil Hamdi T\u00fcz\u00fcn Sahas\u0131&#8217;nda oynanacak m\u00fcsabaka saat 14.00&#8217;te ba\u015flayacak. Kar\u015f\u0131la\u015fmay\u0131 Konya b\u00f6lgesi hakemlerinden Burak Akda\u011f y\u00f6netecek. M\u00fccadele \u00f6ncesinde Alt\u0131nordu [&hellip;]\" \/>\n<meta property=\"og:url\" content=\"https:\/\/memurunsesi.net\/index.php\/2025\/03\/25\/4375\/\" \/>\n<meta property=\"og:site_name\" content=\"Memurun Sesi\" \/>\n<meta property=\"article:publisher\" content=\"https:\/\/www.facebook.com\/unipersen\/?locale=tr_TR\" \/>\n<meta property=\"article:published_time\" content=\"2025-03-25T07:32:26+00:00\" \/>\n<meta property=\"og:image\" content=\"https:\/\/memurunsesi.net\/wp-content\/uploads\/2025\/03\/AW419428_02.jpg\" \/>\n\t<meta property=\"og:image:width\" content=\"1200\" \/>\n\t<meta property=\"og:image:height\" content=\"800\" \/>\n\t<meta property=\"og:image:type\" content=\"image\/jpeg\" \/>\n<meta name=\"author\" content=\"Memurun Sesi Haber Merkezi\" \/>\n<meta name=\"twitter:card\" content=\"summary_large_image\" \/>\n<meta name=\"twitter:creator\" content=\"@unipersen\" \/>\n<meta name=\"twitter:site\" content=\"@unipersen\" \/>\n<meta name=\"twitter:label1\" content=\"Yazan:\" \/>\n\t<meta name=\"twitter:data1\" content=\"Memurun Sesi Haber Merkezi\" \/>\n\t<meta name=\"twitter:label2\" content=\"Tahmini okuma s\u00fcresi\" \/>\n\t<meta name=\"twitter:data2\" content=\"2 dakika\" \/>\n<script type=\"application\/ld+json\" class=\"yoast-schema-graph\">{\"@context\":\"https:\\\/\\\/schema.org\",\"@graph\":[{\"@type\":\"Article\",\"@id\":\"https:\\\/\\\/memurunsesi.net\\\/index.php\\\/2025\\\/03\\\/25\\\/4375\\\/#article\",\"isPartOf\":{\"@id\":\"https:\\\/\\\/memurunsesi.net\\\/index.php\\\/2025\\\/03\\\/25\\\/4375\\\/\"},\"author\":{\"name\":\"Memurun Sesi Haber Merkezi\",\"@id\":\"https:\\\/\\\/memurunsesi.net\\\/#\\\/schema\\\/person\\\/f21c2d73b89f6ee1d80b0a1803e38587\"},\"headline\":\"Ba\u015fl\u0131k yok\",\"datePublished\":\"2025-03-25T07:32:26+00:00\",\"mainEntityOfPage\":{\"@id\":\"https:\\\/\\\/memurunsesi.net\\\/index.php\\\/2025\\\/03\\\/25\\\/4375\\\/\"},\"wordCount\":324,\"commentCount\":0,\"publisher\":{\"@id\":\"https:\\\/\\\/memurunsesi.net\\\/#organization\"},\"image\":{\"@id\":\"https:\\\/\\\/memurunsesi.net\\\/index.php\\\/2025\\\/03\\\/25\\\/4375\\\/#primaryimage\"},\"thumbnailUrl\":\"https:\\\/\\\/memurunsesi.net\\\/wp-content\\\/uploads\\\/2025\\\/03\\\/AW419428_02.jpg\",\"articleSection\":[\"Spor\"],\"inLanguage\":\"tr\",\"potentialAction\":[{\"@type\":\"CommentAction\",\"name\":\"Comment\",\"target\":[\"https:\\\/\\\/memurunsesi.net\\\/index.php\\\/2025\\\/03\\\/25\\\/4375\\\/#respond\"]}]},{\"@type\":\"WebPage\",\"@id\":\"https:\\\/\\\/memurunsesi.net\\\/index.php\\\/2025\\\/03\\\/25\\\/4375\\\/\",\"url\":\"https:\\\/\\\/memurunsesi.net\\\/index.php\\\/2025\\\/03\\\/25\\\/4375\\\/\",\"name\":\"- Memurun Sesi\",\"isPartOf\":{\"@id\":\"https:\\\/\\\/memurunsesi.net\\\/#website\"},\"primaryImageOfPage\":{\"@id\":\"https:\\\/\\\/memurunsesi.net\\\/index.php\\\/2025\\\/03\\\/25\\\/4375\\\/#primaryimage\"},\"image\":{\"@id\":\"https:\\\/\\\/memurunsesi.net\\\/index.php\\\/2025\\\/03\\\/25\\\/4375\\\/#primaryimage\"},\"thumbnailUrl\":\"https:\\\/\\\/memurunsesi.net\\\/wp-content\\\/uploads\\\/2025\\\/03\\\/AW419428_02.jpg\",\"datePublished\":\"2025-03-25T07:32:26+00:00\",\"inLanguage\":\"tr\",\"potentialAction\":[{\"@type\":\"ReadAction\",\"target\":[\"https:\\\/\\\/memurunsesi.net\\\/index.php\\\/2025\\\/03\\\/25\\\/4375\\\/\"]}]},{\"@type\":\"ImageObject\",\"inLanguage\":\"tr\",\"@id\":\"https:\\\/\\\/memurunsesi.net\\\/index.php\\\/2025\\\/03\\\/25\\\/4375\\\/#primaryimage\",\"url\":\"https:\\\/\\\/memurunsesi.net\\\/wp-content\\\/uploads\\\/2025\\\/03\\\/AW419428_02.jpg\",\"contentUrl\":\"https:\\\/\\\/memurunsesi.net\\\/wp-content\\\/uploads\\\/2025\\\/03\\\/AW419428_02.jpg\",\"width\":1200,\"height\":800,\"caption\":\"ALTINORDU, TFF 2. L\u0130G BEYAZ GRUP'TAK\u0130 29. HAFTA M\u00dcCADELES\u0130NDE YARIN KARAK\u00d6PR\u00dc BELED\u0130YE SPOR'U KONUK EDECEK. (HASAN \u0130NCE\\\/\u0130ZM\u0130R-\u0130HA) Alt\u0131nordu, TFF 2. Lig Beyaz Grup'taki 29. hafta m\u00fccadelesinde yar\u0131n Karak\u00f6pr\u00fc Belediye Spor'u konuk edecek.\"},{\"@type\":\"WebSite\",\"@id\":\"https:\\\/\\\/memurunsesi.net\\\/#website\",\"url\":\"https:\\\/\\\/memurunsesi.net\\\/\",\"name\":\"Memurun Sesi\",\"description\":\"G\u00fcncel ve Do\u011fru Haber\",\"publisher\":{\"@id\":\"https:\\\/\\\/memurunsesi.net\\\/#organization\"},\"potentialAction\":[{\"@type\":\"SearchAction\",\"target\":{\"@type\":\"EntryPoint\",\"urlTemplate\":\"https:\\\/\\\/memurunsesi.net\\\/?s={search_term_string}\"},\"query-input\":{\"@type\":\"PropertyValueSpecification\",\"valueRequired\":true,\"valueName\":\"search_term_string\"}}],\"inLanguage\":\"tr\"},{\"@type\":\"Organization\",\"@id\":\"https:\\\/\\\/memurunsesi.net\\\/#organization\",\"name\":\"Memurun Sesi\",\"url\":\"https:\\\/\\\/memurunsesi.net\\\/\",\"logo\":{\"@type\":\"ImageObject\",\"inLanguage\":\"tr\",\"@id\":\"https:\\\/\\\/memurunsesi.net\\\/#\\\/schema\\\/logo\\\/image\\\/\",\"url\":\"https:\\\/\\\/memurunsesi.net\\\/wp-content\\\/uploads\\\/2025\\\/11\\\/cropped-MEMURUN-SESI.png\",\"contentUrl\":\"https:\\\/\\\/memurunsesi.net\\\/wp-content\\\/uploads\\\/2025\\\/11\\\/cropped-MEMURUN-SESI.png\",\"width\":238,\"height\":57,\"caption\":\"Memurun Sesi\"},\"image\":{\"@id\":\"https:\\\/\\\/memurunsesi.net\\\/#\\\/schema\\\/logo\\\/image\\\/\"},\"sameAs\":[\"https:\\\/\\\/www.facebook.com\\\/unipersen\\\/?locale=tr_TR\",\"https:\\\/\\\/x.com\\\/unipersen\"]},{\"@type\":\"Person\",\"@id\":\"https:\\\/\\\/memurunsesi.net\\\/#\\\/schema\\\/person\\\/f21c2d73b89f6ee1d80b0a1803e38587\",\"name\":\"Memurun Sesi Haber Merkezi\",\"image\":{\"@type\":\"ImageObject\",\"inLanguage\":\"tr\",\"@id\":\"https:\\\/\\\/secure.gravatar.com\\\/avatar\\\/6cf0505f452ee753f485014986fab09a434671d2b919ee76fc541025c5876a70?s=96&d=mm&r=g\",\"url\":\"https:\\\/\\\/secure.gravatar.com\\\/avatar\\\/6cf0505f452ee753f485014986fab09a434671d2b919ee76fc541025c5876a70?s=96&d=mm&r=g\",\"contentUrl\":\"https:\\\/\\\/secure.gravatar.com\\\/avatar\\\/6cf0505f452ee753f485014986fab09a434671d2b919ee76fc541025c5876a70?s=96&d=mm&r=g\",\"caption\":\"Memurun Sesi Haber Merkezi\"},\"sameAs\":[\"https:\\\/\\\/memurunsesi.net\"],\"url\":\"https:\\\/\\\/memurunsesi.net\\\/index.php\\\/author\\\/uniper\\\/\"}]}<\/script>\n<!-- \/ Yoast SEO plugin. -->","yoast_head_json":{"title":"- Memurun Sesi","robots":{"index":"index","follow":"follow","max-snippet":"max-snippet:-1","max-image-preview":"max-image-preview:large","max-video-preview":"max-video-preview:-1"},"canonical":"https:\/\/memurunsesi.net\/index.php\/2025\/03\/25\/4375\/","og_locale":"tr_TR","og_type":"article","og_title":"- Memurun Sesi","og_description":"Alt\u0131nordu, TFF 2. Lig Beyaz Grup\u2019taki 29. hafta m\u00fccadelesinde yar\u0131n Karak\u00f6pr\u00fc Belediye Spor\u2019u konuk edecek. TFF 2. Lig Beyaz Grup ekiplerinden Alt\u0131nordu, 29. hafta m\u00fccadelesinde yar\u0131n Karak\u00f6pr\u00fc Belediye Spor ile kar\u015f\u0131 kar\u015f\u0131ya gelecek. Metin Oktay Yerle\u015fkesi Serpil Hamdi T\u00fcz\u00fcn Sahas\u0131&#8217;nda oynanacak m\u00fcsabaka saat 14.00&#8217;te ba\u015flayacak. Kar\u015f\u0131la\u015fmay\u0131 Konya b\u00f6lgesi hakemlerinden Burak Akda\u011f y\u00f6netecek. M\u00fccadele \u00f6ncesinde Alt\u0131nordu [&hellip;]","og_url":"https:\/\/memurunsesi.net\/index.php\/2025\/03\/25\/4375\/","og_site_name":"Memurun Sesi","article_publisher":"https:\/\/www.facebook.com\/unipersen\/?locale=tr_TR","article_published_time":"2025-03-25T07:32:26+00:00","og_image":[{"width":1200,"height":800,"url":"https:\/\/memurunsesi.net\/wp-content\/uploads\/2025\/03\/AW419428_02.jpg","type":"image\/jpeg"}],"author":"Memurun Sesi Haber Merkezi","twitter_card":"summary_large_image","twitter_creator":"@unipersen","twitter_site":"@unipersen","twitter_misc":{"Yazan:":"Memurun Sesi Haber Merkezi","Tahmini okuma s\u00fcresi":"2 dakika"},"schema":{"@context":"https:\/\/schema.org","@graph":[{"@type":"Article","@id":"https:\/\/memurunsesi.net\/index.php\/2025\/03\/25\/4375\/#article","isPartOf":{"@id":"https:\/\/memurunsesi.net\/index.php\/2025\/03\/25\/4375\/"},"author":{"name":"Memurun Sesi Haber Merkezi","@id":"https:\/\/memurunsesi.net\/#\/schema\/person\/f21c2d73b89f6ee1d80b0a1803e38587"},"headline":"Ba\u015fl\u0131k yok","datePublished":"2025-03-25T07:32:26+00:00","mainEntityOfPage":{"@id":"https:\/\/memurunsesi.net\/index.php\/2025\/03\/25\/4375\/"},"wordCount":324,"commentCount":0,"publisher":{"@id":"https:\/\/memurunsesi.net\/#organization"},"image":{"@id":"https:\/\/memurunsesi.net\/index.php\/2025\/03\/25\/4375\/#primaryimage"},"thumbnailUrl":"https:\/\/memurunsesi.net\/wp-content\/uploads\/2025\/03\/AW419428_02.jpg","articleSection":["Spor"],"inLanguage":"tr","potentialAction":[{"@type":"CommentAction","name":"Comment","target":["https:\/\/memurunsesi.net\/index.php\/2025\/03\/25\/4375\/#respond"]}]},{"@type":"WebPage","@id":"https:\/\/memurunsesi.net\/index.php\/2025\/03\/25\/4375\/","url":"https:\/\/memurunsesi.net\/index.php\/2025\/03\/25\/4375\/","name":"- Memurun Sesi","isPartOf":{"@id":"https:\/\/memurunsesi.net\/#website"},"primaryImageOfPage":{"@id":"https:\/\/memurunsesi.net\/index.php\/2025\/03\/25\/4375\/#primaryimage"},"image":{"@id":"https:\/\/memurunsesi.net\/index.php\/2025\/03\/25\/4375\/#primaryimage"},"thumbnailUrl":"https:\/\/memurunsesi.net\/wp-content\/uploads\/2025\/03\/AW419428_02.jpg","datePublished":"2025-03-25T07:32:26+00:00","inLanguage":"tr","potentialAction":[{"@type":"ReadAction","target":["https:\/\/memurunsesi.net\/index.php\/2025\/03\/25\/4375\/"]}]},{"@type":"ImageObject","inLanguage":"tr","@id":"https:\/\/memurunsesi.net\/index.php\/2025\/03\/25\/4375\/#primaryimage","url":"https:\/\/memurunsesi.net\/wp-content\/uploads\/2025\/03\/AW419428_02.jpg","contentUrl":"https:\/\/memurunsesi.net\/wp-content\/uploads\/2025\/03\/AW419428_02.jpg","width":1200,"height":800,"caption":"ALTINORDU, TFF 2. L\u0130G BEYAZ GRUP'TAK\u0130 29. HAFTA M\u00dcCADELES\u0130NDE YARIN KARAK\u00d6PR\u00dc BELED\u0130YE SPOR'U KONUK EDECEK. (HASAN \u0130NCE\/\u0130ZM\u0130R-\u0130HA) Alt\u0131nordu, TFF 2. Lig Beyaz Grup'taki 29. hafta m\u00fccadelesinde yar\u0131n Karak\u00f6pr\u00fc Belediye Spor'u konuk edecek."},{"@type":"WebSite","@id":"https:\/\/memurunsesi.net\/#website","url":"https:\/\/memurunsesi.net\/","name":"Memurun Sesi","description":"G\u00fcncel ve Do\u011fru Haber","publisher":{"@id":"https:\/\/memurunsesi.net\/#organization"},"potentialAction":[{"@type":"SearchAction","target":{"@type":"EntryPoint","urlTemplate":"https:\/\/memurunsesi.net\/?s={search_term_string}"},"query-input":{"@type":"PropertyValueSpecification","valueRequired":true,"valueName":"search_term_string"}}],"inLanguage":"tr"},{"@type":"Organization","@id":"https:\/\/memurunsesi.net\/#organization","name":"Memurun Sesi","url":"https:\/\/memurunsesi.net\/","logo":{"@type":"ImageObject","inLanguage":"tr","@id":"https:\/\/memurunsesi.net\/#\/schema\/logo\/image\/","url":"https:\/\/memurunsesi.net\/wp-content\/uploads\/2025\/11\/cropped-MEMURUN-SESI.png","contentUrl":"https:\/\/memurunsesi.net\/wp-content\/uploads\/2025\/11\/cropped-MEMURUN-SESI.png","width":238,"height":57,"caption":"Memurun Sesi"},"image":{"@id":"https:\/\/memurunsesi.net\/#\/schema\/logo\/image\/"},"sameAs":["https:\/\/www.facebook.com\/unipersen\/?locale=tr_TR","https:\/\/x.com\/unipersen"]},{"@type":"Person","@id":"https:\/\/memurunsesi.net\/#\/schema\/person\/f21c2d73b89f6ee1d80b0a1803e38587","name":"Memurun Sesi Haber Merkezi","image":{"@type":"ImageObject","inLanguage":"tr","@id":"https:\/\/secure.gravatar.com\/avatar\/6cf0505f452ee753f485014986fab09a434671d2b919ee76fc541025c5876a70?s=96&d=mm&r=g","url":"https:\/\/secure.gravatar.com\/avatar\/6cf0505f452ee753f485014986fab09a434671d2b919ee76fc541025c5876a70?s=96&d=mm&r=g","contentUrl":"https:\/\/secure.gravatar.com\/avatar\/6cf0505f452ee753f485014986fab09a434671d2b919ee76fc541025c5876a70?s=96&d=mm&r=g","caption":"Memurun Sesi Haber Merkezi"},"sameAs":["https:\/\/memurunsesi.net"],"url":"https:\/\/memurunsesi.net\/index.php\/author\/uniper\/"}]}},"_links":{"self":[{"href":"https:\/\/memurunsesi.net\/index.php\/wp-json\/wp\/v2\/posts\/4375","targetHints":{"allow":["GET"]}}],"collection":[{"href":"https:\/\/memurunsesi.net\/index.php\/wp-json\/wp\/v2\/posts"}],"about":[{"href":"https:\/\/memurunsesi.net\/index.php\/wp-json\/wp\/v2\/types\/post"}],"author":[{"embeddable":true,"href":"https:\/\/memurunsesi.net\/index.php\/wp-json\/wp\/v2\/users\/1"}],"replies":[{"embeddable":true,"href":"https:\/\/memurunsesi.net\/index.php\/wp-json\/wp\/v2\/comments?post=4375"}],"version-history":[{"count":1,"href":"https:\/\/memurunsesi.net\/index.php\/wp-json\/wp\/v2\/posts\/4375\/revisions"}],"predecessor-version":[{"id":4377,"href":"https:\/\/memurunsesi.net\/index.php\/wp-json\/wp\/v2\/posts\/4375\/revisions\/4377"}],"wp:featuredmedia":[{"embeddable":true,"href":"https:\/\/memurunsesi.net\/index.php\/wp-json\/wp\/v2\/media\/4376"}],"wp:attachment":[{"href":"https:\/\/memurunsesi.net\/index.php\/wp-json\/wp\/v2\/media?parent=4375"}],"wp:term":[{"taxonomy":"category","embeddable":true,"href":"https:\/\/memurunsesi.net\/index.php\/wp-json\/wp\/v2\/categories?post=4375"},{"taxonomy":"post_tag","embeddable":true,"href":"https:\/\/memurunsesi.net\/index.php\/wp-json\/wp\/v2\/tags?post=4375"}],"curies":[{"name":"wp","href":"https:\/\/api.w.org\/{rel}","templated":true}]}}