{"id":4378,"date":"2025-03-25T10:33:55","date_gmt":"2025-03-25T07:33:55","guid":{"rendered":"https:\/\/memurunsesi.net\/?p=4378"},"modified":"2025-03-25T10:33:55","modified_gmt":"2025-03-25T07:33:55","slug":"esenyurta-yeni-saglikli-yasam-merkezi","status":"publish","type":"post","link":"https:\/\/memurunsesi.net\/index.php\/2025\/03\/25\/esenyurta-yeni-saglikli-yasam-merkezi\/","title":{"rendered":"Esenyurt\u2019a yeni Sa\u011fl\u0131kl\u0131 Ya\u015fam Merkezi"},"content":{"rendered":"<p>Esenyurt Belediye Ba\u015fkan Vekili Can Aksoy\u2019un giri\u015fimleriyle yakla\u015f\u0131k 4 bin 700 metrekarelik at\u0131l alan Sa\u011fl\u0131kl\u0131 Ya\u015fam Merkezi\u2019ne d\u00f6n\u00fc\u015ft\u00fcr\u00fclecek.<br \/>\nEsenyurt \u0130stiklal Mahallesi\u2019ndeki yakla\u015f\u0131k 4 bin 700 metrekarelik at\u0131l alan, Belediye Ba\u015fkan Vekili Can Aksoy\u2019un giri\u015fimleriyle Sa\u011fl\u0131kl\u0131 Ya\u015fam Merkezi\u2019ne d\u00f6n\u00fc\u015ft\u00fcr\u00fclecek. Esenyurt Kaymakam\u0131 Fatih \u00c7obano\u011flu ve \u0130l\u00e7e Sa\u011fl\u0131k M\u00fcd\u00fcr\u00fc Oktay Dokuz ile birlikte \u0130stiklal Mahallesi\u2019ndeki yap\u0131da incelemelerde bulunan Aksoy, alan\u0131 Sa\u011fl\u0131kl\u0131 Ya\u015fam Merkezi yap\u0131lmak \u00fczere Sa\u011fl\u0131k Bakanl\u0131\u011f\u0131\u2019na devredeceklerini s\u00f6yledi. G\u00f6reve geldi\u011fi g\u00fcnden bu yana \u0130l\u00e7enin sa\u011fl\u0131k sorunlar\u0131n\u0131 \u00e7\u00f6zecek projeleri hayata ge\u00e7iren Aksoy, &#8220;\u0130stiklal Mahallesi\u2019nde yakla\u015f\u0131k yedi y\u0131ld\u0131r at\u0131l durumda bekleyen cami alt\u0131ndaki bo\u015f alan\u0131, Kaymakam\u0131m\u0131z Say\u0131n Fatih \u00c7obano\u011flu ile birlikte yerinde inceledik. Buray\u0131 Sa\u011fl\u0131kl\u0131 Ya\u015fam Merkezi olarak halk\u0131m\u0131z\u0131n hizmetine a\u00e7aca\u011f\u0131z. Kurumlar\u0131m\u0131z aras\u0131nda g\u00fcvene dayal\u0131 ve kamu yarar\u0131 odakl\u0131 i\u015fbirli\u011fi projelerimizi geli\u015ftirmeye devam edece\u011fiz&#8221; dedi.<\/p>\n<p>25.03.2025<\/p>\n","protected":false},"excerpt":{"rendered":"<p>Esenyurt Belediye Ba\u015fkan Vekili Can Aksoy\u2019un giri\u015fimleriyle yakla\u015f\u0131k 4 bin 700 metrekarelik at\u0131l alan Sa\u011fl\u0131kl\u0131 Ya\u015fam Merkezi\u2019ne d\u00f6n\u00fc\u015ft\u00fcr\u00fclecek. Esenyurt \u0130stiklal Mahallesi\u2019ndeki yakla\u015f\u0131k 4 bin 700 metrekarelik at\u0131l alan, Belediye Ba\u015fkan Vekili Can Aksoy\u2019un giri\u015fimleriyle Sa\u011fl\u0131kl\u0131 Ya\u015fam Merkezi\u2019ne d\u00f6n\u00fc\u015ft\u00fcr\u00fclecek. Esenyurt Kaymakam\u0131 Fatih \u00c7obano\u011flu ve \u0130l\u00e7e Sa\u011fl\u0131k M\u00fcd\u00fcr\u00fc Oktay Dokuz ile birlikte \u0130stiklal Mahallesi\u2019ndeki yap\u0131da incelemelerde bulunan [&hellip;]<\/p>\n","protected":false},"author":1,"featured_media":4379,"comment_status":"open","ping_status":"open","sticky":false,"template":"","format":"standard","meta":{"footnotes":""},"categories":[1],"tags":[],"class_list":["post-4378","post","type-post","status-publish","format-standard","has-post-thumbnail","hentry","category-genel"],"yoast_head":"<!-- This site is optimized with the Yoast SEO plugin v27.4 - https:\/\/yoast.com\/product\/yoast-seo-wordpress\/ -->\n<title>Esenyurt\u2019a yeni Sa\u011fl\u0131kl\u0131 Ya\u015fam Merkezi - Memurun Sesi<\/title>\n<meta name=\"robots\" content=\"index, follow, max-snippet:-1, max-image-preview:large, max-video-preview:-1\" \/>\n<link rel=\"canonical\" href=\"https:\/\/memurunsesi.net\/index.php\/2025\/03\/25\/esenyurta-yeni-saglikli-yasam-merkezi\/\" \/>\n<meta property=\"og:locale\" content=\"tr_TR\" \/>\n<meta property=\"og:type\" content=\"article\" \/>\n<meta property=\"og:title\" content=\"Esenyurt\u2019a yeni Sa\u011fl\u0131kl\u0131 Ya\u015fam Merkezi - Memurun Sesi\" \/>\n<meta property=\"og:description\" content=\"Esenyurt Belediye Ba\u015fkan Vekili Can Aksoy\u2019un giri\u015fimleriyle yakla\u015f\u0131k 4 bin 700 metrekarelik at\u0131l alan Sa\u011fl\u0131kl\u0131 Ya\u015fam Merkezi\u2019ne d\u00f6n\u00fc\u015ft\u00fcr\u00fclecek. Esenyurt \u0130stiklal Mahallesi\u2019ndeki yakla\u015f\u0131k 4 bin 700 metrekarelik at\u0131l alan, Belediye Ba\u015fkan Vekili Can Aksoy\u2019un giri\u015fimleriyle Sa\u011fl\u0131kl\u0131 Ya\u015fam Merkezi\u2019ne d\u00f6n\u00fc\u015ft\u00fcr\u00fclecek. Esenyurt Kaymakam\u0131 Fatih \u00c7obano\u011flu ve \u0130l\u00e7e Sa\u011fl\u0131k M\u00fcd\u00fcr\u00fc Oktay Dokuz ile birlikte \u0130stiklal Mahallesi\u2019ndeki yap\u0131da incelemelerde bulunan [&hellip;]\" \/>\n<meta property=\"og:url\" content=\"https:\/\/memurunsesi.net\/index.php\/2025\/03\/25\/esenyurta-yeni-saglikli-yasam-merkezi\/\" \/>\n<meta property=\"og:site_name\" content=\"Memurun Sesi\" \/>\n<meta property=\"article:publisher\" content=\"https:\/\/www.facebook.com\/unipersen\/?locale=tr_TR\" \/>\n<meta property=\"article:published_time\" content=\"2025-03-25T07:33:55+00:00\" \/>\n<meta property=\"og:image\" content=\"https:\/\/memurunsesi.net\/wp-content\/uploads\/2025\/03\/AW419470_01-scaled.jpg\" \/>\n\t<meta property=\"og:image:width\" content=\"2560\" \/>\n\t<meta property=\"og:image:height\" content=\"1707\" \/>\n\t<meta property=\"og:image:type\" content=\"image\/jpeg\" \/>\n<meta name=\"author\" content=\"Memurun Sesi Haber Merkezi\" \/>\n<meta name=\"twitter:card\" content=\"summary_large_image\" \/>\n<meta name=\"twitter:creator\" content=\"@unipersen\" \/>\n<meta name=\"twitter:site\" content=\"@unipersen\" \/>\n<meta name=\"twitter:label1\" content=\"Yazan:\" \/>\n\t<meta name=\"twitter:data1\" content=\"Memurun Sesi Haber Merkezi\" \/>\n\t<meta name=\"twitter:label2\" content=\"Tahmini okuma s\u00fcresi\" \/>\n\t<meta name=\"twitter:data2\" content=\"1 dakika\" \/>\n<script type=\"application\/ld+json\" class=\"yoast-schema-graph\">{\"@context\":\"https:\\\/\\\/schema.org\",\"@graph\":[{\"@type\":\"Article\",\"@id\":\"https:\\\/\\\/memurunsesi.net\\\/index.php\\\/2025\\\/03\\\/25\\\/esenyurta-yeni-saglikli-yasam-merkezi\\\/#article\",\"isPartOf\":{\"@id\":\"https:\\\/\\\/memurunsesi.net\\\/index.php\\\/2025\\\/03\\\/25\\\/esenyurta-yeni-saglikli-yasam-merkezi\\\/\"},\"author\":{\"name\":\"Memurun Sesi Haber Merkezi\",\"@id\":\"https:\\\/\\\/memurunsesi.net\\\/#\\\/schema\\\/person\\\/f21c2d73b89f6ee1d80b0a1803e38587\"},\"headline\":\"Esenyurt\u2019a yeni Sa\u011fl\u0131kl\u0131 Ya\u015fam Merkezi\",\"datePublished\":\"2025-03-25T07:33:55+00:00\",\"mainEntityOfPage\":{\"@id\":\"https:\\\/\\\/memurunsesi.net\\\/index.php\\\/2025\\\/03\\\/25\\\/esenyurta-yeni-saglikli-yasam-merkezi\\\/\"},\"wordCount\":203,\"commentCount\":0,\"publisher\":{\"@id\":\"https:\\\/\\\/memurunsesi.net\\\/#organization\"},\"image\":{\"@id\":\"https:\\\/\\\/memurunsesi.net\\\/index.php\\\/2025\\\/03\\\/25\\\/esenyurta-yeni-saglikli-yasam-merkezi\\\/#primaryimage\"},\"thumbnailUrl\":\"https:\\\/\\\/memurunsesi.net\\\/wp-content\\\/uploads\\\/2025\\\/03\\\/AW419470_01-scaled.jpg\",\"inLanguage\":\"tr\",\"potentialAction\":[{\"@type\":\"CommentAction\",\"name\":\"Comment\",\"target\":[\"https:\\\/\\\/memurunsesi.net\\\/index.php\\\/2025\\\/03\\\/25\\\/esenyurta-yeni-saglikli-yasam-merkezi\\\/#respond\"]}]},{\"@type\":\"WebPage\",\"@id\":\"https:\\\/\\\/memurunsesi.net\\\/index.php\\\/2025\\\/03\\\/25\\\/esenyurta-yeni-saglikli-yasam-merkezi\\\/\",\"url\":\"https:\\\/\\\/memurunsesi.net\\\/index.php\\\/2025\\\/03\\\/25\\\/esenyurta-yeni-saglikli-yasam-merkezi\\\/\",\"name\":\"Esenyurt\u2019a yeni Sa\u011fl\u0131kl\u0131 Ya\u015fam Merkezi - Memurun Sesi\",\"isPartOf\":{\"@id\":\"https:\\\/\\\/memurunsesi.net\\\/#website\"},\"primaryImageOfPage\":{\"@id\":\"https:\\\/\\\/memurunsesi.net\\\/index.php\\\/2025\\\/03\\\/25\\\/esenyurta-yeni-saglikli-yasam-merkezi\\\/#primaryimage\"},\"image\":{\"@id\":\"https:\\\/\\\/memurunsesi.net\\\/index.php\\\/2025\\\/03\\\/25\\\/esenyurta-yeni-saglikli-yasam-merkezi\\\/#primaryimage\"},\"thumbnailUrl\":\"https:\\\/\\\/memurunsesi.net\\\/wp-content\\\/uploads\\\/2025\\\/03\\\/AW419470_01-scaled.jpg\",\"datePublished\":\"2025-03-25T07:33:55+00:00\",\"breadcrumb\":{\"@id\":\"https:\\\/\\\/memurunsesi.net\\\/index.php\\\/2025\\\/03\\\/25\\\/esenyurta-yeni-saglikli-yasam-merkezi\\\/#breadcrumb\"},\"inLanguage\":\"tr\",\"potentialAction\":[{\"@type\":\"ReadAction\",\"target\":[\"https:\\\/\\\/memurunsesi.net\\\/index.php\\\/2025\\\/03\\\/25\\\/esenyurta-yeni-saglikli-yasam-merkezi\\\/\"]}]},{\"@type\":\"ImageObject\",\"inLanguage\":\"tr\",\"@id\":\"https:\\\/\\\/memurunsesi.net\\\/index.php\\\/2025\\\/03\\\/25\\\/esenyurta-yeni-saglikli-yasam-merkezi\\\/#primaryimage\",\"url\":\"https:\\\/\\\/memurunsesi.net\\\/wp-content\\\/uploads\\\/2025\\\/03\\\/AW419470_01-scaled.jpg\",\"contentUrl\":\"https:\\\/\\\/memurunsesi.net\\\/wp-content\\\/uploads\\\/2025\\\/03\\\/AW419470_01-scaled.jpg\",\"width\":2560,\"height\":1707,\"caption\":\"ESENYURT BELED\u0130YE BA\u015eKAN VEK\u0130L\u0130 CAN AKSOY'UN G\u0130R\u0130\u015e\u0130MLER\u0130YLE YAKLA\u015eIK 4 B\u0130N 700 METREKAREL\u0130K ATIL ALAN SA\u011eLIKLI YA\u015eAM MERKEZ\u0130'NE D\u00d6N\u00dc\u015eT\u00dcR\u00dcLECEK. (\u0130HA\\\/\u0130STANBUL-\u0130HA) Esenyurt Belediye Ba\u015fkan Vekili Can Aksoy'un giri\u015fimleriyle yakla\u015f\u0131k 4 bin 700 metrekarelik at\u0131l alan Sa\u011fl\u0131kl\u0131 Ya\u015fam Merkezi'ne d\u00f6n\u00fc\u015ft\u00fcr\u00fclecek.\"},{\"@type\":\"BreadcrumbList\",\"@id\":\"https:\\\/\\\/memurunsesi.net\\\/index.php\\\/2025\\\/03\\\/25\\\/esenyurta-yeni-saglikli-yasam-merkezi\\\/#breadcrumb\",\"itemListElement\":[{\"@type\":\"ListItem\",\"position\":1,\"name\":\"Anasayfa\",\"item\":\"https:\\\/\\\/memurunsesi.net\\\/\"},{\"@type\":\"ListItem\",\"position\":2,\"name\":\"Esenyurt\u2019a yeni Sa\u011fl\u0131kl\u0131 Ya\u015fam Merkezi\"}]},{\"@type\":\"WebSite\",\"@id\":\"https:\\\/\\\/memurunsesi.net\\\/#website\",\"url\":\"https:\\\/\\\/memurunsesi.net\\\/\",\"name\":\"Memurun Sesi\",\"description\":\"G\u00fcncel ve Do\u011fru Haber\",\"publisher\":{\"@id\":\"https:\\\/\\\/memurunsesi.net\\\/#organization\"},\"potentialAction\":[{\"@type\":\"SearchAction\",\"target\":{\"@type\":\"EntryPoint\",\"urlTemplate\":\"https:\\\/\\\/memurunsesi.net\\\/?s={search_term_string}\"},\"query-input\":{\"@type\":\"PropertyValueSpecification\",\"valueRequired\":true,\"valueName\":\"search_term_string\"}}],\"inLanguage\":\"tr\"},{\"@type\":\"Organization\",\"@id\":\"https:\\\/\\\/memurunsesi.net\\\/#organization\",\"name\":\"Memurun Sesi\",\"url\":\"https:\\\/\\\/memurunsesi.net\\\/\",\"logo\":{\"@type\":\"ImageObject\",\"inLanguage\":\"tr\",\"@id\":\"https:\\\/\\\/memurunsesi.net\\\/#\\\/schema\\\/logo\\\/image\\\/\",\"url\":\"https:\\\/\\\/memurunsesi.net\\\/wp-content\\\/uploads\\\/2025\\\/11\\\/cropped-MEMURUN-SESI.png\",\"contentUrl\":\"https:\\\/\\\/memurunsesi.net\\\/wp-content\\\/uploads\\\/2025\\\/11\\\/cropped-MEMURUN-SESI.png\",\"width\":238,\"height\":57,\"caption\":\"Memurun Sesi\"},\"image\":{\"@id\":\"https:\\\/\\\/memurunsesi.net\\\/#\\\/schema\\\/logo\\\/image\\\/\"},\"sameAs\":[\"https:\\\/\\\/www.facebook.com\\\/unipersen\\\/?locale=tr_TR\",\"https:\\\/\\\/x.com\\\/unipersen\"]},{\"@type\":\"Person\",\"@id\":\"https:\\\/\\\/memurunsesi.net\\\/#\\\/schema\\\/person\\\/f21c2d73b89f6ee1d80b0a1803e38587\",\"name\":\"Memurun Sesi Haber Merkezi\",\"image\":{\"@type\":\"ImageObject\",\"inLanguage\":\"tr\",\"@id\":\"https:\\\/\\\/secure.gravatar.com\\\/avatar\\\/6cf0505f452ee753f485014986fab09a434671d2b919ee76fc541025c5876a70?s=96&d=mm&r=g\",\"url\":\"https:\\\/\\\/secure.gravatar.com\\\/avatar\\\/6cf0505f452ee753f485014986fab09a434671d2b919ee76fc541025c5876a70?s=96&d=mm&r=g\",\"contentUrl\":\"https:\\\/\\\/secure.gravatar.com\\\/avatar\\\/6cf0505f452ee753f485014986fab09a434671d2b919ee76fc541025c5876a70?s=96&d=mm&r=g\",\"caption\":\"Memurun Sesi Haber Merkezi\"},\"sameAs\":[\"https:\\\/\\\/memurunsesi.net\"],\"url\":\"https:\\\/\\\/memurunsesi.net\\\/index.php\\\/author\\\/uniper\\\/\"}]}<\/script>\n<!-- \/ Yoast SEO plugin. -->","yoast_head_json":{"title":"Esenyurt\u2019a yeni Sa\u011fl\u0131kl\u0131 Ya\u015fam Merkezi - Memurun Sesi","robots":{"index":"index","follow":"follow","max-snippet":"max-snippet:-1","max-image-preview":"max-image-preview:large","max-video-preview":"max-video-preview:-1"},"canonical":"https:\/\/memurunsesi.net\/index.php\/2025\/03\/25\/esenyurta-yeni-saglikli-yasam-merkezi\/","og_locale":"tr_TR","og_type":"article","og_title":"Esenyurt\u2019a yeni Sa\u011fl\u0131kl\u0131 Ya\u015fam Merkezi - Memurun Sesi","og_description":"Esenyurt Belediye Ba\u015fkan Vekili Can Aksoy\u2019un giri\u015fimleriyle yakla\u015f\u0131k 4 bin 700 metrekarelik at\u0131l alan Sa\u011fl\u0131kl\u0131 Ya\u015fam Merkezi\u2019ne d\u00f6n\u00fc\u015ft\u00fcr\u00fclecek. Esenyurt \u0130stiklal Mahallesi\u2019ndeki yakla\u015f\u0131k 4 bin 700 metrekarelik at\u0131l alan, Belediye Ba\u015fkan Vekili Can Aksoy\u2019un giri\u015fimleriyle Sa\u011fl\u0131kl\u0131 Ya\u015fam Merkezi\u2019ne d\u00f6n\u00fc\u015ft\u00fcr\u00fclecek. Esenyurt Kaymakam\u0131 Fatih \u00c7obano\u011flu ve \u0130l\u00e7e Sa\u011fl\u0131k M\u00fcd\u00fcr\u00fc Oktay Dokuz ile birlikte \u0130stiklal Mahallesi\u2019ndeki yap\u0131da incelemelerde bulunan [&hellip;]","og_url":"https:\/\/memurunsesi.net\/index.php\/2025\/03\/25\/esenyurta-yeni-saglikli-yasam-merkezi\/","og_site_name":"Memurun Sesi","article_publisher":"https:\/\/www.facebook.com\/unipersen\/?locale=tr_TR","article_published_time":"2025-03-25T07:33:55+00:00","og_image":[{"width":2560,"height":1707,"url":"https:\/\/memurunsesi.net\/wp-content\/uploads\/2025\/03\/AW419470_01-scaled.jpg","type":"image\/jpeg"}],"author":"Memurun Sesi Haber Merkezi","twitter_card":"summary_large_image","twitter_creator":"@unipersen","twitter_site":"@unipersen","twitter_misc":{"Yazan:":"Memurun Sesi Haber Merkezi","Tahmini okuma s\u00fcresi":"1 dakika"},"schema":{"@context":"https:\/\/schema.org","@graph":[{"@type":"Article","@id":"https:\/\/memurunsesi.net\/index.php\/2025\/03\/25\/esenyurta-yeni-saglikli-yasam-merkezi\/#article","isPartOf":{"@id":"https:\/\/memurunsesi.net\/index.php\/2025\/03\/25\/esenyurta-yeni-saglikli-yasam-merkezi\/"},"author":{"name":"Memurun Sesi Haber Merkezi","@id":"https:\/\/memurunsesi.net\/#\/schema\/person\/f21c2d73b89f6ee1d80b0a1803e38587"},"headline":"Esenyurt\u2019a yeni Sa\u011fl\u0131kl\u0131 Ya\u015fam Merkezi","datePublished":"2025-03-25T07:33:55+00:00","mainEntityOfPage":{"@id":"https:\/\/memurunsesi.net\/index.php\/2025\/03\/25\/esenyurta-yeni-saglikli-yasam-merkezi\/"},"wordCount":203,"commentCount":0,"publisher":{"@id":"https:\/\/memurunsesi.net\/#organization"},"image":{"@id":"https:\/\/memurunsesi.net\/index.php\/2025\/03\/25\/esenyurta-yeni-saglikli-yasam-merkezi\/#primaryimage"},"thumbnailUrl":"https:\/\/memurunsesi.net\/wp-content\/uploads\/2025\/03\/AW419470_01-scaled.jpg","inLanguage":"tr","potentialAction":[{"@type":"CommentAction","name":"Comment","target":["https:\/\/memurunsesi.net\/index.php\/2025\/03\/25\/esenyurta-yeni-saglikli-yasam-merkezi\/#respond"]}]},{"@type":"WebPage","@id":"https:\/\/memurunsesi.net\/index.php\/2025\/03\/25\/esenyurta-yeni-saglikli-yasam-merkezi\/","url":"https:\/\/memurunsesi.net\/index.php\/2025\/03\/25\/esenyurta-yeni-saglikli-yasam-merkezi\/","name":"Esenyurt\u2019a yeni Sa\u011fl\u0131kl\u0131 Ya\u015fam Merkezi - Memurun Sesi","isPartOf":{"@id":"https:\/\/memurunsesi.net\/#website"},"primaryImageOfPage":{"@id":"https:\/\/memurunsesi.net\/index.php\/2025\/03\/25\/esenyurta-yeni-saglikli-yasam-merkezi\/#primaryimage"},"image":{"@id":"https:\/\/memurunsesi.net\/index.php\/2025\/03\/25\/esenyurta-yeni-saglikli-yasam-merkezi\/#primaryimage"},"thumbnailUrl":"https:\/\/memurunsesi.net\/wp-content\/uploads\/2025\/03\/AW419470_01-scaled.jpg","datePublished":"2025-03-25T07:33:55+00:00","breadcrumb":{"@id":"https:\/\/memurunsesi.net\/index.php\/2025\/03\/25\/esenyurta-yeni-saglikli-yasam-merkezi\/#breadcrumb"},"inLanguage":"tr","potentialAction":[{"@type":"ReadAction","target":["https:\/\/memurunsesi.net\/index.php\/2025\/03\/25\/esenyurta-yeni-saglikli-yasam-merkezi\/"]}]},{"@type":"ImageObject","inLanguage":"tr","@id":"https:\/\/memurunsesi.net\/index.php\/2025\/03\/25\/esenyurta-yeni-saglikli-yasam-merkezi\/#primaryimage","url":"https:\/\/memurunsesi.net\/wp-content\/uploads\/2025\/03\/AW419470_01-scaled.jpg","contentUrl":"https:\/\/memurunsesi.net\/wp-content\/uploads\/2025\/03\/AW419470_01-scaled.jpg","width":2560,"height":1707,"caption":"ESENYURT BELED\u0130YE BA\u015eKAN VEK\u0130L\u0130 CAN AKSOY'UN G\u0130R\u0130\u015e\u0130MLER\u0130YLE YAKLA\u015eIK 4 B\u0130N 700 METREKAREL\u0130K ATIL ALAN SA\u011eLIKLI YA\u015eAM MERKEZ\u0130'NE D\u00d6N\u00dc\u015eT\u00dcR\u00dcLECEK. (\u0130HA\/\u0130STANBUL-\u0130HA) Esenyurt Belediye Ba\u015fkan Vekili Can Aksoy'un giri\u015fimleriyle yakla\u015f\u0131k 4 bin 700 metrekarelik at\u0131l alan Sa\u011fl\u0131kl\u0131 Ya\u015fam Merkezi'ne d\u00f6n\u00fc\u015ft\u00fcr\u00fclecek."},{"@type":"BreadcrumbList","@id":"https:\/\/memurunsesi.net\/index.php\/2025\/03\/25\/esenyurta-yeni-saglikli-yasam-merkezi\/#breadcrumb","itemListElement":[{"@type":"ListItem","position":1,"name":"Anasayfa","item":"https:\/\/memurunsesi.net\/"},{"@type":"ListItem","position":2,"name":"Esenyurt\u2019a yeni Sa\u011fl\u0131kl\u0131 Ya\u015fam Merkezi"}]},{"@type":"WebSite","@id":"https:\/\/memurunsesi.net\/#website","url":"https:\/\/memurunsesi.net\/","name":"Memurun Sesi","description":"G\u00fcncel ve Do\u011fru Haber","publisher":{"@id":"https:\/\/memurunsesi.net\/#organization"},"potentialAction":[{"@type":"SearchAction","target":{"@type":"EntryPoint","urlTemplate":"https:\/\/memurunsesi.net\/?s={search_term_string}"},"query-input":{"@type":"PropertyValueSpecification","valueRequired":true,"valueName":"search_term_string"}}],"inLanguage":"tr"},{"@type":"Organization","@id":"https:\/\/memurunsesi.net\/#organization","name":"Memurun Sesi","url":"https:\/\/memurunsesi.net\/","logo":{"@type":"ImageObject","inLanguage":"tr","@id":"https:\/\/memurunsesi.net\/#\/schema\/logo\/image\/","url":"https:\/\/memurunsesi.net\/wp-content\/uploads\/2025\/11\/cropped-MEMURUN-SESI.png","contentUrl":"https:\/\/memurunsesi.net\/wp-content\/uploads\/2025\/11\/cropped-MEMURUN-SESI.png","width":238,"height":57,"caption":"Memurun Sesi"},"image":{"@id":"https:\/\/memurunsesi.net\/#\/schema\/logo\/image\/"},"sameAs":["https:\/\/www.facebook.com\/unipersen\/?locale=tr_TR","https:\/\/x.com\/unipersen"]},{"@type":"Person","@id":"https:\/\/memurunsesi.net\/#\/schema\/person\/f21c2d73b89f6ee1d80b0a1803e38587","name":"Memurun Sesi Haber Merkezi","image":{"@type":"ImageObject","inLanguage":"tr","@id":"https:\/\/secure.gravatar.com\/avatar\/6cf0505f452ee753f485014986fab09a434671d2b919ee76fc541025c5876a70?s=96&d=mm&r=g","url":"https:\/\/secure.gravatar.com\/avatar\/6cf0505f452ee753f485014986fab09a434671d2b919ee76fc541025c5876a70?s=96&d=mm&r=g","contentUrl":"https:\/\/secure.gravatar.com\/avatar\/6cf0505f452ee753f485014986fab09a434671d2b919ee76fc541025c5876a70?s=96&d=mm&r=g","caption":"Memurun Sesi Haber Merkezi"},"sameAs":["https:\/\/memurunsesi.net"],"url":"https:\/\/memurunsesi.net\/index.php\/author\/uniper\/"}]}},"_links":{"self":[{"href":"https:\/\/memurunsesi.net\/index.php\/wp-json\/wp\/v2\/posts\/4378","targetHints":{"allow":["GET"]}}],"collection":[{"href":"https:\/\/memurunsesi.net\/index.php\/wp-json\/wp\/v2\/posts"}],"about":[{"href":"https:\/\/memurunsesi.net\/index.php\/wp-json\/wp\/v2\/types\/post"}],"author":[{"embeddable":true,"href":"https:\/\/memurunsesi.net\/index.php\/wp-json\/wp\/v2\/users\/1"}],"replies":[{"embeddable":true,"href":"https:\/\/memurunsesi.net\/index.php\/wp-json\/wp\/v2\/comments?post=4378"}],"version-history":[{"count":1,"href":"https:\/\/memurunsesi.net\/index.php\/wp-json\/wp\/v2\/posts\/4378\/revisions"}],"predecessor-version":[{"id":4380,"href":"https:\/\/memurunsesi.net\/index.php\/wp-json\/wp\/v2\/posts\/4378\/revisions\/4380"}],"wp:featuredmedia":[{"embeddable":true,"href":"https:\/\/memurunsesi.net\/index.php\/wp-json\/wp\/v2\/media\/4379"}],"wp:attachment":[{"href":"https:\/\/memurunsesi.net\/index.php\/wp-json\/wp\/v2\/media?parent=4378"}],"wp:term":[{"taxonomy":"category","embeddable":true,"href":"https:\/\/memurunsesi.net\/index.php\/wp-json\/wp\/v2\/categories?post=4378"},{"taxonomy":"post_tag","embeddable":true,"href":"https:\/\/memurunsesi.net\/index.php\/wp-json\/wp\/v2\/tags?post=4378"}],"curies":[{"name":"wp","href":"https:\/\/api.w.org\/{rel}","templated":true}]}}