{"id":4390,"date":"2025-03-25T10:40:11","date_gmt":"2025-03-25T07:40:11","guid":{"rendered":"https:\/\/memurunsesi.net\/?p=4390"},"modified":"2025-03-25T10:40:11","modified_gmt":"2025-03-25T07:40:11","slug":"gencler-yeteneklerini-kesfediyor","status":"publish","type":"post","link":"https:\/\/memurunsesi.net\/index.php\/2025\/03\/25\/gencler-yeteneklerini-kesfediyor\/","title":{"rendered":"Gen\u00e7ler yeteneklerini ke\u015ffediyor"},"content":{"rendered":"<p>Kartepe&#8217;de lise \u00f6\u011frencilerinin bireysel geli\u015fimlerini desteklemek amac\u0131yla d\u00fczenlenen etkinlikte gen\u00e7ler yeteneklerini sergileme f\u0131rsat\u0131 buldu.<br \/>\nKartepe Belediye Ba\u015fkan\u0131 Mustafa Kocaman\u2019\u0131n liderli\u011finde, gen\u00e7lik ve spor m\u00fcd\u00fcrl\u00fc\u011f\u00fc taraf\u0131ndan d\u00fczenlenen Ko\u00e7luk E\u011fitimi ve Sanat At\u00f6lyesi etkinli\u011fi b\u00fcy\u00fck kat\u0131l\u0131mla yap\u0131ld\u0131. Bu organizasyon, Kartepe\u2019nin do\u011fal g\u00fczelliklerinden olan Derbent Gen\u00e7lik Kamp\u0131\u2019nda ger\u00e7ekle\u015ftirildi. Gen\u00e7lerin bireysel geli\u015fimlerini desteklemek ve yeteneklerini sergileyebilecekleri zemin olu\u015fturmak amac\u0131yla d\u00fczenlenen etkinlikte, Ma\u015fukiye Anadolu Lisesi \u00f6\u011frencileri i\u00e7in \u00e7e\u015fitli e\u011fitimler organize edildi. E\u011fitim Ko\u00e7u Burcu Uzgu\u00e7 Yalg\u0131n, \u00f6\u011frencilere g\u00f6rg\u00fc ve nezaket kurallar\u0131 \u00fczerine kapsaml\u0131 bilgiler aktar\u0131rken, Sanat\u00e7\u0131 ve E\u011fitmen \u0130lgen \u0130pek Girit, seramik e\u011fitimi sa\u011flayarak \u00f6\u011frencilerin sanatsal becerilerini geli\u015ftirmelerine katk\u0131da bulundu.<\/p>\n<p>25.03.2025<\/p>\n","protected":false},"excerpt":{"rendered":"<p>Kartepe&#8217;de lise \u00f6\u011frencilerinin bireysel geli\u015fimlerini desteklemek amac\u0131yla d\u00fczenlenen etkinlikte gen\u00e7ler yeteneklerini sergileme f\u0131rsat\u0131 buldu. Kartepe Belediye Ba\u015fkan\u0131 Mustafa Kocaman\u2019\u0131n liderli\u011finde, gen\u00e7lik ve spor m\u00fcd\u00fcrl\u00fc\u011f\u00fc taraf\u0131ndan d\u00fczenlenen Ko\u00e7luk E\u011fitimi ve Sanat At\u00f6lyesi etkinli\u011fi b\u00fcy\u00fck kat\u0131l\u0131mla yap\u0131ld\u0131. Bu organizasyon, Kartepe\u2019nin do\u011fal g\u00fczelliklerinden olan Derbent Gen\u00e7lik Kamp\u0131\u2019nda ger\u00e7ekle\u015ftirildi. Gen\u00e7lerin bireysel geli\u015fimlerini desteklemek ve yeteneklerini sergileyebilecekleri zemin olu\u015fturmak amac\u0131yla [&hellip;]<\/p>\n","protected":false},"author":1,"featured_media":4391,"comment_status":"open","ping_status":"open","sticky":false,"template":"","format":"standard","meta":{"footnotes":""},"categories":[1],"tags":[],"class_list":["post-4390","post","type-post","status-publish","format-standard","has-post-thumbnail","hentry","category-genel"],"yoast_head":"<!-- This site is optimized with the Yoast SEO plugin v27.4 - https:\/\/yoast.com\/product\/yoast-seo-wordpress\/ -->\n<title>Gen\u00e7ler yeteneklerini ke\u015ffediyor - Memurun Sesi<\/title>\n<meta name=\"robots\" content=\"index, follow, max-snippet:-1, max-image-preview:large, max-video-preview:-1\" \/>\n<link rel=\"canonical\" href=\"https:\/\/memurunsesi.net\/index.php\/2025\/03\/25\/gencler-yeteneklerini-kesfediyor\/\" \/>\n<meta property=\"og:locale\" content=\"tr_TR\" \/>\n<meta property=\"og:type\" content=\"article\" \/>\n<meta property=\"og:title\" content=\"Gen\u00e7ler yeteneklerini ke\u015ffediyor - Memurun Sesi\" \/>\n<meta property=\"og:description\" content=\"Kartepe&#8217;de lise \u00f6\u011frencilerinin bireysel geli\u015fimlerini desteklemek amac\u0131yla d\u00fczenlenen etkinlikte gen\u00e7ler yeteneklerini sergileme f\u0131rsat\u0131 buldu. Kartepe Belediye Ba\u015fkan\u0131 Mustafa Kocaman\u2019\u0131n liderli\u011finde, gen\u00e7lik ve spor m\u00fcd\u00fcrl\u00fc\u011f\u00fc taraf\u0131ndan d\u00fczenlenen Ko\u00e7luk E\u011fitimi ve Sanat At\u00f6lyesi etkinli\u011fi b\u00fcy\u00fck kat\u0131l\u0131mla yap\u0131ld\u0131. Bu organizasyon, Kartepe\u2019nin do\u011fal g\u00fczelliklerinden olan Derbent Gen\u00e7lik Kamp\u0131\u2019nda ger\u00e7ekle\u015ftirildi. Gen\u00e7lerin bireysel geli\u015fimlerini desteklemek ve yeteneklerini sergileyebilecekleri zemin olu\u015fturmak amac\u0131yla [&hellip;]\" \/>\n<meta property=\"og:url\" content=\"https:\/\/memurunsesi.net\/index.php\/2025\/03\/25\/gencler-yeteneklerini-kesfediyor\/\" \/>\n<meta property=\"og:site_name\" content=\"Memurun Sesi\" \/>\n<meta property=\"article:publisher\" content=\"https:\/\/www.facebook.com\/unipersen\/?locale=tr_TR\" \/>\n<meta property=\"article:published_time\" content=\"2025-03-25T07:40:11+00:00\" \/>\n<meta property=\"og:image\" content=\"https:\/\/memurunsesi.net\/wp-content\/uploads\/2025\/03\/AW419452_01.jpg\" \/>\n\t<meta property=\"og:image:width\" content=\"1280\" \/>\n\t<meta property=\"og:image:height\" content=\"853\" \/>\n\t<meta property=\"og:image:type\" content=\"image\/jpeg\" \/>\n<meta name=\"author\" content=\"Memurun Sesi Haber Merkezi\" \/>\n<meta name=\"twitter:card\" content=\"summary_large_image\" \/>\n<meta name=\"twitter:creator\" content=\"@unipersen\" \/>\n<meta name=\"twitter:site\" content=\"@unipersen\" \/>\n<meta name=\"twitter:label1\" content=\"Yazan:\" \/>\n\t<meta name=\"twitter:data1\" content=\"Memurun Sesi Haber Merkezi\" \/>\n\t<meta name=\"twitter:label2\" content=\"Tahmini okuma s\u00fcresi\" \/>\n\t<meta name=\"twitter:data2\" content=\"1 dakika\" \/>\n<script type=\"application\/ld+json\" class=\"yoast-schema-graph\">{\"@context\":\"https:\\\/\\\/schema.org\",\"@graph\":[{\"@type\":\"Article\",\"@id\":\"https:\\\/\\\/memurunsesi.net\\\/index.php\\\/2025\\\/03\\\/25\\\/gencler-yeteneklerini-kesfediyor\\\/#article\",\"isPartOf\":{\"@id\":\"https:\\\/\\\/memurunsesi.net\\\/index.php\\\/2025\\\/03\\\/25\\\/gencler-yeteneklerini-kesfediyor\\\/\"},\"author\":{\"name\":\"Memurun Sesi Haber Merkezi\",\"@id\":\"https:\\\/\\\/memurunsesi.net\\\/#\\\/schema\\\/person\\\/f21c2d73b89f6ee1d80b0a1803e38587\"},\"headline\":\"Gen\u00e7ler yeteneklerini ke\u015ffediyor\",\"datePublished\":\"2025-03-25T07:40:11+00:00\",\"mainEntityOfPage\":{\"@id\":\"https:\\\/\\\/memurunsesi.net\\\/index.php\\\/2025\\\/03\\\/25\\\/gencler-yeteneklerini-kesfediyor\\\/\"},\"wordCount\":149,\"commentCount\":0,\"publisher\":{\"@id\":\"https:\\\/\\\/memurunsesi.net\\\/#organization\"},\"image\":{\"@id\":\"https:\\\/\\\/memurunsesi.net\\\/index.php\\\/2025\\\/03\\\/25\\\/gencler-yeteneklerini-kesfediyor\\\/#primaryimage\"},\"thumbnailUrl\":\"https:\\\/\\\/memurunsesi.net\\\/wp-content\\\/uploads\\\/2025\\\/03\\\/AW419452_01.jpg\",\"inLanguage\":\"tr\",\"potentialAction\":[{\"@type\":\"CommentAction\",\"name\":\"Comment\",\"target\":[\"https:\\\/\\\/memurunsesi.net\\\/index.php\\\/2025\\\/03\\\/25\\\/gencler-yeteneklerini-kesfediyor\\\/#respond\"]}]},{\"@type\":\"WebPage\",\"@id\":\"https:\\\/\\\/memurunsesi.net\\\/index.php\\\/2025\\\/03\\\/25\\\/gencler-yeteneklerini-kesfediyor\\\/\",\"url\":\"https:\\\/\\\/memurunsesi.net\\\/index.php\\\/2025\\\/03\\\/25\\\/gencler-yeteneklerini-kesfediyor\\\/\",\"name\":\"Gen\u00e7ler yeteneklerini ke\u015ffediyor - Memurun Sesi\",\"isPartOf\":{\"@id\":\"https:\\\/\\\/memurunsesi.net\\\/#website\"},\"primaryImageOfPage\":{\"@id\":\"https:\\\/\\\/memurunsesi.net\\\/index.php\\\/2025\\\/03\\\/25\\\/gencler-yeteneklerini-kesfediyor\\\/#primaryimage\"},\"image\":{\"@id\":\"https:\\\/\\\/memurunsesi.net\\\/index.php\\\/2025\\\/03\\\/25\\\/gencler-yeteneklerini-kesfediyor\\\/#primaryimage\"},\"thumbnailUrl\":\"https:\\\/\\\/memurunsesi.net\\\/wp-content\\\/uploads\\\/2025\\\/03\\\/AW419452_01.jpg\",\"datePublished\":\"2025-03-25T07:40:11+00:00\",\"breadcrumb\":{\"@id\":\"https:\\\/\\\/memurunsesi.net\\\/index.php\\\/2025\\\/03\\\/25\\\/gencler-yeteneklerini-kesfediyor\\\/#breadcrumb\"},\"inLanguage\":\"tr\",\"potentialAction\":[{\"@type\":\"ReadAction\",\"target\":[\"https:\\\/\\\/memurunsesi.net\\\/index.php\\\/2025\\\/03\\\/25\\\/gencler-yeteneklerini-kesfediyor\\\/\"]}]},{\"@type\":\"ImageObject\",\"inLanguage\":\"tr\",\"@id\":\"https:\\\/\\\/memurunsesi.net\\\/index.php\\\/2025\\\/03\\\/25\\\/gencler-yeteneklerini-kesfediyor\\\/#primaryimage\",\"url\":\"https:\\\/\\\/memurunsesi.net\\\/wp-content\\\/uploads\\\/2025\\\/03\\\/AW419452_01.jpg\",\"contentUrl\":\"https:\\\/\\\/memurunsesi.net\\\/wp-content\\\/uploads\\\/2025\\\/03\\\/AW419452_01.jpg\",\"width\":1280,\"height\":853,\"caption\":\"KARTEPE'DE L\u0130SE \u00d6\u011eRENC\u0130LER\u0130N\u0130N B\u0130REYSEL GEL\u0130\u015e\u0130MLER\u0130N\u0130 DESTEKLEMEK AMACIYLA D\u00dcZENLENEN ETK\u0130NL\u0130KTE GEN\u00c7LER YETENEKLER\u0130N\u0130 SERG\u0130LEME FIRSATI BULDU. (C\u0130HAN AT\u0130K\\\/KOCAEL\u0130-\u0130HA) Kartepe'de lise \u00f6\u011frencilerinin bireysel geli\u015fimlerini desteklemek amac\u0131yla d\u00fczenlenen etkinlikte gen\u00e7ler yeteneklerini sergileme f\u0131rsat\u0131 buldu.\"},{\"@type\":\"BreadcrumbList\",\"@id\":\"https:\\\/\\\/memurunsesi.net\\\/index.php\\\/2025\\\/03\\\/25\\\/gencler-yeteneklerini-kesfediyor\\\/#breadcrumb\",\"itemListElement\":[{\"@type\":\"ListItem\",\"position\":1,\"name\":\"Anasayfa\",\"item\":\"https:\\\/\\\/memurunsesi.net\\\/\"},{\"@type\":\"ListItem\",\"position\":2,\"name\":\"Gen\u00e7ler yeteneklerini ke\u015ffediyor\"}]},{\"@type\":\"WebSite\",\"@id\":\"https:\\\/\\\/memurunsesi.net\\\/#website\",\"url\":\"https:\\\/\\\/memurunsesi.net\\\/\",\"name\":\"Memurun Sesi\",\"description\":\"G\u00fcncel ve Do\u011fru Haber\",\"publisher\":{\"@id\":\"https:\\\/\\\/memurunsesi.net\\\/#organization\"},\"potentialAction\":[{\"@type\":\"SearchAction\",\"target\":{\"@type\":\"EntryPoint\",\"urlTemplate\":\"https:\\\/\\\/memurunsesi.net\\\/?s={search_term_string}\"},\"query-input\":{\"@type\":\"PropertyValueSpecification\",\"valueRequired\":true,\"valueName\":\"search_term_string\"}}],\"inLanguage\":\"tr\"},{\"@type\":\"Organization\",\"@id\":\"https:\\\/\\\/memurunsesi.net\\\/#organization\",\"name\":\"Memurun Sesi\",\"url\":\"https:\\\/\\\/memurunsesi.net\\\/\",\"logo\":{\"@type\":\"ImageObject\",\"inLanguage\":\"tr\",\"@id\":\"https:\\\/\\\/memurunsesi.net\\\/#\\\/schema\\\/logo\\\/image\\\/\",\"url\":\"https:\\\/\\\/memurunsesi.net\\\/wp-content\\\/uploads\\\/2025\\\/11\\\/cropped-MEMURUN-SESI.png\",\"contentUrl\":\"https:\\\/\\\/memurunsesi.net\\\/wp-content\\\/uploads\\\/2025\\\/11\\\/cropped-MEMURUN-SESI.png\",\"width\":238,\"height\":57,\"caption\":\"Memurun Sesi\"},\"image\":{\"@id\":\"https:\\\/\\\/memurunsesi.net\\\/#\\\/schema\\\/logo\\\/image\\\/\"},\"sameAs\":[\"https:\\\/\\\/www.facebook.com\\\/unipersen\\\/?locale=tr_TR\",\"https:\\\/\\\/x.com\\\/unipersen\"]},{\"@type\":\"Person\",\"@id\":\"https:\\\/\\\/memurunsesi.net\\\/#\\\/schema\\\/person\\\/f21c2d73b89f6ee1d80b0a1803e38587\",\"name\":\"Memurun Sesi Haber Merkezi\",\"image\":{\"@type\":\"ImageObject\",\"inLanguage\":\"tr\",\"@id\":\"https:\\\/\\\/secure.gravatar.com\\\/avatar\\\/6cf0505f452ee753f485014986fab09a434671d2b919ee76fc541025c5876a70?s=96&d=mm&r=g\",\"url\":\"https:\\\/\\\/secure.gravatar.com\\\/avatar\\\/6cf0505f452ee753f485014986fab09a434671d2b919ee76fc541025c5876a70?s=96&d=mm&r=g\",\"contentUrl\":\"https:\\\/\\\/secure.gravatar.com\\\/avatar\\\/6cf0505f452ee753f485014986fab09a434671d2b919ee76fc541025c5876a70?s=96&d=mm&r=g\",\"caption\":\"Memurun Sesi Haber Merkezi\"},\"sameAs\":[\"https:\\\/\\\/memurunsesi.net\"],\"url\":\"https:\\\/\\\/memurunsesi.net\\\/index.php\\\/author\\\/uniper\\\/\"}]}<\/script>\n<!-- \/ Yoast SEO plugin. -->","yoast_head_json":{"title":"Gen\u00e7ler yeteneklerini ke\u015ffediyor - Memurun Sesi","robots":{"index":"index","follow":"follow","max-snippet":"max-snippet:-1","max-image-preview":"max-image-preview:large","max-video-preview":"max-video-preview:-1"},"canonical":"https:\/\/memurunsesi.net\/index.php\/2025\/03\/25\/gencler-yeteneklerini-kesfediyor\/","og_locale":"tr_TR","og_type":"article","og_title":"Gen\u00e7ler yeteneklerini ke\u015ffediyor - Memurun Sesi","og_description":"Kartepe&#8217;de lise \u00f6\u011frencilerinin bireysel geli\u015fimlerini desteklemek amac\u0131yla d\u00fczenlenen etkinlikte gen\u00e7ler yeteneklerini sergileme f\u0131rsat\u0131 buldu. Kartepe Belediye Ba\u015fkan\u0131 Mustafa Kocaman\u2019\u0131n liderli\u011finde, gen\u00e7lik ve spor m\u00fcd\u00fcrl\u00fc\u011f\u00fc taraf\u0131ndan d\u00fczenlenen Ko\u00e7luk E\u011fitimi ve Sanat At\u00f6lyesi etkinli\u011fi b\u00fcy\u00fck kat\u0131l\u0131mla yap\u0131ld\u0131. Bu organizasyon, Kartepe\u2019nin do\u011fal g\u00fczelliklerinden olan Derbent Gen\u00e7lik Kamp\u0131\u2019nda ger\u00e7ekle\u015ftirildi. Gen\u00e7lerin bireysel geli\u015fimlerini desteklemek ve yeteneklerini sergileyebilecekleri zemin olu\u015fturmak amac\u0131yla [&hellip;]","og_url":"https:\/\/memurunsesi.net\/index.php\/2025\/03\/25\/gencler-yeteneklerini-kesfediyor\/","og_site_name":"Memurun Sesi","article_publisher":"https:\/\/www.facebook.com\/unipersen\/?locale=tr_TR","article_published_time":"2025-03-25T07:40:11+00:00","og_image":[{"width":1280,"height":853,"url":"https:\/\/memurunsesi.net\/wp-content\/uploads\/2025\/03\/AW419452_01.jpg","type":"image\/jpeg"}],"author":"Memurun Sesi Haber Merkezi","twitter_card":"summary_large_image","twitter_creator":"@unipersen","twitter_site":"@unipersen","twitter_misc":{"Yazan:":"Memurun Sesi Haber Merkezi","Tahmini okuma s\u00fcresi":"1 dakika"},"schema":{"@context":"https:\/\/schema.org","@graph":[{"@type":"Article","@id":"https:\/\/memurunsesi.net\/index.php\/2025\/03\/25\/gencler-yeteneklerini-kesfediyor\/#article","isPartOf":{"@id":"https:\/\/memurunsesi.net\/index.php\/2025\/03\/25\/gencler-yeteneklerini-kesfediyor\/"},"author":{"name":"Memurun Sesi Haber Merkezi","@id":"https:\/\/memurunsesi.net\/#\/schema\/person\/f21c2d73b89f6ee1d80b0a1803e38587"},"headline":"Gen\u00e7ler yeteneklerini ke\u015ffediyor","datePublished":"2025-03-25T07:40:11+00:00","mainEntityOfPage":{"@id":"https:\/\/memurunsesi.net\/index.php\/2025\/03\/25\/gencler-yeteneklerini-kesfediyor\/"},"wordCount":149,"commentCount":0,"publisher":{"@id":"https:\/\/memurunsesi.net\/#organization"},"image":{"@id":"https:\/\/memurunsesi.net\/index.php\/2025\/03\/25\/gencler-yeteneklerini-kesfediyor\/#primaryimage"},"thumbnailUrl":"https:\/\/memurunsesi.net\/wp-content\/uploads\/2025\/03\/AW419452_01.jpg","inLanguage":"tr","potentialAction":[{"@type":"CommentAction","name":"Comment","target":["https:\/\/memurunsesi.net\/index.php\/2025\/03\/25\/gencler-yeteneklerini-kesfediyor\/#respond"]}]},{"@type":"WebPage","@id":"https:\/\/memurunsesi.net\/index.php\/2025\/03\/25\/gencler-yeteneklerini-kesfediyor\/","url":"https:\/\/memurunsesi.net\/index.php\/2025\/03\/25\/gencler-yeteneklerini-kesfediyor\/","name":"Gen\u00e7ler yeteneklerini ke\u015ffediyor - Memurun Sesi","isPartOf":{"@id":"https:\/\/memurunsesi.net\/#website"},"primaryImageOfPage":{"@id":"https:\/\/memurunsesi.net\/index.php\/2025\/03\/25\/gencler-yeteneklerini-kesfediyor\/#primaryimage"},"image":{"@id":"https:\/\/memurunsesi.net\/index.php\/2025\/03\/25\/gencler-yeteneklerini-kesfediyor\/#primaryimage"},"thumbnailUrl":"https:\/\/memurunsesi.net\/wp-content\/uploads\/2025\/03\/AW419452_01.jpg","datePublished":"2025-03-25T07:40:11+00:00","breadcrumb":{"@id":"https:\/\/memurunsesi.net\/index.php\/2025\/03\/25\/gencler-yeteneklerini-kesfediyor\/#breadcrumb"},"inLanguage":"tr","potentialAction":[{"@type":"ReadAction","target":["https:\/\/memurunsesi.net\/index.php\/2025\/03\/25\/gencler-yeteneklerini-kesfediyor\/"]}]},{"@type":"ImageObject","inLanguage":"tr","@id":"https:\/\/memurunsesi.net\/index.php\/2025\/03\/25\/gencler-yeteneklerini-kesfediyor\/#primaryimage","url":"https:\/\/memurunsesi.net\/wp-content\/uploads\/2025\/03\/AW419452_01.jpg","contentUrl":"https:\/\/memurunsesi.net\/wp-content\/uploads\/2025\/03\/AW419452_01.jpg","width":1280,"height":853,"caption":"KARTEPE'DE L\u0130SE \u00d6\u011eRENC\u0130LER\u0130N\u0130N B\u0130REYSEL GEL\u0130\u015e\u0130MLER\u0130N\u0130 DESTEKLEMEK AMACIYLA D\u00dcZENLENEN ETK\u0130NL\u0130KTE GEN\u00c7LER YETENEKLER\u0130N\u0130 SERG\u0130LEME FIRSATI BULDU. (C\u0130HAN AT\u0130K\/KOCAEL\u0130-\u0130HA) Kartepe'de lise \u00f6\u011frencilerinin bireysel geli\u015fimlerini desteklemek amac\u0131yla d\u00fczenlenen etkinlikte gen\u00e7ler yeteneklerini sergileme f\u0131rsat\u0131 buldu."},{"@type":"BreadcrumbList","@id":"https:\/\/memurunsesi.net\/index.php\/2025\/03\/25\/gencler-yeteneklerini-kesfediyor\/#breadcrumb","itemListElement":[{"@type":"ListItem","position":1,"name":"Anasayfa","item":"https:\/\/memurunsesi.net\/"},{"@type":"ListItem","position":2,"name":"Gen\u00e7ler yeteneklerini ke\u015ffediyor"}]},{"@type":"WebSite","@id":"https:\/\/memurunsesi.net\/#website","url":"https:\/\/memurunsesi.net\/","name":"Memurun Sesi","description":"G\u00fcncel ve Do\u011fru Haber","publisher":{"@id":"https:\/\/memurunsesi.net\/#organization"},"potentialAction":[{"@type":"SearchAction","target":{"@type":"EntryPoint","urlTemplate":"https:\/\/memurunsesi.net\/?s={search_term_string}"},"query-input":{"@type":"PropertyValueSpecification","valueRequired":true,"valueName":"search_term_string"}}],"inLanguage":"tr"},{"@type":"Organization","@id":"https:\/\/memurunsesi.net\/#organization","name":"Memurun Sesi","url":"https:\/\/memurunsesi.net\/","logo":{"@type":"ImageObject","inLanguage":"tr","@id":"https:\/\/memurunsesi.net\/#\/schema\/logo\/image\/","url":"https:\/\/memurunsesi.net\/wp-content\/uploads\/2025\/11\/cropped-MEMURUN-SESI.png","contentUrl":"https:\/\/memurunsesi.net\/wp-content\/uploads\/2025\/11\/cropped-MEMURUN-SESI.png","width":238,"height":57,"caption":"Memurun Sesi"},"image":{"@id":"https:\/\/memurunsesi.net\/#\/schema\/logo\/image\/"},"sameAs":["https:\/\/www.facebook.com\/unipersen\/?locale=tr_TR","https:\/\/x.com\/unipersen"]},{"@type":"Person","@id":"https:\/\/memurunsesi.net\/#\/schema\/person\/f21c2d73b89f6ee1d80b0a1803e38587","name":"Memurun Sesi Haber Merkezi","image":{"@type":"ImageObject","inLanguage":"tr","@id":"https:\/\/secure.gravatar.com\/avatar\/6cf0505f452ee753f485014986fab09a434671d2b919ee76fc541025c5876a70?s=96&d=mm&r=g","url":"https:\/\/secure.gravatar.com\/avatar\/6cf0505f452ee753f485014986fab09a434671d2b919ee76fc541025c5876a70?s=96&d=mm&r=g","contentUrl":"https:\/\/secure.gravatar.com\/avatar\/6cf0505f452ee753f485014986fab09a434671d2b919ee76fc541025c5876a70?s=96&d=mm&r=g","caption":"Memurun Sesi Haber Merkezi"},"sameAs":["https:\/\/memurunsesi.net"],"url":"https:\/\/memurunsesi.net\/index.php\/author\/uniper\/"}]}},"_links":{"self":[{"href":"https:\/\/memurunsesi.net\/index.php\/wp-json\/wp\/v2\/posts\/4390","targetHints":{"allow":["GET"]}}],"collection":[{"href":"https:\/\/memurunsesi.net\/index.php\/wp-json\/wp\/v2\/posts"}],"about":[{"href":"https:\/\/memurunsesi.net\/index.php\/wp-json\/wp\/v2\/types\/post"}],"author":[{"embeddable":true,"href":"https:\/\/memurunsesi.net\/index.php\/wp-json\/wp\/v2\/users\/1"}],"replies":[{"embeddable":true,"href":"https:\/\/memurunsesi.net\/index.php\/wp-json\/wp\/v2\/comments?post=4390"}],"version-history":[{"count":1,"href":"https:\/\/memurunsesi.net\/index.php\/wp-json\/wp\/v2\/posts\/4390\/revisions"}],"predecessor-version":[{"id":4392,"href":"https:\/\/memurunsesi.net\/index.php\/wp-json\/wp\/v2\/posts\/4390\/revisions\/4392"}],"wp:featuredmedia":[{"embeddable":true,"href":"https:\/\/memurunsesi.net\/index.php\/wp-json\/wp\/v2\/media\/4391"}],"wp:attachment":[{"href":"https:\/\/memurunsesi.net\/index.php\/wp-json\/wp\/v2\/media?parent=4390"}],"wp:term":[{"taxonomy":"category","embeddable":true,"href":"https:\/\/memurunsesi.net\/index.php\/wp-json\/wp\/v2\/categories?post=4390"},{"taxonomy":"post_tag","embeddable":true,"href":"https:\/\/memurunsesi.net\/index.php\/wp-json\/wp\/v2\/tags?post=4390"}],"curies":[{"name":"wp","href":"https:\/\/api.w.org\/{rel}","templated":true}]}}