{"id":4393,"date":"2025-03-25T10:42:21","date_gmt":"2025-03-25T07:42:21","guid":{"rendered":"https:\/\/memurunsesi.net\/?p=4393"},"modified":"2025-03-25T10:42:21","modified_gmt":"2025-03-25T07:42:21","slug":"kartepede-ramazan-bayrami-temizligi","status":"publish","type":"post","link":"https:\/\/memurunsesi.net\/index.php\/2025\/03\/25\/kartepede-ramazan-bayrami-temizligi\/","title":{"rendered":"Kartepe\u2019de ramazan bayram\u0131 temizli\u011fi"},"content":{"rendered":"<p>Kartepe&#8217;de vatanda\u015flar\u0131n temiz, huzurlu ve mutlu bayram ge\u00e7irmesini sa\u011flamak amac\u0131yla il\u00e7ede temizlik seferberli\u011fi ba\u015flat\u0131ld\u0131.<br \/>\nRamazan ay\u0131n\u0131n son haftas\u0131na girilmesiyle birlikte Kartepe Belediyesi Temizlik \u0130\u015fleri M\u00fcd\u00fcrl\u00fc\u011f\u00fc ekipleri, bayram haz\u0131rl\u0131klar\u0131na ba\u015flad\u0131. 7 g\u00fcn 24 saat aral\u0131ks\u0131z \u00e7al\u0131\u015fan ekipler, rutin temizlik hizmetlerinin yan\u0131 s\u0131ra ek takviyelerle il\u00e7eyi bayram atmosferine uygun g\u00f6r\u00fcn\u00fcme kavu\u015fturuyor. \u0130ftar organizasyonlar\u0131 nedeniyle artan \u00e7\u00f6p miktar\u0131na h\u0131zl\u0131 \u015fekilde m\u00fcdahale eden temizlik ekipleri, \u00f6zellikle yo\u011funluk ya\u015fanan b\u00f6lgelerde detayl\u0131 ve \u00f6zenli \u00e7al\u0131\u015fma y\u00fcr\u00fct\u00fcyor. B\u00f6lgede bulunan \u00e7\u00f6p konteynerlerinin d\u00fczenli bak\u0131m ve temizlik i\u015flemleri ekipler taraf\u0131ndan titizlikle ger\u00e7ekle\u015ftiriliyor. \u00c7al\u0131\u015fmalar kapsam\u0131nda, 100 personel ve 28 ara\u00e7l\u0131k ekip g\u00f6revlendirilmi\u015f durumda. Bu ekipler, daha kapsaml\u0131 ve etkili temizlik hizmeti sunabilmek i\u00e7in mesai saatlerini 09.00-18.00 ile 20.00-03.00 aras\u0131 olarak organize ederek gece g\u00fcnd\u00fcz \u00e7al\u0131\u015fmaya devam ediyor. Bayram sabah\u0131na kadar s\u00fcrecek olan bu hummal\u0131 \u00e7al\u0131\u015fmalar sayesinde, Kartepe\u2019nin do\u011fas\u0131n\u0131n ve \u00e7evre d\u00fczeninin korunmas\u0131 hedefleniyor.<\/p>\n<p>&#8220;Amac\u0131m\u0131z vatanda\u015flar\u0131n birlik ve beraberlik duygusuyla huzurlu ve mutlu bayram ge\u00e7irmesini sa\u011flamak&#8221;<br \/>\nYakla\u015fan Ramazan Bayram\u0131 \u00f6ncesinde Kartepe Belediyesi\u2019nin t\u00fcm birimleriyle \u00fczerine d\u00fc\u015fen sorumlulu\u011fu en iyi \u015fekilde yerine getirdi\u011fini belirten Ba\u015fkan Kocaman, &#8220;Kartepe&#8217;de ya\u015fam standard\u0131n\u0131 s\u00fcrekli olarak y\u00fckseltmeyi hedefleyen hizmet anlay\u0131\u015f\u0131m\u0131z, Ramazan Bayram\u0131 \u00f6ncesinde her zamankinden daha kritik hale geliyor. Bu d\u00f6nemde vatanda\u015flar\u0131m\u0131z\u0131n ihtiya\u00e7lar\u0131na daha hassas bir yakla\u015f\u0131mla \u00e7\u00f6z\u00fcm sunuyor, her detayda \u00f6zenli \u015fekilde hareket ediyoruz. Amac\u0131m\u0131z, bu bayramda Kartepe\u2019de ya\u015fayan her bir vatanda\u015f\u0131m\u0131z\u0131n, birlik ve beraberlik duygusuyla huzurlu ve mutlu bir bayram ge\u00e7irmesini sa\u011flamak&#8221; dedi.<\/p>\n<p>25.03.2025<\/p>\n","protected":false},"excerpt":{"rendered":"<p>Kartepe&#8217;de vatanda\u015flar\u0131n temiz, huzurlu ve mutlu bayram ge\u00e7irmesini sa\u011flamak amac\u0131yla il\u00e7ede temizlik seferberli\u011fi ba\u015flat\u0131ld\u0131. Ramazan ay\u0131n\u0131n son haftas\u0131na girilmesiyle birlikte Kartepe Belediyesi Temizlik \u0130\u015fleri M\u00fcd\u00fcrl\u00fc\u011f\u00fc ekipleri, bayram haz\u0131rl\u0131klar\u0131na ba\u015flad\u0131. 7 g\u00fcn 24 saat aral\u0131ks\u0131z \u00e7al\u0131\u015fan ekipler, rutin temizlik hizmetlerinin yan\u0131 s\u0131ra ek takviyelerle il\u00e7eyi bayram atmosferine uygun g\u00f6r\u00fcn\u00fcme kavu\u015fturuyor. \u0130ftar organizasyonlar\u0131 nedeniyle artan \u00e7\u00f6p miktar\u0131na [&hellip;]<\/p>\n","protected":false},"author":1,"featured_media":4394,"comment_status":"open","ping_status":"open","sticky":false,"template":"","format":"standard","meta":{"footnotes":""},"categories":[1],"tags":[],"class_list":["post-4393","post","type-post","status-publish","format-standard","has-post-thumbnail","hentry","category-genel"],"yoast_head":"<!-- This site is optimized with the Yoast SEO plugin v27.4 - https:\/\/yoast.com\/product\/yoast-seo-wordpress\/ -->\n<title>Kartepe\u2019de ramazan bayram\u0131 temizli\u011fi - Memurun Sesi<\/title>\n<meta name=\"robots\" content=\"index, follow, max-snippet:-1, max-image-preview:large, max-video-preview:-1\" \/>\n<link rel=\"canonical\" href=\"https:\/\/memurunsesi.net\/index.php\/2025\/03\/25\/kartepede-ramazan-bayrami-temizligi\/\" \/>\n<meta property=\"og:locale\" content=\"tr_TR\" \/>\n<meta property=\"og:type\" content=\"article\" \/>\n<meta property=\"og:title\" content=\"Kartepe\u2019de ramazan bayram\u0131 temizli\u011fi - Memurun Sesi\" \/>\n<meta property=\"og:description\" content=\"Kartepe&#8217;de vatanda\u015flar\u0131n temiz, huzurlu ve mutlu bayram ge\u00e7irmesini sa\u011flamak amac\u0131yla il\u00e7ede temizlik seferberli\u011fi ba\u015flat\u0131ld\u0131. Ramazan ay\u0131n\u0131n son haftas\u0131na girilmesiyle birlikte Kartepe Belediyesi Temizlik \u0130\u015fleri M\u00fcd\u00fcrl\u00fc\u011f\u00fc ekipleri, bayram haz\u0131rl\u0131klar\u0131na ba\u015flad\u0131. 7 g\u00fcn 24 saat aral\u0131ks\u0131z \u00e7al\u0131\u015fan ekipler, rutin temizlik hizmetlerinin yan\u0131 s\u0131ra ek takviyelerle il\u00e7eyi bayram atmosferine uygun g\u00f6r\u00fcn\u00fcme kavu\u015fturuyor. \u0130ftar organizasyonlar\u0131 nedeniyle artan \u00e7\u00f6p miktar\u0131na [&hellip;]\" \/>\n<meta property=\"og:url\" content=\"https:\/\/memurunsesi.net\/index.php\/2025\/03\/25\/kartepede-ramazan-bayrami-temizligi\/\" \/>\n<meta property=\"og:site_name\" content=\"Memurun Sesi\" \/>\n<meta property=\"article:publisher\" content=\"https:\/\/www.facebook.com\/unipersen\/?locale=tr_TR\" \/>\n<meta property=\"article:published_time\" content=\"2025-03-25T07:42:21+00:00\" \/>\n<meta property=\"og:image\" content=\"https:\/\/memurunsesi.net\/wp-content\/uploads\/2025\/03\/AW419437_02.jpg\" \/>\n\t<meta property=\"og:image:width\" content=\"1280\" \/>\n\t<meta property=\"og:image:height\" content=\"853\" \/>\n\t<meta property=\"og:image:type\" content=\"image\/jpeg\" \/>\n<meta name=\"author\" content=\"Memurun Sesi Haber Merkezi\" \/>\n<meta name=\"twitter:card\" content=\"summary_large_image\" \/>\n<meta name=\"twitter:creator\" content=\"@unipersen\" \/>\n<meta name=\"twitter:site\" content=\"@unipersen\" \/>\n<meta name=\"twitter:label1\" content=\"Yazan:\" \/>\n\t<meta name=\"twitter:data1\" content=\"Memurun Sesi Haber Merkezi\" \/>\n\t<meta name=\"twitter:label2\" content=\"Tahmini okuma s\u00fcresi\" \/>\n\t<meta name=\"twitter:data2\" content=\"2 dakika\" \/>\n<script type=\"application\/ld+json\" class=\"yoast-schema-graph\">{\"@context\":\"https:\\\/\\\/schema.org\",\"@graph\":[{\"@type\":\"Article\",\"@id\":\"https:\\\/\\\/memurunsesi.net\\\/index.php\\\/2025\\\/03\\\/25\\\/kartepede-ramazan-bayrami-temizligi\\\/#article\",\"isPartOf\":{\"@id\":\"https:\\\/\\\/memurunsesi.net\\\/index.php\\\/2025\\\/03\\\/25\\\/kartepede-ramazan-bayrami-temizligi\\\/\"},\"author\":{\"name\":\"Memurun Sesi Haber Merkezi\",\"@id\":\"https:\\\/\\\/memurunsesi.net\\\/#\\\/schema\\\/person\\\/f21c2d73b89f6ee1d80b0a1803e38587\"},\"headline\":\"Kartepe\u2019de ramazan bayram\u0131 temizli\u011fi\",\"datePublished\":\"2025-03-25T07:42:21+00:00\",\"mainEntityOfPage\":{\"@id\":\"https:\\\/\\\/memurunsesi.net\\\/index.php\\\/2025\\\/03\\\/25\\\/kartepede-ramazan-bayrami-temizligi\\\/\"},\"wordCount\":321,\"commentCount\":0,\"publisher\":{\"@id\":\"https:\\\/\\\/memurunsesi.net\\\/#organization\"},\"image\":{\"@id\":\"https:\\\/\\\/memurunsesi.net\\\/index.php\\\/2025\\\/03\\\/25\\\/kartepede-ramazan-bayrami-temizligi\\\/#primaryimage\"},\"thumbnailUrl\":\"https:\\\/\\\/memurunsesi.net\\\/wp-content\\\/uploads\\\/2025\\\/03\\\/AW419437_02.jpg\",\"inLanguage\":\"tr\",\"potentialAction\":[{\"@type\":\"CommentAction\",\"name\":\"Comment\",\"target\":[\"https:\\\/\\\/memurunsesi.net\\\/index.php\\\/2025\\\/03\\\/25\\\/kartepede-ramazan-bayrami-temizligi\\\/#respond\"]}]},{\"@type\":\"WebPage\",\"@id\":\"https:\\\/\\\/memurunsesi.net\\\/index.php\\\/2025\\\/03\\\/25\\\/kartepede-ramazan-bayrami-temizligi\\\/\",\"url\":\"https:\\\/\\\/memurunsesi.net\\\/index.php\\\/2025\\\/03\\\/25\\\/kartepede-ramazan-bayrami-temizligi\\\/\",\"name\":\"Kartepe\u2019de ramazan bayram\u0131 temizli\u011fi - Memurun Sesi\",\"isPartOf\":{\"@id\":\"https:\\\/\\\/memurunsesi.net\\\/#website\"},\"primaryImageOfPage\":{\"@id\":\"https:\\\/\\\/memurunsesi.net\\\/index.php\\\/2025\\\/03\\\/25\\\/kartepede-ramazan-bayrami-temizligi\\\/#primaryimage\"},\"image\":{\"@id\":\"https:\\\/\\\/memurunsesi.net\\\/index.php\\\/2025\\\/03\\\/25\\\/kartepede-ramazan-bayrami-temizligi\\\/#primaryimage\"},\"thumbnailUrl\":\"https:\\\/\\\/memurunsesi.net\\\/wp-content\\\/uploads\\\/2025\\\/03\\\/AW419437_02.jpg\",\"datePublished\":\"2025-03-25T07:42:21+00:00\",\"breadcrumb\":{\"@id\":\"https:\\\/\\\/memurunsesi.net\\\/index.php\\\/2025\\\/03\\\/25\\\/kartepede-ramazan-bayrami-temizligi\\\/#breadcrumb\"},\"inLanguage\":\"tr\",\"potentialAction\":[{\"@type\":\"ReadAction\",\"target\":[\"https:\\\/\\\/memurunsesi.net\\\/index.php\\\/2025\\\/03\\\/25\\\/kartepede-ramazan-bayrami-temizligi\\\/\"]}]},{\"@type\":\"ImageObject\",\"inLanguage\":\"tr\",\"@id\":\"https:\\\/\\\/memurunsesi.net\\\/index.php\\\/2025\\\/03\\\/25\\\/kartepede-ramazan-bayrami-temizligi\\\/#primaryimage\",\"url\":\"https:\\\/\\\/memurunsesi.net\\\/wp-content\\\/uploads\\\/2025\\\/03\\\/AW419437_02.jpg\",\"contentUrl\":\"https:\\\/\\\/memurunsesi.net\\\/wp-content\\\/uploads\\\/2025\\\/03\\\/AW419437_02.jpg\",\"width\":1280,\"height\":853,\"caption\":\"KARTEPE'DE VATANDA\u015eLARIN TEM\u0130Z, HUZURLU VE MUTLU BAYRAM GE\u00c7\u0130RMES\u0130N\u0130 SA\u011eLAMAK AMACIYLA \u0130L\u00c7EDE TEM\u0130ZL\u0130K SEFERBERL\u0130\u011e\u0130 BA\u015eLATILDI. (C\u0130HAN AT\u0130K\\\/KOCAEL\u0130-\u0130HA) Kartepe'de vatanda\u015flar\u0131n temiz, huzurlu ve mutlu bayram ge\u00e7irmesini sa\u011flamak amac\u0131yla il\u00e7ede temizlik seferberli\u011fi ba\u015flat\u0131ld\u0131.\"},{\"@type\":\"BreadcrumbList\",\"@id\":\"https:\\\/\\\/memurunsesi.net\\\/index.php\\\/2025\\\/03\\\/25\\\/kartepede-ramazan-bayrami-temizligi\\\/#breadcrumb\",\"itemListElement\":[{\"@type\":\"ListItem\",\"position\":1,\"name\":\"Anasayfa\",\"item\":\"https:\\\/\\\/memurunsesi.net\\\/\"},{\"@type\":\"ListItem\",\"position\":2,\"name\":\"Kartepe\u2019de ramazan bayram\u0131 temizli\u011fi\"}]},{\"@type\":\"WebSite\",\"@id\":\"https:\\\/\\\/memurunsesi.net\\\/#website\",\"url\":\"https:\\\/\\\/memurunsesi.net\\\/\",\"name\":\"Memurun Sesi\",\"description\":\"G\u00fcncel ve Do\u011fru Haber\",\"publisher\":{\"@id\":\"https:\\\/\\\/memurunsesi.net\\\/#organization\"},\"potentialAction\":[{\"@type\":\"SearchAction\",\"target\":{\"@type\":\"EntryPoint\",\"urlTemplate\":\"https:\\\/\\\/memurunsesi.net\\\/?s={search_term_string}\"},\"query-input\":{\"@type\":\"PropertyValueSpecification\",\"valueRequired\":true,\"valueName\":\"search_term_string\"}}],\"inLanguage\":\"tr\"},{\"@type\":\"Organization\",\"@id\":\"https:\\\/\\\/memurunsesi.net\\\/#organization\",\"name\":\"Memurun Sesi\",\"url\":\"https:\\\/\\\/memurunsesi.net\\\/\",\"logo\":{\"@type\":\"ImageObject\",\"inLanguage\":\"tr\",\"@id\":\"https:\\\/\\\/memurunsesi.net\\\/#\\\/schema\\\/logo\\\/image\\\/\",\"url\":\"https:\\\/\\\/memurunsesi.net\\\/wp-content\\\/uploads\\\/2025\\\/11\\\/cropped-MEMURUN-SESI.png\",\"contentUrl\":\"https:\\\/\\\/memurunsesi.net\\\/wp-content\\\/uploads\\\/2025\\\/11\\\/cropped-MEMURUN-SESI.png\",\"width\":238,\"height\":57,\"caption\":\"Memurun Sesi\"},\"image\":{\"@id\":\"https:\\\/\\\/memurunsesi.net\\\/#\\\/schema\\\/logo\\\/image\\\/\"},\"sameAs\":[\"https:\\\/\\\/www.facebook.com\\\/unipersen\\\/?locale=tr_TR\",\"https:\\\/\\\/x.com\\\/unipersen\"]},{\"@type\":\"Person\",\"@id\":\"https:\\\/\\\/memurunsesi.net\\\/#\\\/schema\\\/person\\\/f21c2d73b89f6ee1d80b0a1803e38587\",\"name\":\"Memurun Sesi Haber Merkezi\",\"image\":{\"@type\":\"ImageObject\",\"inLanguage\":\"tr\",\"@id\":\"https:\\\/\\\/secure.gravatar.com\\\/avatar\\\/6cf0505f452ee753f485014986fab09a434671d2b919ee76fc541025c5876a70?s=96&d=mm&r=g\",\"url\":\"https:\\\/\\\/secure.gravatar.com\\\/avatar\\\/6cf0505f452ee753f485014986fab09a434671d2b919ee76fc541025c5876a70?s=96&d=mm&r=g\",\"contentUrl\":\"https:\\\/\\\/secure.gravatar.com\\\/avatar\\\/6cf0505f452ee753f485014986fab09a434671d2b919ee76fc541025c5876a70?s=96&d=mm&r=g\",\"caption\":\"Memurun Sesi Haber Merkezi\"},\"sameAs\":[\"https:\\\/\\\/memurunsesi.net\"],\"url\":\"https:\\\/\\\/memurunsesi.net\\\/index.php\\\/author\\\/uniper\\\/\"}]}<\/script>\n<!-- \/ Yoast SEO plugin. -->","yoast_head_json":{"title":"Kartepe\u2019de ramazan bayram\u0131 temizli\u011fi - Memurun Sesi","robots":{"index":"index","follow":"follow","max-snippet":"max-snippet:-1","max-image-preview":"max-image-preview:large","max-video-preview":"max-video-preview:-1"},"canonical":"https:\/\/memurunsesi.net\/index.php\/2025\/03\/25\/kartepede-ramazan-bayrami-temizligi\/","og_locale":"tr_TR","og_type":"article","og_title":"Kartepe\u2019de ramazan bayram\u0131 temizli\u011fi - Memurun Sesi","og_description":"Kartepe&#8217;de vatanda\u015flar\u0131n temiz, huzurlu ve mutlu bayram ge\u00e7irmesini sa\u011flamak amac\u0131yla il\u00e7ede temizlik seferberli\u011fi ba\u015flat\u0131ld\u0131. Ramazan ay\u0131n\u0131n son haftas\u0131na girilmesiyle birlikte Kartepe Belediyesi Temizlik \u0130\u015fleri M\u00fcd\u00fcrl\u00fc\u011f\u00fc ekipleri, bayram haz\u0131rl\u0131klar\u0131na ba\u015flad\u0131. 7 g\u00fcn 24 saat aral\u0131ks\u0131z \u00e7al\u0131\u015fan ekipler, rutin temizlik hizmetlerinin yan\u0131 s\u0131ra ek takviyelerle il\u00e7eyi bayram atmosferine uygun g\u00f6r\u00fcn\u00fcme kavu\u015fturuyor. \u0130ftar organizasyonlar\u0131 nedeniyle artan \u00e7\u00f6p miktar\u0131na [&hellip;]","og_url":"https:\/\/memurunsesi.net\/index.php\/2025\/03\/25\/kartepede-ramazan-bayrami-temizligi\/","og_site_name":"Memurun Sesi","article_publisher":"https:\/\/www.facebook.com\/unipersen\/?locale=tr_TR","article_published_time":"2025-03-25T07:42:21+00:00","og_image":[{"width":1280,"height":853,"url":"https:\/\/memurunsesi.net\/wp-content\/uploads\/2025\/03\/AW419437_02.jpg","type":"image\/jpeg"}],"author":"Memurun Sesi Haber Merkezi","twitter_card":"summary_large_image","twitter_creator":"@unipersen","twitter_site":"@unipersen","twitter_misc":{"Yazan:":"Memurun Sesi Haber Merkezi","Tahmini okuma s\u00fcresi":"2 dakika"},"schema":{"@context":"https:\/\/schema.org","@graph":[{"@type":"Article","@id":"https:\/\/memurunsesi.net\/index.php\/2025\/03\/25\/kartepede-ramazan-bayrami-temizligi\/#article","isPartOf":{"@id":"https:\/\/memurunsesi.net\/index.php\/2025\/03\/25\/kartepede-ramazan-bayrami-temizligi\/"},"author":{"name":"Memurun Sesi Haber Merkezi","@id":"https:\/\/memurunsesi.net\/#\/schema\/person\/f21c2d73b89f6ee1d80b0a1803e38587"},"headline":"Kartepe\u2019de ramazan bayram\u0131 temizli\u011fi","datePublished":"2025-03-25T07:42:21+00:00","mainEntityOfPage":{"@id":"https:\/\/memurunsesi.net\/index.php\/2025\/03\/25\/kartepede-ramazan-bayrami-temizligi\/"},"wordCount":321,"commentCount":0,"publisher":{"@id":"https:\/\/memurunsesi.net\/#organization"},"image":{"@id":"https:\/\/memurunsesi.net\/index.php\/2025\/03\/25\/kartepede-ramazan-bayrami-temizligi\/#primaryimage"},"thumbnailUrl":"https:\/\/memurunsesi.net\/wp-content\/uploads\/2025\/03\/AW419437_02.jpg","inLanguage":"tr","potentialAction":[{"@type":"CommentAction","name":"Comment","target":["https:\/\/memurunsesi.net\/index.php\/2025\/03\/25\/kartepede-ramazan-bayrami-temizligi\/#respond"]}]},{"@type":"WebPage","@id":"https:\/\/memurunsesi.net\/index.php\/2025\/03\/25\/kartepede-ramazan-bayrami-temizligi\/","url":"https:\/\/memurunsesi.net\/index.php\/2025\/03\/25\/kartepede-ramazan-bayrami-temizligi\/","name":"Kartepe\u2019de ramazan bayram\u0131 temizli\u011fi - Memurun Sesi","isPartOf":{"@id":"https:\/\/memurunsesi.net\/#website"},"primaryImageOfPage":{"@id":"https:\/\/memurunsesi.net\/index.php\/2025\/03\/25\/kartepede-ramazan-bayrami-temizligi\/#primaryimage"},"image":{"@id":"https:\/\/memurunsesi.net\/index.php\/2025\/03\/25\/kartepede-ramazan-bayrami-temizligi\/#primaryimage"},"thumbnailUrl":"https:\/\/memurunsesi.net\/wp-content\/uploads\/2025\/03\/AW419437_02.jpg","datePublished":"2025-03-25T07:42:21+00:00","breadcrumb":{"@id":"https:\/\/memurunsesi.net\/index.php\/2025\/03\/25\/kartepede-ramazan-bayrami-temizligi\/#breadcrumb"},"inLanguage":"tr","potentialAction":[{"@type":"ReadAction","target":["https:\/\/memurunsesi.net\/index.php\/2025\/03\/25\/kartepede-ramazan-bayrami-temizligi\/"]}]},{"@type":"ImageObject","inLanguage":"tr","@id":"https:\/\/memurunsesi.net\/index.php\/2025\/03\/25\/kartepede-ramazan-bayrami-temizligi\/#primaryimage","url":"https:\/\/memurunsesi.net\/wp-content\/uploads\/2025\/03\/AW419437_02.jpg","contentUrl":"https:\/\/memurunsesi.net\/wp-content\/uploads\/2025\/03\/AW419437_02.jpg","width":1280,"height":853,"caption":"KARTEPE'DE VATANDA\u015eLARIN TEM\u0130Z, HUZURLU VE MUTLU BAYRAM GE\u00c7\u0130RMES\u0130N\u0130 SA\u011eLAMAK AMACIYLA \u0130L\u00c7EDE TEM\u0130ZL\u0130K SEFERBERL\u0130\u011e\u0130 BA\u015eLATILDI. (C\u0130HAN AT\u0130K\/KOCAEL\u0130-\u0130HA) Kartepe'de vatanda\u015flar\u0131n temiz, huzurlu ve mutlu bayram ge\u00e7irmesini sa\u011flamak amac\u0131yla il\u00e7ede temizlik seferberli\u011fi ba\u015flat\u0131ld\u0131."},{"@type":"BreadcrumbList","@id":"https:\/\/memurunsesi.net\/index.php\/2025\/03\/25\/kartepede-ramazan-bayrami-temizligi\/#breadcrumb","itemListElement":[{"@type":"ListItem","position":1,"name":"Anasayfa","item":"https:\/\/memurunsesi.net\/"},{"@type":"ListItem","position":2,"name":"Kartepe\u2019de ramazan bayram\u0131 temizli\u011fi"}]},{"@type":"WebSite","@id":"https:\/\/memurunsesi.net\/#website","url":"https:\/\/memurunsesi.net\/","name":"Memurun Sesi","description":"G\u00fcncel ve Do\u011fru Haber","publisher":{"@id":"https:\/\/memurunsesi.net\/#organization"},"potentialAction":[{"@type":"SearchAction","target":{"@type":"EntryPoint","urlTemplate":"https:\/\/memurunsesi.net\/?s={search_term_string}"},"query-input":{"@type":"PropertyValueSpecification","valueRequired":true,"valueName":"search_term_string"}}],"inLanguage":"tr"},{"@type":"Organization","@id":"https:\/\/memurunsesi.net\/#organization","name":"Memurun Sesi","url":"https:\/\/memurunsesi.net\/","logo":{"@type":"ImageObject","inLanguage":"tr","@id":"https:\/\/memurunsesi.net\/#\/schema\/logo\/image\/","url":"https:\/\/memurunsesi.net\/wp-content\/uploads\/2025\/11\/cropped-MEMURUN-SESI.png","contentUrl":"https:\/\/memurunsesi.net\/wp-content\/uploads\/2025\/11\/cropped-MEMURUN-SESI.png","width":238,"height":57,"caption":"Memurun Sesi"},"image":{"@id":"https:\/\/memurunsesi.net\/#\/schema\/logo\/image\/"},"sameAs":["https:\/\/www.facebook.com\/unipersen\/?locale=tr_TR","https:\/\/x.com\/unipersen"]},{"@type":"Person","@id":"https:\/\/memurunsesi.net\/#\/schema\/person\/f21c2d73b89f6ee1d80b0a1803e38587","name":"Memurun Sesi Haber Merkezi","image":{"@type":"ImageObject","inLanguage":"tr","@id":"https:\/\/secure.gravatar.com\/avatar\/6cf0505f452ee753f485014986fab09a434671d2b919ee76fc541025c5876a70?s=96&d=mm&r=g","url":"https:\/\/secure.gravatar.com\/avatar\/6cf0505f452ee753f485014986fab09a434671d2b919ee76fc541025c5876a70?s=96&d=mm&r=g","contentUrl":"https:\/\/secure.gravatar.com\/avatar\/6cf0505f452ee753f485014986fab09a434671d2b919ee76fc541025c5876a70?s=96&d=mm&r=g","caption":"Memurun Sesi Haber Merkezi"},"sameAs":["https:\/\/memurunsesi.net"],"url":"https:\/\/memurunsesi.net\/index.php\/author\/uniper\/"}]}},"_links":{"self":[{"href":"https:\/\/memurunsesi.net\/index.php\/wp-json\/wp\/v2\/posts\/4393","targetHints":{"allow":["GET"]}}],"collection":[{"href":"https:\/\/memurunsesi.net\/index.php\/wp-json\/wp\/v2\/posts"}],"about":[{"href":"https:\/\/memurunsesi.net\/index.php\/wp-json\/wp\/v2\/types\/post"}],"author":[{"embeddable":true,"href":"https:\/\/memurunsesi.net\/index.php\/wp-json\/wp\/v2\/users\/1"}],"replies":[{"embeddable":true,"href":"https:\/\/memurunsesi.net\/index.php\/wp-json\/wp\/v2\/comments?post=4393"}],"version-history":[{"count":1,"href":"https:\/\/memurunsesi.net\/index.php\/wp-json\/wp\/v2\/posts\/4393\/revisions"}],"predecessor-version":[{"id":4395,"href":"https:\/\/memurunsesi.net\/index.php\/wp-json\/wp\/v2\/posts\/4393\/revisions\/4395"}],"wp:featuredmedia":[{"embeddable":true,"href":"https:\/\/memurunsesi.net\/index.php\/wp-json\/wp\/v2\/media\/4394"}],"wp:attachment":[{"href":"https:\/\/memurunsesi.net\/index.php\/wp-json\/wp\/v2\/media?parent=4393"}],"wp:term":[{"taxonomy":"category","embeddable":true,"href":"https:\/\/memurunsesi.net\/index.php\/wp-json\/wp\/v2\/categories?post=4393"},{"taxonomy":"post_tag","embeddable":true,"href":"https:\/\/memurunsesi.net\/index.php\/wp-json\/wp\/v2\/tags?post=4393"}],"curies":[{"name":"wp","href":"https:\/\/api.w.org\/{rel}","templated":true}]}}