{"id":4396,"date":"2025-03-25T10:45:08","date_gmt":"2025-03-25T07:45:08","guid":{"rendered":"https:\/\/memurunsesi.net\/?p=4396"},"modified":"2025-03-25T10:45:08","modified_gmt":"2025-03-25T07:45:08","slug":"baskan-cavusoglu-hak-hukuk-ve-adalet-icin-omuz-omuza-yuruyoruz","status":"publish","type":"post","link":"https:\/\/memurunsesi.net\/index.php\/2025\/03\/25\/baskan-cavusoglu-hak-hukuk-ve-adalet-icin-omuz-omuza-yuruyoruz\/","title":{"rendered":"Ba\u015fkan \u00c7avu\u015fo\u011flu; &#8220;Hak, hukuk ve adalet i\u00e7in omuz omuza y\u00fcr\u00fcyoruz"},"content":{"rendered":"<p>Denizli\u2019de Ekrem \u0130mamo\u011flu\u2019na destek i\u00e7in d\u00fczenlenen eylemde konu\u015fan B\u00fcy\u00fck\u015fehir Belediye Ba\u015fkan\u0131 B\u00fclent Nuri \u00c7avu\u015fo\u011flu; &#8220;M\u00fccadelemiz sadece Ekrem \u0130mamo\u011flu\u2019nun de\u011fil, adalet isteyen herkesin m\u00fccadelesidir&#8221; dedi.<\/p>\n<p>\u0130BB Ba\u015fkan\u0131 Ekrem \u0130mamo\u011flu\u2019nun tutuklanmas\u0131na tepki g\u00f6stermek amac\u0131yla CHP Denizli \u0130l Ba\u015fkanl\u0131\u011f\u0131 taraf\u0131ndan d\u00fczenlenen eylemler d\u00fcn ak\u015famda devam etti. Denizli B\u00fcy\u00fck\u015fehir Belediyesi \u00f6n\u00fcndeki Delikli\u00e7\u0131nar Meydan\u0131nda toplanan binlerce ki\u015fi, Denizli B\u00fcy\u00fck\u015fehir Belediye Ba\u015fkan\u0131 B\u00fclent Nuri \u00c7avu\u015fo\u011flu, Merkezefendi Belediye Ba\u015fkan\u0131 \u015eeniz Do\u011fan ve Beya\u011fa\u00e7 Belediye Ba\u015fkan\u0131 Sezayi P\u00fct\u00fcn\u2019\u00fcn de kat\u0131ld\u0131\u011f\u0131 y\u00fcr\u00fcy\u00fc\u015fte al\u0131nan tutuklama karar\u0131na tepki g\u00f6sterildi.<\/p>\n<p>Eyleme verilen destek i\u00e7in Denizlililere te\u015fekk\u00fcr eden Ba\u015fkan B\u00fclent Nuri \u00c7avu\u015fo\u011flu, &#8220;Hak, hukuk ve adalet i\u00e7in bir kez daha omuz omuza y\u00fcr\u00fcyoruz. Halk\u0131n Cumhurba\u015fkan\u0131 Aday\u0131 Ekrem Ba\u015fkan\u0131m\u0131za sahip \u00e7\u0131kanlar\u0131n sesi Denizli\u2019mizin caddelerinde bug\u00fcn de yank\u0131land\u0131. Kurtulu\u015f i\u00e7in yine hep beraberiz. Hak, hukuk, adalet i\u00e7in meydanlarday\u0131z. Denizli halk\u0131 olarak, adaletin, hukukun ve demokrasinin yan\u0131nda oldu\u011fumuzu g\u00f6stermek i\u00e7in alanday\u0131z. On binlerce hem\u015fehrimizle birlikte demokrasiye, hukuka ve karde\u015fli\u011fe olan inanc\u0131m\u0131z\u0131 bir kez daha hayk\u0131rd\u0131k. M\u00fccadelemiz sadece Ekrem \u0130mamo\u011flu\u2019nun de\u011fil, adalet isteyen herkesin m\u00fccadelesidir. Hukukun egemen oldu\u011fu bir toplum \u00f6zlemi ve heyecan\u0131yla on binlerce hem\u015fehrimizle beraber hayk\u0131rd\u0131k. Egemenlik kay\u0131ts\u0131z \u015farts\u0131z milletindir. E\u015fit ve \u00f6zg\u00fcr bir T\u00fcrkiye i\u00e7in; bu daha ba\u015flang\u0131\u00e7 m\u00fccadeleye devam edece\u011fiz. Her \u015fey \u00e7ok g\u00fczel olacak&#8221; diye konu\u015ftu.<\/p>\n<p>25.03.2025<\/p>\n","protected":false},"excerpt":{"rendered":"<p>Denizli\u2019de Ekrem \u0130mamo\u011flu\u2019na destek i\u00e7in d\u00fczenlenen eylemde konu\u015fan B\u00fcy\u00fck\u015fehir Belediye Ba\u015fkan\u0131 B\u00fclent Nuri \u00c7avu\u015fo\u011flu; &#8220;M\u00fccadelemiz sadece Ekrem \u0130mamo\u011flu\u2019nun de\u011fil, adalet isteyen herkesin m\u00fccadelesidir&#8221; dedi. \u0130BB Ba\u015fkan\u0131 Ekrem \u0130mamo\u011flu\u2019nun tutuklanmas\u0131na tepki g\u00f6stermek amac\u0131yla CHP Denizli \u0130l Ba\u015fkanl\u0131\u011f\u0131 taraf\u0131ndan d\u00fczenlenen eylemler d\u00fcn ak\u015famda devam etti. Denizli B\u00fcy\u00fck\u015fehir Belediyesi \u00f6n\u00fcndeki Delikli\u00e7\u0131nar Meydan\u0131nda toplanan binlerce ki\u015fi, Denizli B\u00fcy\u00fck\u015fehir Belediye [&hellip;]<\/p>\n","protected":false},"author":1,"featured_media":4397,"comment_status":"open","ping_status":"open","sticky":false,"template":"","format":"standard","meta":{"footnotes":""},"categories":[1],"tags":[],"class_list":["post-4396","post","type-post","status-publish","format-standard","has-post-thumbnail","hentry","category-genel"],"yoast_head":"<!-- This site is optimized with the Yoast SEO plugin v27.4 - https:\/\/yoast.com\/product\/yoast-seo-wordpress\/ -->\n<title>Ba\u015fkan \u00c7avu\u015fo\u011flu; &quot;Hak, hukuk ve adalet i\u00e7in omuz omuza y\u00fcr\u00fcyoruz - Memurun Sesi<\/title>\n<meta name=\"robots\" content=\"index, follow, max-snippet:-1, max-image-preview:large, max-video-preview:-1\" \/>\n<link rel=\"canonical\" href=\"https:\/\/memurunsesi.net\/index.php\/2025\/03\/25\/baskan-cavusoglu-hak-hukuk-ve-adalet-icin-omuz-omuza-yuruyoruz\/\" \/>\n<meta property=\"og:locale\" content=\"tr_TR\" \/>\n<meta property=\"og:type\" content=\"article\" \/>\n<meta property=\"og:title\" content=\"Ba\u015fkan \u00c7avu\u015fo\u011flu; &quot;Hak, hukuk ve adalet i\u00e7in omuz omuza y\u00fcr\u00fcyoruz - Memurun Sesi\" \/>\n<meta property=\"og:description\" content=\"Denizli\u2019de Ekrem \u0130mamo\u011flu\u2019na destek i\u00e7in d\u00fczenlenen eylemde konu\u015fan B\u00fcy\u00fck\u015fehir Belediye Ba\u015fkan\u0131 B\u00fclent Nuri \u00c7avu\u015fo\u011flu; &#8220;M\u00fccadelemiz sadece Ekrem \u0130mamo\u011flu\u2019nun de\u011fil, adalet isteyen herkesin m\u00fccadelesidir&#8221; dedi. \u0130BB Ba\u015fkan\u0131 Ekrem \u0130mamo\u011flu\u2019nun tutuklanmas\u0131na tepki g\u00f6stermek amac\u0131yla CHP Denizli \u0130l Ba\u015fkanl\u0131\u011f\u0131 taraf\u0131ndan d\u00fczenlenen eylemler d\u00fcn ak\u015famda devam etti. Denizli B\u00fcy\u00fck\u015fehir Belediyesi \u00f6n\u00fcndeki Delikli\u00e7\u0131nar Meydan\u0131nda toplanan binlerce ki\u015fi, Denizli B\u00fcy\u00fck\u015fehir Belediye [&hellip;]\" \/>\n<meta property=\"og:url\" content=\"https:\/\/memurunsesi.net\/index.php\/2025\/03\/25\/baskan-cavusoglu-hak-hukuk-ve-adalet-icin-omuz-omuza-yuruyoruz\/\" \/>\n<meta property=\"og:site_name\" content=\"Memurun Sesi\" \/>\n<meta property=\"article:publisher\" content=\"https:\/\/www.facebook.com\/unipersen\/?locale=tr_TR\" \/>\n<meta property=\"article:published_time\" content=\"2025-03-25T07:45:08+00:00\" \/>\n<meta property=\"og:image\" content=\"https:\/\/memurunsesi.net\/wp-content\/uploads\/2025\/03\/AW419481_05.jpg\" \/>\n\t<meta property=\"og:image:width\" content=\"2048\" \/>\n\t<meta property=\"og:image:height\" content=\"1152\" \/>\n\t<meta property=\"og:image:type\" content=\"image\/jpeg\" \/>\n<meta name=\"author\" content=\"Memurun Sesi Haber Merkezi\" \/>\n<meta name=\"twitter:card\" content=\"summary_large_image\" \/>\n<meta name=\"twitter:creator\" content=\"@unipersen\" \/>\n<meta name=\"twitter:site\" content=\"@unipersen\" \/>\n<meta name=\"twitter:label1\" content=\"Yazan:\" \/>\n\t<meta name=\"twitter:data1\" content=\"Memurun Sesi Haber Merkezi\" \/>\n\t<meta name=\"twitter:label2\" content=\"Tahmini okuma s\u00fcresi\" \/>\n\t<meta name=\"twitter:data2\" content=\"2 dakika\" \/>\n<script type=\"application\/ld+json\" class=\"yoast-schema-graph\">{\"@context\":\"https:\\\/\\\/schema.org\",\"@graph\":[{\"@type\":\"Article\",\"@id\":\"https:\\\/\\\/memurunsesi.net\\\/index.php\\\/2025\\\/03\\\/25\\\/baskan-cavusoglu-hak-hukuk-ve-adalet-icin-omuz-omuza-yuruyoruz\\\/#article\",\"isPartOf\":{\"@id\":\"https:\\\/\\\/memurunsesi.net\\\/index.php\\\/2025\\\/03\\\/25\\\/baskan-cavusoglu-hak-hukuk-ve-adalet-icin-omuz-omuza-yuruyoruz\\\/\"},\"author\":{\"name\":\"Memurun Sesi Haber Merkezi\",\"@id\":\"https:\\\/\\\/memurunsesi.net\\\/#\\\/schema\\\/person\\\/f21c2d73b89f6ee1d80b0a1803e38587\"},\"headline\":\"Ba\u015fkan \u00c7avu\u015fo\u011flu; &#8220;Hak, hukuk ve adalet i\u00e7in omuz omuza y\u00fcr\u00fcyoruz\",\"datePublished\":\"2025-03-25T07:45:08+00:00\",\"mainEntityOfPage\":{\"@id\":\"https:\\\/\\\/memurunsesi.net\\\/index.php\\\/2025\\\/03\\\/25\\\/baskan-cavusoglu-hak-hukuk-ve-adalet-icin-omuz-omuza-yuruyoruz\\\/\"},\"wordCount\":323,\"commentCount\":0,\"publisher\":{\"@id\":\"https:\\\/\\\/memurunsesi.net\\\/#organization\"},\"image\":{\"@id\":\"https:\\\/\\\/memurunsesi.net\\\/index.php\\\/2025\\\/03\\\/25\\\/baskan-cavusoglu-hak-hukuk-ve-adalet-icin-omuz-omuza-yuruyoruz\\\/#primaryimage\"},\"thumbnailUrl\":\"https:\\\/\\\/memurunsesi.net\\\/wp-content\\\/uploads\\\/2025\\\/03\\\/AW419481_05.jpg\",\"inLanguage\":\"tr\",\"potentialAction\":[{\"@type\":\"CommentAction\",\"name\":\"Comment\",\"target\":[\"https:\\\/\\\/memurunsesi.net\\\/index.php\\\/2025\\\/03\\\/25\\\/baskan-cavusoglu-hak-hukuk-ve-adalet-icin-omuz-omuza-yuruyoruz\\\/#respond\"]}]},{\"@type\":\"WebPage\",\"@id\":\"https:\\\/\\\/memurunsesi.net\\\/index.php\\\/2025\\\/03\\\/25\\\/baskan-cavusoglu-hak-hukuk-ve-adalet-icin-omuz-omuza-yuruyoruz\\\/\",\"url\":\"https:\\\/\\\/memurunsesi.net\\\/index.php\\\/2025\\\/03\\\/25\\\/baskan-cavusoglu-hak-hukuk-ve-adalet-icin-omuz-omuza-yuruyoruz\\\/\",\"name\":\"Ba\u015fkan \u00c7avu\u015fo\u011flu; \\\"Hak, hukuk ve adalet i\u00e7in omuz omuza y\u00fcr\u00fcyoruz - Memurun Sesi\",\"isPartOf\":{\"@id\":\"https:\\\/\\\/memurunsesi.net\\\/#website\"},\"primaryImageOfPage\":{\"@id\":\"https:\\\/\\\/memurunsesi.net\\\/index.php\\\/2025\\\/03\\\/25\\\/baskan-cavusoglu-hak-hukuk-ve-adalet-icin-omuz-omuza-yuruyoruz\\\/#primaryimage\"},\"image\":{\"@id\":\"https:\\\/\\\/memurunsesi.net\\\/index.php\\\/2025\\\/03\\\/25\\\/baskan-cavusoglu-hak-hukuk-ve-adalet-icin-omuz-omuza-yuruyoruz\\\/#primaryimage\"},\"thumbnailUrl\":\"https:\\\/\\\/memurunsesi.net\\\/wp-content\\\/uploads\\\/2025\\\/03\\\/AW419481_05.jpg\",\"datePublished\":\"2025-03-25T07:45:08+00:00\",\"breadcrumb\":{\"@id\":\"https:\\\/\\\/memurunsesi.net\\\/index.php\\\/2025\\\/03\\\/25\\\/baskan-cavusoglu-hak-hukuk-ve-adalet-icin-omuz-omuza-yuruyoruz\\\/#breadcrumb\"},\"inLanguage\":\"tr\",\"potentialAction\":[{\"@type\":\"ReadAction\",\"target\":[\"https:\\\/\\\/memurunsesi.net\\\/index.php\\\/2025\\\/03\\\/25\\\/baskan-cavusoglu-hak-hukuk-ve-adalet-icin-omuz-omuza-yuruyoruz\\\/\"]}]},{\"@type\":\"ImageObject\",\"inLanguage\":\"tr\",\"@id\":\"https:\\\/\\\/memurunsesi.net\\\/index.php\\\/2025\\\/03\\\/25\\\/baskan-cavusoglu-hak-hukuk-ve-adalet-icin-omuz-omuza-yuruyoruz\\\/#primaryimage\",\"url\":\"https:\\\/\\\/memurunsesi.net\\\/wp-content\\\/uploads\\\/2025\\\/03\\\/AW419481_05.jpg\",\"contentUrl\":\"https:\\\/\\\/memurunsesi.net\\\/wp-content\\\/uploads\\\/2025\\\/03\\\/AW419481_05.jpg\",\"width\":2048,\"height\":1152,\"caption\":\"DEN\u0130ZL\u0130'DE EKREM \u0130MAMO\u011eLU'NA DESTEK \u0130\u00c7\u0130N D\u00dcZENLENEN EYLEMDE KONU\u015eAN B\u00dcY\u00dcK\u015eEH\u0130R BELED\u0130YE BA\u015eKANI B\u00dcLENT NUR\u0130 \u00c7AVU\u015eO\u011eLU; \\\"M\u00dcCADELEM\u0130Z SADECE EKREM \u0130MAMO\u011eLU'NUN DE\u011e\u0130L, ADALET \u0130STEYEN HERKES\u0130N M\u00dcCADELES\u0130D\u0130R\\\" DED\u0130. (L\u00dcTF\u0130 YA\u015eAR\\\/DEN\u0130ZL\u0130-\u0130HA) Denizli'de Ekrem \u0130mamo\u011flu'na destek i\u00e7in d\u00fczenlenen eylemde konu\u015fan B\u00fcy\u00fck\u015fehir Belediye Ba\u015fkan\u0131 B\u00fclent Nuri \u00c7avu\u015fo\u011flu; \\\"M\u00fccadelemiz sadece Ekrem \u0130mamo\u011flu'nun de\u011fil, adalet isteyen herkesin m\u00fccadelesidir\\\" dedi.\"},{\"@type\":\"BreadcrumbList\",\"@id\":\"https:\\\/\\\/memurunsesi.net\\\/index.php\\\/2025\\\/03\\\/25\\\/baskan-cavusoglu-hak-hukuk-ve-adalet-icin-omuz-omuza-yuruyoruz\\\/#breadcrumb\",\"itemListElement\":[{\"@type\":\"ListItem\",\"position\":1,\"name\":\"Anasayfa\",\"item\":\"https:\\\/\\\/memurunsesi.net\\\/\"},{\"@type\":\"ListItem\",\"position\":2,\"name\":\"Ba\u015fkan \u00c7avu\u015fo\u011flu; &#8220;Hak, hukuk ve adalet i\u00e7in omuz omuza y\u00fcr\u00fcyoruz\"}]},{\"@type\":\"WebSite\",\"@id\":\"https:\\\/\\\/memurunsesi.net\\\/#website\",\"url\":\"https:\\\/\\\/memurunsesi.net\\\/\",\"name\":\"Memurun Sesi\",\"description\":\"G\u00fcncel ve Do\u011fru Haber\",\"publisher\":{\"@id\":\"https:\\\/\\\/memurunsesi.net\\\/#organization\"},\"potentialAction\":[{\"@type\":\"SearchAction\",\"target\":{\"@type\":\"EntryPoint\",\"urlTemplate\":\"https:\\\/\\\/memurunsesi.net\\\/?s={search_term_string}\"},\"query-input\":{\"@type\":\"PropertyValueSpecification\",\"valueRequired\":true,\"valueName\":\"search_term_string\"}}],\"inLanguage\":\"tr\"},{\"@type\":\"Organization\",\"@id\":\"https:\\\/\\\/memurunsesi.net\\\/#organization\",\"name\":\"Memurun Sesi\",\"url\":\"https:\\\/\\\/memurunsesi.net\\\/\",\"logo\":{\"@type\":\"ImageObject\",\"inLanguage\":\"tr\",\"@id\":\"https:\\\/\\\/memurunsesi.net\\\/#\\\/schema\\\/logo\\\/image\\\/\",\"url\":\"https:\\\/\\\/memurunsesi.net\\\/wp-content\\\/uploads\\\/2025\\\/11\\\/cropped-MEMURUN-SESI.png\",\"contentUrl\":\"https:\\\/\\\/memurunsesi.net\\\/wp-content\\\/uploads\\\/2025\\\/11\\\/cropped-MEMURUN-SESI.png\",\"width\":238,\"height\":57,\"caption\":\"Memurun Sesi\"},\"image\":{\"@id\":\"https:\\\/\\\/memurunsesi.net\\\/#\\\/schema\\\/logo\\\/image\\\/\"},\"sameAs\":[\"https:\\\/\\\/www.facebook.com\\\/unipersen\\\/?locale=tr_TR\",\"https:\\\/\\\/x.com\\\/unipersen\"]},{\"@type\":\"Person\",\"@id\":\"https:\\\/\\\/memurunsesi.net\\\/#\\\/schema\\\/person\\\/f21c2d73b89f6ee1d80b0a1803e38587\",\"name\":\"Memurun Sesi Haber Merkezi\",\"image\":{\"@type\":\"ImageObject\",\"inLanguage\":\"tr\",\"@id\":\"https:\\\/\\\/secure.gravatar.com\\\/avatar\\\/6cf0505f452ee753f485014986fab09a434671d2b919ee76fc541025c5876a70?s=96&d=mm&r=g\",\"url\":\"https:\\\/\\\/secure.gravatar.com\\\/avatar\\\/6cf0505f452ee753f485014986fab09a434671d2b919ee76fc541025c5876a70?s=96&d=mm&r=g\",\"contentUrl\":\"https:\\\/\\\/secure.gravatar.com\\\/avatar\\\/6cf0505f452ee753f485014986fab09a434671d2b919ee76fc541025c5876a70?s=96&d=mm&r=g\",\"caption\":\"Memurun Sesi Haber Merkezi\"},\"sameAs\":[\"https:\\\/\\\/memurunsesi.net\"],\"url\":\"https:\\\/\\\/memurunsesi.net\\\/index.php\\\/author\\\/uniper\\\/\"}]}<\/script>\n<!-- \/ Yoast SEO plugin. -->","yoast_head_json":{"title":"Ba\u015fkan \u00c7avu\u015fo\u011flu; \"Hak, hukuk ve adalet i\u00e7in omuz omuza y\u00fcr\u00fcyoruz - Memurun Sesi","robots":{"index":"index","follow":"follow","max-snippet":"max-snippet:-1","max-image-preview":"max-image-preview:large","max-video-preview":"max-video-preview:-1"},"canonical":"https:\/\/memurunsesi.net\/index.php\/2025\/03\/25\/baskan-cavusoglu-hak-hukuk-ve-adalet-icin-omuz-omuza-yuruyoruz\/","og_locale":"tr_TR","og_type":"article","og_title":"Ba\u015fkan \u00c7avu\u015fo\u011flu; \"Hak, hukuk ve adalet i\u00e7in omuz omuza y\u00fcr\u00fcyoruz - Memurun Sesi","og_description":"Denizli\u2019de Ekrem \u0130mamo\u011flu\u2019na destek i\u00e7in d\u00fczenlenen eylemde konu\u015fan B\u00fcy\u00fck\u015fehir Belediye Ba\u015fkan\u0131 B\u00fclent Nuri \u00c7avu\u015fo\u011flu; &#8220;M\u00fccadelemiz sadece Ekrem \u0130mamo\u011flu\u2019nun de\u011fil, adalet isteyen herkesin m\u00fccadelesidir&#8221; dedi. \u0130BB Ba\u015fkan\u0131 Ekrem \u0130mamo\u011flu\u2019nun tutuklanmas\u0131na tepki g\u00f6stermek amac\u0131yla CHP Denizli \u0130l Ba\u015fkanl\u0131\u011f\u0131 taraf\u0131ndan d\u00fczenlenen eylemler d\u00fcn ak\u015famda devam etti. Denizli B\u00fcy\u00fck\u015fehir Belediyesi \u00f6n\u00fcndeki Delikli\u00e7\u0131nar Meydan\u0131nda toplanan binlerce ki\u015fi, Denizli B\u00fcy\u00fck\u015fehir Belediye [&hellip;]","og_url":"https:\/\/memurunsesi.net\/index.php\/2025\/03\/25\/baskan-cavusoglu-hak-hukuk-ve-adalet-icin-omuz-omuza-yuruyoruz\/","og_site_name":"Memurun Sesi","article_publisher":"https:\/\/www.facebook.com\/unipersen\/?locale=tr_TR","article_published_time":"2025-03-25T07:45:08+00:00","og_image":[{"width":2048,"height":1152,"url":"https:\/\/memurunsesi.net\/wp-content\/uploads\/2025\/03\/AW419481_05.jpg","type":"image\/jpeg"}],"author":"Memurun Sesi Haber Merkezi","twitter_card":"summary_large_image","twitter_creator":"@unipersen","twitter_site":"@unipersen","twitter_misc":{"Yazan:":"Memurun Sesi Haber Merkezi","Tahmini okuma s\u00fcresi":"2 dakika"},"schema":{"@context":"https:\/\/schema.org","@graph":[{"@type":"Article","@id":"https:\/\/memurunsesi.net\/index.php\/2025\/03\/25\/baskan-cavusoglu-hak-hukuk-ve-adalet-icin-omuz-omuza-yuruyoruz\/#article","isPartOf":{"@id":"https:\/\/memurunsesi.net\/index.php\/2025\/03\/25\/baskan-cavusoglu-hak-hukuk-ve-adalet-icin-omuz-omuza-yuruyoruz\/"},"author":{"name":"Memurun Sesi Haber Merkezi","@id":"https:\/\/memurunsesi.net\/#\/schema\/person\/f21c2d73b89f6ee1d80b0a1803e38587"},"headline":"Ba\u015fkan \u00c7avu\u015fo\u011flu; &#8220;Hak, hukuk ve adalet i\u00e7in omuz omuza y\u00fcr\u00fcyoruz","datePublished":"2025-03-25T07:45:08+00:00","mainEntityOfPage":{"@id":"https:\/\/memurunsesi.net\/index.php\/2025\/03\/25\/baskan-cavusoglu-hak-hukuk-ve-adalet-icin-omuz-omuza-yuruyoruz\/"},"wordCount":323,"commentCount":0,"publisher":{"@id":"https:\/\/memurunsesi.net\/#organization"},"image":{"@id":"https:\/\/memurunsesi.net\/index.php\/2025\/03\/25\/baskan-cavusoglu-hak-hukuk-ve-adalet-icin-omuz-omuza-yuruyoruz\/#primaryimage"},"thumbnailUrl":"https:\/\/memurunsesi.net\/wp-content\/uploads\/2025\/03\/AW419481_05.jpg","inLanguage":"tr","potentialAction":[{"@type":"CommentAction","name":"Comment","target":["https:\/\/memurunsesi.net\/index.php\/2025\/03\/25\/baskan-cavusoglu-hak-hukuk-ve-adalet-icin-omuz-omuza-yuruyoruz\/#respond"]}]},{"@type":"WebPage","@id":"https:\/\/memurunsesi.net\/index.php\/2025\/03\/25\/baskan-cavusoglu-hak-hukuk-ve-adalet-icin-omuz-omuza-yuruyoruz\/","url":"https:\/\/memurunsesi.net\/index.php\/2025\/03\/25\/baskan-cavusoglu-hak-hukuk-ve-adalet-icin-omuz-omuza-yuruyoruz\/","name":"Ba\u015fkan \u00c7avu\u015fo\u011flu; \"Hak, hukuk ve adalet i\u00e7in omuz omuza y\u00fcr\u00fcyoruz - Memurun Sesi","isPartOf":{"@id":"https:\/\/memurunsesi.net\/#website"},"primaryImageOfPage":{"@id":"https:\/\/memurunsesi.net\/index.php\/2025\/03\/25\/baskan-cavusoglu-hak-hukuk-ve-adalet-icin-omuz-omuza-yuruyoruz\/#primaryimage"},"image":{"@id":"https:\/\/memurunsesi.net\/index.php\/2025\/03\/25\/baskan-cavusoglu-hak-hukuk-ve-adalet-icin-omuz-omuza-yuruyoruz\/#primaryimage"},"thumbnailUrl":"https:\/\/memurunsesi.net\/wp-content\/uploads\/2025\/03\/AW419481_05.jpg","datePublished":"2025-03-25T07:45:08+00:00","breadcrumb":{"@id":"https:\/\/memurunsesi.net\/index.php\/2025\/03\/25\/baskan-cavusoglu-hak-hukuk-ve-adalet-icin-omuz-omuza-yuruyoruz\/#breadcrumb"},"inLanguage":"tr","potentialAction":[{"@type":"ReadAction","target":["https:\/\/memurunsesi.net\/index.php\/2025\/03\/25\/baskan-cavusoglu-hak-hukuk-ve-adalet-icin-omuz-omuza-yuruyoruz\/"]}]},{"@type":"ImageObject","inLanguage":"tr","@id":"https:\/\/memurunsesi.net\/index.php\/2025\/03\/25\/baskan-cavusoglu-hak-hukuk-ve-adalet-icin-omuz-omuza-yuruyoruz\/#primaryimage","url":"https:\/\/memurunsesi.net\/wp-content\/uploads\/2025\/03\/AW419481_05.jpg","contentUrl":"https:\/\/memurunsesi.net\/wp-content\/uploads\/2025\/03\/AW419481_05.jpg","width":2048,"height":1152,"caption":"DEN\u0130ZL\u0130'DE EKREM \u0130MAMO\u011eLU'NA DESTEK \u0130\u00c7\u0130N D\u00dcZENLENEN EYLEMDE KONU\u015eAN B\u00dcY\u00dcK\u015eEH\u0130R BELED\u0130YE BA\u015eKANI B\u00dcLENT NUR\u0130 \u00c7AVU\u015eO\u011eLU; \"M\u00dcCADELEM\u0130Z SADECE EKREM \u0130MAMO\u011eLU'NUN DE\u011e\u0130L, ADALET \u0130STEYEN HERKES\u0130N M\u00dcCADELES\u0130D\u0130R\" DED\u0130. (L\u00dcTF\u0130 YA\u015eAR\/DEN\u0130ZL\u0130-\u0130HA) Denizli'de Ekrem \u0130mamo\u011flu'na destek i\u00e7in d\u00fczenlenen eylemde konu\u015fan B\u00fcy\u00fck\u015fehir Belediye Ba\u015fkan\u0131 B\u00fclent Nuri \u00c7avu\u015fo\u011flu; \"M\u00fccadelemiz sadece Ekrem \u0130mamo\u011flu'nun de\u011fil, adalet isteyen herkesin m\u00fccadelesidir\" dedi."},{"@type":"BreadcrumbList","@id":"https:\/\/memurunsesi.net\/index.php\/2025\/03\/25\/baskan-cavusoglu-hak-hukuk-ve-adalet-icin-omuz-omuza-yuruyoruz\/#breadcrumb","itemListElement":[{"@type":"ListItem","position":1,"name":"Anasayfa","item":"https:\/\/memurunsesi.net\/"},{"@type":"ListItem","position":2,"name":"Ba\u015fkan \u00c7avu\u015fo\u011flu; &#8220;Hak, hukuk ve adalet i\u00e7in omuz omuza y\u00fcr\u00fcyoruz"}]},{"@type":"WebSite","@id":"https:\/\/memurunsesi.net\/#website","url":"https:\/\/memurunsesi.net\/","name":"Memurun Sesi","description":"G\u00fcncel ve Do\u011fru Haber","publisher":{"@id":"https:\/\/memurunsesi.net\/#organization"},"potentialAction":[{"@type":"SearchAction","target":{"@type":"EntryPoint","urlTemplate":"https:\/\/memurunsesi.net\/?s={search_term_string}"},"query-input":{"@type":"PropertyValueSpecification","valueRequired":true,"valueName":"search_term_string"}}],"inLanguage":"tr"},{"@type":"Organization","@id":"https:\/\/memurunsesi.net\/#organization","name":"Memurun Sesi","url":"https:\/\/memurunsesi.net\/","logo":{"@type":"ImageObject","inLanguage":"tr","@id":"https:\/\/memurunsesi.net\/#\/schema\/logo\/image\/","url":"https:\/\/memurunsesi.net\/wp-content\/uploads\/2025\/11\/cropped-MEMURUN-SESI.png","contentUrl":"https:\/\/memurunsesi.net\/wp-content\/uploads\/2025\/11\/cropped-MEMURUN-SESI.png","width":238,"height":57,"caption":"Memurun Sesi"},"image":{"@id":"https:\/\/memurunsesi.net\/#\/schema\/logo\/image\/"},"sameAs":["https:\/\/www.facebook.com\/unipersen\/?locale=tr_TR","https:\/\/x.com\/unipersen"]},{"@type":"Person","@id":"https:\/\/memurunsesi.net\/#\/schema\/person\/f21c2d73b89f6ee1d80b0a1803e38587","name":"Memurun Sesi Haber Merkezi","image":{"@type":"ImageObject","inLanguage":"tr","@id":"https:\/\/secure.gravatar.com\/avatar\/6cf0505f452ee753f485014986fab09a434671d2b919ee76fc541025c5876a70?s=96&d=mm&r=g","url":"https:\/\/secure.gravatar.com\/avatar\/6cf0505f452ee753f485014986fab09a434671d2b919ee76fc541025c5876a70?s=96&d=mm&r=g","contentUrl":"https:\/\/secure.gravatar.com\/avatar\/6cf0505f452ee753f485014986fab09a434671d2b919ee76fc541025c5876a70?s=96&d=mm&r=g","caption":"Memurun Sesi Haber Merkezi"},"sameAs":["https:\/\/memurunsesi.net"],"url":"https:\/\/memurunsesi.net\/index.php\/author\/uniper\/"}]}},"_links":{"self":[{"href":"https:\/\/memurunsesi.net\/index.php\/wp-json\/wp\/v2\/posts\/4396","targetHints":{"allow":["GET"]}}],"collection":[{"href":"https:\/\/memurunsesi.net\/index.php\/wp-json\/wp\/v2\/posts"}],"about":[{"href":"https:\/\/memurunsesi.net\/index.php\/wp-json\/wp\/v2\/types\/post"}],"author":[{"embeddable":true,"href":"https:\/\/memurunsesi.net\/index.php\/wp-json\/wp\/v2\/users\/1"}],"replies":[{"embeddable":true,"href":"https:\/\/memurunsesi.net\/index.php\/wp-json\/wp\/v2\/comments?post=4396"}],"version-history":[{"count":1,"href":"https:\/\/memurunsesi.net\/index.php\/wp-json\/wp\/v2\/posts\/4396\/revisions"}],"predecessor-version":[{"id":4398,"href":"https:\/\/memurunsesi.net\/index.php\/wp-json\/wp\/v2\/posts\/4396\/revisions\/4398"}],"wp:featuredmedia":[{"embeddable":true,"href":"https:\/\/memurunsesi.net\/index.php\/wp-json\/wp\/v2\/media\/4397"}],"wp:attachment":[{"href":"https:\/\/memurunsesi.net\/index.php\/wp-json\/wp\/v2\/media?parent=4396"}],"wp:term":[{"taxonomy":"category","embeddable":true,"href":"https:\/\/memurunsesi.net\/index.php\/wp-json\/wp\/v2\/categories?post=4396"},{"taxonomy":"post_tag","embeddable":true,"href":"https:\/\/memurunsesi.net\/index.php\/wp-json\/wp\/v2\/tags?post=4396"}],"curies":[{"name":"wp","href":"https:\/\/api.w.org\/{rel}","templated":true}]}}