{"id":4399,"date":"2025-03-25T10:47:11","date_gmt":"2025-03-25T07:47:11","guid":{"rendered":"https:\/\/memurunsesi.net\/?p=4399"},"modified":"2025-03-25T10:47:11","modified_gmt":"2025-03-25T07:47:11","slug":"ozgur-ozel-sehit-aileleri-ve-gazilerle-iftar-programinda-bulustu","status":"publish","type":"post","link":"https:\/\/memurunsesi.net\/index.php\/2025\/03\/25\/ozgur-ozel-sehit-aileleri-ve-gazilerle-iftar-programinda-bulustu\/","title":{"rendered":"\u00d6zg\u00fcr \u00d6zel, \u015fehit aileleri ve gazilerle iftar program\u0131nda bulu\u015ftu"},"content":{"rendered":"<p>CHP Genel Ba\u015fkan\u0131 \u00d6zg\u00fcr \u00d6zel, \u0130stanbul&#8217;da bir otelde \u015fehit aileleri ve gazilerle iftar program\u0131nda bulu\u015ftu. \u00d6zel, \u0130BB Ba\u015fkan\u0131 Ekrem \u0130mamo\u011flu&#8217;nun tutuklanmas\u0131yla ilgili g\u00fcndeme ili\u015fkin a\u00e7\u0131klamalarda bulundu.<br \/>\nCHP Genel Ba\u015fkan\u0131 \u00d6zg\u00fcr \u00d6zel, \u015ei\u015fli&#8217;deki bir otelde d\u00fczenlenen iftar program\u0131nda \u015fehit aileleri ve gazilerle bulu\u015ftu. \u0130ftar yeme\u011fi \u00f6ncesinde konu\u015fan \u00d6zel \u0130BB Ba\u015fkan\u0131 Ekrem \u0130mamo\u011flu&#8217;nun tutuklanmas\u0131yla ilgili g\u00fcndeme ili\u015fkin a\u00e7\u0131klamalarda bulundu. \u00d6zel, &#8220;18 Mart \u015eehitler ve Gaziler G\u00fcn\u00fc&#8217;nde, Ekrem \u0130mamo\u011flu bu ak\u015famki iftar i\u00e7in davette bulunmu\u015f, s\u00f6zle\u015fmi\u015f, bug\u00fcn burada, bu masada \u015fehit annelerimizle babalar\u0131m\u0131zla, gazilerimizle e\u015fleri ile birlikte sohbet etme, g\u00fcn boyu a\u00e7\u0131n halinden anlamak i\u00e7in tuttu\u011fu orucunu hurmas\u0131yla a\u00e7ma, sizinle birlikte iftar\u0131n\u0131 yapmay\u0131 \u00fcmit ediyordu. Ancak bu geli\u015fmeden bir g\u00fcn sonra, 19 Mart tarihinde maalesef kendisine kar\u015f\u0131 ba\u015far\u0131s\u0131z bir darbe giri\u015fimi oldu. B\u00fct\u00fcn darbeler milletin se\u00e7tiklerini, milletin ba\u015f tac\u0131 ettiklerini, g\u00f6rev verdiklerini hazmetmeyip milletin verdi\u011fi yetkiyi onlardan zorla al\u0131p, onu halktan kopar\u0131p, onu hizmetten kopar\u0131p, onun yerine birilerini ge\u00e7irmek \u00fczerine yap\u0131l\u0131rlar&#8221; dedi.<br \/>\nProgramda iftar sonras\u0131 Kuran-\u0131 Kerim tilaveti okundu. \u00d6zel&#8217;e konu\u015fmas\u0131 sonras\u0131 hediye verilirken, \u00d6zel hediyeyi cezaevinde bulunan Ekrem \u0130mamo\u011flu&#8217;na iletmeye \u00e7al\u0131\u015faca\u011f\u0131n\u0131 ifade etti.<\/p>\n<p>25.03.2025<\/p>\n","protected":false},"excerpt":{"rendered":"<p>CHP Genel Ba\u015fkan\u0131 \u00d6zg\u00fcr \u00d6zel, \u0130stanbul&#8217;da bir otelde \u015fehit aileleri ve gazilerle iftar program\u0131nda bulu\u015ftu. \u00d6zel, \u0130BB Ba\u015fkan\u0131 Ekrem \u0130mamo\u011flu&#8217;nun tutuklanmas\u0131yla ilgili g\u00fcndeme ili\u015fkin a\u00e7\u0131klamalarda bulundu. CHP Genel Ba\u015fkan\u0131 \u00d6zg\u00fcr \u00d6zel, \u015ei\u015fli&#8217;deki bir otelde d\u00fczenlenen iftar program\u0131nda \u015fehit aileleri ve gazilerle bulu\u015ftu. \u0130ftar yeme\u011fi \u00f6ncesinde konu\u015fan \u00d6zel \u0130BB Ba\u015fkan\u0131 Ekrem \u0130mamo\u011flu&#8217;nun tutuklanmas\u0131yla ilgili g\u00fcndeme ili\u015fkin [&hellip;]<\/p>\n","protected":false},"author":1,"featured_media":4400,"comment_status":"open","ping_status":"open","sticky":false,"template":"","format":"standard","meta":{"footnotes":""},"categories":[45],"tags":[],"class_list":["post-4399","post","type-post","status-publish","format-standard","has-post-thumbnail","hentry","category-gundem"],"yoast_head":"<!-- This site is optimized with the Yoast SEO plugin v27.4 - https:\/\/yoast.com\/product\/yoast-seo-wordpress\/ -->\n<title>\u00d6zg\u00fcr \u00d6zel, \u015fehit aileleri ve gazilerle iftar program\u0131nda bulu\u015ftu - Memurun Sesi<\/title>\n<meta name=\"robots\" content=\"index, follow, max-snippet:-1, max-image-preview:large, max-video-preview:-1\" \/>\n<link rel=\"canonical\" href=\"https:\/\/memurunsesi.net\/index.php\/2025\/03\/25\/ozgur-ozel-sehit-aileleri-ve-gazilerle-iftar-programinda-bulustu\/\" \/>\n<meta property=\"og:locale\" content=\"tr_TR\" \/>\n<meta property=\"og:type\" content=\"article\" \/>\n<meta property=\"og:title\" content=\"\u00d6zg\u00fcr \u00d6zel, \u015fehit aileleri ve gazilerle iftar program\u0131nda bulu\u015ftu - Memurun Sesi\" \/>\n<meta property=\"og:description\" content=\"CHP Genel Ba\u015fkan\u0131 \u00d6zg\u00fcr \u00d6zel, \u0130stanbul&#8217;da bir otelde \u015fehit aileleri ve gazilerle iftar program\u0131nda bulu\u015ftu. \u00d6zel, \u0130BB Ba\u015fkan\u0131 Ekrem \u0130mamo\u011flu&#8217;nun tutuklanmas\u0131yla ilgili g\u00fcndeme ili\u015fkin a\u00e7\u0131klamalarda bulundu. CHP Genel Ba\u015fkan\u0131 \u00d6zg\u00fcr \u00d6zel, \u015ei\u015fli&#8217;deki bir otelde d\u00fczenlenen iftar program\u0131nda \u015fehit aileleri ve gazilerle bulu\u015ftu. \u0130ftar yeme\u011fi \u00f6ncesinde konu\u015fan \u00d6zel \u0130BB Ba\u015fkan\u0131 Ekrem \u0130mamo\u011flu&#8217;nun tutuklanmas\u0131yla ilgili g\u00fcndeme ili\u015fkin [&hellip;]\" \/>\n<meta property=\"og:url\" content=\"https:\/\/memurunsesi.net\/index.php\/2025\/03\/25\/ozgur-ozel-sehit-aileleri-ve-gazilerle-iftar-programinda-bulustu\/\" \/>\n<meta property=\"og:site_name\" content=\"Memurun Sesi\" \/>\n<meta property=\"article:publisher\" content=\"https:\/\/www.facebook.com\/unipersen\/?locale=tr_TR\" \/>\n<meta property=\"article:published_time\" content=\"2025-03-25T07:47:11+00:00\" \/>\n<meta property=\"og:image\" content=\"https:\/\/memurunsesi.net\/wp-content\/uploads\/2025\/03\/AW419387_01-scaled.jpg\" \/>\n\t<meta property=\"og:image:width\" content=\"2560\" \/>\n\t<meta property=\"og:image:height\" content=\"1440\" \/>\n\t<meta property=\"og:image:type\" content=\"image\/jpeg\" \/>\n<meta name=\"author\" content=\"Memurun Sesi Haber Merkezi\" \/>\n<meta name=\"twitter:card\" content=\"summary_large_image\" \/>\n<meta name=\"twitter:creator\" content=\"@unipersen\" \/>\n<meta name=\"twitter:site\" content=\"@unipersen\" \/>\n<meta name=\"twitter:label1\" content=\"Yazan:\" \/>\n\t<meta name=\"twitter:data1\" content=\"Memurun Sesi Haber Merkezi\" \/>\n\t<meta name=\"twitter:label2\" content=\"Tahmini okuma s\u00fcresi\" \/>\n\t<meta name=\"twitter:data2\" content=\"1 dakika\" \/>\n<script type=\"application\/ld+json\" class=\"yoast-schema-graph\">{\"@context\":\"https:\\\/\\\/schema.org\",\"@graph\":[{\"@type\":\"Article\",\"@id\":\"https:\\\/\\\/memurunsesi.net\\\/index.php\\\/2025\\\/03\\\/25\\\/ozgur-ozel-sehit-aileleri-ve-gazilerle-iftar-programinda-bulustu\\\/#article\",\"isPartOf\":{\"@id\":\"https:\\\/\\\/memurunsesi.net\\\/index.php\\\/2025\\\/03\\\/25\\\/ozgur-ozel-sehit-aileleri-ve-gazilerle-iftar-programinda-bulustu\\\/\"},\"author\":{\"name\":\"Memurun Sesi Haber Merkezi\",\"@id\":\"https:\\\/\\\/memurunsesi.net\\\/#\\\/schema\\\/person\\\/f21c2d73b89f6ee1d80b0a1803e38587\"},\"headline\":\"\u00d6zg\u00fcr \u00d6zel, \u015fehit aileleri ve gazilerle iftar program\u0131nda bulu\u015ftu\",\"datePublished\":\"2025-03-25T07:47:11+00:00\",\"mainEntityOfPage\":{\"@id\":\"https:\\\/\\\/memurunsesi.net\\\/index.php\\\/2025\\\/03\\\/25\\\/ozgur-ozel-sehit-aileleri-ve-gazilerle-iftar-programinda-bulustu\\\/\"},\"wordCount\":250,\"commentCount\":0,\"publisher\":{\"@id\":\"https:\\\/\\\/memurunsesi.net\\\/#organization\"},\"image\":{\"@id\":\"https:\\\/\\\/memurunsesi.net\\\/index.php\\\/2025\\\/03\\\/25\\\/ozgur-ozel-sehit-aileleri-ve-gazilerle-iftar-programinda-bulustu\\\/#primaryimage\"},\"thumbnailUrl\":\"https:\\\/\\\/memurunsesi.net\\\/wp-content\\\/uploads\\\/2025\\\/03\\\/AW419387_01-scaled.jpg\",\"articleSection\":[\"G\u00fcndem\"],\"inLanguage\":\"tr\",\"potentialAction\":[{\"@type\":\"CommentAction\",\"name\":\"Comment\",\"target\":[\"https:\\\/\\\/memurunsesi.net\\\/index.php\\\/2025\\\/03\\\/25\\\/ozgur-ozel-sehit-aileleri-ve-gazilerle-iftar-programinda-bulustu\\\/#respond\"]}]},{\"@type\":\"WebPage\",\"@id\":\"https:\\\/\\\/memurunsesi.net\\\/index.php\\\/2025\\\/03\\\/25\\\/ozgur-ozel-sehit-aileleri-ve-gazilerle-iftar-programinda-bulustu\\\/\",\"url\":\"https:\\\/\\\/memurunsesi.net\\\/index.php\\\/2025\\\/03\\\/25\\\/ozgur-ozel-sehit-aileleri-ve-gazilerle-iftar-programinda-bulustu\\\/\",\"name\":\"\u00d6zg\u00fcr \u00d6zel, \u015fehit aileleri ve gazilerle iftar program\u0131nda bulu\u015ftu - Memurun Sesi\",\"isPartOf\":{\"@id\":\"https:\\\/\\\/memurunsesi.net\\\/#website\"},\"primaryImageOfPage\":{\"@id\":\"https:\\\/\\\/memurunsesi.net\\\/index.php\\\/2025\\\/03\\\/25\\\/ozgur-ozel-sehit-aileleri-ve-gazilerle-iftar-programinda-bulustu\\\/#primaryimage\"},\"image\":{\"@id\":\"https:\\\/\\\/memurunsesi.net\\\/index.php\\\/2025\\\/03\\\/25\\\/ozgur-ozel-sehit-aileleri-ve-gazilerle-iftar-programinda-bulustu\\\/#primaryimage\"},\"thumbnailUrl\":\"https:\\\/\\\/memurunsesi.net\\\/wp-content\\\/uploads\\\/2025\\\/03\\\/AW419387_01-scaled.jpg\",\"datePublished\":\"2025-03-25T07:47:11+00:00\",\"breadcrumb\":{\"@id\":\"https:\\\/\\\/memurunsesi.net\\\/index.php\\\/2025\\\/03\\\/25\\\/ozgur-ozel-sehit-aileleri-ve-gazilerle-iftar-programinda-bulustu\\\/#breadcrumb\"},\"inLanguage\":\"tr\",\"potentialAction\":[{\"@type\":\"ReadAction\",\"target\":[\"https:\\\/\\\/memurunsesi.net\\\/index.php\\\/2025\\\/03\\\/25\\\/ozgur-ozel-sehit-aileleri-ve-gazilerle-iftar-programinda-bulustu\\\/\"]}]},{\"@type\":\"ImageObject\",\"inLanguage\":\"tr\",\"@id\":\"https:\\\/\\\/memurunsesi.net\\\/index.php\\\/2025\\\/03\\\/25\\\/ozgur-ozel-sehit-aileleri-ve-gazilerle-iftar-programinda-bulustu\\\/#primaryimage\",\"url\":\"https:\\\/\\\/memurunsesi.net\\\/wp-content\\\/uploads\\\/2025\\\/03\\\/AW419387_01-scaled.jpg\",\"contentUrl\":\"https:\\\/\\\/memurunsesi.net\\\/wp-content\\\/uploads\\\/2025\\\/03\\\/AW419387_01-scaled.jpg\",\"width\":2560,\"height\":1440,\"caption\":\"CHP GENEL BA\u015eKANI \u00d6ZG\u00dcR \u00d6ZEL, \u0130STANBUL'DA B\u0130R OTELDE \u015eEH\u0130T A\u0130LELER\u0130 VE GAZ\u0130LERLE \u0130FTAR PROGRAMINDA BULU\u015eTU (AHMET UZUN\\\/\u0130STANBUL-\u0130HA) CHP Genel Ba\u015fkan\u0131 \u00d6zg\u00fcr \u00d6zel, \u0130stanbul'da bir otelde \u015fehit aileleri ve gazilerle iftar program\u0131nda bulu\u015ftu. \u00d6zel, \u0130BB Ba\u015fkan\u0131 Ekrem \u0130mamo\u011flu'nun tutuklanmas\u0131yla ilgili g\u00fcndeme ili\u015fkin a\u00e7\u0131klamalarda bulundu.\"},{\"@type\":\"BreadcrumbList\",\"@id\":\"https:\\\/\\\/memurunsesi.net\\\/index.php\\\/2025\\\/03\\\/25\\\/ozgur-ozel-sehit-aileleri-ve-gazilerle-iftar-programinda-bulustu\\\/#breadcrumb\",\"itemListElement\":[{\"@type\":\"ListItem\",\"position\":1,\"name\":\"Anasayfa\",\"item\":\"https:\\\/\\\/memurunsesi.net\\\/\"},{\"@type\":\"ListItem\",\"position\":2,\"name\":\"\u00d6zg\u00fcr \u00d6zel, \u015fehit aileleri ve gazilerle iftar program\u0131nda bulu\u015ftu\"}]},{\"@type\":\"WebSite\",\"@id\":\"https:\\\/\\\/memurunsesi.net\\\/#website\",\"url\":\"https:\\\/\\\/memurunsesi.net\\\/\",\"name\":\"Memurun Sesi\",\"description\":\"G\u00fcncel ve Do\u011fru Haber\",\"publisher\":{\"@id\":\"https:\\\/\\\/memurunsesi.net\\\/#organization\"},\"potentialAction\":[{\"@type\":\"SearchAction\",\"target\":{\"@type\":\"EntryPoint\",\"urlTemplate\":\"https:\\\/\\\/memurunsesi.net\\\/?s={search_term_string}\"},\"query-input\":{\"@type\":\"PropertyValueSpecification\",\"valueRequired\":true,\"valueName\":\"search_term_string\"}}],\"inLanguage\":\"tr\"},{\"@type\":\"Organization\",\"@id\":\"https:\\\/\\\/memurunsesi.net\\\/#organization\",\"name\":\"Memurun Sesi\",\"url\":\"https:\\\/\\\/memurunsesi.net\\\/\",\"logo\":{\"@type\":\"ImageObject\",\"inLanguage\":\"tr\",\"@id\":\"https:\\\/\\\/memurunsesi.net\\\/#\\\/schema\\\/logo\\\/image\\\/\",\"url\":\"https:\\\/\\\/memurunsesi.net\\\/wp-content\\\/uploads\\\/2025\\\/11\\\/cropped-MEMURUN-SESI.png\",\"contentUrl\":\"https:\\\/\\\/memurunsesi.net\\\/wp-content\\\/uploads\\\/2025\\\/11\\\/cropped-MEMURUN-SESI.png\",\"width\":238,\"height\":57,\"caption\":\"Memurun Sesi\"},\"image\":{\"@id\":\"https:\\\/\\\/memurunsesi.net\\\/#\\\/schema\\\/logo\\\/image\\\/\"},\"sameAs\":[\"https:\\\/\\\/www.facebook.com\\\/unipersen\\\/?locale=tr_TR\",\"https:\\\/\\\/x.com\\\/unipersen\"]},{\"@type\":\"Person\",\"@id\":\"https:\\\/\\\/memurunsesi.net\\\/#\\\/schema\\\/person\\\/f21c2d73b89f6ee1d80b0a1803e38587\",\"name\":\"Memurun Sesi Haber Merkezi\",\"image\":{\"@type\":\"ImageObject\",\"inLanguage\":\"tr\",\"@id\":\"https:\\\/\\\/secure.gravatar.com\\\/avatar\\\/6cf0505f452ee753f485014986fab09a434671d2b919ee76fc541025c5876a70?s=96&d=mm&r=g\",\"url\":\"https:\\\/\\\/secure.gravatar.com\\\/avatar\\\/6cf0505f452ee753f485014986fab09a434671d2b919ee76fc541025c5876a70?s=96&d=mm&r=g\",\"contentUrl\":\"https:\\\/\\\/secure.gravatar.com\\\/avatar\\\/6cf0505f452ee753f485014986fab09a434671d2b919ee76fc541025c5876a70?s=96&d=mm&r=g\",\"caption\":\"Memurun Sesi Haber Merkezi\"},\"sameAs\":[\"https:\\\/\\\/memurunsesi.net\"],\"url\":\"https:\\\/\\\/memurunsesi.net\\\/index.php\\\/author\\\/uniper\\\/\"}]}<\/script>\n<!-- \/ Yoast SEO plugin. -->","yoast_head_json":{"title":"\u00d6zg\u00fcr \u00d6zel, \u015fehit aileleri ve gazilerle iftar program\u0131nda bulu\u015ftu - Memurun Sesi","robots":{"index":"index","follow":"follow","max-snippet":"max-snippet:-1","max-image-preview":"max-image-preview:large","max-video-preview":"max-video-preview:-1"},"canonical":"https:\/\/memurunsesi.net\/index.php\/2025\/03\/25\/ozgur-ozel-sehit-aileleri-ve-gazilerle-iftar-programinda-bulustu\/","og_locale":"tr_TR","og_type":"article","og_title":"\u00d6zg\u00fcr \u00d6zel, \u015fehit aileleri ve gazilerle iftar program\u0131nda bulu\u015ftu - Memurun Sesi","og_description":"CHP Genel Ba\u015fkan\u0131 \u00d6zg\u00fcr \u00d6zel, \u0130stanbul&#8217;da bir otelde \u015fehit aileleri ve gazilerle iftar program\u0131nda bulu\u015ftu. \u00d6zel, \u0130BB Ba\u015fkan\u0131 Ekrem \u0130mamo\u011flu&#8217;nun tutuklanmas\u0131yla ilgili g\u00fcndeme ili\u015fkin a\u00e7\u0131klamalarda bulundu. CHP Genel Ba\u015fkan\u0131 \u00d6zg\u00fcr \u00d6zel, \u015ei\u015fli&#8217;deki bir otelde d\u00fczenlenen iftar program\u0131nda \u015fehit aileleri ve gazilerle bulu\u015ftu. \u0130ftar yeme\u011fi \u00f6ncesinde konu\u015fan \u00d6zel \u0130BB Ba\u015fkan\u0131 Ekrem \u0130mamo\u011flu&#8217;nun tutuklanmas\u0131yla ilgili g\u00fcndeme ili\u015fkin [&hellip;]","og_url":"https:\/\/memurunsesi.net\/index.php\/2025\/03\/25\/ozgur-ozel-sehit-aileleri-ve-gazilerle-iftar-programinda-bulustu\/","og_site_name":"Memurun Sesi","article_publisher":"https:\/\/www.facebook.com\/unipersen\/?locale=tr_TR","article_published_time":"2025-03-25T07:47:11+00:00","og_image":[{"width":2560,"height":1440,"url":"https:\/\/memurunsesi.net\/wp-content\/uploads\/2025\/03\/AW419387_01-scaled.jpg","type":"image\/jpeg"}],"author":"Memurun Sesi Haber Merkezi","twitter_card":"summary_large_image","twitter_creator":"@unipersen","twitter_site":"@unipersen","twitter_misc":{"Yazan:":"Memurun Sesi Haber Merkezi","Tahmini okuma s\u00fcresi":"1 dakika"},"schema":{"@context":"https:\/\/schema.org","@graph":[{"@type":"Article","@id":"https:\/\/memurunsesi.net\/index.php\/2025\/03\/25\/ozgur-ozel-sehit-aileleri-ve-gazilerle-iftar-programinda-bulustu\/#article","isPartOf":{"@id":"https:\/\/memurunsesi.net\/index.php\/2025\/03\/25\/ozgur-ozel-sehit-aileleri-ve-gazilerle-iftar-programinda-bulustu\/"},"author":{"name":"Memurun Sesi Haber Merkezi","@id":"https:\/\/memurunsesi.net\/#\/schema\/person\/f21c2d73b89f6ee1d80b0a1803e38587"},"headline":"\u00d6zg\u00fcr \u00d6zel, \u015fehit aileleri ve gazilerle iftar program\u0131nda bulu\u015ftu","datePublished":"2025-03-25T07:47:11+00:00","mainEntityOfPage":{"@id":"https:\/\/memurunsesi.net\/index.php\/2025\/03\/25\/ozgur-ozel-sehit-aileleri-ve-gazilerle-iftar-programinda-bulustu\/"},"wordCount":250,"commentCount":0,"publisher":{"@id":"https:\/\/memurunsesi.net\/#organization"},"image":{"@id":"https:\/\/memurunsesi.net\/index.php\/2025\/03\/25\/ozgur-ozel-sehit-aileleri-ve-gazilerle-iftar-programinda-bulustu\/#primaryimage"},"thumbnailUrl":"https:\/\/memurunsesi.net\/wp-content\/uploads\/2025\/03\/AW419387_01-scaled.jpg","articleSection":["G\u00fcndem"],"inLanguage":"tr","potentialAction":[{"@type":"CommentAction","name":"Comment","target":["https:\/\/memurunsesi.net\/index.php\/2025\/03\/25\/ozgur-ozel-sehit-aileleri-ve-gazilerle-iftar-programinda-bulustu\/#respond"]}]},{"@type":"WebPage","@id":"https:\/\/memurunsesi.net\/index.php\/2025\/03\/25\/ozgur-ozel-sehit-aileleri-ve-gazilerle-iftar-programinda-bulustu\/","url":"https:\/\/memurunsesi.net\/index.php\/2025\/03\/25\/ozgur-ozel-sehit-aileleri-ve-gazilerle-iftar-programinda-bulustu\/","name":"\u00d6zg\u00fcr \u00d6zel, \u015fehit aileleri ve gazilerle iftar program\u0131nda bulu\u015ftu - Memurun Sesi","isPartOf":{"@id":"https:\/\/memurunsesi.net\/#website"},"primaryImageOfPage":{"@id":"https:\/\/memurunsesi.net\/index.php\/2025\/03\/25\/ozgur-ozel-sehit-aileleri-ve-gazilerle-iftar-programinda-bulustu\/#primaryimage"},"image":{"@id":"https:\/\/memurunsesi.net\/index.php\/2025\/03\/25\/ozgur-ozel-sehit-aileleri-ve-gazilerle-iftar-programinda-bulustu\/#primaryimage"},"thumbnailUrl":"https:\/\/memurunsesi.net\/wp-content\/uploads\/2025\/03\/AW419387_01-scaled.jpg","datePublished":"2025-03-25T07:47:11+00:00","breadcrumb":{"@id":"https:\/\/memurunsesi.net\/index.php\/2025\/03\/25\/ozgur-ozel-sehit-aileleri-ve-gazilerle-iftar-programinda-bulustu\/#breadcrumb"},"inLanguage":"tr","potentialAction":[{"@type":"ReadAction","target":["https:\/\/memurunsesi.net\/index.php\/2025\/03\/25\/ozgur-ozel-sehit-aileleri-ve-gazilerle-iftar-programinda-bulustu\/"]}]},{"@type":"ImageObject","inLanguage":"tr","@id":"https:\/\/memurunsesi.net\/index.php\/2025\/03\/25\/ozgur-ozel-sehit-aileleri-ve-gazilerle-iftar-programinda-bulustu\/#primaryimage","url":"https:\/\/memurunsesi.net\/wp-content\/uploads\/2025\/03\/AW419387_01-scaled.jpg","contentUrl":"https:\/\/memurunsesi.net\/wp-content\/uploads\/2025\/03\/AW419387_01-scaled.jpg","width":2560,"height":1440,"caption":"CHP GENEL BA\u015eKANI \u00d6ZG\u00dcR \u00d6ZEL, \u0130STANBUL'DA B\u0130R OTELDE \u015eEH\u0130T A\u0130LELER\u0130 VE GAZ\u0130LERLE \u0130FTAR PROGRAMINDA BULU\u015eTU (AHMET UZUN\/\u0130STANBUL-\u0130HA) CHP Genel Ba\u015fkan\u0131 \u00d6zg\u00fcr \u00d6zel, \u0130stanbul'da bir otelde \u015fehit aileleri ve gazilerle iftar program\u0131nda bulu\u015ftu. \u00d6zel, \u0130BB Ba\u015fkan\u0131 Ekrem \u0130mamo\u011flu'nun tutuklanmas\u0131yla ilgili g\u00fcndeme ili\u015fkin a\u00e7\u0131klamalarda bulundu."},{"@type":"BreadcrumbList","@id":"https:\/\/memurunsesi.net\/index.php\/2025\/03\/25\/ozgur-ozel-sehit-aileleri-ve-gazilerle-iftar-programinda-bulustu\/#breadcrumb","itemListElement":[{"@type":"ListItem","position":1,"name":"Anasayfa","item":"https:\/\/memurunsesi.net\/"},{"@type":"ListItem","position":2,"name":"\u00d6zg\u00fcr \u00d6zel, \u015fehit aileleri ve gazilerle iftar program\u0131nda bulu\u015ftu"}]},{"@type":"WebSite","@id":"https:\/\/memurunsesi.net\/#website","url":"https:\/\/memurunsesi.net\/","name":"Memurun Sesi","description":"G\u00fcncel ve Do\u011fru Haber","publisher":{"@id":"https:\/\/memurunsesi.net\/#organization"},"potentialAction":[{"@type":"SearchAction","target":{"@type":"EntryPoint","urlTemplate":"https:\/\/memurunsesi.net\/?s={search_term_string}"},"query-input":{"@type":"PropertyValueSpecification","valueRequired":true,"valueName":"search_term_string"}}],"inLanguage":"tr"},{"@type":"Organization","@id":"https:\/\/memurunsesi.net\/#organization","name":"Memurun Sesi","url":"https:\/\/memurunsesi.net\/","logo":{"@type":"ImageObject","inLanguage":"tr","@id":"https:\/\/memurunsesi.net\/#\/schema\/logo\/image\/","url":"https:\/\/memurunsesi.net\/wp-content\/uploads\/2025\/11\/cropped-MEMURUN-SESI.png","contentUrl":"https:\/\/memurunsesi.net\/wp-content\/uploads\/2025\/11\/cropped-MEMURUN-SESI.png","width":238,"height":57,"caption":"Memurun Sesi"},"image":{"@id":"https:\/\/memurunsesi.net\/#\/schema\/logo\/image\/"},"sameAs":["https:\/\/www.facebook.com\/unipersen\/?locale=tr_TR","https:\/\/x.com\/unipersen"]},{"@type":"Person","@id":"https:\/\/memurunsesi.net\/#\/schema\/person\/f21c2d73b89f6ee1d80b0a1803e38587","name":"Memurun Sesi Haber Merkezi","image":{"@type":"ImageObject","inLanguage":"tr","@id":"https:\/\/secure.gravatar.com\/avatar\/6cf0505f452ee753f485014986fab09a434671d2b919ee76fc541025c5876a70?s=96&d=mm&r=g","url":"https:\/\/secure.gravatar.com\/avatar\/6cf0505f452ee753f485014986fab09a434671d2b919ee76fc541025c5876a70?s=96&d=mm&r=g","contentUrl":"https:\/\/secure.gravatar.com\/avatar\/6cf0505f452ee753f485014986fab09a434671d2b919ee76fc541025c5876a70?s=96&d=mm&r=g","caption":"Memurun Sesi Haber Merkezi"},"sameAs":["https:\/\/memurunsesi.net"],"url":"https:\/\/memurunsesi.net\/index.php\/author\/uniper\/"}]}},"_links":{"self":[{"href":"https:\/\/memurunsesi.net\/index.php\/wp-json\/wp\/v2\/posts\/4399","targetHints":{"allow":["GET"]}}],"collection":[{"href":"https:\/\/memurunsesi.net\/index.php\/wp-json\/wp\/v2\/posts"}],"about":[{"href":"https:\/\/memurunsesi.net\/index.php\/wp-json\/wp\/v2\/types\/post"}],"author":[{"embeddable":true,"href":"https:\/\/memurunsesi.net\/index.php\/wp-json\/wp\/v2\/users\/1"}],"replies":[{"embeddable":true,"href":"https:\/\/memurunsesi.net\/index.php\/wp-json\/wp\/v2\/comments?post=4399"}],"version-history":[{"count":1,"href":"https:\/\/memurunsesi.net\/index.php\/wp-json\/wp\/v2\/posts\/4399\/revisions"}],"predecessor-version":[{"id":4401,"href":"https:\/\/memurunsesi.net\/index.php\/wp-json\/wp\/v2\/posts\/4399\/revisions\/4401"}],"wp:featuredmedia":[{"embeddable":true,"href":"https:\/\/memurunsesi.net\/index.php\/wp-json\/wp\/v2\/media\/4400"}],"wp:attachment":[{"href":"https:\/\/memurunsesi.net\/index.php\/wp-json\/wp\/v2\/media?parent=4399"}],"wp:term":[{"taxonomy":"category","embeddable":true,"href":"https:\/\/memurunsesi.net\/index.php\/wp-json\/wp\/v2\/categories?post=4399"},{"taxonomy":"post_tag","embeddable":true,"href":"https:\/\/memurunsesi.net\/index.php\/wp-json\/wp\/v2\/tags?post=4399"}],"curies":[{"name":"wp","href":"https:\/\/api.w.org\/{rel}","templated":true}]}}