{"id":4402,"date":"2025-03-25T10:48:20","date_gmt":"2025-03-25T07:48:20","guid":{"rendered":"https:\/\/memurunsesi.net\/?p=4402"},"modified":"2025-03-25T10:48:20","modified_gmt":"2025-03-25T07:48:20","slug":"4402","status":"publish","type":"post","link":"https:\/\/memurunsesi.net\/index.php\/2025\/03\/25\/4402\/","title":{"rendered":""},"content":{"rendered":"<p>Samsun&#8217;un Bafra il\u00e7esinde yata\u011fa mahkum ya\u015fayan 24 ya\u015f\u0131ndaki gen\u00e7 kad\u0131n, kendine uzanacak bir yard\u0131m elini bekliyor.<br \/>\n24 ya\u015f\u0131ndaki Ay\u015fenur Yi\u011fit, 2017 y\u0131l\u0131nda 17 ya\u015f\u0131ndayken bir evlilik ya\u015fad\u0131. Bu evlilikten bir k\u0131z \u00e7ocu\u011fu oldu. K\u0131sa s\u00fcren evlili\u011fin sonunda e\u015finden ayr\u0131lan gen\u00e7 kad\u0131n, 2019 y\u0131l\u0131nda Trabzon Fatih Devlet Hastanesinde i\u015f\u00e7i olarak \u00e7al\u0131\u015fmaya ba\u015flad\u0131. \u0130\u015fe ba\u015flayal\u0131 8 ay olan Yi\u011fit, arkada\u015f\u0131n\u0131n otomobili ile i\u015fe giderken ge\u00e7irdikleri kaza sonras\u0131 a\u011f\u0131r yaraland\u0131. Trabzon Farabi Devlet Hastanesinde 2 ay, Samsun E\u011fitim ve Ara\u015ft\u0131rma ve Ondokuz May\u0131s \u00dcniversitesi (OM\u00dc) T\u0131p Fak\u00fcltesi Hastanesinde 1 y\u0131l tedavi g\u00f6rd\u00fc. Yatalak olan gen\u00e7 kad\u0131na Samsun&#8217;un Bafra il\u00e7esinde annesi taraf\u0131ndan bak\u0131l\u0131yor.<br \/>\nE\u015finden ayr\u0131 olan anne Hatice Yi\u011fit (54), o\u011flu ve 7 ya\u015f\u0131ndaki torunu ile birlikte 4 y\u0131ld\u0131r hareketsiz bir vaziyette yata\u011fa ba\u011f\u0131ml\u0131 olarak ya\u015fam m\u00fccadelesi veren k\u0131z\u0131yla ya\u015f\u0131yor. Tek geliri ald\u0131\u011f\u0131 10 bin lira bak\u0131m paras\u0131 olan anne Hatice Yi\u011fit, k\u0131z\u0131n\u0131n iyile\u015fmesi i\u00e7in bir umut \u0131\u015f\u0131\u011f\u0131 bekliyor.<\/p>\n<p>&#8220;Hastam, torunum ve o\u011flumla beraber ya\u015fam m\u00fccadelesi veriyoruz&#8221;<br \/>\nAnne Hatice Yi\u011fit, &#8220;K\u0131z\u0131m Trabzon&#8217;da hastanede \u00e7al\u0131\u015f\u0131yordu. Arkada\u015f\u0131n\u0131n arac\u0131 ile i\u015fe giderken kaza yapt\u0131lar. O anda nabz\u0131 durdu ve beyne oksijen gitmeyince bu hale geldi. 2 ay Trabzon Farabi Devlet Hastanesinde kald\u0131. Oradan Samsun&#8217;a getirdik. Ara\u015ft\u0131rma ve fak\u00fclte hastanelerinde 1 y\u0131l s\u00fcren tedavinin ard\u0131ndan eve ald\u0131k. Ona o\u011flumla ben bak\u0131yorum. Kazadan sonra ona 36 ay rapor alm\u0131\u015ft\u0131k. Hastane \u00e7\u0131k\u0131\u015f\u0131n\u0131 verdikten sonra sigortas\u0131, b\u00fct\u00fcn g\u00fcvenceleri raporlar\u0131 iptal oldu. B\u00fct\u00fcn malzemelerini parayla almaya \u00e7al\u0131\u015f\u0131yoruz. Bu halde 4 y\u0131ld\u0131r m\u00fccadele ediyoruz. K\u0131z\u0131m 7 y\u0131l \u00f6nce evlenmi\u015fti. Kazadan \u00f6nce ayr\u0131lm\u0131\u015ft\u0131. \u015eu anda 7 ya\u015f\u0131nda bir k\u0131z torunum var. Ona da ben bak\u0131yorum. \u015eu anda 10 bin lira bak\u0131m paras\u0131 al\u0131yorum. Ba\u015fka bir gelirim yok. Evim kira. K\u0131z\u0131m\u0131n belki bir \u00e7aresi vard\u0131r. Hastam, torunum ve o\u011flumla beraber ya\u015fam m\u00fccadelesi veriyoruz. Bize uzanacak yard\u0131m elini bekliyoruz&#8221; dedi.<\/p>\n<p>25.03.2025<\/p>\n","protected":false},"excerpt":{"rendered":"<p>Samsun&#8217;un Bafra il\u00e7esinde yata\u011fa mahkum ya\u015fayan 24 ya\u015f\u0131ndaki gen\u00e7 kad\u0131n, kendine uzanacak bir yard\u0131m elini bekliyor. 24 ya\u015f\u0131ndaki Ay\u015fenur Yi\u011fit, 2017 y\u0131l\u0131nda 17 ya\u015f\u0131ndayken bir evlilik ya\u015fad\u0131. Bu evlilikten bir k\u0131z \u00e7ocu\u011fu oldu. K\u0131sa s\u00fcren evlili\u011fin sonunda e\u015finden ayr\u0131lan gen\u00e7 kad\u0131n, 2019 y\u0131l\u0131nda Trabzon Fatih Devlet Hastanesinde i\u015f\u00e7i olarak \u00e7al\u0131\u015fmaya ba\u015flad\u0131. \u0130\u015fe ba\u015flayal\u0131 8 ay [&hellip;]<\/p>\n","protected":false},"author":1,"featured_media":4403,"comment_status":"open","ping_status":"open","sticky":false,"template":"","format":"standard","meta":{"footnotes":""},"categories":[50],"tags":[],"class_list":["post-4402","post","type-post","status-publish","format-standard","has-post-thumbnail","hentry","category-tum-haberler"],"yoast_head":"<!-- This site is optimized with the Yoast SEO plugin v27.4 - https:\/\/yoast.com\/product\/yoast-seo-wordpress\/ -->\n<title>- Memurun Sesi<\/title>\n<meta name=\"robots\" content=\"index, follow, max-snippet:-1, max-image-preview:large, max-video-preview:-1\" \/>\n<link rel=\"canonical\" href=\"https:\/\/memurunsesi.net\/index.php\/2025\/03\/25\/4402\/\" \/>\n<meta property=\"og:locale\" content=\"tr_TR\" \/>\n<meta property=\"og:type\" content=\"article\" \/>\n<meta property=\"og:title\" content=\"- Memurun Sesi\" \/>\n<meta property=\"og:description\" content=\"Samsun&#8217;un Bafra il\u00e7esinde yata\u011fa mahkum ya\u015fayan 24 ya\u015f\u0131ndaki gen\u00e7 kad\u0131n, kendine uzanacak bir yard\u0131m elini bekliyor. 24 ya\u015f\u0131ndaki Ay\u015fenur Yi\u011fit, 2017 y\u0131l\u0131nda 17 ya\u015f\u0131ndayken bir evlilik ya\u015fad\u0131. Bu evlilikten bir k\u0131z \u00e7ocu\u011fu oldu. K\u0131sa s\u00fcren evlili\u011fin sonunda e\u015finden ayr\u0131lan gen\u00e7 kad\u0131n, 2019 y\u0131l\u0131nda Trabzon Fatih Devlet Hastanesinde i\u015f\u00e7i olarak \u00e7al\u0131\u015fmaya ba\u015flad\u0131. \u0130\u015fe ba\u015flayal\u0131 8 ay [&hellip;]\" \/>\n<meta property=\"og:url\" content=\"https:\/\/memurunsesi.net\/index.php\/2025\/03\/25\/4402\/\" \/>\n<meta property=\"og:site_name\" content=\"Memurun Sesi\" \/>\n<meta property=\"article:publisher\" content=\"https:\/\/www.facebook.com\/unipersen\/?locale=tr_TR\" \/>\n<meta property=\"article:published_time\" content=\"2025-03-25T07:48:20+00:00\" \/>\n<meta property=\"og:image\" content=\"https:\/\/memurunsesi.net\/wp-content\/uploads\/2025\/03\/AW419475_01.jpg\" \/>\n\t<meta property=\"og:image:width\" content=\"2000\" \/>\n\t<meta property=\"og:image:height\" content=\"1227\" \/>\n\t<meta property=\"og:image:type\" content=\"image\/jpeg\" \/>\n<meta name=\"author\" content=\"Memurun Sesi Haber Merkezi\" \/>\n<meta name=\"twitter:card\" content=\"summary_large_image\" \/>\n<meta name=\"twitter:creator\" content=\"@unipersen\" \/>\n<meta name=\"twitter:site\" content=\"@unipersen\" \/>\n<meta name=\"twitter:label1\" content=\"Yazan:\" \/>\n\t<meta name=\"twitter:data1\" content=\"Memurun Sesi Haber Merkezi\" \/>\n\t<meta name=\"twitter:label2\" content=\"Tahmini okuma s\u00fcresi\" \/>\n\t<meta name=\"twitter:data2\" content=\"2 dakika\" \/>\n<script type=\"application\/ld+json\" class=\"yoast-schema-graph\">{\"@context\":\"https:\\\/\\\/schema.org\",\"@graph\":[{\"@type\":\"Article\",\"@id\":\"https:\\\/\\\/memurunsesi.net\\\/index.php\\\/2025\\\/03\\\/25\\\/4402\\\/#article\",\"isPartOf\":{\"@id\":\"https:\\\/\\\/memurunsesi.net\\\/index.php\\\/2025\\\/03\\\/25\\\/4402\\\/\"},\"author\":{\"name\":\"Memurun Sesi Haber Merkezi\",\"@id\":\"https:\\\/\\\/memurunsesi.net\\\/#\\\/schema\\\/person\\\/f21c2d73b89f6ee1d80b0a1803e38587\"},\"headline\":\"Ba\u015fl\u0131k yok\",\"datePublished\":\"2025-03-25T07:48:20+00:00\",\"mainEntityOfPage\":{\"@id\":\"https:\\\/\\\/memurunsesi.net\\\/index.php\\\/2025\\\/03\\\/25\\\/4402\\\/\"},\"wordCount\":386,\"commentCount\":0,\"publisher\":{\"@id\":\"https:\\\/\\\/memurunsesi.net\\\/#organization\"},\"image\":{\"@id\":\"https:\\\/\\\/memurunsesi.net\\\/index.php\\\/2025\\\/03\\\/25\\\/4402\\\/#primaryimage\"},\"thumbnailUrl\":\"https:\\\/\\\/memurunsesi.net\\\/wp-content\\\/uploads\\\/2025\\\/03\\\/AW419475_01.jpg\",\"articleSection\":[\"T\u00fcm Haberler\"],\"inLanguage\":\"tr\",\"potentialAction\":[{\"@type\":\"CommentAction\",\"name\":\"Comment\",\"target\":[\"https:\\\/\\\/memurunsesi.net\\\/index.php\\\/2025\\\/03\\\/25\\\/4402\\\/#respond\"]}]},{\"@type\":\"WebPage\",\"@id\":\"https:\\\/\\\/memurunsesi.net\\\/index.php\\\/2025\\\/03\\\/25\\\/4402\\\/\",\"url\":\"https:\\\/\\\/memurunsesi.net\\\/index.php\\\/2025\\\/03\\\/25\\\/4402\\\/\",\"name\":\"- Memurun Sesi\",\"isPartOf\":{\"@id\":\"https:\\\/\\\/memurunsesi.net\\\/#website\"},\"primaryImageOfPage\":{\"@id\":\"https:\\\/\\\/memurunsesi.net\\\/index.php\\\/2025\\\/03\\\/25\\\/4402\\\/#primaryimage\"},\"image\":{\"@id\":\"https:\\\/\\\/memurunsesi.net\\\/index.php\\\/2025\\\/03\\\/25\\\/4402\\\/#primaryimage\"},\"thumbnailUrl\":\"https:\\\/\\\/memurunsesi.net\\\/wp-content\\\/uploads\\\/2025\\\/03\\\/AW419475_01.jpg\",\"datePublished\":\"2025-03-25T07:48:20+00:00\",\"inLanguage\":\"tr\",\"potentialAction\":[{\"@type\":\"ReadAction\",\"target\":[\"https:\\\/\\\/memurunsesi.net\\\/index.php\\\/2025\\\/03\\\/25\\\/4402\\\/\"]}]},{\"@type\":\"ImageObject\",\"inLanguage\":\"tr\",\"@id\":\"https:\\\/\\\/memurunsesi.net\\\/index.php\\\/2025\\\/03\\\/25\\\/4402\\\/#primaryimage\",\"url\":\"https:\\\/\\\/memurunsesi.net\\\/wp-content\\\/uploads\\\/2025\\\/03\\\/AW419475_01.jpg\",\"contentUrl\":\"https:\\\/\\\/memurunsesi.net\\\/wp-content\\\/uploads\\\/2025\\\/03\\\/AW419475_01.jpg\",\"width\":2000,\"height\":1227,\"caption\":\"SAMSUN'UN BAFRA \u0130L\u00c7ES\u0130NDE YATA\u011eA MAHKUM YA\u015eAYAN 24 YA\u015eINDAK\u0130 GEN\u00c7 KADIN KEND\u0130NE UZANACAK B\u0130R YARDIM EL\u0130 BEKL\u0130YOR. (AHMET \u015e\u00dcKR\u00dc ULU\u00c7AY\\\/SAMSUN-\u0130HA) Samsun'un Bafra il\u00e7esinde yata\u011fa mahkum ya\u015fayan 24 ya\u015f\u0131ndaki gen\u00e7 kad\u0131n, kendine uzanacak bir yard\u0131m elini bekliyor.\"},{\"@type\":\"WebSite\",\"@id\":\"https:\\\/\\\/memurunsesi.net\\\/#website\",\"url\":\"https:\\\/\\\/memurunsesi.net\\\/\",\"name\":\"Memurun Sesi\",\"description\":\"G\u00fcncel ve Do\u011fru Haber\",\"publisher\":{\"@id\":\"https:\\\/\\\/memurunsesi.net\\\/#organization\"},\"potentialAction\":[{\"@type\":\"SearchAction\",\"target\":{\"@type\":\"EntryPoint\",\"urlTemplate\":\"https:\\\/\\\/memurunsesi.net\\\/?s={search_term_string}\"},\"query-input\":{\"@type\":\"PropertyValueSpecification\",\"valueRequired\":true,\"valueName\":\"search_term_string\"}}],\"inLanguage\":\"tr\"},{\"@type\":\"Organization\",\"@id\":\"https:\\\/\\\/memurunsesi.net\\\/#organization\",\"name\":\"Memurun Sesi\",\"url\":\"https:\\\/\\\/memurunsesi.net\\\/\",\"logo\":{\"@type\":\"ImageObject\",\"inLanguage\":\"tr\",\"@id\":\"https:\\\/\\\/memurunsesi.net\\\/#\\\/schema\\\/logo\\\/image\\\/\",\"url\":\"https:\\\/\\\/memurunsesi.net\\\/wp-content\\\/uploads\\\/2025\\\/11\\\/cropped-MEMURUN-SESI.png\",\"contentUrl\":\"https:\\\/\\\/memurunsesi.net\\\/wp-content\\\/uploads\\\/2025\\\/11\\\/cropped-MEMURUN-SESI.png\",\"width\":238,\"height\":57,\"caption\":\"Memurun Sesi\"},\"image\":{\"@id\":\"https:\\\/\\\/memurunsesi.net\\\/#\\\/schema\\\/logo\\\/image\\\/\"},\"sameAs\":[\"https:\\\/\\\/www.facebook.com\\\/unipersen\\\/?locale=tr_TR\",\"https:\\\/\\\/x.com\\\/unipersen\"]},{\"@type\":\"Person\",\"@id\":\"https:\\\/\\\/memurunsesi.net\\\/#\\\/schema\\\/person\\\/f21c2d73b89f6ee1d80b0a1803e38587\",\"name\":\"Memurun Sesi Haber Merkezi\",\"image\":{\"@type\":\"ImageObject\",\"inLanguage\":\"tr\",\"@id\":\"https:\\\/\\\/secure.gravatar.com\\\/avatar\\\/6cf0505f452ee753f485014986fab09a434671d2b919ee76fc541025c5876a70?s=96&d=mm&r=g\",\"url\":\"https:\\\/\\\/secure.gravatar.com\\\/avatar\\\/6cf0505f452ee753f485014986fab09a434671d2b919ee76fc541025c5876a70?s=96&d=mm&r=g\",\"contentUrl\":\"https:\\\/\\\/secure.gravatar.com\\\/avatar\\\/6cf0505f452ee753f485014986fab09a434671d2b919ee76fc541025c5876a70?s=96&d=mm&r=g\",\"caption\":\"Memurun Sesi Haber Merkezi\"},\"sameAs\":[\"https:\\\/\\\/memurunsesi.net\"],\"url\":\"https:\\\/\\\/memurunsesi.net\\\/index.php\\\/author\\\/uniper\\\/\"}]}<\/script>\n<!-- \/ Yoast SEO plugin. -->","yoast_head_json":{"title":"- Memurun Sesi","robots":{"index":"index","follow":"follow","max-snippet":"max-snippet:-1","max-image-preview":"max-image-preview:large","max-video-preview":"max-video-preview:-1"},"canonical":"https:\/\/memurunsesi.net\/index.php\/2025\/03\/25\/4402\/","og_locale":"tr_TR","og_type":"article","og_title":"- Memurun Sesi","og_description":"Samsun&#8217;un Bafra il\u00e7esinde yata\u011fa mahkum ya\u015fayan 24 ya\u015f\u0131ndaki gen\u00e7 kad\u0131n, kendine uzanacak bir yard\u0131m elini bekliyor. 24 ya\u015f\u0131ndaki Ay\u015fenur Yi\u011fit, 2017 y\u0131l\u0131nda 17 ya\u015f\u0131ndayken bir evlilik ya\u015fad\u0131. Bu evlilikten bir k\u0131z \u00e7ocu\u011fu oldu. K\u0131sa s\u00fcren evlili\u011fin sonunda e\u015finden ayr\u0131lan gen\u00e7 kad\u0131n, 2019 y\u0131l\u0131nda Trabzon Fatih Devlet Hastanesinde i\u015f\u00e7i olarak \u00e7al\u0131\u015fmaya ba\u015flad\u0131. \u0130\u015fe ba\u015flayal\u0131 8 ay [&hellip;]","og_url":"https:\/\/memurunsesi.net\/index.php\/2025\/03\/25\/4402\/","og_site_name":"Memurun Sesi","article_publisher":"https:\/\/www.facebook.com\/unipersen\/?locale=tr_TR","article_published_time":"2025-03-25T07:48:20+00:00","og_image":[{"width":2000,"height":1227,"url":"https:\/\/memurunsesi.net\/wp-content\/uploads\/2025\/03\/AW419475_01.jpg","type":"image\/jpeg"}],"author":"Memurun Sesi Haber Merkezi","twitter_card":"summary_large_image","twitter_creator":"@unipersen","twitter_site":"@unipersen","twitter_misc":{"Yazan:":"Memurun Sesi Haber Merkezi","Tahmini okuma s\u00fcresi":"2 dakika"},"schema":{"@context":"https:\/\/schema.org","@graph":[{"@type":"Article","@id":"https:\/\/memurunsesi.net\/index.php\/2025\/03\/25\/4402\/#article","isPartOf":{"@id":"https:\/\/memurunsesi.net\/index.php\/2025\/03\/25\/4402\/"},"author":{"name":"Memurun Sesi Haber Merkezi","@id":"https:\/\/memurunsesi.net\/#\/schema\/person\/f21c2d73b89f6ee1d80b0a1803e38587"},"headline":"Ba\u015fl\u0131k yok","datePublished":"2025-03-25T07:48:20+00:00","mainEntityOfPage":{"@id":"https:\/\/memurunsesi.net\/index.php\/2025\/03\/25\/4402\/"},"wordCount":386,"commentCount":0,"publisher":{"@id":"https:\/\/memurunsesi.net\/#organization"},"image":{"@id":"https:\/\/memurunsesi.net\/index.php\/2025\/03\/25\/4402\/#primaryimage"},"thumbnailUrl":"https:\/\/memurunsesi.net\/wp-content\/uploads\/2025\/03\/AW419475_01.jpg","articleSection":["T\u00fcm Haberler"],"inLanguage":"tr","potentialAction":[{"@type":"CommentAction","name":"Comment","target":["https:\/\/memurunsesi.net\/index.php\/2025\/03\/25\/4402\/#respond"]}]},{"@type":"WebPage","@id":"https:\/\/memurunsesi.net\/index.php\/2025\/03\/25\/4402\/","url":"https:\/\/memurunsesi.net\/index.php\/2025\/03\/25\/4402\/","name":"- Memurun Sesi","isPartOf":{"@id":"https:\/\/memurunsesi.net\/#website"},"primaryImageOfPage":{"@id":"https:\/\/memurunsesi.net\/index.php\/2025\/03\/25\/4402\/#primaryimage"},"image":{"@id":"https:\/\/memurunsesi.net\/index.php\/2025\/03\/25\/4402\/#primaryimage"},"thumbnailUrl":"https:\/\/memurunsesi.net\/wp-content\/uploads\/2025\/03\/AW419475_01.jpg","datePublished":"2025-03-25T07:48:20+00:00","inLanguage":"tr","potentialAction":[{"@type":"ReadAction","target":["https:\/\/memurunsesi.net\/index.php\/2025\/03\/25\/4402\/"]}]},{"@type":"ImageObject","inLanguage":"tr","@id":"https:\/\/memurunsesi.net\/index.php\/2025\/03\/25\/4402\/#primaryimage","url":"https:\/\/memurunsesi.net\/wp-content\/uploads\/2025\/03\/AW419475_01.jpg","contentUrl":"https:\/\/memurunsesi.net\/wp-content\/uploads\/2025\/03\/AW419475_01.jpg","width":2000,"height":1227,"caption":"SAMSUN'UN BAFRA \u0130L\u00c7ES\u0130NDE YATA\u011eA MAHKUM YA\u015eAYAN 24 YA\u015eINDAK\u0130 GEN\u00c7 KADIN KEND\u0130NE UZANACAK B\u0130R YARDIM EL\u0130 BEKL\u0130YOR. (AHMET \u015e\u00dcKR\u00dc ULU\u00c7AY\/SAMSUN-\u0130HA) Samsun'un Bafra il\u00e7esinde yata\u011fa mahkum ya\u015fayan 24 ya\u015f\u0131ndaki gen\u00e7 kad\u0131n, kendine uzanacak bir yard\u0131m elini bekliyor."},{"@type":"WebSite","@id":"https:\/\/memurunsesi.net\/#website","url":"https:\/\/memurunsesi.net\/","name":"Memurun Sesi","description":"G\u00fcncel ve Do\u011fru Haber","publisher":{"@id":"https:\/\/memurunsesi.net\/#organization"},"potentialAction":[{"@type":"SearchAction","target":{"@type":"EntryPoint","urlTemplate":"https:\/\/memurunsesi.net\/?s={search_term_string}"},"query-input":{"@type":"PropertyValueSpecification","valueRequired":true,"valueName":"search_term_string"}}],"inLanguage":"tr"},{"@type":"Organization","@id":"https:\/\/memurunsesi.net\/#organization","name":"Memurun Sesi","url":"https:\/\/memurunsesi.net\/","logo":{"@type":"ImageObject","inLanguage":"tr","@id":"https:\/\/memurunsesi.net\/#\/schema\/logo\/image\/","url":"https:\/\/memurunsesi.net\/wp-content\/uploads\/2025\/11\/cropped-MEMURUN-SESI.png","contentUrl":"https:\/\/memurunsesi.net\/wp-content\/uploads\/2025\/11\/cropped-MEMURUN-SESI.png","width":238,"height":57,"caption":"Memurun Sesi"},"image":{"@id":"https:\/\/memurunsesi.net\/#\/schema\/logo\/image\/"},"sameAs":["https:\/\/www.facebook.com\/unipersen\/?locale=tr_TR","https:\/\/x.com\/unipersen"]},{"@type":"Person","@id":"https:\/\/memurunsesi.net\/#\/schema\/person\/f21c2d73b89f6ee1d80b0a1803e38587","name":"Memurun Sesi Haber Merkezi","image":{"@type":"ImageObject","inLanguage":"tr","@id":"https:\/\/secure.gravatar.com\/avatar\/6cf0505f452ee753f485014986fab09a434671d2b919ee76fc541025c5876a70?s=96&d=mm&r=g","url":"https:\/\/secure.gravatar.com\/avatar\/6cf0505f452ee753f485014986fab09a434671d2b919ee76fc541025c5876a70?s=96&d=mm&r=g","contentUrl":"https:\/\/secure.gravatar.com\/avatar\/6cf0505f452ee753f485014986fab09a434671d2b919ee76fc541025c5876a70?s=96&d=mm&r=g","caption":"Memurun Sesi Haber Merkezi"},"sameAs":["https:\/\/memurunsesi.net"],"url":"https:\/\/memurunsesi.net\/index.php\/author\/uniper\/"}]}},"_links":{"self":[{"href":"https:\/\/memurunsesi.net\/index.php\/wp-json\/wp\/v2\/posts\/4402","targetHints":{"allow":["GET"]}}],"collection":[{"href":"https:\/\/memurunsesi.net\/index.php\/wp-json\/wp\/v2\/posts"}],"about":[{"href":"https:\/\/memurunsesi.net\/index.php\/wp-json\/wp\/v2\/types\/post"}],"author":[{"embeddable":true,"href":"https:\/\/memurunsesi.net\/index.php\/wp-json\/wp\/v2\/users\/1"}],"replies":[{"embeddable":true,"href":"https:\/\/memurunsesi.net\/index.php\/wp-json\/wp\/v2\/comments?post=4402"}],"version-history":[{"count":1,"href":"https:\/\/memurunsesi.net\/index.php\/wp-json\/wp\/v2\/posts\/4402\/revisions"}],"predecessor-version":[{"id":4404,"href":"https:\/\/memurunsesi.net\/index.php\/wp-json\/wp\/v2\/posts\/4402\/revisions\/4404"}],"wp:featuredmedia":[{"embeddable":true,"href":"https:\/\/memurunsesi.net\/index.php\/wp-json\/wp\/v2\/media\/4403"}],"wp:attachment":[{"href":"https:\/\/memurunsesi.net\/index.php\/wp-json\/wp\/v2\/media?parent=4402"}],"wp:term":[{"taxonomy":"category","embeddable":true,"href":"https:\/\/memurunsesi.net\/index.php\/wp-json\/wp\/v2\/categories?post=4402"},{"taxonomy":"post_tag","embeddable":true,"href":"https:\/\/memurunsesi.net\/index.php\/wp-json\/wp\/v2\/tags?post=4402"}],"curies":[{"name":"wp","href":"https:\/\/api.w.org\/{rel}","templated":true}]}}