{"id":4405,"date":"2025-03-26T08:45:13","date_gmt":"2025-03-26T05:45:13","guid":{"rendered":"https:\/\/memurunsesi.net\/?p=4405"},"modified":"2025-03-26T08:45:13","modified_gmt":"2025-03-26T05:45:13","slug":"bursada-takla-atan-otomobildeki-2-kisi-yaralandi","status":"publish","type":"post","link":"https:\/\/memurunsesi.net\/index.php\/2025\/03\/26\/bursada-takla-atan-otomobildeki-2-kisi-yaralandi\/","title":{"rendered":"Bursa&#8217;da takla atan otomobildeki 2 ki\u015fi yaraland\u0131"},"content":{"rendered":"<p>Bursa&#8217;n\u0131n Mudanya il\u00e7esinde orta ref\u00fcje \u00e7arp\u0131p takla atan otomobildeki 2 ki\u015fi yaraland\u0131.<br \/>\nKaza, Mudanya il\u00e7esi G\u00fczelyal\u0131 Kav\u015fa\u011f\u0131&#8217;nda meydana geldi. \u0130.F.T. idaresindeki 16 JLS 90 plakal\u0131 Fiat Punto marka otomobil, s\u00fcr\u00fcc\u00fcn\u00fcn direksiyon hakimiyetini kaybetmesiyle orta ref\u00fcje \u00e7arp\u0131p takla att\u0131ktan sonra ayd\u0131nlatma dire\u011fine \u00e7arparak durabildi. Kazada s\u00fcr\u00fcc\u00fc ve yolcu konumunda bulunan bir ki\u015fi yaraland\u0131. \u0130hbar \u00fczerine olay yerine gelen sa\u011fl\u0131k ekipleri yaral\u0131lar\u0131 ambulansla Mudanya Devlet Hastanesi&#8217;ne kald\u0131rd\u0131. Polis ekipleri tahkikat ba\u015flat\u0131rken, yaral\u0131lar\u0131n hayati tehlikesi bulunmad\u0131\u011f\u0131 \u00f6\u011frenildi.<\/p>\n<p>26.03.2025<\/p>\n","protected":false},"excerpt":{"rendered":"<p>Bursa&#8217;n\u0131n Mudanya il\u00e7esinde orta ref\u00fcje \u00e7arp\u0131p takla atan otomobildeki 2 ki\u015fi yaraland\u0131. Kaza, Mudanya il\u00e7esi G\u00fczelyal\u0131 Kav\u015fa\u011f\u0131&#8217;nda meydana geldi. \u0130.F.T. idaresindeki 16 JLS 90 plakal\u0131 Fiat Punto marka otomobil, s\u00fcr\u00fcc\u00fcn\u00fcn direksiyon hakimiyetini kaybetmesiyle orta ref\u00fcje \u00e7arp\u0131p takla att\u0131ktan sonra ayd\u0131nlatma dire\u011fine \u00e7arparak durabildi. Kazada s\u00fcr\u00fcc\u00fc ve yolcu konumunda bulunan bir ki\u015fi yaraland\u0131. \u0130hbar \u00fczerine olay [&hellip;]<\/p>\n","protected":false},"author":1,"featured_media":4406,"comment_status":"open","ping_status":"open","sticky":false,"template":"","format":"standard","meta":{"footnotes":""},"categories":[1],"tags":[],"class_list":["post-4405","post","type-post","status-publish","format-standard","has-post-thumbnail","hentry","category-genel"],"yoast_head":"<!-- This site is optimized with the Yoast SEO plugin v27.4 - https:\/\/yoast.com\/product\/yoast-seo-wordpress\/ -->\n<title>Bursa&#039;da takla atan otomobildeki 2 ki\u015fi yaraland\u0131 - Memurun Sesi<\/title>\n<meta name=\"robots\" content=\"index, follow, max-snippet:-1, max-image-preview:large, max-video-preview:-1\" \/>\n<link rel=\"canonical\" href=\"https:\/\/memurunsesi.net\/index.php\/2025\/03\/26\/bursada-takla-atan-otomobildeki-2-kisi-yaralandi\/\" \/>\n<meta property=\"og:locale\" content=\"tr_TR\" \/>\n<meta property=\"og:type\" content=\"article\" \/>\n<meta property=\"og:title\" content=\"Bursa&#039;da takla atan otomobildeki 2 ki\u015fi yaraland\u0131 - Memurun Sesi\" \/>\n<meta property=\"og:description\" content=\"Bursa&#8217;n\u0131n Mudanya il\u00e7esinde orta ref\u00fcje \u00e7arp\u0131p takla atan otomobildeki 2 ki\u015fi yaraland\u0131. Kaza, Mudanya il\u00e7esi G\u00fczelyal\u0131 Kav\u015fa\u011f\u0131&#8217;nda meydana geldi. \u0130.F.T. idaresindeki 16 JLS 90 plakal\u0131 Fiat Punto marka otomobil, s\u00fcr\u00fcc\u00fcn\u00fcn direksiyon hakimiyetini kaybetmesiyle orta ref\u00fcje \u00e7arp\u0131p takla att\u0131ktan sonra ayd\u0131nlatma dire\u011fine \u00e7arparak durabildi. Kazada s\u00fcr\u00fcc\u00fc ve yolcu konumunda bulunan bir ki\u015fi yaraland\u0131. \u0130hbar \u00fczerine olay [&hellip;]\" \/>\n<meta property=\"og:url\" content=\"https:\/\/memurunsesi.net\/index.php\/2025\/03\/26\/bursada-takla-atan-otomobildeki-2-kisi-yaralandi\/\" \/>\n<meta property=\"og:site_name\" content=\"Memurun Sesi\" \/>\n<meta property=\"article:publisher\" content=\"https:\/\/www.facebook.com\/unipersen\/?locale=tr_TR\" \/>\n<meta property=\"article:published_time\" content=\"2025-03-26T05:45:13+00:00\" \/>\n<meta property=\"og:image\" content=\"https:\/\/memurunsesi.net\/wp-content\/uploads\/2025\/03\/AW420097_01.jpg\" \/>\n\t<meta property=\"og:image:width\" content=\"1080\" \/>\n\t<meta property=\"og:image:height\" content=\"931\" \/>\n\t<meta property=\"og:image:type\" content=\"image\/jpeg\" \/>\n<meta name=\"author\" content=\"Memurun Sesi Haber Merkezi\" \/>\n<meta name=\"twitter:card\" content=\"summary_large_image\" \/>\n<meta name=\"twitter:creator\" content=\"@unipersen\" \/>\n<meta name=\"twitter:site\" content=\"@unipersen\" \/>\n<meta name=\"twitter:label1\" content=\"Yazan:\" \/>\n\t<meta name=\"twitter:data1\" content=\"Memurun Sesi Haber Merkezi\" \/>\n\t<meta name=\"twitter:label2\" content=\"Tahmini okuma s\u00fcresi\" \/>\n\t<meta name=\"twitter:data2\" content=\"1 dakika\" \/>\n<script type=\"application\/ld+json\" class=\"yoast-schema-graph\">{\"@context\":\"https:\\\/\\\/schema.org\",\"@graph\":[{\"@type\":\"Article\",\"@id\":\"https:\\\/\\\/memurunsesi.net\\\/index.php\\\/2025\\\/03\\\/26\\\/bursada-takla-atan-otomobildeki-2-kisi-yaralandi\\\/#article\",\"isPartOf\":{\"@id\":\"https:\\\/\\\/memurunsesi.net\\\/index.php\\\/2025\\\/03\\\/26\\\/bursada-takla-atan-otomobildeki-2-kisi-yaralandi\\\/\"},\"author\":{\"name\":\"Memurun Sesi Haber Merkezi\",\"@id\":\"https:\\\/\\\/memurunsesi.net\\\/#\\\/schema\\\/person\\\/f21c2d73b89f6ee1d80b0a1803e38587\"},\"headline\":\"Bursa&#8217;da takla atan otomobildeki 2 ki\u015fi yaraland\u0131\",\"datePublished\":\"2025-03-26T05:45:13+00:00\",\"mainEntityOfPage\":{\"@id\":\"https:\\\/\\\/memurunsesi.net\\\/index.php\\\/2025\\\/03\\\/26\\\/bursada-takla-atan-otomobildeki-2-kisi-yaralandi\\\/\"},\"wordCount\":111,\"commentCount\":0,\"publisher\":{\"@id\":\"https:\\\/\\\/memurunsesi.net\\\/#organization\"},\"image\":{\"@id\":\"https:\\\/\\\/memurunsesi.net\\\/index.php\\\/2025\\\/03\\\/26\\\/bursada-takla-atan-otomobildeki-2-kisi-yaralandi\\\/#primaryimage\"},\"thumbnailUrl\":\"https:\\\/\\\/memurunsesi.net\\\/wp-content\\\/uploads\\\/2025\\\/03\\\/AW420097_01.jpg\",\"inLanguage\":\"tr\",\"potentialAction\":[{\"@type\":\"CommentAction\",\"name\":\"Comment\",\"target\":[\"https:\\\/\\\/memurunsesi.net\\\/index.php\\\/2025\\\/03\\\/26\\\/bursada-takla-atan-otomobildeki-2-kisi-yaralandi\\\/#respond\"]}]},{\"@type\":\"WebPage\",\"@id\":\"https:\\\/\\\/memurunsesi.net\\\/index.php\\\/2025\\\/03\\\/26\\\/bursada-takla-atan-otomobildeki-2-kisi-yaralandi\\\/\",\"url\":\"https:\\\/\\\/memurunsesi.net\\\/index.php\\\/2025\\\/03\\\/26\\\/bursada-takla-atan-otomobildeki-2-kisi-yaralandi\\\/\",\"name\":\"Bursa'da takla atan otomobildeki 2 ki\u015fi yaraland\u0131 - Memurun Sesi\",\"isPartOf\":{\"@id\":\"https:\\\/\\\/memurunsesi.net\\\/#website\"},\"primaryImageOfPage\":{\"@id\":\"https:\\\/\\\/memurunsesi.net\\\/index.php\\\/2025\\\/03\\\/26\\\/bursada-takla-atan-otomobildeki-2-kisi-yaralandi\\\/#primaryimage\"},\"image\":{\"@id\":\"https:\\\/\\\/memurunsesi.net\\\/index.php\\\/2025\\\/03\\\/26\\\/bursada-takla-atan-otomobildeki-2-kisi-yaralandi\\\/#primaryimage\"},\"thumbnailUrl\":\"https:\\\/\\\/memurunsesi.net\\\/wp-content\\\/uploads\\\/2025\\\/03\\\/AW420097_01.jpg\",\"datePublished\":\"2025-03-26T05:45:13+00:00\",\"breadcrumb\":{\"@id\":\"https:\\\/\\\/memurunsesi.net\\\/index.php\\\/2025\\\/03\\\/26\\\/bursada-takla-atan-otomobildeki-2-kisi-yaralandi\\\/#breadcrumb\"},\"inLanguage\":\"tr\",\"potentialAction\":[{\"@type\":\"ReadAction\",\"target\":[\"https:\\\/\\\/memurunsesi.net\\\/index.php\\\/2025\\\/03\\\/26\\\/bursada-takla-atan-otomobildeki-2-kisi-yaralandi\\\/\"]}]},{\"@type\":\"ImageObject\",\"inLanguage\":\"tr\",\"@id\":\"https:\\\/\\\/memurunsesi.net\\\/index.php\\\/2025\\\/03\\\/26\\\/bursada-takla-atan-otomobildeki-2-kisi-yaralandi\\\/#primaryimage\",\"url\":\"https:\\\/\\\/memurunsesi.net\\\/wp-content\\\/uploads\\\/2025\\\/03\\\/AW420097_01.jpg\",\"contentUrl\":\"https:\\\/\\\/memurunsesi.net\\\/wp-content\\\/uploads\\\/2025\\\/03\\\/AW420097_01.jpg\",\"width\":1080,\"height\":931,\"caption\":\"BURSA'NIN MUDANYA \u0130L\u00c7ES\u0130NDE ORTA REF\u00dcJE \u00c7ARPIP TAKLA ATAN OTOMOB\u0130LDEK\u0130 2 K\u0130\u015e\u0130 YARALANDI. (HAKKI OVATMAN\\\/BURSA-\u0130HA) Bursa'n\u0131n Mudanya il\u00e7esinde orta ref\u00fcje \u00e7arp\u0131p takla atan otomobildeki 2 ki\u015fi yaraland\u0131.\"},{\"@type\":\"BreadcrumbList\",\"@id\":\"https:\\\/\\\/memurunsesi.net\\\/index.php\\\/2025\\\/03\\\/26\\\/bursada-takla-atan-otomobildeki-2-kisi-yaralandi\\\/#breadcrumb\",\"itemListElement\":[{\"@type\":\"ListItem\",\"position\":1,\"name\":\"Anasayfa\",\"item\":\"https:\\\/\\\/memurunsesi.net\\\/\"},{\"@type\":\"ListItem\",\"position\":2,\"name\":\"Bursa&#8217;da takla atan otomobildeki 2 ki\u015fi yaraland\u0131\"}]},{\"@type\":\"WebSite\",\"@id\":\"https:\\\/\\\/memurunsesi.net\\\/#website\",\"url\":\"https:\\\/\\\/memurunsesi.net\\\/\",\"name\":\"Memurun Sesi\",\"description\":\"G\u00fcncel ve Do\u011fru Haber\",\"publisher\":{\"@id\":\"https:\\\/\\\/memurunsesi.net\\\/#organization\"},\"potentialAction\":[{\"@type\":\"SearchAction\",\"target\":{\"@type\":\"EntryPoint\",\"urlTemplate\":\"https:\\\/\\\/memurunsesi.net\\\/?s={search_term_string}\"},\"query-input\":{\"@type\":\"PropertyValueSpecification\",\"valueRequired\":true,\"valueName\":\"search_term_string\"}}],\"inLanguage\":\"tr\"},{\"@type\":\"Organization\",\"@id\":\"https:\\\/\\\/memurunsesi.net\\\/#organization\",\"name\":\"Memurun Sesi\",\"url\":\"https:\\\/\\\/memurunsesi.net\\\/\",\"logo\":{\"@type\":\"ImageObject\",\"inLanguage\":\"tr\",\"@id\":\"https:\\\/\\\/memurunsesi.net\\\/#\\\/schema\\\/logo\\\/image\\\/\",\"url\":\"https:\\\/\\\/memurunsesi.net\\\/wp-content\\\/uploads\\\/2025\\\/11\\\/cropped-MEMURUN-SESI.png\",\"contentUrl\":\"https:\\\/\\\/memurunsesi.net\\\/wp-content\\\/uploads\\\/2025\\\/11\\\/cropped-MEMURUN-SESI.png\",\"width\":238,\"height\":57,\"caption\":\"Memurun Sesi\"},\"image\":{\"@id\":\"https:\\\/\\\/memurunsesi.net\\\/#\\\/schema\\\/logo\\\/image\\\/\"},\"sameAs\":[\"https:\\\/\\\/www.facebook.com\\\/unipersen\\\/?locale=tr_TR\",\"https:\\\/\\\/x.com\\\/unipersen\"]},{\"@type\":\"Person\",\"@id\":\"https:\\\/\\\/memurunsesi.net\\\/#\\\/schema\\\/person\\\/f21c2d73b89f6ee1d80b0a1803e38587\",\"name\":\"Memurun Sesi Haber Merkezi\",\"image\":{\"@type\":\"ImageObject\",\"inLanguage\":\"tr\",\"@id\":\"https:\\\/\\\/secure.gravatar.com\\\/avatar\\\/6cf0505f452ee753f485014986fab09a434671d2b919ee76fc541025c5876a70?s=96&d=mm&r=g\",\"url\":\"https:\\\/\\\/secure.gravatar.com\\\/avatar\\\/6cf0505f452ee753f485014986fab09a434671d2b919ee76fc541025c5876a70?s=96&d=mm&r=g\",\"contentUrl\":\"https:\\\/\\\/secure.gravatar.com\\\/avatar\\\/6cf0505f452ee753f485014986fab09a434671d2b919ee76fc541025c5876a70?s=96&d=mm&r=g\",\"caption\":\"Memurun Sesi Haber Merkezi\"},\"sameAs\":[\"https:\\\/\\\/memurunsesi.net\"],\"url\":\"https:\\\/\\\/memurunsesi.net\\\/index.php\\\/author\\\/uniper\\\/\"}]}<\/script>\n<!-- \/ Yoast SEO plugin. -->","yoast_head_json":{"title":"Bursa'da takla atan otomobildeki 2 ki\u015fi yaraland\u0131 - Memurun Sesi","robots":{"index":"index","follow":"follow","max-snippet":"max-snippet:-1","max-image-preview":"max-image-preview:large","max-video-preview":"max-video-preview:-1"},"canonical":"https:\/\/memurunsesi.net\/index.php\/2025\/03\/26\/bursada-takla-atan-otomobildeki-2-kisi-yaralandi\/","og_locale":"tr_TR","og_type":"article","og_title":"Bursa'da takla atan otomobildeki 2 ki\u015fi yaraland\u0131 - Memurun Sesi","og_description":"Bursa&#8217;n\u0131n Mudanya il\u00e7esinde orta ref\u00fcje \u00e7arp\u0131p takla atan otomobildeki 2 ki\u015fi yaraland\u0131. Kaza, Mudanya il\u00e7esi G\u00fczelyal\u0131 Kav\u015fa\u011f\u0131&#8217;nda meydana geldi. \u0130.F.T. idaresindeki 16 JLS 90 plakal\u0131 Fiat Punto marka otomobil, s\u00fcr\u00fcc\u00fcn\u00fcn direksiyon hakimiyetini kaybetmesiyle orta ref\u00fcje \u00e7arp\u0131p takla att\u0131ktan sonra ayd\u0131nlatma dire\u011fine \u00e7arparak durabildi. Kazada s\u00fcr\u00fcc\u00fc ve yolcu konumunda bulunan bir ki\u015fi yaraland\u0131. \u0130hbar \u00fczerine olay [&hellip;]","og_url":"https:\/\/memurunsesi.net\/index.php\/2025\/03\/26\/bursada-takla-atan-otomobildeki-2-kisi-yaralandi\/","og_site_name":"Memurun Sesi","article_publisher":"https:\/\/www.facebook.com\/unipersen\/?locale=tr_TR","article_published_time":"2025-03-26T05:45:13+00:00","og_image":[{"width":1080,"height":931,"url":"https:\/\/memurunsesi.net\/wp-content\/uploads\/2025\/03\/AW420097_01.jpg","type":"image\/jpeg"}],"author":"Memurun Sesi Haber Merkezi","twitter_card":"summary_large_image","twitter_creator":"@unipersen","twitter_site":"@unipersen","twitter_misc":{"Yazan:":"Memurun Sesi Haber Merkezi","Tahmini okuma s\u00fcresi":"1 dakika"},"schema":{"@context":"https:\/\/schema.org","@graph":[{"@type":"Article","@id":"https:\/\/memurunsesi.net\/index.php\/2025\/03\/26\/bursada-takla-atan-otomobildeki-2-kisi-yaralandi\/#article","isPartOf":{"@id":"https:\/\/memurunsesi.net\/index.php\/2025\/03\/26\/bursada-takla-atan-otomobildeki-2-kisi-yaralandi\/"},"author":{"name":"Memurun Sesi Haber Merkezi","@id":"https:\/\/memurunsesi.net\/#\/schema\/person\/f21c2d73b89f6ee1d80b0a1803e38587"},"headline":"Bursa&#8217;da takla atan otomobildeki 2 ki\u015fi yaraland\u0131","datePublished":"2025-03-26T05:45:13+00:00","mainEntityOfPage":{"@id":"https:\/\/memurunsesi.net\/index.php\/2025\/03\/26\/bursada-takla-atan-otomobildeki-2-kisi-yaralandi\/"},"wordCount":111,"commentCount":0,"publisher":{"@id":"https:\/\/memurunsesi.net\/#organization"},"image":{"@id":"https:\/\/memurunsesi.net\/index.php\/2025\/03\/26\/bursada-takla-atan-otomobildeki-2-kisi-yaralandi\/#primaryimage"},"thumbnailUrl":"https:\/\/memurunsesi.net\/wp-content\/uploads\/2025\/03\/AW420097_01.jpg","inLanguage":"tr","potentialAction":[{"@type":"CommentAction","name":"Comment","target":["https:\/\/memurunsesi.net\/index.php\/2025\/03\/26\/bursada-takla-atan-otomobildeki-2-kisi-yaralandi\/#respond"]}]},{"@type":"WebPage","@id":"https:\/\/memurunsesi.net\/index.php\/2025\/03\/26\/bursada-takla-atan-otomobildeki-2-kisi-yaralandi\/","url":"https:\/\/memurunsesi.net\/index.php\/2025\/03\/26\/bursada-takla-atan-otomobildeki-2-kisi-yaralandi\/","name":"Bursa'da takla atan otomobildeki 2 ki\u015fi yaraland\u0131 - Memurun Sesi","isPartOf":{"@id":"https:\/\/memurunsesi.net\/#website"},"primaryImageOfPage":{"@id":"https:\/\/memurunsesi.net\/index.php\/2025\/03\/26\/bursada-takla-atan-otomobildeki-2-kisi-yaralandi\/#primaryimage"},"image":{"@id":"https:\/\/memurunsesi.net\/index.php\/2025\/03\/26\/bursada-takla-atan-otomobildeki-2-kisi-yaralandi\/#primaryimage"},"thumbnailUrl":"https:\/\/memurunsesi.net\/wp-content\/uploads\/2025\/03\/AW420097_01.jpg","datePublished":"2025-03-26T05:45:13+00:00","breadcrumb":{"@id":"https:\/\/memurunsesi.net\/index.php\/2025\/03\/26\/bursada-takla-atan-otomobildeki-2-kisi-yaralandi\/#breadcrumb"},"inLanguage":"tr","potentialAction":[{"@type":"ReadAction","target":["https:\/\/memurunsesi.net\/index.php\/2025\/03\/26\/bursada-takla-atan-otomobildeki-2-kisi-yaralandi\/"]}]},{"@type":"ImageObject","inLanguage":"tr","@id":"https:\/\/memurunsesi.net\/index.php\/2025\/03\/26\/bursada-takla-atan-otomobildeki-2-kisi-yaralandi\/#primaryimage","url":"https:\/\/memurunsesi.net\/wp-content\/uploads\/2025\/03\/AW420097_01.jpg","contentUrl":"https:\/\/memurunsesi.net\/wp-content\/uploads\/2025\/03\/AW420097_01.jpg","width":1080,"height":931,"caption":"BURSA'NIN MUDANYA \u0130L\u00c7ES\u0130NDE ORTA REF\u00dcJE \u00c7ARPIP TAKLA ATAN OTOMOB\u0130LDEK\u0130 2 K\u0130\u015e\u0130 YARALANDI. (HAKKI OVATMAN\/BURSA-\u0130HA) Bursa'n\u0131n Mudanya il\u00e7esinde orta ref\u00fcje \u00e7arp\u0131p takla atan otomobildeki 2 ki\u015fi yaraland\u0131."},{"@type":"BreadcrumbList","@id":"https:\/\/memurunsesi.net\/index.php\/2025\/03\/26\/bursada-takla-atan-otomobildeki-2-kisi-yaralandi\/#breadcrumb","itemListElement":[{"@type":"ListItem","position":1,"name":"Anasayfa","item":"https:\/\/memurunsesi.net\/"},{"@type":"ListItem","position":2,"name":"Bursa&#8217;da takla atan otomobildeki 2 ki\u015fi yaraland\u0131"}]},{"@type":"WebSite","@id":"https:\/\/memurunsesi.net\/#website","url":"https:\/\/memurunsesi.net\/","name":"Memurun Sesi","description":"G\u00fcncel ve Do\u011fru Haber","publisher":{"@id":"https:\/\/memurunsesi.net\/#organization"},"potentialAction":[{"@type":"SearchAction","target":{"@type":"EntryPoint","urlTemplate":"https:\/\/memurunsesi.net\/?s={search_term_string}"},"query-input":{"@type":"PropertyValueSpecification","valueRequired":true,"valueName":"search_term_string"}}],"inLanguage":"tr"},{"@type":"Organization","@id":"https:\/\/memurunsesi.net\/#organization","name":"Memurun Sesi","url":"https:\/\/memurunsesi.net\/","logo":{"@type":"ImageObject","inLanguage":"tr","@id":"https:\/\/memurunsesi.net\/#\/schema\/logo\/image\/","url":"https:\/\/memurunsesi.net\/wp-content\/uploads\/2025\/11\/cropped-MEMURUN-SESI.png","contentUrl":"https:\/\/memurunsesi.net\/wp-content\/uploads\/2025\/11\/cropped-MEMURUN-SESI.png","width":238,"height":57,"caption":"Memurun Sesi"},"image":{"@id":"https:\/\/memurunsesi.net\/#\/schema\/logo\/image\/"},"sameAs":["https:\/\/www.facebook.com\/unipersen\/?locale=tr_TR","https:\/\/x.com\/unipersen"]},{"@type":"Person","@id":"https:\/\/memurunsesi.net\/#\/schema\/person\/f21c2d73b89f6ee1d80b0a1803e38587","name":"Memurun Sesi Haber Merkezi","image":{"@type":"ImageObject","inLanguage":"tr","@id":"https:\/\/secure.gravatar.com\/avatar\/6cf0505f452ee753f485014986fab09a434671d2b919ee76fc541025c5876a70?s=96&d=mm&r=g","url":"https:\/\/secure.gravatar.com\/avatar\/6cf0505f452ee753f485014986fab09a434671d2b919ee76fc541025c5876a70?s=96&d=mm&r=g","contentUrl":"https:\/\/secure.gravatar.com\/avatar\/6cf0505f452ee753f485014986fab09a434671d2b919ee76fc541025c5876a70?s=96&d=mm&r=g","caption":"Memurun Sesi Haber Merkezi"},"sameAs":["https:\/\/memurunsesi.net"],"url":"https:\/\/memurunsesi.net\/index.php\/author\/uniper\/"}]}},"_links":{"self":[{"href":"https:\/\/memurunsesi.net\/index.php\/wp-json\/wp\/v2\/posts\/4405","targetHints":{"allow":["GET"]}}],"collection":[{"href":"https:\/\/memurunsesi.net\/index.php\/wp-json\/wp\/v2\/posts"}],"about":[{"href":"https:\/\/memurunsesi.net\/index.php\/wp-json\/wp\/v2\/types\/post"}],"author":[{"embeddable":true,"href":"https:\/\/memurunsesi.net\/index.php\/wp-json\/wp\/v2\/users\/1"}],"replies":[{"embeddable":true,"href":"https:\/\/memurunsesi.net\/index.php\/wp-json\/wp\/v2\/comments?post=4405"}],"version-history":[{"count":1,"href":"https:\/\/memurunsesi.net\/index.php\/wp-json\/wp\/v2\/posts\/4405\/revisions"}],"predecessor-version":[{"id":4407,"href":"https:\/\/memurunsesi.net\/index.php\/wp-json\/wp\/v2\/posts\/4405\/revisions\/4407"}],"wp:featuredmedia":[{"embeddable":true,"href":"https:\/\/memurunsesi.net\/index.php\/wp-json\/wp\/v2\/media\/4406"}],"wp:attachment":[{"href":"https:\/\/memurunsesi.net\/index.php\/wp-json\/wp\/v2\/media?parent=4405"}],"wp:term":[{"taxonomy":"category","embeddable":true,"href":"https:\/\/memurunsesi.net\/index.php\/wp-json\/wp\/v2\/categories?post=4405"},{"taxonomy":"post_tag","embeddable":true,"href":"https:\/\/memurunsesi.net\/index.php\/wp-json\/wp\/v2\/tags?post=4405"}],"curies":[{"name":"wp","href":"https:\/\/api.w.org\/{rel}","templated":true}]}}