{"id":4411,"date":"2025-03-26T08:48:55","date_gmt":"2025-03-26T05:48:55","guid":{"rendered":"https:\/\/memurunsesi.net\/?p=4411"},"modified":"2025-03-26T08:48:55","modified_gmt":"2025-03-26T05:48:55","slug":"ebyude-kalite-odulleri-ve-yilin-egiticisi-odul-toreni-duzenlendi","status":"publish","type":"post","link":"https:\/\/memurunsesi.net\/index.php\/2025\/03\/26\/ebyude-kalite-odulleri-ve-yilin-egiticisi-odul-toreni-duzenlendi\/","title":{"rendered":"EBY\u00dc\u2019de \u2018Kalite \u00d6d\u00fclleri ve Y\u0131l\u0131n E\u011fiticisi \u00d6d\u00fcl T\u00f6reni\u2019 d\u00fczenlendi"},"content":{"rendered":"<p>Erzincan Binali Y\u0131ld\u0131r\u0131m \u00dcniversitesinde (EBY\u00dc) &#8220;Kalite \u00d6d\u00fclleri ve Y\u0131l\u0131n E\u011fiticisi \u00d6d\u00fcl T\u00f6reni&#8221; d\u00fczenlendi.<br \/>\nT\u00f6ren, Rekt\u00f6r Prof. Dr. Ak\u0131n Levent, Rekt\u00f6r Yard\u0131mc\u0131lar\u0131 Prof. Ercan Ekinci, Prof. Dr. \u00c2dem Ba\u015f\u0131b\u00fcy\u00fck, Prof. Dr. \u00c7a\u011fr\u0131 \u00c7\u0131rak, akademik, idari personel ve \u00f6\u011frencilerin kat\u0131l\u0131m\u0131yla Prof. Dr. Erdo\u011fan B\u00fcy\u00fckkasap Kongre ve K\u00fclt\u00fcr Merkezinde ger\u00e7ekle\u015fti.<br \/>\nKalite \u00d6d\u00fclleri ve Y\u0131l\u0131n E\u011fiticisi \u00d6d\u00fcl T\u00f6reni Rekt\u00f6r Ak\u0131n Levent\u2019in a\u00e7\u0131l\u0131\u015f konu\u015fmas\u0131yla ba\u015flad\u0131. Konu\u015fmas\u0131na t\u00f6renin ikincisini d\u00fczenlemenin gururunu ve mutlulu\u011funu ya\u015fad\u0131klar\u0131n\u0131 belirterek ba\u015flayan Rekt\u00f6r Levent, kalite \u00e7al\u0131\u015fmalar\u0131n\u0131n akademik ve idari birimler i\u00e7in ortak bir k\u00fclt\u00fcre d\u00f6n\u00fc\u015fmesi gerekti\u011fini vurgulad\u0131. Ayr\u0131ca e\u011fitim kalitesini art\u0131rmaya y\u00f6nelik \u00f6nemli \u00e7al\u0131\u015fmalar yap\u0131ld\u0131\u011f\u0131n\u0131 belirterek E\u011fitim Fak\u00fcltesinin yedi program\u0131n\u0131n, Eczac\u0131l\u0131k ve Hem\u015firelik Fak\u00fcltelerinin belirli programlar\u0131n\u0131n ve Fen-Edebiyat Fak\u00fcltesinin be\u015f program\u0131n\u0131n akredite edildi\u011fini duyurdu.<br \/>\n\u00d6\u011frenci odakl\u0131 e\u011fitim anlay\u0131\u015f\u0131na vurgu yapan Rekt\u00f6r Levent, kalite \u00e7al\u0131\u015fmalar\u0131n\u0131n yan\u0131 s\u0131ra &#8220;Y\u0131l\u0131n E\u011fiticisi&#8221; \u00f6d\u00fcllerinin de \u00fcniversite i\u00e7in b\u00fcy\u00fck \u00f6nem ta\u015f\u0131d\u0131\u011f\u0131n\u0131 dile getirdi. Birimlerin kendi i\u00e7inde y\u0131l\u0131n e\u011fiticisini se\u00e7ti\u011fini belirten Rekt\u00f6r Levent, EBY\u00dc\u2019n\u00fcn kaliteyi bir kurum k\u00fclt\u00fcr\u00fc haline getirme yolunda \u00f6nemli ad\u0131mlar att\u0131\u011f\u0131n\u0131 ifade etti. Konu\u015fmas\u0131n\u0131, akademik ve idari personele te\u015fekk\u00fcr ederek tamamlayan Ak\u0131n Levent, 2 Nisan\u2019da yay\u0131mlanacak Kurum Ki\u015fisel De\u011ferlendirme Raporu hakk\u0131nda bilgi verdi<br \/>\nRekt\u00f6r Levent\u2019in konu\u015fmas\u0131n\u0131n ard\u0131ndan \u00f6d\u00fcl takdimine ge\u00e7ildi. &#8220;2024 Y\u0131l\u0131 Kalite \u00d6d\u00fclleri&#8221;, \u00fcniversite kalite \u00f6d\u00fclleri y\u00f6nergesi kapsam\u0131nda &#8220;Akademik Birim Kalite \u00c7al\u0131\u015fmalar\u0131 Performans \u00d6d\u00fcl\u00fc&#8221;, &#8220;Akreditasyon \u00d6d\u00fcl\u00fc&#8221;, &#8220;\u0130\u00e7 Payda\u015f Memnuniyet \u00d6d\u00fcl\u00fc&#8221;, &#8220;\u00d6\u011fretim S\u00fcreci Memnuniyet \u00d6d\u00fcl\u00fc&#8221;, &#8220;Topluma Hizmet \u00d6d\u00fcl\u00fc&#8221; ve &#8220;\u00d6\u011frenci Kalite El\u00e7isi \u00d6d\u00fcl\u00fc&#8221; olmak \u00fczere toplam 6 kategoride \u00f6d\u00fcller takdim edildi.<\/p>\n<p>26.03.2025<\/p>\n","protected":false},"excerpt":{"rendered":"<p>Erzincan Binali Y\u0131ld\u0131r\u0131m \u00dcniversitesinde (EBY\u00dc) &#8220;Kalite \u00d6d\u00fclleri ve Y\u0131l\u0131n E\u011fiticisi \u00d6d\u00fcl T\u00f6reni&#8221; d\u00fczenlendi. T\u00f6ren, Rekt\u00f6r Prof. Dr. Ak\u0131n Levent, Rekt\u00f6r Yard\u0131mc\u0131lar\u0131 Prof. Ercan Ekinci, Prof. Dr. \u00c2dem Ba\u015f\u0131b\u00fcy\u00fck, Prof. Dr. \u00c7a\u011fr\u0131 \u00c7\u0131rak, akademik, idari personel ve \u00f6\u011frencilerin kat\u0131l\u0131m\u0131yla Prof. Dr. Erdo\u011fan B\u00fcy\u00fckkasap Kongre ve K\u00fclt\u00fcr Merkezinde ger\u00e7ekle\u015fti. Kalite \u00d6d\u00fclleri ve Y\u0131l\u0131n E\u011fiticisi \u00d6d\u00fcl T\u00f6reni Rekt\u00f6r [&hellip;]<\/p>\n","protected":false},"author":1,"featured_media":4412,"comment_status":"open","ping_status":"open","sticky":false,"template":"","format":"standard","meta":{"footnotes":""},"categories":[47],"tags":[],"class_list":["post-4411","post","type-post","status-publish","format-standard","has-post-thumbnail","hentry","category-universiteden-haberler"],"yoast_head":"<!-- This site is optimized with the Yoast SEO plugin v27.4 - https:\/\/yoast.com\/product\/yoast-seo-wordpress\/ -->\n<title>EBY\u00dc\u2019de \u2018Kalite \u00d6d\u00fclleri ve Y\u0131l\u0131n E\u011fiticisi \u00d6d\u00fcl T\u00f6reni\u2019 d\u00fczenlendi - Memurun Sesi<\/title>\n<meta name=\"robots\" content=\"index, follow, max-snippet:-1, max-image-preview:large, max-video-preview:-1\" \/>\n<link rel=\"canonical\" href=\"https:\/\/memurunsesi.net\/index.php\/2025\/03\/26\/ebyude-kalite-odulleri-ve-yilin-egiticisi-odul-toreni-duzenlendi\/\" \/>\n<meta property=\"og:locale\" content=\"tr_TR\" \/>\n<meta property=\"og:type\" content=\"article\" \/>\n<meta property=\"og:title\" content=\"EBY\u00dc\u2019de \u2018Kalite \u00d6d\u00fclleri ve Y\u0131l\u0131n E\u011fiticisi \u00d6d\u00fcl T\u00f6reni\u2019 d\u00fczenlendi - Memurun Sesi\" \/>\n<meta property=\"og:description\" content=\"Erzincan Binali Y\u0131ld\u0131r\u0131m \u00dcniversitesinde (EBY\u00dc) &#8220;Kalite \u00d6d\u00fclleri ve Y\u0131l\u0131n E\u011fiticisi \u00d6d\u00fcl T\u00f6reni&#8221; d\u00fczenlendi. T\u00f6ren, Rekt\u00f6r Prof. Dr. Ak\u0131n Levent, Rekt\u00f6r Yard\u0131mc\u0131lar\u0131 Prof. Ercan Ekinci, Prof. Dr. \u00c2dem Ba\u015f\u0131b\u00fcy\u00fck, Prof. Dr. \u00c7a\u011fr\u0131 \u00c7\u0131rak, akademik, idari personel ve \u00f6\u011frencilerin kat\u0131l\u0131m\u0131yla Prof. Dr. Erdo\u011fan B\u00fcy\u00fckkasap Kongre ve K\u00fclt\u00fcr Merkezinde ger\u00e7ekle\u015fti. Kalite \u00d6d\u00fclleri ve Y\u0131l\u0131n E\u011fiticisi \u00d6d\u00fcl T\u00f6reni Rekt\u00f6r [&hellip;]\" \/>\n<meta property=\"og:url\" content=\"https:\/\/memurunsesi.net\/index.php\/2025\/03\/26\/ebyude-kalite-odulleri-ve-yilin-egiticisi-odul-toreni-duzenlendi\/\" \/>\n<meta property=\"og:site_name\" content=\"Memurun Sesi\" \/>\n<meta property=\"article:publisher\" content=\"https:\/\/www.facebook.com\/unipersen\/?locale=tr_TR\" \/>\n<meta property=\"article:published_time\" content=\"2025-03-26T05:48:55+00:00\" \/>\n<meta property=\"og:image\" content=\"https:\/\/memurunsesi.net\/wp-content\/uploads\/2025\/03\/AW420080_02.jpg\" \/>\n\t<meta property=\"og:image:width\" content=\"1440\" \/>\n\t<meta property=\"og:image:height\" content=\"960\" \/>\n\t<meta property=\"og:image:type\" content=\"image\/jpeg\" \/>\n<meta name=\"author\" content=\"Memurun Sesi Haber Merkezi\" \/>\n<meta name=\"twitter:card\" content=\"summary_large_image\" \/>\n<meta name=\"twitter:creator\" content=\"@unipersen\" \/>\n<meta name=\"twitter:site\" content=\"@unipersen\" \/>\n<meta name=\"twitter:label1\" content=\"Yazan:\" \/>\n\t<meta name=\"twitter:data1\" content=\"Memurun Sesi Haber Merkezi\" \/>\n\t<meta name=\"twitter:label2\" content=\"Tahmini okuma s\u00fcresi\" \/>\n\t<meta name=\"twitter:data2\" content=\"2 dakika\" \/>\n<script type=\"application\/ld+json\" class=\"yoast-schema-graph\">{\"@context\":\"https:\\\/\\\/schema.org\",\"@graph\":[{\"@type\":\"Article\",\"@id\":\"https:\\\/\\\/memurunsesi.net\\\/index.php\\\/2025\\\/03\\\/26\\\/ebyude-kalite-odulleri-ve-yilin-egiticisi-odul-toreni-duzenlendi\\\/#article\",\"isPartOf\":{\"@id\":\"https:\\\/\\\/memurunsesi.net\\\/index.php\\\/2025\\\/03\\\/26\\\/ebyude-kalite-odulleri-ve-yilin-egiticisi-odul-toreni-duzenlendi\\\/\"},\"author\":{\"name\":\"Memurun Sesi Haber Merkezi\",\"@id\":\"https:\\\/\\\/memurunsesi.net\\\/#\\\/schema\\\/person\\\/f21c2d73b89f6ee1d80b0a1803e38587\"},\"headline\":\"EBY\u00dc\u2019de \u2018Kalite \u00d6d\u00fclleri ve Y\u0131l\u0131n E\u011fiticisi \u00d6d\u00fcl T\u00f6reni\u2019 d\u00fczenlendi\",\"datePublished\":\"2025-03-26T05:48:55+00:00\",\"mainEntityOfPage\":{\"@id\":\"https:\\\/\\\/memurunsesi.net\\\/index.php\\\/2025\\\/03\\\/26\\\/ebyude-kalite-odulleri-ve-yilin-egiticisi-odul-toreni-duzenlendi\\\/\"},\"wordCount\":383,\"commentCount\":0,\"publisher\":{\"@id\":\"https:\\\/\\\/memurunsesi.net\\\/#organization\"},\"image\":{\"@id\":\"https:\\\/\\\/memurunsesi.net\\\/index.php\\\/2025\\\/03\\\/26\\\/ebyude-kalite-odulleri-ve-yilin-egiticisi-odul-toreni-duzenlendi\\\/#primaryimage\"},\"thumbnailUrl\":\"https:\\\/\\\/memurunsesi.net\\\/wp-content\\\/uploads\\\/2025\\\/03\\\/AW420080_02.jpg\",\"articleSection\":[\"\u00dcniversiteden Haberler\"],\"inLanguage\":\"tr\",\"potentialAction\":[{\"@type\":\"CommentAction\",\"name\":\"Comment\",\"target\":[\"https:\\\/\\\/memurunsesi.net\\\/index.php\\\/2025\\\/03\\\/26\\\/ebyude-kalite-odulleri-ve-yilin-egiticisi-odul-toreni-duzenlendi\\\/#respond\"]}]},{\"@type\":\"WebPage\",\"@id\":\"https:\\\/\\\/memurunsesi.net\\\/index.php\\\/2025\\\/03\\\/26\\\/ebyude-kalite-odulleri-ve-yilin-egiticisi-odul-toreni-duzenlendi\\\/\",\"url\":\"https:\\\/\\\/memurunsesi.net\\\/index.php\\\/2025\\\/03\\\/26\\\/ebyude-kalite-odulleri-ve-yilin-egiticisi-odul-toreni-duzenlendi\\\/\",\"name\":\"EBY\u00dc\u2019de \u2018Kalite \u00d6d\u00fclleri ve Y\u0131l\u0131n E\u011fiticisi \u00d6d\u00fcl T\u00f6reni\u2019 d\u00fczenlendi - Memurun Sesi\",\"isPartOf\":{\"@id\":\"https:\\\/\\\/memurunsesi.net\\\/#website\"},\"primaryImageOfPage\":{\"@id\":\"https:\\\/\\\/memurunsesi.net\\\/index.php\\\/2025\\\/03\\\/26\\\/ebyude-kalite-odulleri-ve-yilin-egiticisi-odul-toreni-duzenlendi\\\/#primaryimage\"},\"image\":{\"@id\":\"https:\\\/\\\/memurunsesi.net\\\/index.php\\\/2025\\\/03\\\/26\\\/ebyude-kalite-odulleri-ve-yilin-egiticisi-odul-toreni-duzenlendi\\\/#primaryimage\"},\"thumbnailUrl\":\"https:\\\/\\\/memurunsesi.net\\\/wp-content\\\/uploads\\\/2025\\\/03\\\/AW420080_02.jpg\",\"datePublished\":\"2025-03-26T05:48:55+00:00\",\"breadcrumb\":{\"@id\":\"https:\\\/\\\/memurunsesi.net\\\/index.php\\\/2025\\\/03\\\/26\\\/ebyude-kalite-odulleri-ve-yilin-egiticisi-odul-toreni-duzenlendi\\\/#breadcrumb\"},\"inLanguage\":\"tr\",\"potentialAction\":[{\"@type\":\"ReadAction\",\"target\":[\"https:\\\/\\\/memurunsesi.net\\\/index.php\\\/2025\\\/03\\\/26\\\/ebyude-kalite-odulleri-ve-yilin-egiticisi-odul-toreni-duzenlendi\\\/\"]}]},{\"@type\":\"ImageObject\",\"inLanguage\":\"tr\",\"@id\":\"https:\\\/\\\/memurunsesi.net\\\/index.php\\\/2025\\\/03\\\/26\\\/ebyude-kalite-odulleri-ve-yilin-egiticisi-odul-toreni-duzenlendi\\\/#primaryimage\",\"url\":\"https:\\\/\\\/memurunsesi.net\\\/wp-content\\\/uploads\\\/2025\\\/03\\\/AW420080_02.jpg\",\"contentUrl\":\"https:\\\/\\\/memurunsesi.net\\\/wp-content\\\/uploads\\\/2025\\\/03\\\/AW420080_02.jpg\",\"width\":1440,\"height\":960,\"caption\":\"EBY\u00dc'DE 'KAL\u0130TE \u00d6D\u00dcLLER\u0130 VE YILIN E\u011e\u0130T\u0130C\u0130S\u0130 \u00d6D\u00dcL T\u00d6REN\u0130' D\u00dcZENLEND\u0130 (SENANUR ERDO\u011eAN\\\/ERZ\u0130NCAN-\u0130HA) Erzincan Binali Y\u0131ld\u0131r\u0131m \u00dcniversitesinde (EBY\u00dc) \\\"Kalite \u00d6d\u00fclleri ve Y\u0131l\u0131n E\u011fiticisi \u00d6d\u00fcl T\u00f6reni\\\" d\u00fczenlendi.\"},{\"@type\":\"BreadcrumbList\",\"@id\":\"https:\\\/\\\/memurunsesi.net\\\/index.php\\\/2025\\\/03\\\/26\\\/ebyude-kalite-odulleri-ve-yilin-egiticisi-odul-toreni-duzenlendi\\\/#breadcrumb\",\"itemListElement\":[{\"@type\":\"ListItem\",\"position\":1,\"name\":\"Anasayfa\",\"item\":\"https:\\\/\\\/memurunsesi.net\\\/\"},{\"@type\":\"ListItem\",\"position\":2,\"name\":\"EBY\u00dc\u2019de \u2018Kalite \u00d6d\u00fclleri ve Y\u0131l\u0131n E\u011fiticisi \u00d6d\u00fcl T\u00f6reni\u2019 d\u00fczenlendi\"}]},{\"@type\":\"WebSite\",\"@id\":\"https:\\\/\\\/memurunsesi.net\\\/#website\",\"url\":\"https:\\\/\\\/memurunsesi.net\\\/\",\"name\":\"Memurun Sesi\",\"description\":\"G\u00fcncel ve Do\u011fru Haber\",\"publisher\":{\"@id\":\"https:\\\/\\\/memurunsesi.net\\\/#organization\"},\"potentialAction\":[{\"@type\":\"SearchAction\",\"target\":{\"@type\":\"EntryPoint\",\"urlTemplate\":\"https:\\\/\\\/memurunsesi.net\\\/?s={search_term_string}\"},\"query-input\":{\"@type\":\"PropertyValueSpecification\",\"valueRequired\":true,\"valueName\":\"search_term_string\"}}],\"inLanguage\":\"tr\"},{\"@type\":\"Organization\",\"@id\":\"https:\\\/\\\/memurunsesi.net\\\/#organization\",\"name\":\"Memurun Sesi\",\"url\":\"https:\\\/\\\/memurunsesi.net\\\/\",\"logo\":{\"@type\":\"ImageObject\",\"inLanguage\":\"tr\",\"@id\":\"https:\\\/\\\/memurunsesi.net\\\/#\\\/schema\\\/logo\\\/image\\\/\",\"url\":\"https:\\\/\\\/memurunsesi.net\\\/wp-content\\\/uploads\\\/2025\\\/11\\\/cropped-MEMURUN-SESI.png\",\"contentUrl\":\"https:\\\/\\\/memurunsesi.net\\\/wp-content\\\/uploads\\\/2025\\\/11\\\/cropped-MEMURUN-SESI.png\",\"width\":238,\"height\":57,\"caption\":\"Memurun Sesi\"},\"image\":{\"@id\":\"https:\\\/\\\/memurunsesi.net\\\/#\\\/schema\\\/logo\\\/image\\\/\"},\"sameAs\":[\"https:\\\/\\\/www.facebook.com\\\/unipersen\\\/?locale=tr_TR\",\"https:\\\/\\\/x.com\\\/unipersen\"]},{\"@type\":\"Person\",\"@id\":\"https:\\\/\\\/memurunsesi.net\\\/#\\\/schema\\\/person\\\/f21c2d73b89f6ee1d80b0a1803e38587\",\"name\":\"Memurun Sesi Haber Merkezi\",\"image\":{\"@type\":\"ImageObject\",\"inLanguage\":\"tr\",\"@id\":\"https:\\\/\\\/secure.gravatar.com\\\/avatar\\\/6cf0505f452ee753f485014986fab09a434671d2b919ee76fc541025c5876a70?s=96&d=mm&r=g\",\"url\":\"https:\\\/\\\/secure.gravatar.com\\\/avatar\\\/6cf0505f452ee753f485014986fab09a434671d2b919ee76fc541025c5876a70?s=96&d=mm&r=g\",\"contentUrl\":\"https:\\\/\\\/secure.gravatar.com\\\/avatar\\\/6cf0505f452ee753f485014986fab09a434671d2b919ee76fc541025c5876a70?s=96&d=mm&r=g\",\"caption\":\"Memurun Sesi Haber Merkezi\"},\"sameAs\":[\"https:\\\/\\\/memurunsesi.net\"],\"url\":\"https:\\\/\\\/memurunsesi.net\\\/index.php\\\/author\\\/uniper\\\/\"}]}<\/script>\n<!-- \/ Yoast SEO plugin. -->","yoast_head_json":{"title":"EBY\u00dc\u2019de \u2018Kalite \u00d6d\u00fclleri ve Y\u0131l\u0131n E\u011fiticisi \u00d6d\u00fcl T\u00f6reni\u2019 d\u00fczenlendi - Memurun Sesi","robots":{"index":"index","follow":"follow","max-snippet":"max-snippet:-1","max-image-preview":"max-image-preview:large","max-video-preview":"max-video-preview:-1"},"canonical":"https:\/\/memurunsesi.net\/index.php\/2025\/03\/26\/ebyude-kalite-odulleri-ve-yilin-egiticisi-odul-toreni-duzenlendi\/","og_locale":"tr_TR","og_type":"article","og_title":"EBY\u00dc\u2019de \u2018Kalite \u00d6d\u00fclleri ve Y\u0131l\u0131n E\u011fiticisi \u00d6d\u00fcl T\u00f6reni\u2019 d\u00fczenlendi - Memurun Sesi","og_description":"Erzincan Binali Y\u0131ld\u0131r\u0131m \u00dcniversitesinde (EBY\u00dc) &#8220;Kalite \u00d6d\u00fclleri ve Y\u0131l\u0131n E\u011fiticisi \u00d6d\u00fcl T\u00f6reni&#8221; d\u00fczenlendi. T\u00f6ren, Rekt\u00f6r Prof. Dr. Ak\u0131n Levent, Rekt\u00f6r Yard\u0131mc\u0131lar\u0131 Prof. Ercan Ekinci, Prof. Dr. \u00c2dem Ba\u015f\u0131b\u00fcy\u00fck, Prof. Dr. \u00c7a\u011fr\u0131 \u00c7\u0131rak, akademik, idari personel ve \u00f6\u011frencilerin kat\u0131l\u0131m\u0131yla Prof. Dr. Erdo\u011fan B\u00fcy\u00fckkasap Kongre ve K\u00fclt\u00fcr Merkezinde ger\u00e7ekle\u015fti. Kalite \u00d6d\u00fclleri ve Y\u0131l\u0131n E\u011fiticisi \u00d6d\u00fcl T\u00f6reni Rekt\u00f6r [&hellip;]","og_url":"https:\/\/memurunsesi.net\/index.php\/2025\/03\/26\/ebyude-kalite-odulleri-ve-yilin-egiticisi-odul-toreni-duzenlendi\/","og_site_name":"Memurun Sesi","article_publisher":"https:\/\/www.facebook.com\/unipersen\/?locale=tr_TR","article_published_time":"2025-03-26T05:48:55+00:00","og_image":[{"width":1440,"height":960,"url":"https:\/\/memurunsesi.net\/wp-content\/uploads\/2025\/03\/AW420080_02.jpg","type":"image\/jpeg"}],"author":"Memurun Sesi Haber Merkezi","twitter_card":"summary_large_image","twitter_creator":"@unipersen","twitter_site":"@unipersen","twitter_misc":{"Yazan:":"Memurun Sesi Haber Merkezi","Tahmini okuma s\u00fcresi":"2 dakika"},"schema":{"@context":"https:\/\/schema.org","@graph":[{"@type":"Article","@id":"https:\/\/memurunsesi.net\/index.php\/2025\/03\/26\/ebyude-kalite-odulleri-ve-yilin-egiticisi-odul-toreni-duzenlendi\/#article","isPartOf":{"@id":"https:\/\/memurunsesi.net\/index.php\/2025\/03\/26\/ebyude-kalite-odulleri-ve-yilin-egiticisi-odul-toreni-duzenlendi\/"},"author":{"name":"Memurun Sesi Haber Merkezi","@id":"https:\/\/memurunsesi.net\/#\/schema\/person\/f21c2d73b89f6ee1d80b0a1803e38587"},"headline":"EBY\u00dc\u2019de \u2018Kalite \u00d6d\u00fclleri ve Y\u0131l\u0131n E\u011fiticisi \u00d6d\u00fcl T\u00f6reni\u2019 d\u00fczenlendi","datePublished":"2025-03-26T05:48:55+00:00","mainEntityOfPage":{"@id":"https:\/\/memurunsesi.net\/index.php\/2025\/03\/26\/ebyude-kalite-odulleri-ve-yilin-egiticisi-odul-toreni-duzenlendi\/"},"wordCount":383,"commentCount":0,"publisher":{"@id":"https:\/\/memurunsesi.net\/#organization"},"image":{"@id":"https:\/\/memurunsesi.net\/index.php\/2025\/03\/26\/ebyude-kalite-odulleri-ve-yilin-egiticisi-odul-toreni-duzenlendi\/#primaryimage"},"thumbnailUrl":"https:\/\/memurunsesi.net\/wp-content\/uploads\/2025\/03\/AW420080_02.jpg","articleSection":["\u00dcniversiteden Haberler"],"inLanguage":"tr","potentialAction":[{"@type":"CommentAction","name":"Comment","target":["https:\/\/memurunsesi.net\/index.php\/2025\/03\/26\/ebyude-kalite-odulleri-ve-yilin-egiticisi-odul-toreni-duzenlendi\/#respond"]}]},{"@type":"WebPage","@id":"https:\/\/memurunsesi.net\/index.php\/2025\/03\/26\/ebyude-kalite-odulleri-ve-yilin-egiticisi-odul-toreni-duzenlendi\/","url":"https:\/\/memurunsesi.net\/index.php\/2025\/03\/26\/ebyude-kalite-odulleri-ve-yilin-egiticisi-odul-toreni-duzenlendi\/","name":"EBY\u00dc\u2019de \u2018Kalite \u00d6d\u00fclleri ve Y\u0131l\u0131n E\u011fiticisi \u00d6d\u00fcl T\u00f6reni\u2019 d\u00fczenlendi - Memurun Sesi","isPartOf":{"@id":"https:\/\/memurunsesi.net\/#website"},"primaryImageOfPage":{"@id":"https:\/\/memurunsesi.net\/index.php\/2025\/03\/26\/ebyude-kalite-odulleri-ve-yilin-egiticisi-odul-toreni-duzenlendi\/#primaryimage"},"image":{"@id":"https:\/\/memurunsesi.net\/index.php\/2025\/03\/26\/ebyude-kalite-odulleri-ve-yilin-egiticisi-odul-toreni-duzenlendi\/#primaryimage"},"thumbnailUrl":"https:\/\/memurunsesi.net\/wp-content\/uploads\/2025\/03\/AW420080_02.jpg","datePublished":"2025-03-26T05:48:55+00:00","breadcrumb":{"@id":"https:\/\/memurunsesi.net\/index.php\/2025\/03\/26\/ebyude-kalite-odulleri-ve-yilin-egiticisi-odul-toreni-duzenlendi\/#breadcrumb"},"inLanguage":"tr","potentialAction":[{"@type":"ReadAction","target":["https:\/\/memurunsesi.net\/index.php\/2025\/03\/26\/ebyude-kalite-odulleri-ve-yilin-egiticisi-odul-toreni-duzenlendi\/"]}]},{"@type":"ImageObject","inLanguage":"tr","@id":"https:\/\/memurunsesi.net\/index.php\/2025\/03\/26\/ebyude-kalite-odulleri-ve-yilin-egiticisi-odul-toreni-duzenlendi\/#primaryimage","url":"https:\/\/memurunsesi.net\/wp-content\/uploads\/2025\/03\/AW420080_02.jpg","contentUrl":"https:\/\/memurunsesi.net\/wp-content\/uploads\/2025\/03\/AW420080_02.jpg","width":1440,"height":960,"caption":"EBY\u00dc'DE 'KAL\u0130TE \u00d6D\u00dcLLER\u0130 VE YILIN E\u011e\u0130T\u0130C\u0130S\u0130 \u00d6D\u00dcL T\u00d6REN\u0130' D\u00dcZENLEND\u0130 (SENANUR ERDO\u011eAN\/ERZ\u0130NCAN-\u0130HA) Erzincan Binali Y\u0131ld\u0131r\u0131m \u00dcniversitesinde (EBY\u00dc) \"Kalite \u00d6d\u00fclleri ve Y\u0131l\u0131n E\u011fiticisi \u00d6d\u00fcl T\u00f6reni\" d\u00fczenlendi."},{"@type":"BreadcrumbList","@id":"https:\/\/memurunsesi.net\/index.php\/2025\/03\/26\/ebyude-kalite-odulleri-ve-yilin-egiticisi-odul-toreni-duzenlendi\/#breadcrumb","itemListElement":[{"@type":"ListItem","position":1,"name":"Anasayfa","item":"https:\/\/memurunsesi.net\/"},{"@type":"ListItem","position":2,"name":"EBY\u00dc\u2019de \u2018Kalite \u00d6d\u00fclleri ve Y\u0131l\u0131n E\u011fiticisi \u00d6d\u00fcl T\u00f6reni\u2019 d\u00fczenlendi"}]},{"@type":"WebSite","@id":"https:\/\/memurunsesi.net\/#website","url":"https:\/\/memurunsesi.net\/","name":"Memurun Sesi","description":"G\u00fcncel ve Do\u011fru Haber","publisher":{"@id":"https:\/\/memurunsesi.net\/#organization"},"potentialAction":[{"@type":"SearchAction","target":{"@type":"EntryPoint","urlTemplate":"https:\/\/memurunsesi.net\/?s={search_term_string}"},"query-input":{"@type":"PropertyValueSpecification","valueRequired":true,"valueName":"search_term_string"}}],"inLanguage":"tr"},{"@type":"Organization","@id":"https:\/\/memurunsesi.net\/#organization","name":"Memurun Sesi","url":"https:\/\/memurunsesi.net\/","logo":{"@type":"ImageObject","inLanguage":"tr","@id":"https:\/\/memurunsesi.net\/#\/schema\/logo\/image\/","url":"https:\/\/memurunsesi.net\/wp-content\/uploads\/2025\/11\/cropped-MEMURUN-SESI.png","contentUrl":"https:\/\/memurunsesi.net\/wp-content\/uploads\/2025\/11\/cropped-MEMURUN-SESI.png","width":238,"height":57,"caption":"Memurun Sesi"},"image":{"@id":"https:\/\/memurunsesi.net\/#\/schema\/logo\/image\/"},"sameAs":["https:\/\/www.facebook.com\/unipersen\/?locale=tr_TR","https:\/\/x.com\/unipersen"]},{"@type":"Person","@id":"https:\/\/memurunsesi.net\/#\/schema\/person\/f21c2d73b89f6ee1d80b0a1803e38587","name":"Memurun Sesi Haber Merkezi","image":{"@type":"ImageObject","inLanguage":"tr","@id":"https:\/\/secure.gravatar.com\/avatar\/6cf0505f452ee753f485014986fab09a434671d2b919ee76fc541025c5876a70?s=96&d=mm&r=g","url":"https:\/\/secure.gravatar.com\/avatar\/6cf0505f452ee753f485014986fab09a434671d2b919ee76fc541025c5876a70?s=96&d=mm&r=g","contentUrl":"https:\/\/secure.gravatar.com\/avatar\/6cf0505f452ee753f485014986fab09a434671d2b919ee76fc541025c5876a70?s=96&d=mm&r=g","caption":"Memurun Sesi Haber Merkezi"},"sameAs":["https:\/\/memurunsesi.net"],"url":"https:\/\/memurunsesi.net\/index.php\/author\/uniper\/"}]}},"_links":{"self":[{"href":"https:\/\/memurunsesi.net\/index.php\/wp-json\/wp\/v2\/posts\/4411","targetHints":{"allow":["GET"]}}],"collection":[{"href":"https:\/\/memurunsesi.net\/index.php\/wp-json\/wp\/v2\/posts"}],"about":[{"href":"https:\/\/memurunsesi.net\/index.php\/wp-json\/wp\/v2\/types\/post"}],"author":[{"embeddable":true,"href":"https:\/\/memurunsesi.net\/index.php\/wp-json\/wp\/v2\/users\/1"}],"replies":[{"embeddable":true,"href":"https:\/\/memurunsesi.net\/index.php\/wp-json\/wp\/v2\/comments?post=4411"}],"version-history":[{"count":1,"href":"https:\/\/memurunsesi.net\/index.php\/wp-json\/wp\/v2\/posts\/4411\/revisions"}],"predecessor-version":[{"id":4413,"href":"https:\/\/memurunsesi.net\/index.php\/wp-json\/wp\/v2\/posts\/4411\/revisions\/4413"}],"wp:featuredmedia":[{"embeddable":true,"href":"https:\/\/memurunsesi.net\/index.php\/wp-json\/wp\/v2\/media\/4412"}],"wp:attachment":[{"href":"https:\/\/memurunsesi.net\/index.php\/wp-json\/wp\/v2\/media?parent=4411"}],"wp:term":[{"taxonomy":"category","embeddable":true,"href":"https:\/\/memurunsesi.net\/index.php\/wp-json\/wp\/v2\/categories?post=4411"},{"taxonomy":"post_tag","embeddable":true,"href":"https:\/\/memurunsesi.net\/index.php\/wp-json\/wp\/v2\/tags?post=4411"}],"curies":[{"name":"wp","href":"https:\/\/api.w.org\/{rel}","templated":true}]}}