{"id":4446,"date":"2025-03-27T08:51:23","date_gmt":"2025-03-27T05:51:23","guid":{"rendered":"https:\/\/memurunsesi.net\/?p=4446"},"modified":"2025-03-27T08:51:23","modified_gmt":"2025-03-27T05:51:23","slug":"munzur-daglarindaki-yilki-atlari-goruntulendi","status":"publish","type":"post","link":"https:\/\/memurunsesi.net\/index.php\/2025\/03\/27\/munzur-daglarindaki-yilki-atlari-goruntulendi\/","title":{"rendered":"Munzur Da\u011flar\u0131ndaki y\u0131lk\u0131 atlar\u0131 g\u00f6r\u00fcnt\u00fclendi"},"content":{"rendered":"<p>Erzincan-Tunceli aras\u0131nda bulunan 3300 rak\u0131ml\u0131 Munzur Da\u011flar\u0131&#8217;ndaki y\u0131lk\u0131 atlar\u0131, do\u011fal ya\u015fam alanlar\u0131nda g\u00f6r\u00fcnt\u00fclendi.<br \/>\nMunzur Da\u011flar\u0131ndaki y\u0131lk\u0131 atlar\u0131, foto\u011fraf ve do\u011fa tutkunlar\u0131n\u0131n ilgisini \u00e7ekiyor. Yaylada karla kaplanan arazide otlayan y\u0131lk\u0131 atlar\u0131, foto\u011fraf\u00e7\u0131lar taraf\u0131ndan g\u00f6r\u00fcnt\u00fclendi.<br \/>\nToplu gezen y\u0131lk\u0131 atlar\u0131, g\u00fczel g\u00f6r\u00fcnt\u00fcler olu\u015fturdu.<\/p>\n<p>27.03.2025<\/p>\n","protected":false},"excerpt":{"rendered":"<p>Erzincan-Tunceli aras\u0131nda bulunan 3300 rak\u0131ml\u0131 Munzur Da\u011flar\u0131&#8217;ndaki y\u0131lk\u0131 atlar\u0131, do\u011fal ya\u015fam alanlar\u0131nda g\u00f6r\u00fcnt\u00fclendi. Munzur Da\u011flar\u0131ndaki y\u0131lk\u0131 atlar\u0131, foto\u011fraf ve do\u011fa tutkunlar\u0131n\u0131n ilgisini \u00e7ekiyor. Yaylada karla kaplanan arazide otlayan y\u0131lk\u0131 atlar\u0131, foto\u011fraf\u00e7\u0131lar taraf\u0131ndan g\u00f6r\u00fcnt\u00fclendi. Toplu gezen y\u0131lk\u0131 atlar\u0131, g\u00fczel g\u00f6r\u00fcnt\u00fcler olu\u015fturdu. 27.03.2025<\/p>\n","protected":false},"author":1,"featured_media":4447,"comment_status":"open","ping_status":"open","sticky":false,"template":"","format":"standard","meta":{"footnotes":""},"categories":[50],"tags":[],"class_list":["post-4446","post","type-post","status-publish","format-standard","has-post-thumbnail","hentry","category-tum-haberler"],"yoast_head":"<!-- This site is optimized with the Yoast SEO plugin v27.4 - https:\/\/yoast.com\/product\/yoast-seo-wordpress\/ -->\n<title>Munzur Da\u011flar\u0131ndaki y\u0131lk\u0131 atlar\u0131 g\u00f6r\u00fcnt\u00fclendi - Memurun Sesi<\/title>\n<meta name=\"robots\" content=\"index, follow, max-snippet:-1, max-image-preview:large, max-video-preview:-1\" \/>\n<link rel=\"canonical\" href=\"https:\/\/memurunsesi.net\/index.php\/2025\/03\/27\/munzur-daglarindaki-yilki-atlari-goruntulendi\/\" \/>\n<meta property=\"og:locale\" content=\"tr_TR\" \/>\n<meta property=\"og:type\" content=\"article\" \/>\n<meta property=\"og:title\" content=\"Munzur Da\u011flar\u0131ndaki y\u0131lk\u0131 atlar\u0131 g\u00f6r\u00fcnt\u00fclendi - Memurun Sesi\" \/>\n<meta property=\"og:description\" content=\"Erzincan-Tunceli aras\u0131nda bulunan 3300 rak\u0131ml\u0131 Munzur Da\u011flar\u0131&#8217;ndaki y\u0131lk\u0131 atlar\u0131, do\u011fal ya\u015fam alanlar\u0131nda g\u00f6r\u00fcnt\u00fclendi. Munzur Da\u011flar\u0131ndaki y\u0131lk\u0131 atlar\u0131, foto\u011fraf ve do\u011fa tutkunlar\u0131n\u0131n ilgisini \u00e7ekiyor. Yaylada karla kaplanan arazide otlayan y\u0131lk\u0131 atlar\u0131, foto\u011fraf\u00e7\u0131lar taraf\u0131ndan g\u00f6r\u00fcnt\u00fclendi. Toplu gezen y\u0131lk\u0131 atlar\u0131, g\u00fczel g\u00f6r\u00fcnt\u00fcler olu\u015fturdu. 27.03.2025\" \/>\n<meta property=\"og:url\" content=\"https:\/\/memurunsesi.net\/index.php\/2025\/03\/27\/munzur-daglarindaki-yilki-atlari-goruntulendi\/\" \/>\n<meta property=\"og:site_name\" content=\"Memurun Sesi\" \/>\n<meta property=\"article:publisher\" content=\"https:\/\/www.facebook.com\/unipersen\/?locale=tr_TR\" \/>\n<meta property=\"article:published_time\" content=\"2025-03-27T05:51:23+00:00\" \/>\n<meta property=\"og:image\" content=\"https:\/\/memurunsesi.net\/wp-content\/uploads\/2025\/03\/AW420915_01.jpg\" \/>\n\t<meta property=\"og:image:width\" content=\"1117\" \/>\n\t<meta property=\"og:image:height\" content=\"620\" \/>\n\t<meta property=\"og:image:type\" content=\"image\/jpeg\" \/>\n<meta name=\"author\" content=\"Memurun Sesi Haber Merkezi\" \/>\n<meta name=\"twitter:card\" content=\"summary_large_image\" \/>\n<meta name=\"twitter:creator\" content=\"@unipersen\" \/>\n<meta name=\"twitter:site\" content=\"@unipersen\" \/>\n<meta name=\"twitter:label1\" content=\"Yazan:\" \/>\n\t<meta name=\"twitter:data1\" content=\"Memurun Sesi Haber Merkezi\" \/>\n<script type=\"application\/ld+json\" class=\"yoast-schema-graph\">{\"@context\":\"https:\\\/\\\/schema.org\",\"@graph\":[{\"@type\":\"Article\",\"@id\":\"https:\\\/\\\/memurunsesi.net\\\/index.php\\\/2025\\\/03\\\/27\\\/munzur-daglarindaki-yilki-atlari-goruntulendi\\\/#article\",\"isPartOf\":{\"@id\":\"https:\\\/\\\/memurunsesi.net\\\/index.php\\\/2025\\\/03\\\/27\\\/munzur-daglarindaki-yilki-atlari-goruntulendi\\\/\"},\"author\":{\"name\":\"Memurun Sesi Haber Merkezi\",\"@id\":\"https:\\\/\\\/memurunsesi.net\\\/#\\\/schema\\\/person\\\/f21c2d73b89f6ee1d80b0a1803e38587\"},\"headline\":\"Munzur Da\u011flar\u0131ndaki y\u0131lk\u0131 atlar\u0131 g\u00f6r\u00fcnt\u00fclendi\",\"datePublished\":\"2025-03-27T05:51:23+00:00\",\"mainEntityOfPage\":{\"@id\":\"https:\\\/\\\/memurunsesi.net\\\/index.php\\\/2025\\\/03\\\/27\\\/munzur-daglarindaki-yilki-atlari-goruntulendi\\\/\"},\"wordCount\":81,\"commentCount\":0,\"publisher\":{\"@id\":\"https:\\\/\\\/memurunsesi.net\\\/#organization\"},\"image\":{\"@id\":\"https:\\\/\\\/memurunsesi.net\\\/index.php\\\/2025\\\/03\\\/27\\\/munzur-daglarindaki-yilki-atlari-goruntulendi\\\/#primaryimage\"},\"thumbnailUrl\":\"https:\\\/\\\/memurunsesi.net\\\/wp-content\\\/uploads\\\/2025\\\/03\\\/AW420915_01.jpg\",\"articleSection\":[\"T\u00fcm Haberler\"],\"inLanguage\":\"tr\",\"potentialAction\":[{\"@type\":\"CommentAction\",\"name\":\"Comment\",\"target\":[\"https:\\\/\\\/memurunsesi.net\\\/index.php\\\/2025\\\/03\\\/27\\\/munzur-daglarindaki-yilki-atlari-goruntulendi\\\/#respond\"]}]},{\"@type\":\"WebPage\",\"@id\":\"https:\\\/\\\/memurunsesi.net\\\/index.php\\\/2025\\\/03\\\/27\\\/munzur-daglarindaki-yilki-atlari-goruntulendi\\\/\",\"url\":\"https:\\\/\\\/memurunsesi.net\\\/index.php\\\/2025\\\/03\\\/27\\\/munzur-daglarindaki-yilki-atlari-goruntulendi\\\/\",\"name\":\"Munzur Da\u011flar\u0131ndaki y\u0131lk\u0131 atlar\u0131 g\u00f6r\u00fcnt\u00fclendi - Memurun Sesi\",\"isPartOf\":{\"@id\":\"https:\\\/\\\/memurunsesi.net\\\/#website\"},\"primaryImageOfPage\":{\"@id\":\"https:\\\/\\\/memurunsesi.net\\\/index.php\\\/2025\\\/03\\\/27\\\/munzur-daglarindaki-yilki-atlari-goruntulendi\\\/#primaryimage\"},\"image\":{\"@id\":\"https:\\\/\\\/memurunsesi.net\\\/index.php\\\/2025\\\/03\\\/27\\\/munzur-daglarindaki-yilki-atlari-goruntulendi\\\/#primaryimage\"},\"thumbnailUrl\":\"https:\\\/\\\/memurunsesi.net\\\/wp-content\\\/uploads\\\/2025\\\/03\\\/AW420915_01.jpg\",\"datePublished\":\"2025-03-27T05:51:23+00:00\",\"breadcrumb\":{\"@id\":\"https:\\\/\\\/memurunsesi.net\\\/index.php\\\/2025\\\/03\\\/27\\\/munzur-daglarindaki-yilki-atlari-goruntulendi\\\/#breadcrumb\"},\"inLanguage\":\"tr\",\"potentialAction\":[{\"@type\":\"ReadAction\",\"target\":[\"https:\\\/\\\/memurunsesi.net\\\/index.php\\\/2025\\\/03\\\/27\\\/munzur-daglarindaki-yilki-atlari-goruntulendi\\\/\"]}]},{\"@type\":\"ImageObject\",\"inLanguage\":\"tr\",\"@id\":\"https:\\\/\\\/memurunsesi.net\\\/index.php\\\/2025\\\/03\\\/27\\\/munzur-daglarindaki-yilki-atlari-goruntulendi\\\/#primaryimage\",\"url\":\"https:\\\/\\\/memurunsesi.net\\\/wp-content\\\/uploads\\\/2025\\\/03\\\/AW420915_01.jpg\",\"contentUrl\":\"https:\\\/\\\/memurunsesi.net\\\/wp-content\\\/uploads\\\/2025\\\/03\\\/AW420915_01.jpg\",\"width\":1117,\"height\":620,\"caption\":\"MUNZUR DA\u011eLARINDAK\u0130 YILKI ATLARI G\u00d6R\u00dcNT\u00dcLEND\u0130 (MURAT AYDEM\u0130R\\\/ERZ\u0130NCAN-\u0130HA) Erzincan-Tunceli aras\u0131nda bulunan 3300 rak\u0131ml\u0131 Munzur Da\u011flar\u0131'ndaki y\u0131lk\u0131 atlar\u0131, do\u011fal ya\u015fam alanlar\u0131nda g\u00f6r\u00fcnt\u00fclendi.\"},{\"@type\":\"BreadcrumbList\",\"@id\":\"https:\\\/\\\/memurunsesi.net\\\/index.php\\\/2025\\\/03\\\/27\\\/munzur-daglarindaki-yilki-atlari-goruntulendi\\\/#breadcrumb\",\"itemListElement\":[{\"@type\":\"ListItem\",\"position\":1,\"name\":\"Anasayfa\",\"item\":\"https:\\\/\\\/memurunsesi.net\\\/\"},{\"@type\":\"ListItem\",\"position\":2,\"name\":\"Munzur Da\u011flar\u0131ndaki y\u0131lk\u0131 atlar\u0131 g\u00f6r\u00fcnt\u00fclendi\"}]},{\"@type\":\"WebSite\",\"@id\":\"https:\\\/\\\/memurunsesi.net\\\/#website\",\"url\":\"https:\\\/\\\/memurunsesi.net\\\/\",\"name\":\"Memurun Sesi\",\"description\":\"G\u00fcncel ve Do\u011fru Haber\",\"publisher\":{\"@id\":\"https:\\\/\\\/memurunsesi.net\\\/#organization\"},\"potentialAction\":[{\"@type\":\"SearchAction\",\"target\":{\"@type\":\"EntryPoint\",\"urlTemplate\":\"https:\\\/\\\/memurunsesi.net\\\/?s={search_term_string}\"},\"query-input\":{\"@type\":\"PropertyValueSpecification\",\"valueRequired\":true,\"valueName\":\"search_term_string\"}}],\"inLanguage\":\"tr\"},{\"@type\":\"Organization\",\"@id\":\"https:\\\/\\\/memurunsesi.net\\\/#organization\",\"name\":\"Memurun Sesi\",\"url\":\"https:\\\/\\\/memurunsesi.net\\\/\",\"logo\":{\"@type\":\"ImageObject\",\"inLanguage\":\"tr\",\"@id\":\"https:\\\/\\\/memurunsesi.net\\\/#\\\/schema\\\/logo\\\/image\\\/\",\"url\":\"https:\\\/\\\/memurunsesi.net\\\/wp-content\\\/uploads\\\/2025\\\/11\\\/cropped-MEMURUN-SESI.png\",\"contentUrl\":\"https:\\\/\\\/memurunsesi.net\\\/wp-content\\\/uploads\\\/2025\\\/11\\\/cropped-MEMURUN-SESI.png\",\"width\":238,\"height\":57,\"caption\":\"Memurun Sesi\"},\"image\":{\"@id\":\"https:\\\/\\\/memurunsesi.net\\\/#\\\/schema\\\/logo\\\/image\\\/\"},\"sameAs\":[\"https:\\\/\\\/www.facebook.com\\\/unipersen\\\/?locale=tr_TR\",\"https:\\\/\\\/x.com\\\/unipersen\"]},{\"@type\":\"Person\",\"@id\":\"https:\\\/\\\/memurunsesi.net\\\/#\\\/schema\\\/person\\\/f21c2d73b89f6ee1d80b0a1803e38587\",\"name\":\"Memurun Sesi Haber Merkezi\",\"image\":{\"@type\":\"ImageObject\",\"inLanguage\":\"tr\",\"@id\":\"https:\\\/\\\/secure.gravatar.com\\\/avatar\\\/6cf0505f452ee753f485014986fab09a434671d2b919ee76fc541025c5876a70?s=96&d=mm&r=g\",\"url\":\"https:\\\/\\\/secure.gravatar.com\\\/avatar\\\/6cf0505f452ee753f485014986fab09a434671d2b919ee76fc541025c5876a70?s=96&d=mm&r=g\",\"contentUrl\":\"https:\\\/\\\/secure.gravatar.com\\\/avatar\\\/6cf0505f452ee753f485014986fab09a434671d2b919ee76fc541025c5876a70?s=96&d=mm&r=g\",\"caption\":\"Memurun Sesi Haber Merkezi\"},\"sameAs\":[\"https:\\\/\\\/memurunsesi.net\"],\"url\":\"https:\\\/\\\/memurunsesi.net\\\/index.php\\\/author\\\/uniper\\\/\"}]}<\/script>\n<!-- \/ Yoast SEO plugin. -->","yoast_head_json":{"title":"Munzur Da\u011flar\u0131ndaki y\u0131lk\u0131 atlar\u0131 g\u00f6r\u00fcnt\u00fclendi - Memurun Sesi","robots":{"index":"index","follow":"follow","max-snippet":"max-snippet:-1","max-image-preview":"max-image-preview:large","max-video-preview":"max-video-preview:-1"},"canonical":"https:\/\/memurunsesi.net\/index.php\/2025\/03\/27\/munzur-daglarindaki-yilki-atlari-goruntulendi\/","og_locale":"tr_TR","og_type":"article","og_title":"Munzur Da\u011flar\u0131ndaki y\u0131lk\u0131 atlar\u0131 g\u00f6r\u00fcnt\u00fclendi - Memurun Sesi","og_description":"Erzincan-Tunceli aras\u0131nda bulunan 3300 rak\u0131ml\u0131 Munzur Da\u011flar\u0131&#8217;ndaki y\u0131lk\u0131 atlar\u0131, do\u011fal ya\u015fam alanlar\u0131nda g\u00f6r\u00fcnt\u00fclendi. Munzur Da\u011flar\u0131ndaki y\u0131lk\u0131 atlar\u0131, foto\u011fraf ve do\u011fa tutkunlar\u0131n\u0131n ilgisini \u00e7ekiyor. Yaylada karla kaplanan arazide otlayan y\u0131lk\u0131 atlar\u0131, foto\u011fraf\u00e7\u0131lar taraf\u0131ndan g\u00f6r\u00fcnt\u00fclendi. Toplu gezen y\u0131lk\u0131 atlar\u0131, g\u00fczel g\u00f6r\u00fcnt\u00fcler olu\u015fturdu. 27.03.2025","og_url":"https:\/\/memurunsesi.net\/index.php\/2025\/03\/27\/munzur-daglarindaki-yilki-atlari-goruntulendi\/","og_site_name":"Memurun Sesi","article_publisher":"https:\/\/www.facebook.com\/unipersen\/?locale=tr_TR","article_published_time":"2025-03-27T05:51:23+00:00","og_image":[{"width":1117,"height":620,"url":"https:\/\/memurunsesi.net\/wp-content\/uploads\/2025\/03\/AW420915_01.jpg","type":"image\/jpeg"}],"author":"Memurun Sesi Haber Merkezi","twitter_card":"summary_large_image","twitter_creator":"@unipersen","twitter_site":"@unipersen","twitter_misc":{"Yazan:":"Memurun Sesi Haber Merkezi"},"schema":{"@context":"https:\/\/schema.org","@graph":[{"@type":"Article","@id":"https:\/\/memurunsesi.net\/index.php\/2025\/03\/27\/munzur-daglarindaki-yilki-atlari-goruntulendi\/#article","isPartOf":{"@id":"https:\/\/memurunsesi.net\/index.php\/2025\/03\/27\/munzur-daglarindaki-yilki-atlari-goruntulendi\/"},"author":{"name":"Memurun Sesi Haber Merkezi","@id":"https:\/\/memurunsesi.net\/#\/schema\/person\/f21c2d73b89f6ee1d80b0a1803e38587"},"headline":"Munzur Da\u011flar\u0131ndaki y\u0131lk\u0131 atlar\u0131 g\u00f6r\u00fcnt\u00fclendi","datePublished":"2025-03-27T05:51:23+00:00","mainEntityOfPage":{"@id":"https:\/\/memurunsesi.net\/index.php\/2025\/03\/27\/munzur-daglarindaki-yilki-atlari-goruntulendi\/"},"wordCount":81,"commentCount":0,"publisher":{"@id":"https:\/\/memurunsesi.net\/#organization"},"image":{"@id":"https:\/\/memurunsesi.net\/index.php\/2025\/03\/27\/munzur-daglarindaki-yilki-atlari-goruntulendi\/#primaryimage"},"thumbnailUrl":"https:\/\/memurunsesi.net\/wp-content\/uploads\/2025\/03\/AW420915_01.jpg","articleSection":["T\u00fcm Haberler"],"inLanguage":"tr","potentialAction":[{"@type":"CommentAction","name":"Comment","target":["https:\/\/memurunsesi.net\/index.php\/2025\/03\/27\/munzur-daglarindaki-yilki-atlari-goruntulendi\/#respond"]}]},{"@type":"WebPage","@id":"https:\/\/memurunsesi.net\/index.php\/2025\/03\/27\/munzur-daglarindaki-yilki-atlari-goruntulendi\/","url":"https:\/\/memurunsesi.net\/index.php\/2025\/03\/27\/munzur-daglarindaki-yilki-atlari-goruntulendi\/","name":"Munzur Da\u011flar\u0131ndaki y\u0131lk\u0131 atlar\u0131 g\u00f6r\u00fcnt\u00fclendi - Memurun Sesi","isPartOf":{"@id":"https:\/\/memurunsesi.net\/#website"},"primaryImageOfPage":{"@id":"https:\/\/memurunsesi.net\/index.php\/2025\/03\/27\/munzur-daglarindaki-yilki-atlari-goruntulendi\/#primaryimage"},"image":{"@id":"https:\/\/memurunsesi.net\/index.php\/2025\/03\/27\/munzur-daglarindaki-yilki-atlari-goruntulendi\/#primaryimage"},"thumbnailUrl":"https:\/\/memurunsesi.net\/wp-content\/uploads\/2025\/03\/AW420915_01.jpg","datePublished":"2025-03-27T05:51:23+00:00","breadcrumb":{"@id":"https:\/\/memurunsesi.net\/index.php\/2025\/03\/27\/munzur-daglarindaki-yilki-atlari-goruntulendi\/#breadcrumb"},"inLanguage":"tr","potentialAction":[{"@type":"ReadAction","target":["https:\/\/memurunsesi.net\/index.php\/2025\/03\/27\/munzur-daglarindaki-yilki-atlari-goruntulendi\/"]}]},{"@type":"ImageObject","inLanguage":"tr","@id":"https:\/\/memurunsesi.net\/index.php\/2025\/03\/27\/munzur-daglarindaki-yilki-atlari-goruntulendi\/#primaryimage","url":"https:\/\/memurunsesi.net\/wp-content\/uploads\/2025\/03\/AW420915_01.jpg","contentUrl":"https:\/\/memurunsesi.net\/wp-content\/uploads\/2025\/03\/AW420915_01.jpg","width":1117,"height":620,"caption":"MUNZUR DA\u011eLARINDAK\u0130 YILKI ATLARI G\u00d6R\u00dcNT\u00dcLEND\u0130 (MURAT AYDEM\u0130R\/ERZ\u0130NCAN-\u0130HA) Erzincan-Tunceli aras\u0131nda bulunan 3300 rak\u0131ml\u0131 Munzur Da\u011flar\u0131'ndaki y\u0131lk\u0131 atlar\u0131, do\u011fal ya\u015fam alanlar\u0131nda g\u00f6r\u00fcnt\u00fclendi."},{"@type":"BreadcrumbList","@id":"https:\/\/memurunsesi.net\/index.php\/2025\/03\/27\/munzur-daglarindaki-yilki-atlari-goruntulendi\/#breadcrumb","itemListElement":[{"@type":"ListItem","position":1,"name":"Anasayfa","item":"https:\/\/memurunsesi.net\/"},{"@type":"ListItem","position":2,"name":"Munzur Da\u011flar\u0131ndaki y\u0131lk\u0131 atlar\u0131 g\u00f6r\u00fcnt\u00fclendi"}]},{"@type":"WebSite","@id":"https:\/\/memurunsesi.net\/#website","url":"https:\/\/memurunsesi.net\/","name":"Memurun Sesi","description":"G\u00fcncel ve Do\u011fru Haber","publisher":{"@id":"https:\/\/memurunsesi.net\/#organization"},"potentialAction":[{"@type":"SearchAction","target":{"@type":"EntryPoint","urlTemplate":"https:\/\/memurunsesi.net\/?s={search_term_string}"},"query-input":{"@type":"PropertyValueSpecification","valueRequired":true,"valueName":"search_term_string"}}],"inLanguage":"tr"},{"@type":"Organization","@id":"https:\/\/memurunsesi.net\/#organization","name":"Memurun Sesi","url":"https:\/\/memurunsesi.net\/","logo":{"@type":"ImageObject","inLanguage":"tr","@id":"https:\/\/memurunsesi.net\/#\/schema\/logo\/image\/","url":"https:\/\/memurunsesi.net\/wp-content\/uploads\/2025\/11\/cropped-MEMURUN-SESI.png","contentUrl":"https:\/\/memurunsesi.net\/wp-content\/uploads\/2025\/11\/cropped-MEMURUN-SESI.png","width":238,"height":57,"caption":"Memurun Sesi"},"image":{"@id":"https:\/\/memurunsesi.net\/#\/schema\/logo\/image\/"},"sameAs":["https:\/\/www.facebook.com\/unipersen\/?locale=tr_TR","https:\/\/x.com\/unipersen"]},{"@type":"Person","@id":"https:\/\/memurunsesi.net\/#\/schema\/person\/f21c2d73b89f6ee1d80b0a1803e38587","name":"Memurun Sesi Haber Merkezi","image":{"@type":"ImageObject","inLanguage":"tr","@id":"https:\/\/secure.gravatar.com\/avatar\/6cf0505f452ee753f485014986fab09a434671d2b919ee76fc541025c5876a70?s=96&d=mm&r=g","url":"https:\/\/secure.gravatar.com\/avatar\/6cf0505f452ee753f485014986fab09a434671d2b919ee76fc541025c5876a70?s=96&d=mm&r=g","contentUrl":"https:\/\/secure.gravatar.com\/avatar\/6cf0505f452ee753f485014986fab09a434671d2b919ee76fc541025c5876a70?s=96&d=mm&r=g","caption":"Memurun Sesi Haber Merkezi"},"sameAs":["https:\/\/memurunsesi.net"],"url":"https:\/\/memurunsesi.net\/index.php\/author\/uniper\/"}]}},"_links":{"self":[{"href":"https:\/\/memurunsesi.net\/index.php\/wp-json\/wp\/v2\/posts\/4446","targetHints":{"allow":["GET"]}}],"collection":[{"href":"https:\/\/memurunsesi.net\/index.php\/wp-json\/wp\/v2\/posts"}],"about":[{"href":"https:\/\/memurunsesi.net\/index.php\/wp-json\/wp\/v2\/types\/post"}],"author":[{"embeddable":true,"href":"https:\/\/memurunsesi.net\/index.php\/wp-json\/wp\/v2\/users\/1"}],"replies":[{"embeddable":true,"href":"https:\/\/memurunsesi.net\/index.php\/wp-json\/wp\/v2\/comments?post=4446"}],"version-history":[{"count":1,"href":"https:\/\/memurunsesi.net\/index.php\/wp-json\/wp\/v2\/posts\/4446\/revisions"}],"predecessor-version":[{"id":4448,"href":"https:\/\/memurunsesi.net\/index.php\/wp-json\/wp\/v2\/posts\/4446\/revisions\/4448"}],"wp:featuredmedia":[{"embeddable":true,"href":"https:\/\/memurunsesi.net\/index.php\/wp-json\/wp\/v2\/media\/4447"}],"wp:attachment":[{"href":"https:\/\/memurunsesi.net\/index.php\/wp-json\/wp\/v2\/media?parent=4446"}],"wp:term":[{"taxonomy":"category","embeddable":true,"href":"https:\/\/memurunsesi.net\/index.php\/wp-json\/wp\/v2\/categories?post=4446"},{"taxonomy":"post_tag","embeddable":true,"href":"https:\/\/memurunsesi.net\/index.php\/wp-json\/wp\/v2\/tags?post=4446"}],"curies":[{"name":"wp","href":"https:\/\/api.w.org\/{rel}","templated":true}]}}