{"id":4452,"date":"2025-03-27T08:56:02","date_gmt":"2025-03-27T05:56:02","guid":{"rendered":"https:\/\/memurunsesi.net\/?p=4452"},"modified":"2025-03-27T08:56:02","modified_gmt":"2025-03-27T05:56:02","slug":"enerji-dostu-mavi-yesil-okul","status":"publish","type":"post","link":"https:\/\/memurunsesi.net\/index.php\/2025\/03\/27\/enerji-dostu-mavi-yesil-okul\/","title":{"rendered":"Enerji dostu mavi ye\u015fil okul"},"content":{"rendered":"<p>D\u00fczce Orman \u0130\u015fletme M\u00fcd\u00fcrl\u00fc\u011f\u00fcnce, Uzun Mustafa \u0130lkokulunun \u2018Enerji Dostu Mavi Ye\u015fil Okul&#8217; projesi \u00e7al\u0131\u015fmalar\u0131na katk\u0131da bulunmak amac\u0131yla bir dizi etkinlik d\u00fczenlendi.<br \/>\nProjede 21-26 Mart Orman Haftas\u0131 etkinlikleri \u00e7er\u00e7evesinde Uzun Mustafa \u0130lkokulunda, \u00f6\u011frenci ve velilerine orman sevgisini a\u015f\u0131lamak ve bu bilinci kazand\u0131rmak amac\u0131yla, D\u00fczce Orman \u0130\u015fletme M\u00fcd\u00fcrl\u00fc\u011f\u00fc fidanl\u0131k personeli taraf\u0131ndan \u00e7evre, do\u011fa ve ekolojik okuryazarl\u0131k konular\u0131nda bir e\u011fitim verildi. Daha sonra ise iki grupta olmak \u00fczere, D\u00fczce Orman \u0130\u015fletme M\u00fcd\u00fcrl\u00fc\u011f\u00fc P\u0131nar Fidanl\u0131\u011f\u0131nda fidan dikim etkinli\u011fi ile projeye destek verildi. Fidan dikimi ile sona eren etkinlikte, renkli g\u00f6r\u00fcnt\u00fcleriyle dikkat \u00e7eken gelece\u011fimiz fidanlar\u0131 \u00e7ocuklar\u0131m\u0131z\u0131n mutlulu\u011fu g\u00f6r\u00fclmeye de\u011ferdi.<\/p>\n<p>27.03.2025<\/p>\n","protected":false},"excerpt":{"rendered":"<p>D\u00fczce Orman \u0130\u015fletme M\u00fcd\u00fcrl\u00fc\u011f\u00fcnce, Uzun Mustafa \u0130lkokulunun \u2018Enerji Dostu Mavi Ye\u015fil Okul&#8217; projesi \u00e7al\u0131\u015fmalar\u0131na katk\u0131da bulunmak amac\u0131yla bir dizi etkinlik d\u00fczenlendi. Projede 21-26 Mart Orman Haftas\u0131 etkinlikleri \u00e7er\u00e7evesinde Uzun Mustafa \u0130lkokulunda, \u00f6\u011frenci ve velilerine orman sevgisini a\u015f\u0131lamak ve bu bilinci kazand\u0131rmak amac\u0131yla, D\u00fczce Orman \u0130\u015fletme M\u00fcd\u00fcrl\u00fc\u011f\u00fc fidanl\u0131k personeli taraf\u0131ndan \u00e7evre, do\u011fa ve ekolojik okuryazarl\u0131k konular\u0131nda [&hellip;]<\/p>\n","protected":false},"author":1,"featured_media":4453,"comment_status":"open","ping_status":"open","sticky":false,"template":"","format":"standard","meta":{"footnotes":""},"categories":[1],"tags":[],"class_list":["post-4452","post","type-post","status-publish","format-standard","has-post-thumbnail","hentry","category-genel"],"yoast_head":"<!-- This site is optimized with the Yoast SEO plugin v27.4 - https:\/\/yoast.com\/product\/yoast-seo-wordpress\/ -->\n<title>Enerji dostu mavi ye\u015fil okul - Memurun Sesi<\/title>\n<meta name=\"robots\" content=\"index, follow, max-snippet:-1, max-image-preview:large, max-video-preview:-1\" \/>\n<link rel=\"canonical\" href=\"https:\/\/memurunsesi.net\/index.php\/2025\/03\/27\/enerji-dostu-mavi-yesil-okul\/\" \/>\n<meta property=\"og:locale\" content=\"tr_TR\" \/>\n<meta property=\"og:type\" content=\"article\" \/>\n<meta property=\"og:title\" content=\"Enerji dostu mavi ye\u015fil okul - Memurun Sesi\" \/>\n<meta property=\"og:description\" content=\"D\u00fczce Orman \u0130\u015fletme M\u00fcd\u00fcrl\u00fc\u011f\u00fcnce, Uzun Mustafa \u0130lkokulunun \u2018Enerji Dostu Mavi Ye\u015fil Okul&#8217; projesi \u00e7al\u0131\u015fmalar\u0131na katk\u0131da bulunmak amac\u0131yla bir dizi etkinlik d\u00fczenlendi. Projede 21-26 Mart Orman Haftas\u0131 etkinlikleri \u00e7er\u00e7evesinde Uzun Mustafa \u0130lkokulunda, \u00f6\u011frenci ve velilerine orman sevgisini a\u015f\u0131lamak ve bu bilinci kazand\u0131rmak amac\u0131yla, D\u00fczce Orman \u0130\u015fletme M\u00fcd\u00fcrl\u00fc\u011f\u00fc fidanl\u0131k personeli taraf\u0131ndan \u00e7evre, do\u011fa ve ekolojik okuryazarl\u0131k konular\u0131nda [&hellip;]\" \/>\n<meta property=\"og:url\" content=\"https:\/\/memurunsesi.net\/index.php\/2025\/03\/27\/enerji-dostu-mavi-yesil-okul\/\" \/>\n<meta property=\"og:site_name\" content=\"Memurun Sesi\" \/>\n<meta property=\"article:publisher\" content=\"https:\/\/www.facebook.com\/unipersen\/?locale=tr_TR\" \/>\n<meta property=\"article:published_time\" content=\"2025-03-27T05:56:02+00:00\" \/>\n<meta property=\"og:image\" content=\"https:\/\/memurunsesi.net\/wp-content\/uploads\/2025\/03\/AW420929_01.jpg\" \/>\n\t<meta property=\"og:image:width\" content=\"1350\" \/>\n\t<meta property=\"og:image:height\" content=\"900\" \/>\n\t<meta property=\"og:image:type\" content=\"image\/jpeg\" \/>\n<meta name=\"author\" content=\"Memurun Sesi Haber Merkezi\" \/>\n<meta name=\"twitter:card\" content=\"summary_large_image\" \/>\n<meta name=\"twitter:creator\" content=\"@unipersen\" \/>\n<meta name=\"twitter:site\" content=\"@unipersen\" \/>\n<meta name=\"twitter:label1\" content=\"Yazan:\" \/>\n\t<meta name=\"twitter:data1\" content=\"Memurun Sesi Haber Merkezi\" \/>\n\t<meta name=\"twitter:label2\" content=\"Tahmini okuma s\u00fcresi\" \/>\n\t<meta name=\"twitter:data2\" content=\"1 dakika\" \/>\n<script type=\"application\/ld+json\" class=\"yoast-schema-graph\">{\"@context\":\"https:\\\/\\\/schema.org\",\"@graph\":[{\"@type\":\"Article\",\"@id\":\"https:\\\/\\\/memurunsesi.net\\\/index.php\\\/2025\\\/03\\\/27\\\/enerji-dostu-mavi-yesil-okul\\\/#article\",\"isPartOf\":{\"@id\":\"https:\\\/\\\/memurunsesi.net\\\/index.php\\\/2025\\\/03\\\/27\\\/enerji-dostu-mavi-yesil-okul\\\/\"},\"author\":{\"name\":\"Memurun Sesi Haber Merkezi\",\"@id\":\"https:\\\/\\\/memurunsesi.net\\\/#\\\/schema\\\/person\\\/f21c2d73b89f6ee1d80b0a1803e38587\"},\"headline\":\"Enerji dostu mavi ye\u015fil okul\",\"datePublished\":\"2025-03-27T05:56:02+00:00\",\"mainEntityOfPage\":{\"@id\":\"https:\\\/\\\/memurunsesi.net\\\/index.php\\\/2025\\\/03\\\/27\\\/enerji-dostu-mavi-yesil-okul\\\/\"},\"wordCount\":140,\"commentCount\":0,\"publisher\":{\"@id\":\"https:\\\/\\\/memurunsesi.net\\\/#organization\"},\"image\":{\"@id\":\"https:\\\/\\\/memurunsesi.net\\\/index.php\\\/2025\\\/03\\\/27\\\/enerji-dostu-mavi-yesil-okul\\\/#primaryimage\"},\"thumbnailUrl\":\"https:\\\/\\\/memurunsesi.net\\\/wp-content\\\/uploads\\\/2025\\\/03\\\/AW420929_01.jpg\",\"inLanguage\":\"tr\",\"potentialAction\":[{\"@type\":\"CommentAction\",\"name\":\"Comment\",\"target\":[\"https:\\\/\\\/memurunsesi.net\\\/index.php\\\/2025\\\/03\\\/27\\\/enerji-dostu-mavi-yesil-okul\\\/#respond\"]}]},{\"@type\":\"WebPage\",\"@id\":\"https:\\\/\\\/memurunsesi.net\\\/index.php\\\/2025\\\/03\\\/27\\\/enerji-dostu-mavi-yesil-okul\\\/\",\"url\":\"https:\\\/\\\/memurunsesi.net\\\/index.php\\\/2025\\\/03\\\/27\\\/enerji-dostu-mavi-yesil-okul\\\/\",\"name\":\"Enerji dostu mavi ye\u015fil okul - Memurun Sesi\",\"isPartOf\":{\"@id\":\"https:\\\/\\\/memurunsesi.net\\\/#website\"},\"primaryImageOfPage\":{\"@id\":\"https:\\\/\\\/memurunsesi.net\\\/index.php\\\/2025\\\/03\\\/27\\\/enerji-dostu-mavi-yesil-okul\\\/#primaryimage\"},\"image\":{\"@id\":\"https:\\\/\\\/memurunsesi.net\\\/index.php\\\/2025\\\/03\\\/27\\\/enerji-dostu-mavi-yesil-okul\\\/#primaryimage\"},\"thumbnailUrl\":\"https:\\\/\\\/memurunsesi.net\\\/wp-content\\\/uploads\\\/2025\\\/03\\\/AW420929_01.jpg\",\"datePublished\":\"2025-03-27T05:56:02+00:00\",\"breadcrumb\":{\"@id\":\"https:\\\/\\\/memurunsesi.net\\\/index.php\\\/2025\\\/03\\\/27\\\/enerji-dostu-mavi-yesil-okul\\\/#breadcrumb\"},\"inLanguage\":\"tr\",\"potentialAction\":[{\"@type\":\"ReadAction\",\"target\":[\"https:\\\/\\\/memurunsesi.net\\\/index.php\\\/2025\\\/03\\\/27\\\/enerji-dostu-mavi-yesil-okul\\\/\"]}]},{\"@type\":\"ImageObject\",\"inLanguage\":\"tr\",\"@id\":\"https:\\\/\\\/memurunsesi.net\\\/index.php\\\/2025\\\/03\\\/27\\\/enerji-dostu-mavi-yesil-okul\\\/#primaryimage\",\"url\":\"https:\\\/\\\/memurunsesi.net\\\/wp-content\\\/uploads\\\/2025\\\/03\\\/AW420929_01.jpg\",\"contentUrl\":\"https:\\\/\\\/memurunsesi.net\\\/wp-content\\\/uploads\\\/2025\\\/03\\\/AW420929_01.jpg\",\"width\":1350,\"height\":900,\"caption\":\"D\u00dcZCE ORMAN \u0130\u015eLETME M\u00dcD\u00dcRL\u00dc\u011e\u00dcNCE, UZUN MUSTAFA \u0130LKOKULUNUN 'ENERJ\u0130 DOSTU MAV\u0130 YE\u015e\u0130L OKUL' PROJES\u0130 \u00c7ALI\u015eMALARINA KATKIDA BULUNMAK AMACIYLA B\u0130R D\u0130Z\u0130 ETK\u0130NL\u0130K D\u00dcZENLEND\u0130. (AL\u0130 YILDIZ\\\/D\u00dcZCE-\u0130HA) D\u00fczce Orman \u0130\u015fletme M\u00fcd\u00fcrl\u00fc\u011f\u00fcnce, Uzun Mustafa \u0130lkokulunun 'Enerji Dostu Mavi Ye\u015fil Okul' projesi \u00e7al\u0131\u015fmalar\u0131na katk\u0131da bulunmak amac\u0131yla bir dizi etkinlik d\u00fczenlendi.\"},{\"@type\":\"BreadcrumbList\",\"@id\":\"https:\\\/\\\/memurunsesi.net\\\/index.php\\\/2025\\\/03\\\/27\\\/enerji-dostu-mavi-yesil-okul\\\/#breadcrumb\",\"itemListElement\":[{\"@type\":\"ListItem\",\"position\":1,\"name\":\"Anasayfa\",\"item\":\"https:\\\/\\\/memurunsesi.net\\\/\"},{\"@type\":\"ListItem\",\"position\":2,\"name\":\"Enerji dostu mavi ye\u015fil okul\"}]},{\"@type\":\"WebSite\",\"@id\":\"https:\\\/\\\/memurunsesi.net\\\/#website\",\"url\":\"https:\\\/\\\/memurunsesi.net\\\/\",\"name\":\"Memurun Sesi\",\"description\":\"G\u00fcncel ve Do\u011fru Haber\",\"publisher\":{\"@id\":\"https:\\\/\\\/memurunsesi.net\\\/#organization\"},\"potentialAction\":[{\"@type\":\"SearchAction\",\"target\":{\"@type\":\"EntryPoint\",\"urlTemplate\":\"https:\\\/\\\/memurunsesi.net\\\/?s={search_term_string}\"},\"query-input\":{\"@type\":\"PropertyValueSpecification\",\"valueRequired\":true,\"valueName\":\"search_term_string\"}}],\"inLanguage\":\"tr\"},{\"@type\":\"Organization\",\"@id\":\"https:\\\/\\\/memurunsesi.net\\\/#organization\",\"name\":\"Memurun Sesi\",\"url\":\"https:\\\/\\\/memurunsesi.net\\\/\",\"logo\":{\"@type\":\"ImageObject\",\"inLanguage\":\"tr\",\"@id\":\"https:\\\/\\\/memurunsesi.net\\\/#\\\/schema\\\/logo\\\/image\\\/\",\"url\":\"https:\\\/\\\/memurunsesi.net\\\/wp-content\\\/uploads\\\/2025\\\/11\\\/cropped-MEMURUN-SESI.png\",\"contentUrl\":\"https:\\\/\\\/memurunsesi.net\\\/wp-content\\\/uploads\\\/2025\\\/11\\\/cropped-MEMURUN-SESI.png\",\"width\":238,\"height\":57,\"caption\":\"Memurun Sesi\"},\"image\":{\"@id\":\"https:\\\/\\\/memurunsesi.net\\\/#\\\/schema\\\/logo\\\/image\\\/\"},\"sameAs\":[\"https:\\\/\\\/www.facebook.com\\\/unipersen\\\/?locale=tr_TR\",\"https:\\\/\\\/x.com\\\/unipersen\"]},{\"@type\":\"Person\",\"@id\":\"https:\\\/\\\/memurunsesi.net\\\/#\\\/schema\\\/person\\\/f21c2d73b89f6ee1d80b0a1803e38587\",\"name\":\"Memurun Sesi Haber Merkezi\",\"image\":{\"@type\":\"ImageObject\",\"inLanguage\":\"tr\",\"@id\":\"https:\\\/\\\/secure.gravatar.com\\\/avatar\\\/6cf0505f452ee753f485014986fab09a434671d2b919ee76fc541025c5876a70?s=96&d=mm&r=g\",\"url\":\"https:\\\/\\\/secure.gravatar.com\\\/avatar\\\/6cf0505f452ee753f485014986fab09a434671d2b919ee76fc541025c5876a70?s=96&d=mm&r=g\",\"contentUrl\":\"https:\\\/\\\/secure.gravatar.com\\\/avatar\\\/6cf0505f452ee753f485014986fab09a434671d2b919ee76fc541025c5876a70?s=96&d=mm&r=g\",\"caption\":\"Memurun Sesi Haber Merkezi\"},\"sameAs\":[\"https:\\\/\\\/memurunsesi.net\"],\"url\":\"https:\\\/\\\/memurunsesi.net\\\/index.php\\\/author\\\/uniper\\\/\"}]}<\/script>\n<!-- \/ Yoast SEO plugin. -->","yoast_head_json":{"title":"Enerji dostu mavi ye\u015fil okul - Memurun Sesi","robots":{"index":"index","follow":"follow","max-snippet":"max-snippet:-1","max-image-preview":"max-image-preview:large","max-video-preview":"max-video-preview:-1"},"canonical":"https:\/\/memurunsesi.net\/index.php\/2025\/03\/27\/enerji-dostu-mavi-yesil-okul\/","og_locale":"tr_TR","og_type":"article","og_title":"Enerji dostu mavi ye\u015fil okul - Memurun Sesi","og_description":"D\u00fczce Orman \u0130\u015fletme M\u00fcd\u00fcrl\u00fc\u011f\u00fcnce, Uzun Mustafa \u0130lkokulunun \u2018Enerji Dostu Mavi Ye\u015fil Okul&#8217; projesi \u00e7al\u0131\u015fmalar\u0131na katk\u0131da bulunmak amac\u0131yla bir dizi etkinlik d\u00fczenlendi. Projede 21-26 Mart Orman Haftas\u0131 etkinlikleri \u00e7er\u00e7evesinde Uzun Mustafa \u0130lkokulunda, \u00f6\u011frenci ve velilerine orman sevgisini a\u015f\u0131lamak ve bu bilinci kazand\u0131rmak amac\u0131yla, D\u00fczce Orman \u0130\u015fletme M\u00fcd\u00fcrl\u00fc\u011f\u00fc fidanl\u0131k personeli taraf\u0131ndan \u00e7evre, do\u011fa ve ekolojik okuryazarl\u0131k konular\u0131nda [&hellip;]","og_url":"https:\/\/memurunsesi.net\/index.php\/2025\/03\/27\/enerji-dostu-mavi-yesil-okul\/","og_site_name":"Memurun Sesi","article_publisher":"https:\/\/www.facebook.com\/unipersen\/?locale=tr_TR","article_published_time":"2025-03-27T05:56:02+00:00","og_image":[{"width":1350,"height":900,"url":"https:\/\/memurunsesi.net\/wp-content\/uploads\/2025\/03\/AW420929_01.jpg","type":"image\/jpeg"}],"author":"Memurun Sesi Haber Merkezi","twitter_card":"summary_large_image","twitter_creator":"@unipersen","twitter_site":"@unipersen","twitter_misc":{"Yazan:":"Memurun Sesi Haber Merkezi","Tahmini okuma s\u00fcresi":"1 dakika"},"schema":{"@context":"https:\/\/schema.org","@graph":[{"@type":"Article","@id":"https:\/\/memurunsesi.net\/index.php\/2025\/03\/27\/enerji-dostu-mavi-yesil-okul\/#article","isPartOf":{"@id":"https:\/\/memurunsesi.net\/index.php\/2025\/03\/27\/enerji-dostu-mavi-yesil-okul\/"},"author":{"name":"Memurun Sesi Haber Merkezi","@id":"https:\/\/memurunsesi.net\/#\/schema\/person\/f21c2d73b89f6ee1d80b0a1803e38587"},"headline":"Enerji dostu mavi ye\u015fil okul","datePublished":"2025-03-27T05:56:02+00:00","mainEntityOfPage":{"@id":"https:\/\/memurunsesi.net\/index.php\/2025\/03\/27\/enerji-dostu-mavi-yesil-okul\/"},"wordCount":140,"commentCount":0,"publisher":{"@id":"https:\/\/memurunsesi.net\/#organization"},"image":{"@id":"https:\/\/memurunsesi.net\/index.php\/2025\/03\/27\/enerji-dostu-mavi-yesil-okul\/#primaryimage"},"thumbnailUrl":"https:\/\/memurunsesi.net\/wp-content\/uploads\/2025\/03\/AW420929_01.jpg","inLanguage":"tr","potentialAction":[{"@type":"CommentAction","name":"Comment","target":["https:\/\/memurunsesi.net\/index.php\/2025\/03\/27\/enerji-dostu-mavi-yesil-okul\/#respond"]}]},{"@type":"WebPage","@id":"https:\/\/memurunsesi.net\/index.php\/2025\/03\/27\/enerji-dostu-mavi-yesil-okul\/","url":"https:\/\/memurunsesi.net\/index.php\/2025\/03\/27\/enerji-dostu-mavi-yesil-okul\/","name":"Enerji dostu mavi ye\u015fil okul - Memurun Sesi","isPartOf":{"@id":"https:\/\/memurunsesi.net\/#website"},"primaryImageOfPage":{"@id":"https:\/\/memurunsesi.net\/index.php\/2025\/03\/27\/enerji-dostu-mavi-yesil-okul\/#primaryimage"},"image":{"@id":"https:\/\/memurunsesi.net\/index.php\/2025\/03\/27\/enerji-dostu-mavi-yesil-okul\/#primaryimage"},"thumbnailUrl":"https:\/\/memurunsesi.net\/wp-content\/uploads\/2025\/03\/AW420929_01.jpg","datePublished":"2025-03-27T05:56:02+00:00","breadcrumb":{"@id":"https:\/\/memurunsesi.net\/index.php\/2025\/03\/27\/enerji-dostu-mavi-yesil-okul\/#breadcrumb"},"inLanguage":"tr","potentialAction":[{"@type":"ReadAction","target":["https:\/\/memurunsesi.net\/index.php\/2025\/03\/27\/enerji-dostu-mavi-yesil-okul\/"]}]},{"@type":"ImageObject","inLanguage":"tr","@id":"https:\/\/memurunsesi.net\/index.php\/2025\/03\/27\/enerji-dostu-mavi-yesil-okul\/#primaryimage","url":"https:\/\/memurunsesi.net\/wp-content\/uploads\/2025\/03\/AW420929_01.jpg","contentUrl":"https:\/\/memurunsesi.net\/wp-content\/uploads\/2025\/03\/AW420929_01.jpg","width":1350,"height":900,"caption":"D\u00dcZCE ORMAN \u0130\u015eLETME M\u00dcD\u00dcRL\u00dc\u011e\u00dcNCE, UZUN MUSTAFA \u0130LKOKULUNUN 'ENERJ\u0130 DOSTU MAV\u0130 YE\u015e\u0130L OKUL' PROJES\u0130 \u00c7ALI\u015eMALARINA KATKIDA BULUNMAK AMACIYLA B\u0130R D\u0130Z\u0130 ETK\u0130NL\u0130K D\u00dcZENLEND\u0130. (AL\u0130 YILDIZ\/D\u00dcZCE-\u0130HA) D\u00fczce Orman \u0130\u015fletme M\u00fcd\u00fcrl\u00fc\u011f\u00fcnce, Uzun Mustafa \u0130lkokulunun 'Enerji Dostu Mavi Ye\u015fil Okul' projesi \u00e7al\u0131\u015fmalar\u0131na katk\u0131da bulunmak amac\u0131yla bir dizi etkinlik d\u00fczenlendi."},{"@type":"BreadcrumbList","@id":"https:\/\/memurunsesi.net\/index.php\/2025\/03\/27\/enerji-dostu-mavi-yesil-okul\/#breadcrumb","itemListElement":[{"@type":"ListItem","position":1,"name":"Anasayfa","item":"https:\/\/memurunsesi.net\/"},{"@type":"ListItem","position":2,"name":"Enerji dostu mavi ye\u015fil okul"}]},{"@type":"WebSite","@id":"https:\/\/memurunsesi.net\/#website","url":"https:\/\/memurunsesi.net\/","name":"Memurun Sesi","description":"G\u00fcncel ve Do\u011fru Haber","publisher":{"@id":"https:\/\/memurunsesi.net\/#organization"},"potentialAction":[{"@type":"SearchAction","target":{"@type":"EntryPoint","urlTemplate":"https:\/\/memurunsesi.net\/?s={search_term_string}"},"query-input":{"@type":"PropertyValueSpecification","valueRequired":true,"valueName":"search_term_string"}}],"inLanguage":"tr"},{"@type":"Organization","@id":"https:\/\/memurunsesi.net\/#organization","name":"Memurun Sesi","url":"https:\/\/memurunsesi.net\/","logo":{"@type":"ImageObject","inLanguage":"tr","@id":"https:\/\/memurunsesi.net\/#\/schema\/logo\/image\/","url":"https:\/\/memurunsesi.net\/wp-content\/uploads\/2025\/11\/cropped-MEMURUN-SESI.png","contentUrl":"https:\/\/memurunsesi.net\/wp-content\/uploads\/2025\/11\/cropped-MEMURUN-SESI.png","width":238,"height":57,"caption":"Memurun Sesi"},"image":{"@id":"https:\/\/memurunsesi.net\/#\/schema\/logo\/image\/"},"sameAs":["https:\/\/www.facebook.com\/unipersen\/?locale=tr_TR","https:\/\/x.com\/unipersen"]},{"@type":"Person","@id":"https:\/\/memurunsesi.net\/#\/schema\/person\/f21c2d73b89f6ee1d80b0a1803e38587","name":"Memurun Sesi Haber Merkezi","image":{"@type":"ImageObject","inLanguage":"tr","@id":"https:\/\/secure.gravatar.com\/avatar\/6cf0505f452ee753f485014986fab09a434671d2b919ee76fc541025c5876a70?s=96&d=mm&r=g","url":"https:\/\/secure.gravatar.com\/avatar\/6cf0505f452ee753f485014986fab09a434671d2b919ee76fc541025c5876a70?s=96&d=mm&r=g","contentUrl":"https:\/\/secure.gravatar.com\/avatar\/6cf0505f452ee753f485014986fab09a434671d2b919ee76fc541025c5876a70?s=96&d=mm&r=g","caption":"Memurun Sesi Haber Merkezi"},"sameAs":["https:\/\/memurunsesi.net"],"url":"https:\/\/memurunsesi.net\/index.php\/author\/uniper\/"}]}},"_links":{"self":[{"href":"https:\/\/memurunsesi.net\/index.php\/wp-json\/wp\/v2\/posts\/4452","targetHints":{"allow":["GET"]}}],"collection":[{"href":"https:\/\/memurunsesi.net\/index.php\/wp-json\/wp\/v2\/posts"}],"about":[{"href":"https:\/\/memurunsesi.net\/index.php\/wp-json\/wp\/v2\/types\/post"}],"author":[{"embeddable":true,"href":"https:\/\/memurunsesi.net\/index.php\/wp-json\/wp\/v2\/users\/1"}],"replies":[{"embeddable":true,"href":"https:\/\/memurunsesi.net\/index.php\/wp-json\/wp\/v2\/comments?post=4452"}],"version-history":[{"count":1,"href":"https:\/\/memurunsesi.net\/index.php\/wp-json\/wp\/v2\/posts\/4452\/revisions"}],"predecessor-version":[{"id":4454,"href":"https:\/\/memurunsesi.net\/index.php\/wp-json\/wp\/v2\/posts\/4452\/revisions\/4454"}],"wp:featuredmedia":[{"embeddable":true,"href":"https:\/\/memurunsesi.net\/index.php\/wp-json\/wp\/v2\/media\/4453"}],"wp:attachment":[{"href":"https:\/\/memurunsesi.net\/index.php\/wp-json\/wp\/v2\/media?parent=4452"}],"wp:term":[{"taxonomy":"category","embeddable":true,"href":"https:\/\/memurunsesi.net\/index.php\/wp-json\/wp\/v2\/categories?post=4452"},{"taxonomy":"post_tag","embeddable":true,"href":"https:\/\/memurunsesi.net\/index.php\/wp-json\/wp\/v2\/tags?post=4452"}],"curies":[{"name":"wp","href":"https:\/\/api.w.org\/{rel}","templated":true}]}}