{"id":4455,"date":"2025-03-27T09:02:06","date_gmt":"2025-03-27T06:02:06","guid":{"rendered":"https:\/\/memurunsesi.net\/?p=4455"},"modified":"2025-03-27T09:02:06","modified_gmt":"2025-03-27T06:02:06","slug":"kayseri-universitesi-rektorlugunden-2","status":"publish","type":"post","link":"https:\/\/memurunsesi.net\/index.php\/2025\/03\/27\/kayseri-universitesi-rektorlugunden-2\/","title":{"rendered":"Kayseri \u00dcniversitesi Rekt\u00f6rl\u00fc\u011f\u00fcnden"},"content":{"rendered":"<div>\u00dcniversitemiz birimlerine, 2547 say\u0131l\u0131 Y\u00fcksek\u00f6\u011fretim Kanunu ve 09\/11\/2018 tarihli ve 30590 say\u0131l\u0131 Resm\u00ee Gazete\u2019de yay\u0131mlanan \u201c\u00d6\u011fretim \u00dcyesi D\u0131\u015f\u0131ndaki \u00a0\u00d6\u011fretim Eleman\u0131 Kadrolar\u0131na Yap\u0131lacak Atamalarda Uygulanacak Merkezi S\u0131nav ile Giri\u015f S\u0131navlar\u0131na \u0130li\u015fkin Usul ve Esaslar Hakk\u0131nda Y\u00f6netmelik\u201d h\u00fck\u00fcmleri \u00e7er\u00e7evesinde \u00f6\u011fretim elemanlar\u0131 al\u0131nacakt\u0131r.<\/div>\n<p><strong>\u00d6n De\u011ferlendirme Tarihi\u00a0\u00a0 \u00a015.04.2025<br \/>\nS\u0131nav Tarihi\u00a0\u00a0 \u00a018.04.2025<br \/>\nSonu\u00e7lar\u0131n A\u00e7\u0131klanaca\u011f\u0131 Tarih\u00a0\u00a0 \u00a023.04.2025\u00a0\u00a0\u00a0<\/strong><\/p>\n<p><strong>A- GENEL \u015eARTLAR<\/strong><\/p>\n<div>657 say\u0131l\u0131 Devlet Memurlar\u0131 Kanunu\u2019nun 48 inci maddesinde belirtilen \u015fartlar\u0131 ta\u015f\u0131mak,<br \/>\n&#8211; ALES\u2019ten en az 70 puan alm\u0131\u015f olmak gerekir. Merkezi s\u0131nav muafiyetinden yararlanmay\u0131 talep edenlerin \u00f6n de\u011ferlendirme ve nihai de\u011ferlendirme a\u015famala r\u0131nda ALES puan\u0131 70 olarak kabul edilir.<br \/>\n(\u00d6\u011fretim \u00fcyesi d\u0131\u015f\u0131ndaki \u00f6\u011fretim eleman\u0131 kadrolar\u0131na naklen veya a\u00e7\u0131ktan yap\u0131lan her t\u00fcrl\u00fc atamada ALES\u2019 ten en az 70 puan alm\u0131\u015f olmak. \u00d6\u011fretim g\u00f6revlisi kadrolar\u0131na \u00a0ba\u015fvurularda; \u00a0aday\u0131n, \u00a0lisans \u00a0mezuniyeti \u00a0hangi alanda \u00a0ise \u00a0o \u00a0alandaki \u00a0ALES \u00a0puan \u00a0t\u00fcr\u00fcnden \u00a0ya \u00a0da \u00a0ilan \u00a0edilen \u00a0b\u00f6l\u00fcm\/ana \u00a0bilim dal\u0131 \u00a0\/ program hangi alandan \u00f6\u011frenci al\u0131yorsa o alandaki ALES puan t\u00fcr\u00fcnden, \u00f6zel yetenekle \u00f6\u011frenci alan programlar ile yabanc\u0131 dil puan\u0131 ile \u00f6\u011frenci alan programlardan \u00a0mezun \u00a0olanlar\u0131n \u00a0\u00f6\u011fretim \u00a0\u00fcyesi \u00a0d\u0131\u015f\u0131ndaki \u00a0\u00f6\u011fretim \u00a0eleman\u0131 \u00a0kadrolar\u0131na \u00a0ba\u015fvurularda \u00a0herhangi \u00a0bir \u00a0ALES \u00a0puan \u00a0t\u00fcr\u00fcnden, \u00a0a\u00e7\u0131k\u00f6\u011fretim programlar\u0131ndan mezun olanlar\u0131n, ara\u015ft\u0131rma g\u00f6revlisi hari\u00e7 \u00f6\u011fretim \u00fcyesi d\u0131\u015f\u0131ndaki \u00f6\u011fretim eleman\u0131 kadrolar\u0131na ba\u015fvurular\u0131nda; mezun olduklar\u0131 program\u0131n \u00f6rg\u00fcn e\u011fitimle \u00f6\u011frenci ald\u0131\u011f\u0131 alandaki ALES puan t\u00fcr\u00fcnden veya ilan edilen b\u00f6l\u00fcm\/ ana bilim dal\u0131 hangi alandan \u00f6\u011frenci al\u0131yorsa o alandaki ALES puan t\u00fcr\u00fcnden, \u00f6\u011fretim \u00fcyesi d\u0131\u015f\u0131ndaki \u00f6\u011fretim eleman\u0131 kadrolar\u0131na ba\u015fvurular\u0131nda alan t\u00fcr\u00fc de\u011fi\u015fen lisans programlar\u0131ndan mezun olanlar\u0131n, lisans \u00f6\u011frenimine ba\u015flad\u0131klar\u0131 alandaki ALES puan t\u00fcr\u00fcn\u00fc veya mezun olanlar\u0131n, lisans \u00f6\u011frenimine ba\u015flad\u0131klar\u0131 alandaki ALES puan t\u00fcr\u00fcn\u00fc veya mezun olduklar\u0131 program\u0131n ilan tarihinde \u00f6\u011frenci ald\u0131\u011f\u0131 alandaki ALES puan t\u00fcr\u00fcnden)<\/p>\n<p>&#8211; \u00a0 \u00d6n de\u011ferlendirme ve nihai de\u011ferlendirme a\u015famalar\u0131nda lisans mezuniyet notunun hesaplanmas\u0131nda kullan\u0131lacak 4\u2019l\u00fck ve 5\u2019lik not sistemlerinin 100\u2019l\u00fck not sistemine e\u015fde\u011ferli\u011finde Y\u00fcksek\u00f6\u011fretim Kurulu Ba\u015fkanl\u0131\u011f\u0131\u2019n\u0131n web sayfas\u0131nda yer alan e\u015fde\u011ferlilik tablosu kullan\u0131lacakt\u0131r.<br \/>\n&#8211; \u00a0 Transkriptlerde sadece y\u00fczl\u00fck not sistemi olmas\u0131 halinde y\u00fczl\u00fck not kullan\u0131lacakt\u0131r.<br \/>\n&#8211; \u00a0 Transkriptte 4\u2019l\u00fck ve 100\u2019l\u00fck not sistemi veya 5\u2019lik ve 100\u2019l\u00fck not sisteminin birlikte olmas\u0131 halinde; 4\u2019l\u00fck ve 5\u2019lik not sistemlerinin 100\u2019l\u00fck not sistemine e\u015fde\u011ferli\u011finde Y\u00fcksek\u00f6\u011fretim Kurulu Ba\u015fkanl\u0131\u011f\u0131\u2019n\u0131n web sayfas\u0131nda yer alan e\u015fde\u011ferlilik tablosu kullan\u0131lacakt\u0131r.<br \/>\n&#8211; \u00a0 Tecr\u00fcbe \u015fart\u0131 istenen ilanlar i\u00e7in; adaylar\u0131n ba\u015fvuru evraklar\u0131na ilanda istenilen alanda \u00e7al\u0131\u015ft\u0131\u011f\u0131n\u0131 belgelemesi gerekir. (Tecr\u00fcbe s\u00fcresinde lisans mezuniyetinden sonraki s\u00fcreler esas al\u0131nacakt\u0131r.)<br \/>\n&#8211; \u00a0 \u0130landa belirtilen \u00f6zel \u015fartlar\u0131 ta\u015f\u0131mak.<br \/>\n&#8211; \u00a0 \u00d6\u011fretim \u00dcyesi D\u0131\u015f\u0131ndaki \u00d6\u011fretim Eleman\u0131 Kadrolar\u0131na Yap\u0131lacak Atamalarda Uygulanacak Merkezi S\u0131nav ile Giri\u015f S\u0131navlar\u0131na \u0130li\u015fkin Usul ve Esaslar Hakk\u0131nda Y\u00f6netmelik h\u00fck\u00fcmleri uygulanacakt\u0131r. Y\u00f6netmelik i\u00e7in \u00a0 \u00a0<strong><a href=\"https:\/\/www.mevzuat.gov.tr\/mevzuat?MevzuatNo=28947&amp;Mevzuat%20Tur=7&amp;MevzuatTertip=5\" target=\"_blank\" rel=\"noopener\">https:\/\/www.mevzuat.gov.tr\/mevzuat?MevzuatNo=28947&amp;Mevzuat Tur=7&amp;MevzuatTertip=5<\/a><\/p>\n<p>Muafiyet<\/strong><br \/>\n&#8211; \u00a0 Doktora veya t\u0131pta, di\u015f hekimli\u011finde, eczac\u0131l\u0131kta ve veteriner hekimlikte uzmanl\u0131k ya da sanatta yeterlik e\u011fitimini tamamlam\u0131\u015f olanlarda, (De\u011fi\u015fik ibare:RG-3\/3\/2022- 31767) 7 \u00a0nci \u00a0maddenin \u00a0d\u00f6rd\u00fcnc\u00fc \u00a0ve \u00a0be\u015finci \u00a0f\u0131kralar\u0131 kapsam\u0131ndaki \u00a0\u00f6\u011fretim g\u00f6revlisi \u00a0kadrolar\u0131na \u00a0atanacak \u00a0olanlarda, \u00a0y\u00fcksek\u00f6\u011fretim kurumlar\u0131nda \u00a0 \u00f6\u011fretim \u00a0 eleman\u0131 \u00a0 kadrolar\u0131nda \u00a0 \u00e7al\u0131\u015fm\u0131\u015f \u00a0 veya \u00a0 \u00e7al\u0131\u015fmakta \u00a0 olanlarda \u00a0 (Ek \u00a0 ibare:RG-7\/1\/2023-32066) \u00a0 uluslararas\u0131 \u00a0 anla\u015fmalarla \u00a0 kurulan \u00fcniversitelerde Almanca \u00a0ve \u00a0Frans\u0131zca \u00a0\u00f6\u011fretimi \u00a0i\u00e7in \u00a0istihdam \u00a0edilecek \u00a0Y\u00fcksek\u00f6\u011fretim \u00a0Kurumlar\u0131nda \u00a0Yabanc\u0131 \u00a0Dil \u00a0\u00d6\u011fretimi \u00a0ve \u00a0Yabanc\u0131 \u00a0Dille \u00a0\u00d6\u011fretim Yap\u0131lmas\u0131nda \u00a0Uyulacak Esaslara \u00a0\u0130li\u015fkin Y\u00f6netmeli\u011fin \u00a08 \u00a0inci \u00a0maddesinin \u00a0yedinci \u00a0f\u0131kras\u0131ndaki \u00a0\u015fartlardan \u00a0a\u015fa\u011f\u0131 \u00a0olmamak \u00a0kayd\u0131yla \u00a0Senato \u00a0taraf\u0131ndan belirlenecek ilgili yabanc\u0131 dili \u00f6\u011fretme bilgi ve yetkinli\u011fine sahip \u00f6\u011fretim g\u00f6revlisi adaylar\u0131nda merkezi s\u0131nav \u015fart\u0131 aranmaz.<br \/>\n&#8211; \u00a0 Meslek \u00a0y\u00fcksekokullar\u0131n\u0131n, \u00a0bu \u00a0Y\u00f6netmeli\u011fin \u00a06 \u00a0nc\u0131 \u00a0maddesinin \u00a0d\u00f6rd\u00fcnc\u00fc \u00a0f\u0131kras\u0131 \u00a0kapsam\u0131ndaki \u00a0\u00f6\u011fretim \u00a0g\u00f6revlisi \u00a0kadrolar\u0131 \u00a0haricindeki \u00a0\u00f6\u011fretim eleman\u0131 kadrolar\u0131na yap\u0131lacak ba\u015fvurularda yabanc\u0131 dil \u015fart\u0131 aranmaz.<\/p>\n<p><strong>BA\u015eVURMA YER\u0130 VE \u0130STENEN BELGELER<\/strong><br \/>\n1- Ba\u015fvuru Dilek\u00e7esi (Ba\u015fvuru Dilek\u00e7esi \u00dcniversitemiz web sayfas\u0131na duyuru metni ile birlikte eklenecektir.)<br \/>\n2- \u00d6zge\u00e7mi\u015f ve varsa yay\u0131n listesi<br \/>\n3- Lisans Diplomas\u0131\/Mezuniyet Belgesi Fotokopisi<br \/>\n4- \u0130lan Edilen Kadroya Ba\u011fl\u0131 Olarak, YL, Doktora \u00d6\u011frenim Durum Belgesi\/ Mezuniyet Belgesi<br \/>\n5- Lisans Transkript Belgesi Fotokopisi<br \/>\n6- ALES Belgesi<br \/>\n7- N\u00fcfus C\u00fczdan Fotokopisi<br \/>\n8- 2 Adet Vesikal\u0131k Foto\u011fraf (Son Alt\u0131 Ay \u0130\u00e7inde \u00c7ekilmi\u015f)<br \/>\n9- Tecr\u00fcbe Belgesi (\u0130lan Edilen Kadroya Ba\u011fl\u0131 Olarak \u0130landa \u0130stenen Birimler \u0130\u00e7in)<br \/>\n10- Askerlikle \u0130li\u015fi\u011fi Olmad\u0131\u011f\u0131na Dair Askerlik Durum Belgesi (Erkek Adaylar \u0130\u00e7in)<br \/>\n11- Hizmet Belgesi (Daha \u00d6nce Kamuda Hizmeti Olanlar \u0130\u00e7in)<\/p>\n<p><strong>NOT:<\/strong>\u00a0Atamaya hak kazanan adaylardan, atama \u00f6ncesi belgelerin as\u0131llar\u0131n\u0131n elektronik imzal\u0131\/\u0131slak imzal\u0131 hali istenecektir. Belgelerin as\u0131llar\u0131n\u0131 ibraz edemeyen adaylar\u0131n atamalar\u0131 yap\u0131lmayacakt\u0131r. Ba\u015fvuruda bulunan adaylar yaln\u0131z bir kadroya m\u00fcracaatta bulunabilirler. Birden fazla kadroya m\u00fcracaat eden adaylar\u0131n t\u00fcm ba\u015fvurular\u0131 ge\u00e7ersiz say\u0131lacakt\u0131r.<br \/>\n\u0130stenilen belgelerde ger\u00e7e\u011fe ayk\u0131r\u0131 beyanda bulundu\u011fu tespit edilenlerin s\u0131nav\u0131 ge\u00e7ersiz say\u0131lacak ve atamalar\u0131 yap\u0131lmayacakt\u0131r. Bunlar\u0131n atamalar\u0131 yap\u0131lm\u0131\u015f olsa dahi iptal edilecek ve hi\u00e7bir hak talep edemeyeceklerdir.<br \/>\nAdaylar ba\u015fvurular\u0131n\u0131 \u201cKayseri \u00dcniversitesi Rekt\u00f6rl\u00fc\u011f\u00fc (15 Temmuz Yerle\u015fkesi) i\u00e7erisinde yer alan REKT\u00d6RL\u00dcK EVRAK KAYIT B\u0130R\u0130M\u0130NE dosya \u00a0i\u00e7erisinde \u00a0\u015fahsen veya posta yoluyla \u00a0yapabilirler. \u00a0Ba\u015fvuru \u00a0esnas\u0131nda evrak \u00a0kontrol\u00fc \u00a0yap\u0131lmayacak \u00a0olup; \u00a0ba\u015fvuru \u00a0evraklar\u0131n\u0131n \u00a0eksiksiz \u00a0olmas\u0131 gerekmektedir. \u00a0(\u0130landa \u00a0istenen \u00a0t\u00fcm \u015fartlar\u0131n belgelendirilmesi \u00f6nem \u00a0arzetmektedir.) S\u00fcresi i\u00e7inde yap\u0131lmayan, postadaki gecikmeler ile eksik belgeli ba\u015fvurular dikkate al\u0131nmayacakt\u0131r.<\/p>\n<p><strong>BA\u015eVURU EVRAKLARI \u0130ADE ED\u0130LMEYECEKT\u0130R.<\/strong><br \/>\ne-Devlet \u00fczerinden al\u0131nan belgeler de ge\u00e7erlidir.<\/p>\n<p><strong>\u00a0\u00d6NEML\u0130 NOT:<\/strong><br \/>\n&#8211; \u00a0 \u0130lan takviminde olas\u0131 yap\u0131lacak de\u011fi\u015fiklikler, \u00dcniversitemiz web sitesinde ilan edilecektir. (Bu konuda \u00dcniversitemiz web sayfas\u0131nda yap\u0131lacak olan t\u00fcm duyurular adaylara tebli\u011f mahiyetinde olup, ayr\u0131ca tebligat yap\u0131lmayacakt\u0131r.) \u0130lk ba\u015fvuru tarihi ilan\u0131n Resm\u00ee Gazete\u2019de yay\u0131mlanma tarihi olarak esas al\u0131nacakt\u0131r. Olas\u0131 gecikme halinde adaylara en az 15 g\u00fcnl\u00fck ba\u015fvuru s\u00fcresi tan\u0131nacakt\u0131r.<br \/>\n&#8211; \u00a0 Gerekli g\u00f6r\u00fclmesi halinde ilan\u0131n her safhas\u0131nda Rekt\u00f6rl\u00fc\u011f\u00fcm\u00fczce ilanda de\u011fi\u015fiklik ve ilan iptali yap\u0131labilir.<br \/>\n&#8211; \u00a0 Yabanc\u0131 \u00fclkelerden al\u0131nan diplomalar\u0131n denkli\u011finin onaylanm\u0131\u015f olmas\u0131 gerekir.<br \/>\n&#8211; \u00a0 Mezuniyet \u00a0belgesinde \u00a0lisans\u00fcst\u00fc \u00a0e\u011fitim \u00a0yapt\u0131\u011f\u0131 \u00a0anabilim\/bilim \u00a0dal\u0131na \u00a0ili\u015fkin \u00a0bilgi \u00a0olmayan \u00a0adaylar\u0131n, \u00a0ilgili \u00a0anabilim\/bilim \u00a0dal\u0131nda \u00a0lisans\u00fcst\u00fc e\u011fitim yapt\u0131klar\u0131n\u0131 resmi yaz\u0131 ile belgelendirmeleri halinde m\u00fcracaatlar\u0131 kabul edilecektir.<\/p>\n<p><strong>Ba\u015fvuru Adresi:<\/strong>\u00a0Kayseri \u00dcniversitesi Rekt\u00f6rl\u00fc\u011f\u00fc 15 Temmuz Yerle\u015fkesi Rekt\u00f6rl\u00fck Binas\u0131 (Rekt\u00f6rl\u00fck Evrak Kay\u0131t Birimi) Talas\/KAYSER\u0130<br \/>\n<strong>Tel:<\/strong>\u00a00352 432 38 38\/10615-10606<br \/>\n<strong>NOT:<\/strong>\u00a0Bu konularda ayr\u0131ca bir duyuru yap\u0131lmayacakt\u0131r. \u00dcniversitemiz web sitesinde yap\u0131lacak olan duyurular tebligat niteli\u011findedir.<\/p>\n<\/div>\n<table dir=\"ltr\" border=\"6\" cellspacing=\"0\" cellpadding=\"0\" data-sheets-baot=\"1\" data-sheets-root=\"1\">\n<tbody>\n<tr>\n<td><strong>\u0130LAN NO<\/strong><\/td>\n<td><strong>B\u0130R\u0130M\u0130<\/strong><\/td>\n<td><strong>B\u00d6L\/ABD\/ASD\/PROG<\/strong><\/td>\n<td><strong>\u00dcNVAN<\/strong><\/td>\n<td><strong>DRC<\/strong><\/td>\n<td><strong>ADET<\/strong><\/td>\n<td><strong>A\u00c7IKLAMA<\/strong><\/td>\n<\/tr>\n<tr>\n<td>1001<\/td>\n<td>Bili\u015fim Teknolojileri Meslek Y\u00fcksekokulu<\/td>\n<td>Otonom Sistemler Teknikerli\u011fi<\/td>\n<td>\u00d6\u011fretim G\u00f6revlisi<\/td>\n<td>5<\/td>\n<td>1<\/td>\n<td>Yaz\u0131l\u0131m M\u00fchendisli\u011fi veya Mekatronik M\u00fchendisli\u011fi Lisans Mezunu Olmak. Bu Alanlar\u0131n Birinde Tezli Y\u00fcksek Lisans ve Doktora Yapm\u0131\u015f Olmak. \u0130lgili Alanda (Otonom Sistemler) Lisans Mezuniyeti Sonras\u0131 En Az Be\u015f Y\u0131l Deneyime Sahip Olmak.<\/td>\n<\/tr>\n<tr>\n<td>1002<\/td>\n<td>Bili\u015fim Teknolojileri Meslek Y\u00fcksekokulu<\/td>\n<td>\u0130nsans\u0131z Ara\u00e7 Teknikerli\u011fi<\/td>\n<td>\u00d6\u011fretim G\u00f6revlisi<\/td>\n<td>5<\/td>\n<td>1<\/td>\n<td>Yaz\u0131l\u0131m M\u00fchendisli\u011fi veya Elektrik-Elektronik M\u00fchendisli\u011fi B\u00f6l\u00fcm\u00fc Lisans Mezunu Olmak. Bu Alanlar\u0131n Birinde Tezli Y\u00fcksek Lisans Yapm\u0131\u015f Olmak. Y\u00fcksek\u00f6\u011fretim Kurumlar\u0131nda En Az \u0130ki Y\u0131l Ders Verme Deneyimine ve \u0130lgili Alanda (\u0130nsans\u0131z Ara\u00e7 Teknolojisi) Lisans Mezuniyeti Sonras\u0131 En Az \u0130ki Y\u0131l Deneyime Sahip Olmak.<\/td>\n<\/tr>\n<tr>\n<td>1003<\/td>\n<td>Bili\u015fim Teknolojileri Meslek Y\u00fcksekokulu<\/td>\n<td>Yapay Zek\u00e2 Operat\u00f6rl\u00fc\u011f\u00fc<\/td>\n<td>\u00d6\u011fretim G\u00f6revlisi<\/td>\n<td>5<\/td>\n<td>2<\/td>\n<td>Bilgisayar M\u00fchendisli\u011fi, Yaz\u0131l\u0131m M\u00fchendisli\u011fi, Elektrik-Elektronik M\u00fchendisli\u011fi, Bili\u015fim Sistemleri M\u00fchendisli\u011fi veya Bilgisayar ve \u00d6\u011fretim Teknolojileri \u00d6\u011fretmenli\u011fi Lisans Mezunu Olmak, Bu Alanlar\u0131n Birinde Tezli Y\u00fcksek Lisans Yapm\u0131\u015f Olmak. \u0130lgili Alanda (Yapay Zek\u00e2) Lisans Mezuniyeti Sonras\u0131 En Az Bir Y\u0131l Deneyime Sahip Olmak.<\/td>\n<\/tr>\n<tr>\n<td>1004<\/td>\n<td>Develi H\u00fcseyin \u015eahin Meslek Y\u00fcksekokulu<\/td>\n<td>Bilgisayar Programc\u0131l\u0131\u011f\u0131<\/td>\n<td>\u00d6\u011fretim G\u00f6revlisi<\/td>\n<td>4<\/td>\n<td>1<\/td>\n<td>Bilgisayar M\u00fchendisli\u011fi veya Yaz\u0131l\u0131m M\u00fchendisli\u011fi B\u00f6l\u00fcm\u00fc Lisans Mezunu Olmak. Bilgisayar M\u00fchendisli\u011fi veya Yaz\u0131l\u0131m M\u00fchendisli\u011fi Alan\u0131nda Tezli Y\u00fcksek Lisans Yapm\u0131\u015f Olmak.<\/td>\n<\/tr>\n<tr>\n<td>1005<\/td>\n<td>Develi H\u00fcseyin \u015eahin Meslek Y\u00fcksekokulu<\/td>\n<td>Bilgisayar Teknolojisi<\/td>\n<td>\u00d6\u011fretim G\u00f6revlisi<\/td>\n<td>4<\/td>\n<td>1<\/td>\n<td>Bilgisayar M\u00fchendisli\u011fi veya Yaz\u0131l\u0131m M\u00fchendisli\u011fi B\u00f6l\u00fcm\u00fc Lisans Mezunu Olmak.<br \/>\nBilgisayar M\u00fchendisli\u011fi veya Yaz\u0131l\u0131m M\u00fchendisli\u011fi Alan\u0131nda Tezli Y\u00fcksek Lisans Yapm\u0131\u015f Olmak.<\/td>\n<\/tr>\n<tr>\n<td>1006<\/td>\n<td>Develi H\u00fcseyin \u015eahin Meslek Y\u00fcksekokulu<\/td>\n<td>\u0130kram Hizmetleri<\/td>\n<td>\u00d6\u011fretim G\u00f6revlisi<\/td>\n<td>4<\/td>\n<td>1<\/td>\n<td>Turizm \u0130\u015fletmecili\u011fi B\u00f6l\u00fcm\u00fc Lisans Mezunu Olmak ve Turizm \u0130\u015fletmecili\u011fi Alan\u0131nda Tezli Y\u00fcksek Lisans Yapm\u0131\u015f Olmak. MEB Onayl\u0131 Usta \u00d6\u011freticilik Belgesine ve Lisans Mezuniyeti Sonras\u0131 Usta \u00d6\u011fretici Olarak En Az \u0130ki Y\u0131l Deneyime Sahip Olmak.<\/td>\n<\/tr>\n<tr>\n<td>1007<\/td>\n<td>Safiye \u00c7\u0131kr\u0131k\u00e7\u0131o\u011flu Meslek Y\u00fcksekokulu<\/td>\n<td>A\u015f\u00e7\u0131l\u0131k<\/td>\n<td>\u00d6\u011fretim G\u00f6revlisi<\/td>\n<td>5<\/td>\n<td>1<\/td>\n<td>Gastronomi ve Mutfak Sanatlar\u0131 veya Turizm \u0130\u015fletmecili\u011fi Alan\u0131nda Tezli Y\u00fcksek Lisans Yapm\u0131\u015f Olmak. Lisans Mezuniyeti Sonras\u0131 Yiyecek ve \u0130\u00e7ecek (A\u015f\u00e7\u0131l\u0131k\/Pastac\u0131l\u0131k\/Tatl\u0131c\u0131l\u0131k) Alan\u0131nda En Az \u00dc\u00e7 Y\u0131l Tecr\u00fcbeye, Y\u00fcksek\u00f6\u011fretim Kurumlar\u0131nda En Az D\u00f6rt Y\u0131l Ders Verme Deneyimine Sahip Olmak.<\/td>\n<\/tr>\n<tr>\n<td>1008<\/td>\n<td>Safiye \u00c7\u0131kr\u0131k\u00e7\u0131o\u011flu Meslek Y\u00fcksekokulu<\/td>\n<td>A\u015f\u00e7\u0131l\u0131k<\/td>\n<td>\u00d6\u011fretim G\u00f6revlisi<\/td>\n<td>5<\/td>\n<td>1<\/td>\n<td>Gastronomi ve Mutfak Sanatlar\u0131 Alan\u0131nda Tezli Y\u00fcksek Lisans Yapm\u0131\u015f Olmak. Y\u00fcksek\u00f6\u011fretim Kurumlar\u0131nda En Az D\u00f6rt Y\u0131l Ders Verme Deneyimine Sahip Olmak.<\/td>\n<\/tr>\n<\/tbody>\n<\/table>\n<div><\/div>\n","protected":false},"excerpt":{"rendered":"<p>\u00dcniversitemiz birimlerine, 2547 say\u0131l\u0131 Y\u00fcksek\u00f6\u011fretim Kanunu ve 09\/11\/2018 tarihli ve 30590 say\u0131l\u0131 Resm\u00ee Gazete\u2019de yay\u0131mlanan \u201c\u00d6\u011fretim \u00dcyesi D\u0131\u015f\u0131ndaki \u00a0\u00d6\u011fretim Eleman\u0131 Kadrolar\u0131na Yap\u0131lacak Atamalarda Uygulanacak Merkezi S\u0131nav ile Giri\u015f S\u0131navlar\u0131na \u0130li\u015fkin Usul ve Esaslar Hakk\u0131nda Y\u00f6netmelik\u201d h\u00fck\u00fcmleri \u00e7er\u00e7evesinde \u00f6\u011fretim elemanlar\u0131 al\u0131nacakt\u0131r. \u00d6n De\u011ferlendirme Tarihi\u00a0\u00a0 \u00a015.04.2025 S\u0131nav Tarihi\u00a0\u00a0 \u00a018.04.2025 Sonu\u00e7lar\u0131n A\u00e7\u0131klanaca\u011f\u0131 Tarih\u00a0\u00a0 \u00a023.04.2025\u00a0\u00a0\u00a0 A- GENEL \u015eARTLAR 657 [&hellip;]<\/p>\n","protected":false},"author":1,"featured_media":0,"comment_status":"open","ping_status":"open","sticky":false,"template":"","format":"standard","meta":{"footnotes":""},"categories":[55],"tags":[],"class_list":["post-4455","post","type-post","status-publish","format-standard","hentry","category-is-ilanlari"],"yoast_head":"<!-- This site is optimized with the Yoast SEO plugin v27.4 - https:\/\/yoast.com\/product\/yoast-seo-wordpress\/ -->\n<title>Kayseri \u00dcniversitesi Rekt\u00f6rl\u00fc\u011f\u00fcnden - Memurun Sesi<\/title>\n<meta name=\"robots\" content=\"index, follow, max-snippet:-1, max-image-preview:large, max-video-preview:-1\" \/>\n<link rel=\"canonical\" href=\"https:\/\/memurunsesi.net\/index.php\/2025\/03\/27\/kayseri-universitesi-rektorlugunden-2\/\" \/>\n<meta property=\"og:locale\" content=\"tr_TR\" \/>\n<meta property=\"og:type\" content=\"article\" \/>\n<meta property=\"og:title\" content=\"Kayseri \u00dcniversitesi Rekt\u00f6rl\u00fc\u011f\u00fcnden - Memurun Sesi\" \/>\n<meta property=\"og:description\" content=\"\u00dcniversitemiz birimlerine, 2547 say\u0131l\u0131 Y\u00fcksek\u00f6\u011fretim Kanunu ve 09\/11\/2018 tarihli ve 30590 say\u0131l\u0131 Resm\u00ee Gazete\u2019de yay\u0131mlanan \u201c\u00d6\u011fretim \u00dcyesi D\u0131\u015f\u0131ndaki \u00a0\u00d6\u011fretim Eleman\u0131 Kadrolar\u0131na Yap\u0131lacak Atamalarda Uygulanacak Merkezi S\u0131nav ile Giri\u015f S\u0131navlar\u0131na \u0130li\u015fkin Usul ve Esaslar Hakk\u0131nda Y\u00f6netmelik\u201d h\u00fck\u00fcmleri \u00e7er\u00e7evesinde \u00f6\u011fretim elemanlar\u0131 al\u0131nacakt\u0131r. \u00d6n De\u011ferlendirme Tarihi\u00a0\u00a0 \u00a015.04.2025 S\u0131nav Tarihi\u00a0\u00a0 \u00a018.04.2025 Sonu\u00e7lar\u0131n A\u00e7\u0131klanaca\u011f\u0131 Tarih\u00a0\u00a0 \u00a023.04.2025\u00a0\u00a0\u00a0 A- GENEL \u015eARTLAR 657 [&hellip;]\" \/>\n<meta property=\"og:url\" content=\"https:\/\/memurunsesi.net\/index.php\/2025\/03\/27\/kayseri-universitesi-rektorlugunden-2\/\" \/>\n<meta property=\"og:site_name\" content=\"Memurun Sesi\" \/>\n<meta property=\"article:publisher\" content=\"https:\/\/www.facebook.com\/unipersen\/?locale=tr_TR\" \/>\n<meta property=\"article:published_time\" content=\"2025-03-27T06:02:06+00:00\" \/>\n<meta name=\"author\" content=\"Memurun Sesi Haber Merkezi\" \/>\n<meta name=\"twitter:card\" content=\"summary_large_image\" \/>\n<meta name=\"twitter:creator\" content=\"@unipersen\" \/>\n<meta name=\"twitter:site\" content=\"@unipersen\" \/>\n<meta name=\"twitter:label1\" content=\"Yazan:\" \/>\n\t<meta name=\"twitter:data1\" content=\"Memurun Sesi Haber Merkezi\" \/>\n\t<meta name=\"twitter:label2\" content=\"Tahmini okuma s\u00fcresi\" \/>\n\t<meta name=\"twitter:data2\" content=\"8 dakika\" \/>\n<script type=\"application\/ld+json\" class=\"yoast-schema-graph\">{\"@context\":\"https:\\\/\\\/schema.org\",\"@graph\":[{\"@type\":\"Article\",\"@id\":\"https:\\\/\\\/memurunsesi.net\\\/index.php\\\/2025\\\/03\\\/27\\\/kayseri-universitesi-rektorlugunden-2\\\/#article\",\"isPartOf\":{\"@id\":\"https:\\\/\\\/memurunsesi.net\\\/index.php\\\/2025\\\/03\\\/27\\\/kayseri-universitesi-rektorlugunden-2\\\/\"},\"author\":{\"name\":\"Memurun Sesi Haber Merkezi\",\"@id\":\"https:\\\/\\\/memurunsesi.net\\\/#\\\/schema\\\/person\\\/f21c2d73b89f6ee1d80b0a1803e38587\"},\"headline\":\"Kayseri \u00dcniversitesi Rekt\u00f6rl\u00fc\u011f\u00fcnden\",\"datePublished\":\"2025-03-27T06:02:06+00:00\",\"mainEntityOfPage\":{\"@id\":\"https:\\\/\\\/memurunsesi.net\\\/index.php\\\/2025\\\/03\\\/27\\\/kayseri-universitesi-rektorlugunden-2\\\/\"},\"wordCount\":1703,\"commentCount\":0,\"publisher\":{\"@id\":\"https:\\\/\\\/memurunsesi.net\\\/#organization\"},\"articleSection\":[\"\u0130\u015f \u0130lanlar\u0131\"],\"inLanguage\":\"tr\",\"potentialAction\":[{\"@type\":\"CommentAction\",\"name\":\"Comment\",\"target\":[\"https:\\\/\\\/memurunsesi.net\\\/index.php\\\/2025\\\/03\\\/27\\\/kayseri-universitesi-rektorlugunden-2\\\/#respond\"]}]},{\"@type\":\"WebPage\",\"@id\":\"https:\\\/\\\/memurunsesi.net\\\/index.php\\\/2025\\\/03\\\/27\\\/kayseri-universitesi-rektorlugunden-2\\\/\",\"url\":\"https:\\\/\\\/memurunsesi.net\\\/index.php\\\/2025\\\/03\\\/27\\\/kayseri-universitesi-rektorlugunden-2\\\/\",\"name\":\"Kayseri \u00dcniversitesi Rekt\u00f6rl\u00fc\u011f\u00fcnden - Memurun Sesi\",\"isPartOf\":{\"@id\":\"https:\\\/\\\/memurunsesi.net\\\/#website\"},\"datePublished\":\"2025-03-27T06:02:06+00:00\",\"breadcrumb\":{\"@id\":\"https:\\\/\\\/memurunsesi.net\\\/index.php\\\/2025\\\/03\\\/27\\\/kayseri-universitesi-rektorlugunden-2\\\/#breadcrumb\"},\"inLanguage\":\"tr\",\"potentialAction\":[{\"@type\":\"ReadAction\",\"target\":[\"https:\\\/\\\/memurunsesi.net\\\/index.php\\\/2025\\\/03\\\/27\\\/kayseri-universitesi-rektorlugunden-2\\\/\"]}]},{\"@type\":\"BreadcrumbList\",\"@id\":\"https:\\\/\\\/memurunsesi.net\\\/index.php\\\/2025\\\/03\\\/27\\\/kayseri-universitesi-rektorlugunden-2\\\/#breadcrumb\",\"itemListElement\":[{\"@type\":\"ListItem\",\"position\":1,\"name\":\"Anasayfa\",\"item\":\"https:\\\/\\\/memurunsesi.net\\\/\"},{\"@type\":\"ListItem\",\"position\":2,\"name\":\"Kayseri \u00dcniversitesi Rekt\u00f6rl\u00fc\u011f\u00fcnden\"}]},{\"@type\":\"WebSite\",\"@id\":\"https:\\\/\\\/memurunsesi.net\\\/#website\",\"url\":\"https:\\\/\\\/memurunsesi.net\\\/\",\"name\":\"Memurun Sesi\",\"description\":\"G\u00fcncel ve Do\u011fru Haber\",\"publisher\":{\"@id\":\"https:\\\/\\\/memurunsesi.net\\\/#organization\"},\"potentialAction\":[{\"@type\":\"SearchAction\",\"target\":{\"@type\":\"EntryPoint\",\"urlTemplate\":\"https:\\\/\\\/memurunsesi.net\\\/?s={search_term_string}\"},\"query-input\":{\"@type\":\"PropertyValueSpecification\",\"valueRequired\":true,\"valueName\":\"search_term_string\"}}],\"inLanguage\":\"tr\"},{\"@type\":\"Organization\",\"@id\":\"https:\\\/\\\/memurunsesi.net\\\/#organization\",\"name\":\"Memurun Sesi\",\"url\":\"https:\\\/\\\/memurunsesi.net\\\/\",\"logo\":{\"@type\":\"ImageObject\",\"inLanguage\":\"tr\",\"@id\":\"https:\\\/\\\/memurunsesi.net\\\/#\\\/schema\\\/logo\\\/image\\\/\",\"url\":\"https:\\\/\\\/memurunsesi.net\\\/wp-content\\\/uploads\\\/2025\\\/11\\\/cropped-MEMURUN-SESI.png\",\"contentUrl\":\"https:\\\/\\\/memurunsesi.net\\\/wp-content\\\/uploads\\\/2025\\\/11\\\/cropped-MEMURUN-SESI.png\",\"width\":238,\"height\":57,\"caption\":\"Memurun Sesi\"},\"image\":{\"@id\":\"https:\\\/\\\/memurunsesi.net\\\/#\\\/schema\\\/logo\\\/image\\\/\"},\"sameAs\":[\"https:\\\/\\\/www.facebook.com\\\/unipersen\\\/?locale=tr_TR\",\"https:\\\/\\\/x.com\\\/unipersen\"]},{\"@type\":\"Person\",\"@id\":\"https:\\\/\\\/memurunsesi.net\\\/#\\\/schema\\\/person\\\/f21c2d73b89f6ee1d80b0a1803e38587\",\"name\":\"Memurun Sesi Haber Merkezi\",\"image\":{\"@type\":\"ImageObject\",\"inLanguage\":\"tr\",\"@id\":\"https:\\\/\\\/secure.gravatar.com\\\/avatar\\\/6cf0505f452ee753f485014986fab09a434671d2b919ee76fc541025c5876a70?s=96&d=mm&r=g\",\"url\":\"https:\\\/\\\/secure.gravatar.com\\\/avatar\\\/6cf0505f452ee753f485014986fab09a434671d2b919ee76fc541025c5876a70?s=96&d=mm&r=g\",\"contentUrl\":\"https:\\\/\\\/secure.gravatar.com\\\/avatar\\\/6cf0505f452ee753f485014986fab09a434671d2b919ee76fc541025c5876a70?s=96&d=mm&r=g\",\"caption\":\"Memurun Sesi Haber Merkezi\"},\"sameAs\":[\"https:\\\/\\\/memurunsesi.net\"],\"url\":\"https:\\\/\\\/memurunsesi.net\\\/index.php\\\/author\\\/uniper\\\/\"}]}<\/script>\n<!-- \/ Yoast SEO plugin. -->","yoast_head_json":{"title":"Kayseri \u00dcniversitesi Rekt\u00f6rl\u00fc\u011f\u00fcnden - Memurun Sesi","robots":{"index":"index","follow":"follow","max-snippet":"max-snippet:-1","max-image-preview":"max-image-preview:large","max-video-preview":"max-video-preview:-1"},"canonical":"https:\/\/memurunsesi.net\/index.php\/2025\/03\/27\/kayseri-universitesi-rektorlugunden-2\/","og_locale":"tr_TR","og_type":"article","og_title":"Kayseri \u00dcniversitesi Rekt\u00f6rl\u00fc\u011f\u00fcnden - Memurun Sesi","og_description":"\u00dcniversitemiz birimlerine, 2547 say\u0131l\u0131 Y\u00fcksek\u00f6\u011fretim Kanunu ve 09\/11\/2018 tarihli ve 30590 say\u0131l\u0131 Resm\u00ee Gazete\u2019de yay\u0131mlanan \u201c\u00d6\u011fretim \u00dcyesi D\u0131\u015f\u0131ndaki \u00a0\u00d6\u011fretim Eleman\u0131 Kadrolar\u0131na Yap\u0131lacak Atamalarda Uygulanacak Merkezi S\u0131nav ile Giri\u015f S\u0131navlar\u0131na \u0130li\u015fkin Usul ve Esaslar Hakk\u0131nda Y\u00f6netmelik\u201d h\u00fck\u00fcmleri \u00e7er\u00e7evesinde \u00f6\u011fretim elemanlar\u0131 al\u0131nacakt\u0131r. \u00d6n De\u011ferlendirme Tarihi\u00a0\u00a0 \u00a015.04.2025 S\u0131nav Tarihi\u00a0\u00a0 \u00a018.04.2025 Sonu\u00e7lar\u0131n A\u00e7\u0131klanaca\u011f\u0131 Tarih\u00a0\u00a0 \u00a023.04.2025\u00a0\u00a0\u00a0 A- GENEL \u015eARTLAR 657 [&hellip;]","og_url":"https:\/\/memurunsesi.net\/index.php\/2025\/03\/27\/kayseri-universitesi-rektorlugunden-2\/","og_site_name":"Memurun Sesi","article_publisher":"https:\/\/www.facebook.com\/unipersen\/?locale=tr_TR","article_published_time":"2025-03-27T06:02:06+00:00","author":"Memurun Sesi Haber Merkezi","twitter_card":"summary_large_image","twitter_creator":"@unipersen","twitter_site":"@unipersen","twitter_misc":{"Yazan:":"Memurun Sesi Haber Merkezi","Tahmini okuma s\u00fcresi":"8 dakika"},"schema":{"@context":"https:\/\/schema.org","@graph":[{"@type":"Article","@id":"https:\/\/memurunsesi.net\/index.php\/2025\/03\/27\/kayseri-universitesi-rektorlugunden-2\/#article","isPartOf":{"@id":"https:\/\/memurunsesi.net\/index.php\/2025\/03\/27\/kayseri-universitesi-rektorlugunden-2\/"},"author":{"name":"Memurun Sesi Haber Merkezi","@id":"https:\/\/memurunsesi.net\/#\/schema\/person\/f21c2d73b89f6ee1d80b0a1803e38587"},"headline":"Kayseri \u00dcniversitesi Rekt\u00f6rl\u00fc\u011f\u00fcnden","datePublished":"2025-03-27T06:02:06+00:00","mainEntityOfPage":{"@id":"https:\/\/memurunsesi.net\/index.php\/2025\/03\/27\/kayseri-universitesi-rektorlugunden-2\/"},"wordCount":1703,"commentCount":0,"publisher":{"@id":"https:\/\/memurunsesi.net\/#organization"},"articleSection":["\u0130\u015f \u0130lanlar\u0131"],"inLanguage":"tr","potentialAction":[{"@type":"CommentAction","name":"Comment","target":["https:\/\/memurunsesi.net\/index.php\/2025\/03\/27\/kayseri-universitesi-rektorlugunden-2\/#respond"]}]},{"@type":"WebPage","@id":"https:\/\/memurunsesi.net\/index.php\/2025\/03\/27\/kayseri-universitesi-rektorlugunden-2\/","url":"https:\/\/memurunsesi.net\/index.php\/2025\/03\/27\/kayseri-universitesi-rektorlugunden-2\/","name":"Kayseri \u00dcniversitesi Rekt\u00f6rl\u00fc\u011f\u00fcnden - Memurun Sesi","isPartOf":{"@id":"https:\/\/memurunsesi.net\/#website"},"datePublished":"2025-03-27T06:02:06+00:00","breadcrumb":{"@id":"https:\/\/memurunsesi.net\/index.php\/2025\/03\/27\/kayseri-universitesi-rektorlugunden-2\/#breadcrumb"},"inLanguage":"tr","potentialAction":[{"@type":"ReadAction","target":["https:\/\/memurunsesi.net\/index.php\/2025\/03\/27\/kayseri-universitesi-rektorlugunden-2\/"]}]},{"@type":"BreadcrumbList","@id":"https:\/\/memurunsesi.net\/index.php\/2025\/03\/27\/kayseri-universitesi-rektorlugunden-2\/#breadcrumb","itemListElement":[{"@type":"ListItem","position":1,"name":"Anasayfa","item":"https:\/\/memurunsesi.net\/"},{"@type":"ListItem","position":2,"name":"Kayseri \u00dcniversitesi Rekt\u00f6rl\u00fc\u011f\u00fcnden"}]},{"@type":"WebSite","@id":"https:\/\/memurunsesi.net\/#website","url":"https:\/\/memurunsesi.net\/","name":"Memurun Sesi","description":"G\u00fcncel ve Do\u011fru Haber","publisher":{"@id":"https:\/\/memurunsesi.net\/#organization"},"potentialAction":[{"@type":"SearchAction","target":{"@type":"EntryPoint","urlTemplate":"https:\/\/memurunsesi.net\/?s={search_term_string}"},"query-input":{"@type":"PropertyValueSpecification","valueRequired":true,"valueName":"search_term_string"}}],"inLanguage":"tr"},{"@type":"Organization","@id":"https:\/\/memurunsesi.net\/#organization","name":"Memurun Sesi","url":"https:\/\/memurunsesi.net\/","logo":{"@type":"ImageObject","inLanguage":"tr","@id":"https:\/\/memurunsesi.net\/#\/schema\/logo\/image\/","url":"https:\/\/memurunsesi.net\/wp-content\/uploads\/2025\/11\/cropped-MEMURUN-SESI.png","contentUrl":"https:\/\/memurunsesi.net\/wp-content\/uploads\/2025\/11\/cropped-MEMURUN-SESI.png","width":238,"height":57,"caption":"Memurun Sesi"},"image":{"@id":"https:\/\/memurunsesi.net\/#\/schema\/logo\/image\/"},"sameAs":["https:\/\/www.facebook.com\/unipersen\/?locale=tr_TR","https:\/\/x.com\/unipersen"]},{"@type":"Person","@id":"https:\/\/memurunsesi.net\/#\/schema\/person\/f21c2d73b89f6ee1d80b0a1803e38587","name":"Memurun Sesi Haber Merkezi","image":{"@type":"ImageObject","inLanguage":"tr","@id":"https:\/\/secure.gravatar.com\/avatar\/6cf0505f452ee753f485014986fab09a434671d2b919ee76fc541025c5876a70?s=96&d=mm&r=g","url":"https:\/\/secure.gravatar.com\/avatar\/6cf0505f452ee753f485014986fab09a434671d2b919ee76fc541025c5876a70?s=96&d=mm&r=g","contentUrl":"https:\/\/secure.gravatar.com\/avatar\/6cf0505f452ee753f485014986fab09a434671d2b919ee76fc541025c5876a70?s=96&d=mm&r=g","caption":"Memurun Sesi Haber Merkezi"},"sameAs":["https:\/\/memurunsesi.net"],"url":"https:\/\/memurunsesi.net\/index.php\/author\/uniper\/"}]}},"_links":{"self":[{"href":"https:\/\/memurunsesi.net\/index.php\/wp-json\/wp\/v2\/posts\/4455","targetHints":{"allow":["GET"]}}],"collection":[{"href":"https:\/\/memurunsesi.net\/index.php\/wp-json\/wp\/v2\/posts"}],"about":[{"href":"https:\/\/memurunsesi.net\/index.php\/wp-json\/wp\/v2\/types\/post"}],"author":[{"embeddable":true,"href":"https:\/\/memurunsesi.net\/index.php\/wp-json\/wp\/v2\/users\/1"}],"replies":[{"embeddable":true,"href":"https:\/\/memurunsesi.net\/index.php\/wp-json\/wp\/v2\/comments?post=4455"}],"version-history":[{"count":1,"href":"https:\/\/memurunsesi.net\/index.php\/wp-json\/wp\/v2\/posts\/4455\/revisions"}],"predecessor-version":[{"id":4456,"href":"https:\/\/memurunsesi.net\/index.php\/wp-json\/wp\/v2\/posts\/4455\/revisions\/4456"}],"wp:attachment":[{"href":"https:\/\/memurunsesi.net\/index.php\/wp-json\/wp\/v2\/media?parent=4455"}],"wp:term":[{"taxonomy":"category","embeddable":true,"href":"https:\/\/memurunsesi.net\/index.php\/wp-json\/wp\/v2\/categories?post=4455"},{"taxonomy":"post_tag","embeddable":true,"href":"https:\/\/memurunsesi.net\/index.php\/wp-json\/wp\/v2\/tags?post=4455"}],"curies":[{"name":"wp","href":"https:\/\/api.w.org\/{rel}","templated":true}]}}