{"id":4463,"date":"2025-03-28T08:35:02","date_gmt":"2025-03-28T05:35:02","guid":{"rendered":"https:\/\/memurunsesi.net\/?p=4463"},"modified":"2025-03-28T08:35:02","modified_gmt":"2025-03-28T05:35:02","slug":"bayramda-semsiyesiz-disari-cikmayin","status":"publish","type":"post","link":"https:\/\/memurunsesi.net\/index.php\/2025\/03\/28\/bayramda-semsiyesiz-disari-cikmayin\/","title":{"rendered":"Bayramda \u015femsiyesiz d\u0131\u015far\u0131 \u00e7\u0131kmay\u0131n"},"content":{"rendered":"<p>Meteoroloji 4. B\u00f6lge M\u00fcd\u00fcrl\u00fc\u011f\u00fc B\u00f6lge Tahmin ve Uyar\u0131 Merkezinden yap\u0131lan uyar\u0131da, Mu\u011fla \u00e7evresi Ramazan Bayram\u0131 s\u00fcresince g\u00f6k g\u00fcr\u00fclt\u00fc ve sa\u011fanak ya\u011f\u0131\u015fl\u0131 havan\u0131n etkisinde olacak.<br \/>\nYap\u0131lan uyar\u0131da, &#8220;B\u00f6lgemizin 28 Mart 2025 Cuma g\u00fcn\u00fcnden itibaren bat\u0131 kesimlerden ba\u015flayarak ya\u011f\u0131\u015fl\u0131 havan\u0131n etkisi alt\u0131na girece\u011fi tahmin edilmektedir. Mevsim normallerinin olduk\u00e7a \u00fczerinde seyreden hava s\u0131cakl\u0131klar\u0131n\u0131n ya\u011f\u0131\u015fla birlikte bat\u0131 kesimlerinden ba\u015flayarak azalaca\u011f\u0131, bayram s\u00fcresince mevsim normalleri civar\u0131nda seyretmesi beklenmektedir. Cumartesi g\u00fcn\u00fc b\u00f6lgemiz par\u00e7al\u0131 ve \u00e7ok bulutlu, aral\u0131kl\u0131 sa\u011fanak ve g\u00f6k g\u00fcr\u00fclt\u00fcl\u00fc sa\u011fanak ya\u011f\u0131\u015fl\u0131, bayram\u0131n 1. g\u00fcn\u00fc par\u00e7al\u0131 ve \u00e7ok bulutlu, aral\u0131kl\u0131 sa\u011fanak ve g\u00f6k g\u00fcr\u00fclt\u00fcl\u00fc sa\u011fanak ya\u011f\u0131\u015fl\u0131, bayram\u0131n 2. g\u00fcn\u00fc par\u00e7al\u0131 ve \u00e7ok bulutlu, aral\u0131kl\u0131 sa\u011fanak ve g\u00f6k g\u00fcr\u00fclt\u00fcl\u00fc sa\u011fanak ya\u011f\u0131\u015fl\u0131, bayram\u0131n 3. g\u00fcn\u00fc par\u00e7al\u0131 ve \u00e7ok bulutlu, aral\u0131kl\u0131 sa\u011fanak ve g\u00f6k g\u00fcr\u00fclt\u00fcl\u00fc sa\u011fanak ya\u011f\u0131\u015fl\u0131 ge\u00e7ece\u011fi tahmin ediliyor&#8221; denildi.<\/p>\n<p>27.03.2025<\/p>\n","protected":false},"excerpt":{"rendered":"<p>Meteoroloji 4. B\u00f6lge M\u00fcd\u00fcrl\u00fc\u011f\u00fc B\u00f6lge Tahmin ve Uyar\u0131 Merkezinden yap\u0131lan uyar\u0131da, Mu\u011fla \u00e7evresi Ramazan Bayram\u0131 s\u00fcresince g\u00f6k g\u00fcr\u00fclt\u00fc ve sa\u011fanak ya\u011f\u0131\u015fl\u0131 havan\u0131n etkisinde olacak. Yap\u0131lan uyar\u0131da, &#8220;B\u00f6lgemizin 28 Mart 2025 Cuma g\u00fcn\u00fcnden itibaren bat\u0131 kesimlerden ba\u015flayarak ya\u011f\u0131\u015fl\u0131 havan\u0131n etkisi alt\u0131na girece\u011fi tahmin edilmektedir. Mevsim normallerinin olduk\u00e7a \u00fczerinde seyreden hava s\u0131cakl\u0131klar\u0131n\u0131n ya\u011f\u0131\u015fla birlikte bat\u0131 kesimlerinden ba\u015flayarak [&hellip;]<\/p>\n","protected":false},"author":1,"featured_media":4464,"comment_status":"open","ping_status":"open","sticky":false,"template":"","format":"standard","meta":{"footnotes":""},"categories":[50],"tags":[],"class_list":["post-4463","post","type-post","status-publish","format-standard","has-post-thumbnail","hentry","category-tum-haberler"],"yoast_head":"<!-- This site is optimized with the Yoast SEO plugin v27.4 - https:\/\/yoast.com\/product\/yoast-seo-wordpress\/ -->\n<title>Bayramda \u015femsiyesiz d\u0131\u015far\u0131 \u00e7\u0131kmay\u0131n - Memurun Sesi<\/title>\n<meta name=\"robots\" content=\"index, follow, max-snippet:-1, max-image-preview:large, max-video-preview:-1\" \/>\n<link rel=\"canonical\" href=\"https:\/\/memurunsesi.net\/index.php\/2025\/03\/28\/bayramda-semsiyesiz-disari-cikmayin\/\" \/>\n<meta property=\"og:locale\" content=\"tr_TR\" \/>\n<meta property=\"og:type\" content=\"article\" \/>\n<meta property=\"og:title\" content=\"Bayramda \u015femsiyesiz d\u0131\u015far\u0131 \u00e7\u0131kmay\u0131n - Memurun Sesi\" \/>\n<meta property=\"og:description\" content=\"Meteoroloji 4. B\u00f6lge M\u00fcd\u00fcrl\u00fc\u011f\u00fc B\u00f6lge Tahmin ve Uyar\u0131 Merkezinden yap\u0131lan uyar\u0131da, Mu\u011fla \u00e7evresi Ramazan Bayram\u0131 s\u00fcresince g\u00f6k g\u00fcr\u00fclt\u00fc ve sa\u011fanak ya\u011f\u0131\u015fl\u0131 havan\u0131n etkisinde olacak. Yap\u0131lan uyar\u0131da, &#8220;B\u00f6lgemizin 28 Mart 2025 Cuma g\u00fcn\u00fcnden itibaren bat\u0131 kesimlerden ba\u015flayarak ya\u011f\u0131\u015fl\u0131 havan\u0131n etkisi alt\u0131na girece\u011fi tahmin edilmektedir. Mevsim normallerinin olduk\u00e7a \u00fczerinde seyreden hava s\u0131cakl\u0131klar\u0131n\u0131n ya\u011f\u0131\u015fla birlikte bat\u0131 kesimlerinden ba\u015flayarak [&hellip;]\" \/>\n<meta property=\"og:url\" content=\"https:\/\/memurunsesi.net\/index.php\/2025\/03\/28\/bayramda-semsiyesiz-disari-cikmayin\/\" \/>\n<meta property=\"og:site_name\" content=\"Memurun Sesi\" \/>\n<meta property=\"article:publisher\" content=\"https:\/\/www.facebook.com\/unipersen\/?locale=tr_TR\" \/>\n<meta property=\"article:published_time\" content=\"2025-03-28T05:35:02+00:00\" \/>\n<meta property=\"og:image\" content=\"https:\/\/memurunsesi.net\/wp-content\/uploads\/2025\/03\/AW421643_02-scaled.jpg\" \/>\n\t<meta property=\"og:image:width\" content=\"1911\" \/>\n\t<meta property=\"og:image:height\" content=\"2560\" \/>\n\t<meta property=\"og:image:type\" content=\"image\/jpeg\" \/>\n<meta name=\"author\" content=\"Memurun Sesi Haber Merkezi\" \/>\n<meta name=\"twitter:card\" content=\"summary_large_image\" \/>\n<meta name=\"twitter:creator\" content=\"@unipersen\" \/>\n<meta name=\"twitter:site\" content=\"@unipersen\" \/>\n<meta name=\"twitter:label1\" content=\"Yazan:\" \/>\n\t<meta name=\"twitter:data1\" content=\"Memurun Sesi Haber Merkezi\" \/>\n\t<meta name=\"twitter:label2\" content=\"Tahmini okuma s\u00fcresi\" \/>\n\t<meta name=\"twitter:data2\" content=\"1 dakika\" \/>\n<script type=\"application\/ld+json\" class=\"yoast-schema-graph\">{\"@context\":\"https:\\\/\\\/schema.org\",\"@graph\":[{\"@type\":\"Article\",\"@id\":\"https:\\\/\\\/memurunsesi.net\\\/index.php\\\/2025\\\/03\\\/28\\\/bayramda-semsiyesiz-disari-cikmayin\\\/#article\",\"isPartOf\":{\"@id\":\"https:\\\/\\\/memurunsesi.net\\\/index.php\\\/2025\\\/03\\\/28\\\/bayramda-semsiyesiz-disari-cikmayin\\\/\"},\"author\":{\"name\":\"Memurun Sesi Haber Merkezi\",\"@id\":\"https:\\\/\\\/memurunsesi.net\\\/#\\\/schema\\\/person\\\/f21c2d73b89f6ee1d80b0a1803e38587\"},\"headline\":\"Bayramda \u015femsiyesiz d\u0131\u015far\u0131 \u00e7\u0131kmay\u0131n\",\"datePublished\":\"2025-03-28T05:35:02+00:00\",\"mainEntityOfPage\":{\"@id\":\"https:\\\/\\\/memurunsesi.net\\\/index.php\\\/2025\\\/03\\\/28\\\/bayramda-semsiyesiz-disari-cikmayin\\\/\"},\"wordCount\":202,\"commentCount\":0,\"publisher\":{\"@id\":\"https:\\\/\\\/memurunsesi.net\\\/#organization\"},\"image\":{\"@id\":\"https:\\\/\\\/memurunsesi.net\\\/index.php\\\/2025\\\/03\\\/28\\\/bayramda-semsiyesiz-disari-cikmayin\\\/#primaryimage\"},\"thumbnailUrl\":\"https:\\\/\\\/memurunsesi.net\\\/wp-content\\\/uploads\\\/2025\\\/03\\\/AW421643_02-scaled.jpg\",\"articleSection\":[\"T\u00fcm Haberler\"],\"inLanguage\":\"tr\",\"potentialAction\":[{\"@type\":\"CommentAction\",\"name\":\"Comment\",\"target\":[\"https:\\\/\\\/memurunsesi.net\\\/index.php\\\/2025\\\/03\\\/28\\\/bayramda-semsiyesiz-disari-cikmayin\\\/#respond\"]}]},{\"@type\":\"WebPage\",\"@id\":\"https:\\\/\\\/memurunsesi.net\\\/index.php\\\/2025\\\/03\\\/28\\\/bayramda-semsiyesiz-disari-cikmayin\\\/\",\"url\":\"https:\\\/\\\/memurunsesi.net\\\/index.php\\\/2025\\\/03\\\/28\\\/bayramda-semsiyesiz-disari-cikmayin\\\/\",\"name\":\"Bayramda \u015femsiyesiz d\u0131\u015far\u0131 \u00e7\u0131kmay\u0131n - Memurun Sesi\",\"isPartOf\":{\"@id\":\"https:\\\/\\\/memurunsesi.net\\\/#website\"},\"primaryImageOfPage\":{\"@id\":\"https:\\\/\\\/memurunsesi.net\\\/index.php\\\/2025\\\/03\\\/28\\\/bayramda-semsiyesiz-disari-cikmayin\\\/#primaryimage\"},\"image\":{\"@id\":\"https:\\\/\\\/memurunsesi.net\\\/index.php\\\/2025\\\/03\\\/28\\\/bayramda-semsiyesiz-disari-cikmayin\\\/#primaryimage\"},\"thumbnailUrl\":\"https:\\\/\\\/memurunsesi.net\\\/wp-content\\\/uploads\\\/2025\\\/03\\\/AW421643_02-scaled.jpg\",\"datePublished\":\"2025-03-28T05:35:02+00:00\",\"breadcrumb\":{\"@id\":\"https:\\\/\\\/memurunsesi.net\\\/index.php\\\/2025\\\/03\\\/28\\\/bayramda-semsiyesiz-disari-cikmayin\\\/#breadcrumb\"},\"inLanguage\":\"tr\",\"potentialAction\":[{\"@type\":\"ReadAction\",\"target\":[\"https:\\\/\\\/memurunsesi.net\\\/index.php\\\/2025\\\/03\\\/28\\\/bayramda-semsiyesiz-disari-cikmayin\\\/\"]}]},{\"@type\":\"ImageObject\",\"inLanguage\":\"tr\",\"@id\":\"https:\\\/\\\/memurunsesi.net\\\/index.php\\\/2025\\\/03\\\/28\\\/bayramda-semsiyesiz-disari-cikmayin\\\/#primaryimage\",\"url\":\"https:\\\/\\\/memurunsesi.net\\\/wp-content\\\/uploads\\\/2025\\\/03\\\/AW421643_02-scaled.jpg\",\"contentUrl\":\"https:\\\/\\\/memurunsesi.net\\\/wp-content\\\/uploads\\\/2025\\\/03\\\/AW421643_02-scaled.jpg\",\"width\":1911,\"height\":2560,\"caption\":\"METEOROLOJ\u0130 4. B\u00d6LGE M\u00dcD\u00dcRL\u00dc\u011e\u00dc B\u00d6LGE TAHM\u0130N VE UYARI MERKEZ\u0130NDEN YAPILAN UYARIDA, MU\u011eLA \u00c7EVRES\u0130 RAMAZAN BAYRAMI S\u00dcRES\u0130NCE G\u00d6K G\u00dcR\u00dcLT\u00dc VE SA\u011eANAK YA\u011eI\u015eLI HAVANIN ETK\u0130S\u0130NDE OLACAK. (BEK\u0130R TOSUN\\\/MU\u011eLA-\u0130HA) Meteoroloji 4. B\u00f6lge M\u00fcd\u00fcrl\u00fc\u011f\u00fc B\u00f6lge Tahmin ve Uyar\u0131 Merkezinden yap\u0131lan uyar\u0131da, Mu\u011fla \u00e7evresi Ramazan Bayram\u0131 s\u00fcresince g\u00f6k g\u00fcr\u00fclt\u00fc ve sa\u011fanak ya\u011f\u0131\u015fl\u0131 havan\u0131n etkisinde olacak.\"},{\"@type\":\"BreadcrumbList\",\"@id\":\"https:\\\/\\\/memurunsesi.net\\\/index.php\\\/2025\\\/03\\\/28\\\/bayramda-semsiyesiz-disari-cikmayin\\\/#breadcrumb\",\"itemListElement\":[{\"@type\":\"ListItem\",\"position\":1,\"name\":\"Anasayfa\",\"item\":\"https:\\\/\\\/memurunsesi.net\\\/\"},{\"@type\":\"ListItem\",\"position\":2,\"name\":\"Bayramda \u015femsiyesiz d\u0131\u015far\u0131 \u00e7\u0131kmay\u0131n\"}]},{\"@type\":\"WebSite\",\"@id\":\"https:\\\/\\\/memurunsesi.net\\\/#website\",\"url\":\"https:\\\/\\\/memurunsesi.net\\\/\",\"name\":\"Memurun Sesi\",\"description\":\"G\u00fcncel ve Do\u011fru Haber\",\"publisher\":{\"@id\":\"https:\\\/\\\/memurunsesi.net\\\/#organization\"},\"potentialAction\":[{\"@type\":\"SearchAction\",\"target\":{\"@type\":\"EntryPoint\",\"urlTemplate\":\"https:\\\/\\\/memurunsesi.net\\\/?s={search_term_string}\"},\"query-input\":{\"@type\":\"PropertyValueSpecification\",\"valueRequired\":true,\"valueName\":\"search_term_string\"}}],\"inLanguage\":\"tr\"},{\"@type\":\"Organization\",\"@id\":\"https:\\\/\\\/memurunsesi.net\\\/#organization\",\"name\":\"Memurun Sesi\",\"url\":\"https:\\\/\\\/memurunsesi.net\\\/\",\"logo\":{\"@type\":\"ImageObject\",\"inLanguage\":\"tr\",\"@id\":\"https:\\\/\\\/memurunsesi.net\\\/#\\\/schema\\\/logo\\\/image\\\/\",\"url\":\"https:\\\/\\\/memurunsesi.net\\\/wp-content\\\/uploads\\\/2025\\\/11\\\/cropped-MEMURUN-SESI.png\",\"contentUrl\":\"https:\\\/\\\/memurunsesi.net\\\/wp-content\\\/uploads\\\/2025\\\/11\\\/cropped-MEMURUN-SESI.png\",\"width\":238,\"height\":57,\"caption\":\"Memurun Sesi\"},\"image\":{\"@id\":\"https:\\\/\\\/memurunsesi.net\\\/#\\\/schema\\\/logo\\\/image\\\/\"},\"sameAs\":[\"https:\\\/\\\/www.facebook.com\\\/unipersen\\\/?locale=tr_TR\",\"https:\\\/\\\/x.com\\\/unipersen\"]},{\"@type\":\"Person\",\"@id\":\"https:\\\/\\\/memurunsesi.net\\\/#\\\/schema\\\/person\\\/f21c2d73b89f6ee1d80b0a1803e38587\",\"name\":\"Memurun Sesi Haber Merkezi\",\"image\":{\"@type\":\"ImageObject\",\"inLanguage\":\"tr\",\"@id\":\"https:\\\/\\\/secure.gravatar.com\\\/avatar\\\/6cf0505f452ee753f485014986fab09a434671d2b919ee76fc541025c5876a70?s=96&d=mm&r=g\",\"url\":\"https:\\\/\\\/secure.gravatar.com\\\/avatar\\\/6cf0505f452ee753f485014986fab09a434671d2b919ee76fc541025c5876a70?s=96&d=mm&r=g\",\"contentUrl\":\"https:\\\/\\\/secure.gravatar.com\\\/avatar\\\/6cf0505f452ee753f485014986fab09a434671d2b919ee76fc541025c5876a70?s=96&d=mm&r=g\",\"caption\":\"Memurun Sesi Haber Merkezi\"},\"sameAs\":[\"https:\\\/\\\/memurunsesi.net\"],\"url\":\"https:\\\/\\\/memurunsesi.net\\\/index.php\\\/author\\\/uniper\\\/\"}]}<\/script>\n<!-- \/ Yoast SEO plugin. -->","yoast_head_json":{"title":"Bayramda \u015femsiyesiz d\u0131\u015far\u0131 \u00e7\u0131kmay\u0131n - Memurun Sesi","robots":{"index":"index","follow":"follow","max-snippet":"max-snippet:-1","max-image-preview":"max-image-preview:large","max-video-preview":"max-video-preview:-1"},"canonical":"https:\/\/memurunsesi.net\/index.php\/2025\/03\/28\/bayramda-semsiyesiz-disari-cikmayin\/","og_locale":"tr_TR","og_type":"article","og_title":"Bayramda \u015femsiyesiz d\u0131\u015far\u0131 \u00e7\u0131kmay\u0131n - Memurun Sesi","og_description":"Meteoroloji 4. B\u00f6lge M\u00fcd\u00fcrl\u00fc\u011f\u00fc B\u00f6lge Tahmin ve Uyar\u0131 Merkezinden yap\u0131lan uyar\u0131da, Mu\u011fla \u00e7evresi Ramazan Bayram\u0131 s\u00fcresince g\u00f6k g\u00fcr\u00fclt\u00fc ve sa\u011fanak ya\u011f\u0131\u015fl\u0131 havan\u0131n etkisinde olacak. Yap\u0131lan uyar\u0131da, &#8220;B\u00f6lgemizin 28 Mart 2025 Cuma g\u00fcn\u00fcnden itibaren bat\u0131 kesimlerden ba\u015flayarak ya\u011f\u0131\u015fl\u0131 havan\u0131n etkisi alt\u0131na girece\u011fi tahmin edilmektedir. Mevsim normallerinin olduk\u00e7a \u00fczerinde seyreden hava s\u0131cakl\u0131klar\u0131n\u0131n ya\u011f\u0131\u015fla birlikte bat\u0131 kesimlerinden ba\u015flayarak [&hellip;]","og_url":"https:\/\/memurunsesi.net\/index.php\/2025\/03\/28\/bayramda-semsiyesiz-disari-cikmayin\/","og_site_name":"Memurun Sesi","article_publisher":"https:\/\/www.facebook.com\/unipersen\/?locale=tr_TR","article_published_time":"2025-03-28T05:35:02+00:00","og_image":[{"width":1911,"height":2560,"url":"https:\/\/memurunsesi.net\/wp-content\/uploads\/2025\/03\/AW421643_02-scaled.jpg","type":"image\/jpeg"}],"author":"Memurun Sesi Haber Merkezi","twitter_card":"summary_large_image","twitter_creator":"@unipersen","twitter_site":"@unipersen","twitter_misc":{"Yazan:":"Memurun Sesi Haber Merkezi","Tahmini okuma s\u00fcresi":"1 dakika"},"schema":{"@context":"https:\/\/schema.org","@graph":[{"@type":"Article","@id":"https:\/\/memurunsesi.net\/index.php\/2025\/03\/28\/bayramda-semsiyesiz-disari-cikmayin\/#article","isPartOf":{"@id":"https:\/\/memurunsesi.net\/index.php\/2025\/03\/28\/bayramda-semsiyesiz-disari-cikmayin\/"},"author":{"name":"Memurun Sesi Haber Merkezi","@id":"https:\/\/memurunsesi.net\/#\/schema\/person\/f21c2d73b89f6ee1d80b0a1803e38587"},"headline":"Bayramda \u015femsiyesiz d\u0131\u015far\u0131 \u00e7\u0131kmay\u0131n","datePublished":"2025-03-28T05:35:02+00:00","mainEntityOfPage":{"@id":"https:\/\/memurunsesi.net\/index.php\/2025\/03\/28\/bayramda-semsiyesiz-disari-cikmayin\/"},"wordCount":202,"commentCount":0,"publisher":{"@id":"https:\/\/memurunsesi.net\/#organization"},"image":{"@id":"https:\/\/memurunsesi.net\/index.php\/2025\/03\/28\/bayramda-semsiyesiz-disari-cikmayin\/#primaryimage"},"thumbnailUrl":"https:\/\/memurunsesi.net\/wp-content\/uploads\/2025\/03\/AW421643_02-scaled.jpg","articleSection":["T\u00fcm Haberler"],"inLanguage":"tr","potentialAction":[{"@type":"CommentAction","name":"Comment","target":["https:\/\/memurunsesi.net\/index.php\/2025\/03\/28\/bayramda-semsiyesiz-disari-cikmayin\/#respond"]}]},{"@type":"WebPage","@id":"https:\/\/memurunsesi.net\/index.php\/2025\/03\/28\/bayramda-semsiyesiz-disari-cikmayin\/","url":"https:\/\/memurunsesi.net\/index.php\/2025\/03\/28\/bayramda-semsiyesiz-disari-cikmayin\/","name":"Bayramda \u015femsiyesiz d\u0131\u015far\u0131 \u00e7\u0131kmay\u0131n - Memurun Sesi","isPartOf":{"@id":"https:\/\/memurunsesi.net\/#website"},"primaryImageOfPage":{"@id":"https:\/\/memurunsesi.net\/index.php\/2025\/03\/28\/bayramda-semsiyesiz-disari-cikmayin\/#primaryimage"},"image":{"@id":"https:\/\/memurunsesi.net\/index.php\/2025\/03\/28\/bayramda-semsiyesiz-disari-cikmayin\/#primaryimage"},"thumbnailUrl":"https:\/\/memurunsesi.net\/wp-content\/uploads\/2025\/03\/AW421643_02-scaled.jpg","datePublished":"2025-03-28T05:35:02+00:00","breadcrumb":{"@id":"https:\/\/memurunsesi.net\/index.php\/2025\/03\/28\/bayramda-semsiyesiz-disari-cikmayin\/#breadcrumb"},"inLanguage":"tr","potentialAction":[{"@type":"ReadAction","target":["https:\/\/memurunsesi.net\/index.php\/2025\/03\/28\/bayramda-semsiyesiz-disari-cikmayin\/"]}]},{"@type":"ImageObject","inLanguage":"tr","@id":"https:\/\/memurunsesi.net\/index.php\/2025\/03\/28\/bayramda-semsiyesiz-disari-cikmayin\/#primaryimage","url":"https:\/\/memurunsesi.net\/wp-content\/uploads\/2025\/03\/AW421643_02-scaled.jpg","contentUrl":"https:\/\/memurunsesi.net\/wp-content\/uploads\/2025\/03\/AW421643_02-scaled.jpg","width":1911,"height":2560,"caption":"METEOROLOJ\u0130 4. B\u00d6LGE M\u00dcD\u00dcRL\u00dc\u011e\u00dc B\u00d6LGE TAHM\u0130N VE UYARI MERKEZ\u0130NDEN YAPILAN UYARIDA, MU\u011eLA \u00c7EVRES\u0130 RAMAZAN BAYRAMI S\u00dcRES\u0130NCE G\u00d6K G\u00dcR\u00dcLT\u00dc VE SA\u011eANAK YA\u011eI\u015eLI HAVANIN ETK\u0130S\u0130NDE OLACAK. (BEK\u0130R TOSUN\/MU\u011eLA-\u0130HA) Meteoroloji 4. B\u00f6lge M\u00fcd\u00fcrl\u00fc\u011f\u00fc B\u00f6lge Tahmin ve Uyar\u0131 Merkezinden yap\u0131lan uyar\u0131da, Mu\u011fla \u00e7evresi Ramazan Bayram\u0131 s\u00fcresince g\u00f6k g\u00fcr\u00fclt\u00fc ve sa\u011fanak ya\u011f\u0131\u015fl\u0131 havan\u0131n etkisinde olacak."},{"@type":"BreadcrumbList","@id":"https:\/\/memurunsesi.net\/index.php\/2025\/03\/28\/bayramda-semsiyesiz-disari-cikmayin\/#breadcrumb","itemListElement":[{"@type":"ListItem","position":1,"name":"Anasayfa","item":"https:\/\/memurunsesi.net\/"},{"@type":"ListItem","position":2,"name":"Bayramda \u015femsiyesiz d\u0131\u015far\u0131 \u00e7\u0131kmay\u0131n"}]},{"@type":"WebSite","@id":"https:\/\/memurunsesi.net\/#website","url":"https:\/\/memurunsesi.net\/","name":"Memurun Sesi","description":"G\u00fcncel ve Do\u011fru Haber","publisher":{"@id":"https:\/\/memurunsesi.net\/#organization"},"potentialAction":[{"@type":"SearchAction","target":{"@type":"EntryPoint","urlTemplate":"https:\/\/memurunsesi.net\/?s={search_term_string}"},"query-input":{"@type":"PropertyValueSpecification","valueRequired":true,"valueName":"search_term_string"}}],"inLanguage":"tr"},{"@type":"Organization","@id":"https:\/\/memurunsesi.net\/#organization","name":"Memurun Sesi","url":"https:\/\/memurunsesi.net\/","logo":{"@type":"ImageObject","inLanguage":"tr","@id":"https:\/\/memurunsesi.net\/#\/schema\/logo\/image\/","url":"https:\/\/memurunsesi.net\/wp-content\/uploads\/2025\/11\/cropped-MEMURUN-SESI.png","contentUrl":"https:\/\/memurunsesi.net\/wp-content\/uploads\/2025\/11\/cropped-MEMURUN-SESI.png","width":238,"height":57,"caption":"Memurun Sesi"},"image":{"@id":"https:\/\/memurunsesi.net\/#\/schema\/logo\/image\/"},"sameAs":["https:\/\/www.facebook.com\/unipersen\/?locale=tr_TR","https:\/\/x.com\/unipersen"]},{"@type":"Person","@id":"https:\/\/memurunsesi.net\/#\/schema\/person\/f21c2d73b89f6ee1d80b0a1803e38587","name":"Memurun Sesi Haber Merkezi","image":{"@type":"ImageObject","inLanguage":"tr","@id":"https:\/\/secure.gravatar.com\/avatar\/6cf0505f452ee753f485014986fab09a434671d2b919ee76fc541025c5876a70?s=96&d=mm&r=g","url":"https:\/\/secure.gravatar.com\/avatar\/6cf0505f452ee753f485014986fab09a434671d2b919ee76fc541025c5876a70?s=96&d=mm&r=g","contentUrl":"https:\/\/secure.gravatar.com\/avatar\/6cf0505f452ee753f485014986fab09a434671d2b919ee76fc541025c5876a70?s=96&d=mm&r=g","caption":"Memurun Sesi Haber Merkezi"},"sameAs":["https:\/\/memurunsesi.net"],"url":"https:\/\/memurunsesi.net\/index.php\/author\/uniper\/"}]}},"_links":{"self":[{"href":"https:\/\/memurunsesi.net\/index.php\/wp-json\/wp\/v2\/posts\/4463","targetHints":{"allow":["GET"]}}],"collection":[{"href":"https:\/\/memurunsesi.net\/index.php\/wp-json\/wp\/v2\/posts"}],"about":[{"href":"https:\/\/memurunsesi.net\/index.php\/wp-json\/wp\/v2\/types\/post"}],"author":[{"embeddable":true,"href":"https:\/\/memurunsesi.net\/index.php\/wp-json\/wp\/v2\/users\/1"}],"replies":[{"embeddable":true,"href":"https:\/\/memurunsesi.net\/index.php\/wp-json\/wp\/v2\/comments?post=4463"}],"version-history":[{"count":1,"href":"https:\/\/memurunsesi.net\/index.php\/wp-json\/wp\/v2\/posts\/4463\/revisions"}],"predecessor-version":[{"id":4465,"href":"https:\/\/memurunsesi.net\/index.php\/wp-json\/wp\/v2\/posts\/4463\/revisions\/4465"}],"wp:featuredmedia":[{"embeddable":true,"href":"https:\/\/memurunsesi.net\/index.php\/wp-json\/wp\/v2\/media\/4464"}],"wp:attachment":[{"href":"https:\/\/memurunsesi.net\/index.php\/wp-json\/wp\/v2\/media?parent=4463"}],"wp:term":[{"taxonomy":"category","embeddable":true,"href":"https:\/\/memurunsesi.net\/index.php\/wp-json\/wp\/v2\/categories?post=4463"},{"taxonomy":"post_tag","embeddable":true,"href":"https:\/\/memurunsesi.net\/index.php\/wp-json\/wp\/v2\/tags?post=4463"}],"curies":[{"name":"wp","href":"https:\/\/api.w.org\/{rel}","templated":true}]}}