{"id":4466,"date":"2025-03-28T08:36:23","date_gmt":"2025-03-28T05:36:23","guid":{"rendered":"https:\/\/memurunsesi.net\/?p=4466"},"modified":"2025-03-28T08:36:23","modified_gmt":"2025-03-28T05:36:23","slug":"bahcelievlerde-5-arac-alev-topuna-dondu","status":"publish","type":"post","link":"https:\/\/memurunsesi.net\/index.php\/2025\/03\/28\/bahcelievlerde-5-arac-alev-topuna-dondu\/","title":{"rendered":"Bah\u00e7elievler\u2019de 5 ara\u00e7 alev topuna d\u00f6nd\u00fc"},"content":{"rendered":"<p>Bah\u00e7elievler\u2019de gece saatlerinde park halindeki bir otomobilde hen\u00fcz bilinmeyen bir nedenden dolay\u0131 yang\u0131n \u00e7\u0131kt\u0131. K\u0131sa s\u00fcrede b\u00fcy\u00fcyen yang\u0131n park halindeki di\u011fer 4 araca da s\u0131\u00e7rad\u0131.<br \/>\nOlay, saat 03.30 s\u0131ralar\u0131nda Bah\u00e7elievler il\u00e7esi H\u00fcrriyet Mahallesi \u0130kizler Sokak\u2019ta meydana geldi. Edinilen bilgilere g\u00f6re, park halindeki bir otomobilde hen\u00fcz bilinmeyen bir nedenden dolay\u0131 yang\u0131n \u00e7\u0131kt\u0131. K\u0131sa s\u00fcrede b\u00fcy\u00fcyen yang\u0131n, park halindeki 4 araca da s\u0131\u00e7rad\u0131. Alevlerin metrelerce y\u00fckseldi\u011fi yang\u0131n, \u00e7evrede pani\u011fe neden oldu. \u0130hbar \u00fczerine olay yerine \u00e7ok say\u0131da itfaiye ekibi sevk edildi. Ekiplerin \u00e7al\u0131\u015fmas\u0131 sonucu s\u00f6nd\u00fcr\u00fclen yang\u0131nda 4 ara\u00e7 kullan\u0131lamaz hale gelirken, yaralanan kimsenin olmad\u0131\u011f\u0131 \u00f6\u011frenildi. \u00d6te yandan metrelerce y\u00fckselen alevler nedeniyle biti\u015fik binadaki camlar\u0131n k\u0131r\u0131ld\u0131\u011f\u0131 ve \u00fcst katlarda bulunan bir dairenin pencerelerinin eridi\u011fi g\u00f6r\u00fcld\u00fc. Yang\u0131n\u0131n binaya s\u0131\u00e7ramamas\u0131 muhtemel bir felaketin \u00f6n\u00fcne ge\u00e7ti.<br \/>\nAlev topuna d\u00f6nen ara\u00e7lar\u0131n yand\u0131\u011f\u0131 o anlar \u00e7evredeki bir vatanda\u015f taraf\u0131ndan g\u00f6r\u00fcnt\u00fclendi. G\u00f6r\u00fcnt\u00fclerde, alev topuna d\u00f6nen ara\u00e7lar, yang\u0131n esnas\u0131nda ya\u015fanan patlama ve \u00e7evredekilerin panik oldu\u011fu anlar yer ald\u0131.<br \/>\nPolis ekiplerinin yang\u0131nla ilgili inceleme ba\u015flatt\u0131\u011f\u0131 \u00f6\u011frenildi.<\/p>\n<p>28.03.2025<\/p>\n","protected":false},"excerpt":{"rendered":"<p>Bah\u00e7elievler\u2019de gece saatlerinde park halindeki bir otomobilde hen\u00fcz bilinmeyen bir nedenden dolay\u0131 yang\u0131n \u00e7\u0131kt\u0131. K\u0131sa s\u00fcrede b\u00fcy\u00fcyen yang\u0131n park halindeki di\u011fer 4 araca da s\u0131\u00e7rad\u0131. Olay, saat 03.30 s\u0131ralar\u0131nda Bah\u00e7elievler il\u00e7esi H\u00fcrriyet Mahallesi \u0130kizler Sokak\u2019ta meydana geldi. Edinilen bilgilere g\u00f6re, park halindeki bir otomobilde hen\u00fcz bilinmeyen bir nedenden dolay\u0131 yang\u0131n \u00e7\u0131kt\u0131. K\u0131sa s\u00fcrede b\u00fcy\u00fcyen yang\u0131n, [&hellip;]<\/p>\n","protected":false},"author":1,"featured_media":4467,"comment_status":"open","ping_status":"open","sticky":false,"template":"","format":"standard","meta":{"footnotes":""},"categories":[1],"tags":[],"class_list":["post-4466","post","type-post","status-publish","format-standard","has-post-thumbnail","hentry","category-genel"],"yoast_head":"<!-- This site is optimized with the Yoast SEO plugin v27.4 - https:\/\/yoast.com\/product\/yoast-seo-wordpress\/ -->\n<title>Bah\u00e7elievler\u2019de 5 ara\u00e7 alev topuna d\u00f6nd\u00fc - Memurun Sesi<\/title>\n<meta name=\"robots\" content=\"index, follow, max-snippet:-1, max-image-preview:large, max-video-preview:-1\" \/>\n<link rel=\"canonical\" href=\"https:\/\/memurunsesi.net\/index.php\/2025\/03\/28\/bahcelievlerde-5-arac-alev-topuna-dondu\/\" \/>\n<meta property=\"og:locale\" content=\"tr_TR\" \/>\n<meta property=\"og:type\" content=\"article\" \/>\n<meta property=\"og:title\" content=\"Bah\u00e7elievler\u2019de 5 ara\u00e7 alev topuna d\u00f6nd\u00fc - Memurun Sesi\" \/>\n<meta property=\"og:description\" content=\"Bah\u00e7elievler\u2019de gece saatlerinde park halindeki bir otomobilde hen\u00fcz bilinmeyen bir nedenden dolay\u0131 yang\u0131n \u00e7\u0131kt\u0131. K\u0131sa s\u00fcrede b\u00fcy\u00fcyen yang\u0131n park halindeki di\u011fer 4 araca da s\u0131\u00e7rad\u0131. Olay, saat 03.30 s\u0131ralar\u0131nda Bah\u00e7elievler il\u00e7esi H\u00fcrriyet Mahallesi \u0130kizler Sokak\u2019ta meydana geldi. Edinilen bilgilere g\u00f6re, park halindeki bir otomobilde hen\u00fcz bilinmeyen bir nedenden dolay\u0131 yang\u0131n \u00e7\u0131kt\u0131. K\u0131sa s\u00fcrede b\u00fcy\u00fcyen yang\u0131n, [&hellip;]\" \/>\n<meta property=\"og:url\" content=\"https:\/\/memurunsesi.net\/index.php\/2025\/03\/28\/bahcelievlerde-5-arac-alev-topuna-dondu\/\" \/>\n<meta property=\"og:site_name\" content=\"Memurun Sesi\" \/>\n<meta property=\"article:publisher\" content=\"https:\/\/www.facebook.com\/unipersen\/?locale=tr_TR\" \/>\n<meta property=\"article:published_time\" content=\"2025-03-28T05:36:23+00:00\" \/>\n<meta property=\"og:image\" content=\"https:\/\/memurunsesi.net\/wp-content\/uploads\/2025\/03\/AW421714_01.jpg\" \/>\n\t<meta property=\"og:image:width\" content=\"1200\" \/>\n\t<meta property=\"og:image:height\" content=\"1600\" \/>\n\t<meta property=\"og:image:type\" content=\"image\/jpeg\" \/>\n<meta name=\"author\" content=\"Memurun Sesi Haber Merkezi\" \/>\n<meta name=\"twitter:card\" content=\"summary_large_image\" \/>\n<meta name=\"twitter:creator\" content=\"@unipersen\" \/>\n<meta name=\"twitter:site\" content=\"@unipersen\" \/>\n<meta name=\"twitter:label1\" content=\"Yazan:\" \/>\n\t<meta name=\"twitter:data1\" content=\"Memurun Sesi Haber Merkezi\" \/>\n\t<meta name=\"twitter:label2\" content=\"Tahmini okuma s\u00fcresi\" \/>\n\t<meta name=\"twitter:data2\" content=\"1 dakika\" \/>\n<script type=\"application\/ld+json\" class=\"yoast-schema-graph\">{\"@context\":\"https:\\\/\\\/schema.org\",\"@graph\":[{\"@type\":\"Article\",\"@id\":\"https:\\\/\\\/memurunsesi.net\\\/index.php\\\/2025\\\/03\\\/28\\\/bahcelievlerde-5-arac-alev-topuna-dondu\\\/#article\",\"isPartOf\":{\"@id\":\"https:\\\/\\\/memurunsesi.net\\\/index.php\\\/2025\\\/03\\\/28\\\/bahcelievlerde-5-arac-alev-topuna-dondu\\\/\"},\"author\":{\"name\":\"Memurun Sesi Haber Merkezi\",\"@id\":\"https:\\\/\\\/memurunsesi.net\\\/#\\\/schema\\\/person\\\/f21c2d73b89f6ee1d80b0a1803e38587\"},\"headline\":\"Bah\u00e7elievler\u2019de 5 ara\u00e7 alev topuna d\u00f6nd\u00fc\",\"datePublished\":\"2025-03-28T05:36:23+00:00\",\"mainEntityOfPage\":{\"@id\":\"https:\\\/\\\/memurunsesi.net\\\/index.php\\\/2025\\\/03\\\/28\\\/bahcelievlerde-5-arac-alev-topuna-dondu\\\/\"},\"wordCount\":227,\"commentCount\":0,\"publisher\":{\"@id\":\"https:\\\/\\\/memurunsesi.net\\\/#organization\"},\"image\":{\"@id\":\"https:\\\/\\\/memurunsesi.net\\\/index.php\\\/2025\\\/03\\\/28\\\/bahcelievlerde-5-arac-alev-topuna-dondu\\\/#primaryimage\"},\"thumbnailUrl\":\"https:\\\/\\\/memurunsesi.net\\\/wp-content\\\/uploads\\\/2025\\\/03\\\/AW421714_01.jpg\",\"inLanguage\":\"tr\",\"potentialAction\":[{\"@type\":\"CommentAction\",\"name\":\"Comment\",\"target\":[\"https:\\\/\\\/memurunsesi.net\\\/index.php\\\/2025\\\/03\\\/28\\\/bahcelievlerde-5-arac-alev-topuna-dondu\\\/#respond\"]}]},{\"@type\":\"WebPage\",\"@id\":\"https:\\\/\\\/memurunsesi.net\\\/index.php\\\/2025\\\/03\\\/28\\\/bahcelievlerde-5-arac-alev-topuna-dondu\\\/\",\"url\":\"https:\\\/\\\/memurunsesi.net\\\/index.php\\\/2025\\\/03\\\/28\\\/bahcelievlerde-5-arac-alev-topuna-dondu\\\/\",\"name\":\"Bah\u00e7elievler\u2019de 5 ara\u00e7 alev topuna d\u00f6nd\u00fc - Memurun Sesi\",\"isPartOf\":{\"@id\":\"https:\\\/\\\/memurunsesi.net\\\/#website\"},\"primaryImageOfPage\":{\"@id\":\"https:\\\/\\\/memurunsesi.net\\\/index.php\\\/2025\\\/03\\\/28\\\/bahcelievlerde-5-arac-alev-topuna-dondu\\\/#primaryimage\"},\"image\":{\"@id\":\"https:\\\/\\\/memurunsesi.net\\\/index.php\\\/2025\\\/03\\\/28\\\/bahcelievlerde-5-arac-alev-topuna-dondu\\\/#primaryimage\"},\"thumbnailUrl\":\"https:\\\/\\\/memurunsesi.net\\\/wp-content\\\/uploads\\\/2025\\\/03\\\/AW421714_01.jpg\",\"datePublished\":\"2025-03-28T05:36:23+00:00\",\"breadcrumb\":{\"@id\":\"https:\\\/\\\/memurunsesi.net\\\/index.php\\\/2025\\\/03\\\/28\\\/bahcelievlerde-5-arac-alev-topuna-dondu\\\/#breadcrumb\"},\"inLanguage\":\"tr\",\"potentialAction\":[{\"@type\":\"ReadAction\",\"target\":[\"https:\\\/\\\/memurunsesi.net\\\/index.php\\\/2025\\\/03\\\/28\\\/bahcelievlerde-5-arac-alev-topuna-dondu\\\/\"]}]},{\"@type\":\"ImageObject\",\"inLanguage\":\"tr\",\"@id\":\"https:\\\/\\\/memurunsesi.net\\\/index.php\\\/2025\\\/03\\\/28\\\/bahcelievlerde-5-arac-alev-topuna-dondu\\\/#primaryimage\",\"url\":\"https:\\\/\\\/memurunsesi.net\\\/wp-content\\\/uploads\\\/2025\\\/03\\\/AW421714_01.jpg\",\"contentUrl\":\"https:\\\/\\\/memurunsesi.net\\\/wp-content\\\/uploads\\\/2025\\\/03\\\/AW421714_01.jpg\",\"width\":1200,\"height\":1600,\"caption\":\"BAH\u00c7EL\u0130EVLER'DE 5 ARA\u00c7 ALEV TOPUNA D\u00d6ND\u00dc (OZAN ERTURAN\\\/\u0130STANBUL-\u0130HA) Bah\u00e7elievler'de gece saatlerinde park halindeki bir otomobilde hen\u00fcz bilinmeyen bir nedenden dolay\u0131 yang\u0131n \u00e7\u0131kt\u0131. K\u0131sa s\u00fcrede b\u00fcy\u00fcyen yang\u0131n park halindeki di\u011fer 4 araca da s\u0131\u00e7rad\u0131.\"},{\"@type\":\"BreadcrumbList\",\"@id\":\"https:\\\/\\\/memurunsesi.net\\\/index.php\\\/2025\\\/03\\\/28\\\/bahcelievlerde-5-arac-alev-topuna-dondu\\\/#breadcrumb\",\"itemListElement\":[{\"@type\":\"ListItem\",\"position\":1,\"name\":\"Anasayfa\",\"item\":\"https:\\\/\\\/memurunsesi.net\\\/\"},{\"@type\":\"ListItem\",\"position\":2,\"name\":\"Bah\u00e7elievler\u2019de 5 ara\u00e7 alev topuna d\u00f6nd\u00fc\"}]},{\"@type\":\"WebSite\",\"@id\":\"https:\\\/\\\/memurunsesi.net\\\/#website\",\"url\":\"https:\\\/\\\/memurunsesi.net\\\/\",\"name\":\"Memurun Sesi\",\"description\":\"G\u00fcncel ve Do\u011fru Haber\",\"publisher\":{\"@id\":\"https:\\\/\\\/memurunsesi.net\\\/#organization\"},\"potentialAction\":[{\"@type\":\"SearchAction\",\"target\":{\"@type\":\"EntryPoint\",\"urlTemplate\":\"https:\\\/\\\/memurunsesi.net\\\/?s={search_term_string}\"},\"query-input\":{\"@type\":\"PropertyValueSpecification\",\"valueRequired\":true,\"valueName\":\"search_term_string\"}}],\"inLanguage\":\"tr\"},{\"@type\":\"Organization\",\"@id\":\"https:\\\/\\\/memurunsesi.net\\\/#organization\",\"name\":\"Memurun Sesi\",\"url\":\"https:\\\/\\\/memurunsesi.net\\\/\",\"logo\":{\"@type\":\"ImageObject\",\"inLanguage\":\"tr\",\"@id\":\"https:\\\/\\\/memurunsesi.net\\\/#\\\/schema\\\/logo\\\/image\\\/\",\"url\":\"https:\\\/\\\/memurunsesi.net\\\/wp-content\\\/uploads\\\/2025\\\/11\\\/cropped-MEMURUN-SESI.png\",\"contentUrl\":\"https:\\\/\\\/memurunsesi.net\\\/wp-content\\\/uploads\\\/2025\\\/11\\\/cropped-MEMURUN-SESI.png\",\"width\":238,\"height\":57,\"caption\":\"Memurun Sesi\"},\"image\":{\"@id\":\"https:\\\/\\\/memurunsesi.net\\\/#\\\/schema\\\/logo\\\/image\\\/\"},\"sameAs\":[\"https:\\\/\\\/www.facebook.com\\\/unipersen\\\/?locale=tr_TR\",\"https:\\\/\\\/x.com\\\/unipersen\"]},{\"@type\":\"Person\",\"@id\":\"https:\\\/\\\/memurunsesi.net\\\/#\\\/schema\\\/person\\\/f21c2d73b89f6ee1d80b0a1803e38587\",\"name\":\"Memurun Sesi Haber Merkezi\",\"image\":{\"@type\":\"ImageObject\",\"inLanguage\":\"tr\",\"@id\":\"https:\\\/\\\/secure.gravatar.com\\\/avatar\\\/6cf0505f452ee753f485014986fab09a434671d2b919ee76fc541025c5876a70?s=96&d=mm&r=g\",\"url\":\"https:\\\/\\\/secure.gravatar.com\\\/avatar\\\/6cf0505f452ee753f485014986fab09a434671d2b919ee76fc541025c5876a70?s=96&d=mm&r=g\",\"contentUrl\":\"https:\\\/\\\/secure.gravatar.com\\\/avatar\\\/6cf0505f452ee753f485014986fab09a434671d2b919ee76fc541025c5876a70?s=96&d=mm&r=g\",\"caption\":\"Memurun Sesi Haber Merkezi\"},\"sameAs\":[\"https:\\\/\\\/memurunsesi.net\"],\"url\":\"https:\\\/\\\/memurunsesi.net\\\/index.php\\\/author\\\/uniper\\\/\"}]}<\/script>\n<!-- \/ Yoast SEO plugin. -->","yoast_head_json":{"title":"Bah\u00e7elievler\u2019de 5 ara\u00e7 alev topuna d\u00f6nd\u00fc - Memurun Sesi","robots":{"index":"index","follow":"follow","max-snippet":"max-snippet:-1","max-image-preview":"max-image-preview:large","max-video-preview":"max-video-preview:-1"},"canonical":"https:\/\/memurunsesi.net\/index.php\/2025\/03\/28\/bahcelievlerde-5-arac-alev-topuna-dondu\/","og_locale":"tr_TR","og_type":"article","og_title":"Bah\u00e7elievler\u2019de 5 ara\u00e7 alev topuna d\u00f6nd\u00fc - Memurun Sesi","og_description":"Bah\u00e7elievler\u2019de gece saatlerinde park halindeki bir otomobilde hen\u00fcz bilinmeyen bir nedenden dolay\u0131 yang\u0131n \u00e7\u0131kt\u0131. K\u0131sa s\u00fcrede b\u00fcy\u00fcyen yang\u0131n park halindeki di\u011fer 4 araca da s\u0131\u00e7rad\u0131. Olay, saat 03.30 s\u0131ralar\u0131nda Bah\u00e7elievler il\u00e7esi H\u00fcrriyet Mahallesi \u0130kizler Sokak\u2019ta meydana geldi. Edinilen bilgilere g\u00f6re, park halindeki bir otomobilde hen\u00fcz bilinmeyen bir nedenden dolay\u0131 yang\u0131n \u00e7\u0131kt\u0131. K\u0131sa s\u00fcrede b\u00fcy\u00fcyen yang\u0131n, [&hellip;]","og_url":"https:\/\/memurunsesi.net\/index.php\/2025\/03\/28\/bahcelievlerde-5-arac-alev-topuna-dondu\/","og_site_name":"Memurun Sesi","article_publisher":"https:\/\/www.facebook.com\/unipersen\/?locale=tr_TR","article_published_time":"2025-03-28T05:36:23+00:00","og_image":[{"width":1200,"height":1600,"url":"https:\/\/memurunsesi.net\/wp-content\/uploads\/2025\/03\/AW421714_01.jpg","type":"image\/jpeg"}],"author":"Memurun Sesi Haber Merkezi","twitter_card":"summary_large_image","twitter_creator":"@unipersen","twitter_site":"@unipersen","twitter_misc":{"Yazan:":"Memurun Sesi Haber Merkezi","Tahmini okuma s\u00fcresi":"1 dakika"},"schema":{"@context":"https:\/\/schema.org","@graph":[{"@type":"Article","@id":"https:\/\/memurunsesi.net\/index.php\/2025\/03\/28\/bahcelievlerde-5-arac-alev-topuna-dondu\/#article","isPartOf":{"@id":"https:\/\/memurunsesi.net\/index.php\/2025\/03\/28\/bahcelievlerde-5-arac-alev-topuna-dondu\/"},"author":{"name":"Memurun Sesi Haber Merkezi","@id":"https:\/\/memurunsesi.net\/#\/schema\/person\/f21c2d73b89f6ee1d80b0a1803e38587"},"headline":"Bah\u00e7elievler\u2019de 5 ara\u00e7 alev topuna d\u00f6nd\u00fc","datePublished":"2025-03-28T05:36:23+00:00","mainEntityOfPage":{"@id":"https:\/\/memurunsesi.net\/index.php\/2025\/03\/28\/bahcelievlerde-5-arac-alev-topuna-dondu\/"},"wordCount":227,"commentCount":0,"publisher":{"@id":"https:\/\/memurunsesi.net\/#organization"},"image":{"@id":"https:\/\/memurunsesi.net\/index.php\/2025\/03\/28\/bahcelievlerde-5-arac-alev-topuna-dondu\/#primaryimage"},"thumbnailUrl":"https:\/\/memurunsesi.net\/wp-content\/uploads\/2025\/03\/AW421714_01.jpg","inLanguage":"tr","potentialAction":[{"@type":"CommentAction","name":"Comment","target":["https:\/\/memurunsesi.net\/index.php\/2025\/03\/28\/bahcelievlerde-5-arac-alev-topuna-dondu\/#respond"]}]},{"@type":"WebPage","@id":"https:\/\/memurunsesi.net\/index.php\/2025\/03\/28\/bahcelievlerde-5-arac-alev-topuna-dondu\/","url":"https:\/\/memurunsesi.net\/index.php\/2025\/03\/28\/bahcelievlerde-5-arac-alev-topuna-dondu\/","name":"Bah\u00e7elievler\u2019de 5 ara\u00e7 alev topuna d\u00f6nd\u00fc - Memurun Sesi","isPartOf":{"@id":"https:\/\/memurunsesi.net\/#website"},"primaryImageOfPage":{"@id":"https:\/\/memurunsesi.net\/index.php\/2025\/03\/28\/bahcelievlerde-5-arac-alev-topuna-dondu\/#primaryimage"},"image":{"@id":"https:\/\/memurunsesi.net\/index.php\/2025\/03\/28\/bahcelievlerde-5-arac-alev-topuna-dondu\/#primaryimage"},"thumbnailUrl":"https:\/\/memurunsesi.net\/wp-content\/uploads\/2025\/03\/AW421714_01.jpg","datePublished":"2025-03-28T05:36:23+00:00","breadcrumb":{"@id":"https:\/\/memurunsesi.net\/index.php\/2025\/03\/28\/bahcelievlerde-5-arac-alev-topuna-dondu\/#breadcrumb"},"inLanguage":"tr","potentialAction":[{"@type":"ReadAction","target":["https:\/\/memurunsesi.net\/index.php\/2025\/03\/28\/bahcelievlerde-5-arac-alev-topuna-dondu\/"]}]},{"@type":"ImageObject","inLanguage":"tr","@id":"https:\/\/memurunsesi.net\/index.php\/2025\/03\/28\/bahcelievlerde-5-arac-alev-topuna-dondu\/#primaryimage","url":"https:\/\/memurunsesi.net\/wp-content\/uploads\/2025\/03\/AW421714_01.jpg","contentUrl":"https:\/\/memurunsesi.net\/wp-content\/uploads\/2025\/03\/AW421714_01.jpg","width":1200,"height":1600,"caption":"BAH\u00c7EL\u0130EVLER'DE 5 ARA\u00c7 ALEV TOPUNA D\u00d6ND\u00dc (OZAN ERTURAN\/\u0130STANBUL-\u0130HA) Bah\u00e7elievler'de gece saatlerinde park halindeki bir otomobilde hen\u00fcz bilinmeyen bir nedenden dolay\u0131 yang\u0131n \u00e7\u0131kt\u0131. K\u0131sa s\u00fcrede b\u00fcy\u00fcyen yang\u0131n park halindeki di\u011fer 4 araca da s\u0131\u00e7rad\u0131."},{"@type":"BreadcrumbList","@id":"https:\/\/memurunsesi.net\/index.php\/2025\/03\/28\/bahcelievlerde-5-arac-alev-topuna-dondu\/#breadcrumb","itemListElement":[{"@type":"ListItem","position":1,"name":"Anasayfa","item":"https:\/\/memurunsesi.net\/"},{"@type":"ListItem","position":2,"name":"Bah\u00e7elievler\u2019de 5 ara\u00e7 alev topuna d\u00f6nd\u00fc"}]},{"@type":"WebSite","@id":"https:\/\/memurunsesi.net\/#website","url":"https:\/\/memurunsesi.net\/","name":"Memurun Sesi","description":"G\u00fcncel ve Do\u011fru Haber","publisher":{"@id":"https:\/\/memurunsesi.net\/#organization"},"potentialAction":[{"@type":"SearchAction","target":{"@type":"EntryPoint","urlTemplate":"https:\/\/memurunsesi.net\/?s={search_term_string}"},"query-input":{"@type":"PropertyValueSpecification","valueRequired":true,"valueName":"search_term_string"}}],"inLanguage":"tr"},{"@type":"Organization","@id":"https:\/\/memurunsesi.net\/#organization","name":"Memurun Sesi","url":"https:\/\/memurunsesi.net\/","logo":{"@type":"ImageObject","inLanguage":"tr","@id":"https:\/\/memurunsesi.net\/#\/schema\/logo\/image\/","url":"https:\/\/memurunsesi.net\/wp-content\/uploads\/2025\/11\/cropped-MEMURUN-SESI.png","contentUrl":"https:\/\/memurunsesi.net\/wp-content\/uploads\/2025\/11\/cropped-MEMURUN-SESI.png","width":238,"height":57,"caption":"Memurun Sesi"},"image":{"@id":"https:\/\/memurunsesi.net\/#\/schema\/logo\/image\/"},"sameAs":["https:\/\/www.facebook.com\/unipersen\/?locale=tr_TR","https:\/\/x.com\/unipersen"]},{"@type":"Person","@id":"https:\/\/memurunsesi.net\/#\/schema\/person\/f21c2d73b89f6ee1d80b0a1803e38587","name":"Memurun Sesi Haber Merkezi","image":{"@type":"ImageObject","inLanguage":"tr","@id":"https:\/\/secure.gravatar.com\/avatar\/6cf0505f452ee753f485014986fab09a434671d2b919ee76fc541025c5876a70?s=96&d=mm&r=g","url":"https:\/\/secure.gravatar.com\/avatar\/6cf0505f452ee753f485014986fab09a434671d2b919ee76fc541025c5876a70?s=96&d=mm&r=g","contentUrl":"https:\/\/secure.gravatar.com\/avatar\/6cf0505f452ee753f485014986fab09a434671d2b919ee76fc541025c5876a70?s=96&d=mm&r=g","caption":"Memurun Sesi Haber Merkezi"},"sameAs":["https:\/\/memurunsesi.net"],"url":"https:\/\/memurunsesi.net\/index.php\/author\/uniper\/"}]}},"_links":{"self":[{"href":"https:\/\/memurunsesi.net\/index.php\/wp-json\/wp\/v2\/posts\/4466","targetHints":{"allow":["GET"]}}],"collection":[{"href":"https:\/\/memurunsesi.net\/index.php\/wp-json\/wp\/v2\/posts"}],"about":[{"href":"https:\/\/memurunsesi.net\/index.php\/wp-json\/wp\/v2\/types\/post"}],"author":[{"embeddable":true,"href":"https:\/\/memurunsesi.net\/index.php\/wp-json\/wp\/v2\/users\/1"}],"replies":[{"embeddable":true,"href":"https:\/\/memurunsesi.net\/index.php\/wp-json\/wp\/v2\/comments?post=4466"}],"version-history":[{"count":1,"href":"https:\/\/memurunsesi.net\/index.php\/wp-json\/wp\/v2\/posts\/4466\/revisions"}],"predecessor-version":[{"id":4468,"href":"https:\/\/memurunsesi.net\/index.php\/wp-json\/wp\/v2\/posts\/4466\/revisions\/4468"}],"wp:featuredmedia":[{"embeddable":true,"href":"https:\/\/memurunsesi.net\/index.php\/wp-json\/wp\/v2\/media\/4467"}],"wp:attachment":[{"href":"https:\/\/memurunsesi.net\/index.php\/wp-json\/wp\/v2\/media?parent=4466"}],"wp:term":[{"taxonomy":"category","embeddable":true,"href":"https:\/\/memurunsesi.net\/index.php\/wp-json\/wp\/v2\/categories?post=4466"},{"taxonomy":"post_tag","embeddable":true,"href":"https:\/\/memurunsesi.net\/index.php\/wp-json\/wp\/v2\/tags?post=4466"}],"curies":[{"name":"wp","href":"https:\/\/api.w.org\/{rel}","templated":true}]}}