{"id":4469,"date":"2025-03-28T08:39:13","date_gmt":"2025-03-28T05:39:13","guid":{"rendered":"https:\/\/memurunsesi.net\/?p=4469"},"modified":"2025-03-28T08:39:13","modified_gmt":"2025-03-28T05:39:13","slug":"tekirdag-bolge-tiyatrosundan-gorkemli-muzikal","status":"publish","type":"post","link":"https:\/\/memurunsesi.net\/index.php\/2025\/03\/28\/tekirdag-bolge-tiyatrosundan-gorkemli-muzikal\/","title":{"rendered":"Tekirda\u011f B\u00f6lge Tiyatrosu&#8217;ndan g\u00f6rkemli m\u00fczikal"},"content":{"rendered":"<p>Tekirda\u011f B\u00f6lge Tiyatrosu, 27 Mart D\u00fcnya Tiyatro G\u00fcn\u00fc&#8217;nde tiyatro severlere unutulmaz bir gece ya\u015fatt\u0131.<br \/>\nYahya Kemal Beyatl\u0131 K\u00fclt\u00fcr Merkezi&#8217;nde, Senem \u00c7avu\u015fo\u011flu&#8217;nun y\u00f6netmenli\u011finde sahnelenen &#8220;Tiyatro M\u00fczikleri M\u00fczikali&#8221;, 40 ki\u015filik dev kadrosuyla S\u00fcleymanpa\u015fa&#8217;da sanatseverlerle bulu\u015ftu. G\u00f6steride, T\u00fcrk tiyatrosunun en sevilen m\u00fczikallerinden Hisseli Harikalar Kumpanyas\u0131, Kantocu ve L\u00fck\u00fcs Hayat gibi klasik eserlerden b\u00f6l\u00fcmler sahnelendi. Ayr\u0131ca, Shakespeare&#8217;in unutulmaz dizeleri ve H\u00fcseyin Rahmi G\u00fcrp\u0131nar&#8217;\u0131n eserlerinden uyarlamalar da geceye ayr\u0131 bir renk katt\u0131.<br \/>\nDans, m\u00fczik ve tiyatronun i\u00e7 i\u00e7e ge\u00e7ti\u011fi bu \u00f6zel g\u00f6steri, ge\u00e7mi\u015ften g\u00fcn\u00fcm\u00fcze uzanan zengin tiyatro miras\u0131n\u0131 seyirciyle bulu\u015fturdu. Etkileyici performanslar, nostaljik atmosfer ve co\u015fkulu koreografilerle sahnelenen m\u00fczikal, izleyicilerden b\u00fcy\u00fck alk\u0131\u015f ald\u0131.<br \/>\nTekirda\u011f B\u00f6lge Tiyatrosu&#8217;nun sanata ve tiyatroya verdi\u011fi \u00f6nem, bir kez daha sahnede hayat buldu. D\u00fcnya Tiyatro G\u00fcn\u00fc&#8217;ne \u00f6zel bu g\u00f6rkemli g\u00f6steri, tiyatronun birle\u015ftirici g\u00fcc\u00fcn\u00fc ve sanat\u0131n evrenselli\u011fini bir kez daha kan\u0131tlad\u0131.<\/p>\n<p>28.03.2025<\/p>\n","protected":false},"excerpt":{"rendered":"<p>Tekirda\u011f B\u00f6lge Tiyatrosu, 27 Mart D\u00fcnya Tiyatro G\u00fcn\u00fc&#8217;nde tiyatro severlere unutulmaz bir gece ya\u015fatt\u0131. Yahya Kemal Beyatl\u0131 K\u00fclt\u00fcr Merkezi&#8217;nde, Senem \u00c7avu\u015fo\u011flu&#8217;nun y\u00f6netmenli\u011finde sahnelenen &#8220;Tiyatro M\u00fczikleri M\u00fczikali&#8221;, 40 ki\u015filik dev kadrosuyla S\u00fcleymanpa\u015fa&#8217;da sanatseverlerle bulu\u015ftu. G\u00f6steride, T\u00fcrk tiyatrosunun en sevilen m\u00fczikallerinden Hisseli Harikalar Kumpanyas\u0131, Kantocu ve L\u00fck\u00fcs Hayat gibi klasik eserlerden b\u00f6l\u00fcmler sahnelendi. Ayr\u0131ca, Shakespeare&#8217;in unutulmaz dizeleri [&hellip;]<\/p>\n","protected":false},"author":1,"featured_media":4470,"comment_status":"open","ping_status":"open","sticky":false,"template":"","format":"standard","meta":{"footnotes":""},"categories":[50],"tags":[],"class_list":["post-4469","post","type-post","status-publish","format-standard","has-post-thumbnail","hentry","category-tum-haberler"],"yoast_head":"<!-- This site is optimized with the Yoast SEO plugin v27.4 - https:\/\/yoast.com\/product\/yoast-seo-wordpress\/ -->\n<title>Tekirda\u011f B\u00f6lge Tiyatrosu&#039;ndan g\u00f6rkemli m\u00fczikal - Memurun Sesi<\/title>\n<meta name=\"robots\" content=\"index, follow, max-snippet:-1, max-image-preview:large, max-video-preview:-1\" \/>\n<link rel=\"canonical\" href=\"https:\/\/memurunsesi.net\/index.php\/2025\/03\/28\/tekirdag-bolge-tiyatrosundan-gorkemli-muzikal\/\" \/>\n<meta property=\"og:locale\" content=\"tr_TR\" \/>\n<meta property=\"og:type\" content=\"article\" \/>\n<meta property=\"og:title\" content=\"Tekirda\u011f B\u00f6lge Tiyatrosu&#039;ndan g\u00f6rkemli m\u00fczikal - Memurun Sesi\" \/>\n<meta property=\"og:description\" content=\"Tekirda\u011f B\u00f6lge Tiyatrosu, 27 Mart D\u00fcnya Tiyatro G\u00fcn\u00fc&#8217;nde tiyatro severlere unutulmaz bir gece ya\u015fatt\u0131. Yahya Kemal Beyatl\u0131 K\u00fclt\u00fcr Merkezi&#8217;nde, Senem \u00c7avu\u015fo\u011flu&#8217;nun y\u00f6netmenli\u011finde sahnelenen &#8220;Tiyatro M\u00fczikleri M\u00fczikali&#8221;, 40 ki\u015filik dev kadrosuyla S\u00fcleymanpa\u015fa&#8217;da sanatseverlerle bulu\u015ftu. G\u00f6steride, T\u00fcrk tiyatrosunun en sevilen m\u00fczikallerinden Hisseli Harikalar Kumpanyas\u0131, Kantocu ve L\u00fck\u00fcs Hayat gibi klasik eserlerden b\u00f6l\u00fcmler sahnelendi. Ayr\u0131ca, Shakespeare&#8217;in unutulmaz dizeleri [&hellip;]\" \/>\n<meta property=\"og:url\" content=\"https:\/\/memurunsesi.net\/index.php\/2025\/03\/28\/tekirdag-bolge-tiyatrosundan-gorkemli-muzikal\/\" \/>\n<meta property=\"og:site_name\" content=\"Memurun Sesi\" \/>\n<meta property=\"article:publisher\" content=\"https:\/\/www.facebook.com\/unipersen\/?locale=tr_TR\" \/>\n<meta property=\"article:published_time\" content=\"2025-03-28T05:39:13+00:00\" \/>\n<meta property=\"og:image\" content=\"https:\/\/memurunsesi.net\/wp-content\/uploads\/2025\/03\/AW421713_03-scaled.jpg\" \/>\n\t<meta property=\"og:image:width\" content=\"2560\" \/>\n\t<meta property=\"og:image:height\" content=\"1707\" \/>\n\t<meta property=\"og:image:type\" content=\"image\/jpeg\" \/>\n<meta name=\"author\" content=\"Memurun Sesi Haber Merkezi\" \/>\n<meta name=\"twitter:card\" content=\"summary_large_image\" \/>\n<meta name=\"twitter:creator\" content=\"@unipersen\" \/>\n<meta name=\"twitter:site\" content=\"@unipersen\" \/>\n<meta name=\"twitter:label1\" content=\"Yazan:\" \/>\n\t<meta name=\"twitter:data1\" content=\"Memurun Sesi Haber Merkezi\" \/>\n\t<meta name=\"twitter:label2\" content=\"Tahmini okuma s\u00fcresi\" \/>\n\t<meta name=\"twitter:data2\" content=\"1 dakika\" \/>\n<script type=\"application\/ld+json\" class=\"yoast-schema-graph\">{\"@context\":\"https:\\\/\\\/schema.org\",\"@graph\":[{\"@type\":\"Article\",\"@id\":\"https:\\\/\\\/memurunsesi.net\\\/index.php\\\/2025\\\/03\\\/28\\\/tekirdag-bolge-tiyatrosundan-gorkemli-muzikal\\\/#article\",\"isPartOf\":{\"@id\":\"https:\\\/\\\/memurunsesi.net\\\/index.php\\\/2025\\\/03\\\/28\\\/tekirdag-bolge-tiyatrosundan-gorkemli-muzikal\\\/\"},\"author\":{\"name\":\"Memurun Sesi Haber Merkezi\",\"@id\":\"https:\\\/\\\/memurunsesi.net\\\/#\\\/schema\\\/person\\\/f21c2d73b89f6ee1d80b0a1803e38587\"},\"headline\":\"Tekirda\u011f B\u00f6lge Tiyatrosu&#8217;ndan g\u00f6rkemli m\u00fczikal\",\"datePublished\":\"2025-03-28T05:39:13+00:00\",\"mainEntityOfPage\":{\"@id\":\"https:\\\/\\\/memurunsesi.net\\\/index.php\\\/2025\\\/03\\\/28\\\/tekirdag-bolge-tiyatrosundan-gorkemli-muzikal\\\/\"},\"wordCount\":199,\"commentCount\":0,\"publisher\":{\"@id\":\"https:\\\/\\\/memurunsesi.net\\\/#organization\"},\"image\":{\"@id\":\"https:\\\/\\\/memurunsesi.net\\\/index.php\\\/2025\\\/03\\\/28\\\/tekirdag-bolge-tiyatrosundan-gorkemli-muzikal\\\/#primaryimage\"},\"thumbnailUrl\":\"https:\\\/\\\/memurunsesi.net\\\/wp-content\\\/uploads\\\/2025\\\/03\\\/AW421713_03-scaled.jpg\",\"articleSection\":[\"T\u00fcm Haberler\"],\"inLanguage\":\"tr\",\"potentialAction\":[{\"@type\":\"CommentAction\",\"name\":\"Comment\",\"target\":[\"https:\\\/\\\/memurunsesi.net\\\/index.php\\\/2025\\\/03\\\/28\\\/tekirdag-bolge-tiyatrosundan-gorkemli-muzikal\\\/#respond\"]}]},{\"@type\":\"WebPage\",\"@id\":\"https:\\\/\\\/memurunsesi.net\\\/index.php\\\/2025\\\/03\\\/28\\\/tekirdag-bolge-tiyatrosundan-gorkemli-muzikal\\\/\",\"url\":\"https:\\\/\\\/memurunsesi.net\\\/index.php\\\/2025\\\/03\\\/28\\\/tekirdag-bolge-tiyatrosundan-gorkemli-muzikal\\\/\",\"name\":\"Tekirda\u011f B\u00f6lge Tiyatrosu'ndan g\u00f6rkemli m\u00fczikal - Memurun Sesi\",\"isPartOf\":{\"@id\":\"https:\\\/\\\/memurunsesi.net\\\/#website\"},\"primaryImageOfPage\":{\"@id\":\"https:\\\/\\\/memurunsesi.net\\\/index.php\\\/2025\\\/03\\\/28\\\/tekirdag-bolge-tiyatrosundan-gorkemli-muzikal\\\/#primaryimage\"},\"image\":{\"@id\":\"https:\\\/\\\/memurunsesi.net\\\/index.php\\\/2025\\\/03\\\/28\\\/tekirdag-bolge-tiyatrosundan-gorkemli-muzikal\\\/#primaryimage\"},\"thumbnailUrl\":\"https:\\\/\\\/memurunsesi.net\\\/wp-content\\\/uploads\\\/2025\\\/03\\\/AW421713_03-scaled.jpg\",\"datePublished\":\"2025-03-28T05:39:13+00:00\",\"breadcrumb\":{\"@id\":\"https:\\\/\\\/memurunsesi.net\\\/index.php\\\/2025\\\/03\\\/28\\\/tekirdag-bolge-tiyatrosundan-gorkemli-muzikal\\\/#breadcrumb\"},\"inLanguage\":\"tr\",\"potentialAction\":[{\"@type\":\"ReadAction\",\"target\":[\"https:\\\/\\\/memurunsesi.net\\\/index.php\\\/2025\\\/03\\\/28\\\/tekirdag-bolge-tiyatrosundan-gorkemli-muzikal\\\/\"]}]},{\"@type\":\"ImageObject\",\"inLanguage\":\"tr\",\"@id\":\"https:\\\/\\\/memurunsesi.net\\\/index.php\\\/2025\\\/03\\\/28\\\/tekirdag-bolge-tiyatrosundan-gorkemli-muzikal\\\/#primaryimage\",\"url\":\"https:\\\/\\\/memurunsesi.net\\\/wp-content\\\/uploads\\\/2025\\\/03\\\/AW421713_03-scaled.jpg\",\"contentUrl\":\"https:\\\/\\\/memurunsesi.net\\\/wp-content\\\/uploads\\\/2025\\\/03\\\/AW421713_03-scaled.jpg\",\"width\":2560,\"height\":1707,\"caption\":\"TEK\u0130RDA\u011e B\u00d6LGE T\u0130YATROSU'NDAN G\u00d6RKEML\u0130 M\u00dcZ\u0130KAL (\u0130LHAN CAN ARICILAR\\\/TEK\u0130RDA\u011e-\u0130HA) Tekirda\u011f B\u00f6lge Tiyatrosu, 27 Mart D\u00fcnya Tiyatro G\u00fcn\u00fc'nde tiyatro severlere unutulmaz bir gece ya\u015fatt\u0131.\"},{\"@type\":\"BreadcrumbList\",\"@id\":\"https:\\\/\\\/memurunsesi.net\\\/index.php\\\/2025\\\/03\\\/28\\\/tekirdag-bolge-tiyatrosundan-gorkemli-muzikal\\\/#breadcrumb\",\"itemListElement\":[{\"@type\":\"ListItem\",\"position\":1,\"name\":\"Anasayfa\",\"item\":\"https:\\\/\\\/memurunsesi.net\\\/\"},{\"@type\":\"ListItem\",\"position\":2,\"name\":\"Tekirda\u011f B\u00f6lge Tiyatrosu&#8217;ndan g\u00f6rkemli m\u00fczikal\"}]},{\"@type\":\"WebSite\",\"@id\":\"https:\\\/\\\/memurunsesi.net\\\/#website\",\"url\":\"https:\\\/\\\/memurunsesi.net\\\/\",\"name\":\"Memurun Sesi\",\"description\":\"G\u00fcncel ve Do\u011fru Haber\",\"publisher\":{\"@id\":\"https:\\\/\\\/memurunsesi.net\\\/#organization\"},\"potentialAction\":[{\"@type\":\"SearchAction\",\"target\":{\"@type\":\"EntryPoint\",\"urlTemplate\":\"https:\\\/\\\/memurunsesi.net\\\/?s={search_term_string}\"},\"query-input\":{\"@type\":\"PropertyValueSpecification\",\"valueRequired\":true,\"valueName\":\"search_term_string\"}}],\"inLanguage\":\"tr\"},{\"@type\":\"Organization\",\"@id\":\"https:\\\/\\\/memurunsesi.net\\\/#organization\",\"name\":\"Memurun Sesi\",\"url\":\"https:\\\/\\\/memurunsesi.net\\\/\",\"logo\":{\"@type\":\"ImageObject\",\"inLanguage\":\"tr\",\"@id\":\"https:\\\/\\\/memurunsesi.net\\\/#\\\/schema\\\/logo\\\/image\\\/\",\"url\":\"https:\\\/\\\/memurunsesi.net\\\/wp-content\\\/uploads\\\/2025\\\/11\\\/cropped-MEMURUN-SESI.png\",\"contentUrl\":\"https:\\\/\\\/memurunsesi.net\\\/wp-content\\\/uploads\\\/2025\\\/11\\\/cropped-MEMURUN-SESI.png\",\"width\":238,\"height\":57,\"caption\":\"Memurun Sesi\"},\"image\":{\"@id\":\"https:\\\/\\\/memurunsesi.net\\\/#\\\/schema\\\/logo\\\/image\\\/\"},\"sameAs\":[\"https:\\\/\\\/www.facebook.com\\\/unipersen\\\/?locale=tr_TR\",\"https:\\\/\\\/x.com\\\/unipersen\"]},{\"@type\":\"Person\",\"@id\":\"https:\\\/\\\/memurunsesi.net\\\/#\\\/schema\\\/person\\\/f21c2d73b89f6ee1d80b0a1803e38587\",\"name\":\"Memurun Sesi Haber Merkezi\",\"image\":{\"@type\":\"ImageObject\",\"inLanguage\":\"tr\",\"@id\":\"https:\\\/\\\/secure.gravatar.com\\\/avatar\\\/6cf0505f452ee753f485014986fab09a434671d2b919ee76fc541025c5876a70?s=96&d=mm&r=g\",\"url\":\"https:\\\/\\\/secure.gravatar.com\\\/avatar\\\/6cf0505f452ee753f485014986fab09a434671d2b919ee76fc541025c5876a70?s=96&d=mm&r=g\",\"contentUrl\":\"https:\\\/\\\/secure.gravatar.com\\\/avatar\\\/6cf0505f452ee753f485014986fab09a434671d2b919ee76fc541025c5876a70?s=96&d=mm&r=g\",\"caption\":\"Memurun Sesi Haber Merkezi\"},\"sameAs\":[\"https:\\\/\\\/memurunsesi.net\"],\"url\":\"https:\\\/\\\/memurunsesi.net\\\/index.php\\\/author\\\/uniper\\\/\"}]}<\/script>\n<!-- \/ Yoast SEO plugin. -->","yoast_head_json":{"title":"Tekirda\u011f B\u00f6lge Tiyatrosu'ndan g\u00f6rkemli m\u00fczikal - Memurun Sesi","robots":{"index":"index","follow":"follow","max-snippet":"max-snippet:-1","max-image-preview":"max-image-preview:large","max-video-preview":"max-video-preview:-1"},"canonical":"https:\/\/memurunsesi.net\/index.php\/2025\/03\/28\/tekirdag-bolge-tiyatrosundan-gorkemli-muzikal\/","og_locale":"tr_TR","og_type":"article","og_title":"Tekirda\u011f B\u00f6lge Tiyatrosu'ndan g\u00f6rkemli m\u00fczikal - Memurun Sesi","og_description":"Tekirda\u011f B\u00f6lge Tiyatrosu, 27 Mart D\u00fcnya Tiyatro G\u00fcn\u00fc&#8217;nde tiyatro severlere unutulmaz bir gece ya\u015fatt\u0131. Yahya Kemal Beyatl\u0131 K\u00fclt\u00fcr Merkezi&#8217;nde, Senem \u00c7avu\u015fo\u011flu&#8217;nun y\u00f6netmenli\u011finde sahnelenen &#8220;Tiyatro M\u00fczikleri M\u00fczikali&#8221;, 40 ki\u015filik dev kadrosuyla S\u00fcleymanpa\u015fa&#8217;da sanatseverlerle bulu\u015ftu. G\u00f6steride, T\u00fcrk tiyatrosunun en sevilen m\u00fczikallerinden Hisseli Harikalar Kumpanyas\u0131, Kantocu ve L\u00fck\u00fcs Hayat gibi klasik eserlerden b\u00f6l\u00fcmler sahnelendi. Ayr\u0131ca, Shakespeare&#8217;in unutulmaz dizeleri [&hellip;]","og_url":"https:\/\/memurunsesi.net\/index.php\/2025\/03\/28\/tekirdag-bolge-tiyatrosundan-gorkemli-muzikal\/","og_site_name":"Memurun Sesi","article_publisher":"https:\/\/www.facebook.com\/unipersen\/?locale=tr_TR","article_published_time":"2025-03-28T05:39:13+00:00","og_image":[{"width":2560,"height":1707,"url":"https:\/\/memurunsesi.net\/wp-content\/uploads\/2025\/03\/AW421713_03-scaled.jpg","type":"image\/jpeg"}],"author":"Memurun Sesi Haber Merkezi","twitter_card":"summary_large_image","twitter_creator":"@unipersen","twitter_site":"@unipersen","twitter_misc":{"Yazan:":"Memurun Sesi Haber Merkezi","Tahmini okuma s\u00fcresi":"1 dakika"},"schema":{"@context":"https:\/\/schema.org","@graph":[{"@type":"Article","@id":"https:\/\/memurunsesi.net\/index.php\/2025\/03\/28\/tekirdag-bolge-tiyatrosundan-gorkemli-muzikal\/#article","isPartOf":{"@id":"https:\/\/memurunsesi.net\/index.php\/2025\/03\/28\/tekirdag-bolge-tiyatrosundan-gorkemli-muzikal\/"},"author":{"name":"Memurun Sesi Haber Merkezi","@id":"https:\/\/memurunsesi.net\/#\/schema\/person\/f21c2d73b89f6ee1d80b0a1803e38587"},"headline":"Tekirda\u011f B\u00f6lge Tiyatrosu&#8217;ndan g\u00f6rkemli m\u00fczikal","datePublished":"2025-03-28T05:39:13+00:00","mainEntityOfPage":{"@id":"https:\/\/memurunsesi.net\/index.php\/2025\/03\/28\/tekirdag-bolge-tiyatrosundan-gorkemli-muzikal\/"},"wordCount":199,"commentCount":0,"publisher":{"@id":"https:\/\/memurunsesi.net\/#organization"},"image":{"@id":"https:\/\/memurunsesi.net\/index.php\/2025\/03\/28\/tekirdag-bolge-tiyatrosundan-gorkemli-muzikal\/#primaryimage"},"thumbnailUrl":"https:\/\/memurunsesi.net\/wp-content\/uploads\/2025\/03\/AW421713_03-scaled.jpg","articleSection":["T\u00fcm Haberler"],"inLanguage":"tr","potentialAction":[{"@type":"CommentAction","name":"Comment","target":["https:\/\/memurunsesi.net\/index.php\/2025\/03\/28\/tekirdag-bolge-tiyatrosundan-gorkemli-muzikal\/#respond"]}]},{"@type":"WebPage","@id":"https:\/\/memurunsesi.net\/index.php\/2025\/03\/28\/tekirdag-bolge-tiyatrosundan-gorkemli-muzikal\/","url":"https:\/\/memurunsesi.net\/index.php\/2025\/03\/28\/tekirdag-bolge-tiyatrosundan-gorkemli-muzikal\/","name":"Tekirda\u011f B\u00f6lge Tiyatrosu'ndan g\u00f6rkemli m\u00fczikal - Memurun Sesi","isPartOf":{"@id":"https:\/\/memurunsesi.net\/#website"},"primaryImageOfPage":{"@id":"https:\/\/memurunsesi.net\/index.php\/2025\/03\/28\/tekirdag-bolge-tiyatrosundan-gorkemli-muzikal\/#primaryimage"},"image":{"@id":"https:\/\/memurunsesi.net\/index.php\/2025\/03\/28\/tekirdag-bolge-tiyatrosundan-gorkemli-muzikal\/#primaryimage"},"thumbnailUrl":"https:\/\/memurunsesi.net\/wp-content\/uploads\/2025\/03\/AW421713_03-scaled.jpg","datePublished":"2025-03-28T05:39:13+00:00","breadcrumb":{"@id":"https:\/\/memurunsesi.net\/index.php\/2025\/03\/28\/tekirdag-bolge-tiyatrosundan-gorkemli-muzikal\/#breadcrumb"},"inLanguage":"tr","potentialAction":[{"@type":"ReadAction","target":["https:\/\/memurunsesi.net\/index.php\/2025\/03\/28\/tekirdag-bolge-tiyatrosundan-gorkemli-muzikal\/"]}]},{"@type":"ImageObject","inLanguage":"tr","@id":"https:\/\/memurunsesi.net\/index.php\/2025\/03\/28\/tekirdag-bolge-tiyatrosundan-gorkemli-muzikal\/#primaryimage","url":"https:\/\/memurunsesi.net\/wp-content\/uploads\/2025\/03\/AW421713_03-scaled.jpg","contentUrl":"https:\/\/memurunsesi.net\/wp-content\/uploads\/2025\/03\/AW421713_03-scaled.jpg","width":2560,"height":1707,"caption":"TEK\u0130RDA\u011e B\u00d6LGE T\u0130YATROSU'NDAN G\u00d6RKEML\u0130 M\u00dcZ\u0130KAL (\u0130LHAN CAN ARICILAR\/TEK\u0130RDA\u011e-\u0130HA) Tekirda\u011f B\u00f6lge Tiyatrosu, 27 Mart D\u00fcnya Tiyatro G\u00fcn\u00fc'nde tiyatro severlere unutulmaz bir gece ya\u015fatt\u0131."},{"@type":"BreadcrumbList","@id":"https:\/\/memurunsesi.net\/index.php\/2025\/03\/28\/tekirdag-bolge-tiyatrosundan-gorkemli-muzikal\/#breadcrumb","itemListElement":[{"@type":"ListItem","position":1,"name":"Anasayfa","item":"https:\/\/memurunsesi.net\/"},{"@type":"ListItem","position":2,"name":"Tekirda\u011f B\u00f6lge Tiyatrosu&#8217;ndan g\u00f6rkemli m\u00fczikal"}]},{"@type":"WebSite","@id":"https:\/\/memurunsesi.net\/#website","url":"https:\/\/memurunsesi.net\/","name":"Memurun Sesi","description":"G\u00fcncel ve Do\u011fru Haber","publisher":{"@id":"https:\/\/memurunsesi.net\/#organization"},"potentialAction":[{"@type":"SearchAction","target":{"@type":"EntryPoint","urlTemplate":"https:\/\/memurunsesi.net\/?s={search_term_string}"},"query-input":{"@type":"PropertyValueSpecification","valueRequired":true,"valueName":"search_term_string"}}],"inLanguage":"tr"},{"@type":"Organization","@id":"https:\/\/memurunsesi.net\/#organization","name":"Memurun Sesi","url":"https:\/\/memurunsesi.net\/","logo":{"@type":"ImageObject","inLanguage":"tr","@id":"https:\/\/memurunsesi.net\/#\/schema\/logo\/image\/","url":"https:\/\/memurunsesi.net\/wp-content\/uploads\/2025\/11\/cropped-MEMURUN-SESI.png","contentUrl":"https:\/\/memurunsesi.net\/wp-content\/uploads\/2025\/11\/cropped-MEMURUN-SESI.png","width":238,"height":57,"caption":"Memurun Sesi"},"image":{"@id":"https:\/\/memurunsesi.net\/#\/schema\/logo\/image\/"},"sameAs":["https:\/\/www.facebook.com\/unipersen\/?locale=tr_TR","https:\/\/x.com\/unipersen"]},{"@type":"Person","@id":"https:\/\/memurunsesi.net\/#\/schema\/person\/f21c2d73b89f6ee1d80b0a1803e38587","name":"Memurun Sesi Haber Merkezi","image":{"@type":"ImageObject","inLanguage":"tr","@id":"https:\/\/secure.gravatar.com\/avatar\/6cf0505f452ee753f485014986fab09a434671d2b919ee76fc541025c5876a70?s=96&d=mm&r=g","url":"https:\/\/secure.gravatar.com\/avatar\/6cf0505f452ee753f485014986fab09a434671d2b919ee76fc541025c5876a70?s=96&d=mm&r=g","contentUrl":"https:\/\/secure.gravatar.com\/avatar\/6cf0505f452ee753f485014986fab09a434671d2b919ee76fc541025c5876a70?s=96&d=mm&r=g","caption":"Memurun Sesi Haber Merkezi"},"sameAs":["https:\/\/memurunsesi.net"],"url":"https:\/\/memurunsesi.net\/index.php\/author\/uniper\/"}]}},"_links":{"self":[{"href":"https:\/\/memurunsesi.net\/index.php\/wp-json\/wp\/v2\/posts\/4469","targetHints":{"allow":["GET"]}}],"collection":[{"href":"https:\/\/memurunsesi.net\/index.php\/wp-json\/wp\/v2\/posts"}],"about":[{"href":"https:\/\/memurunsesi.net\/index.php\/wp-json\/wp\/v2\/types\/post"}],"author":[{"embeddable":true,"href":"https:\/\/memurunsesi.net\/index.php\/wp-json\/wp\/v2\/users\/1"}],"replies":[{"embeddable":true,"href":"https:\/\/memurunsesi.net\/index.php\/wp-json\/wp\/v2\/comments?post=4469"}],"version-history":[{"count":1,"href":"https:\/\/memurunsesi.net\/index.php\/wp-json\/wp\/v2\/posts\/4469\/revisions"}],"predecessor-version":[{"id":4471,"href":"https:\/\/memurunsesi.net\/index.php\/wp-json\/wp\/v2\/posts\/4469\/revisions\/4471"}],"wp:featuredmedia":[{"embeddable":true,"href":"https:\/\/memurunsesi.net\/index.php\/wp-json\/wp\/v2\/media\/4470"}],"wp:attachment":[{"href":"https:\/\/memurunsesi.net\/index.php\/wp-json\/wp\/v2\/media?parent=4469"}],"wp:term":[{"taxonomy":"category","embeddable":true,"href":"https:\/\/memurunsesi.net\/index.php\/wp-json\/wp\/v2\/categories?post=4469"},{"taxonomy":"post_tag","embeddable":true,"href":"https:\/\/memurunsesi.net\/index.php\/wp-json\/wp\/v2\/tags?post=4469"}],"curies":[{"name":"wp","href":"https:\/\/api.w.org\/{rel}","templated":true}]}}