{"id":4496,"date":"2025-03-30T08:12:28","date_gmt":"2025-03-30T05:12:28","guid":{"rendered":"https:\/\/memurunsesi.net\/?p=4496"},"modified":"2025-03-30T08:12:28","modified_gmt":"2025-03-30T05:12:28","slug":"silopide-balkondan-dusen-cocuk-agir-yaralandi","status":"publish","type":"post","link":"https:\/\/memurunsesi.net\/index.php\/2025\/03\/30\/silopide-balkondan-dusen-cocuk-agir-yaralandi\/","title":{"rendered":"Silopi\u2019de balkondan d\u00fc\u015fen \u00e7ocuk a\u011f\u0131r yaraland\u0131"},"content":{"rendered":"<p>\u015e\u0131rnak\u2019\u0131n Silopi il\u00e7esinde balkondan d\u00fc\u015fen 14 ya\u015f\u0131ndaki k\u0131z \u00e7ocu\u011fu a\u011f\u0131r yaraland\u0131.<br \/>\nEdinilen bilgilere g\u00f6re, Silopi il\u00e7esinde 14 ya\u015f\u0131ndaki Kader Alaskan, 4\u2019\u00fcnc\u00fc Cadde\u2019de bulunan evinin balkonundan caddeye d\u00fc\u015ft\u00fc. A\u011f\u0131r yaralanan Alaskan, ilk olarak Silopi Devlet Hastanesi\u2019ne kald\u0131r\u0131ld\u0131. Burada yap\u0131lan ilk m\u00fcdahalelerin ard\u0131ndan durumu kritik oldu\u011fu i\u00e7in \u015e\u0131rnak \u00c7ocuk Cerrahisi\u2019ne sevk edildi. Kader Alaskan\u2019\u0131n hayati tehlikesinin devam etti\u011fi \u00f6\u011frenilirken, olayla ilgili inceleme ba\u015flat\u0131ld\u0131.<\/p>\n<p>30.03.2025<\/p>\n","protected":false},"excerpt":{"rendered":"<p>\u015e\u0131rnak\u2019\u0131n Silopi il\u00e7esinde balkondan d\u00fc\u015fen 14 ya\u015f\u0131ndaki k\u0131z \u00e7ocu\u011fu a\u011f\u0131r yaraland\u0131. Edinilen bilgilere g\u00f6re, Silopi il\u00e7esinde 14 ya\u015f\u0131ndaki Kader Alaskan, 4\u2019\u00fcnc\u00fc Cadde\u2019de bulunan evinin balkonundan caddeye d\u00fc\u015ft\u00fc. A\u011f\u0131r yaralanan Alaskan, ilk olarak Silopi Devlet Hastanesi\u2019ne kald\u0131r\u0131ld\u0131. Burada yap\u0131lan ilk m\u00fcdahalelerin ard\u0131ndan durumu kritik oldu\u011fu i\u00e7in \u015e\u0131rnak \u00c7ocuk Cerrahisi\u2019ne sevk edildi. Kader Alaskan\u2019\u0131n hayati tehlikesinin devam [&hellip;]<\/p>\n","protected":false},"author":1,"featured_media":4497,"comment_status":"open","ping_status":"open","sticky":false,"template":"","format":"standard","meta":{"footnotes":""},"categories":[1],"tags":[],"class_list":["post-4496","post","type-post","status-publish","format-standard","has-post-thumbnail","hentry","category-genel"],"yoast_head":"<!-- This site is optimized with the Yoast SEO plugin v27.4 - https:\/\/yoast.com\/product\/yoast-seo-wordpress\/ -->\n<title>Silopi\u2019de balkondan d\u00fc\u015fen \u00e7ocuk a\u011f\u0131r yaraland\u0131 - Memurun Sesi<\/title>\n<meta name=\"robots\" content=\"index, follow, max-snippet:-1, max-image-preview:large, max-video-preview:-1\" \/>\n<link rel=\"canonical\" href=\"https:\/\/memurunsesi.net\/index.php\/2025\/03\/30\/silopide-balkondan-dusen-cocuk-agir-yaralandi\/\" \/>\n<meta property=\"og:locale\" content=\"tr_TR\" \/>\n<meta property=\"og:type\" content=\"article\" \/>\n<meta property=\"og:title\" content=\"Silopi\u2019de balkondan d\u00fc\u015fen \u00e7ocuk a\u011f\u0131r yaraland\u0131 - Memurun Sesi\" \/>\n<meta property=\"og:description\" content=\"\u015e\u0131rnak\u2019\u0131n Silopi il\u00e7esinde balkondan d\u00fc\u015fen 14 ya\u015f\u0131ndaki k\u0131z \u00e7ocu\u011fu a\u011f\u0131r yaraland\u0131. Edinilen bilgilere g\u00f6re, Silopi il\u00e7esinde 14 ya\u015f\u0131ndaki Kader Alaskan, 4\u2019\u00fcnc\u00fc Cadde\u2019de bulunan evinin balkonundan caddeye d\u00fc\u015ft\u00fc. A\u011f\u0131r yaralanan Alaskan, ilk olarak Silopi Devlet Hastanesi\u2019ne kald\u0131r\u0131ld\u0131. Burada yap\u0131lan ilk m\u00fcdahalelerin ard\u0131ndan durumu kritik oldu\u011fu i\u00e7in \u015e\u0131rnak \u00c7ocuk Cerrahisi\u2019ne sevk edildi. Kader Alaskan\u2019\u0131n hayati tehlikesinin devam [&hellip;]\" \/>\n<meta property=\"og:url\" content=\"https:\/\/memurunsesi.net\/index.php\/2025\/03\/30\/silopide-balkondan-dusen-cocuk-agir-yaralandi\/\" \/>\n<meta property=\"og:site_name\" content=\"Memurun Sesi\" \/>\n<meta property=\"article:publisher\" content=\"https:\/\/www.facebook.com\/unipersen\/?locale=tr_TR\" \/>\n<meta property=\"article:published_time\" content=\"2025-03-30T05:12:28+00:00\" \/>\n<meta property=\"og:image\" content=\"https:\/\/memurunsesi.net\/wp-content\/uploads\/2025\/03\/AW423253_01.jpg\" \/>\n\t<meta property=\"og:image:width\" content=\"1290\" \/>\n\t<meta property=\"og:image:height\" content=\"843\" \/>\n\t<meta property=\"og:image:type\" content=\"image\/jpeg\" \/>\n<meta name=\"author\" content=\"Memurun Sesi Haber Merkezi\" \/>\n<meta name=\"twitter:card\" content=\"summary_large_image\" \/>\n<meta name=\"twitter:creator\" content=\"@unipersen\" \/>\n<meta name=\"twitter:site\" content=\"@unipersen\" \/>\n<meta name=\"twitter:label1\" content=\"Yazan:\" \/>\n\t<meta name=\"twitter:data1\" content=\"Memurun Sesi Haber Merkezi\" \/>\n<script type=\"application\/ld+json\" class=\"yoast-schema-graph\">{\"@context\":\"https:\\\/\\\/schema.org\",\"@graph\":[{\"@type\":\"Article\",\"@id\":\"https:\\\/\\\/memurunsesi.net\\\/index.php\\\/2025\\\/03\\\/30\\\/silopide-balkondan-dusen-cocuk-agir-yaralandi\\\/#article\",\"isPartOf\":{\"@id\":\"https:\\\/\\\/memurunsesi.net\\\/index.php\\\/2025\\\/03\\\/30\\\/silopide-balkondan-dusen-cocuk-agir-yaralandi\\\/\"},\"author\":{\"name\":\"Memurun Sesi Haber Merkezi\",\"@id\":\"https:\\\/\\\/memurunsesi.net\\\/#\\\/schema\\\/person\\\/f21c2d73b89f6ee1d80b0a1803e38587\"},\"headline\":\"Silopi\u2019de balkondan d\u00fc\u015fen \u00e7ocuk a\u011f\u0131r yaraland\u0131\",\"datePublished\":\"2025-03-30T05:12:28+00:00\",\"mainEntityOfPage\":{\"@id\":\"https:\\\/\\\/memurunsesi.net\\\/index.php\\\/2025\\\/03\\\/30\\\/silopide-balkondan-dusen-cocuk-agir-yaralandi\\\/\"},\"wordCount\":94,\"commentCount\":0,\"publisher\":{\"@id\":\"https:\\\/\\\/memurunsesi.net\\\/#organization\"},\"image\":{\"@id\":\"https:\\\/\\\/memurunsesi.net\\\/index.php\\\/2025\\\/03\\\/30\\\/silopide-balkondan-dusen-cocuk-agir-yaralandi\\\/#primaryimage\"},\"thumbnailUrl\":\"https:\\\/\\\/memurunsesi.net\\\/wp-content\\\/uploads\\\/2025\\\/03\\\/AW423253_01.jpg\",\"inLanguage\":\"tr\",\"potentialAction\":[{\"@type\":\"CommentAction\",\"name\":\"Comment\",\"target\":[\"https:\\\/\\\/memurunsesi.net\\\/index.php\\\/2025\\\/03\\\/30\\\/silopide-balkondan-dusen-cocuk-agir-yaralandi\\\/#respond\"]}]},{\"@type\":\"WebPage\",\"@id\":\"https:\\\/\\\/memurunsesi.net\\\/index.php\\\/2025\\\/03\\\/30\\\/silopide-balkondan-dusen-cocuk-agir-yaralandi\\\/\",\"url\":\"https:\\\/\\\/memurunsesi.net\\\/index.php\\\/2025\\\/03\\\/30\\\/silopide-balkondan-dusen-cocuk-agir-yaralandi\\\/\",\"name\":\"Silopi\u2019de balkondan d\u00fc\u015fen \u00e7ocuk a\u011f\u0131r yaraland\u0131 - Memurun Sesi\",\"isPartOf\":{\"@id\":\"https:\\\/\\\/memurunsesi.net\\\/#website\"},\"primaryImageOfPage\":{\"@id\":\"https:\\\/\\\/memurunsesi.net\\\/index.php\\\/2025\\\/03\\\/30\\\/silopide-balkondan-dusen-cocuk-agir-yaralandi\\\/#primaryimage\"},\"image\":{\"@id\":\"https:\\\/\\\/memurunsesi.net\\\/index.php\\\/2025\\\/03\\\/30\\\/silopide-balkondan-dusen-cocuk-agir-yaralandi\\\/#primaryimage\"},\"thumbnailUrl\":\"https:\\\/\\\/memurunsesi.net\\\/wp-content\\\/uploads\\\/2025\\\/03\\\/AW423253_01.jpg\",\"datePublished\":\"2025-03-30T05:12:28+00:00\",\"breadcrumb\":{\"@id\":\"https:\\\/\\\/memurunsesi.net\\\/index.php\\\/2025\\\/03\\\/30\\\/silopide-balkondan-dusen-cocuk-agir-yaralandi\\\/#breadcrumb\"},\"inLanguage\":\"tr\",\"potentialAction\":[{\"@type\":\"ReadAction\",\"target\":[\"https:\\\/\\\/memurunsesi.net\\\/index.php\\\/2025\\\/03\\\/30\\\/silopide-balkondan-dusen-cocuk-agir-yaralandi\\\/\"]}]},{\"@type\":\"ImageObject\",\"inLanguage\":\"tr\",\"@id\":\"https:\\\/\\\/memurunsesi.net\\\/index.php\\\/2025\\\/03\\\/30\\\/silopide-balkondan-dusen-cocuk-agir-yaralandi\\\/#primaryimage\",\"url\":\"https:\\\/\\\/memurunsesi.net\\\/wp-content\\\/uploads\\\/2025\\\/03\\\/AW423253_01.jpg\",\"contentUrl\":\"https:\\\/\\\/memurunsesi.net\\\/wp-content\\\/uploads\\\/2025\\\/03\\\/AW423253_01.jpg\",\"width\":1290,\"height\":843,\"caption\":\"S\u0130LOP\u0130'DE 14 YA\u015eINDAK\u0130 KIZ BALKONDAN D\u00dc\u015eEREK A\u011eIR YARALANDI (AHMET U\u00c7AR\\\/\u015eIRNAK-\u0130HA) \u015e\u0131rnak'\u0131n Silopi il\u00e7esinde balkondan d\u00fc\u015fen 14 ya\u015f\u0131ndaki k\u0131z \u00e7ocu\u011fu a\u011f\u0131r yaraland\u0131.\"},{\"@type\":\"BreadcrumbList\",\"@id\":\"https:\\\/\\\/memurunsesi.net\\\/index.php\\\/2025\\\/03\\\/30\\\/silopide-balkondan-dusen-cocuk-agir-yaralandi\\\/#breadcrumb\",\"itemListElement\":[{\"@type\":\"ListItem\",\"position\":1,\"name\":\"Anasayfa\",\"item\":\"https:\\\/\\\/memurunsesi.net\\\/\"},{\"@type\":\"ListItem\",\"position\":2,\"name\":\"Silopi\u2019de balkondan d\u00fc\u015fen \u00e7ocuk a\u011f\u0131r yaraland\u0131\"}]},{\"@type\":\"WebSite\",\"@id\":\"https:\\\/\\\/memurunsesi.net\\\/#website\",\"url\":\"https:\\\/\\\/memurunsesi.net\\\/\",\"name\":\"Memurun Sesi\",\"description\":\"G\u00fcncel ve Do\u011fru Haber\",\"publisher\":{\"@id\":\"https:\\\/\\\/memurunsesi.net\\\/#organization\"},\"potentialAction\":[{\"@type\":\"SearchAction\",\"target\":{\"@type\":\"EntryPoint\",\"urlTemplate\":\"https:\\\/\\\/memurunsesi.net\\\/?s={search_term_string}\"},\"query-input\":{\"@type\":\"PropertyValueSpecification\",\"valueRequired\":true,\"valueName\":\"search_term_string\"}}],\"inLanguage\":\"tr\"},{\"@type\":\"Organization\",\"@id\":\"https:\\\/\\\/memurunsesi.net\\\/#organization\",\"name\":\"Memurun Sesi\",\"url\":\"https:\\\/\\\/memurunsesi.net\\\/\",\"logo\":{\"@type\":\"ImageObject\",\"inLanguage\":\"tr\",\"@id\":\"https:\\\/\\\/memurunsesi.net\\\/#\\\/schema\\\/logo\\\/image\\\/\",\"url\":\"https:\\\/\\\/memurunsesi.net\\\/wp-content\\\/uploads\\\/2025\\\/11\\\/cropped-MEMURUN-SESI.png\",\"contentUrl\":\"https:\\\/\\\/memurunsesi.net\\\/wp-content\\\/uploads\\\/2025\\\/11\\\/cropped-MEMURUN-SESI.png\",\"width\":238,\"height\":57,\"caption\":\"Memurun Sesi\"},\"image\":{\"@id\":\"https:\\\/\\\/memurunsesi.net\\\/#\\\/schema\\\/logo\\\/image\\\/\"},\"sameAs\":[\"https:\\\/\\\/www.facebook.com\\\/unipersen\\\/?locale=tr_TR\",\"https:\\\/\\\/x.com\\\/unipersen\"]},{\"@type\":\"Person\",\"@id\":\"https:\\\/\\\/memurunsesi.net\\\/#\\\/schema\\\/person\\\/f21c2d73b89f6ee1d80b0a1803e38587\",\"name\":\"Memurun Sesi Haber Merkezi\",\"image\":{\"@type\":\"ImageObject\",\"inLanguage\":\"tr\",\"@id\":\"https:\\\/\\\/secure.gravatar.com\\\/avatar\\\/6cf0505f452ee753f485014986fab09a434671d2b919ee76fc541025c5876a70?s=96&d=mm&r=g\",\"url\":\"https:\\\/\\\/secure.gravatar.com\\\/avatar\\\/6cf0505f452ee753f485014986fab09a434671d2b919ee76fc541025c5876a70?s=96&d=mm&r=g\",\"contentUrl\":\"https:\\\/\\\/secure.gravatar.com\\\/avatar\\\/6cf0505f452ee753f485014986fab09a434671d2b919ee76fc541025c5876a70?s=96&d=mm&r=g\",\"caption\":\"Memurun Sesi Haber Merkezi\"},\"sameAs\":[\"https:\\\/\\\/memurunsesi.net\"],\"url\":\"https:\\\/\\\/memurunsesi.net\\\/index.php\\\/author\\\/uniper\\\/\"}]}<\/script>\n<!-- \/ Yoast SEO plugin. -->","yoast_head_json":{"title":"Silopi\u2019de balkondan d\u00fc\u015fen \u00e7ocuk a\u011f\u0131r yaraland\u0131 - Memurun Sesi","robots":{"index":"index","follow":"follow","max-snippet":"max-snippet:-1","max-image-preview":"max-image-preview:large","max-video-preview":"max-video-preview:-1"},"canonical":"https:\/\/memurunsesi.net\/index.php\/2025\/03\/30\/silopide-balkondan-dusen-cocuk-agir-yaralandi\/","og_locale":"tr_TR","og_type":"article","og_title":"Silopi\u2019de balkondan d\u00fc\u015fen \u00e7ocuk a\u011f\u0131r yaraland\u0131 - Memurun Sesi","og_description":"\u015e\u0131rnak\u2019\u0131n Silopi il\u00e7esinde balkondan d\u00fc\u015fen 14 ya\u015f\u0131ndaki k\u0131z \u00e7ocu\u011fu a\u011f\u0131r yaraland\u0131. Edinilen bilgilere g\u00f6re, Silopi il\u00e7esinde 14 ya\u015f\u0131ndaki Kader Alaskan, 4\u2019\u00fcnc\u00fc Cadde\u2019de bulunan evinin balkonundan caddeye d\u00fc\u015ft\u00fc. A\u011f\u0131r yaralanan Alaskan, ilk olarak Silopi Devlet Hastanesi\u2019ne kald\u0131r\u0131ld\u0131. Burada yap\u0131lan ilk m\u00fcdahalelerin ard\u0131ndan durumu kritik oldu\u011fu i\u00e7in \u015e\u0131rnak \u00c7ocuk Cerrahisi\u2019ne sevk edildi. Kader Alaskan\u2019\u0131n hayati tehlikesinin devam [&hellip;]","og_url":"https:\/\/memurunsesi.net\/index.php\/2025\/03\/30\/silopide-balkondan-dusen-cocuk-agir-yaralandi\/","og_site_name":"Memurun Sesi","article_publisher":"https:\/\/www.facebook.com\/unipersen\/?locale=tr_TR","article_published_time":"2025-03-30T05:12:28+00:00","og_image":[{"width":1290,"height":843,"url":"https:\/\/memurunsesi.net\/wp-content\/uploads\/2025\/03\/AW423253_01.jpg","type":"image\/jpeg"}],"author":"Memurun Sesi Haber Merkezi","twitter_card":"summary_large_image","twitter_creator":"@unipersen","twitter_site":"@unipersen","twitter_misc":{"Yazan:":"Memurun Sesi Haber Merkezi"},"schema":{"@context":"https:\/\/schema.org","@graph":[{"@type":"Article","@id":"https:\/\/memurunsesi.net\/index.php\/2025\/03\/30\/silopide-balkondan-dusen-cocuk-agir-yaralandi\/#article","isPartOf":{"@id":"https:\/\/memurunsesi.net\/index.php\/2025\/03\/30\/silopide-balkondan-dusen-cocuk-agir-yaralandi\/"},"author":{"name":"Memurun Sesi Haber Merkezi","@id":"https:\/\/memurunsesi.net\/#\/schema\/person\/f21c2d73b89f6ee1d80b0a1803e38587"},"headline":"Silopi\u2019de balkondan d\u00fc\u015fen \u00e7ocuk a\u011f\u0131r yaraland\u0131","datePublished":"2025-03-30T05:12:28+00:00","mainEntityOfPage":{"@id":"https:\/\/memurunsesi.net\/index.php\/2025\/03\/30\/silopide-balkondan-dusen-cocuk-agir-yaralandi\/"},"wordCount":94,"commentCount":0,"publisher":{"@id":"https:\/\/memurunsesi.net\/#organization"},"image":{"@id":"https:\/\/memurunsesi.net\/index.php\/2025\/03\/30\/silopide-balkondan-dusen-cocuk-agir-yaralandi\/#primaryimage"},"thumbnailUrl":"https:\/\/memurunsesi.net\/wp-content\/uploads\/2025\/03\/AW423253_01.jpg","inLanguage":"tr","potentialAction":[{"@type":"CommentAction","name":"Comment","target":["https:\/\/memurunsesi.net\/index.php\/2025\/03\/30\/silopide-balkondan-dusen-cocuk-agir-yaralandi\/#respond"]}]},{"@type":"WebPage","@id":"https:\/\/memurunsesi.net\/index.php\/2025\/03\/30\/silopide-balkondan-dusen-cocuk-agir-yaralandi\/","url":"https:\/\/memurunsesi.net\/index.php\/2025\/03\/30\/silopide-balkondan-dusen-cocuk-agir-yaralandi\/","name":"Silopi\u2019de balkondan d\u00fc\u015fen \u00e7ocuk a\u011f\u0131r yaraland\u0131 - Memurun Sesi","isPartOf":{"@id":"https:\/\/memurunsesi.net\/#website"},"primaryImageOfPage":{"@id":"https:\/\/memurunsesi.net\/index.php\/2025\/03\/30\/silopide-balkondan-dusen-cocuk-agir-yaralandi\/#primaryimage"},"image":{"@id":"https:\/\/memurunsesi.net\/index.php\/2025\/03\/30\/silopide-balkondan-dusen-cocuk-agir-yaralandi\/#primaryimage"},"thumbnailUrl":"https:\/\/memurunsesi.net\/wp-content\/uploads\/2025\/03\/AW423253_01.jpg","datePublished":"2025-03-30T05:12:28+00:00","breadcrumb":{"@id":"https:\/\/memurunsesi.net\/index.php\/2025\/03\/30\/silopide-balkondan-dusen-cocuk-agir-yaralandi\/#breadcrumb"},"inLanguage":"tr","potentialAction":[{"@type":"ReadAction","target":["https:\/\/memurunsesi.net\/index.php\/2025\/03\/30\/silopide-balkondan-dusen-cocuk-agir-yaralandi\/"]}]},{"@type":"ImageObject","inLanguage":"tr","@id":"https:\/\/memurunsesi.net\/index.php\/2025\/03\/30\/silopide-balkondan-dusen-cocuk-agir-yaralandi\/#primaryimage","url":"https:\/\/memurunsesi.net\/wp-content\/uploads\/2025\/03\/AW423253_01.jpg","contentUrl":"https:\/\/memurunsesi.net\/wp-content\/uploads\/2025\/03\/AW423253_01.jpg","width":1290,"height":843,"caption":"S\u0130LOP\u0130'DE 14 YA\u015eINDAK\u0130 KIZ BALKONDAN D\u00dc\u015eEREK A\u011eIR YARALANDI (AHMET U\u00c7AR\/\u015eIRNAK-\u0130HA) \u015e\u0131rnak'\u0131n Silopi il\u00e7esinde balkondan d\u00fc\u015fen 14 ya\u015f\u0131ndaki k\u0131z \u00e7ocu\u011fu a\u011f\u0131r yaraland\u0131."},{"@type":"BreadcrumbList","@id":"https:\/\/memurunsesi.net\/index.php\/2025\/03\/30\/silopide-balkondan-dusen-cocuk-agir-yaralandi\/#breadcrumb","itemListElement":[{"@type":"ListItem","position":1,"name":"Anasayfa","item":"https:\/\/memurunsesi.net\/"},{"@type":"ListItem","position":2,"name":"Silopi\u2019de balkondan d\u00fc\u015fen \u00e7ocuk a\u011f\u0131r yaraland\u0131"}]},{"@type":"WebSite","@id":"https:\/\/memurunsesi.net\/#website","url":"https:\/\/memurunsesi.net\/","name":"Memurun Sesi","description":"G\u00fcncel ve Do\u011fru Haber","publisher":{"@id":"https:\/\/memurunsesi.net\/#organization"},"potentialAction":[{"@type":"SearchAction","target":{"@type":"EntryPoint","urlTemplate":"https:\/\/memurunsesi.net\/?s={search_term_string}"},"query-input":{"@type":"PropertyValueSpecification","valueRequired":true,"valueName":"search_term_string"}}],"inLanguage":"tr"},{"@type":"Organization","@id":"https:\/\/memurunsesi.net\/#organization","name":"Memurun Sesi","url":"https:\/\/memurunsesi.net\/","logo":{"@type":"ImageObject","inLanguage":"tr","@id":"https:\/\/memurunsesi.net\/#\/schema\/logo\/image\/","url":"https:\/\/memurunsesi.net\/wp-content\/uploads\/2025\/11\/cropped-MEMURUN-SESI.png","contentUrl":"https:\/\/memurunsesi.net\/wp-content\/uploads\/2025\/11\/cropped-MEMURUN-SESI.png","width":238,"height":57,"caption":"Memurun Sesi"},"image":{"@id":"https:\/\/memurunsesi.net\/#\/schema\/logo\/image\/"},"sameAs":["https:\/\/www.facebook.com\/unipersen\/?locale=tr_TR","https:\/\/x.com\/unipersen"]},{"@type":"Person","@id":"https:\/\/memurunsesi.net\/#\/schema\/person\/f21c2d73b89f6ee1d80b0a1803e38587","name":"Memurun Sesi Haber Merkezi","image":{"@type":"ImageObject","inLanguage":"tr","@id":"https:\/\/secure.gravatar.com\/avatar\/6cf0505f452ee753f485014986fab09a434671d2b919ee76fc541025c5876a70?s=96&d=mm&r=g","url":"https:\/\/secure.gravatar.com\/avatar\/6cf0505f452ee753f485014986fab09a434671d2b919ee76fc541025c5876a70?s=96&d=mm&r=g","contentUrl":"https:\/\/secure.gravatar.com\/avatar\/6cf0505f452ee753f485014986fab09a434671d2b919ee76fc541025c5876a70?s=96&d=mm&r=g","caption":"Memurun Sesi Haber Merkezi"},"sameAs":["https:\/\/memurunsesi.net"],"url":"https:\/\/memurunsesi.net\/index.php\/author\/uniper\/"}]}},"_links":{"self":[{"href":"https:\/\/memurunsesi.net\/index.php\/wp-json\/wp\/v2\/posts\/4496","targetHints":{"allow":["GET"]}}],"collection":[{"href":"https:\/\/memurunsesi.net\/index.php\/wp-json\/wp\/v2\/posts"}],"about":[{"href":"https:\/\/memurunsesi.net\/index.php\/wp-json\/wp\/v2\/types\/post"}],"author":[{"embeddable":true,"href":"https:\/\/memurunsesi.net\/index.php\/wp-json\/wp\/v2\/users\/1"}],"replies":[{"embeddable":true,"href":"https:\/\/memurunsesi.net\/index.php\/wp-json\/wp\/v2\/comments?post=4496"}],"version-history":[{"count":1,"href":"https:\/\/memurunsesi.net\/index.php\/wp-json\/wp\/v2\/posts\/4496\/revisions"}],"predecessor-version":[{"id":4498,"href":"https:\/\/memurunsesi.net\/index.php\/wp-json\/wp\/v2\/posts\/4496\/revisions\/4498"}],"wp:featuredmedia":[{"embeddable":true,"href":"https:\/\/memurunsesi.net\/index.php\/wp-json\/wp\/v2\/media\/4497"}],"wp:attachment":[{"href":"https:\/\/memurunsesi.net\/index.php\/wp-json\/wp\/v2\/media?parent=4496"}],"wp:term":[{"taxonomy":"category","embeddable":true,"href":"https:\/\/memurunsesi.net\/index.php\/wp-json\/wp\/v2\/categories?post=4496"},{"taxonomy":"post_tag","embeddable":true,"href":"https:\/\/memurunsesi.net\/index.php\/wp-json\/wp\/v2\/tags?post=4496"}],"curies":[{"name":"wp","href":"https:\/\/api.w.org\/{rel}","templated":true}]}}