{"id":4508,"date":"2025-03-30T08:19:00","date_gmt":"2025-03-30T05:19:00","guid":{"rendered":"https:\/\/memurunsesi.net\/?p=4508"},"modified":"2025-03-30T08:19:00","modified_gmt":"2025-03-30T05:19:00","slug":"real-madrid-leganes-karsisinda-geri-donusle-kazandi","status":"publish","type":"post","link":"https:\/\/memurunsesi.net\/index.php\/2025\/03\/30\/real-madrid-leganes-karsisinda-geri-donusle-kazandi\/","title":{"rendered":"Real Madrid, Leganes kar\u015f\u0131s\u0131nda geri d\u00f6n\u00fc\u015fle kazand\u0131"},"content":{"rendered":"<p>&#8211; LaLiga: Real Madrid: 3 &#8211; Leganes: 2<br \/>\n&#8211; Milli futbolcu Arda G\u00fcler 11&#8217;de ba\u015flad\u0131<\/p>\n<p>Real Madrid, LaLiga&#8217;da konuk etti\u011fi Leganes kar\u015f\u0131s\u0131nda 2-1 geriye d\u00fc\u015fmesine ra\u011fmen 3 puan\u0131 ald\u0131 ve zirve yolunda hata yapmad\u0131.<br \/>\n\u0130spanya LaLiga&#8217;n\u0131n 29. haftas\u0131nda Real Madrid, evinde alt s\u0131ralarda yer alan Leganes ile kar\u015f\u0131la\u015ft\u0131. Milli ma\u00e7 aras\u0131 \u00f6ncesi \u00e7\u0131kt\u0131\u011f\u0131 2 ma\u00e7ta hanesine 6 puan yazd\u0131ran eflatun-beyazl\u0131larda milli futbolcu Arda G\u00fcler, sahaya 11&#8217;de \u00e7\u0131kt\u0131. Santiago Bernabeu&#8217;da oynanan m\u00fccadelenin 30. dakikas\u0131nda Arda, rakibinin m\u00fcdahalesiyle ceza sahas\u0131 i\u00e7inde yerde kal\u0131rken hakem Gonzales Fuertes penalt\u0131 noktas\u0131n\u0131 g\u00f6sterdi. Penalt\u0131da topun ba\u015f\u0131na ge\u00e7en Frans\u0131z y\u0131ld\u0131z Kylian Mbappe topu a\u011flara g\u00f6nderdi. Gol\u00fcn ard\u0131ndan pozisyonlara giren konuk ekip, Diego Garcia Campos ve Dani Raba&#8217;n\u0131n golleriyle 7 dakikada buldu\u011fu 2 golle \u00f6ne ge\u00e7ti. \u0130lk yar\u0131s\u0131 Leganes&#8217;in 2-1&#8217;lik \u00fcst\u00fcnl\u00fc\u011f\u00fc ile tamamlanan m\u00fcsabakan\u0131n 2. yar\u0131s\u0131nda Madrid ekibi h\u0131zl\u0131 ba\u015flad\u0131. Jude Bellingham takip\u00e7ili\u011fi ile 47. dakikada ma\u00e7ta e\u015fitli\u011fi sa\u011flad\u0131.<br \/>\nBu gol\u00fcn ard\u0131ndan rakip sahada oyun \u00fcst\u00fcnl\u00fc\u011f\u00fcn\u00fc art\u0131ran Real Madrid&#8217;de ceza yay\u0131 sa\u011f\u0131ndan kazan\u0131lan serbest vuru\u015fta Mbappe topun ba\u015f\u0131na ge\u00e7ti. 26 ya\u015f\u0131ndaki forvetin direkt kaleye vuru\u015funda top a\u011flara giderken, kendisinin 2., tak\u0131m\u0131n\u0131n 3. gol\u00fcne imza att\u0131.<br \/>\nKalan b\u00f6l\u00fcmde ba\u015fka gol olmazken Carlo Ancelotti&#8217;nin \u00f6\u011frencileri sahadan 3 puanla ayr\u0131ld\u0131 ve puan\u0131n\u0131 63&#8217;e \u00e7\u0131kard\u0131. Eflatun-beyazl\u0131lar \u00fcst \u00fcste 3. galibiyetini elde etti.<br \/>\nM\u00fcsabakada y\u00fczde 93 pas isabeti ve 3 kilit pasla oynayan milli futbolcu Arda G\u00fcler, 62. dakikada yerini Rodrygo&#8217;ya b\u0131rakt\u0131.<br \/>\nReal Madrid, bir sonraki hafta 5 Nisan Cumartesi g\u00fcn\u00fc Valencia&#8217;y\u0131 konuk edecek.<\/p>\n<p>30.03.2025<\/p>\n","protected":false},"excerpt":{"rendered":"<p>&#8211; LaLiga: Real Madrid: 3 &#8211; Leganes: 2 &#8211; Milli futbolcu Arda G\u00fcler 11&#8217;de ba\u015flad\u0131 Real Madrid, LaLiga&#8217;da konuk etti\u011fi Leganes kar\u015f\u0131s\u0131nda 2-1 geriye d\u00fc\u015fmesine ra\u011fmen 3 puan\u0131 ald\u0131 ve zirve yolunda hata yapmad\u0131. \u0130spanya LaLiga&#8217;n\u0131n 29. haftas\u0131nda Real Madrid, evinde alt s\u0131ralarda yer alan Leganes ile kar\u015f\u0131la\u015ft\u0131. Milli ma\u00e7 aras\u0131 \u00f6ncesi \u00e7\u0131kt\u0131\u011f\u0131 2 ma\u00e7ta [&hellip;]<\/p>\n","protected":false},"author":1,"featured_media":4509,"comment_status":"open","ping_status":"open","sticky":false,"template":"","format":"standard","meta":{"footnotes":""},"categories":[57],"tags":[],"class_list":["post-4508","post","type-post","status-publish","format-standard","has-post-thumbnail","hentry","category-spor"],"yoast_head":"<!-- This site is optimized with the Yoast SEO plugin v27.4 - https:\/\/yoast.com\/product\/yoast-seo-wordpress\/ -->\n<title>Real Madrid, Leganes kar\u015f\u0131s\u0131nda geri d\u00f6n\u00fc\u015fle kazand\u0131 - Memurun Sesi<\/title>\n<meta name=\"robots\" content=\"index, follow, max-snippet:-1, max-image-preview:large, max-video-preview:-1\" \/>\n<link rel=\"canonical\" href=\"https:\/\/memurunsesi.net\/index.php\/2025\/03\/30\/real-madrid-leganes-karsisinda-geri-donusle-kazandi\/\" \/>\n<meta property=\"og:locale\" content=\"tr_TR\" \/>\n<meta property=\"og:type\" content=\"article\" \/>\n<meta property=\"og:title\" content=\"Real Madrid, Leganes kar\u015f\u0131s\u0131nda geri d\u00f6n\u00fc\u015fle kazand\u0131 - Memurun Sesi\" \/>\n<meta property=\"og:description\" content=\"&#8211; LaLiga: Real Madrid: 3 &#8211; Leganes: 2 &#8211; Milli futbolcu Arda G\u00fcler 11&#8217;de ba\u015flad\u0131 Real Madrid, LaLiga&#8217;da konuk etti\u011fi Leganes kar\u015f\u0131s\u0131nda 2-1 geriye d\u00fc\u015fmesine ra\u011fmen 3 puan\u0131 ald\u0131 ve zirve yolunda hata yapmad\u0131. \u0130spanya LaLiga&#8217;n\u0131n 29. haftas\u0131nda Real Madrid, evinde alt s\u0131ralarda yer alan Leganes ile kar\u015f\u0131la\u015ft\u0131. Milli ma\u00e7 aras\u0131 \u00f6ncesi \u00e7\u0131kt\u0131\u011f\u0131 2 ma\u00e7ta [&hellip;]\" \/>\n<meta property=\"og:url\" content=\"https:\/\/memurunsesi.net\/index.php\/2025\/03\/30\/real-madrid-leganes-karsisinda-geri-donusle-kazandi\/\" \/>\n<meta property=\"og:site_name\" content=\"Memurun Sesi\" \/>\n<meta property=\"article:publisher\" content=\"https:\/\/www.facebook.com\/unipersen\/?locale=tr_TR\" \/>\n<meta property=\"article:published_time\" content=\"2025-03-30T05:19:00+00:00\" \/>\n<meta property=\"og:image\" content=\"https:\/\/memurunsesi.net\/wp-content\/uploads\/2025\/03\/AW423221_02-scaled.jpg\" \/>\n\t<meta property=\"og:image:width\" content=\"2560\" \/>\n\t<meta property=\"og:image:height\" content=\"1711\" \/>\n\t<meta property=\"og:image:type\" content=\"image\/jpeg\" \/>\n<meta name=\"author\" content=\"Memurun Sesi Haber Merkezi\" \/>\n<meta name=\"twitter:card\" content=\"summary_large_image\" \/>\n<meta name=\"twitter:creator\" content=\"@unipersen\" \/>\n<meta name=\"twitter:site\" content=\"@unipersen\" \/>\n<meta name=\"twitter:label1\" content=\"Yazan:\" \/>\n\t<meta name=\"twitter:data1\" content=\"Memurun Sesi Haber Merkezi\" \/>\n\t<meta name=\"twitter:label2\" content=\"Tahmini okuma s\u00fcresi\" \/>\n\t<meta name=\"twitter:data2\" content=\"1 dakika\" \/>\n<script type=\"application\/ld+json\" class=\"yoast-schema-graph\">{\"@context\":\"https:\\\/\\\/schema.org\",\"@graph\":[{\"@type\":\"Article\",\"@id\":\"https:\\\/\\\/memurunsesi.net\\\/index.php\\\/2025\\\/03\\\/30\\\/real-madrid-leganes-karsisinda-geri-donusle-kazandi\\\/#article\",\"isPartOf\":{\"@id\":\"https:\\\/\\\/memurunsesi.net\\\/index.php\\\/2025\\\/03\\\/30\\\/real-madrid-leganes-karsisinda-geri-donusle-kazandi\\\/\"},\"author\":{\"name\":\"Memurun Sesi Haber Merkezi\",\"@id\":\"https:\\\/\\\/memurunsesi.net\\\/#\\\/schema\\\/person\\\/f21c2d73b89f6ee1d80b0a1803e38587\"},\"headline\":\"Real Madrid, Leganes kar\u015f\u0131s\u0131nda geri d\u00f6n\u00fc\u015fle kazand\u0131\",\"datePublished\":\"2025-03-30T05:19:00+00:00\",\"mainEntityOfPage\":{\"@id\":\"https:\\\/\\\/memurunsesi.net\\\/index.php\\\/2025\\\/03\\\/30\\\/real-madrid-leganes-karsisinda-geri-donusle-kazandi\\\/\"},\"wordCount\":310,\"commentCount\":0,\"publisher\":{\"@id\":\"https:\\\/\\\/memurunsesi.net\\\/#organization\"},\"image\":{\"@id\":\"https:\\\/\\\/memurunsesi.net\\\/index.php\\\/2025\\\/03\\\/30\\\/real-madrid-leganes-karsisinda-geri-donusle-kazandi\\\/#primaryimage\"},\"thumbnailUrl\":\"https:\\\/\\\/memurunsesi.net\\\/wp-content\\\/uploads\\\/2025\\\/03\\\/AW423221_02-scaled.jpg\",\"articleSection\":[\"Spor\"],\"inLanguage\":\"tr\",\"potentialAction\":[{\"@type\":\"CommentAction\",\"name\":\"Comment\",\"target\":[\"https:\\\/\\\/memurunsesi.net\\\/index.php\\\/2025\\\/03\\\/30\\\/real-madrid-leganes-karsisinda-geri-donusle-kazandi\\\/#respond\"]}]},{\"@type\":\"WebPage\",\"@id\":\"https:\\\/\\\/memurunsesi.net\\\/index.php\\\/2025\\\/03\\\/30\\\/real-madrid-leganes-karsisinda-geri-donusle-kazandi\\\/\",\"url\":\"https:\\\/\\\/memurunsesi.net\\\/index.php\\\/2025\\\/03\\\/30\\\/real-madrid-leganes-karsisinda-geri-donusle-kazandi\\\/\",\"name\":\"Real Madrid, Leganes kar\u015f\u0131s\u0131nda geri d\u00f6n\u00fc\u015fle kazand\u0131 - Memurun Sesi\",\"isPartOf\":{\"@id\":\"https:\\\/\\\/memurunsesi.net\\\/#website\"},\"primaryImageOfPage\":{\"@id\":\"https:\\\/\\\/memurunsesi.net\\\/index.php\\\/2025\\\/03\\\/30\\\/real-madrid-leganes-karsisinda-geri-donusle-kazandi\\\/#primaryimage\"},\"image\":{\"@id\":\"https:\\\/\\\/memurunsesi.net\\\/index.php\\\/2025\\\/03\\\/30\\\/real-madrid-leganes-karsisinda-geri-donusle-kazandi\\\/#primaryimage\"},\"thumbnailUrl\":\"https:\\\/\\\/memurunsesi.net\\\/wp-content\\\/uploads\\\/2025\\\/03\\\/AW423221_02-scaled.jpg\",\"datePublished\":\"2025-03-30T05:19:00+00:00\",\"breadcrumb\":{\"@id\":\"https:\\\/\\\/memurunsesi.net\\\/index.php\\\/2025\\\/03\\\/30\\\/real-madrid-leganes-karsisinda-geri-donusle-kazandi\\\/#breadcrumb\"},\"inLanguage\":\"tr\",\"potentialAction\":[{\"@type\":\"ReadAction\",\"target\":[\"https:\\\/\\\/memurunsesi.net\\\/index.php\\\/2025\\\/03\\\/30\\\/real-madrid-leganes-karsisinda-geri-donusle-kazandi\\\/\"]}]},{\"@type\":\"ImageObject\",\"inLanguage\":\"tr\",\"@id\":\"https:\\\/\\\/memurunsesi.net\\\/index.php\\\/2025\\\/03\\\/30\\\/real-madrid-leganes-karsisinda-geri-donusle-kazandi\\\/#primaryimage\",\"url\":\"https:\\\/\\\/memurunsesi.net\\\/wp-content\\\/uploads\\\/2025\\\/03\\\/AW423221_02-scaled.jpg\",\"contentUrl\":\"https:\\\/\\\/memurunsesi.net\\\/wp-content\\\/uploads\\\/2025\\\/03\\\/AW423221_02-scaled.jpg\",\"width\":2560,\"height\":1711,\"caption\":\"epa11997910 Real Madrid's Arda Guler (R) vies for the ball against Leganes's Javier Hernandez during the LaLiga soccer match between Real Madrid and Leganes at Santiago Bernabeu Stadium in Madrid, Spain, 29 March 2025. EPA-EFE\\\/Mariscal\"},{\"@type\":\"BreadcrumbList\",\"@id\":\"https:\\\/\\\/memurunsesi.net\\\/index.php\\\/2025\\\/03\\\/30\\\/real-madrid-leganes-karsisinda-geri-donusle-kazandi\\\/#breadcrumb\",\"itemListElement\":[{\"@type\":\"ListItem\",\"position\":1,\"name\":\"Anasayfa\",\"item\":\"https:\\\/\\\/memurunsesi.net\\\/\"},{\"@type\":\"ListItem\",\"position\":2,\"name\":\"Real Madrid, Leganes kar\u015f\u0131s\u0131nda geri d\u00f6n\u00fc\u015fle kazand\u0131\"}]},{\"@type\":\"WebSite\",\"@id\":\"https:\\\/\\\/memurunsesi.net\\\/#website\",\"url\":\"https:\\\/\\\/memurunsesi.net\\\/\",\"name\":\"Memurun Sesi\",\"description\":\"G\u00fcncel ve Do\u011fru Haber\",\"publisher\":{\"@id\":\"https:\\\/\\\/memurunsesi.net\\\/#organization\"},\"potentialAction\":[{\"@type\":\"SearchAction\",\"target\":{\"@type\":\"EntryPoint\",\"urlTemplate\":\"https:\\\/\\\/memurunsesi.net\\\/?s={search_term_string}\"},\"query-input\":{\"@type\":\"PropertyValueSpecification\",\"valueRequired\":true,\"valueName\":\"search_term_string\"}}],\"inLanguage\":\"tr\"},{\"@type\":\"Organization\",\"@id\":\"https:\\\/\\\/memurunsesi.net\\\/#organization\",\"name\":\"Memurun Sesi\",\"url\":\"https:\\\/\\\/memurunsesi.net\\\/\",\"logo\":{\"@type\":\"ImageObject\",\"inLanguage\":\"tr\",\"@id\":\"https:\\\/\\\/memurunsesi.net\\\/#\\\/schema\\\/logo\\\/image\\\/\",\"url\":\"https:\\\/\\\/memurunsesi.net\\\/wp-content\\\/uploads\\\/2025\\\/11\\\/cropped-MEMURUN-SESI.png\",\"contentUrl\":\"https:\\\/\\\/memurunsesi.net\\\/wp-content\\\/uploads\\\/2025\\\/11\\\/cropped-MEMURUN-SESI.png\",\"width\":238,\"height\":57,\"caption\":\"Memurun Sesi\"},\"image\":{\"@id\":\"https:\\\/\\\/memurunsesi.net\\\/#\\\/schema\\\/logo\\\/image\\\/\"},\"sameAs\":[\"https:\\\/\\\/www.facebook.com\\\/unipersen\\\/?locale=tr_TR\",\"https:\\\/\\\/x.com\\\/unipersen\"]},{\"@type\":\"Person\",\"@id\":\"https:\\\/\\\/memurunsesi.net\\\/#\\\/schema\\\/person\\\/f21c2d73b89f6ee1d80b0a1803e38587\",\"name\":\"Memurun Sesi Haber Merkezi\",\"image\":{\"@type\":\"ImageObject\",\"inLanguage\":\"tr\",\"@id\":\"https:\\\/\\\/secure.gravatar.com\\\/avatar\\\/6cf0505f452ee753f485014986fab09a434671d2b919ee76fc541025c5876a70?s=96&d=mm&r=g\",\"url\":\"https:\\\/\\\/secure.gravatar.com\\\/avatar\\\/6cf0505f452ee753f485014986fab09a434671d2b919ee76fc541025c5876a70?s=96&d=mm&r=g\",\"contentUrl\":\"https:\\\/\\\/secure.gravatar.com\\\/avatar\\\/6cf0505f452ee753f485014986fab09a434671d2b919ee76fc541025c5876a70?s=96&d=mm&r=g\",\"caption\":\"Memurun Sesi Haber Merkezi\"},\"sameAs\":[\"https:\\\/\\\/memurunsesi.net\"],\"url\":\"https:\\\/\\\/memurunsesi.net\\\/index.php\\\/author\\\/uniper\\\/\"}]}<\/script>\n<!-- \/ Yoast SEO plugin. -->","yoast_head_json":{"title":"Real Madrid, Leganes kar\u015f\u0131s\u0131nda geri d\u00f6n\u00fc\u015fle kazand\u0131 - Memurun Sesi","robots":{"index":"index","follow":"follow","max-snippet":"max-snippet:-1","max-image-preview":"max-image-preview:large","max-video-preview":"max-video-preview:-1"},"canonical":"https:\/\/memurunsesi.net\/index.php\/2025\/03\/30\/real-madrid-leganes-karsisinda-geri-donusle-kazandi\/","og_locale":"tr_TR","og_type":"article","og_title":"Real Madrid, Leganes kar\u015f\u0131s\u0131nda geri d\u00f6n\u00fc\u015fle kazand\u0131 - Memurun Sesi","og_description":"&#8211; LaLiga: Real Madrid: 3 &#8211; Leganes: 2 &#8211; Milli futbolcu Arda G\u00fcler 11&#8217;de ba\u015flad\u0131 Real Madrid, LaLiga&#8217;da konuk etti\u011fi Leganes kar\u015f\u0131s\u0131nda 2-1 geriye d\u00fc\u015fmesine ra\u011fmen 3 puan\u0131 ald\u0131 ve zirve yolunda hata yapmad\u0131. \u0130spanya LaLiga&#8217;n\u0131n 29. haftas\u0131nda Real Madrid, evinde alt s\u0131ralarda yer alan Leganes ile kar\u015f\u0131la\u015ft\u0131. Milli ma\u00e7 aras\u0131 \u00f6ncesi \u00e7\u0131kt\u0131\u011f\u0131 2 ma\u00e7ta [&hellip;]","og_url":"https:\/\/memurunsesi.net\/index.php\/2025\/03\/30\/real-madrid-leganes-karsisinda-geri-donusle-kazandi\/","og_site_name":"Memurun Sesi","article_publisher":"https:\/\/www.facebook.com\/unipersen\/?locale=tr_TR","article_published_time":"2025-03-30T05:19:00+00:00","og_image":[{"width":2560,"height":1711,"url":"https:\/\/memurunsesi.net\/wp-content\/uploads\/2025\/03\/AW423221_02-scaled.jpg","type":"image\/jpeg"}],"author":"Memurun Sesi Haber Merkezi","twitter_card":"summary_large_image","twitter_creator":"@unipersen","twitter_site":"@unipersen","twitter_misc":{"Yazan:":"Memurun Sesi Haber Merkezi","Tahmini okuma s\u00fcresi":"1 dakika"},"schema":{"@context":"https:\/\/schema.org","@graph":[{"@type":"Article","@id":"https:\/\/memurunsesi.net\/index.php\/2025\/03\/30\/real-madrid-leganes-karsisinda-geri-donusle-kazandi\/#article","isPartOf":{"@id":"https:\/\/memurunsesi.net\/index.php\/2025\/03\/30\/real-madrid-leganes-karsisinda-geri-donusle-kazandi\/"},"author":{"name":"Memurun Sesi Haber Merkezi","@id":"https:\/\/memurunsesi.net\/#\/schema\/person\/f21c2d73b89f6ee1d80b0a1803e38587"},"headline":"Real Madrid, Leganes kar\u015f\u0131s\u0131nda geri d\u00f6n\u00fc\u015fle kazand\u0131","datePublished":"2025-03-30T05:19:00+00:00","mainEntityOfPage":{"@id":"https:\/\/memurunsesi.net\/index.php\/2025\/03\/30\/real-madrid-leganes-karsisinda-geri-donusle-kazandi\/"},"wordCount":310,"commentCount":0,"publisher":{"@id":"https:\/\/memurunsesi.net\/#organization"},"image":{"@id":"https:\/\/memurunsesi.net\/index.php\/2025\/03\/30\/real-madrid-leganes-karsisinda-geri-donusle-kazandi\/#primaryimage"},"thumbnailUrl":"https:\/\/memurunsesi.net\/wp-content\/uploads\/2025\/03\/AW423221_02-scaled.jpg","articleSection":["Spor"],"inLanguage":"tr","potentialAction":[{"@type":"CommentAction","name":"Comment","target":["https:\/\/memurunsesi.net\/index.php\/2025\/03\/30\/real-madrid-leganes-karsisinda-geri-donusle-kazandi\/#respond"]}]},{"@type":"WebPage","@id":"https:\/\/memurunsesi.net\/index.php\/2025\/03\/30\/real-madrid-leganes-karsisinda-geri-donusle-kazandi\/","url":"https:\/\/memurunsesi.net\/index.php\/2025\/03\/30\/real-madrid-leganes-karsisinda-geri-donusle-kazandi\/","name":"Real Madrid, Leganes kar\u015f\u0131s\u0131nda geri d\u00f6n\u00fc\u015fle kazand\u0131 - Memurun Sesi","isPartOf":{"@id":"https:\/\/memurunsesi.net\/#website"},"primaryImageOfPage":{"@id":"https:\/\/memurunsesi.net\/index.php\/2025\/03\/30\/real-madrid-leganes-karsisinda-geri-donusle-kazandi\/#primaryimage"},"image":{"@id":"https:\/\/memurunsesi.net\/index.php\/2025\/03\/30\/real-madrid-leganes-karsisinda-geri-donusle-kazandi\/#primaryimage"},"thumbnailUrl":"https:\/\/memurunsesi.net\/wp-content\/uploads\/2025\/03\/AW423221_02-scaled.jpg","datePublished":"2025-03-30T05:19:00+00:00","breadcrumb":{"@id":"https:\/\/memurunsesi.net\/index.php\/2025\/03\/30\/real-madrid-leganes-karsisinda-geri-donusle-kazandi\/#breadcrumb"},"inLanguage":"tr","potentialAction":[{"@type":"ReadAction","target":["https:\/\/memurunsesi.net\/index.php\/2025\/03\/30\/real-madrid-leganes-karsisinda-geri-donusle-kazandi\/"]}]},{"@type":"ImageObject","inLanguage":"tr","@id":"https:\/\/memurunsesi.net\/index.php\/2025\/03\/30\/real-madrid-leganes-karsisinda-geri-donusle-kazandi\/#primaryimage","url":"https:\/\/memurunsesi.net\/wp-content\/uploads\/2025\/03\/AW423221_02-scaled.jpg","contentUrl":"https:\/\/memurunsesi.net\/wp-content\/uploads\/2025\/03\/AW423221_02-scaled.jpg","width":2560,"height":1711,"caption":"epa11997910 Real Madrid's Arda Guler (R) vies for the ball against Leganes's Javier Hernandez during the LaLiga soccer match between Real Madrid and Leganes at Santiago Bernabeu Stadium in Madrid, Spain, 29 March 2025. EPA-EFE\/Mariscal"},{"@type":"BreadcrumbList","@id":"https:\/\/memurunsesi.net\/index.php\/2025\/03\/30\/real-madrid-leganes-karsisinda-geri-donusle-kazandi\/#breadcrumb","itemListElement":[{"@type":"ListItem","position":1,"name":"Anasayfa","item":"https:\/\/memurunsesi.net\/"},{"@type":"ListItem","position":2,"name":"Real Madrid, Leganes kar\u015f\u0131s\u0131nda geri d\u00f6n\u00fc\u015fle kazand\u0131"}]},{"@type":"WebSite","@id":"https:\/\/memurunsesi.net\/#website","url":"https:\/\/memurunsesi.net\/","name":"Memurun Sesi","description":"G\u00fcncel ve Do\u011fru Haber","publisher":{"@id":"https:\/\/memurunsesi.net\/#organization"},"potentialAction":[{"@type":"SearchAction","target":{"@type":"EntryPoint","urlTemplate":"https:\/\/memurunsesi.net\/?s={search_term_string}"},"query-input":{"@type":"PropertyValueSpecification","valueRequired":true,"valueName":"search_term_string"}}],"inLanguage":"tr"},{"@type":"Organization","@id":"https:\/\/memurunsesi.net\/#organization","name":"Memurun Sesi","url":"https:\/\/memurunsesi.net\/","logo":{"@type":"ImageObject","inLanguage":"tr","@id":"https:\/\/memurunsesi.net\/#\/schema\/logo\/image\/","url":"https:\/\/memurunsesi.net\/wp-content\/uploads\/2025\/11\/cropped-MEMURUN-SESI.png","contentUrl":"https:\/\/memurunsesi.net\/wp-content\/uploads\/2025\/11\/cropped-MEMURUN-SESI.png","width":238,"height":57,"caption":"Memurun Sesi"},"image":{"@id":"https:\/\/memurunsesi.net\/#\/schema\/logo\/image\/"},"sameAs":["https:\/\/www.facebook.com\/unipersen\/?locale=tr_TR","https:\/\/x.com\/unipersen"]},{"@type":"Person","@id":"https:\/\/memurunsesi.net\/#\/schema\/person\/f21c2d73b89f6ee1d80b0a1803e38587","name":"Memurun Sesi Haber Merkezi","image":{"@type":"ImageObject","inLanguage":"tr","@id":"https:\/\/secure.gravatar.com\/avatar\/6cf0505f452ee753f485014986fab09a434671d2b919ee76fc541025c5876a70?s=96&d=mm&r=g","url":"https:\/\/secure.gravatar.com\/avatar\/6cf0505f452ee753f485014986fab09a434671d2b919ee76fc541025c5876a70?s=96&d=mm&r=g","contentUrl":"https:\/\/secure.gravatar.com\/avatar\/6cf0505f452ee753f485014986fab09a434671d2b919ee76fc541025c5876a70?s=96&d=mm&r=g","caption":"Memurun Sesi Haber Merkezi"},"sameAs":["https:\/\/memurunsesi.net"],"url":"https:\/\/memurunsesi.net\/index.php\/author\/uniper\/"}]}},"_links":{"self":[{"href":"https:\/\/memurunsesi.net\/index.php\/wp-json\/wp\/v2\/posts\/4508","targetHints":{"allow":["GET"]}}],"collection":[{"href":"https:\/\/memurunsesi.net\/index.php\/wp-json\/wp\/v2\/posts"}],"about":[{"href":"https:\/\/memurunsesi.net\/index.php\/wp-json\/wp\/v2\/types\/post"}],"author":[{"embeddable":true,"href":"https:\/\/memurunsesi.net\/index.php\/wp-json\/wp\/v2\/users\/1"}],"replies":[{"embeddable":true,"href":"https:\/\/memurunsesi.net\/index.php\/wp-json\/wp\/v2\/comments?post=4508"}],"version-history":[{"count":1,"href":"https:\/\/memurunsesi.net\/index.php\/wp-json\/wp\/v2\/posts\/4508\/revisions"}],"predecessor-version":[{"id":4510,"href":"https:\/\/memurunsesi.net\/index.php\/wp-json\/wp\/v2\/posts\/4508\/revisions\/4510"}],"wp:featuredmedia":[{"embeddable":true,"href":"https:\/\/memurunsesi.net\/index.php\/wp-json\/wp\/v2\/media\/4509"}],"wp:attachment":[{"href":"https:\/\/memurunsesi.net\/index.php\/wp-json\/wp\/v2\/media?parent=4508"}],"wp:term":[{"taxonomy":"category","embeddable":true,"href":"https:\/\/memurunsesi.net\/index.php\/wp-json\/wp\/v2\/categories?post=4508"},{"taxonomy":"post_tag","embeddable":true,"href":"https:\/\/memurunsesi.net\/index.php\/wp-json\/wp\/v2\/tags?post=4508"}],"curies":[{"name":"wp","href":"https:\/\/api.w.org\/{rel}","templated":true}]}}