{"id":4521,"date":"2025-03-30T09:13:59","date_gmt":"2025-03-30T06:13:59","guid":{"rendered":"https:\/\/memurunsesi.net\/?p=4521"},"modified":"2025-03-30T09:13:59","modified_gmt":"2025-03-30T06:13:59","slug":"yurtta-hava-durumu","status":"publish","type":"post","link":"https:\/\/memurunsesi.net\/index.php\/2025\/03\/30\/yurtta-hava-durumu\/","title":{"rendered":"Yurtta hava durumu"},"content":{"rendered":"<p>Meteoroloji Genel M\u00fcd\u00fcrl\u00fc\u011f\u00fcnden al\u0131nan tahminlere g\u00f6re, yurdun genelinin par\u00e7al\u0131 ve \u00e7ok bulutlu, K\u0131r\u0131kkale, Yozgat, \u00c7ank\u0131r\u0131, K\u0131r\u015fehir ve \u00c7orum illeri ile Kastamonu ve Sinop&#8217;un k\u0131y\u0131 kesimleri d\u0131\u015f\u0131nda kalan t\u00fcm b\u00f6lgelerin yerel olmak \u00fczere aral\u0131kl\u0131 sa\u011fanak ve g\u00f6k g\u00fcr\u00fclt\u00fcl\u00fc sa\u011fanak ya\u011f\u0131\u015fl\u0131 ge\u00e7ece\u011fi tahmin ediliyor.<br \/>\nYa\u011f\u0131\u015flar\u0131n; Do\u011fu ve G\u00fcneydo\u011fu Anadolu&#8217;nun bat\u0131s\u0131, Sivas, Kayseri&#8217;nin do\u011fu \u00e7evreleri, Osmaniye, Kahramanmara\u015f, Ad\u0131yaman, Kilis, Gaziantep ve Antalya&#8217;n\u0131n do\u011fu kesimleri ile ak\u015fam saatlerinden itibaren Diyarbak\u0131r, Mardin, Batman, Siirt, \u015e\u0131rnak, Bing\u00f6l, Hakkari ve gece saatlerinde Adana \u00e7evrelerinde yer yer kuvvetli olmas\u0131 bekleniyor. \u00dclkemizin g\u00fcneybat\u0131 ve do\u011fu kesimlerinde toz ta\u015f\u0131n\u0131m\u0131 bekleniyor.<br \/>\nHava s\u0131cakl\u0131\u011f\u0131n\u0131n ya\u011f\u0131\u015fla birlikte 2 ila 6 derece azalaca\u011f\u0131 ancak yurt genelinde mevsim normallerinin \u00fczerinde seyretmeye devam edece\u011fi tahmin ediliyor.<br \/>\nR\u00fczgar\u0131n ise genellikle g\u00fcney y\u00f6nlerden hafif ara s\u0131ra orta kuvvette, Do\u011fu Karadeniz\u2019in i\u00e7 kesimleri, Do\u011fu Anadolu ve G\u00fcneydo\u011fu Anadolu&#8217;nun do\u011fusunda kuvvetli ve yer yer k\u0131sa s\u00fcreli f\u0131rt\u0131na (50-70 km\/saat) \u015feklinde esmesi bekleniyor.<br \/>\nBaz\u0131 illerde beklenen hava durumuyla g\u00fcn\u00fcn en y\u00fcksek s\u0131cakl\u0131klar\u0131 ise \u015f\u00f6yle:<br \/>\nAnkara: Par\u00e7al\u0131 ve \u00e7ok bulutlu, \u00f6\u011fleden sonra bat\u0131 kesimleri, ak\u015fam saatlerinde il geneli yerel olmak \u00fczere sa\u011fanak ve g\u00f6k g\u00fcr\u00fclt\u00fcl\u00fc sa\u011fanak ya\u011f\u0131\u015fl\u0131 19<br \/>\n\u0130stanbul: Par\u00e7al\u0131 ve \u00e7ok bulutlu, \u00f6\u011fle saatlerinden sonra yerel olmak \u00fczere aral\u0131kl\u0131 sa\u011fanak ve g\u00f6k g\u00fcr\u00fclt\u00fcl\u00fc sa\u011fanak ya\u011f\u0131\u015fl\u0131 19<br \/>\n\u0130zmir: Par\u00e7al\u0131 ve \u00e7ok bulutlu, yerel olmak \u00fczere aral\u0131kl\u0131 sa\u011fanak ve g\u00f6k g\u00fcr\u00fclt\u00fcl\u00fc sa\u011fanak ya\u011f\u0131\u015fl\u0131 21<br \/>\nAdana: Par\u00e7al\u0131 ve \u00e7ok bulutlu, \u00f6\u011fle saatlerinden itibaren yerel olmak \u00fczere aral\u0131kl\u0131 sa\u011fanak ve g\u00f6k g\u00fcr\u00fclt\u00fcl\u00fc sa\u011fanak ya\u011f\u0131\u015fl\u0131 ge\u00e7ece\u011fi tahmin ediliyor. Ya\u011f\u0131\u015flar\u0131n gece saatlerinde yer yer kuvvetli olmas\u0131 bekleniyor. 23<br \/>\nAntalya: Par\u00e7al\u0131 ve \u00e7ok bulutlu, yerel olmak \u00fczere aral\u0131kl\u0131 sa\u011fanak ve g\u00f6k g\u00fcr\u00fclt\u00fcl\u00fc sa\u011fanak ya\u011f\u0131\u015fl\u0131 ge\u00e7ece\u011fi tahmin ediliyor. Ya\u011f\u0131\u015flar\u0131n; \u00f6\u011fleden sonra do\u011fusunda yer yer kuvvetli olmas\u0131 bekleniyor. 16<br \/>\nSamsun: Par\u00e7al\u0131 ve \u00e7ok bulutlu, yerel olmak \u00fczere aral\u0131kl\u0131 sa\u011fanak ya\u011f\u0131\u015fl\u0131 15<br \/>\nTrabzon: Par\u00e7al\u0131 ve \u00e7ok bulutlu, sabah ilk saatler ile ak\u015fam ve ve gece saatlerinde yerel olmak \u00fczere aral\u0131kl\u0131 sa\u011fanak ya\u011f\u0131\u015fl\u0131 17<br \/>\nErzurum: \u00c7ok bulutlu, yerel olmak \u00fczere aral\u0131kl\u0131 sa\u011fanak ya\u011f\u0131\u015fl\u0131 15<br \/>\nDiyarbak\u0131r: \u00c7ok bulutlu, aral\u0131kl\u0131 sa\u011fanak ve g\u00f6k g\u00fcr\u00fclt\u00fcl\u00fc sa\u011fanak ya\u011f\u0131\u015fl\u0131 ge\u00e7ece\u011fi tahmin ediliyor. Ya\u011f\u0131\u015flar\u0131n; \u00f6\u011fleden sonra bat\u0131s\u0131nda, ak\u015fam saatlerinde il genelinde yer yer kuvvetli olmas\u0131 bekleniyor. 21<\/p>\n<p>30.03.2025<\/p>\n","protected":false},"excerpt":{"rendered":"<p>Meteoroloji Genel M\u00fcd\u00fcrl\u00fc\u011f\u00fcnden al\u0131nan tahminlere g\u00f6re, yurdun genelinin par\u00e7al\u0131 ve \u00e7ok bulutlu, K\u0131r\u0131kkale, Yozgat, \u00c7ank\u0131r\u0131, K\u0131r\u015fehir ve \u00c7orum illeri ile Kastamonu ve Sinop&#8217;un k\u0131y\u0131 kesimleri d\u0131\u015f\u0131nda kalan t\u00fcm b\u00f6lgelerin yerel olmak \u00fczere aral\u0131kl\u0131 sa\u011fanak ve g\u00f6k g\u00fcr\u00fclt\u00fcl\u00fc sa\u011fanak ya\u011f\u0131\u015fl\u0131 ge\u00e7ece\u011fi tahmin ediliyor. Ya\u011f\u0131\u015flar\u0131n; Do\u011fu ve G\u00fcneydo\u011fu Anadolu&#8217;nun bat\u0131s\u0131, Sivas, Kayseri&#8217;nin do\u011fu \u00e7evreleri, Osmaniye, Kahramanmara\u015f, Ad\u0131yaman, [&hellip;]<\/p>\n","protected":false},"author":1,"featured_media":0,"comment_status":"open","ping_status":"open","sticky":false,"template":"","format":"standard","meta":{"footnotes":""},"categories":[1],"tags":[],"class_list":["post-4521","post","type-post","status-publish","format-standard","hentry","category-genel"],"yoast_head":"<!-- This site is optimized with the Yoast SEO plugin v27.4 - https:\/\/yoast.com\/product\/yoast-seo-wordpress\/ -->\n<title>Yurtta hava durumu - Memurun Sesi<\/title>\n<meta name=\"robots\" content=\"index, follow, max-snippet:-1, max-image-preview:large, max-video-preview:-1\" \/>\n<link rel=\"canonical\" href=\"https:\/\/memurunsesi.net\/index.php\/2025\/03\/30\/yurtta-hava-durumu\/\" \/>\n<meta property=\"og:locale\" content=\"tr_TR\" \/>\n<meta property=\"og:type\" content=\"article\" \/>\n<meta property=\"og:title\" content=\"Yurtta hava durumu - Memurun Sesi\" \/>\n<meta property=\"og:description\" content=\"Meteoroloji Genel M\u00fcd\u00fcrl\u00fc\u011f\u00fcnden al\u0131nan tahminlere g\u00f6re, yurdun genelinin par\u00e7al\u0131 ve \u00e7ok bulutlu, K\u0131r\u0131kkale, Yozgat, \u00c7ank\u0131r\u0131, K\u0131r\u015fehir ve \u00c7orum illeri ile Kastamonu ve Sinop&#8217;un k\u0131y\u0131 kesimleri d\u0131\u015f\u0131nda kalan t\u00fcm b\u00f6lgelerin yerel olmak \u00fczere aral\u0131kl\u0131 sa\u011fanak ve g\u00f6k g\u00fcr\u00fclt\u00fcl\u00fc sa\u011fanak ya\u011f\u0131\u015fl\u0131 ge\u00e7ece\u011fi tahmin ediliyor. Ya\u011f\u0131\u015flar\u0131n; Do\u011fu ve G\u00fcneydo\u011fu Anadolu&#8217;nun bat\u0131s\u0131, Sivas, Kayseri&#8217;nin do\u011fu \u00e7evreleri, Osmaniye, Kahramanmara\u015f, Ad\u0131yaman, [&hellip;]\" \/>\n<meta property=\"og:url\" content=\"https:\/\/memurunsesi.net\/index.php\/2025\/03\/30\/yurtta-hava-durumu\/\" \/>\n<meta property=\"og:site_name\" content=\"Memurun Sesi\" \/>\n<meta property=\"article:publisher\" content=\"https:\/\/www.facebook.com\/unipersen\/?locale=tr_TR\" \/>\n<meta property=\"article:published_time\" content=\"2025-03-30T06:13:59+00:00\" \/>\n<meta name=\"author\" content=\"Memurun Sesi Haber Merkezi\" \/>\n<meta name=\"twitter:card\" content=\"summary_large_image\" \/>\n<meta name=\"twitter:creator\" content=\"@unipersen\" \/>\n<meta name=\"twitter:site\" content=\"@unipersen\" \/>\n<meta name=\"twitter:label1\" content=\"Yazan:\" \/>\n\t<meta name=\"twitter:data1\" content=\"Memurun Sesi Haber Merkezi\" \/>\n\t<meta name=\"twitter:label2\" content=\"Tahmini okuma s\u00fcresi\" \/>\n\t<meta name=\"twitter:data2\" content=\"2 dakika\" \/>\n<script type=\"application\/ld+json\" class=\"yoast-schema-graph\">{\"@context\":\"https:\\\/\\\/schema.org\",\"@graph\":[{\"@type\":\"Article\",\"@id\":\"https:\\\/\\\/memurunsesi.net\\\/index.php\\\/2025\\\/03\\\/30\\\/yurtta-hava-durumu\\\/#article\",\"isPartOf\":{\"@id\":\"https:\\\/\\\/memurunsesi.net\\\/index.php\\\/2025\\\/03\\\/30\\\/yurtta-hava-durumu\\\/\"},\"author\":{\"name\":\"Memurun Sesi Haber Merkezi\",\"@id\":\"https:\\\/\\\/memurunsesi.net\\\/#\\\/schema\\\/person\\\/f21c2d73b89f6ee1d80b0a1803e38587\"},\"headline\":\"Yurtta hava durumu\",\"datePublished\":\"2025-03-30T06:13:59+00:00\",\"mainEntityOfPage\":{\"@id\":\"https:\\\/\\\/memurunsesi.net\\\/index.php\\\/2025\\\/03\\\/30\\\/yurtta-hava-durumu\\\/\"},\"wordCount\":486,\"commentCount\":0,\"publisher\":{\"@id\":\"https:\\\/\\\/memurunsesi.net\\\/#organization\"},\"inLanguage\":\"tr\",\"potentialAction\":[{\"@type\":\"CommentAction\",\"name\":\"Comment\",\"target\":[\"https:\\\/\\\/memurunsesi.net\\\/index.php\\\/2025\\\/03\\\/30\\\/yurtta-hava-durumu\\\/#respond\"]}]},{\"@type\":\"WebPage\",\"@id\":\"https:\\\/\\\/memurunsesi.net\\\/index.php\\\/2025\\\/03\\\/30\\\/yurtta-hava-durumu\\\/\",\"url\":\"https:\\\/\\\/memurunsesi.net\\\/index.php\\\/2025\\\/03\\\/30\\\/yurtta-hava-durumu\\\/\",\"name\":\"Yurtta hava durumu - Memurun Sesi\",\"isPartOf\":{\"@id\":\"https:\\\/\\\/memurunsesi.net\\\/#website\"},\"datePublished\":\"2025-03-30T06:13:59+00:00\",\"breadcrumb\":{\"@id\":\"https:\\\/\\\/memurunsesi.net\\\/index.php\\\/2025\\\/03\\\/30\\\/yurtta-hava-durumu\\\/#breadcrumb\"},\"inLanguage\":\"tr\",\"potentialAction\":[{\"@type\":\"ReadAction\",\"target\":[\"https:\\\/\\\/memurunsesi.net\\\/index.php\\\/2025\\\/03\\\/30\\\/yurtta-hava-durumu\\\/\"]}]},{\"@type\":\"BreadcrumbList\",\"@id\":\"https:\\\/\\\/memurunsesi.net\\\/index.php\\\/2025\\\/03\\\/30\\\/yurtta-hava-durumu\\\/#breadcrumb\",\"itemListElement\":[{\"@type\":\"ListItem\",\"position\":1,\"name\":\"Anasayfa\",\"item\":\"https:\\\/\\\/memurunsesi.net\\\/\"},{\"@type\":\"ListItem\",\"position\":2,\"name\":\"Yurtta hava durumu\"}]},{\"@type\":\"WebSite\",\"@id\":\"https:\\\/\\\/memurunsesi.net\\\/#website\",\"url\":\"https:\\\/\\\/memurunsesi.net\\\/\",\"name\":\"Memurun Sesi\",\"description\":\"G\u00fcncel ve Do\u011fru Haber\",\"publisher\":{\"@id\":\"https:\\\/\\\/memurunsesi.net\\\/#organization\"},\"potentialAction\":[{\"@type\":\"SearchAction\",\"target\":{\"@type\":\"EntryPoint\",\"urlTemplate\":\"https:\\\/\\\/memurunsesi.net\\\/?s={search_term_string}\"},\"query-input\":{\"@type\":\"PropertyValueSpecification\",\"valueRequired\":true,\"valueName\":\"search_term_string\"}}],\"inLanguage\":\"tr\"},{\"@type\":\"Organization\",\"@id\":\"https:\\\/\\\/memurunsesi.net\\\/#organization\",\"name\":\"Memurun Sesi\",\"url\":\"https:\\\/\\\/memurunsesi.net\\\/\",\"logo\":{\"@type\":\"ImageObject\",\"inLanguage\":\"tr\",\"@id\":\"https:\\\/\\\/memurunsesi.net\\\/#\\\/schema\\\/logo\\\/image\\\/\",\"url\":\"https:\\\/\\\/memurunsesi.net\\\/wp-content\\\/uploads\\\/2025\\\/11\\\/cropped-MEMURUN-SESI.png\",\"contentUrl\":\"https:\\\/\\\/memurunsesi.net\\\/wp-content\\\/uploads\\\/2025\\\/11\\\/cropped-MEMURUN-SESI.png\",\"width\":238,\"height\":57,\"caption\":\"Memurun Sesi\"},\"image\":{\"@id\":\"https:\\\/\\\/memurunsesi.net\\\/#\\\/schema\\\/logo\\\/image\\\/\"},\"sameAs\":[\"https:\\\/\\\/www.facebook.com\\\/unipersen\\\/?locale=tr_TR\",\"https:\\\/\\\/x.com\\\/unipersen\"]},{\"@type\":\"Person\",\"@id\":\"https:\\\/\\\/memurunsesi.net\\\/#\\\/schema\\\/person\\\/f21c2d73b89f6ee1d80b0a1803e38587\",\"name\":\"Memurun Sesi Haber Merkezi\",\"image\":{\"@type\":\"ImageObject\",\"inLanguage\":\"tr\",\"@id\":\"https:\\\/\\\/secure.gravatar.com\\\/avatar\\\/6cf0505f452ee753f485014986fab09a434671d2b919ee76fc541025c5876a70?s=96&d=mm&r=g\",\"url\":\"https:\\\/\\\/secure.gravatar.com\\\/avatar\\\/6cf0505f452ee753f485014986fab09a434671d2b919ee76fc541025c5876a70?s=96&d=mm&r=g\",\"contentUrl\":\"https:\\\/\\\/secure.gravatar.com\\\/avatar\\\/6cf0505f452ee753f485014986fab09a434671d2b919ee76fc541025c5876a70?s=96&d=mm&r=g\",\"caption\":\"Memurun Sesi Haber Merkezi\"},\"sameAs\":[\"https:\\\/\\\/memurunsesi.net\"],\"url\":\"https:\\\/\\\/memurunsesi.net\\\/index.php\\\/author\\\/uniper\\\/\"}]}<\/script>\n<!-- \/ Yoast SEO plugin. -->","yoast_head_json":{"title":"Yurtta hava durumu - Memurun Sesi","robots":{"index":"index","follow":"follow","max-snippet":"max-snippet:-1","max-image-preview":"max-image-preview:large","max-video-preview":"max-video-preview:-1"},"canonical":"https:\/\/memurunsesi.net\/index.php\/2025\/03\/30\/yurtta-hava-durumu\/","og_locale":"tr_TR","og_type":"article","og_title":"Yurtta hava durumu - Memurun Sesi","og_description":"Meteoroloji Genel M\u00fcd\u00fcrl\u00fc\u011f\u00fcnden al\u0131nan tahminlere g\u00f6re, yurdun genelinin par\u00e7al\u0131 ve \u00e7ok bulutlu, K\u0131r\u0131kkale, Yozgat, \u00c7ank\u0131r\u0131, K\u0131r\u015fehir ve \u00c7orum illeri ile Kastamonu ve Sinop&#8217;un k\u0131y\u0131 kesimleri d\u0131\u015f\u0131nda kalan t\u00fcm b\u00f6lgelerin yerel olmak \u00fczere aral\u0131kl\u0131 sa\u011fanak ve g\u00f6k g\u00fcr\u00fclt\u00fcl\u00fc sa\u011fanak ya\u011f\u0131\u015fl\u0131 ge\u00e7ece\u011fi tahmin ediliyor. Ya\u011f\u0131\u015flar\u0131n; Do\u011fu ve G\u00fcneydo\u011fu Anadolu&#8217;nun bat\u0131s\u0131, Sivas, Kayseri&#8217;nin do\u011fu \u00e7evreleri, Osmaniye, Kahramanmara\u015f, Ad\u0131yaman, [&hellip;]","og_url":"https:\/\/memurunsesi.net\/index.php\/2025\/03\/30\/yurtta-hava-durumu\/","og_site_name":"Memurun Sesi","article_publisher":"https:\/\/www.facebook.com\/unipersen\/?locale=tr_TR","article_published_time":"2025-03-30T06:13:59+00:00","author":"Memurun Sesi Haber Merkezi","twitter_card":"summary_large_image","twitter_creator":"@unipersen","twitter_site":"@unipersen","twitter_misc":{"Yazan:":"Memurun Sesi Haber Merkezi","Tahmini okuma s\u00fcresi":"2 dakika"},"schema":{"@context":"https:\/\/schema.org","@graph":[{"@type":"Article","@id":"https:\/\/memurunsesi.net\/index.php\/2025\/03\/30\/yurtta-hava-durumu\/#article","isPartOf":{"@id":"https:\/\/memurunsesi.net\/index.php\/2025\/03\/30\/yurtta-hava-durumu\/"},"author":{"name":"Memurun Sesi Haber Merkezi","@id":"https:\/\/memurunsesi.net\/#\/schema\/person\/f21c2d73b89f6ee1d80b0a1803e38587"},"headline":"Yurtta hava durumu","datePublished":"2025-03-30T06:13:59+00:00","mainEntityOfPage":{"@id":"https:\/\/memurunsesi.net\/index.php\/2025\/03\/30\/yurtta-hava-durumu\/"},"wordCount":486,"commentCount":0,"publisher":{"@id":"https:\/\/memurunsesi.net\/#organization"},"inLanguage":"tr","potentialAction":[{"@type":"CommentAction","name":"Comment","target":["https:\/\/memurunsesi.net\/index.php\/2025\/03\/30\/yurtta-hava-durumu\/#respond"]}]},{"@type":"WebPage","@id":"https:\/\/memurunsesi.net\/index.php\/2025\/03\/30\/yurtta-hava-durumu\/","url":"https:\/\/memurunsesi.net\/index.php\/2025\/03\/30\/yurtta-hava-durumu\/","name":"Yurtta hava durumu - Memurun Sesi","isPartOf":{"@id":"https:\/\/memurunsesi.net\/#website"},"datePublished":"2025-03-30T06:13:59+00:00","breadcrumb":{"@id":"https:\/\/memurunsesi.net\/index.php\/2025\/03\/30\/yurtta-hava-durumu\/#breadcrumb"},"inLanguage":"tr","potentialAction":[{"@type":"ReadAction","target":["https:\/\/memurunsesi.net\/index.php\/2025\/03\/30\/yurtta-hava-durumu\/"]}]},{"@type":"BreadcrumbList","@id":"https:\/\/memurunsesi.net\/index.php\/2025\/03\/30\/yurtta-hava-durumu\/#breadcrumb","itemListElement":[{"@type":"ListItem","position":1,"name":"Anasayfa","item":"https:\/\/memurunsesi.net\/"},{"@type":"ListItem","position":2,"name":"Yurtta hava durumu"}]},{"@type":"WebSite","@id":"https:\/\/memurunsesi.net\/#website","url":"https:\/\/memurunsesi.net\/","name":"Memurun Sesi","description":"G\u00fcncel ve Do\u011fru Haber","publisher":{"@id":"https:\/\/memurunsesi.net\/#organization"},"potentialAction":[{"@type":"SearchAction","target":{"@type":"EntryPoint","urlTemplate":"https:\/\/memurunsesi.net\/?s={search_term_string}"},"query-input":{"@type":"PropertyValueSpecification","valueRequired":true,"valueName":"search_term_string"}}],"inLanguage":"tr"},{"@type":"Organization","@id":"https:\/\/memurunsesi.net\/#organization","name":"Memurun Sesi","url":"https:\/\/memurunsesi.net\/","logo":{"@type":"ImageObject","inLanguage":"tr","@id":"https:\/\/memurunsesi.net\/#\/schema\/logo\/image\/","url":"https:\/\/memurunsesi.net\/wp-content\/uploads\/2025\/11\/cropped-MEMURUN-SESI.png","contentUrl":"https:\/\/memurunsesi.net\/wp-content\/uploads\/2025\/11\/cropped-MEMURUN-SESI.png","width":238,"height":57,"caption":"Memurun Sesi"},"image":{"@id":"https:\/\/memurunsesi.net\/#\/schema\/logo\/image\/"},"sameAs":["https:\/\/www.facebook.com\/unipersen\/?locale=tr_TR","https:\/\/x.com\/unipersen"]},{"@type":"Person","@id":"https:\/\/memurunsesi.net\/#\/schema\/person\/f21c2d73b89f6ee1d80b0a1803e38587","name":"Memurun Sesi Haber Merkezi","image":{"@type":"ImageObject","inLanguage":"tr","@id":"https:\/\/secure.gravatar.com\/avatar\/6cf0505f452ee753f485014986fab09a434671d2b919ee76fc541025c5876a70?s=96&d=mm&r=g","url":"https:\/\/secure.gravatar.com\/avatar\/6cf0505f452ee753f485014986fab09a434671d2b919ee76fc541025c5876a70?s=96&d=mm&r=g","contentUrl":"https:\/\/secure.gravatar.com\/avatar\/6cf0505f452ee753f485014986fab09a434671d2b919ee76fc541025c5876a70?s=96&d=mm&r=g","caption":"Memurun Sesi Haber Merkezi"},"sameAs":["https:\/\/memurunsesi.net"],"url":"https:\/\/memurunsesi.net\/index.php\/author\/uniper\/"}]}},"_links":{"self":[{"href":"https:\/\/memurunsesi.net\/index.php\/wp-json\/wp\/v2\/posts\/4521","targetHints":{"allow":["GET"]}}],"collection":[{"href":"https:\/\/memurunsesi.net\/index.php\/wp-json\/wp\/v2\/posts"}],"about":[{"href":"https:\/\/memurunsesi.net\/index.php\/wp-json\/wp\/v2\/types\/post"}],"author":[{"embeddable":true,"href":"https:\/\/memurunsesi.net\/index.php\/wp-json\/wp\/v2\/users\/1"}],"replies":[{"embeddable":true,"href":"https:\/\/memurunsesi.net\/index.php\/wp-json\/wp\/v2\/comments?post=4521"}],"version-history":[{"count":1,"href":"https:\/\/memurunsesi.net\/index.php\/wp-json\/wp\/v2\/posts\/4521\/revisions"}],"predecessor-version":[{"id":4522,"href":"https:\/\/memurunsesi.net\/index.php\/wp-json\/wp\/v2\/posts\/4521\/revisions\/4522"}],"wp:attachment":[{"href":"https:\/\/memurunsesi.net\/index.php\/wp-json\/wp\/v2\/media?parent=4521"}],"wp:term":[{"taxonomy":"category","embeddable":true,"href":"https:\/\/memurunsesi.net\/index.php\/wp-json\/wp\/v2\/categories?post=4521"},{"taxonomy":"post_tag","embeddable":true,"href":"https:\/\/memurunsesi.net\/index.php\/wp-json\/wp\/v2\/tags?post=4521"}],"curies":[{"name":"wp","href":"https:\/\/api.w.org\/{rel}","templated":true}]}}