{"id":4524,"date":"2025-03-30T09:16:19","date_gmt":"2025-03-30T06:16:19","guid":{"rendered":"https:\/\/memurunsesi.net\/?p=4524"},"modified":"2025-03-30T09:16:19","modified_gmt":"2025-03-30T06:16:19","slug":"cu-vakfi-okullari-sporcularindan-buyuk-basari","status":"publish","type":"post","link":"https:\/\/memurunsesi.net\/index.php\/2025\/03\/30\/cu-vakfi-okullari-sporcularindan-buyuk-basari\/","title":{"rendered":"C\u00dc Vakf\u0131 Okullar\u0131 sporcular\u0131ndan b\u00fcy\u00fck ba\u015far\u0131"},"content":{"rendered":"<p>Sivas Cumhuriyet \u00dcniversitesi Vakf\u0131 Okullar\u0131 \u00d6zel Mahir Sevim \u00d6zduman \u0130lkokulu \u00f6\u011frencileri, Sivas&#8217;ta d\u00fczenlenen minikler tenis k\u0131z m\u00fcsabakalar\u0131nda \u015fampiyonluk sevinci ya\u015fad\u0131.<br \/>\nSivas&#8217;ta Cumhuriyet \u00dcniversitesi Vakf\u0131 Okullar\u0131 \u00d6zel Mahir Sevim \u00d6zduman \u0130lkokulu \u00f6\u011frencileri, Sivas&#8217;ta d\u00fczenlenen Minikler Tenis K\u0131z m\u00fcsabakalar\u0131na kat\u0131ld\u0131. C\u00dc Vakf\u0131 Okullar\u0131 \u00f6\u011frencileri, tak\u0131m aras\u0131nda ger\u00e7ekle\u015ftirilen yar\u0131\u015fmalar sonucunda \u015fampiyon oldu. Y\u00fczme bran\u015f\u0131nda yar\u0131\u015fan sporcu \u00f6\u011frenciler \u0130pek Kuruo\u011flu, Elif Duru G\u00fc\u00e7c\u00fck, Efehan Ba\u015fkurt, Yusuf Bu\u011fra Yurteri de \u00e7e\u015fitli ba\u015far\u0131lara imza att\u0131. Tak\u0131m yar\u0131\u015flar\u0131nda k\u0131z \u00f6\u011frenciler il ikincisi olurken erkek \u00f6\u011frenciler il \u00fc\u00e7\u00fcnc\u00fcs\u00fc oldu.<\/p>\n<p>29.03.2025<\/p>\n","protected":false},"excerpt":{"rendered":"<p>Sivas Cumhuriyet \u00dcniversitesi Vakf\u0131 Okullar\u0131 \u00d6zel Mahir Sevim \u00d6zduman \u0130lkokulu \u00f6\u011frencileri, Sivas&#8217;ta d\u00fczenlenen minikler tenis k\u0131z m\u00fcsabakalar\u0131nda \u015fampiyonluk sevinci ya\u015fad\u0131. Sivas&#8217;ta Cumhuriyet \u00dcniversitesi Vakf\u0131 Okullar\u0131 \u00d6zel Mahir Sevim \u00d6zduman \u0130lkokulu \u00f6\u011frencileri, Sivas&#8217;ta d\u00fczenlenen Minikler Tenis K\u0131z m\u00fcsabakalar\u0131na kat\u0131ld\u0131. C\u00dc Vakf\u0131 Okullar\u0131 \u00f6\u011frencileri, tak\u0131m aras\u0131nda ger\u00e7ekle\u015ftirilen yar\u0131\u015fmalar sonucunda \u015fampiyon oldu. Y\u00fczme bran\u015f\u0131nda yar\u0131\u015fan sporcu \u00f6\u011frenciler \u0130pek [&hellip;]<\/p>\n","protected":false},"author":1,"featured_media":4525,"comment_status":"open","ping_status":"open","sticky":false,"template":"","format":"standard","meta":{"footnotes":""},"categories":[45],"tags":[],"class_list":["post-4524","post","type-post","status-publish","format-standard","has-post-thumbnail","hentry","category-gundem"],"yoast_head":"<!-- This site is optimized with the Yoast SEO plugin v27.4 - https:\/\/yoast.com\/product\/yoast-seo-wordpress\/ -->\n<title>C\u00dc Vakf\u0131 Okullar\u0131 sporcular\u0131ndan b\u00fcy\u00fck ba\u015far\u0131 - Memurun Sesi<\/title>\n<meta name=\"robots\" content=\"index, follow, max-snippet:-1, max-image-preview:large, max-video-preview:-1\" \/>\n<link rel=\"canonical\" href=\"https:\/\/memurunsesi.net\/index.php\/2025\/03\/30\/cu-vakfi-okullari-sporcularindan-buyuk-basari\/\" \/>\n<meta property=\"og:locale\" content=\"tr_TR\" \/>\n<meta property=\"og:type\" content=\"article\" \/>\n<meta property=\"og:title\" content=\"C\u00dc Vakf\u0131 Okullar\u0131 sporcular\u0131ndan b\u00fcy\u00fck ba\u015far\u0131 - Memurun Sesi\" \/>\n<meta property=\"og:description\" content=\"Sivas Cumhuriyet \u00dcniversitesi Vakf\u0131 Okullar\u0131 \u00d6zel Mahir Sevim \u00d6zduman \u0130lkokulu \u00f6\u011frencileri, Sivas&#8217;ta d\u00fczenlenen minikler tenis k\u0131z m\u00fcsabakalar\u0131nda \u015fampiyonluk sevinci ya\u015fad\u0131. Sivas&#8217;ta Cumhuriyet \u00dcniversitesi Vakf\u0131 Okullar\u0131 \u00d6zel Mahir Sevim \u00d6zduman \u0130lkokulu \u00f6\u011frencileri, Sivas&#8217;ta d\u00fczenlenen Minikler Tenis K\u0131z m\u00fcsabakalar\u0131na kat\u0131ld\u0131. C\u00dc Vakf\u0131 Okullar\u0131 \u00f6\u011frencileri, tak\u0131m aras\u0131nda ger\u00e7ekle\u015ftirilen yar\u0131\u015fmalar sonucunda \u015fampiyon oldu. Y\u00fczme bran\u015f\u0131nda yar\u0131\u015fan sporcu \u00f6\u011frenciler \u0130pek [&hellip;]\" \/>\n<meta property=\"og:url\" content=\"https:\/\/memurunsesi.net\/index.php\/2025\/03\/30\/cu-vakfi-okullari-sporcularindan-buyuk-basari\/\" \/>\n<meta property=\"og:site_name\" content=\"Memurun Sesi\" \/>\n<meta property=\"article:publisher\" content=\"https:\/\/www.facebook.com\/unipersen\/?locale=tr_TR\" \/>\n<meta property=\"article:published_time\" content=\"2025-03-30T06:16:19+00:00\" \/>\n<meta property=\"og:image\" content=\"https:\/\/memurunsesi.net\/wp-content\/uploads\/2025\/03\/AW422908_02.jpg\" \/>\n\t<meta property=\"og:image:width\" content=\"1536\" \/>\n\t<meta property=\"og:image:height\" content=\"2048\" \/>\n\t<meta property=\"og:image:type\" content=\"image\/jpeg\" \/>\n<meta name=\"author\" content=\"Memurun Sesi Haber Merkezi\" \/>\n<meta name=\"twitter:card\" content=\"summary_large_image\" \/>\n<meta name=\"twitter:creator\" content=\"@unipersen\" \/>\n<meta name=\"twitter:site\" content=\"@unipersen\" \/>\n<meta name=\"twitter:label1\" content=\"Yazan:\" \/>\n\t<meta name=\"twitter:data1\" content=\"Memurun Sesi Haber Merkezi\" \/>\n\t<meta name=\"twitter:label2\" content=\"Tahmini okuma s\u00fcresi\" \/>\n\t<meta name=\"twitter:data2\" content=\"1 dakika\" \/>\n<script type=\"application\/ld+json\" class=\"yoast-schema-graph\">{\"@context\":\"https:\\\/\\\/schema.org\",\"@graph\":[{\"@type\":\"Article\",\"@id\":\"https:\\\/\\\/memurunsesi.net\\\/index.php\\\/2025\\\/03\\\/30\\\/cu-vakfi-okullari-sporcularindan-buyuk-basari\\\/#article\",\"isPartOf\":{\"@id\":\"https:\\\/\\\/memurunsesi.net\\\/index.php\\\/2025\\\/03\\\/30\\\/cu-vakfi-okullari-sporcularindan-buyuk-basari\\\/\"},\"author\":{\"name\":\"Memurun Sesi Haber Merkezi\",\"@id\":\"https:\\\/\\\/memurunsesi.net\\\/#\\\/schema\\\/person\\\/f21c2d73b89f6ee1d80b0a1803e38587\"},\"headline\":\"C\u00dc Vakf\u0131 Okullar\u0131 sporcular\u0131ndan b\u00fcy\u00fck ba\u015far\u0131\",\"datePublished\":\"2025-03-30T06:16:19+00:00\",\"mainEntityOfPage\":{\"@id\":\"https:\\\/\\\/memurunsesi.net\\\/index.php\\\/2025\\\/03\\\/30\\\/cu-vakfi-okullari-sporcularindan-buyuk-basari\\\/\"},\"wordCount\":125,\"commentCount\":0,\"publisher\":{\"@id\":\"https:\\\/\\\/memurunsesi.net\\\/#organization\"},\"image\":{\"@id\":\"https:\\\/\\\/memurunsesi.net\\\/index.php\\\/2025\\\/03\\\/30\\\/cu-vakfi-okullari-sporcularindan-buyuk-basari\\\/#primaryimage\"},\"thumbnailUrl\":\"https:\\\/\\\/memurunsesi.net\\\/wp-content\\\/uploads\\\/2025\\\/03\\\/AW422908_02.jpg\",\"articleSection\":[\"G\u00fcndem\"],\"inLanguage\":\"tr\",\"potentialAction\":[{\"@type\":\"CommentAction\",\"name\":\"Comment\",\"target\":[\"https:\\\/\\\/memurunsesi.net\\\/index.php\\\/2025\\\/03\\\/30\\\/cu-vakfi-okullari-sporcularindan-buyuk-basari\\\/#respond\"]}]},{\"@type\":\"WebPage\",\"@id\":\"https:\\\/\\\/memurunsesi.net\\\/index.php\\\/2025\\\/03\\\/30\\\/cu-vakfi-okullari-sporcularindan-buyuk-basari\\\/\",\"url\":\"https:\\\/\\\/memurunsesi.net\\\/index.php\\\/2025\\\/03\\\/30\\\/cu-vakfi-okullari-sporcularindan-buyuk-basari\\\/\",\"name\":\"C\u00dc Vakf\u0131 Okullar\u0131 sporcular\u0131ndan b\u00fcy\u00fck ba\u015far\u0131 - Memurun Sesi\",\"isPartOf\":{\"@id\":\"https:\\\/\\\/memurunsesi.net\\\/#website\"},\"primaryImageOfPage\":{\"@id\":\"https:\\\/\\\/memurunsesi.net\\\/index.php\\\/2025\\\/03\\\/30\\\/cu-vakfi-okullari-sporcularindan-buyuk-basari\\\/#primaryimage\"},\"image\":{\"@id\":\"https:\\\/\\\/memurunsesi.net\\\/index.php\\\/2025\\\/03\\\/30\\\/cu-vakfi-okullari-sporcularindan-buyuk-basari\\\/#primaryimage\"},\"thumbnailUrl\":\"https:\\\/\\\/memurunsesi.net\\\/wp-content\\\/uploads\\\/2025\\\/03\\\/AW422908_02.jpg\",\"datePublished\":\"2025-03-30T06:16:19+00:00\",\"breadcrumb\":{\"@id\":\"https:\\\/\\\/memurunsesi.net\\\/index.php\\\/2025\\\/03\\\/30\\\/cu-vakfi-okullari-sporcularindan-buyuk-basari\\\/#breadcrumb\"},\"inLanguage\":\"tr\",\"potentialAction\":[{\"@type\":\"ReadAction\",\"target\":[\"https:\\\/\\\/memurunsesi.net\\\/index.php\\\/2025\\\/03\\\/30\\\/cu-vakfi-okullari-sporcularindan-buyuk-basari\\\/\"]}]},{\"@type\":\"ImageObject\",\"inLanguage\":\"tr\",\"@id\":\"https:\\\/\\\/memurunsesi.net\\\/index.php\\\/2025\\\/03\\\/30\\\/cu-vakfi-okullari-sporcularindan-buyuk-basari\\\/#primaryimage\",\"url\":\"https:\\\/\\\/memurunsesi.net\\\/wp-content\\\/uploads\\\/2025\\\/03\\\/AW422908_02.jpg\",\"contentUrl\":\"https:\\\/\\\/memurunsesi.net\\\/wp-content\\\/uploads\\\/2025\\\/03\\\/AW422908_02.jpg\",\"width\":1536,\"height\":2048,\"caption\":\"S\u0130VAS CUMHUR\u0130YET \u00dcN\u0130VERS\u0130TES\u0130 VAKFI OKULLARI \u00d6\u011eRENC\u0130LER\u0130, S\u0130VAS'TA D\u00dcZENLENEN M\u0130N\u0130KLER TEN\u0130S KIZ M\u00dcSABAKALARINDA \u00dcST\u00dcN B\u0130R PERFORMANS SERG\u0130LEYEREK, YED\u0130 TAKIMIN YER ALDI\u011eI YARI\u015eMALARDA \u00d6ZEL MAH\u0130R SEV\u0130M \u00d6ZDUMAN \u0130LKOKULU ADINA \u015eAMP\u0130YONLUK ELDE ETT\u0130. (ARZU K\u00dcBRA DO\u011eAN\\\/S\u0130VAS-\u0130HA) Sivas Cumhuriyet \u00dcniversitesi Vakf\u0131 Okullar\u0131 \u00d6zel Mahir Sevim \u00d6zduman \u0130lkokulu \u00f6\u011frencileri, Sivas'ta d\u00fczenlenen minikler tenis k\u0131z m\u00fcsabakalar\u0131nda \u015fampiyonluk sevinci ya\u015fad\u0131.\"},{\"@type\":\"BreadcrumbList\",\"@id\":\"https:\\\/\\\/memurunsesi.net\\\/index.php\\\/2025\\\/03\\\/30\\\/cu-vakfi-okullari-sporcularindan-buyuk-basari\\\/#breadcrumb\",\"itemListElement\":[{\"@type\":\"ListItem\",\"position\":1,\"name\":\"Anasayfa\",\"item\":\"https:\\\/\\\/memurunsesi.net\\\/\"},{\"@type\":\"ListItem\",\"position\":2,\"name\":\"C\u00dc Vakf\u0131 Okullar\u0131 sporcular\u0131ndan b\u00fcy\u00fck ba\u015far\u0131\"}]},{\"@type\":\"WebSite\",\"@id\":\"https:\\\/\\\/memurunsesi.net\\\/#website\",\"url\":\"https:\\\/\\\/memurunsesi.net\\\/\",\"name\":\"Memurun Sesi\",\"description\":\"G\u00fcncel ve Do\u011fru Haber\",\"publisher\":{\"@id\":\"https:\\\/\\\/memurunsesi.net\\\/#organization\"},\"potentialAction\":[{\"@type\":\"SearchAction\",\"target\":{\"@type\":\"EntryPoint\",\"urlTemplate\":\"https:\\\/\\\/memurunsesi.net\\\/?s={search_term_string}\"},\"query-input\":{\"@type\":\"PropertyValueSpecification\",\"valueRequired\":true,\"valueName\":\"search_term_string\"}}],\"inLanguage\":\"tr\"},{\"@type\":\"Organization\",\"@id\":\"https:\\\/\\\/memurunsesi.net\\\/#organization\",\"name\":\"Memurun Sesi\",\"url\":\"https:\\\/\\\/memurunsesi.net\\\/\",\"logo\":{\"@type\":\"ImageObject\",\"inLanguage\":\"tr\",\"@id\":\"https:\\\/\\\/memurunsesi.net\\\/#\\\/schema\\\/logo\\\/image\\\/\",\"url\":\"https:\\\/\\\/memurunsesi.net\\\/wp-content\\\/uploads\\\/2025\\\/11\\\/cropped-MEMURUN-SESI.png\",\"contentUrl\":\"https:\\\/\\\/memurunsesi.net\\\/wp-content\\\/uploads\\\/2025\\\/11\\\/cropped-MEMURUN-SESI.png\",\"width\":238,\"height\":57,\"caption\":\"Memurun Sesi\"},\"image\":{\"@id\":\"https:\\\/\\\/memurunsesi.net\\\/#\\\/schema\\\/logo\\\/image\\\/\"},\"sameAs\":[\"https:\\\/\\\/www.facebook.com\\\/unipersen\\\/?locale=tr_TR\",\"https:\\\/\\\/x.com\\\/unipersen\"]},{\"@type\":\"Person\",\"@id\":\"https:\\\/\\\/memurunsesi.net\\\/#\\\/schema\\\/person\\\/f21c2d73b89f6ee1d80b0a1803e38587\",\"name\":\"Memurun Sesi Haber Merkezi\",\"image\":{\"@type\":\"ImageObject\",\"inLanguage\":\"tr\",\"@id\":\"https:\\\/\\\/secure.gravatar.com\\\/avatar\\\/6cf0505f452ee753f485014986fab09a434671d2b919ee76fc541025c5876a70?s=96&d=mm&r=g\",\"url\":\"https:\\\/\\\/secure.gravatar.com\\\/avatar\\\/6cf0505f452ee753f485014986fab09a434671d2b919ee76fc541025c5876a70?s=96&d=mm&r=g\",\"contentUrl\":\"https:\\\/\\\/secure.gravatar.com\\\/avatar\\\/6cf0505f452ee753f485014986fab09a434671d2b919ee76fc541025c5876a70?s=96&d=mm&r=g\",\"caption\":\"Memurun Sesi Haber Merkezi\"},\"sameAs\":[\"https:\\\/\\\/memurunsesi.net\"],\"url\":\"https:\\\/\\\/memurunsesi.net\\\/index.php\\\/author\\\/uniper\\\/\"}]}<\/script>\n<!-- \/ Yoast SEO plugin. -->","yoast_head_json":{"title":"C\u00dc Vakf\u0131 Okullar\u0131 sporcular\u0131ndan b\u00fcy\u00fck ba\u015far\u0131 - Memurun Sesi","robots":{"index":"index","follow":"follow","max-snippet":"max-snippet:-1","max-image-preview":"max-image-preview:large","max-video-preview":"max-video-preview:-1"},"canonical":"https:\/\/memurunsesi.net\/index.php\/2025\/03\/30\/cu-vakfi-okullari-sporcularindan-buyuk-basari\/","og_locale":"tr_TR","og_type":"article","og_title":"C\u00dc Vakf\u0131 Okullar\u0131 sporcular\u0131ndan b\u00fcy\u00fck ba\u015far\u0131 - Memurun Sesi","og_description":"Sivas Cumhuriyet \u00dcniversitesi Vakf\u0131 Okullar\u0131 \u00d6zel Mahir Sevim \u00d6zduman \u0130lkokulu \u00f6\u011frencileri, Sivas&#8217;ta d\u00fczenlenen minikler tenis k\u0131z m\u00fcsabakalar\u0131nda \u015fampiyonluk sevinci ya\u015fad\u0131. Sivas&#8217;ta Cumhuriyet \u00dcniversitesi Vakf\u0131 Okullar\u0131 \u00d6zel Mahir Sevim \u00d6zduman \u0130lkokulu \u00f6\u011frencileri, Sivas&#8217;ta d\u00fczenlenen Minikler Tenis K\u0131z m\u00fcsabakalar\u0131na kat\u0131ld\u0131. C\u00dc Vakf\u0131 Okullar\u0131 \u00f6\u011frencileri, tak\u0131m aras\u0131nda ger\u00e7ekle\u015ftirilen yar\u0131\u015fmalar sonucunda \u015fampiyon oldu. Y\u00fczme bran\u015f\u0131nda yar\u0131\u015fan sporcu \u00f6\u011frenciler \u0130pek [&hellip;]","og_url":"https:\/\/memurunsesi.net\/index.php\/2025\/03\/30\/cu-vakfi-okullari-sporcularindan-buyuk-basari\/","og_site_name":"Memurun Sesi","article_publisher":"https:\/\/www.facebook.com\/unipersen\/?locale=tr_TR","article_published_time":"2025-03-30T06:16:19+00:00","og_image":[{"width":1536,"height":2048,"url":"https:\/\/memurunsesi.net\/wp-content\/uploads\/2025\/03\/AW422908_02.jpg","type":"image\/jpeg"}],"author":"Memurun Sesi Haber Merkezi","twitter_card":"summary_large_image","twitter_creator":"@unipersen","twitter_site":"@unipersen","twitter_misc":{"Yazan:":"Memurun Sesi Haber Merkezi","Tahmini okuma s\u00fcresi":"1 dakika"},"schema":{"@context":"https:\/\/schema.org","@graph":[{"@type":"Article","@id":"https:\/\/memurunsesi.net\/index.php\/2025\/03\/30\/cu-vakfi-okullari-sporcularindan-buyuk-basari\/#article","isPartOf":{"@id":"https:\/\/memurunsesi.net\/index.php\/2025\/03\/30\/cu-vakfi-okullari-sporcularindan-buyuk-basari\/"},"author":{"name":"Memurun Sesi Haber Merkezi","@id":"https:\/\/memurunsesi.net\/#\/schema\/person\/f21c2d73b89f6ee1d80b0a1803e38587"},"headline":"C\u00dc Vakf\u0131 Okullar\u0131 sporcular\u0131ndan b\u00fcy\u00fck ba\u015far\u0131","datePublished":"2025-03-30T06:16:19+00:00","mainEntityOfPage":{"@id":"https:\/\/memurunsesi.net\/index.php\/2025\/03\/30\/cu-vakfi-okullari-sporcularindan-buyuk-basari\/"},"wordCount":125,"commentCount":0,"publisher":{"@id":"https:\/\/memurunsesi.net\/#organization"},"image":{"@id":"https:\/\/memurunsesi.net\/index.php\/2025\/03\/30\/cu-vakfi-okullari-sporcularindan-buyuk-basari\/#primaryimage"},"thumbnailUrl":"https:\/\/memurunsesi.net\/wp-content\/uploads\/2025\/03\/AW422908_02.jpg","articleSection":["G\u00fcndem"],"inLanguage":"tr","potentialAction":[{"@type":"CommentAction","name":"Comment","target":["https:\/\/memurunsesi.net\/index.php\/2025\/03\/30\/cu-vakfi-okullari-sporcularindan-buyuk-basari\/#respond"]}]},{"@type":"WebPage","@id":"https:\/\/memurunsesi.net\/index.php\/2025\/03\/30\/cu-vakfi-okullari-sporcularindan-buyuk-basari\/","url":"https:\/\/memurunsesi.net\/index.php\/2025\/03\/30\/cu-vakfi-okullari-sporcularindan-buyuk-basari\/","name":"C\u00dc Vakf\u0131 Okullar\u0131 sporcular\u0131ndan b\u00fcy\u00fck ba\u015far\u0131 - Memurun Sesi","isPartOf":{"@id":"https:\/\/memurunsesi.net\/#website"},"primaryImageOfPage":{"@id":"https:\/\/memurunsesi.net\/index.php\/2025\/03\/30\/cu-vakfi-okullari-sporcularindan-buyuk-basari\/#primaryimage"},"image":{"@id":"https:\/\/memurunsesi.net\/index.php\/2025\/03\/30\/cu-vakfi-okullari-sporcularindan-buyuk-basari\/#primaryimage"},"thumbnailUrl":"https:\/\/memurunsesi.net\/wp-content\/uploads\/2025\/03\/AW422908_02.jpg","datePublished":"2025-03-30T06:16:19+00:00","breadcrumb":{"@id":"https:\/\/memurunsesi.net\/index.php\/2025\/03\/30\/cu-vakfi-okullari-sporcularindan-buyuk-basari\/#breadcrumb"},"inLanguage":"tr","potentialAction":[{"@type":"ReadAction","target":["https:\/\/memurunsesi.net\/index.php\/2025\/03\/30\/cu-vakfi-okullari-sporcularindan-buyuk-basari\/"]}]},{"@type":"ImageObject","inLanguage":"tr","@id":"https:\/\/memurunsesi.net\/index.php\/2025\/03\/30\/cu-vakfi-okullari-sporcularindan-buyuk-basari\/#primaryimage","url":"https:\/\/memurunsesi.net\/wp-content\/uploads\/2025\/03\/AW422908_02.jpg","contentUrl":"https:\/\/memurunsesi.net\/wp-content\/uploads\/2025\/03\/AW422908_02.jpg","width":1536,"height":2048,"caption":"S\u0130VAS CUMHUR\u0130YET \u00dcN\u0130VERS\u0130TES\u0130 VAKFI OKULLARI \u00d6\u011eRENC\u0130LER\u0130, S\u0130VAS'TA D\u00dcZENLENEN M\u0130N\u0130KLER TEN\u0130S KIZ M\u00dcSABAKALARINDA \u00dcST\u00dcN B\u0130R PERFORMANS SERG\u0130LEYEREK, YED\u0130 TAKIMIN YER ALDI\u011eI YARI\u015eMALARDA \u00d6ZEL MAH\u0130R SEV\u0130M \u00d6ZDUMAN \u0130LKOKULU ADINA \u015eAMP\u0130YONLUK ELDE ETT\u0130. (ARZU K\u00dcBRA DO\u011eAN\/S\u0130VAS-\u0130HA) Sivas Cumhuriyet \u00dcniversitesi Vakf\u0131 Okullar\u0131 \u00d6zel Mahir Sevim \u00d6zduman \u0130lkokulu \u00f6\u011frencileri, Sivas'ta d\u00fczenlenen minikler tenis k\u0131z m\u00fcsabakalar\u0131nda \u015fampiyonluk sevinci ya\u015fad\u0131."},{"@type":"BreadcrumbList","@id":"https:\/\/memurunsesi.net\/index.php\/2025\/03\/30\/cu-vakfi-okullari-sporcularindan-buyuk-basari\/#breadcrumb","itemListElement":[{"@type":"ListItem","position":1,"name":"Anasayfa","item":"https:\/\/memurunsesi.net\/"},{"@type":"ListItem","position":2,"name":"C\u00dc Vakf\u0131 Okullar\u0131 sporcular\u0131ndan b\u00fcy\u00fck ba\u015far\u0131"}]},{"@type":"WebSite","@id":"https:\/\/memurunsesi.net\/#website","url":"https:\/\/memurunsesi.net\/","name":"Memurun Sesi","description":"G\u00fcncel ve Do\u011fru Haber","publisher":{"@id":"https:\/\/memurunsesi.net\/#organization"},"potentialAction":[{"@type":"SearchAction","target":{"@type":"EntryPoint","urlTemplate":"https:\/\/memurunsesi.net\/?s={search_term_string}"},"query-input":{"@type":"PropertyValueSpecification","valueRequired":true,"valueName":"search_term_string"}}],"inLanguage":"tr"},{"@type":"Organization","@id":"https:\/\/memurunsesi.net\/#organization","name":"Memurun Sesi","url":"https:\/\/memurunsesi.net\/","logo":{"@type":"ImageObject","inLanguage":"tr","@id":"https:\/\/memurunsesi.net\/#\/schema\/logo\/image\/","url":"https:\/\/memurunsesi.net\/wp-content\/uploads\/2025\/11\/cropped-MEMURUN-SESI.png","contentUrl":"https:\/\/memurunsesi.net\/wp-content\/uploads\/2025\/11\/cropped-MEMURUN-SESI.png","width":238,"height":57,"caption":"Memurun Sesi"},"image":{"@id":"https:\/\/memurunsesi.net\/#\/schema\/logo\/image\/"},"sameAs":["https:\/\/www.facebook.com\/unipersen\/?locale=tr_TR","https:\/\/x.com\/unipersen"]},{"@type":"Person","@id":"https:\/\/memurunsesi.net\/#\/schema\/person\/f21c2d73b89f6ee1d80b0a1803e38587","name":"Memurun Sesi Haber Merkezi","image":{"@type":"ImageObject","inLanguage":"tr","@id":"https:\/\/secure.gravatar.com\/avatar\/6cf0505f452ee753f485014986fab09a434671d2b919ee76fc541025c5876a70?s=96&d=mm&r=g","url":"https:\/\/secure.gravatar.com\/avatar\/6cf0505f452ee753f485014986fab09a434671d2b919ee76fc541025c5876a70?s=96&d=mm&r=g","contentUrl":"https:\/\/secure.gravatar.com\/avatar\/6cf0505f452ee753f485014986fab09a434671d2b919ee76fc541025c5876a70?s=96&d=mm&r=g","caption":"Memurun Sesi Haber Merkezi"},"sameAs":["https:\/\/memurunsesi.net"],"url":"https:\/\/memurunsesi.net\/index.php\/author\/uniper\/"}]}},"_links":{"self":[{"href":"https:\/\/memurunsesi.net\/index.php\/wp-json\/wp\/v2\/posts\/4524","targetHints":{"allow":["GET"]}}],"collection":[{"href":"https:\/\/memurunsesi.net\/index.php\/wp-json\/wp\/v2\/posts"}],"about":[{"href":"https:\/\/memurunsesi.net\/index.php\/wp-json\/wp\/v2\/types\/post"}],"author":[{"embeddable":true,"href":"https:\/\/memurunsesi.net\/index.php\/wp-json\/wp\/v2\/users\/1"}],"replies":[{"embeddable":true,"href":"https:\/\/memurunsesi.net\/index.php\/wp-json\/wp\/v2\/comments?post=4524"}],"version-history":[{"count":1,"href":"https:\/\/memurunsesi.net\/index.php\/wp-json\/wp\/v2\/posts\/4524\/revisions"}],"predecessor-version":[{"id":4526,"href":"https:\/\/memurunsesi.net\/index.php\/wp-json\/wp\/v2\/posts\/4524\/revisions\/4526"}],"wp:featuredmedia":[{"embeddable":true,"href":"https:\/\/memurunsesi.net\/index.php\/wp-json\/wp\/v2\/media\/4525"}],"wp:attachment":[{"href":"https:\/\/memurunsesi.net\/index.php\/wp-json\/wp\/v2\/media?parent=4524"}],"wp:term":[{"taxonomy":"category","embeddable":true,"href":"https:\/\/memurunsesi.net\/index.php\/wp-json\/wp\/v2\/categories?post=4524"},{"taxonomy":"post_tag","embeddable":true,"href":"https:\/\/memurunsesi.net\/index.php\/wp-json\/wp\/v2\/tags?post=4524"}],"curies":[{"name":"wp","href":"https:\/\/api.w.org\/{rel}","templated":true}]}}