{"id":4527,"date":"2025-03-30T09:17:54","date_gmt":"2025-03-30T06:17:54","guid":{"rendered":"https:\/\/memurunsesi.net\/?p=4527"},"modified":"2025-03-30T09:17:54","modified_gmt":"2025-03-30T06:17:54","slug":"ogrencilerden-gece-vardiyali-bayram-hazirligi-5-bin-500-paket-cikolata-satildi","status":"publish","type":"post","link":"https:\/\/memurunsesi.net\/index.php\/2025\/03\/30\/ogrencilerden-gece-vardiyali-bayram-hazirligi-5-bin-500-paket-cikolata-satildi\/","title":{"rendered":"\u00d6\u011frencilerden gece vardiyal\u0131 bayram haz\u0131rl\u0131\u011f\u0131, 5 bin 500 paket \u00e7ikolata sat\u0131ld\u0131"},"content":{"rendered":"<p>Sivas&#8217;ta 5 y\u0131l \u00f6nce lise \u00f6\u011frencileri taraf\u0131ndan \u00fcretimine ba\u015flan\u0131lan \u00c7ikolata Lise (\u00c7ikolis) \u00e7ikolatalar\u0131 k\u0131sa s\u00fcrede markala\u015fmay\u0131 ba\u015fard\u0131. Sivas&#8217;ta Sultan\u015fehir Mesleki ve Teknik Anadolu Lisesi \u00f6\u011frencileri bayram sipari\u015flerini yeti\u015ftirebilmek i\u00e7in 3 vardiyal\u0131 olarak gece g\u00fcnd\u00fcz \u00e7al\u0131\u015ft\u0131<\/p>\n<p>Sivas&#8217;ta lise \u00f6\u011frencileri, bayram \u00f6ncesi \u00e7ikolata sipari\u015flerini yeti\u015ftirebilmek i\u00e7in yo\u011fun mesai harcad\u0131. Okul b\u00fcnyesindeki uygulama otelinin \u00fcretim merkezinde \u00e7al\u0131\u015fan \u00f6\u011frenciler, g\u00fcnd\u00fcz ve gece vardiyalar\u0131nda \u00fcretime devam ediyor.<br \/>\nSivas&#8217;ta Sultan\u015fehir Mesleki ve Teknik Anadolu Lisesi&#8217;nde 5 y\u0131l \u00f6nce \u00fcretimine ba\u015flan\u0131lan \u00c7ikolata Lise (\u00c7ikolis) \u00e7ikolatalar\u0131 k\u0131sa s\u00fcrede markala\u015f\u0131p tercih edilir hale geldi. Bayram \u00f6ncesi 5 bin 500 paket \u00e7ikolata sipari\u015fi al\u0131nd\u0131. Okulun uygulama otelindeki \u00fcretim merkezinde g\u00f6rev alan \u00f6\u011frenciler, Ramazan Bayram\u0131 \u00f6ncesinde artan sipari\u015flere yeti\u015febilmek ad\u0131na g\u00fcnd\u00fcz ve gece vardiyalar\u0131nda \u00fcretime devam etti.<br \/>\n\u00c7ikolata \u00fcretimine 2020 y\u0131l\u0131nda ba\u015flayan \u00f6\u011frenciler, hem mesleki beceri kazan\u0131p hem de \u00fcretime katk\u0131 sa\u011flayarak deneyim kazan\u0131yorlar. Bayram \u00f6ncesi artan talepler nedeniyle \u00fcretim kapasitesini arttan \u00e7ikolata imalathanesinde \u00f6\u011frenciler sipari\u015flere yeti\u015febilmek i\u00e7in gece-g\u00fcnd\u00fcz mesai harc\u0131yor. \u00d6\u011frenciler, bir\u00e7ok ile \u00e7ikolata g\u00f6nderimi sa\u011flarken, e-ticaret platformlar\u0131 \u00fczerinden de sipari\u015f al\u0131yorlar. Bayram \u00f6ncesi tatl\u0131 tela\u015f\u0131n s\u00fcrd\u00fc\u011f\u00fc \u00fcretim merkezinde, lise \u00f6\u011frencileri hem mesleklerini \u00f6\u011freniyor hem de kendi emekleriyle kazan\u00e7 elde ediyor.<br \/>\n&#8220;Fark\u0131ndal\u0131k olu\u015fturmak istedik&#8221;<br \/>\nT\u00fcrkiye&#8217;de, \u00e7ikolata \u00fcretimi a\u00e7\u0131s\u0131ndan bir fark\u0131ndal\u0131k olu\u015fturmak istediklerini s\u00f6yleyen Sultan\u015fehir mesleki ve teknik Anadolu lisesi yiyecek i\u00e7ecek hizmetleri alan \u015fefi \u00d6zlem M\u0131d\u0131k, &#8220;Biz, 2020 y\u0131l\u0131ndan beri \u00f6\u011frencilerimizle birlikte \u00e7ikolata \u00fcretimi yap\u0131yoruz. \u00c7ikolis markas\u0131 ad\u0131 alt\u0131nda \u00e7ikolata \u00fcretimlerimizi ger\u00e7ekle\u015ftirmekteyiz. Okuduklar\u0131 okulda sadece teorik bilgi vermekle kalmay\u0131p \u00f6\u011frencilerimizin mesleklerini se\u00e7erken hissetmelerini, \u00fcretime kat\u0131l\u0131p deneyim kazanmas\u0131n\u0131 ama\u00e7layan e\u011fitim anlay\u0131\u015f\u0131 g\u00fcd\u00fcyoruz. T\u00fcrkiye&#8217;de, \u00e7ikolata \u00fcretimi a\u00e7\u0131s\u0131ndan bir fark\u0131ndal\u0131k olu\u015fturmak istedik. Bu gaye pe\u015finden giderek tam 4.5 y\u0131ld\u0131r \u00e7ikolata \u00fcretimi yapmaktay\u0131z. Ba\u015flang\u0131\u00e7ta bir e\u011fitim \u00e7al\u0131\u015fmas\u0131 i\u00e7in ba\u015flad\u0131\u011f\u0131m\u0131z bu yolda, zaman i\u00e7erisinde \u00f6\u011frencilerimiz i\u00e7in bir tutku bizler i\u00e7in de bir ba\u015far\u0131 hik\u00e2yesine d\u00f6n\u00fc\u015ft\u00fc. \u00c7ikolata \u00fcretimi bir\u00e7ok beceriyi ayn\u0131 anda geli\u015ftiren kapsaml\u0131 bir s\u00fcre\u00e7tir. \u00d6\u011frencilerimizin i\u015fi \u00f6\u011frenmekle kalmay\u0131p, kendi aralar\u0131nda i\u015fbirli\u011fi ve tak\u0131m \u00e7al\u0131\u015fmas\u0131 yapmay\u0131, sorumluluk almay\u0131 ve \u00fcretici d\u00fc\u015f\u00fcnmeyi de deneyimlemekteler. \u00dcretim s\u00fcrecinde malzemelerin do\u011fru oranda kullan\u0131lmas\u0131, hijyen kurallar\u0131na uyulmas\u0131 ve zaman\u0131 y\u00f6netmek gibi kritik becerilerde kazan\u0131yorlar. T\u00fcm bu a\u015famalar onlar\u0131n giri\u015fimcilik ruhunu g\u00fc\u00e7lendirirken, problem \u00e7\u00f6zme yeteneklerini de geli\u015ftiriyor&#8221; dedi.<br \/>\n&#8220;\u00d6\u011frenciler g\u00fcnd\u00fcz-gece vardiyal\u0131 \u00e7al\u0131\u015ft\u0131lar&#8221;<br \/>\nRamazan ay\u0131 boyunca \u00f6\u011frenciler ile birlikte yo\u011fun bir mesai harcad\u0131klar\u0131n\u0131 ifade eden M\u0131d\u0131k, &#8220;Ramazan ay\u0131 boyunca \u00f6\u011frencilerimiz yo\u011fun bir mesai harcad\u0131lar. Bayram s\u00fcrecinde bug\u00fcne kadar 5 bin 558 kutu \u00e7ikolata satarak yo\u011fun ve verimli bir \u00e7al\u0131\u015fma d\u00f6nemi ge\u00e7irdik. Bu s\u00fcre\u00e7te \u00f6\u011frencilerimizin pratik deneyim kazanmalar\u0131n\u0131n yan\u0131 s\u0131ra kararl\u0131l\u0131kla \u00e7al\u0131\u015farak b\u00fcy\u00fck hedeflere ula\u015fman\u0131n m\u00fcmk\u00fcn oldu\u011funu bir kez daha g\u00f6stermi\u015f olduk. Ramazan ay\u0131 boyunca \u00f6\u011frencilerimizle birlikte yo\u011fun bir mesai harcad\u0131k. 9. S\u0131n\u0131ftan 12.s\u0131n\u0131fa kadar \u00e7ikolata \u00fcretiminde aktif olarak \u00e7al\u0131\u015fmaya devam etti. Hem sabahtan ak\u015fama kadar hem de ak\u015famdan geceye kadar \u00f6\u011frencilerimiz s\u00fcrekli olarak yo\u011fun bir \u015fekilde \u00e7al\u0131\u015ft\u0131lar. Bir\u00e7ok ilden sipari\u015f ald\u0131k. Antalya, Urfa, Bolu, Bursa ve Ankara ba\u015fta olmak \u00fczere bir\u00e7ok ile kargo yoluyla \u00e7ikolata g\u00f6nderimi yapt\u0131k. E-Ticaret sitelerinden de ayn\u0131 \u015fekilde bir\u00e7ok sipari\u015f ald\u0131k. Bunun yan\u0131 s\u0131ra Sivas ilinde bulunan bir\u00e7ok kurum ve \u00f6zel \u015firketlerin bizi tercih etmesiyle \u00e7ikolata \u00fcretimimize devam ettik. Bayram arifesindeyken, normal zamandan daha fazla \u00fcretim yap\u0131yoruz. Normal zamanda sadece okul sonras\u0131 \u00e7al\u0131\u015fan \u00f6\u011frencilerimiz, bayram yo\u011funlu\u011fu nedeniyle hem g\u00fcnd\u00fcz hem de ak\u015fam sonras\u0131 \u00e7al\u0131\u015ft\u0131lar. Normalde 15 aktif \u00f6\u011frencimiz \u00e7al\u0131\u015f\u0131rken, \u00f6\u011frenci kapasitemizi 80&#8217;e \u00e7\u0131kartt\u0131k&#8221; diye konu\u015ftu.<br \/>\n&#8220;Yo\u011funluktan evlerimizde iftar yapamad\u0131k&#8221;<br \/>\nYo\u011funluktan evlerine iftar yapmaya gidemediklerini belirten 11.s\u0131n\u0131f \u00f6\u011frencisi \u00d6mer Faruk Karabiber, &#8220;Burada lise arkada\u015flar\u0131m\u0131zla beraber \u00e7ikolata \u00fcretiyoruz. Bunlar\u0131 belirli i\u015flemlerden ge\u00e7irdikten sonra sat\u0131yor ve para kazan\u0131yoruz. Bayram arifesinde vardiyal\u0131 bir \u015fekilde \u00e7ok yo\u011fun \u00e7al\u0131\u015ft\u0131k. Okuldan sonra geldik. Yo\u011funluktan evlerimizde iftar bile yapamad\u0131k&#8221; dedi.<\/p>\n<p>29.03.2025<\/p>\n","protected":false},"excerpt":{"rendered":"<p>Sivas&#8217;ta 5 y\u0131l \u00f6nce lise \u00f6\u011frencileri taraf\u0131ndan \u00fcretimine ba\u015flan\u0131lan \u00c7ikolata Lise (\u00c7ikolis) \u00e7ikolatalar\u0131 k\u0131sa s\u00fcrede markala\u015fmay\u0131 ba\u015fard\u0131. Sivas&#8217;ta Sultan\u015fehir Mesleki ve Teknik Anadolu Lisesi \u00f6\u011frencileri bayram sipari\u015flerini yeti\u015ftirebilmek i\u00e7in 3 vardiyal\u0131 olarak gece g\u00fcnd\u00fcz \u00e7al\u0131\u015ft\u0131 Sivas&#8217;ta lise \u00f6\u011frencileri, bayram \u00f6ncesi \u00e7ikolata sipari\u015flerini yeti\u015ftirebilmek i\u00e7in yo\u011fun mesai harcad\u0131. Okul b\u00fcnyesindeki uygulama otelinin \u00fcretim merkezinde \u00e7al\u0131\u015fan \u00f6\u011frenciler, [&hellip;]<\/p>\n","protected":false},"author":1,"featured_media":4528,"comment_status":"open","ping_status":"open","sticky":false,"template":"","format":"standard","meta":{"footnotes":""},"categories":[50],"tags":[],"class_list":["post-4527","post","type-post","status-publish","format-standard","has-post-thumbnail","hentry","category-tum-haberler"],"yoast_head":"<!-- This site is optimized with the Yoast SEO plugin v27.4 - https:\/\/yoast.com\/product\/yoast-seo-wordpress\/ -->\n<title>\u00d6\u011frencilerden gece vardiyal\u0131 bayram haz\u0131rl\u0131\u011f\u0131, 5 bin 500 paket \u00e7ikolata sat\u0131ld\u0131 - Memurun Sesi<\/title>\n<meta name=\"robots\" content=\"index, follow, max-snippet:-1, max-image-preview:large, max-video-preview:-1\" \/>\n<link rel=\"canonical\" href=\"https:\/\/memurunsesi.net\/index.php\/2025\/03\/30\/ogrencilerden-gece-vardiyali-bayram-hazirligi-5-bin-500-paket-cikolata-satildi\/\" \/>\n<meta property=\"og:locale\" content=\"tr_TR\" \/>\n<meta property=\"og:type\" content=\"article\" \/>\n<meta property=\"og:title\" content=\"\u00d6\u011frencilerden gece vardiyal\u0131 bayram haz\u0131rl\u0131\u011f\u0131, 5 bin 500 paket \u00e7ikolata sat\u0131ld\u0131 - Memurun Sesi\" \/>\n<meta property=\"og:description\" content=\"Sivas&#8217;ta 5 y\u0131l \u00f6nce lise \u00f6\u011frencileri taraf\u0131ndan \u00fcretimine ba\u015flan\u0131lan \u00c7ikolata Lise (\u00c7ikolis) \u00e7ikolatalar\u0131 k\u0131sa s\u00fcrede markala\u015fmay\u0131 ba\u015fard\u0131. Sivas&#8217;ta Sultan\u015fehir Mesleki ve Teknik Anadolu Lisesi \u00f6\u011frencileri bayram sipari\u015flerini yeti\u015ftirebilmek i\u00e7in 3 vardiyal\u0131 olarak gece g\u00fcnd\u00fcz \u00e7al\u0131\u015ft\u0131 Sivas&#8217;ta lise \u00f6\u011frencileri, bayram \u00f6ncesi \u00e7ikolata sipari\u015flerini yeti\u015ftirebilmek i\u00e7in yo\u011fun mesai harcad\u0131. Okul b\u00fcnyesindeki uygulama otelinin \u00fcretim merkezinde \u00e7al\u0131\u015fan \u00f6\u011frenciler, [&hellip;]\" \/>\n<meta property=\"og:url\" content=\"https:\/\/memurunsesi.net\/index.php\/2025\/03\/30\/ogrencilerden-gece-vardiyali-bayram-hazirligi-5-bin-500-paket-cikolata-satildi\/\" \/>\n<meta property=\"og:site_name\" content=\"Memurun Sesi\" \/>\n<meta property=\"article:publisher\" content=\"https:\/\/www.facebook.com\/unipersen\/?locale=tr_TR\" \/>\n<meta property=\"article:published_time\" content=\"2025-03-30T06:17:54+00:00\" \/>\n<meta property=\"og:image\" content=\"https:\/\/memurunsesi.net\/wp-content\/uploads\/2025\/03\/AW422850_06-scaled.jpg\" \/>\n\t<meta property=\"og:image:width\" content=\"2560\" \/>\n\t<meta property=\"og:image:height\" content=\"1707\" \/>\n\t<meta property=\"og:image:type\" content=\"image\/jpeg\" \/>\n<meta name=\"author\" content=\"Memurun Sesi Haber Merkezi\" \/>\n<meta name=\"twitter:card\" content=\"summary_large_image\" \/>\n<meta name=\"twitter:creator\" content=\"@unipersen\" \/>\n<meta name=\"twitter:site\" content=\"@unipersen\" \/>\n<meta name=\"twitter:label1\" content=\"Yazan:\" \/>\n\t<meta name=\"twitter:data1\" content=\"Memurun Sesi Haber Merkezi\" \/>\n\t<meta name=\"twitter:label2\" content=\"Tahmini okuma s\u00fcresi\" \/>\n\t<meta name=\"twitter:data2\" content=\"4 dakika\" \/>\n<script type=\"application\/ld+json\" class=\"yoast-schema-graph\">{\"@context\":\"https:\\\/\\\/schema.org\",\"@graph\":[{\"@type\":\"Article\",\"@id\":\"https:\\\/\\\/memurunsesi.net\\\/index.php\\\/2025\\\/03\\\/30\\\/ogrencilerden-gece-vardiyali-bayram-hazirligi-5-bin-500-paket-cikolata-satildi\\\/#article\",\"isPartOf\":{\"@id\":\"https:\\\/\\\/memurunsesi.net\\\/index.php\\\/2025\\\/03\\\/30\\\/ogrencilerden-gece-vardiyali-bayram-hazirligi-5-bin-500-paket-cikolata-satildi\\\/\"},\"author\":{\"name\":\"Memurun Sesi Haber Merkezi\",\"@id\":\"https:\\\/\\\/memurunsesi.net\\\/#\\\/schema\\\/person\\\/f21c2d73b89f6ee1d80b0a1803e38587\"},\"headline\":\"\u00d6\u011frencilerden gece vardiyal\u0131 bayram haz\u0131rl\u0131\u011f\u0131, 5 bin 500 paket \u00e7ikolata sat\u0131ld\u0131\",\"datePublished\":\"2025-03-30T06:17:54+00:00\",\"mainEntityOfPage\":{\"@id\":\"https:\\\/\\\/memurunsesi.net\\\/index.php\\\/2025\\\/03\\\/30\\\/ogrencilerden-gece-vardiyali-bayram-hazirligi-5-bin-500-paket-cikolata-satildi\\\/\"},\"wordCount\":791,\"commentCount\":0,\"publisher\":{\"@id\":\"https:\\\/\\\/memurunsesi.net\\\/#organization\"},\"image\":{\"@id\":\"https:\\\/\\\/memurunsesi.net\\\/index.php\\\/2025\\\/03\\\/30\\\/ogrencilerden-gece-vardiyali-bayram-hazirligi-5-bin-500-paket-cikolata-satildi\\\/#primaryimage\"},\"thumbnailUrl\":\"https:\\\/\\\/memurunsesi.net\\\/wp-content\\\/uploads\\\/2025\\\/03\\\/AW422850_06-scaled.jpg\",\"articleSection\":[\"T\u00fcm Haberler\"],\"inLanguage\":\"tr\",\"potentialAction\":[{\"@type\":\"CommentAction\",\"name\":\"Comment\",\"target\":[\"https:\\\/\\\/memurunsesi.net\\\/index.php\\\/2025\\\/03\\\/30\\\/ogrencilerden-gece-vardiyali-bayram-hazirligi-5-bin-500-paket-cikolata-satildi\\\/#respond\"]}]},{\"@type\":\"WebPage\",\"@id\":\"https:\\\/\\\/memurunsesi.net\\\/index.php\\\/2025\\\/03\\\/30\\\/ogrencilerden-gece-vardiyali-bayram-hazirligi-5-bin-500-paket-cikolata-satildi\\\/\",\"url\":\"https:\\\/\\\/memurunsesi.net\\\/index.php\\\/2025\\\/03\\\/30\\\/ogrencilerden-gece-vardiyali-bayram-hazirligi-5-bin-500-paket-cikolata-satildi\\\/\",\"name\":\"\u00d6\u011frencilerden gece vardiyal\u0131 bayram haz\u0131rl\u0131\u011f\u0131, 5 bin 500 paket \u00e7ikolata sat\u0131ld\u0131 - Memurun Sesi\",\"isPartOf\":{\"@id\":\"https:\\\/\\\/memurunsesi.net\\\/#website\"},\"primaryImageOfPage\":{\"@id\":\"https:\\\/\\\/memurunsesi.net\\\/index.php\\\/2025\\\/03\\\/30\\\/ogrencilerden-gece-vardiyali-bayram-hazirligi-5-bin-500-paket-cikolata-satildi\\\/#primaryimage\"},\"image\":{\"@id\":\"https:\\\/\\\/memurunsesi.net\\\/index.php\\\/2025\\\/03\\\/30\\\/ogrencilerden-gece-vardiyali-bayram-hazirligi-5-bin-500-paket-cikolata-satildi\\\/#primaryimage\"},\"thumbnailUrl\":\"https:\\\/\\\/memurunsesi.net\\\/wp-content\\\/uploads\\\/2025\\\/03\\\/AW422850_06-scaled.jpg\",\"datePublished\":\"2025-03-30T06:17:54+00:00\",\"breadcrumb\":{\"@id\":\"https:\\\/\\\/memurunsesi.net\\\/index.php\\\/2025\\\/03\\\/30\\\/ogrencilerden-gece-vardiyali-bayram-hazirligi-5-bin-500-paket-cikolata-satildi\\\/#breadcrumb\"},\"inLanguage\":\"tr\",\"potentialAction\":[{\"@type\":\"ReadAction\",\"target\":[\"https:\\\/\\\/memurunsesi.net\\\/index.php\\\/2025\\\/03\\\/30\\\/ogrencilerden-gece-vardiyali-bayram-hazirligi-5-bin-500-paket-cikolata-satildi\\\/\"]}]},{\"@type\":\"ImageObject\",\"inLanguage\":\"tr\",\"@id\":\"https:\\\/\\\/memurunsesi.net\\\/index.php\\\/2025\\\/03\\\/30\\\/ogrencilerden-gece-vardiyali-bayram-hazirligi-5-bin-500-paket-cikolata-satildi\\\/#primaryimage\",\"url\":\"https:\\\/\\\/memurunsesi.net\\\/wp-content\\\/uploads\\\/2025\\\/03\\\/AW422850_06-scaled.jpg\",\"contentUrl\":\"https:\\\/\\\/memurunsesi.net\\\/wp-content\\\/uploads\\\/2025\\\/03\\\/AW422850_06-scaled.jpg\",\"width\":2560,\"height\":1707,\"caption\":\"S\u0130VAS'TA L\u0130SE \u00d6\u011eRENC\u0130LER\u0130, BAYRAM \u00d6NCES\u0130 \u00c7\u0130KOLATA \u00dcRET\u0130M\u0130NDE YO\u011eUN MESA\u0130 HARCIYOR. OKUL B\u00dcNYES\u0130NDEK\u0130 UYGULAMA OTEL\u0130N\u0130N \u00dcRET\u0130M MERKEZ\u0130NDE \u00c7ALI\u015eAN \u00d6\u011eRENC\u0130LER, RAMAZAN BAYRAMI \u00d6NCES\u0130NDE S\u0130PAR\u0130\u015eLERE YET\u0130\u015eEB\u0130LMEK \u0130\u00c7\u0130N G\u00dcND\u00dcZ VE GECE VARD\u0130YALARINDA \u00dcRET\u0130ME DEVAM ED\u0130YOR. (ARZU K\u00dcBRA DO\u011eAN - YUNUS \u00c7\u0130FTC\u0130\\\/S\u0130VAS-\u0130HA) Sivas'ta lise \u00f6\u011frencileri, bayram \u00f6ncesi \u00e7ikolata sipari\u015flerini yeti\u015ftirebilmek i\u00e7in yo\u011fun mesai harcad\u0131. Okul b\u00fcnyesindeki uygulama otelinin \u00fcretim merkezinde \u00e7al\u0131\u015fan \u00f6\u011frenciler, g\u00fcnd\u00fcz ve gece vardiyalar\u0131nda \u00fcretime devam ediyor.\"},{\"@type\":\"BreadcrumbList\",\"@id\":\"https:\\\/\\\/memurunsesi.net\\\/index.php\\\/2025\\\/03\\\/30\\\/ogrencilerden-gece-vardiyali-bayram-hazirligi-5-bin-500-paket-cikolata-satildi\\\/#breadcrumb\",\"itemListElement\":[{\"@type\":\"ListItem\",\"position\":1,\"name\":\"Anasayfa\",\"item\":\"https:\\\/\\\/memurunsesi.net\\\/\"},{\"@type\":\"ListItem\",\"position\":2,\"name\":\"\u00d6\u011frencilerden gece vardiyal\u0131 bayram haz\u0131rl\u0131\u011f\u0131, 5 bin 500 paket \u00e7ikolata sat\u0131ld\u0131\"}]},{\"@type\":\"WebSite\",\"@id\":\"https:\\\/\\\/memurunsesi.net\\\/#website\",\"url\":\"https:\\\/\\\/memurunsesi.net\\\/\",\"name\":\"Memurun Sesi\",\"description\":\"G\u00fcncel ve Do\u011fru Haber\",\"publisher\":{\"@id\":\"https:\\\/\\\/memurunsesi.net\\\/#organization\"},\"potentialAction\":[{\"@type\":\"SearchAction\",\"target\":{\"@type\":\"EntryPoint\",\"urlTemplate\":\"https:\\\/\\\/memurunsesi.net\\\/?s={search_term_string}\"},\"query-input\":{\"@type\":\"PropertyValueSpecification\",\"valueRequired\":true,\"valueName\":\"search_term_string\"}}],\"inLanguage\":\"tr\"},{\"@type\":\"Organization\",\"@id\":\"https:\\\/\\\/memurunsesi.net\\\/#organization\",\"name\":\"Memurun Sesi\",\"url\":\"https:\\\/\\\/memurunsesi.net\\\/\",\"logo\":{\"@type\":\"ImageObject\",\"inLanguage\":\"tr\",\"@id\":\"https:\\\/\\\/memurunsesi.net\\\/#\\\/schema\\\/logo\\\/image\\\/\",\"url\":\"https:\\\/\\\/memurunsesi.net\\\/wp-content\\\/uploads\\\/2025\\\/11\\\/cropped-MEMURUN-SESI.png\",\"contentUrl\":\"https:\\\/\\\/memurunsesi.net\\\/wp-content\\\/uploads\\\/2025\\\/11\\\/cropped-MEMURUN-SESI.png\",\"width\":238,\"height\":57,\"caption\":\"Memurun Sesi\"},\"image\":{\"@id\":\"https:\\\/\\\/memurunsesi.net\\\/#\\\/schema\\\/logo\\\/image\\\/\"},\"sameAs\":[\"https:\\\/\\\/www.facebook.com\\\/unipersen\\\/?locale=tr_TR\",\"https:\\\/\\\/x.com\\\/unipersen\"]},{\"@type\":\"Person\",\"@id\":\"https:\\\/\\\/memurunsesi.net\\\/#\\\/schema\\\/person\\\/f21c2d73b89f6ee1d80b0a1803e38587\",\"name\":\"Memurun Sesi Haber Merkezi\",\"image\":{\"@type\":\"ImageObject\",\"inLanguage\":\"tr\",\"@id\":\"https:\\\/\\\/secure.gravatar.com\\\/avatar\\\/6cf0505f452ee753f485014986fab09a434671d2b919ee76fc541025c5876a70?s=96&d=mm&r=g\",\"url\":\"https:\\\/\\\/secure.gravatar.com\\\/avatar\\\/6cf0505f452ee753f485014986fab09a434671d2b919ee76fc541025c5876a70?s=96&d=mm&r=g\",\"contentUrl\":\"https:\\\/\\\/secure.gravatar.com\\\/avatar\\\/6cf0505f452ee753f485014986fab09a434671d2b919ee76fc541025c5876a70?s=96&d=mm&r=g\",\"caption\":\"Memurun Sesi Haber Merkezi\"},\"sameAs\":[\"https:\\\/\\\/memurunsesi.net\"],\"url\":\"https:\\\/\\\/memurunsesi.net\\\/index.php\\\/author\\\/uniper\\\/\"}]}<\/script>\n<!-- \/ Yoast SEO plugin. -->","yoast_head_json":{"title":"\u00d6\u011frencilerden gece vardiyal\u0131 bayram haz\u0131rl\u0131\u011f\u0131, 5 bin 500 paket \u00e7ikolata sat\u0131ld\u0131 - Memurun Sesi","robots":{"index":"index","follow":"follow","max-snippet":"max-snippet:-1","max-image-preview":"max-image-preview:large","max-video-preview":"max-video-preview:-1"},"canonical":"https:\/\/memurunsesi.net\/index.php\/2025\/03\/30\/ogrencilerden-gece-vardiyali-bayram-hazirligi-5-bin-500-paket-cikolata-satildi\/","og_locale":"tr_TR","og_type":"article","og_title":"\u00d6\u011frencilerden gece vardiyal\u0131 bayram haz\u0131rl\u0131\u011f\u0131, 5 bin 500 paket \u00e7ikolata sat\u0131ld\u0131 - Memurun Sesi","og_description":"Sivas&#8217;ta 5 y\u0131l \u00f6nce lise \u00f6\u011frencileri taraf\u0131ndan \u00fcretimine ba\u015flan\u0131lan \u00c7ikolata Lise (\u00c7ikolis) \u00e7ikolatalar\u0131 k\u0131sa s\u00fcrede markala\u015fmay\u0131 ba\u015fard\u0131. Sivas&#8217;ta Sultan\u015fehir Mesleki ve Teknik Anadolu Lisesi \u00f6\u011frencileri bayram sipari\u015flerini yeti\u015ftirebilmek i\u00e7in 3 vardiyal\u0131 olarak gece g\u00fcnd\u00fcz \u00e7al\u0131\u015ft\u0131 Sivas&#8217;ta lise \u00f6\u011frencileri, bayram \u00f6ncesi \u00e7ikolata sipari\u015flerini yeti\u015ftirebilmek i\u00e7in yo\u011fun mesai harcad\u0131. Okul b\u00fcnyesindeki uygulama otelinin \u00fcretim merkezinde \u00e7al\u0131\u015fan \u00f6\u011frenciler, [&hellip;]","og_url":"https:\/\/memurunsesi.net\/index.php\/2025\/03\/30\/ogrencilerden-gece-vardiyali-bayram-hazirligi-5-bin-500-paket-cikolata-satildi\/","og_site_name":"Memurun Sesi","article_publisher":"https:\/\/www.facebook.com\/unipersen\/?locale=tr_TR","article_published_time":"2025-03-30T06:17:54+00:00","og_image":[{"width":2560,"height":1707,"url":"https:\/\/memurunsesi.net\/wp-content\/uploads\/2025\/03\/AW422850_06-scaled.jpg","type":"image\/jpeg"}],"author":"Memurun Sesi Haber Merkezi","twitter_card":"summary_large_image","twitter_creator":"@unipersen","twitter_site":"@unipersen","twitter_misc":{"Yazan:":"Memurun Sesi Haber Merkezi","Tahmini okuma s\u00fcresi":"4 dakika"},"schema":{"@context":"https:\/\/schema.org","@graph":[{"@type":"Article","@id":"https:\/\/memurunsesi.net\/index.php\/2025\/03\/30\/ogrencilerden-gece-vardiyali-bayram-hazirligi-5-bin-500-paket-cikolata-satildi\/#article","isPartOf":{"@id":"https:\/\/memurunsesi.net\/index.php\/2025\/03\/30\/ogrencilerden-gece-vardiyali-bayram-hazirligi-5-bin-500-paket-cikolata-satildi\/"},"author":{"name":"Memurun Sesi Haber Merkezi","@id":"https:\/\/memurunsesi.net\/#\/schema\/person\/f21c2d73b89f6ee1d80b0a1803e38587"},"headline":"\u00d6\u011frencilerden gece vardiyal\u0131 bayram haz\u0131rl\u0131\u011f\u0131, 5 bin 500 paket \u00e7ikolata sat\u0131ld\u0131","datePublished":"2025-03-30T06:17:54+00:00","mainEntityOfPage":{"@id":"https:\/\/memurunsesi.net\/index.php\/2025\/03\/30\/ogrencilerden-gece-vardiyali-bayram-hazirligi-5-bin-500-paket-cikolata-satildi\/"},"wordCount":791,"commentCount":0,"publisher":{"@id":"https:\/\/memurunsesi.net\/#organization"},"image":{"@id":"https:\/\/memurunsesi.net\/index.php\/2025\/03\/30\/ogrencilerden-gece-vardiyali-bayram-hazirligi-5-bin-500-paket-cikolata-satildi\/#primaryimage"},"thumbnailUrl":"https:\/\/memurunsesi.net\/wp-content\/uploads\/2025\/03\/AW422850_06-scaled.jpg","articleSection":["T\u00fcm Haberler"],"inLanguage":"tr","potentialAction":[{"@type":"CommentAction","name":"Comment","target":["https:\/\/memurunsesi.net\/index.php\/2025\/03\/30\/ogrencilerden-gece-vardiyali-bayram-hazirligi-5-bin-500-paket-cikolata-satildi\/#respond"]}]},{"@type":"WebPage","@id":"https:\/\/memurunsesi.net\/index.php\/2025\/03\/30\/ogrencilerden-gece-vardiyali-bayram-hazirligi-5-bin-500-paket-cikolata-satildi\/","url":"https:\/\/memurunsesi.net\/index.php\/2025\/03\/30\/ogrencilerden-gece-vardiyali-bayram-hazirligi-5-bin-500-paket-cikolata-satildi\/","name":"\u00d6\u011frencilerden gece vardiyal\u0131 bayram haz\u0131rl\u0131\u011f\u0131, 5 bin 500 paket \u00e7ikolata sat\u0131ld\u0131 - Memurun Sesi","isPartOf":{"@id":"https:\/\/memurunsesi.net\/#website"},"primaryImageOfPage":{"@id":"https:\/\/memurunsesi.net\/index.php\/2025\/03\/30\/ogrencilerden-gece-vardiyali-bayram-hazirligi-5-bin-500-paket-cikolata-satildi\/#primaryimage"},"image":{"@id":"https:\/\/memurunsesi.net\/index.php\/2025\/03\/30\/ogrencilerden-gece-vardiyali-bayram-hazirligi-5-bin-500-paket-cikolata-satildi\/#primaryimage"},"thumbnailUrl":"https:\/\/memurunsesi.net\/wp-content\/uploads\/2025\/03\/AW422850_06-scaled.jpg","datePublished":"2025-03-30T06:17:54+00:00","breadcrumb":{"@id":"https:\/\/memurunsesi.net\/index.php\/2025\/03\/30\/ogrencilerden-gece-vardiyali-bayram-hazirligi-5-bin-500-paket-cikolata-satildi\/#breadcrumb"},"inLanguage":"tr","potentialAction":[{"@type":"ReadAction","target":["https:\/\/memurunsesi.net\/index.php\/2025\/03\/30\/ogrencilerden-gece-vardiyali-bayram-hazirligi-5-bin-500-paket-cikolata-satildi\/"]}]},{"@type":"ImageObject","inLanguage":"tr","@id":"https:\/\/memurunsesi.net\/index.php\/2025\/03\/30\/ogrencilerden-gece-vardiyali-bayram-hazirligi-5-bin-500-paket-cikolata-satildi\/#primaryimage","url":"https:\/\/memurunsesi.net\/wp-content\/uploads\/2025\/03\/AW422850_06-scaled.jpg","contentUrl":"https:\/\/memurunsesi.net\/wp-content\/uploads\/2025\/03\/AW422850_06-scaled.jpg","width":2560,"height":1707,"caption":"S\u0130VAS'TA L\u0130SE \u00d6\u011eRENC\u0130LER\u0130, BAYRAM \u00d6NCES\u0130 \u00c7\u0130KOLATA \u00dcRET\u0130M\u0130NDE YO\u011eUN MESA\u0130 HARCIYOR. OKUL B\u00dcNYES\u0130NDEK\u0130 UYGULAMA OTEL\u0130N\u0130N \u00dcRET\u0130M MERKEZ\u0130NDE \u00c7ALI\u015eAN \u00d6\u011eRENC\u0130LER, RAMAZAN BAYRAMI \u00d6NCES\u0130NDE S\u0130PAR\u0130\u015eLERE YET\u0130\u015eEB\u0130LMEK \u0130\u00c7\u0130N G\u00dcND\u00dcZ VE GECE VARD\u0130YALARINDA \u00dcRET\u0130ME DEVAM ED\u0130YOR. (ARZU K\u00dcBRA DO\u011eAN - YUNUS \u00c7\u0130FTC\u0130\/S\u0130VAS-\u0130HA) Sivas'ta lise \u00f6\u011frencileri, bayram \u00f6ncesi \u00e7ikolata sipari\u015flerini yeti\u015ftirebilmek i\u00e7in yo\u011fun mesai harcad\u0131. Okul b\u00fcnyesindeki uygulama otelinin \u00fcretim merkezinde \u00e7al\u0131\u015fan \u00f6\u011frenciler, g\u00fcnd\u00fcz ve gece vardiyalar\u0131nda \u00fcretime devam ediyor."},{"@type":"BreadcrumbList","@id":"https:\/\/memurunsesi.net\/index.php\/2025\/03\/30\/ogrencilerden-gece-vardiyali-bayram-hazirligi-5-bin-500-paket-cikolata-satildi\/#breadcrumb","itemListElement":[{"@type":"ListItem","position":1,"name":"Anasayfa","item":"https:\/\/memurunsesi.net\/"},{"@type":"ListItem","position":2,"name":"\u00d6\u011frencilerden gece vardiyal\u0131 bayram haz\u0131rl\u0131\u011f\u0131, 5 bin 500 paket \u00e7ikolata sat\u0131ld\u0131"}]},{"@type":"WebSite","@id":"https:\/\/memurunsesi.net\/#website","url":"https:\/\/memurunsesi.net\/","name":"Memurun Sesi","description":"G\u00fcncel ve Do\u011fru Haber","publisher":{"@id":"https:\/\/memurunsesi.net\/#organization"},"potentialAction":[{"@type":"SearchAction","target":{"@type":"EntryPoint","urlTemplate":"https:\/\/memurunsesi.net\/?s={search_term_string}"},"query-input":{"@type":"PropertyValueSpecification","valueRequired":true,"valueName":"search_term_string"}}],"inLanguage":"tr"},{"@type":"Organization","@id":"https:\/\/memurunsesi.net\/#organization","name":"Memurun Sesi","url":"https:\/\/memurunsesi.net\/","logo":{"@type":"ImageObject","inLanguage":"tr","@id":"https:\/\/memurunsesi.net\/#\/schema\/logo\/image\/","url":"https:\/\/memurunsesi.net\/wp-content\/uploads\/2025\/11\/cropped-MEMURUN-SESI.png","contentUrl":"https:\/\/memurunsesi.net\/wp-content\/uploads\/2025\/11\/cropped-MEMURUN-SESI.png","width":238,"height":57,"caption":"Memurun Sesi"},"image":{"@id":"https:\/\/memurunsesi.net\/#\/schema\/logo\/image\/"},"sameAs":["https:\/\/www.facebook.com\/unipersen\/?locale=tr_TR","https:\/\/x.com\/unipersen"]},{"@type":"Person","@id":"https:\/\/memurunsesi.net\/#\/schema\/person\/f21c2d73b89f6ee1d80b0a1803e38587","name":"Memurun Sesi Haber Merkezi","image":{"@type":"ImageObject","inLanguage":"tr","@id":"https:\/\/secure.gravatar.com\/avatar\/6cf0505f452ee753f485014986fab09a434671d2b919ee76fc541025c5876a70?s=96&d=mm&r=g","url":"https:\/\/secure.gravatar.com\/avatar\/6cf0505f452ee753f485014986fab09a434671d2b919ee76fc541025c5876a70?s=96&d=mm&r=g","contentUrl":"https:\/\/secure.gravatar.com\/avatar\/6cf0505f452ee753f485014986fab09a434671d2b919ee76fc541025c5876a70?s=96&d=mm&r=g","caption":"Memurun Sesi Haber Merkezi"},"sameAs":["https:\/\/memurunsesi.net"],"url":"https:\/\/memurunsesi.net\/index.php\/author\/uniper\/"}]}},"_links":{"self":[{"href":"https:\/\/memurunsesi.net\/index.php\/wp-json\/wp\/v2\/posts\/4527","targetHints":{"allow":["GET"]}}],"collection":[{"href":"https:\/\/memurunsesi.net\/index.php\/wp-json\/wp\/v2\/posts"}],"about":[{"href":"https:\/\/memurunsesi.net\/index.php\/wp-json\/wp\/v2\/types\/post"}],"author":[{"embeddable":true,"href":"https:\/\/memurunsesi.net\/index.php\/wp-json\/wp\/v2\/users\/1"}],"replies":[{"embeddable":true,"href":"https:\/\/memurunsesi.net\/index.php\/wp-json\/wp\/v2\/comments?post=4527"}],"version-history":[{"count":1,"href":"https:\/\/memurunsesi.net\/index.php\/wp-json\/wp\/v2\/posts\/4527\/revisions"}],"predecessor-version":[{"id":4529,"href":"https:\/\/memurunsesi.net\/index.php\/wp-json\/wp\/v2\/posts\/4527\/revisions\/4529"}],"wp:featuredmedia":[{"embeddable":true,"href":"https:\/\/memurunsesi.net\/index.php\/wp-json\/wp\/v2\/media\/4528"}],"wp:attachment":[{"href":"https:\/\/memurunsesi.net\/index.php\/wp-json\/wp\/v2\/media?parent=4527"}],"wp:term":[{"taxonomy":"category","embeddable":true,"href":"https:\/\/memurunsesi.net\/index.php\/wp-json\/wp\/v2\/categories?post=4527"},{"taxonomy":"post_tag","embeddable":true,"href":"https:\/\/memurunsesi.net\/index.php\/wp-json\/wp\/v2\/tags?post=4527"}],"curies":[{"name":"wp","href":"https:\/\/api.w.org\/{rel}","templated":true}]}}