{"id":4542,"date":"2025-03-30T09:27:53","date_gmt":"2025-03-30T06:27:53","guid":{"rendered":"https:\/\/memurunsesi.net\/?p=4542"},"modified":"2025-03-30T09:27:53","modified_gmt":"2025-03-30T06:27:53","slug":"832-yillik-camide-bayram-namazi-kilindi","status":"publish","type":"post","link":"https:\/\/memurunsesi.net\/index.php\/2025\/03\/30\/832-yillik-camide-bayram-namazi-kilindi\/","title":{"rendered":"832 y\u0131ll\u0131k camide bayram namaz\u0131 k\u0131l\u0131nd\u0131"},"content":{"rendered":"<p>Anadolu&#8217;nun en eski camilerinden biri olan tarihi Sivas Ulu Cami&#8217;de, Ramazan Bayram\u0131 namaz\u0131 k\u0131l\u0131nd\u0131.<\/p>\n<p>Sel\u00e7uklu d\u00f6neminde in\u015fa edilen e\u011fik minaresi ile bilinen 832 y\u0131ll\u0131k Sivas Ulu Cami&#8217;nde bayram namaz\u0131 k\u0131lmak isteyen vatanda\u015flar sabah\u0131n erken saatlerinde caminin yolunu tuttu. Tarihi camide ibadetlerini yerine getirmek isteyen bir\u00e7ok vatanda\u015f camiye gelerek safa girdi. K\u0131l\u0131nan namaz\u0131n ard\u0131ndan dualar edilerek tekbir getirildi. Namaz sonras\u0131 camiden \u00e7\u0131kan vatanda\u015flar ise t\u00fcm \u0130slam aleminin Ramazan Bayram\u0131&#8217;n\u0131 kutlayarak hay\u0131rlara vesile olmas\u0131n\u0131 temenni ettiler. Sivas il protokol\u00fc de Ulu Cami&#8217;de bayram namaz\u0131 k\u0131larak vatanda\u015flarla bayramla\u015ft\u0131.<\/p>\n<p>&#8220;\u00c7ok \u00f6nemli bir cami&#8221;<\/p>\n<p>Bayram namaz\u0131na tarihi Ulu Camisi&#8217;ne gelen Faruk Saydam, bu camide namaz k\u0131lman\u0131n tarif edilemeyecek bir duygu oldu\u011fun belirterek, &#8220;\u015eu anda tarihi Ulu Camisi&#8217;nde bulunuyoruz. Buras\u0131 k\u00fclt\u00fcrel anlamda \u00e7ok \u00f6nemli bir camidir ve 832 y\u0131ll\u0131k bir ge\u00e7mi\u015fi vard\u0131r. Rabbim herkese bu tarihi camide namaz k\u0131lmaya nasip etsin. Burada namaz k\u0131lman\u0131n hissi tarif edilemez \u015fekilde. Bu camide namaz k\u0131ld\u0131\u011f\u0131m i\u00e7in \u00e7ok mutluyum&#8221; dedi.<\/p>\n<p>&#8220;Beni \u00e7ok mutlu etti&#8221;<\/p>\n<p>Namaza gelen Tacettin G\u00fcm\u00fc\u015fsay ise tarihi camide namaz k\u0131lman\u0131 g\u00fczel bir duygu oldu\u011funu s\u00f6yleyerek, &#8220;Sivas&#8217;\u0131n en b\u00fcy\u00fck ve en tarihi camisinde bulunuyoruz. Bu tarihi camide bayram namaz\u0131 k\u0131lmak beni \u00e7ok mutlu etti. Bu camide namaz k\u0131lmak \u00e7ok g\u00fczel bir duygu. Buraya gelerek caminin yatan \u00f6nemli alimleri de ziyaret ediyoruz. Bu duygular\u0131 tatmak \u00e7ok g\u00fczel hissettiriyor&#8221; diye konu\u015ftu.<\/p>\n<p>30.03.2025<\/p>\n","protected":false},"excerpt":{"rendered":"<p>Anadolu&#8217;nun en eski camilerinden biri olan tarihi Sivas Ulu Cami&#8217;de, Ramazan Bayram\u0131 namaz\u0131 k\u0131l\u0131nd\u0131. Sel\u00e7uklu d\u00f6neminde in\u015fa edilen e\u011fik minaresi ile bilinen 832 y\u0131ll\u0131k Sivas Ulu Cami&#8217;nde bayram namaz\u0131 k\u0131lmak isteyen vatanda\u015flar sabah\u0131n erken saatlerinde caminin yolunu tuttu. Tarihi camide ibadetlerini yerine getirmek isteyen bir\u00e7ok vatanda\u015f camiye gelerek safa girdi. K\u0131l\u0131nan namaz\u0131n ard\u0131ndan dualar edilerek [&hellip;]<\/p>\n","protected":false},"author":1,"featured_media":4543,"comment_status":"open","ping_status":"open","sticky":false,"template":"","format":"standard","meta":{"footnotes":""},"categories":[45],"tags":[],"class_list":["post-4542","post","type-post","status-publish","format-standard","has-post-thumbnail","hentry","category-gundem"],"yoast_head":"<!-- This site is optimized with the Yoast SEO plugin v27.4 - https:\/\/yoast.com\/product\/yoast-seo-wordpress\/ -->\n<title>832 y\u0131ll\u0131k camide bayram namaz\u0131 k\u0131l\u0131nd\u0131 - Memurun Sesi<\/title>\n<meta name=\"robots\" content=\"index, follow, max-snippet:-1, max-image-preview:large, max-video-preview:-1\" \/>\n<link rel=\"canonical\" href=\"https:\/\/memurunsesi.net\/index.php\/2025\/03\/30\/832-yillik-camide-bayram-namazi-kilindi\/\" \/>\n<meta property=\"og:locale\" content=\"tr_TR\" \/>\n<meta property=\"og:type\" content=\"article\" \/>\n<meta property=\"og:title\" content=\"832 y\u0131ll\u0131k camide bayram namaz\u0131 k\u0131l\u0131nd\u0131 - Memurun Sesi\" \/>\n<meta property=\"og:description\" content=\"Anadolu&#8217;nun en eski camilerinden biri olan tarihi Sivas Ulu Cami&#8217;de, Ramazan Bayram\u0131 namaz\u0131 k\u0131l\u0131nd\u0131. Sel\u00e7uklu d\u00f6neminde in\u015fa edilen e\u011fik minaresi ile bilinen 832 y\u0131ll\u0131k Sivas Ulu Cami&#8217;nde bayram namaz\u0131 k\u0131lmak isteyen vatanda\u015flar sabah\u0131n erken saatlerinde caminin yolunu tuttu. Tarihi camide ibadetlerini yerine getirmek isteyen bir\u00e7ok vatanda\u015f camiye gelerek safa girdi. K\u0131l\u0131nan namaz\u0131n ard\u0131ndan dualar edilerek [&hellip;]\" \/>\n<meta property=\"og:url\" content=\"https:\/\/memurunsesi.net\/index.php\/2025\/03\/30\/832-yillik-camide-bayram-namazi-kilindi\/\" \/>\n<meta property=\"og:site_name\" content=\"Memurun Sesi\" \/>\n<meta property=\"article:publisher\" content=\"https:\/\/www.facebook.com\/unipersen\/?locale=tr_TR\" \/>\n<meta property=\"article:published_time\" content=\"2025-03-30T06:27:53+00:00\" \/>\n<meta property=\"og:image\" content=\"https:\/\/memurunsesi.net\/wp-content\/uploads\/2025\/03\/AW423266_04-scaled.jpg\" \/>\n\t<meta property=\"og:image:width\" content=\"2560\" \/>\n\t<meta property=\"og:image:height\" content=\"1707\" \/>\n\t<meta property=\"og:image:type\" content=\"image\/jpeg\" \/>\n<meta name=\"author\" content=\"Memurun Sesi Haber Merkezi\" \/>\n<meta name=\"twitter:card\" content=\"summary_large_image\" \/>\n<meta name=\"twitter:creator\" content=\"@unipersen\" \/>\n<meta name=\"twitter:site\" content=\"@unipersen\" \/>\n<meta name=\"twitter:label1\" content=\"Yazan:\" \/>\n\t<meta name=\"twitter:data1\" content=\"Memurun Sesi Haber Merkezi\" \/>\n\t<meta name=\"twitter:label2\" content=\"Tahmini okuma s\u00fcresi\" \/>\n\t<meta name=\"twitter:data2\" content=\"1 dakika\" \/>\n<script type=\"application\/ld+json\" class=\"yoast-schema-graph\">{\"@context\":\"https:\\\/\\\/schema.org\",\"@graph\":[{\"@type\":\"Article\",\"@id\":\"https:\\\/\\\/memurunsesi.net\\\/index.php\\\/2025\\\/03\\\/30\\\/832-yillik-camide-bayram-namazi-kilindi\\\/#article\",\"isPartOf\":{\"@id\":\"https:\\\/\\\/memurunsesi.net\\\/index.php\\\/2025\\\/03\\\/30\\\/832-yillik-camide-bayram-namazi-kilindi\\\/\"},\"author\":{\"name\":\"Memurun Sesi Haber Merkezi\",\"@id\":\"https:\\\/\\\/memurunsesi.net\\\/#\\\/schema\\\/person\\\/f21c2d73b89f6ee1d80b0a1803e38587\"},\"headline\":\"832 y\u0131ll\u0131k camide bayram namaz\u0131 k\u0131l\u0131nd\u0131\",\"datePublished\":\"2025-03-30T06:27:53+00:00\",\"mainEntityOfPage\":{\"@id\":\"https:\\\/\\\/memurunsesi.net\\\/index.php\\\/2025\\\/03\\\/30\\\/832-yillik-camide-bayram-namazi-kilindi\\\/\"},\"wordCount\":279,\"commentCount\":0,\"publisher\":{\"@id\":\"https:\\\/\\\/memurunsesi.net\\\/#organization\"},\"image\":{\"@id\":\"https:\\\/\\\/memurunsesi.net\\\/index.php\\\/2025\\\/03\\\/30\\\/832-yillik-camide-bayram-namazi-kilindi\\\/#primaryimage\"},\"thumbnailUrl\":\"https:\\\/\\\/memurunsesi.net\\\/wp-content\\\/uploads\\\/2025\\\/03\\\/AW423266_04-scaled.jpg\",\"articleSection\":[\"G\u00fcndem\"],\"inLanguage\":\"tr\",\"potentialAction\":[{\"@type\":\"CommentAction\",\"name\":\"Comment\",\"target\":[\"https:\\\/\\\/memurunsesi.net\\\/index.php\\\/2025\\\/03\\\/30\\\/832-yillik-camide-bayram-namazi-kilindi\\\/#respond\"]}]},{\"@type\":\"WebPage\",\"@id\":\"https:\\\/\\\/memurunsesi.net\\\/index.php\\\/2025\\\/03\\\/30\\\/832-yillik-camide-bayram-namazi-kilindi\\\/\",\"url\":\"https:\\\/\\\/memurunsesi.net\\\/index.php\\\/2025\\\/03\\\/30\\\/832-yillik-camide-bayram-namazi-kilindi\\\/\",\"name\":\"832 y\u0131ll\u0131k camide bayram namaz\u0131 k\u0131l\u0131nd\u0131 - Memurun Sesi\",\"isPartOf\":{\"@id\":\"https:\\\/\\\/memurunsesi.net\\\/#website\"},\"primaryImageOfPage\":{\"@id\":\"https:\\\/\\\/memurunsesi.net\\\/index.php\\\/2025\\\/03\\\/30\\\/832-yillik-camide-bayram-namazi-kilindi\\\/#primaryimage\"},\"image\":{\"@id\":\"https:\\\/\\\/memurunsesi.net\\\/index.php\\\/2025\\\/03\\\/30\\\/832-yillik-camide-bayram-namazi-kilindi\\\/#primaryimage\"},\"thumbnailUrl\":\"https:\\\/\\\/memurunsesi.net\\\/wp-content\\\/uploads\\\/2025\\\/03\\\/AW423266_04-scaled.jpg\",\"datePublished\":\"2025-03-30T06:27:53+00:00\",\"breadcrumb\":{\"@id\":\"https:\\\/\\\/memurunsesi.net\\\/index.php\\\/2025\\\/03\\\/30\\\/832-yillik-camide-bayram-namazi-kilindi\\\/#breadcrumb\"},\"inLanguage\":\"tr\",\"potentialAction\":[{\"@type\":\"ReadAction\",\"target\":[\"https:\\\/\\\/memurunsesi.net\\\/index.php\\\/2025\\\/03\\\/30\\\/832-yillik-camide-bayram-namazi-kilindi\\\/\"]}]},{\"@type\":\"ImageObject\",\"inLanguage\":\"tr\",\"@id\":\"https:\\\/\\\/memurunsesi.net\\\/index.php\\\/2025\\\/03\\\/30\\\/832-yillik-camide-bayram-namazi-kilindi\\\/#primaryimage\",\"url\":\"https:\\\/\\\/memurunsesi.net\\\/wp-content\\\/uploads\\\/2025\\\/03\\\/AW423266_04-scaled.jpg\",\"contentUrl\":\"https:\\\/\\\/memurunsesi.net\\\/wp-content\\\/uploads\\\/2025\\\/03\\\/AW423266_04-scaled.jpg\",\"width\":2560,\"height\":1707,\"caption\":\"ANADOLU'NUN EN ESK\u0130 CAM\u0130LER\u0130NDEN B\u0130R\u0130 OLAN TAR\u0130H\u0130 S\u0130VAS ULU CAM\u0130'DE, RAMAZAN BAYRAMI NAMAZI KILINDI. (YUNUS \u00c7\u0130FTC\u0130\\\/S\u0130VAS-\u0130HA) Anadolu'nun en eski camilerinden biri olan tarihi Sivas Ulu Cami'de, Ramazan Bayram\u0131 namaz\u0131 k\u0131l\u0131nd\u0131.\"},{\"@type\":\"BreadcrumbList\",\"@id\":\"https:\\\/\\\/memurunsesi.net\\\/index.php\\\/2025\\\/03\\\/30\\\/832-yillik-camide-bayram-namazi-kilindi\\\/#breadcrumb\",\"itemListElement\":[{\"@type\":\"ListItem\",\"position\":1,\"name\":\"Anasayfa\",\"item\":\"https:\\\/\\\/memurunsesi.net\\\/\"},{\"@type\":\"ListItem\",\"position\":2,\"name\":\"832 y\u0131ll\u0131k camide bayram namaz\u0131 k\u0131l\u0131nd\u0131\"}]},{\"@type\":\"WebSite\",\"@id\":\"https:\\\/\\\/memurunsesi.net\\\/#website\",\"url\":\"https:\\\/\\\/memurunsesi.net\\\/\",\"name\":\"Memurun Sesi\",\"description\":\"G\u00fcncel ve Do\u011fru Haber\",\"publisher\":{\"@id\":\"https:\\\/\\\/memurunsesi.net\\\/#organization\"},\"potentialAction\":[{\"@type\":\"SearchAction\",\"target\":{\"@type\":\"EntryPoint\",\"urlTemplate\":\"https:\\\/\\\/memurunsesi.net\\\/?s={search_term_string}\"},\"query-input\":{\"@type\":\"PropertyValueSpecification\",\"valueRequired\":true,\"valueName\":\"search_term_string\"}}],\"inLanguage\":\"tr\"},{\"@type\":\"Organization\",\"@id\":\"https:\\\/\\\/memurunsesi.net\\\/#organization\",\"name\":\"Memurun Sesi\",\"url\":\"https:\\\/\\\/memurunsesi.net\\\/\",\"logo\":{\"@type\":\"ImageObject\",\"inLanguage\":\"tr\",\"@id\":\"https:\\\/\\\/memurunsesi.net\\\/#\\\/schema\\\/logo\\\/image\\\/\",\"url\":\"https:\\\/\\\/memurunsesi.net\\\/wp-content\\\/uploads\\\/2025\\\/11\\\/cropped-MEMURUN-SESI.png\",\"contentUrl\":\"https:\\\/\\\/memurunsesi.net\\\/wp-content\\\/uploads\\\/2025\\\/11\\\/cropped-MEMURUN-SESI.png\",\"width\":238,\"height\":57,\"caption\":\"Memurun Sesi\"},\"image\":{\"@id\":\"https:\\\/\\\/memurunsesi.net\\\/#\\\/schema\\\/logo\\\/image\\\/\"},\"sameAs\":[\"https:\\\/\\\/www.facebook.com\\\/unipersen\\\/?locale=tr_TR\",\"https:\\\/\\\/x.com\\\/unipersen\"]},{\"@type\":\"Person\",\"@id\":\"https:\\\/\\\/memurunsesi.net\\\/#\\\/schema\\\/person\\\/f21c2d73b89f6ee1d80b0a1803e38587\",\"name\":\"Memurun Sesi Haber Merkezi\",\"image\":{\"@type\":\"ImageObject\",\"inLanguage\":\"tr\",\"@id\":\"https:\\\/\\\/secure.gravatar.com\\\/avatar\\\/6cf0505f452ee753f485014986fab09a434671d2b919ee76fc541025c5876a70?s=96&d=mm&r=g\",\"url\":\"https:\\\/\\\/secure.gravatar.com\\\/avatar\\\/6cf0505f452ee753f485014986fab09a434671d2b919ee76fc541025c5876a70?s=96&d=mm&r=g\",\"contentUrl\":\"https:\\\/\\\/secure.gravatar.com\\\/avatar\\\/6cf0505f452ee753f485014986fab09a434671d2b919ee76fc541025c5876a70?s=96&d=mm&r=g\",\"caption\":\"Memurun Sesi Haber Merkezi\"},\"sameAs\":[\"https:\\\/\\\/memurunsesi.net\"],\"url\":\"https:\\\/\\\/memurunsesi.net\\\/index.php\\\/author\\\/uniper\\\/\"}]}<\/script>\n<!-- \/ Yoast SEO plugin. -->","yoast_head_json":{"title":"832 y\u0131ll\u0131k camide bayram namaz\u0131 k\u0131l\u0131nd\u0131 - Memurun Sesi","robots":{"index":"index","follow":"follow","max-snippet":"max-snippet:-1","max-image-preview":"max-image-preview:large","max-video-preview":"max-video-preview:-1"},"canonical":"https:\/\/memurunsesi.net\/index.php\/2025\/03\/30\/832-yillik-camide-bayram-namazi-kilindi\/","og_locale":"tr_TR","og_type":"article","og_title":"832 y\u0131ll\u0131k camide bayram namaz\u0131 k\u0131l\u0131nd\u0131 - Memurun Sesi","og_description":"Anadolu&#8217;nun en eski camilerinden biri olan tarihi Sivas Ulu Cami&#8217;de, Ramazan Bayram\u0131 namaz\u0131 k\u0131l\u0131nd\u0131. Sel\u00e7uklu d\u00f6neminde in\u015fa edilen e\u011fik minaresi ile bilinen 832 y\u0131ll\u0131k Sivas Ulu Cami&#8217;nde bayram namaz\u0131 k\u0131lmak isteyen vatanda\u015flar sabah\u0131n erken saatlerinde caminin yolunu tuttu. Tarihi camide ibadetlerini yerine getirmek isteyen bir\u00e7ok vatanda\u015f camiye gelerek safa girdi. K\u0131l\u0131nan namaz\u0131n ard\u0131ndan dualar edilerek [&hellip;]","og_url":"https:\/\/memurunsesi.net\/index.php\/2025\/03\/30\/832-yillik-camide-bayram-namazi-kilindi\/","og_site_name":"Memurun Sesi","article_publisher":"https:\/\/www.facebook.com\/unipersen\/?locale=tr_TR","article_published_time":"2025-03-30T06:27:53+00:00","og_image":[{"width":2560,"height":1707,"url":"https:\/\/memurunsesi.net\/wp-content\/uploads\/2025\/03\/AW423266_04-scaled.jpg","type":"image\/jpeg"}],"author":"Memurun Sesi Haber Merkezi","twitter_card":"summary_large_image","twitter_creator":"@unipersen","twitter_site":"@unipersen","twitter_misc":{"Yazan:":"Memurun Sesi Haber Merkezi","Tahmini okuma s\u00fcresi":"1 dakika"},"schema":{"@context":"https:\/\/schema.org","@graph":[{"@type":"Article","@id":"https:\/\/memurunsesi.net\/index.php\/2025\/03\/30\/832-yillik-camide-bayram-namazi-kilindi\/#article","isPartOf":{"@id":"https:\/\/memurunsesi.net\/index.php\/2025\/03\/30\/832-yillik-camide-bayram-namazi-kilindi\/"},"author":{"name":"Memurun Sesi Haber Merkezi","@id":"https:\/\/memurunsesi.net\/#\/schema\/person\/f21c2d73b89f6ee1d80b0a1803e38587"},"headline":"832 y\u0131ll\u0131k camide bayram namaz\u0131 k\u0131l\u0131nd\u0131","datePublished":"2025-03-30T06:27:53+00:00","mainEntityOfPage":{"@id":"https:\/\/memurunsesi.net\/index.php\/2025\/03\/30\/832-yillik-camide-bayram-namazi-kilindi\/"},"wordCount":279,"commentCount":0,"publisher":{"@id":"https:\/\/memurunsesi.net\/#organization"},"image":{"@id":"https:\/\/memurunsesi.net\/index.php\/2025\/03\/30\/832-yillik-camide-bayram-namazi-kilindi\/#primaryimage"},"thumbnailUrl":"https:\/\/memurunsesi.net\/wp-content\/uploads\/2025\/03\/AW423266_04-scaled.jpg","articleSection":["G\u00fcndem"],"inLanguage":"tr","potentialAction":[{"@type":"CommentAction","name":"Comment","target":["https:\/\/memurunsesi.net\/index.php\/2025\/03\/30\/832-yillik-camide-bayram-namazi-kilindi\/#respond"]}]},{"@type":"WebPage","@id":"https:\/\/memurunsesi.net\/index.php\/2025\/03\/30\/832-yillik-camide-bayram-namazi-kilindi\/","url":"https:\/\/memurunsesi.net\/index.php\/2025\/03\/30\/832-yillik-camide-bayram-namazi-kilindi\/","name":"832 y\u0131ll\u0131k camide bayram namaz\u0131 k\u0131l\u0131nd\u0131 - Memurun Sesi","isPartOf":{"@id":"https:\/\/memurunsesi.net\/#website"},"primaryImageOfPage":{"@id":"https:\/\/memurunsesi.net\/index.php\/2025\/03\/30\/832-yillik-camide-bayram-namazi-kilindi\/#primaryimage"},"image":{"@id":"https:\/\/memurunsesi.net\/index.php\/2025\/03\/30\/832-yillik-camide-bayram-namazi-kilindi\/#primaryimage"},"thumbnailUrl":"https:\/\/memurunsesi.net\/wp-content\/uploads\/2025\/03\/AW423266_04-scaled.jpg","datePublished":"2025-03-30T06:27:53+00:00","breadcrumb":{"@id":"https:\/\/memurunsesi.net\/index.php\/2025\/03\/30\/832-yillik-camide-bayram-namazi-kilindi\/#breadcrumb"},"inLanguage":"tr","potentialAction":[{"@type":"ReadAction","target":["https:\/\/memurunsesi.net\/index.php\/2025\/03\/30\/832-yillik-camide-bayram-namazi-kilindi\/"]}]},{"@type":"ImageObject","inLanguage":"tr","@id":"https:\/\/memurunsesi.net\/index.php\/2025\/03\/30\/832-yillik-camide-bayram-namazi-kilindi\/#primaryimage","url":"https:\/\/memurunsesi.net\/wp-content\/uploads\/2025\/03\/AW423266_04-scaled.jpg","contentUrl":"https:\/\/memurunsesi.net\/wp-content\/uploads\/2025\/03\/AW423266_04-scaled.jpg","width":2560,"height":1707,"caption":"ANADOLU'NUN EN ESK\u0130 CAM\u0130LER\u0130NDEN B\u0130R\u0130 OLAN TAR\u0130H\u0130 S\u0130VAS ULU CAM\u0130'DE, RAMAZAN BAYRAMI NAMAZI KILINDI. (YUNUS \u00c7\u0130FTC\u0130\/S\u0130VAS-\u0130HA) Anadolu'nun en eski camilerinden biri olan tarihi Sivas Ulu Cami'de, Ramazan Bayram\u0131 namaz\u0131 k\u0131l\u0131nd\u0131."},{"@type":"BreadcrumbList","@id":"https:\/\/memurunsesi.net\/index.php\/2025\/03\/30\/832-yillik-camide-bayram-namazi-kilindi\/#breadcrumb","itemListElement":[{"@type":"ListItem","position":1,"name":"Anasayfa","item":"https:\/\/memurunsesi.net\/"},{"@type":"ListItem","position":2,"name":"832 y\u0131ll\u0131k camide bayram namaz\u0131 k\u0131l\u0131nd\u0131"}]},{"@type":"WebSite","@id":"https:\/\/memurunsesi.net\/#website","url":"https:\/\/memurunsesi.net\/","name":"Memurun Sesi","description":"G\u00fcncel ve Do\u011fru Haber","publisher":{"@id":"https:\/\/memurunsesi.net\/#organization"},"potentialAction":[{"@type":"SearchAction","target":{"@type":"EntryPoint","urlTemplate":"https:\/\/memurunsesi.net\/?s={search_term_string}"},"query-input":{"@type":"PropertyValueSpecification","valueRequired":true,"valueName":"search_term_string"}}],"inLanguage":"tr"},{"@type":"Organization","@id":"https:\/\/memurunsesi.net\/#organization","name":"Memurun Sesi","url":"https:\/\/memurunsesi.net\/","logo":{"@type":"ImageObject","inLanguage":"tr","@id":"https:\/\/memurunsesi.net\/#\/schema\/logo\/image\/","url":"https:\/\/memurunsesi.net\/wp-content\/uploads\/2025\/11\/cropped-MEMURUN-SESI.png","contentUrl":"https:\/\/memurunsesi.net\/wp-content\/uploads\/2025\/11\/cropped-MEMURUN-SESI.png","width":238,"height":57,"caption":"Memurun Sesi"},"image":{"@id":"https:\/\/memurunsesi.net\/#\/schema\/logo\/image\/"},"sameAs":["https:\/\/www.facebook.com\/unipersen\/?locale=tr_TR","https:\/\/x.com\/unipersen"]},{"@type":"Person","@id":"https:\/\/memurunsesi.net\/#\/schema\/person\/f21c2d73b89f6ee1d80b0a1803e38587","name":"Memurun Sesi Haber Merkezi","image":{"@type":"ImageObject","inLanguage":"tr","@id":"https:\/\/secure.gravatar.com\/avatar\/6cf0505f452ee753f485014986fab09a434671d2b919ee76fc541025c5876a70?s=96&d=mm&r=g","url":"https:\/\/secure.gravatar.com\/avatar\/6cf0505f452ee753f485014986fab09a434671d2b919ee76fc541025c5876a70?s=96&d=mm&r=g","contentUrl":"https:\/\/secure.gravatar.com\/avatar\/6cf0505f452ee753f485014986fab09a434671d2b919ee76fc541025c5876a70?s=96&d=mm&r=g","caption":"Memurun Sesi Haber Merkezi"},"sameAs":["https:\/\/memurunsesi.net"],"url":"https:\/\/memurunsesi.net\/index.php\/author\/uniper\/"}]}},"_links":{"self":[{"href":"https:\/\/memurunsesi.net\/index.php\/wp-json\/wp\/v2\/posts\/4542","targetHints":{"allow":["GET"]}}],"collection":[{"href":"https:\/\/memurunsesi.net\/index.php\/wp-json\/wp\/v2\/posts"}],"about":[{"href":"https:\/\/memurunsesi.net\/index.php\/wp-json\/wp\/v2\/types\/post"}],"author":[{"embeddable":true,"href":"https:\/\/memurunsesi.net\/index.php\/wp-json\/wp\/v2\/users\/1"}],"replies":[{"embeddable":true,"href":"https:\/\/memurunsesi.net\/index.php\/wp-json\/wp\/v2\/comments?post=4542"}],"version-history":[{"count":1,"href":"https:\/\/memurunsesi.net\/index.php\/wp-json\/wp\/v2\/posts\/4542\/revisions"}],"predecessor-version":[{"id":4544,"href":"https:\/\/memurunsesi.net\/index.php\/wp-json\/wp\/v2\/posts\/4542\/revisions\/4544"}],"wp:featuredmedia":[{"embeddable":true,"href":"https:\/\/memurunsesi.net\/index.php\/wp-json\/wp\/v2\/media\/4543"}],"wp:attachment":[{"href":"https:\/\/memurunsesi.net\/index.php\/wp-json\/wp\/v2\/media?parent=4542"}],"wp:term":[{"taxonomy":"category","embeddable":true,"href":"https:\/\/memurunsesi.net\/index.php\/wp-json\/wp\/v2\/categories?post=4542"},{"taxonomy":"post_tag","embeddable":true,"href":"https:\/\/memurunsesi.net\/index.php\/wp-json\/wp\/v2\/tags?post=4542"}],"curies":[{"name":"wp","href":"https:\/\/api.w.org\/{rel}","templated":true}]}}