{"id":4545,"date":"2025-03-30T09:30:32","date_gmt":"2025-03-30T06:30:32","guid":{"rendered":"https:\/\/memurunsesi.net\/?p=4545"},"modified":"2025-03-30T09:30:32","modified_gmt":"2025-03-30T06:30:32","slug":"sivasa-sehit-atesi-dustu-baba-ocagina-turk-bayragi-asildi","status":"publish","type":"post","link":"https:\/\/memurunsesi.net\/index.php\/2025\/03\/30\/sivasa-sehit-atesi-dustu-baba-ocagina-turk-bayragi-asildi\/","title":{"rendered":"Sivas&#8217;a \u015fehit ate\u015fi d\u00fc\u015ft\u00fc, baba oca\u011f\u0131na T\u00fcrk bayra\u011f\u0131 as\u0131ld\u0131"},"content":{"rendered":"<p>\u0130spanya&#8217;da g\u00f6rev yapt\u0131\u011f\u0131 gemide rahats\u0131zlanan Astsubay K\u0131demli \u00c7avu\u015f Nihat \u0130rgi \u015fehit oldu. \u015eehidin Sivas&#8217;taki baba oca\u011f\u0131na T\u00fcrk bayra\u011f\u0131 as\u0131ld\u0131.<br \/>\nDynamic Mariner\/Flotex-25 Tatbikat\u0131&#8217;nda TCG Kemal Reis Gemisinde g\u00f6rev yapan Sivasl\u0131 Elektrik Astsbubay K\u0131demli Ba\u015f\u00e7avu\u015f Nihat \u0130rgi, \u0130spanya a\u00e7\u0131klar\u0131nda rahats\u0131zland\u0131. Astsubay Nihat \u0130rgi, sa\u011fl\u0131k ekiplerinin m\u00fcdahalelerine ra\u011fmen kurtar\u0131lmayarak \u015fehit oldu. \u015eehidin ac\u0131 haberi Mehmet Pa\u015fa Mahallesi&#8217;ndeki ailesine verildi. \u015eehidin evine T\u00fcrk bayraklar\u0131 as\u0131ld\u0131.<br \/>\nMilli Savunma Bakanl\u0131\u011f\u0131, \u015fehit astsubay i\u00e7in sosyal medyada payla\u015f\u0131mda bulundu.<\/p>\n<p>29.03.2025<\/p>\n","protected":false},"excerpt":{"rendered":"<p>\u0130spanya&#8217;da g\u00f6rev yapt\u0131\u011f\u0131 gemide rahats\u0131zlanan Astsubay K\u0131demli \u00c7avu\u015f Nihat \u0130rgi \u015fehit oldu. \u015eehidin Sivas&#8217;taki baba oca\u011f\u0131na T\u00fcrk bayra\u011f\u0131 as\u0131ld\u0131. Dynamic Mariner\/Flotex-25 Tatbikat\u0131&#8217;nda TCG Kemal Reis Gemisinde g\u00f6rev yapan Sivasl\u0131 Elektrik Astsbubay K\u0131demli Ba\u015f\u00e7avu\u015f Nihat \u0130rgi, \u0130spanya a\u00e7\u0131klar\u0131nda rahats\u0131zland\u0131. Astsubay Nihat \u0130rgi, sa\u011fl\u0131k ekiplerinin m\u00fcdahalelerine ra\u011fmen kurtar\u0131lmayarak \u015fehit oldu. \u015eehidin ac\u0131 haberi Mehmet Pa\u015fa Mahallesi&#8217;ndeki ailesine [&hellip;]<\/p>\n","protected":false},"author":1,"featured_media":4546,"comment_status":"open","ping_status":"open","sticky":false,"template":"","format":"standard","meta":{"footnotes":""},"categories":[1],"tags":[],"class_list":["post-4545","post","type-post","status-publish","format-standard","has-post-thumbnail","hentry","category-genel"],"yoast_head":"<!-- This site is optimized with the Yoast SEO plugin v27.4 - https:\/\/yoast.com\/product\/yoast-seo-wordpress\/ -->\n<title>Sivas&#039;a \u015fehit ate\u015fi d\u00fc\u015ft\u00fc, baba oca\u011f\u0131na T\u00fcrk bayra\u011f\u0131 as\u0131ld\u0131 - Memurun Sesi<\/title>\n<meta name=\"robots\" content=\"index, follow, max-snippet:-1, max-image-preview:large, max-video-preview:-1\" \/>\n<link rel=\"canonical\" href=\"https:\/\/memurunsesi.net\/index.php\/2025\/03\/30\/sivasa-sehit-atesi-dustu-baba-ocagina-turk-bayragi-asildi\/\" \/>\n<meta property=\"og:locale\" content=\"tr_TR\" \/>\n<meta property=\"og:type\" content=\"article\" \/>\n<meta property=\"og:title\" content=\"Sivas&#039;a \u015fehit ate\u015fi d\u00fc\u015ft\u00fc, baba oca\u011f\u0131na T\u00fcrk bayra\u011f\u0131 as\u0131ld\u0131 - Memurun Sesi\" \/>\n<meta property=\"og:description\" content=\"\u0130spanya&#8217;da g\u00f6rev yapt\u0131\u011f\u0131 gemide rahats\u0131zlanan Astsubay K\u0131demli \u00c7avu\u015f Nihat \u0130rgi \u015fehit oldu. \u015eehidin Sivas&#8217;taki baba oca\u011f\u0131na T\u00fcrk bayra\u011f\u0131 as\u0131ld\u0131. Dynamic Mariner\/Flotex-25 Tatbikat\u0131&#8217;nda TCG Kemal Reis Gemisinde g\u00f6rev yapan Sivasl\u0131 Elektrik Astsbubay K\u0131demli Ba\u015f\u00e7avu\u015f Nihat \u0130rgi, \u0130spanya a\u00e7\u0131klar\u0131nda rahats\u0131zland\u0131. Astsubay Nihat \u0130rgi, sa\u011fl\u0131k ekiplerinin m\u00fcdahalelerine ra\u011fmen kurtar\u0131lmayarak \u015fehit oldu. \u015eehidin ac\u0131 haberi Mehmet Pa\u015fa Mahallesi&#8217;ndeki ailesine [&hellip;]\" \/>\n<meta property=\"og:url\" content=\"https:\/\/memurunsesi.net\/index.php\/2025\/03\/30\/sivasa-sehit-atesi-dustu-baba-ocagina-turk-bayragi-asildi\/\" \/>\n<meta property=\"og:site_name\" content=\"Memurun Sesi\" \/>\n<meta property=\"article:publisher\" content=\"https:\/\/www.facebook.com\/unipersen\/?locale=tr_TR\" \/>\n<meta property=\"article:published_time\" content=\"2025-03-30T06:30:32+00:00\" \/>\n<meta property=\"og:image\" content=\"https:\/\/memurunsesi.net\/wp-content\/uploads\/2025\/03\/AW423088_01-scaled.jpg\" \/>\n\t<meta property=\"og:image:width\" content=\"1920\" \/>\n\t<meta property=\"og:image:height\" content=\"2560\" \/>\n\t<meta property=\"og:image:type\" content=\"image\/jpeg\" \/>\n<meta name=\"author\" content=\"Memurun Sesi Haber Merkezi\" \/>\n<meta name=\"twitter:card\" content=\"summary_large_image\" \/>\n<meta name=\"twitter:creator\" content=\"@unipersen\" \/>\n<meta name=\"twitter:site\" content=\"@unipersen\" \/>\n<meta name=\"twitter:label1\" content=\"Yazan:\" \/>\n\t<meta name=\"twitter:data1\" content=\"Memurun Sesi Haber Merkezi\" \/>\n<script type=\"application\/ld+json\" class=\"yoast-schema-graph\">{\"@context\":\"https:\\\/\\\/schema.org\",\"@graph\":[{\"@type\":\"Article\",\"@id\":\"https:\\\/\\\/memurunsesi.net\\\/index.php\\\/2025\\\/03\\\/30\\\/sivasa-sehit-atesi-dustu-baba-ocagina-turk-bayragi-asildi\\\/#article\",\"isPartOf\":{\"@id\":\"https:\\\/\\\/memurunsesi.net\\\/index.php\\\/2025\\\/03\\\/30\\\/sivasa-sehit-atesi-dustu-baba-ocagina-turk-bayragi-asildi\\\/\"},\"author\":{\"name\":\"Memurun Sesi Haber Merkezi\",\"@id\":\"https:\\\/\\\/memurunsesi.net\\\/#\\\/schema\\\/person\\\/f21c2d73b89f6ee1d80b0a1803e38587\"},\"headline\":\"Sivas&#8217;a \u015fehit ate\u015fi d\u00fc\u015ft\u00fc, baba oca\u011f\u0131na T\u00fcrk bayra\u011f\u0131 as\u0131ld\u0131\",\"datePublished\":\"2025-03-30T06:30:32+00:00\",\"mainEntityOfPage\":{\"@id\":\"https:\\\/\\\/memurunsesi.net\\\/index.php\\\/2025\\\/03\\\/30\\\/sivasa-sehit-atesi-dustu-baba-ocagina-turk-bayragi-asildi\\\/\"},\"wordCount\":113,\"commentCount\":0,\"publisher\":{\"@id\":\"https:\\\/\\\/memurunsesi.net\\\/#organization\"},\"image\":{\"@id\":\"https:\\\/\\\/memurunsesi.net\\\/index.php\\\/2025\\\/03\\\/30\\\/sivasa-sehit-atesi-dustu-baba-ocagina-turk-bayragi-asildi\\\/#primaryimage\"},\"thumbnailUrl\":\"https:\\\/\\\/memurunsesi.net\\\/wp-content\\\/uploads\\\/2025\\\/03\\\/AW423088_01-scaled.jpg\",\"inLanguage\":\"tr\",\"potentialAction\":[{\"@type\":\"CommentAction\",\"name\":\"Comment\",\"target\":[\"https:\\\/\\\/memurunsesi.net\\\/index.php\\\/2025\\\/03\\\/30\\\/sivasa-sehit-atesi-dustu-baba-ocagina-turk-bayragi-asildi\\\/#respond\"]}]},{\"@type\":\"WebPage\",\"@id\":\"https:\\\/\\\/memurunsesi.net\\\/index.php\\\/2025\\\/03\\\/30\\\/sivasa-sehit-atesi-dustu-baba-ocagina-turk-bayragi-asildi\\\/\",\"url\":\"https:\\\/\\\/memurunsesi.net\\\/index.php\\\/2025\\\/03\\\/30\\\/sivasa-sehit-atesi-dustu-baba-ocagina-turk-bayragi-asildi\\\/\",\"name\":\"Sivas'a \u015fehit ate\u015fi d\u00fc\u015ft\u00fc, baba oca\u011f\u0131na T\u00fcrk bayra\u011f\u0131 as\u0131ld\u0131 - Memurun Sesi\",\"isPartOf\":{\"@id\":\"https:\\\/\\\/memurunsesi.net\\\/#website\"},\"primaryImageOfPage\":{\"@id\":\"https:\\\/\\\/memurunsesi.net\\\/index.php\\\/2025\\\/03\\\/30\\\/sivasa-sehit-atesi-dustu-baba-ocagina-turk-bayragi-asildi\\\/#primaryimage\"},\"image\":{\"@id\":\"https:\\\/\\\/memurunsesi.net\\\/index.php\\\/2025\\\/03\\\/30\\\/sivasa-sehit-atesi-dustu-baba-ocagina-turk-bayragi-asildi\\\/#primaryimage\"},\"thumbnailUrl\":\"https:\\\/\\\/memurunsesi.net\\\/wp-content\\\/uploads\\\/2025\\\/03\\\/AW423088_01-scaled.jpg\",\"datePublished\":\"2025-03-30T06:30:32+00:00\",\"breadcrumb\":{\"@id\":\"https:\\\/\\\/memurunsesi.net\\\/index.php\\\/2025\\\/03\\\/30\\\/sivasa-sehit-atesi-dustu-baba-ocagina-turk-bayragi-asildi\\\/#breadcrumb\"},\"inLanguage\":\"tr\",\"potentialAction\":[{\"@type\":\"ReadAction\",\"target\":[\"https:\\\/\\\/memurunsesi.net\\\/index.php\\\/2025\\\/03\\\/30\\\/sivasa-sehit-atesi-dustu-baba-ocagina-turk-bayragi-asildi\\\/\"]}]},{\"@type\":\"ImageObject\",\"inLanguage\":\"tr\",\"@id\":\"https:\\\/\\\/memurunsesi.net\\\/index.php\\\/2025\\\/03\\\/30\\\/sivasa-sehit-atesi-dustu-baba-ocagina-turk-bayragi-asildi\\\/#primaryimage\",\"url\":\"https:\\\/\\\/memurunsesi.net\\\/wp-content\\\/uploads\\\/2025\\\/03\\\/AW423088_01-scaled.jpg\",\"contentUrl\":\"https:\\\/\\\/memurunsesi.net\\\/wp-content\\\/uploads\\\/2025\\\/03\\\/AW423088_01-scaled.jpg\",\"width\":1920,\"height\":2560,\"caption\":\"\u0130SPANYA'DA G\u00d6REV YAPTI\u011eI GEM\u0130DE KALP KR\u0130Z\u0130 GE\u00c7\u0130REREK \u015eEH\u0130T OLAN ASTSUBAY KIDEML\u0130 \u00c7AVU\u015e N\u0130HAT \u0130RG\u0130 \u015eEH\u0130T OLDU. \u015eEH\u0130D\u0130N BABA OCA\u011eINA EV\u0130NE T\u00dcRK BAYRA\u011eI ASILDI. (RAHM\u0130 MEYVEC\u0130 - SANCAR ALP FIRAT\\\/S\u0130VAS-\u0130HA) \u0130spanya'da g\u00f6rev yapt\u0131\u011f\u0131 gemide rahats\u0131zlanan Astsubay K\u0131demli \u00c7avu\u015f Nihat \u0130rgi \u015fehit oldu. \u015eehidin Sivas'taki baba oca\u011f\u0131na T\u00fcrk bayra\u011f\u0131 as\u0131ld\u0131.\"},{\"@type\":\"BreadcrumbList\",\"@id\":\"https:\\\/\\\/memurunsesi.net\\\/index.php\\\/2025\\\/03\\\/30\\\/sivasa-sehit-atesi-dustu-baba-ocagina-turk-bayragi-asildi\\\/#breadcrumb\",\"itemListElement\":[{\"@type\":\"ListItem\",\"position\":1,\"name\":\"Anasayfa\",\"item\":\"https:\\\/\\\/memurunsesi.net\\\/\"},{\"@type\":\"ListItem\",\"position\":2,\"name\":\"Sivas&#8217;a \u015fehit ate\u015fi d\u00fc\u015ft\u00fc, baba oca\u011f\u0131na T\u00fcrk bayra\u011f\u0131 as\u0131ld\u0131\"}]},{\"@type\":\"WebSite\",\"@id\":\"https:\\\/\\\/memurunsesi.net\\\/#website\",\"url\":\"https:\\\/\\\/memurunsesi.net\\\/\",\"name\":\"Memurun Sesi\",\"description\":\"G\u00fcncel ve Do\u011fru Haber\",\"publisher\":{\"@id\":\"https:\\\/\\\/memurunsesi.net\\\/#organization\"},\"potentialAction\":[{\"@type\":\"SearchAction\",\"target\":{\"@type\":\"EntryPoint\",\"urlTemplate\":\"https:\\\/\\\/memurunsesi.net\\\/?s={search_term_string}\"},\"query-input\":{\"@type\":\"PropertyValueSpecification\",\"valueRequired\":true,\"valueName\":\"search_term_string\"}}],\"inLanguage\":\"tr\"},{\"@type\":\"Organization\",\"@id\":\"https:\\\/\\\/memurunsesi.net\\\/#organization\",\"name\":\"Memurun Sesi\",\"url\":\"https:\\\/\\\/memurunsesi.net\\\/\",\"logo\":{\"@type\":\"ImageObject\",\"inLanguage\":\"tr\",\"@id\":\"https:\\\/\\\/memurunsesi.net\\\/#\\\/schema\\\/logo\\\/image\\\/\",\"url\":\"https:\\\/\\\/memurunsesi.net\\\/wp-content\\\/uploads\\\/2025\\\/11\\\/cropped-MEMURUN-SESI.png\",\"contentUrl\":\"https:\\\/\\\/memurunsesi.net\\\/wp-content\\\/uploads\\\/2025\\\/11\\\/cropped-MEMURUN-SESI.png\",\"width\":238,\"height\":57,\"caption\":\"Memurun Sesi\"},\"image\":{\"@id\":\"https:\\\/\\\/memurunsesi.net\\\/#\\\/schema\\\/logo\\\/image\\\/\"},\"sameAs\":[\"https:\\\/\\\/www.facebook.com\\\/unipersen\\\/?locale=tr_TR\",\"https:\\\/\\\/x.com\\\/unipersen\"]},{\"@type\":\"Person\",\"@id\":\"https:\\\/\\\/memurunsesi.net\\\/#\\\/schema\\\/person\\\/f21c2d73b89f6ee1d80b0a1803e38587\",\"name\":\"Memurun Sesi Haber Merkezi\",\"image\":{\"@type\":\"ImageObject\",\"inLanguage\":\"tr\",\"@id\":\"https:\\\/\\\/secure.gravatar.com\\\/avatar\\\/6cf0505f452ee753f485014986fab09a434671d2b919ee76fc541025c5876a70?s=96&d=mm&r=g\",\"url\":\"https:\\\/\\\/secure.gravatar.com\\\/avatar\\\/6cf0505f452ee753f485014986fab09a434671d2b919ee76fc541025c5876a70?s=96&d=mm&r=g\",\"contentUrl\":\"https:\\\/\\\/secure.gravatar.com\\\/avatar\\\/6cf0505f452ee753f485014986fab09a434671d2b919ee76fc541025c5876a70?s=96&d=mm&r=g\",\"caption\":\"Memurun Sesi Haber Merkezi\"},\"sameAs\":[\"https:\\\/\\\/memurunsesi.net\"],\"url\":\"https:\\\/\\\/memurunsesi.net\\\/index.php\\\/author\\\/uniper\\\/\"}]}<\/script>\n<!-- \/ Yoast SEO plugin. -->","yoast_head_json":{"title":"Sivas'a \u015fehit ate\u015fi d\u00fc\u015ft\u00fc, baba oca\u011f\u0131na T\u00fcrk bayra\u011f\u0131 as\u0131ld\u0131 - Memurun Sesi","robots":{"index":"index","follow":"follow","max-snippet":"max-snippet:-1","max-image-preview":"max-image-preview:large","max-video-preview":"max-video-preview:-1"},"canonical":"https:\/\/memurunsesi.net\/index.php\/2025\/03\/30\/sivasa-sehit-atesi-dustu-baba-ocagina-turk-bayragi-asildi\/","og_locale":"tr_TR","og_type":"article","og_title":"Sivas'a \u015fehit ate\u015fi d\u00fc\u015ft\u00fc, baba oca\u011f\u0131na T\u00fcrk bayra\u011f\u0131 as\u0131ld\u0131 - Memurun Sesi","og_description":"\u0130spanya&#8217;da g\u00f6rev yapt\u0131\u011f\u0131 gemide rahats\u0131zlanan Astsubay K\u0131demli \u00c7avu\u015f Nihat \u0130rgi \u015fehit oldu. \u015eehidin Sivas&#8217;taki baba oca\u011f\u0131na T\u00fcrk bayra\u011f\u0131 as\u0131ld\u0131. Dynamic Mariner\/Flotex-25 Tatbikat\u0131&#8217;nda TCG Kemal Reis Gemisinde g\u00f6rev yapan Sivasl\u0131 Elektrik Astsbubay K\u0131demli Ba\u015f\u00e7avu\u015f Nihat \u0130rgi, \u0130spanya a\u00e7\u0131klar\u0131nda rahats\u0131zland\u0131. Astsubay Nihat \u0130rgi, sa\u011fl\u0131k ekiplerinin m\u00fcdahalelerine ra\u011fmen kurtar\u0131lmayarak \u015fehit oldu. \u015eehidin ac\u0131 haberi Mehmet Pa\u015fa Mahallesi&#8217;ndeki ailesine [&hellip;]","og_url":"https:\/\/memurunsesi.net\/index.php\/2025\/03\/30\/sivasa-sehit-atesi-dustu-baba-ocagina-turk-bayragi-asildi\/","og_site_name":"Memurun Sesi","article_publisher":"https:\/\/www.facebook.com\/unipersen\/?locale=tr_TR","article_published_time":"2025-03-30T06:30:32+00:00","og_image":[{"width":1920,"height":2560,"url":"https:\/\/memurunsesi.net\/wp-content\/uploads\/2025\/03\/AW423088_01-scaled.jpg","type":"image\/jpeg"}],"author":"Memurun Sesi Haber Merkezi","twitter_card":"summary_large_image","twitter_creator":"@unipersen","twitter_site":"@unipersen","twitter_misc":{"Yazan:":"Memurun Sesi Haber Merkezi"},"schema":{"@context":"https:\/\/schema.org","@graph":[{"@type":"Article","@id":"https:\/\/memurunsesi.net\/index.php\/2025\/03\/30\/sivasa-sehit-atesi-dustu-baba-ocagina-turk-bayragi-asildi\/#article","isPartOf":{"@id":"https:\/\/memurunsesi.net\/index.php\/2025\/03\/30\/sivasa-sehit-atesi-dustu-baba-ocagina-turk-bayragi-asildi\/"},"author":{"name":"Memurun Sesi Haber Merkezi","@id":"https:\/\/memurunsesi.net\/#\/schema\/person\/f21c2d73b89f6ee1d80b0a1803e38587"},"headline":"Sivas&#8217;a \u015fehit ate\u015fi d\u00fc\u015ft\u00fc, baba oca\u011f\u0131na T\u00fcrk bayra\u011f\u0131 as\u0131ld\u0131","datePublished":"2025-03-30T06:30:32+00:00","mainEntityOfPage":{"@id":"https:\/\/memurunsesi.net\/index.php\/2025\/03\/30\/sivasa-sehit-atesi-dustu-baba-ocagina-turk-bayragi-asildi\/"},"wordCount":113,"commentCount":0,"publisher":{"@id":"https:\/\/memurunsesi.net\/#organization"},"image":{"@id":"https:\/\/memurunsesi.net\/index.php\/2025\/03\/30\/sivasa-sehit-atesi-dustu-baba-ocagina-turk-bayragi-asildi\/#primaryimage"},"thumbnailUrl":"https:\/\/memurunsesi.net\/wp-content\/uploads\/2025\/03\/AW423088_01-scaled.jpg","inLanguage":"tr","potentialAction":[{"@type":"CommentAction","name":"Comment","target":["https:\/\/memurunsesi.net\/index.php\/2025\/03\/30\/sivasa-sehit-atesi-dustu-baba-ocagina-turk-bayragi-asildi\/#respond"]}]},{"@type":"WebPage","@id":"https:\/\/memurunsesi.net\/index.php\/2025\/03\/30\/sivasa-sehit-atesi-dustu-baba-ocagina-turk-bayragi-asildi\/","url":"https:\/\/memurunsesi.net\/index.php\/2025\/03\/30\/sivasa-sehit-atesi-dustu-baba-ocagina-turk-bayragi-asildi\/","name":"Sivas'a \u015fehit ate\u015fi d\u00fc\u015ft\u00fc, baba oca\u011f\u0131na T\u00fcrk bayra\u011f\u0131 as\u0131ld\u0131 - Memurun Sesi","isPartOf":{"@id":"https:\/\/memurunsesi.net\/#website"},"primaryImageOfPage":{"@id":"https:\/\/memurunsesi.net\/index.php\/2025\/03\/30\/sivasa-sehit-atesi-dustu-baba-ocagina-turk-bayragi-asildi\/#primaryimage"},"image":{"@id":"https:\/\/memurunsesi.net\/index.php\/2025\/03\/30\/sivasa-sehit-atesi-dustu-baba-ocagina-turk-bayragi-asildi\/#primaryimage"},"thumbnailUrl":"https:\/\/memurunsesi.net\/wp-content\/uploads\/2025\/03\/AW423088_01-scaled.jpg","datePublished":"2025-03-30T06:30:32+00:00","breadcrumb":{"@id":"https:\/\/memurunsesi.net\/index.php\/2025\/03\/30\/sivasa-sehit-atesi-dustu-baba-ocagina-turk-bayragi-asildi\/#breadcrumb"},"inLanguage":"tr","potentialAction":[{"@type":"ReadAction","target":["https:\/\/memurunsesi.net\/index.php\/2025\/03\/30\/sivasa-sehit-atesi-dustu-baba-ocagina-turk-bayragi-asildi\/"]}]},{"@type":"ImageObject","inLanguage":"tr","@id":"https:\/\/memurunsesi.net\/index.php\/2025\/03\/30\/sivasa-sehit-atesi-dustu-baba-ocagina-turk-bayragi-asildi\/#primaryimage","url":"https:\/\/memurunsesi.net\/wp-content\/uploads\/2025\/03\/AW423088_01-scaled.jpg","contentUrl":"https:\/\/memurunsesi.net\/wp-content\/uploads\/2025\/03\/AW423088_01-scaled.jpg","width":1920,"height":2560,"caption":"\u0130SPANYA'DA G\u00d6REV YAPTI\u011eI GEM\u0130DE KALP KR\u0130Z\u0130 GE\u00c7\u0130REREK \u015eEH\u0130T OLAN ASTSUBAY KIDEML\u0130 \u00c7AVU\u015e N\u0130HAT \u0130RG\u0130 \u015eEH\u0130T OLDU. \u015eEH\u0130D\u0130N BABA OCA\u011eINA EV\u0130NE T\u00dcRK BAYRA\u011eI ASILDI. (RAHM\u0130 MEYVEC\u0130 - SANCAR ALP FIRAT\/S\u0130VAS-\u0130HA) \u0130spanya'da g\u00f6rev yapt\u0131\u011f\u0131 gemide rahats\u0131zlanan Astsubay K\u0131demli \u00c7avu\u015f Nihat \u0130rgi \u015fehit oldu. \u015eehidin Sivas'taki baba oca\u011f\u0131na T\u00fcrk bayra\u011f\u0131 as\u0131ld\u0131."},{"@type":"BreadcrumbList","@id":"https:\/\/memurunsesi.net\/index.php\/2025\/03\/30\/sivasa-sehit-atesi-dustu-baba-ocagina-turk-bayragi-asildi\/#breadcrumb","itemListElement":[{"@type":"ListItem","position":1,"name":"Anasayfa","item":"https:\/\/memurunsesi.net\/"},{"@type":"ListItem","position":2,"name":"Sivas&#8217;a \u015fehit ate\u015fi d\u00fc\u015ft\u00fc, baba oca\u011f\u0131na T\u00fcrk bayra\u011f\u0131 as\u0131ld\u0131"}]},{"@type":"WebSite","@id":"https:\/\/memurunsesi.net\/#website","url":"https:\/\/memurunsesi.net\/","name":"Memurun Sesi","description":"G\u00fcncel ve Do\u011fru Haber","publisher":{"@id":"https:\/\/memurunsesi.net\/#organization"},"potentialAction":[{"@type":"SearchAction","target":{"@type":"EntryPoint","urlTemplate":"https:\/\/memurunsesi.net\/?s={search_term_string}"},"query-input":{"@type":"PropertyValueSpecification","valueRequired":true,"valueName":"search_term_string"}}],"inLanguage":"tr"},{"@type":"Organization","@id":"https:\/\/memurunsesi.net\/#organization","name":"Memurun Sesi","url":"https:\/\/memurunsesi.net\/","logo":{"@type":"ImageObject","inLanguage":"tr","@id":"https:\/\/memurunsesi.net\/#\/schema\/logo\/image\/","url":"https:\/\/memurunsesi.net\/wp-content\/uploads\/2025\/11\/cropped-MEMURUN-SESI.png","contentUrl":"https:\/\/memurunsesi.net\/wp-content\/uploads\/2025\/11\/cropped-MEMURUN-SESI.png","width":238,"height":57,"caption":"Memurun Sesi"},"image":{"@id":"https:\/\/memurunsesi.net\/#\/schema\/logo\/image\/"},"sameAs":["https:\/\/www.facebook.com\/unipersen\/?locale=tr_TR","https:\/\/x.com\/unipersen"]},{"@type":"Person","@id":"https:\/\/memurunsesi.net\/#\/schema\/person\/f21c2d73b89f6ee1d80b0a1803e38587","name":"Memurun Sesi Haber Merkezi","image":{"@type":"ImageObject","inLanguage":"tr","@id":"https:\/\/secure.gravatar.com\/avatar\/6cf0505f452ee753f485014986fab09a434671d2b919ee76fc541025c5876a70?s=96&d=mm&r=g","url":"https:\/\/secure.gravatar.com\/avatar\/6cf0505f452ee753f485014986fab09a434671d2b919ee76fc541025c5876a70?s=96&d=mm&r=g","contentUrl":"https:\/\/secure.gravatar.com\/avatar\/6cf0505f452ee753f485014986fab09a434671d2b919ee76fc541025c5876a70?s=96&d=mm&r=g","caption":"Memurun Sesi Haber Merkezi"},"sameAs":["https:\/\/memurunsesi.net"],"url":"https:\/\/memurunsesi.net\/index.php\/author\/uniper\/"}]}},"_links":{"self":[{"href":"https:\/\/memurunsesi.net\/index.php\/wp-json\/wp\/v2\/posts\/4545","targetHints":{"allow":["GET"]}}],"collection":[{"href":"https:\/\/memurunsesi.net\/index.php\/wp-json\/wp\/v2\/posts"}],"about":[{"href":"https:\/\/memurunsesi.net\/index.php\/wp-json\/wp\/v2\/types\/post"}],"author":[{"embeddable":true,"href":"https:\/\/memurunsesi.net\/index.php\/wp-json\/wp\/v2\/users\/1"}],"replies":[{"embeddable":true,"href":"https:\/\/memurunsesi.net\/index.php\/wp-json\/wp\/v2\/comments?post=4545"}],"version-history":[{"count":1,"href":"https:\/\/memurunsesi.net\/index.php\/wp-json\/wp\/v2\/posts\/4545\/revisions"}],"predecessor-version":[{"id":4547,"href":"https:\/\/memurunsesi.net\/index.php\/wp-json\/wp\/v2\/posts\/4545\/revisions\/4547"}],"wp:featuredmedia":[{"embeddable":true,"href":"https:\/\/memurunsesi.net\/index.php\/wp-json\/wp\/v2\/media\/4546"}],"wp:attachment":[{"href":"https:\/\/memurunsesi.net\/index.php\/wp-json\/wp\/v2\/media?parent=4545"}],"wp:term":[{"taxonomy":"category","embeddable":true,"href":"https:\/\/memurunsesi.net\/index.php\/wp-json\/wp\/v2\/categories?post=4545"},{"taxonomy":"post_tag","embeddable":true,"href":"https:\/\/memurunsesi.net\/index.php\/wp-json\/wp\/v2\/tags?post=4545"}],"curies":[{"name":"wp","href":"https:\/\/api.w.org\/{rel}","templated":true}]}}