{"id":4549,"date":"2025-03-30T09:35:08","date_gmt":"2025-03-30T06:35:08","guid":{"rendered":"https:\/\/memurunsesi.net\/?p=4549"},"modified":"2025-03-30T09:35:08","modified_gmt":"2025-03-30T06:35:08","slug":"esenyurt-belediyesi-bayramin-coskusunu-ve-mutlulugunu-yetim-cocuklarla-paylasti","status":"publish","type":"post","link":"https:\/\/memurunsesi.net\/index.php\/2025\/03\/30\/esenyurt-belediyesi-bayramin-coskusunu-ve-mutlulugunu-yetim-cocuklarla-paylasti\/","title":{"rendered":"Esenyurt Belediyesi, bayram\u0131n co\u015fkusunu ve mutlulu\u011funu yetim \u00e7ocuklarla payla\u015ft\u0131"},"content":{"rendered":"<p>Esenyurt Belediyesi\u2019nden yetim \u00e7ocuklara bayram sevinci<\/p>\n<p>Esenyurt Belediyesi, Ramazan Bayram\u0131 dolay\u0131s\u0131yla yetim \u00e7ocuklar i\u00e7in anlaml\u0131 bir bayramla\u015fma program\u0131 d\u00fczenledi. \u00c7ocuk \u00dcniversitesi\u2019nde ger\u00e7ekle\u015fen etkinli\u011fe kat\u0131lan minikler, onlar i\u00e7in haz\u0131rlanan sihirbaz g\u00f6sterisi ve geleneksel Hacivat-Karag\u00f6z oyunuyla keyifli bir g\u00fcn ge\u00e7irdi.<br \/>\nEsenyurt Belediyesi, bayram\u0131n co\u015fkusunu ve mutlulu\u011funu yetim \u00e7ocuklarla payla\u015fmak i\u00e7in \u00f6zel bir etkinlik organize etti. \u00c7ocuklar, birbirinden e\u011flenceli g\u00f6sterilerin yer ald\u0131\u011f\u0131 bayramla\u015fma program\u0131nda keyifli anlar ya\u015farken, ailelerine de \u00e7e\u015fitli hediyeler verildi. Etkinli\u011fe kat\u0131lan Esenyurt Belediye Ba\u015fkan Yard\u0131mc\u0131s\u0131 Ye\u015fil Aytulum Turgut, \u00e7ocuklarla yak\u0131ndan ilgilenerek onlar\u0131n bayram sevincine ortak oldu.<br \/>\n\u00c7ocuklar\u0131n mutlulu\u011funun her \u015feyden \u00f6nemli oldu\u011fu vurguland\u0131<br \/>\nBelediye yetkilileri, \u00e7ocuklar\u0131n mutlulu\u011funun her \u015feyden \u00f6nemli oldu\u011funu vurgulayarak, sosyal destek projelerinin devam edece\u011fini ifade etti. Aileler ise d\u00fczenlenen etkinlikten duyduklar\u0131 memnuniyeti dile getirerek Esenyurt Belediyesine te\u015fekk\u00fcr etti.<\/p>\n<p>30.03.2025<\/p>\n","protected":false},"excerpt":{"rendered":"<p>Esenyurt Belediyesi\u2019nden yetim \u00e7ocuklara bayram sevinci Esenyurt Belediyesi, Ramazan Bayram\u0131 dolay\u0131s\u0131yla yetim \u00e7ocuklar i\u00e7in anlaml\u0131 bir bayramla\u015fma program\u0131 d\u00fczenledi. \u00c7ocuk \u00dcniversitesi\u2019nde ger\u00e7ekle\u015fen etkinli\u011fe kat\u0131lan minikler, onlar i\u00e7in haz\u0131rlanan sihirbaz g\u00f6sterisi ve geleneksel Hacivat-Karag\u00f6z oyunuyla keyifli bir g\u00fcn ge\u00e7irdi. Esenyurt Belediyesi, bayram\u0131n co\u015fkusunu ve mutlulu\u011funu yetim \u00e7ocuklarla payla\u015fmak i\u00e7in \u00f6zel bir etkinlik organize etti. \u00c7ocuklar, birbirinden [&hellip;]<\/p>\n","protected":false},"author":1,"featured_media":4550,"comment_status":"open","ping_status":"open","sticky":false,"template":"","format":"standard","meta":{"footnotes":""},"categories":[50],"tags":[],"class_list":["post-4549","post","type-post","status-publish","format-standard","has-post-thumbnail","hentry","category-tum-haberler"],"yoast_head":"<!-- This site is optimized with the Yoast SEO plugin v27.4 - https:\/\/yoast.com\/product\/yoast-seo-wordpress\/ -->\n<title>Esenyurt Belediyesi, bayram\u0131n co\u015fkusunu ve mutlulu\u011funu yetim \u00e7ocuklarla payla\u015ft\u0131 - Memurun Sesi<\/title>\n<meta name=\"robots\" content=\"index, follow, max-snippet:-1, max-image-preview:large, max-video-preview:-1\" \/>\n<link rel=\"canonical\" href=\"https:\/\/memurunsesi.net\/index.php\/2025\/03\/30\/esenyurt-belediyesi-bayramin-coskusunu-ve-mutlulugunu-yetim-cocuklarla-paylasti\/\" \/>\n<meta property=\"og:locale\" content=\"tr_TR\" \/>\n<meta property=\"og:type\" content=\"article\" \/>\n<meta property=\"og:title\" content=\"Esenyurt Belediyesi, bayram\u0131n co\u015fkusunu ve mutlulu\u011funu yetim \u00e7ocuklarla payla\u015ft\u0131 - Memurun Sesi\" \/>\n<meta property=\"og:description\" content=\"Esenyurt Belediyesi\u2019nden yetim \u00e7ocuklara bayram sevinci Esenyurt Belediyesi, Ramazan Bayram\u0131 dolay\u0131s\u0131yla yetim \u00e7ocuklar i\u00e7in anlaml\u0131 bir bayramla\u015fma program\u0131 d\u00fczenledi. \u00c7ocuk \u00dcniversitesi\u2019nde ger\u00e7ekle\u015fen etkinli\u011fe kat\u0131lan minikler, onlar i\u00e7in haz\u0131rlanan sihirbaz g\u00f6sterisi ve geleneksel Hacivat-Karag\u00f6z oyunuyla keyifli bir g\u00fcn ge\u00e7irdi. Esenyurt Belediyesi, bayram\u0131n co\u015fkusunu ve mutlulu\u011funu yetim \u00e7ocuklarla payla\u015fmak i\u00e7in \u00f6zel bir etkinlik organize etti. \u00c7ocuklar, birbirinden [&hellip;]\" \/>\n<meta property=\"og:url\" content=\"https:\/\/memurunsesi.net\/index.php\/2025\/03\/30\/esenyurt-belediyesi-bayramin-coskusunu-ve-mutlulugunu-yetim-cocuklarla-paylasti\/\" \/>\n<meta property=\"og:site_name\" content=\"Memurun Sesi\" \/>\n<meta property=\"article:publisher\" content=\"https:\/\/www.facebook.com\/unipersen\/?locale=tr_TR\" \/>\n<meta property=\"article:published_time\" content=\"2025-03-30T06:35:08+00:00\" \/>\n<meta property=\"og:image\" content=\"https:\/\/memurunsesi.net\/wp-content\/uploads\/2025\/03\/AW423286_02-scaled.jpg\" \/>\n\t<meta property=\"og:image:width\" content=\"2560\" \/>\n\t<meta property=\"og:image:height\" content=\"1707\" \/>\n\t<meta property=\"og:image:type\" content=\"image\/jpeg\" \/>\n<meta name=\"author\" content=\"Memurun Sesi Haber Merkezi\" \/>\n<meta name=\"twitter:card\" content=\"summary_large_image\" \/>\n<meta name=\"twitter:creator\" content=\"@unipersen\" \/>\n<meta name=\"twitter:site\" content=\"@unipersen\" \/>\n<meta name=\"twitter:label1\" content=\"Yazan:\" \/>\n\t<meta name=\"twitter:data1\" content=\"Memurun Sesi Haber Merkezi\" \/>\n\t<meta name=\"twitter:label2\" content=\"Tahmini okuma s\u00fcresi\" \/>\n\t<meta name=\"twitter:data2\" content=\"1 dakika\" \/>\n<script type=\"application\/ld+json\" class=\"yoast-schema-graph\">{\"@context\":\"https:\\\/\\\/schema.org\",\"@graph\":[{\"@type\":\"Article\",\"@id\":\"https:\\\/\\\/memurunsesi.net\\\/index.php\\\/2025\\\/03\\\/30\\\/esenyurt-belediyesi-bayramin-coskusunu-ve-mutlulugunu-yetim-cocuklarla-paylasti\\\/#article\",\"isPartOf\":{\"@id\":\"https:\\\/\\\/memurunsesi.net\\\/index.php\\\/2025\\\/03\\\/30\\\/esenyurt-belediyesi-bayramin-coskusunu-ve-mutlulugunu-yetim-cocuklarla-paylasti\\\/\"},\"author\":{\"name\":\"Memurun Sesi Haber Merkezi\",\"@id\":\"https:\\\/\\\/memurunsesi.net\\\/#\\\/schema\\\/person\\\/f21c2d73b89f6ee1d80b0a1803e38587\"},\"headline\":\"Esenyurt Belediyesi, bayram\u0131n co\u015fkusunu ve mutlulu\u011funu yetim \u00e7ocuklarla payla\u015ft\u0131\",\"datePublished\":\"2025-03-30T06:35:08+00:00\",\"mainEntityOfPage\":{\"@id\":\"https:\\\/\\\/memurunsesi.net\\\/index.php\\\/2025\\\/03\\\/30\\\/esenyurt-belediyesi-bayramin-coskusunu-ve-mutlulugunu-yetim-cocuklarla-paylasti\\\/\"},\"wordCount\":180,\"commentCount\":0,\"publisher\":{\"@id\":\"https:\\\/\\\/memurunsesi.net\\\/#organization\"},\"image\":{\"@id\":\"https:\\\/\\\/memurunsesi.net\\\/index.php\\\/2025\\\/03\\\/30\\\/esenyurt-belediyesi-bayramin-coskusunu-ve-mutlulugunu-yetim-cocuklarla-paylasti\\\/#primaryimage\"},\"thumbnailUrl\":\"https:\\\/\\\/memurunsesi.net\\\/wp-content\\\/uploads\\\/2025\\\/03\\\/AW423286_02-scaled.jpg\",\"articleSection\":[\"T\u00fcm Haberler\"],\"inLanguage\":\"tr\",\"potentialAction\":[{\"@type\":\"CommentAction\",\"name\":\"Comment\",\"target\":[\"https:\\\/\\\/memurunsesi.net\\\/index.php\\\/2025\\\/03\\\/30\\\/esenyurt-belediyesi-bayramin-coskusunu-ve-mutlulugunu-yetim-cocuklarla-paylasti\\\/#respond\"]}]},{\"@type\":\"WebPage\",\"@id\":\"https:\\\/\\\/memurunsesi.net\\\/index.php\\\/2025\\\/03\\\/30\\\/esenyurt-belediyesi-bayramin-coskusunu-ve-mutlulugunu-yetim-cocuklarla-paylasti\\\/\",\"url\":\"https:\\\/\\\/memurunsesi.net\\\/index.php\\\/2025\\\/03\\\/30\\\/esenyurt-belediyesi-bayramin-coskusunu-ve-mutlulugunu-yetim-cocuklarla-paylasti\\\/\",\"name\":\"Esenyurt Belediyesi, bayram\u0131n co\u015fkusunu ve mutlulu\u011funu yetim \u00e7ocuklarla payla\u015ft\u0131 - Memurun Sesi\",\"isPartOf\":{\"@id\":\"https:\\\/\\\/memurunsesi.net\\\/#website\"},\"primaryImageOfPage\":{\"@id\":\"https:\\\/\\\/memurunsesi.net\\\/index.php\\\/2025\\\/03\\\/30\\\/esenyurt-belediyesi-bayramin-coskusunu-ve-mutlulugunu-yetim-cocuklarla-paylasti\\\/#primaryimage\"},\"image\":{\"@id\":\"https:\\\/\\\/memurunsesi.net\\\/index.php\\\/2025\\\/03\\\/30\\\/esenyurt-belediyesi-bayramin-coskusunu-ve-mutlulugunu-yetim-cocuklarla-paylasti\\\/#primaryimage\"},\"thumbnailUrl\":\"https:\\\/\\\/memurunsesi.net\\\/wp-content\\\/uploads\\\/2025\\\/03\\\/AW423286_02-scaled.jpg\",\"datePublished\":\"2025-03-30T06:35:08+00:00\",\"breadcrumb\":{\"@id\":\"https:\\\/\\\/memurunsesi.net\\\/index.php\\\/2025\\\/03\\\/30\\\/esenyurt-belediyesi-bayramin-coskusunu-ve-mutlulugunu-yetim-cocuklarla-paylasti\\\/#breadcrumb\"},\"inLanguage\":\"tr\",\"potentialAction\":[{\"@type\":\"ReadAction\",\"target\":[\"https:\\\/\\\/memurunsesi.net\\\/index.php\\\/2025\\\/03\\\/30\\\/esenyurt-belediyesi-bayramin-coskusunu-ve-mutlulugunu-yetim-cocuklarla-paylasti\\\/\"]}]},{\"@type\":\"ImageObject\",\"inLanguage\":\"tr\",\"@id\":\"https:\\\/\\\/memurunsesi.net\\\/index.php\\\/2025\\\/03\\\/30\\\/esenyurt-belediyesi-bayramin-coskusunu-ve-mutlulugunu-yetim-cocuklarla-paylasti\\\/#primaryimage\",\"url\":\"https:\\\/\\\/memurunsesi.net\\\/wp-content\\\/uploads\\\/2025\\\/03\\\/AW423286_02-scaled.jpg\",\"contentUrl\":\"https:\\\/\\\/memurunsesi.net\\\/wp-content\\\/uploads\\\/2025\\\/03\\\/AW423286_02-scaled.jpg\",\"width\":2560,\"height\":1707,\"caption\":\"ESENYURT BELED\u0130YES\u0130, BAYRAMIN CO\u015eKUSUNU VE MUTLULU\u011eUNU YET\u0130M \u00c7OCUKLARLA PAYLA\u015eTI (\u0130HA\\\/\u0130STANBUL-\u0130HA) Esenyurt Belediyesi, Ramazan Bayram\u0131 dolay\u0131s\u0131yla yetim \u00e7ocuklar i\u00e7in anlaml\u0131 bir bayramla\u015fma program\u0131 d\u00fczenledi. \u00c7ocuk \u00dcniversitesi'nde ger\u00e7ekle\u015fen etkinli\u011fe kat\u0131lan minikler, onlar i\u00e7in haz\u0131rlanan sihirbaz g\u00f6sterisi ve geleneksel Hacivat-Karag\u00f6z oyunuyla keyifli bir g\u00fcn ge\u00e7irdi.\"},{\"@type\":\"BreadcrumbList\",\"@id\":\"https:\\\/\\\/memurunsesi.net\\\/index.php\\\/2025\\\/03\\\/30\\\/esenyurt-belediyesi-bayramin-coskusunu-ve-mutlulugunu-yetim-cocuklarla-paylasti\\\/#breadcrumb\",\"itemListElement\":[{\"@type\":\"ListItem\",\"position\":1,\"name\":\"Anasayfa\",\"item\":\"https:\\\/\\\/memurunsesi.net\\\/\"},{\"@type\":\"ListItem\",\"position\":2,\"name\":\"Esenyurt Belediyesi, bayram\u0131n co\u015fkusunu ve mutlulu\u011funu yetim \u00e7ocuklarla payla\u015ft\u0131\"}]},{\"@type\":\"WebSite\",\"@id\":\"https:\\\/\\\/memurunsesi.net\\\/#website\",\"url\":\"https:\\\/\\\/memurunsesi.net\\\/\",\"name\":\"Memurun Sesi\",\"description\":\"G\u00fcncel ve Do\u011fru Haber\",\"publisher\":{\"@id\":\"https:\\\/\\\/memurunsesi.net\\\/#organization\"},\"potentialAction\":[{\"@type\":\"SearchAction\",\"target\":{\"@type\":\"EntryPoint\",\"urlTemplate\":\"https:\\\/\\\/memurunsesi.net\\\/?s={search_term_string}\"},\"query-input\":{\"@type\":\"PropertyValueSpecification\",\"valueRequired\":true,\"valueName\":\"search_term_string\"}}],\"inLanguage\":\"tr\"},{\"@type\":\"Organization\",\"@id\":\"https:\\\/\\\/memurunsesi.net\\\/#organization\",\"name\":\"Memurun Sesi\",\"url\":\"https:\\\/\\\/memurunsesi.net\\\/\",\"logo\":{\"@type\":\"ImageObject\",\"inLanguage\":\"tr\",\"@id\":\"https:\\\/\\\/memurunsesi.net\\\/#\\\/schema\\\/logo\\\/image\\\/\",\"url\":\"https:\\\/\\\/memurunsesi.net\\\/wp-content\\\/uploads\\\/2025\\\/11\\\/cropped-MEMURUN-SESI.png\",\"contentUrl\":\"https:\\\/\\\/memurunsesi.net\\\/wp-content\\\/uploads\\\/2025\\\/11\\\/cropped-MEMURUN-SESI.png\",\"width\":238,\"height\":57,\"caption\":\"Memurun Sesi\"},\"image\":{\"@id\":\"https:\\\/\\\/memurunsesi.net\\\/#\\\/schema\\\/logo\\\/image\\\/\"},\"sameAs\":[\"https:\\\/\\\/www.facebook.com\\\/unipersen\\\/?locale=tr_TR\",\"https:\\\/\\\/x.com\\\/unipersen\"]},{\"@type\":\"Person\",\"@id\":\"https:\\\/\\\/memurunsesi.net\\\/#\\\/schema\\\/person\\\/f21c2d73b89f6ee1d80b0a1803e38587\",\"name\":\"Memurun Sesi Haber Merkezi\",\"image\":{\"@type\":\"ImageObject\",\"inLanguage\":\"tr\",\"@id\":\"https:\\\/\\\/secure.gravatar.com\\\/avatar\\\/6cf0505f452ee753f485014986fab09a434671d2b919ee76fc541025c5876a70?s=96&d=mm&r=g\",\"url\":\"https:\\\/\\\/secure.gravatar.com\\\/avatar\\\/6cf0505f452ee753f485014986fab09a434671d2b919ee76fc541025c5876a70?s=96&d=mm&r=g\",\"contentUrl\":\"https:\\\/\\\/secure.gravatar.com\\\/avatar\\\/6cf0505f452ee753f485014986fab09a434671d2b919ee76fc541025c5876a70?s=96&d=mm&r=g\",\"caption\":\"Memurun Sesi Haber Merkezi\"},\"sameAs\":[\"https:\\\/\\\/memurunsesi.net\"],\"url\":\"https:\\\/\\\/memurunsesi.net\\\/index.php\\\/author\\\/uniper\\\/\"}]}<\/script>\n<!-- \/ Yoast SEO plugin. -->","yoast_head_json":{"title":"Esenyurt Belediyesi, bayram\u0131n co\u015fkusunu ve mutlulu\u011funu yetim \u00e7ocuklarla payla\u015ft\u0131 - Memurun Sesi","robots":{"index":"index","follow":"follow","max-snippet":"max-snippet:-1","max-image-preview":"max-image-preview:large","max-video-preview":"max-video-preview:-1"},"canonical":"https:\/\/memurunsesi.net\/index.php\/2025\/03\/30\/esenyurt-belediyesi-bayramin-coskusunu-ve-mutlulugunu-yetim-cocuklarla-paylasti\/","og_locale":"tr_TR","og_type":"article","og_title":"Esenyurt Belediyesi, bayram\u0131n co\u015fkusunu ve mutlulu\u011funu yetim \u00e7ocuklarla payla\u015ft\u0131 - Memurun Sesi","og_description":"Esenyurt Belediyesi\u2019nden yetim \u00e7ocuklara bayram sevinci Esenyurt Belediyesi, Ramazan Bayram\u0131 dolay\u0131s\u0131yla yetim \u00e7ocuklar i\u00e7in anlaml\u0131 bir bayramla\u015fma program\u0131 d\u00fczenledi. \u00c7ocuk \u00dcniversitesi\u2019nde ger\u00e7ekle\u015fen etkinli\u011fe kat\u0131lan minikler, onlar i\u00e7in haz\u0131rlanan sihirbaz g\u00f6sterisi ve geleneksel Hacivat-Karag\u00f6z oyunuyla keyifli bir g\u00fcn ge\u00e7irdi. Esenyurt Belediyesi, bayram\u0131n co\u015fkusunu ve mutlulu\u011funu yetim \u00e7ocuklarla payla\u015fmak i\u00e7in \u00f6zel bir etkinlik organize etti. \u00c7ocuklar, birbirinden [&hellip;]","og_url":"https:\/\/memurunsesi.net\/index.php\/2025\/03\/30\/esenyurt-belediyesi-bayramin-coskusunu-ve-mutlulugunu-yetim-cocuklarla-paylasti\/","og_site_name":"Memurun Sesi","article_publisher":"https:\/\/www.facebook.com\/unipersen\/?locale=tr_TR","article_published_time":"2025-03-30T06:35:08+00:00","og_image":[{"width":2560,"height":1707,"url":"https:\/\/memurunsesi.net\/wp-content\/uploads\/2025\/03\/AW423286_02-scaled.jpg","type":"image\/jpeg"}],"author":"Memurun Sesi Haber Merkezi","twitter_card":"summary_large_image","twitter_creator":"@unipersen","twitter_site":"@unipersen","twitter_misc":{"Yazan:":"Memurun Sesi Haber Merkezi","Tahmini okuma s\u00fcresi":"1 dakika"},"schema":{"@context":"https:\/\/schema.org","@graph":[{"@type":"Article","@id":"https:\/\/memurunsesi.net\/index.php\/2025\/03\/30\/esenyurt-belediyesi-bayramin-coskusunu-ve-mutlulugunu-yetim-cocuklarla-paylasti\/#article","isPartOf":{"@id":"https:\/\/memurunsesi.net\/index.php\/2025\/03\/30\/esenyurt-belediyesi-bayramin-coskusunu-ve-mutlulugunu-yetim-cocuklarla-paylasti\/"},"author":{"name":"Memurun Sesi Haber Merkezi","@id":"https:\/\/memurunsesi.net\/#\/schema\/person\/f21c2d73b89f6ee1d80b0a1803e38587"},"headline":"Esenyurt Belediyesi, bayram\u0131n co\u015fkusunu ve mutlulu\u011funu yetim \u00e7ocuklarla payla\u015ft\u0131","datePublished":"2025-03-30T06:35:08+00:00","mainEntityOfPage":{"@id":"https:\/\/memurunsesi.net\/index.php\/2025\/03\/30\/esenyurt-belediyesi-bayramin-coskusunu-ve-mutlulugunu-yetim-cocuklarla-paylasti\/"},"wordCount":180,"commentCount":0,"publisher":{"@id":"https:\/\/memurunsesi.net\/#organization"},"image":{"@id":"https:\/\/memurunsesi.net\/index.php\/2025\/03\/30\/esenyurt-belediyesi-bayramin-coskusunu-ve-mutlulugunu-yetim-cocuklarla-paylasti\/#primaryimage"},"thumbnailUrl":"https:\/\/memurunsesi.net\/wp-content\/uploads\/2025\/03\/AW423286_02-scaled.jpg","articleSection":["T\u00fcm Haberler"],"inLanguage":"tr","potentialAction":[{"@type":"CommentAction","name":"Comment","target":["https:\/\/memurunsesi.net\/index.php\/2025\/03\/30\/esenyurt-belediyesi-bayramin-coskusunu-ve-mutlulugunu-yetim-cocuklarla-paylasti\/#respond"]}]},{"@type":"WebPage","@id":"https:\/\/memurunsesi.net\/index.php\/2025\/03\/30\/esenyurt-belediyesi-bayramin-coskusunu-ve-mutlulugunu-yetim-cocuklarla-paylasti\/","url":"https:\/\/memurunsesi.net\/index.php\/2025\/03\/30\/esenyurt-belediyesi-bayramin-coskusunu-ve-mutlulugunu-yetim-cocuklarla-paylasti\/","name":"Esenyurt Belediyesi, bayram\u0131n co\u015fkusunu ve mutlulu\u011funu yetim \u00e7ocuklarla payla\u015ft\u0131 - Memurun Sesi","isPartOf":{"@id":"https:\/\/memurunsesi.net\/#website"},"primaryImageOfPage":{"@id":"https:\/\/memurunsesi.net\/index.php\/2025\/03\/30\/esenyurt-belediyesi-bayramin-coskusunu-ve-mutlulugunu-yetim-cocuklarla-paylasti\/#primaryimage"},"image":{"@id":"https:\/\/memurunsesi.net\/index.php\/2025\/03\/30\/esenyurt-belediyesi-bayramin-coskusunu-ve-mutlulugunu-yetim-cocuklarla-paylasti\/#primaryimage"},"thumbnailUrl":"https:\/\/memurunsesi.net\/wp-content\/uploads\/2025\/03\/AW423286_02-scaled.jpg","datePublished":"2025-03-30T06:35:08+00:00","breadcrumb":{"@id":"https:\/\/memurunsesi.net\/index.php\/2025\/03\/30\/esenyurt-belediyesi-bayramin-coskusunu-ve-mutlulugunu-yetim-cocuklarla-paylasti\/#breadcrumb"},"inLanguage":"tr","potentialAction":[{"@type":"ReadAction","target":["https:\/\/memurunsesi.net\/index.php\/2025\/03\/30\/esenyurt-belediyesi-bayramin-coskusunu-ve-mutlulugunu-yetim-cocuklarla-paylasti\/"]}]},{"@type":"ImageObject","inLanguage":"tr","@id":"https:\/\/memurunsesi.net\/index.php\/2025\/03\/30\/esenyurt-belediyesi-bayramin-coskusunu-ve-mutlulugunu-yetim-cocuklarla-paylasti\/#primaryimage","url":"https:\/\/memurunsesi.net\/wp-content\/uploads\/2025\/03\/AW423286_02-scaled.jpg","contentUrl":"https:\/\/memurunsesi.net\/wp-content\/uploads\/2025\/03\/AW423286_02-scaled.jpg","width":2560,"height":1707,"caption":"ESENYURT BELED\u0130YES\u0130, BAYRAMIN CO\u015eKUSUNU VE MUTLULU\u011eUNU YET\u0130M \u00c7OCUKLARLA PAYLA\u015eTI (\u0130HA\/\u0130STANBUL-\u0130HA) Esenyurt Belediyesi, Ramazan Bayram\u0131 dolay\u0131s\u0131yla yetim \u00e7ocuklar i\u00e7in anlaml\u0131 bir bayramla\u015fma program\u0131 d\u00fczenledi. \u00c7ocuk \u00dcniversitesi'nde ger\u00e7ekle\u015fen etkinli\u011fe kat\u0131lan minikler, onlar i\u00e7in haz\u0131rlanan sihirbaz g\u00f6sterisi ve geleneksel Hacivat-Karag\u00f6z oyunuyla keyifli bir g\u00fcn ge\u00e7irdi."},{"@type":"BreadcrumbList","@id":"https:\/\/memurunsesi.net\/index.php\/2025\/03\/30\/esenyurt-belediyesi-bayramin-coskusunu-ve-mutlulugunu-yetim-cocuklarla-paylasti\/#breadcrumb","itemListElement":[{"@type":"ListItem","position":1,"name":"Anasayfa","item":"https:\/\/memurunsesi.net\/"},{"@type":"ListItem","position":2,"name":"Esenyurt Belediyesi, bayram\u0131n co\u015fkusunu ve mutlulu\u011funu yetim \u00e7ocuklarla payla\u015ft\u0131"}]},{"@type":"WebSite","@id":"https:\/\/memurunsesi.net\/#website","url":"https:\/\/memurunsesi.net\/","name":"Memurun Sesi","description":"G\u00fcncel ve Do\u011fru Haber","publisher":{"@id":"https:\/\/memurunsesi.net\/#organization"},"potentialAction":[{"@type":"SearchAction","target":{"@type":"EntryPoint","urlTemplate":"https:\/\/memurunsesi.net\/?s={search_term_string}"},"query-input":{"@type":"PropertyValueSpecification","valueRequired":true,"valueName":"search_term_string"}}],"inLanguage":"tr"},{"@type":"Organization","@id":"https:\/\/memurunsesi.net\/#organization","name":"Memurun Sesi","url":"https:\/\/memurunsesi.net\/","logo":{"@type":"ImageObject","inLanguage":"tr","@id":"https:\/\/memurunsesi.net\/#\/schema\/logo\/image\/","url":"https:\/\/memurunsesi.net\/wp-content\/uploads\/2025\/11\/cropped-MEMURUN-SESI.png","contentUrl":"https:\/\/memurunsesi.net\/wp-content\/uploads\/2025\/11\/cropped-MEMURUN-SESI.png","width":238,"height":57,"caption":"Memurun Sesi"},"image":{"@id":"https:\/\/memurunsesi.net\/#\/schema\/logo\/image\/"},"sameAs":["https:\/\/www.facebook.com\/unipersen\/?locale=tr_TR","https:\/\/x.com\/unipersen"]},{"@type":"Person","@id":"https:\/\/memurunsesi.net\/#\/schema\/person\/f21c2d73b89f6ee1d80b0a1803e38587","name":"Memurun Sesi Haber Merkezi","image":{"@type":"ImageObject","inLanguage":"tr","@id":"https:\/\/secure.gravatar.com\/avatar\/6cf0505f452ee753f485014986fab09a434671d2b919ee76fc541025c5876a70?s=96&d=mm&r=g","url":"https:\/\/secure.gravatar.com\/avatar\/6cf0505f452ee753f485014986fab09a434671d2b919ee76fc541025c5876a70?s=96&d=mm&r=g","contentUrl":"https:\/\/secure.gravatar.com\/avatar\/6cf0505f452ee753f485014986fab09a434671d2b919ee76fc541025c5876a70?s=96&d=mm&r=g","caption":"Memurun Sesi Haber Merkezi"},"sameAs":["https:\/\/memurunsesi.net"],"url":"https:\/\/memurunsesi.net\/index.php\/author\/uniper\/"}]}},"_links":{"self":[{"href":"https:\/\/memurunsesi.net\/index.php\/wp-json\/wp\/v2\/posts\/4549","targetHints":{"allow":["GET"]}}],"collection":[{"href":"https:\/\/memurunsesi.net\/index.php\/wp-json\/wp\/v2\/posts"}],"about":[{"href":"https:\/\/memurunsesi.net\/index.php\/wp-json\/wp\/v2\/types\/post"}],"author":[{"embeddable":true,"href":"https:\/\/memurunsesi.net\/index.php\/wp-json\/wp\/v2\/users\/1"}],"replies":[{"embeddable":true,"href":"https:\/\/memurunsesi.net\/index.php\/wp-json\/wp\/v2\/comments?post=4549"}],"version-history":[{"count":1,"href":"https:\/\/memurunsesi.net\/index.php\/wp-json\/wp\/v2\/posts\/4549\/revisions"}],"predecessor-version":[{"id":4551,"href":"https:\/\/memurunsesi.net\/index.php\/wp-json\/wp\/v2\/posts\/4549\/revisions\/4551"}],"wp:featuredmedia":[{"embeddable":true,"href":"https:\/\/memurunsesi.net\/index.php\/wp-json\/wp\/v2\/media\/4550"}],"wp:attachment":[{"href":"https:\/\/memurunsesi.net\/index.php\/wp-json\/wp\/v2\/media?parent=4549"}],"wp:term":[{"taxonomy":"category","embeddable":true,"href":"https:\/\/memurunsesi.net\/index.php\/wp-json\/wp\/v2\/categories?post=4549"},{"taxonomy":"post_tag","embeddable":true,"href":"https:\/\/memurunsesi.net\/index.php\/wp-json\/wp\/v2\/tags?post=4549"}],"curies":[{"name":"wp","href":"https:\/\/api.w.org\/{rel}","templated":true}]}}