{"id":4555,"date":"2025-03-30T09:39:39","date_gmt":"2025-03-30T06:39:39","guid":{"rendered":"https:\/\/memurunsesi.net\/?p=4555"},"modified":"2025-03-30T09:39:39","modified_gmt":"2025-03-30T06:39:39","slug":"bursada-yurek-isitan-goruntuler","status":"publish","type":"post","link":"https:\/\/memurunsesi.net\/index.php\/2025\/03\/30\/bursada-yurek-isitan-goruntuler\/","title":{"rendered":"Bursa&#8217;da y\u00fcrek \u0131s\u0131tan g\u00f6r\u00fcnt\u00fcler"},"content":{"rendered":"<p>D\u00fc\u015fen sebzeler el birli\u011fiyle topland\u0131<\/p>\n<p>Bursa&#8217;da arac\u0131n kasas\u0131ndan yola d\u00fc\u015fen domatesler, \u00e7evredeki vatanda\u015flar\u0131n yard\u0131m\u0131yla topland\u0131. Y\u00fcrek \u0131s\u0131tan g\u00f6r\u00fcnt\u00fcler saniye saniye amat\u00f6r kameraya yans\u0131d\u0131.<br \/>\nOlay, merkez Osmangazi il\u00e7esi Emek Mahallesi&#8217;nde meydana geldi. Ani fren yapan hafif ticari otomobilin kasas\u0131ndan domatesler yola sa\u00e7\u0131ld\u0131. Durumu g\u00f6ren \u00e7evredeki yard\u0131msever vatanda\u015flar, domatesleri el birli\u011fiyle toplayarak sat\u0131c\u0131ya yard\u0131m etti. Y\u00fcrek \u0131s\u0131tan anlar saniye saniye amat\u00f6r kameraya yans\u0131d\u0131.<\/p>\n<p>30.03.2025<\/p>\n","protected":false},"excerpt":{"rendered":"<p>D\u00fc\u015fen sebzeler el birli\u011fiyle topland\u0131 Bursa&#8217;da arac\u0131n kasas\u0131ndan yola d\u00fc\u015fen domatesler, \u00e7evredeki vatanda\u015flar\u0131n yard\u0131m\u0131yla topland\u0131. Y\u00fcrek \u0131s\u0131tan g\u00f6r\u00fcnt\u00fcler saniye saniye amat\u00f6r kameraya yans\u0131d\u0131. Olay, merkez Osmangazi il\u00e7esi Emek Mahallesi&#8217;nde meydana geldi. Ani fren yapan hafif ticari otomobilin kasas\u0131ndan domatesler yola sa\u00e7\u0131ld\u0131. Durumu g\u00f6ren \u00e7evredeki yard\u0131msever vatanda\u015flar, domatesleri el birli\u011fiyle toplayarak sat\u0131c\u0131ya yard\u0131m etti. Y\u00fcrek \u0131s\u0131tan [&hellip;]<\/p>\n","protected":false},"author":1,"featured_media":4556,"comment_status":"open","ping_status":"open","sticky":false,"template":"","format":"standard","meta":{"footnotes":""},"categories":[45],"tags":[],"class_list":["post-4555","post","type-post","status-publish","format-standard","has-post-thumbnail","hentry","category-gundem"],"yoast_head":"<!-- This site is optimized with the Yoast SEO plugin v27.4 - https:\/\/yoast.com\/product\/yoast-seo-wordpress\/ -->\n<title>Bursa&#039;da y\u00fcrek \u0131s\u0131tan g\u00f6r\u00fcnt\u00fcler - Memurun Sesi<\/title>\n<meta name=\"robots\" content=\"index, follow, max-snippet:-1, max-image-preview:large, max-video-preview:-1\" \/>\n<link rel=\"canonical\" href=\"https:\/\/memurunsesi.net\/index.php\/2025\/03\/30\/bursada-yurek-isitan-goruntuler\/\" \/>\n<meta property=\"og:locale\" content=\"tr_TR\" \/>\n<meta property=\"og:type\" content=\"article\" \/>\n<meta property=\"og:title\" content=\"Bursa&#039;da y\u00fcrek \u0131s\u0131tan g\u00f6r\u00fcnt\u00fcler - Memurun Sesi\" \/>\n<meta property=\"og:description\" content=\"D\u00fc\u015fen sebzeler el birli\u011fiyle topland\u0131 Bursa&#8217;da arac\u0131n kasas\u0131ndan yola d\u00fc\u015fen domatesler, \u00e7evredeki vatanda\u015flar\u0131n yard\u0131m\u0131yla topland\u0131. Y\u00fcrek \u0131s\u0131tan g\u00f6r\u00fcnt\u00fcler saniye saniye amat\u00f6r kameraya yans\u0131d\u0131. Olay, merkez Osmangazi il\u00e7esi Emek Mahallesi&#8217;nde meydana geldi. Ani fren yapan hafif ticari otomobilin kasas\u0131ndan domatesler yola sa\u00e7\u0131ld\u0131. Durumu g\u00f6ren \u00e7evredeki yard\u0131msever vatanda\u015flar, domatesleri el birli\u011fiyle toplayarak sat\u0131c\u0131ya yard\u0131m etti. Y\u00fcrek \u0131s\u0131tan [&hellip;]\" \/>\n<meta property=\"og:url\" content=\"https:\/\/memurunsesi.net\/index.php\/2025\/03\/30\/bursada-yurek-isitan-goruntuler\/\" \/>\n<meta property=\"og:site_name\" content=\"Memurun Sesi\" \/>\n<meta property=\"article:publisher\" content=\"https:\/\/www.facebook.com\/unipersen\/?locale=tr_TR\" \/>\n<meta property=\"article:published_time\" content=\"2025-03-30T06:39:39+00:00\" \/>\n<meta property=\"og:image\" content=\"https:\/\/memurunsesi.net\/wp-content\/uploads\/2025\/03\/AW423309_01.jpg\" \/>\n\t<meta property=\"og:image:width\" content=\"480\" \/>\n\t<meta property=\"og:image:height\" content=\"848\" \/>\n\t<meta property=\"og:image:type\" content=\"image\/jpeg\" \/>\n<meta name=\"author\" content=\"Memurun Sesi Haber Merkezi\" \/>\n<meta name=\"twitter:card\" content=\"summary_large_image\" \/>\n<meta name=\"twitter:creator\" content=\"@unipersen\" \/>\n<meta name=\"twitter:site\" content=\"@unipersen\" \/>\n<meta name=\"twitter:label1\" content=\"Yazan:\" \/>\n\t<meta name=\"twitter:data1\" content=\"Memurun Sesi Haber Merkezi\" \/>\n<script type=\"application\/ld+json\" class=\"yoast-schema-graph\">{\"@context\":\"https:\\\/\\\/schema.org\",\"@graph\":[{\"@type\":\"Article\",\"@id\":\"https:\\\/\\\/memurunsesi.net\\\/index.php\\\/2025\\\/03\\\/30\\\/bursada-yurek-isitan-goruntuler\\\/#article\",\"isPartOf\":{\"@id\":\"https:\\\/\\\/memurunsesi.net\\\/index.php\\\/2025\\\/03\\\/30\\\/bursada-yurek-isitan-goruntuler\\\/\"},\"author\":{\"name\":\"Memurun Sesi Haber Merkezi\",\"@id\":\"https:\\\/\\\/memurunsesi.net\\\/#\\\/schema\\\/person\\\/f21c2d73b89f6ee1d80b0a1803e38587\"},\"headline\":\"Bursa&#8217;da y\u00fcrek \u0131s\u0131tan g\u00f6r\u00fcnt\u00fcler\",\"datePublished\":\"2025-03-30T06:39:39+00:00\",\"mainEntityOfPage\":{\"@id\":\"https:\\\/\\\/memurunsesi.net\\\/index.php\\\/2025\\\/03\\\/30\\\/bursada-yurek-isitan-goruntuler\\\/\"},\"wordCount\":103,\"commentCount\":0,\"publisher\":{\"@id\":\"https:\\\/\\\/memurunsesi.net\\\/#organization\"},\"image\":{\"@id\":\"https:\\\/\\\/memurunsesi.net\\\/index.php\\\/2025\\\/03\\\/30\\\/bursada-yurek-isitan-goruntuler\\\/#primaryimage\"},\"thumbnailUrl\":\"https:\\\/\\\/memurunsesi.net\\\/wp-content\\\/uploads\\\/2025\\\/03\\\/AW423309_01.jpg\",\"articleSection\":[\"G\u00fcndem\"],\"inLanguage\":\"tr\",\"potentialAction\":[{\"@type\":\"CommentAction\",\"name\":\"Comment\",\"target\":[\"https:\\\/\\\/memurunsesi.net\\\/index.php\\\/2025\\\/03\\\/30\\\/bursada-yurek-isitan-goruntuler\\\/#respond\"]}]},{\"@type\":\"WebPage\",\"@id\":\"https:\\\/\\\/memurunsesi.net\\\/index.php\\\/2025\\\/03\\\/30\\\/bursada-yurek-isitan-goruntuler\\\/\",\"url\":\"https:\\\/\\\/memurunsesi.net\\\/index.php\\\/2025\\\/03\\\/30\\\/bursada-yurek-isitan-goruntuler\\\/\",\"name\":\"Bursa'da y\u00fcrek \u0131s\u0131tan g\u00f6r\u00fcnt\u00fcler - Memurun Sesi\",\"isPartOf\":{\"@id\":\"https:\\\/\\\/memurunsesi.net\\\/#website\"},\"primaryImageOfPage\":{\"@id\":\"https:\\\/\\\/memurunsesi.net\\\/index.php\\\/2025\\\/03\\\/30\\\/bursada-yurek-isitan-goruntuler\\\/#primaryimage\"},\"image\":{\"@id\":\"https:\\\/\\\/memurunsesi.net\\\/index.php\\\/2025\\\/03\\\/30\\\/bursada-yurek-isitan-goruntuler\\\/#primaryimage\"},\"thumbnailUrl\":\"https:\\\/\\\/memurunsesi.net\\\/wp-content\\\/uploads\\\/2025\\\/03\\\/AW423309_01.jpg\",\"datePublished\":\"2025-03-30T06:39:39+00:00\",\"breadcrumb\":{\"@id\":\"https:\\\/\\\/memurunsesi.net\\\/index.php\\\/2025\\\/03\\\/30\\\/bursada-yurek-isitan-goruntuler\\\/#breadcrumb\"},\"inLanguage\":\"tr\",\"potentialAction\":[{\"@type\":\"ReadAction\",\"target\":[\"https:\\\/\\\/memurunsesi.net\\\/index.php\\\/2025\\\/03\\\/30\\\/bursada-yurek-isitan-goruntuler\\\/\"]}]},{\"@type\":\"ImageObject\",\"inLanguage\":\"tr\",\"@id\":\"https:\\\/\\\/memurunsesi.net\\\/index.php\\\/2025\\\/03\\\/30\\\/bursada-yurek-isitan-goruntuler\\\/#primaryimage\",\"url\":\"https:\\\/\\\/memurunsesi.net\\\/wp-content\\\/uploads\\\/2025\\\/03\\\/AW423309_01.jpg\",\"contentUrl\":\"https:\\\/\\\/memurunsesi.net\\\/wp-content\\\/uploads\\\/2025\\\/03\\\/AW423309_01.jpg\",\"width\":480,\"height\":848,\"caption\":\"BURSA'DA ARACIN KASASINDAN YOLA D\u00dc\u015eEN DOMATESLER, \u00c7EVREDEK\u0130 VATANDA\u015eLARIN YARDIMIYLA TOPLANDI. Y\u00dcREK ISITAN G\u00d6R\u00dcNT\u00dcLER SAN\u0130YE SAN\u0130YE AMAT\u00d6R KAMERAYA YANSIDI. (AL\u0130 \u0130HSAN U\u011eUR\\\/BURSA-\u0130HA) Bursa'da arac\u0131n kasas\u0131ndan yola d\u00fc\u015fen domatesler, \u00e7evredeki vatanda\u015flar\u0131n yard\u0131m\u0131yla topland\u0131. Y\u00fcrek \u0131s\u0131tan g\u00f6r\u00fcnt\u00fcler saniye saniye amat\u00f6r kameraya yans\u0131d\u0131.\"},{\"@type\":\"BreadcrumbList\",\"@id\":\"https:\\\/\\\/memurunsesi.net\\\/index.php\\\/2025\\\/03\\\/30\\\/bursada-yurek-isitan-goruntuler\\\/#breadcrumb\",\"itemListElement\":[{\"@type\":\"ListItem\",\"position\":1,\"name\":\"Anasayfa\",\"item\":\"https:\\\/\\\/memurunsesi.net\\\/\"},{\"@type\":\"ListItem\",\"position\":2,\"name\":\"Bursa&#8217;da y\u00fcrek \u0131s\u0131tan g\u00f6r\u00fcnt\u00fcler\"}]},{\"@type\":\"WebSite\",\"@id\":\"https:\\\/\\\/memurunsesi.net\\\/#website\",\"url\":\"https:\\\/\\\/memurunsesi.net\\\/\",\"name\":\"Memurun Sesi\",\"description\":\"G\u00fcncel ve Do\u011fru Haber\",\"publisher\":{\"@id\":\"https:\\\/\\\/memurunsesi.net\\\/#organization\"},\"potentialAction\":[{\"@type\":\"SearchAction\",\"target\":{\"@type\":\"EntryPoint\",\"urlTemplate\":\"https:\\\/\\\/memurunsesi.net\\\/?s={search_term_string}\"},\"query-input\":{\"@type\":\"PropertyValueSpecification\",\"valueRequired\":true,\"valueName\":\"search_term_string\"}}],\"inLanguage\":\"tr\"},{\"@type\":\"Organization\",\"@id\":\"https:\\\/\\\/memurunsesi.net\\\/#organization\",\"name\":\"Memurun Sesi\",\"url\":\"https:\\\/\\\/memurunsesi.net\\\/\",\"logo\":{\"@type\":\"ImageObject\",\"inLanguage\":\"tr\",\"@id\":\"https:\\\/\\\/memurunsesi.net\\\/#\\\/schema\\\/logo\\\/image\\\/\",\"url\":\"https:\\\/\\\/memurunsesi.net\\\/wp-content\\\/uploads\\\/2025\\\/11\\\/cropped-MEMURUN-SESI.png\",\"contentUrl\":\"https:\\\/\\\/memurunsesi.net\\\/wp-content\\\/uploads\\\/2025\\\/11\\\/cropped-MEMURUN-SESI.png\",\"width\":238,\"height\":57,\"caption\":\"Memurun Sesi\"},\"image\":{\"@id\":\"https:\\\/\\\/memurunsesi.net\\\/#\\\/schema\\\/logo\\\/image\\\/\"},\"sameAs\":[\"https:\\\/\\\/www.facebook.com\\\/unipersen\\\/?locale=tr_TR\",\"https:\\\/\\\/x.com\\\/unipersen\"]},{\"@type\":\"Person\",\"@id\":\"https:\\\/\\\/memurunsesi.net\\\/#\\\/schema\\\/person\\\/f21c2d73b89f6ee1d80b0a1803e38587\",\"name\":\"Memurun Sesi Haber Merkezi\",\"image\":{\"@type\":\"ImageObject\",\"inLanguage\":\"tr\",\"@id\":\"https:\\\/\\\/secure.gravatar.com\\\/avatar\\\/6cf0505f452ee753f485014986fab09a434671d2b919ee76fc541025c5876a70?s=96&d=mm&r=g\",\"url\":\"https:\\\/\\\/secure.gravatar.com\\\/avatar\\\/6cf0505f452ee753f485014986fab09a434671d2b919ee76fc541025c5876a70?s=96&d=mm&r=g\",\"contentUrl\":\"https:\\\/\\\/secure.gravatar.com\\\/avatar\\\/6cf0505f452ee753f485014986fab09a434671d2b919ee76fc541025c5876a70?s=96&d=mm&r=g\",\"caption\":\"Memurun Sesi Haber Merkezi\"},\"sameAs\":[\"https:\\\/\\\/memurunsesi.net\"],\"url\":\"https:\\\/\\\/memurunsesi.net\\\/index.php\\\/author\\\/uniper\\\/\"}]}<\/script>\n<!-- \/ Yoast SEO plugin. -->","yoast_head_json":{"title":"Bursa'da y\u00fcrek \u0131s\u0131tan g\u00f6r\u00fcnt\u00fcler - Memurun Sesi","robots":{"index":"index","follow":"follow","max-snippet":"max-snippet:-1","max-image-preview":"max-image-preview:large","max-video-preview":"max-video-preview:-1"},"canonical":"https:\/\/memurunsesi.net\/index.php\/2025\/03\/30\/bursada-yurek-isitan-goruntuler\/","og_locale":"tr_TR","og_type":"article","og_title":"Bursa'da y\u00fcrek \u0131s\u0131tan g\u00f6r\u00fcnt\u00fcler - Memurun Sesi","og_description":"D\u00fc\u015fen sebzeler el birli\u011fiyle topland\u0131 Bursa&#8217;da arac\u0131n kasas\u0131ndan yola d\u00fc\u015fen domatesler, \u00e7evredeki vatanda\u015flar\u0131n yard\u0131m\u0131yla topland\u0131. Y\u00fcrek \u0131s\u0131tan g\u00f6r\u00fcnt\u00fcler saniye saniye amat\u00f6r kameraya yans\u0131d\u0131. Olay, merkez Osmangazi il\u00e7esi Emek Mahallesi&#8217;nde meydana geldi. Ani fren yapan hafif ticari otomobilin kasas\u0131ndan domatesler yola sa\u00e7\u0131ld\u0131. Durumu g\u00f6ren \u00e7evredeki yard\u0131msever vatanda\u015flar, domatesleri el birli\u011fiyle toplayarak sat\u0131c\u0131ya yard\u0131m etti. Y\u00fcrek \u0131s\u0131tan [&hellip;]","og_url":"https:\/\/memurunsesi.net\/index.php\/2025\/03\/30\/bursada-yurek-isitan-goruntuler\/","og_site_name":"Memurun Sesi","article_publisher":"https:\/\/www.facebook.com\/unipersen\/?locale=tr_TR","article_published_time":"2025-03-30T06:39:39+00:00","og_image":[{"width":480,"height":848,"url":"https:\/\/memurunsesi.net\/wp-content\/uploads\/2025\/03\/AW423309_01.jpg","type":"image\/jpeg"}],"author":"Memurun Sesi Haber Merkezi","twitter_card":"summary_large_image","twitter_creator":"@unipersen","twitter_site":"@unipersen","twitter_misc":{"Yazan:":"Memurun Sesi Haber Merkezi"},"schema":{"@context":"https:\/\/schema.org","@graph":[{"@type":"Article","@id":"https:\/\/memurunsesi.net\/index.php\/2025\/03\/30\/bursada-yurek-isitan-goruntuler\/#article","isPartOf":{"@id":"https:\/\/memurunsesi.net\/index.php\/2025\/03\/30\/bursada-yurek-isitan-goruntuler\/"},"author":{"name":"Memurun Sesi Haber Merkezi","@id":"https:\/\/memurunsesi.net\/#\/schema\/person\/f21c2d73b89f6ee1d80b0a1803e38587"},"headline":"Bursa&#8217;da y\u00fcrek \u0131s\u0131tan g\u00f6r\u00fcnt\u00fcler","datePublished":"2025-03-30T06:39:39+00:00","mainEntityOfPage":{"@id":"https:\/\/memurunsesi.net\/index.php\/2025\/03\/30\/bursada-yurek-isitan-goruntuler\/"},"wordCount":103,"commentCount":0,"publisher":{"@id":"https:\/\/memurunsesi.net\/#organization"},"image":{"@id":"https:\/\/memurunsesi.net\/index.php\/2025\/03\/30\/bursada-yurek-isitan-goruntuler\/#primaryimage"},"thumbnailUrl":"https:\/\/memurunsesi.net\/wp-content\/uploads\/2025\/03\/AW423309_01.jpg","articleSection":["G\u00fcndem"],"inLanguage":"tr","potentialAction":[{"@type":"CommentAction","name":"Comment","target":["https:\/\/memurunsesi.net\/index.php\/2025\/03\/30\/bursada-yurek-isitan-goruntuler\/#respond"]}]},{"@type":"WebPage","@id":"https:\/\/memurunsesi.net\/index.php\/2025\/03\/30\/bursada-yurek-isitan-goruntuler\/","url":"https:\/\/memurunsesi.net\/index.php\/2025\/03\/30\/bursada-yurek-isitan-goruntuler\/","name":"Bursa'da y\u00fcrek \u0131s\u0131tan g\u00f6r\u00fcnt\u00fcler - Memurun Sesi","isPartOf":{"@id":"https:\/\/memurunsesi.net\/#website"},"primaryImageOfPage":{"@id":"https:\/\/memurunsesi.net\/index.php\/2025\/03\/30\/bursada-yurek-isitan-goruntuler\/#primaryimage"},"image":{"@id":"https:\/\/memurunsesi.net\/index.php\/2025\/03\/30\/bursada-yurek-isitan-goruntuler\/#primaryimage"},"thumbnailUrl":"https:\/\/memurunsesi.net\/wp-content\/uploads\/2025\/03\/AW423309_01.jpg","datePublished":"2025-03-30T06:39:39+00:00","breadcrumb":{"@id":"https:\/\/memurunsesi.net\/index.php\/2025\/03\/30\/bursada-yurek-isitan-goruntuler\/#breadcrumb"},"inLanguage":"tr","potentialAction":[{"@type":"ReadAction","target":["https:\/\/memurunsesi.net\/index.php\/2025\/03\/30\/bursada-yurek-isitan-goruntuler\/"]}]},{"@type":"ImageObject","inLanguage":"tr","@id":"https:\/\/memurunsesi.net\/index.php\/2025\/03\/30\/bursada-yurek-isitan-goruntuler\/#primaryimage","url":"https:\/\/memurunsesi.net\/wp-content\/uploads\/2025\/03\/AW423309_01.jpg","contentUrl":"https:\/\/memurunsesi.net\/wp-content\/uploads\/2025\/03\/AW423309_01.jpg","width":480,"height":848,"caption":"BURSA'DA ARACIN KASASINDAN YOLA D\u00dc\u015eEN DOMATESLER, \u00c7EVREDEK\u0130 VATANDA\u015eLARIN YARDIMIYLA TOPLANDI. Y\u00dcREK ISITAN G\u00d6R\u00dcNT\u00dcLER SAN\u0130YE SAN\u0130YE AMAT\u00d6R KAMERAYA YANSIDI. (AL\u0130 \u0130HSAN U\u011eUR\/BURSA-\u0130HA) Bursa'da arac\u0131n kasas\u0131ndan yola d\u00fc\u015fen domatesler, \u00e7evredeki vatanda\u015flar\u0131n yard\u0131m\u0131yla topland\u0131. Y\u00fcrek \u0131s\u0131tan g\u00f6r\u00fcnt\u00fcler saniye saniye amat\u00f6r kameraya yans\u0131d\u0131."},{"@type":"BreadcrumbList","@id":"https:\/\/memurunsesi.net\/index.php\/2025\/03\/30\/bursada-yurek-isitan-goruntuler\/#breadcrumb","itemListElement":[{"@type":"ListItem","position":1,"name":"Anasayfa","item":"https:\/\/memurunsesi.net\/"},{"@type":"ListItem","position":2,"name":"Bursa&#8217;da y\u00fcrek \u0131s\u0131tan g\u00f6r\u00fcnt\u00fcler"}]},{"@type":"WebSite","@id":"https:\/\/memurunsesi.net\/#website","url":"https:\/\/memurunsesi.net\/","name":"Memurun Sesi","description":"G\u00fcncel ve Do\u011fru Haber","publisher":{"@id":"https:\/\/memurunsesi.net\/#organization"},"potentialAction":[{"@type":"SearchAction","target":{"@type":"EntryPoint","urlTemplate":"https:\/\/memurunsesi.net\/?s={search_term_string}"},"query-input":{"@type":"PropertyValueSpecification","valueRequired":true,"valueName":"search_term_string"}}],"inLanguage":"tr"},{"@type":"Organization","@id":"https:\/\/memurunsesi.net\/#organization","name":"Memurun Sesi","url":"https:\/\/memurunsesi.net\/","logo":{"@type":"ImageObject","inLanguage":"tr","@id":"https:\/\/memurunsesi.net\/#\/schema\/logo\/image\/","url":"https:\/\/memurunsesi.net\/wp-content\/uploads\/2025\/11\/cropped-MEMURUN-SESI.png","contentUrl":"https:\/\/memurunsesi.net\/wp-content\/uploads\/2025\/11\/cropped-MEMURUN-SESI.png","width":238,"height":57,"caption":"Memurun Sesi"},"image":{"@id":"https:\/\/memurunsesi.net\/#\/schema\/logo\/image\/"},"sameAs":["https:\/\/www.facebook.com\/unipersen\/?locale=tr_TR","https:\/\/x.com\/unipersen"]},{"@type":"Person","@id":"https:\/\/memurunsesi.net\/#\/schema\/person\/f21c2d73b89f6ee1d80b0a1803e38587","name":"Memurun Sesi Haber Merkezi","image":{"@type":"ImageObject","inLanguage":"tr","@id":"https:\/\/secure.gravatar.com\/avatar\/6cf0505f452ee753f485014986fab09a434671d2b919ee76fc541025c5876a70?s=96&d=mm&r=g","url":"https:\/\/secure.gravatar.com\/avatar\/6cf0505f452ee753f485014986fab09a434671d2b919ee76fc541025c5876a70?s=96&d=mm&r=g","contentUrl":"https:\/\/secure.gravatar.com\/avatar\/6cf0505f452ee753f485014986fab09a434671d2b919ee76fc541025c5876a70?s=96&d=mm&r=g","caption":"Memurun Sesi Haber Merkezi"},"sameAs":["https:\/\/memurunsesi.net"],"url":"https:\/\/memurunsesi.net\/index.php\/author\/uniper\/"}]}},"_links":{"self":[{"href":"https:\/\/memurunsesi.net\/index.php\/wp-json\/wp\/v2\/posts\/4555","targetHints":{"allow":["GET"]}}],"collection":[{"href":"https:\/\/memurunsesi.net\/index.php\/wp-json\/wp\/v2\/posts"}],"about":[{"href":"https:\/\/memurunsesi.net\/index.php\/wp-json\/wp\/v2\/types\/post"}],"author":[{"embeddable":true,"href":"https:\/\/memurunsesi.net\/index.php\/wp-json\/wp\/v2\/users\/1"}],"replies":[{"embeddable":true,"href":"https:\/\/memurunsesi.net\/index.php\/wp-json\/wp\/v2\/comments?post=4555"}],"version-history":[{"count":1,"href":"https:\/\/memurunsesi.net\/index.php\/wp-json\/wp\/v2\/posts\/4555\/revisions"}],"predecessor-version":[{"id":4557,"href":"https:\/\/memurunsesi.net\/index.php\/wp-json\/wp\/v2\/posts\/4555\/revisions\/4557"}],"wp:featuredmedia":[{"embeddable":true,"href":"https:\/\/memurunsesi.net\/index.php\/wp-json\/wp\/v2\/media\/4556"}],"wp:attachment":[{"href":"https:\/\/memurunsesi.net\/index.php\/wp-json\/wp\/v2\/media?parent=4555"}],"wp:term":[{"taxonomy":"category","embeddable":true,"href":"https:\/\/memurunsesi.net\/index.php\/wp-json\/wp\/v2\/categories?post=4555"},{"taxonomy":"post_tag","embeddable":true,"href":"https:\/\/memurunsesi.net\/index.php\/wp-json\/wp\/v2\/tags?post=4555"}],"curies":[{"name":"wp","href":"https:\/\/api.w.org\/{rel}","templated":true}]}}