{"id":4558,"date":"2025-03-30T09:53:25","date_gmt":"2025-03-30T06:53:25","guid":{"rendered":"https:\/\/memurunsesi.net\/?p=4558"},"modified":"2025-03-30T09:53:25","modified_gmt":"2025-03-30T06:53:25","slug":"universite-idari-personel-sendikasi-tum-idari-personelin-ramazan-bayramini-kutladi","status":"publish","type":"post","link":"https:\/\/memurunsesi.net\/index.php\/2025\/03\/30\/universite-idari-personel-sendikasi-tum-idari-personelin-ramazan-bayramini-kutladi\/","title":{"rendered":"\u00dcniversite \u0130dari Personel Sendikas\u0131 T\u00fcm idari Personelin Ramazan Bayram\u0131n\u0131 Kutlad\u0131"},"content":{"rendered":"<p>De\u011ferli\u00a0 \u00c7al\u0131\u015fma Arkada\u015flar\u0131m\u0131z,<br \/>\nRamazan ay\u0131n\u0131n feyzi ve bereketiyle ge\u00e7en g\u00fcnlerin ard\u0131ndan, sevgi, sayg\u0131 ve ho\u015fg\u00f6r\u00fc duygular\u0131n\u0131n yo\u011funla\u015ft\u0131\u011f\u0131 m\u00fcbarek Ramazan Bayram\u0131na ula\u015fman\u0131n mutlulu\u011funu ya\u015f\u0131yoruz.<br \/>\nBu vesileyle, \u00dcniversitelerimizin\u00a0 de\u011ferli mensuplar\u0131 olan sizlere ve k\u0131ymetli ailelerinize en kalbi duygular\u0131m\u0131zla bayram\u0131n\u0131z\u0131 kutlar\u0131z.<br \/>\nRamazan ay\u0131 boyunca g\u00f6sterdi\u011finiz \u00f6zveri, sab\u0131r ve gayretli \u00e7al\u0131\u015fmalar\u0131n\u0131z takdire \u015fayand\u0131r. \u015eimdi ise, bu m\u00fcbarek g\u00fcnlerin co\u015fkusunu ve huzurunu hep birlikte ya\u015fama zaman\u0131.<br \/>\nBayram\u0131n, \u00dcniversiteler i\u00e7indeki birlik ve beraberlik ba\u011flar\u0131n\u0131 daha da g\u00fc\u00e7lendirmesini, aram\u0131zdaki dayan\u0131\u015fma ruhunu peki\u015ftirmesini temenni ediyoruz. \u0130n\u015fallah bu bayram, hepimiz i\u00e7in huzur, sa\u011fl\u0131k, mutluluk ve sevdiklerimizle bir arada ge\u00e7irece\u011fimiz g\u00fczel an\u0131larla dolu olur.<br \/>\nBirlikte nice ba\u015far\u0131l\u0131 ve huzurlu g\u00fcnlere ula\u015fmak dile\u011fiyle, Ramazan Bayram\u0131n\u0131z\u0131 en i\u00e7ten dileklerimizle\u00a0 kutluyor, sa\u011fl\u0131k ve esenlikler diliyoruz.<br \/>\nSayg\u0131lar\u0131m\u0131zla,<\/p>\n<p>\u00dcN\u0130PERSEN Y\u00f6netim Kurulu,<\/p>\n<p>30.03.2025<\/p>\n","protected":false},"excerpt":{"rendered":"<p>De\u011ferli\u00a0 \u00c7al\u0131\u015fma Arkada\u015flar\u0131m\u0131z, Ramazan ay\u0131n\u0131n feyzi ve bereketiyle ge\u00e7en g\u00fcnlerin ard\u0131ndan, sevgi, sayg\u0131 ve ho\u015fg\u00f6r\u00fc duygular\u0131n\u0131n yo\u011funla\u015ft\u0131\u011f\u0131 m\u00fcbarek Ramazan Bayram\u0131na ula\u015fman\u0131n mutlulu\u011funu ya\u015f\u0131yoruz. Bu vesileyle, \u00dcniversitelerimizin\u00a0 de\u011ferli mensuplar\u0131 olan sizlere ve k\u0131ymetli ailelerinize en kalbi duygular\u0131m\u0131zla bayram\u0131n\u0131z\u0131 kutlar\u0131z. Ramazan ay\u0131 boyunca g\u00f6sterdi\u011finiz \u00f6zveri, sab\u0131r ve gayretli \u00e7al\u0131\u015fmalar\u0131n\u0131z takdire \u015fayand\u0131r. \u015eimdi ise, bu m\u00fcbarek g\u00fcnlerin co\u015fkusunu [&hellip;]<\/p>\n","protected":false},"author":1,"featured_media":4559,"comment_status":"open","ping_status":"open","sticky":false,"template":"","format":"standard","meta":{"footnotes":""},"categories":[1,47],"tags":[],"class_list":["post-4558","post","type-post","status-publish","format-standard","has-post-thumbnail","hentry","category-genel","category-universiteden-haberler"],"yoast_head":"<!-- This site is optimized with the Yoast SEO plugin v27.4 - https:\/\/yoast.com\/product\/yoast-seo-wordpress\/ -->\n<title>\u00dcniversite \u0130dari Personel Sendikas\u0131 T\u00fcm idari Personelin Ramazan Bayram\u0131n\u0131 Kutlad\u0131 - Memurun Sesi<\/title>\n<meta name=\"robots\" content=\"index, follow, max-snippet:-1, max-image-preview:large, max-video-preview:-1\" \/>\n<link rel=\"canonical\" href=\"https:\/\/memurunsesi.net\/index.php\/2025\/03\/30\/universite-idari-personel-sendikasi-tum-idari-personelin-ramazan-bayramini-kutladi\/\" \/>\n<meta property=\"og:locale\" content=\"tr_TR\" \/>\n<meta property=\"og:type\" content=\"article\" \/>\n<meta property=\"og:title\" content=\"\u00dcniversite \u0130dari Personel Sendikas\u0131 T\u00fcm idari Personelin Ramazan Bayram\u0131n\u0131 Kutlad\u0131 - Memurun Sesi\" \/>\n<meta property=\"og:description\" content=\"De\u011ferli\u00a0 \u00c7al\u0131\u015fma Arkada\u015flar\u0131m\u0131z, Ramazan ay\u0131n\u0131n feyzi ve bereketiyle ge\u00e7en g\u00fcnlerin ard\u0131ndan, sevgi, sayg\u0131 ve ho\u015fg\u00f6r\u00fc duygular\u0131n\u0131n yo\u011funla\u015ft\u0131\u011f\u0131 m\u00fcbarek Ramazan Bayram\u0131na ula\u015fman\u0131n mutlulu\u011funu ya\u015f\u0131yoruz. Bu vesileyle, \u00dcniversitelerimizin\u00a0 de\u011ferli mensuplar\u0131 olan sizlere ve k\u0131ymetli ailelerinize en kalbi duygular\u0131m\u0131zla bayram\u0131n\u0131z\u0131 kutlar\u0131z. Ramazan ay\u0131 boyunca g\u00f6sterdi\u011finiz \u00f6zveri, sab\u0131r ve gayretli \u00e7al\u0131\u015fmalar\u0131n\u0131z takdire \u015fayand\u0131r. \u015eimdi ise, bu m\u00fcbarek g\u00fcnlerin co\u015fkusunu [&hellip;]\" \/>\n<meta property=\"og:url\" content=\"https:\/\/memurunsesi.net\/index.php\/2025\/03\/30\/universite-idari-personel-sendikasi-tum-idari-personelin-ramazan-bayramini-kutladi\/\" \/>\n<meta property=\"og:site_name\" content=\"Memurun Sesi\" \/>\n<meta property=\"article:publisher\" content=\"https:\/\/www.facebook.com\/unipersen\/?locale=tr_TR\" \/>\n<meta property=\"article:published_time\" content=\"2025-03-30T06:53:25+00:00\" \/>\n<meta property=\"og:image\" content=\"https:\/\/memurunsesi.net\/wp-content\/uploads\/2025\/03\/Bayram.jpg\" \/>\n\t<meta property=\"og:image:width\" content=\"412\" \/>\n\t<meta property=\"og:image:height\" content=\"360\" \/>\n\t<meta property=\"og:image:type\" content=\"image\/jpeg\" \/>\n<meta name=\"author\" content=\"Memurun Sesi Haber Merkezi\" \/>\n<meta name=\"twitter:card\" content=\"summary_large_image\" \/>\n<meta name=\"twitter:creator\" content=\"@unipersen\" \/>\n<meta name=\"twitter:site\" content=\"@unipersen\" \/>\n<meta name=\"twitter:label1\" content=\"Yazan:\" \/>\n\t<meta name=\"twitter:data1\" content=\"Memurun Sesi Haber Merkezi\" \/>\n\t<meta name=\"twitter:label2\" content=\"Tahmini okuma s\u00fcresi\" \/>\n\t<meta name=\"twitter:data2\" content=\"1 dakika\" \/>\n<script type=\"application\/ld+json\" class=\"yoast-schema-graph\">{\"@context\":\"https:\\\/\\\/schema.org\",\"@graph\":[{\"@type\":\"Article\",\"@id\":\"https:\\\/\\\/memurunsesi.net\\\/index.php\\\/2025\\\/03\\\/30\\\/universite-idari-personel-sendikasi-tum-idari-personelin-ramazan-bayramini-kutladi\\\/#article\",\"isPartOf\":{\"@id\":\"https:\\\/\\\/memurunsesi.net\\\/index.php\\\/2025\\\/03\\\/30\\\/universite-idari-personel-sendikasi-tum-idari-personelin-ramazan-bayramini-kutladi\\\/\"},\"author\":{\"name\":\"Memurun Sesi Haber Merkezi\",\"@id\":\"https:\\\/\\\/memurunsesi.net\\\/#\\\/schema\\\/person\\\/f21c2d73b89f6ee1d80b0a1803e38587\"},\"headline\":\"\u00dcniversite \u0130dari Personel Sendikas\u0131 T\u00fcm idari Personelin Ramazan Bayram\u0131n\u0131 Kutlad\u0131\",\"datePublished\":\"2025-03-30T06:53:25+00:00\",\"mainEntityOfPage\":{\"@id\":\"https:\\\/\\\/memurunsesi.net\\\/index.php\\\/2025\\\/03\\\/30\\\/universite-idari-personel-sendikasi-tum-idari-personelin-ramazan-bayramini-kutladi\\\/\"},\"wordCount\":199,\"commentCount\":0,\"publisher\":{\"@id\":\"https:\\\/\\\/memurunsesi.net\\\/#organization\"},\"image\":{\"@id\":\"https:\\\/\\\/memurunsesi.net\\\/index.php\\\/2025\\\/03\\\/30\\\/universite-idari-personel-sendikasi-tum-idari-personelin-ramazan-bayramini-kutladi\\\/#primaryimage\"},\"thumbnailUrl\":\"https:\\\/\\\/memurunsesi.net\\\/wp-content\\\/uploads\\\/2025\\\/03\\\/Bayram.jpg\",\"articleSection\":{\"1\":\"\u00dcniversiteden Haberler\"},\"inLanguage\":\"tr\",\"potentialAction\":[{\"@type\":\"CommentAction\",\"name\":\"Comment\",\"target\":[\"https:\\\/\\\/memurunsesi.net\\\/index.php\\\/2025\\\/03\\\/30\\\/universite-idari-personel-sendikasi-tum-idari-personelin-ramazan-bayramini-kutladi\\\/#respond\"]}]},{\"@type\":\"WebPage\",\"@id\":\"https:\\\/\\\/memurunsesi.net\\\/index.php\\\/2025\\\/03\\\/30\\\/universite-idari-personel-sendikasi-tum-idari-personelin-ramazan-bayramini-kutladi\\\/\",\"url\":\"https:\\\/\\\/memurunsesi.net\\\/index.php\\\/2025\\\/03\\\/30\\\/universite-idari-personel-sendikasi-tum-idari-personelin-ramazan-bayramini-kutladi\\\/\",\"name\":\"\u00dcniversite \u0130dari Personel Sendikas\u0131 T\u00fcm idari Personelin Ramazan Bayram\u0131n\u0131 Kutlad\u0131 - Memurun Sesi\",\"isPartOf\":{\"@id\":\"https:\\\/\\\/memurunsesi.net\\\/#website\"},\"primaryImageOfPage\":{\"@id\":\"https:\\\/\\\/memurunsesi.net\\\/index.php\\\/2025\\\/03\\\/30\\\/universite-idari-personel-sendikasi-tum-idari-personelin-ramazan-bayramini-kutladi\\\/#primaryimage\"},\"image\":{\"@id\":\"https:\\\/\\\/memurunsesi.net\\\/index.php\\\/2025\\\/03\\\/30\\\/universite-idari-personel-sendikasi-tum-idari-personelin-ramazan-bayramini-kutladi\\\/#primaryimage\"},\"thumbnailUrl\":\"https:\\\/\\\/memurunsesi.net\\\/wp-content\\\/uploads\\\/2025\\\/03\\\/Bayram.jpg\",\"datePublished\":\"2025-03-30T06:53:25+00:00\",\"breadcrumb\":{\"@id\":\"https:\\\/\\\/memurunsesi.net\\\/index.php\\\/2025\\\/03\\\/30\\\/universite-idari-personel-sendikasi-tum-idari-personelin-ramazan-bayramini-kutladi\\\/#breadcrumb\"},\"inLanguage\":\"tr\",\"potentialAction\":[{\"@type\":\"ReadAction\",\"target\":[\"https:\\\/\\\/memurunsesi.net\\\/index.php\\\/2025\\\/03\\\/30\\\/universite-idari-personel-sendikasi-tum-idari-personelin-ramazan-bayramini-kutladi\\\/\"]}]},{\"@type\":\"ImageObject\",\"inLanguage\":\"tr\",\"@id\":\"https:\\\/\\\/memurunsesi.net\\\/index.php\\\/2025\\\/03\\\/30\\\/universite-idari-personel-sendikasi-tum-idari-personelin-ramazan-bayramini-kutladi\\\/#primaryimage\",\"url\":\"https:\\\/\\\/memurunsesi.net\\\/wp-content\\\/uploads\\\/2025\\\/03\\\/Bayram.jpg\",\"contentUrl\":\"https:\\\/\\\/memurunsesi.net\\\/wp-content\\\/uploads\\\/2025\\\/03\\\/Bayram.jpg\",\"width\":412,\"height\":360},{\"@type\":\"BreadcrumbList\",\"@id\":\"https:\\\/\\\/memurunsesi.net\\\/index.php\\\/2025\\\/03\\\/30\\\/universite-idari-personel-sendikasi-tum-idari-personelin-ramazan-bayramini-kutladi\\\/#breadcrumb\",\"itemListElement\":[{\"@type\":\"ListItem\",\"position\":1,\"name\":\"Anasayfa\",\"item\":\"https:\\\/\\\/memurunsesi.net\\\/\"},{\"@type\":\"ListItem\",\"position\":2,\"name\":\"\u00dcniversite \u0130dari Personel Sendikas\u0131 T\u00fcm idari Personelin Ramazan Bayram\u0131n\u0131 Kutlad\u0131\"}]},{\"@type\":\"WebSite\",\"@id\":\"https:\\\/\\\/memurunsesi.net\\\/#website\",\"url\":\"https:\\\/\\\/memurunsesi.net\\\/\",\"name\":\"Memurun Sesi\",\"description\":\"G\u00fcncel ve Do\u011fru Haber\",\"publisher\":{\"@id\":\"https:\\\/\\\/memurunsesi.net\\\/#organization\"},\"potentialAction\":[{\"@type\":\"SearchAction\",\"target\":{\"@type\":\"EntryPoint\",\"urlTemplate\":\"https:\\\/\\\/memurunsesi.net\\\/?s={search_term_string}\"},\"query-input\":{\"@type\":\"PropertyValueSpecification\",\"valueRequired\":true,\"valueName\":\"search_term_string\"}}],\"inLanguage\":\"tr\"},{\"@type\":\"Organization\",\"@id\":\"https:\\\/\\\/memurunsesi.net\\\/#organization\",\"name\":\"Memurun Sesi\",\"url\":\"https:\\\/\\\/memurunsesi.net\\\/\",\"logo\":{\"@type\":\"ImageObject\",\"inLanguage\":\"tr\",\"@id\":\"https:\\\/\\\/memurunsesi.net\\\/#\\\/schema\\\/logo\\\/image\\\/\",\"url\":\"https:\\\/\\\/memurunsesi.net\\\/wp-content\\\/uploads\\\/2025\\\/11\\\/cropped-MEMURUN-SESI.png\",\"contentUrl\":\"https:\\\/\\\/memurunsesi.net\\\/wp-content\\\/uploads\\\/2025\\\/11\\\/cropped-MEMURUN-SESI.png\",\"width\":238,\"height\":57,\"caption\":\"Memurun Sesi\"},\"image\":{\"@id\":\"https:\\\/\\\/memurunsesi.net\\\/#\\\/schema\\\/logo\\\/image\\\/\"},\"sameAs\":[\"https:\\\/\\\/www.facebook.com\\\/unipersen\\\/?locale=tr_TR\",\"https:\\\/\\\/x.com\\\/unipersen\"]},{\"@type\":\"Person\",\"@id\":\"https:\\\/\\\/memurunsesi.net\\\/#\\\/schema\\\/person\\\/f21c2d73b89f6ee1d80b0a1803e38587\",\"name\":\"Memurun Sesi Haber Merkezi\",\"image\":{\"@type\":\"ImageObject\",\"inLanguage\":\"tr\",\"@id\":\"https:\\\/\\\/secure.gravatar.com\\\/avatar\\\/6cf0505f452ee753f485014986fab09a434671d2b919ee76fc541025c5876a70?s=96&d=mm&r=g\",\"url\":\"https:\\\/\\\/secure.gravatar.com\\\/avatar\\\/6cf0505f452ee753f485014986fab09a434671d2b919ee76fc541025c5876a70?s=96&d=mm&r=g\",\"contentUrl\":\"https:\\\/\\\/secure.gravatar.com\\\/avatar\\\/6cf0505f452ee753f485014986fab09a434671d2b919ee76fc541025c5876a70?s=96&d=mm&r=g\",\"caption\":\"Memurun Sesi Haber Merkezi\"},\"sameAs\":[\"https:\\\/\\\/memurunsesi.net\"],\"url\":\"https:\\\/\\\/memurunsesi.net\\\/index.php\\\/author\\\/uniper\\\/\"}]}<\/script>\n<!-- \/ Yoast SEO plugin. -->","yoast_head_json":{"title":"\u00dcniversite \u0130dari Personel Sendikas\u0131 T\u00fcm idari Personelin Ramazan Bayram\u0131n\u0131 Kutlad\u0131 - Memurun Sesi","robots":{"index":"index","follow":"follow","max-snippet":"max-snippet:-1","max-image-preview":"max-image-preview:large","max-video-preview":"max-video-preview:-1"},"canonical":"https:\/\/memurunsesi.net\/index.php\/2025\/03\/30\/universite-idari-personel-sendikasi-tum-idari-personelin-ramazan-bayramini-kutladi\/","og_locale":"tr_TR","og_type":"article","og_title":"\u00dcniversite \u0130dari Personel Sendikas\u0131 T\u00fcm idari Personelin Ramazan Bayram\u0131n\u0131 Kutlad\u0131 - Memurun Sesi","og_description":"De\u011ferli\u00a0 \u00c7al\u0131\u015fma Arkada\u015flar\u0131m\u0131z, Ramazan ay\u0131n\u0131n feyzi ve bereketiyle ge\u00e7en g\u00fcnlerin ard\u0131ndan, sevgi, sayg\u0131 ve ho\u015fg\u00f6r\u00fc duygular\u0131n\u0131n yo\u011funla\u015ft\u0131\u011f\u0131 m\u00fcbarek Ramazan Bayram\u0131na ula\u015fman\u0131n mutlulu\u011funu ya\u015f\u0131yoruz. Bu vesileyle, \u00dcniversitelerimizin\u00a0 de\u011ferli mensuplar\u0131 olan sizlere ve k\u0131ymetli ailelerinize en kalbi duygular\u0131m\u0131zla bayram\u0131n\u0131z\u0131 kutlar\u0131z. Ramazan ay\u0131 boyunca g\u00f6sterdi\u011finiz \u00f6zveri, sab\u0131r ve gayretli \u00e7al\u0131\u015fmalar\u0131n\u0131z takdire \u015fayand\u0131r. \u015eimdi ise, bu m\u00fcbarek g\u00fcnlerin co\u015fkusunu [&hellip;]","og_url":"https:\/\/memurunsesi.net\/index.php\/2025\/03\/30\/universite-idari-personel-sendikasi-tum-idari-personelin-ramazan-bayramini-kutladi\/","og_site_name":"Memurun Sesi","article_publisher":"https:\/\/www.facebook.com\/unipersen\/?locale=tr_TR","article_published_time":"2025-03-30T06:53:25+00:00","og_image":[{"width":412,"height":360,"url":"https:\/\/memurunsesi.net\/wp-content\/uploads\/2025\/03\/Bayram.jpg","type":"image\/jpeg"}],"author":"Memurun Sesi Haber Merkezi","twitter_card":"summary_large_image","twitter_creator":"@unipersen","twitter_site":"@unipersen","twitter_misc":{"Yazan:":"Memurun Sesi Haber Merkezi","Tahmini okuma s\u00fcresi":"1 dakika"},"schema":{"@context":"https:\/\/schema.org","@graph":[{"@type":"Article","@id":"https:\/\/memurunsesi.net\/index.php\/2025\/03\/30\/universite-idari-personel-sendikasi-tum-idari-personelin-ramazan-bayramini-kutladi\/#article","isPartOf":{"@id":"https:\/\/memurunsesi.net\/index.php\/2025\/03\/30\/universite-idari-personel-sendikasi-tum-idari-personelin-ramazan-bayramini-kutladi\/"},"author":{"name":"Memurun Sesi Haber Merkezi","@id":"https:\/\/memurunsesi.net\/#\/schema\/person\/f21c2d73b89f6ee1d80b0a1803e38587"},"headline":"\u00dcniversite \u0130dari Personel Sendikas\u0131 T\u00fcm idari Personelin Ramazan Bayram\u0131n\u0131 Kutlad\u0131","datePublished":"2025-03-30T06:53:25+00:00","mainEntityOfPage":{"@id":"https:\/\/memurunsesi.net\/index.php\/2025\/03\/30\/universite-idari-personel-sendikasi-tum-idari-personelin-ramazan-bayramini-kutladi\/"},"wordCount":199,"commentCount":0,"publisher":{"@id":"https:\/\/memurunsesi.net\/#organization"},"image":{"@id":"https:\/\/memurunsesi.net\/index.php\/2025\/03\/30\/universite-idari-personel-sendikasi-tum-idari-personelin-ramazan-bayramini-kutladi\/#primaryimage"},"thumbnailUrl":"https:\/\/memurunsesi.net\/wp-content\/uploads\/2025\/03\/Bayram.jpg","articleSection":{"1":"\u00dcniversiteden Haberler"},"inLanguage":"tr","potentialAction":[{"@type":"CommentAction","name":"Comment","target":["https:\/\/memurunsesi.net\/index.php\/2025\/03\/30\/universite-idari-personel-sendikasi-tum-idari-personelin-ramazan-bayramini-kutladi\/#respond"]}]},{"@type":"WebPage","@id":"https:\/\/memurunsesi.net\/index.php\/2025\/03\/30\/universite-idari-personel-sendikasi-tum-idari-personelin-ramazan-bayramini-kutladi\/","url":"https:\/\/memurunsesi.net\/index.php\/2025\/03\/30\/universite-idari-personel-sendikasi-tum-idari-personelin-ramazan-bayramini-kutladi\/","name":"\u00dcniversite \u0130dari Personel Sendikas\u0131 T\u00fcm idari Personelin Ramazan Bayram\u0131n\u0131 Kutlad\u0131 - Memurun Sesi","isPartOf":{"@id":"https:\/\/memurunsesi.net\/#website"},"primaryImageOfPage":{"@id":"https:\/\/memurunsesi.net\/index.php\/2025\/03\/30\/universite-idari-personel-sendikasi-tum-idari-personelin-ramazan-bayramini-kutladi\/#primaryimage"},"image":{"@id":"https:\/\/memurunsesi.net\/index.php\/2025\/03\/30\/universite-idari-personel-sendikasi-tum-idari-personelin-ramazan-bayramini-kutladi\/#primaryimage"},"thumbnailUrl":"https:\/\/memurunsesi.net\/wp-content\/uploads\/2025\/03\/Bayram.jpg","datePublished":"2025-03-30T06:53:25+00:00","breadcrumb":{"@id":"https:\/\/memurunsesi.net\/index.php\/2025\/03\/30\/universite-idari-personel-sendikasi-tum-idari-personelin-ramazan-bayramini-kutladi\/#breadcrumb"},"inLanguage":"tr","potentialAction":[{"@type":"ReadAction","target":["https:\/\/memurunsesi.net\/index.php\/2025\/03\/30\/universite-idari-personel-sendikasi-tum-idari-personelin-ramazan-bayramini-kutladi\/"]}]},{"@type":"ImageObject","inLanguage":"tr","@id":"https:\/\/memurunsesi.net\/index.php\/2025\/03\/30\/universite-idari-personel-sendikasi-tum-idari-personelin-ramazan-bayramini-kutladi\/#primaryimage","url":"https:\/\/memurunsesi.net\/wp-content\/uploads\/2025\/03\/Bayram.jpg","contentUrl":"https:\/\/memurunsesi.net\/wp-content\/uploads\/2025\/03\/Bayram.jpg","width":412,"height":360},{"@type":"BreadcrumbList","@id":"https:\/\/memurunsesi.net\/index.php\/2025\/03\/30\/universite-idari-personel-sendikasi-tum-idari-personelin-ramazan-bayramini-kutladi\/#breadcrumb","itemListElement":[{"@type":"ListItem","position":1,"name":"Anasayfa","item":"https:\/\/memurunsesi.net\/"},{"@type":"ListItem","position":2,"name":"\u00dcniversite \u0130dari Personel Sendikas\u0131 T\u00fcm idari Personelin Ramazan Bayram\u0131n\u0131 Kutlad\u0131"}]},{"@type":"WebSite","@id":"https:\/\/memurunsesi.net\/#website","url":"https:\/\/memurunsesi.net\/","name":"Memurun Sesi","description":"G\u00fcncel ve Do\u011fru Haber","publisher":{"@id":"https:\/\/memurunsesi.net\/#organization"},"potentialAction":[{"@type":"SearchAction","target":{"@type":"EntryPoint","urlTemplate":"https:\/\/memurunsesi.net\/?s={search_term_string}"},"query-input":{"@type":"PropertyValueSpecification","valueRequired":true,"valueName":"search_term_string"}}],"inLanguage":"tr"},{"@type":"Organization","@id":"https:\/\/memurunsesi.net\/#organization","name":"Memurun Sesi","url":"https:\/\/memurunsesi.net\/","logo":{"@type":"ImageObject","inLanguage":"tr","@id":"https:\/\/memurunsesi.net\/#\/schema\/logo\/image\/","url":"https:\/\/memurunsesi.net\/wp-content\/uploads\/2025\/11\/cropped-MEMURUN-SESI.png","contentUrl":"https:\/\/memurunsesi.net\/wp-content\/uploads\/2025\/11\/cropped-MEMURUN-SESI.png","width":238,"height":57,"caption":"Memurun Sesi"},"image":{"@id":"https:\/\/memurunsesi.net\/#\/schema\/logo\/image\/"},"sameAs":["https:\/\/www.facebook.com\/unipersen\/?locale=tr_TR","https:\/\/x.com\/unipersen"]},{"@type":"Person","@id":"https:\/\/memurunsesi.net\/#\/schema\/person\/f21c2d73b89f6ee1d80b0a1803e38587","name":"Memurun Sesi Haber Merkezi","image":{"@type":"ImageObject","inLanguage":"tr","@id":"https:\/\/secure.gravatar.com\/avatar\/6cf0505f452ee753f485014986fab09a434671d2b919ee76fc541025c5876a70?s=96&d=mm&r=g","url":"https:\/\/secure.gravatar.com\/avatar\/6cf0505f452ee753f485014986fab09a434671d2b919ee76fc541025c5876a70?s=96&d=mm&r=g","contentUrl":"https:\/\/secure.gravatar.com\/avatar\/6cf0505f452ee753f485014986fab09a434671d2b919ee76fc541025c5876a70?s=96&d=mm&r=g","caption":"Memurun Sesi Haber Merkezi"},"sameAs":["https:\/\/memurunsesi.net"],"url":"https:\/\/memurunsesi.net\/index.php\/author\/uniper\/"}]}},"_links":{"self":[{"href":"https:\/\/memurunsesi.net\/index.php\/wp-json\/wp\/v2\/posts\/4558","targetHints":{"allow":["GET"]}}],"collection":[{"href":"https:\/\/memurunsesi.net\/index.php\/wp-json\/wp\/v2\/posts"}],"about":[{"href":"https:\/\/memurunsesi.net\/index.php\/wp-json\/wp\/v2\/types\/post"}],"author":[{"embeddable":true,"href":"https:\/\/memurunsesi.net\/index.php\/wp-json\/wp\/v2\/users\/1"}],"replies":[{"embeddable":true,"href":"https:\/\/memurunsesi.net\/index.php\/wp-json\/wp\/v2\/comments?post=4558"}],"version-history":[{"count":1,"href":"https:\/\/memurunsesi.net\/index.php\/wp-json\/wp\/v2\/posts\/4558\/revisions"}],"predecessor-version":[{"id":4560,"href":"https:\/\/memurunsesi.net\/index.php\/wp-json\/wp\/v2\/posts\/4558\/revisions\/4560"}],"wp:featuredmedia":[{"embeddable":true,"href":"https:\/\/memurunsesi.net\/index.php\/wp-json\/wp\/v2\/media\/4559"}],"wp:attachment":[{"href":"https:\/\/memurunsesi.net\/index.php\/wp-json\/wp\/v2\/media?parent=4558"}],"wp:term":[{"taxonomy":"category","embeddable":true,"href":"https:\/\/memurunsesi.net\/index.php\/wp-json\/wp\/v2\/categories?post=4558"},{"taxonomy":"post_tag","embeddable":true,"href":"https:\/\/memurunsesi.net\/index.php\/wp-json\/wp\/v2\/tags?post=4558"}],"curies":[{"name":"wp","href":"https:\/\/api.w.org\/{rel}","templated":true}]}}