{"id":4561,"date":"2025-03-31T08:50:58","date_gmt":"2025-03-31T05:50:58","guid":{"rendered":"https:\/\/memurunsesi.net\/?p=4561"},"modified":"2025-03-31T08:50:58","modified_gmt":"2025-03-31T05:50:58","slug":"vali-celikten-uygulama-noktalarina-bayram-ziyareti","status":"publish","type":"post","link":"https:\/\/memurunsesi.net\/index.php\/2025\/03\/31\/vali-celikten-uygulama-noktalarina-bayram-ziyareti\/","title":{"rendered":"Vali \u00c7elik&#8217;ten uygulama noktalar\u0131na bayram ziyareti"},"content":{"rendered":"<p>Ni\u011fde Valisi Cahit \u00c7elik, Ramazan Bayram\u0131 dolay\u0131s\u0131yla uygulama noktalar\u0131nda g\u00fcvenlik personeli ve vatanda\u015flarla bir araya gelerek bayramla\u015ft\u0131.<br \/>\nNi\u011fde-Kayseri kara yolunda bulunan uygulama noktas\u0131n\u0131 ziyaret eden Vali \u00c7elik, g\u00f6revli personelle g\u00f6r\u00fc\u015ferek \u00e7al\u0131\u015fmalar hakk\u0131nda bilgi ald\u0131. Vali \u00c7elik, beraberinde \u0130l Emniyet M\u00fcd\u00fcr\u00fc Y\u0131lmaz Delen ve \u0130l Jandarma Komutan\u0131 Albay G\u00fcrol Okyar ile birlikte denetim noktas\u0131nda durdurulan ara\u00e7lardaki s\u00fcr\u00fcc\u00fcler ve yolcularla bayramla\u015farak \u015feker ve kolonya ikram ederek \u00e7ocuklara hediye verdi.<br \/>\nTrafik kurallar\u0131n\u0131n \u00f6nemine dikkat \u00e7eken Vali \u00c7elik, s\u00fcr\u00fcc\u00fclerden emniyet kemeri takmalar\u0131n\u0131 ve h\u0131z kurallar\u0131na uymalar\u0131n\u0131 istedi.<\/p>\n<p>31.03.2025<\/p>\n","protected":false},"excerpt":{"rendered":"<p>Ni\u011fde Valisi Cahit \u00c7elik, Ramazan Bayram\u0131 dolay\u0131s\u0131yla uygulama noktalar\u0131nda g\u00fcvenlik personeli ve vatanda\u015flarla bir araya gelerek bayramla\u015ft\u0131. Ni\u011fde-Kayseri kara yolunda bulunan uygulama noktas\u0131n\u0131 ziyaret eden Vali \u00c7elik, g\u00f6revli personelle g\u00f6r\u00fc\u015ferek \u00e7al\u0131\u015fmalar hakk\u0131nda bilgi ald\u0131. Vali \u00c7elik, beraberinde \u0130l Emniyet M\u00fcd\u00fcr\u00fc Y\u0131lmaz Delen ve \u0130l Jandarma Komutan\u0131 Albay G\u00fcrol Okyar ile birlikte denetim noktas\u0131nda durdurulan ara\u00e7lardaki [&hellip;]<\/p>\n","protected":false},"author":1,"featured_media":4562,"comment_status":"open","ping_status":"open","sticky":false,"template":"","format":"standard","meta":{"footnotes":""},"categories":[1],"tags":[],"class_list":["post-4561","post","type-post","status-publish","format-standard","has-post-thumbnail","hentry","category-genel"],"yoast_head":"<!-- This site is optimized with the Yoast SEO plugin v27.4 - https:\/\/yoast.com\/product\/yoast-seo-wordpress\/ -->\n<title>Vali \u00c7elik&#039;ten uygulama noktalar\u0131na bayram ziyareti - Memurun Sesi<\/title>\n<meta name=\"robots\" content=\"index, follow, max-snippet:-1, max-image-preview:large, max-video-preview:-1\" \/>\n<link rel=\"canonical\" href=\"https:\/\/memurunsesi.net\/index.php\/2025\/03\/31\/vali-celikten-uygulama-noktalarina-bayram-ziyareti\/\" \/>\n<meta property=\"og:locale\" content=\"tr_TR\" \/>\n<meta property=\"og:type\" content=\"article\" \/>\n<meta property=\"og:title\" content=\"Vali \u00c7elik&#039;ten uygulama noktalar\u0131na bayram ziyareti - Memurun Sesi\" \/>\n<meta property=\"og:description\" content=\"Ni\u011fde Valisi Cahit \u00c7elik, Ramazan Bayram\u0131 dolay\u0131s\u0131yla uygulama noktalar\u0131nda g\u00fcvenlik personeli ve vatanda\u015flarla bir araya gelerek bayramla\u015ft\u0131. Ni\u011fde-Kayseri kara yolunda bulunan uygulama noktas\u0131n\u0131 ziyaret eden Vali \u00c7elik, g\u00f6revli personelle g\u00f6r\u00fc\u015ferek \u00e7al\u0131\u015fmalar hakk\u0131nda bilgi ald\u0131. Vali \u00c7elik, beraberinde \u0130l Emniyet M\u00fcd\u00fcr\u00fc Y\u0131lmaz Delen ve \u0130l Jandarma Komutan\u0131 Albay G\u00fcrol Okyar ile birlikte denetim noktas\u0131nda durdurulan ara\u00e7lardaki [&hellip;]\" \/>\n<meta property=\"og:url\" content=\"https:\/\/memurunsesi.net\/index.php\/2025\/03\/31\/vali-celikten-uygulama-noktalarina-bayram-ziyareti\/\" \/>\n<meta property=\"og:site_name\" content=\"Memurun Sesi\" \/>\n<meta property=\"article:publisher\" content=\"https:\/\/www.facebook.com\/unipersen\/?locale=tr_TR\" \/>\n<meta property=\"article:published_time\" content=\"2025-03-31T05:50:58+00:00\" \/>\n<meta property=\"og:image\" content=\"https:\/\/memurunsesi.net\/wp-content\/uploads\/2025\/03\/AW423712_02-scaled.jpg\" \/>\n\t<meta property=\"og:image:width\" content=\"2560\" \/>\n\t<meta property=\"og:image:height\" content=\"1707\" \/>\n\t<meta property=\"og:image:type\" content=\"image\/jpeg\" \/>\n<meta name=\"author\" content=\"Memurun Sesi Haber Merkezi\" \/>\n<meta name=\"twitter:card\" content=\"summary_large_image\" \/>\n<meta name=\"twitter:creator\" content=\"@unipersen\" \/>\n<meta name=\"twitter:site\" content=\"@unipersen\" \/>\n<meta name=\"twitter:label1\" content=\"Yazan:\" \/>\n\t<meta name=\"twitter:data1\" content=\"Memurun Sesi Haber Merkezi\" \/>\n\t<meta name=\"twitter:label2\" content=\"Tahmini okuma s\u00fcresi\" \/>\n\t<meta name=\"twitter:data2\" content=\"1 dakika\" \/>\n<script type=\"application\/ld+json\" class=\"yoast-schema-graph\">{\"@context\":\"https:\\\/\\\/schema.org\",\"@graph\":[{\"@type\":\"Article\",\"@id\":\"https:\\\/\\\/memurunsesi.net\\\/index.php\\\/2025\\\/03\\\/31\\\/vali-celikten-uygulama-noktalarina-bayram-ziyareti\\\/#article\",\"isPartOf\":{\"@id\":\"https:\\\/\\\/memurunsesi.net\\\/index.php\\\/2025\\\/03\\\/31\\\/vali-celikten-uygulama-noktalarina-bayram-ziyareti\\\/\"},\"author\":{\"name\":\"Memurun Sesi Haber Merkezi\",\"@id\":\"https:\\\/\\\/memurunsesi.net\\\/#\\\/schema\\\/person\\\/f21c2d73b89f6ee1d80b0a1803e38587\"},\"headline\":\"Vali \u00c7elik&#8217;ten uygulama noktalar\u0131na bayram ziyareti\",\"datePublished\":\"2025-03-31T05:50:58+00:00\",\"mainEntityOfPage\":{\"@id\":\"https:\\\/\\\/memurunsesi.net\\\/index.php\\\/2025\\\/03\\\/31\\\/vali-celikten-uygulama-noktalarina-bayram-ziyareti\\\/\"},\"wordCount\":124,\"commentCount\":0,\"publisher\":{\"@id\":\"https:\\\/\\\/memurunsesi.net\\\/#organization\"},\"image\":{\"@id\":\"https:\\\/\\\/memurunsesi.net\\\/index.php\\\/2025\\\/03\\\/31\\\/vali-celikten-uygulama-noktalarina-bayram-ziyareti\\\/#primaryimage\"},\"thumbnailUrl\":\"https:\\\/\\\/memurunsesi.net\\\/wp-content\\\/uploads\\\/2025\\\/03\\\/AW423712_02-scaled.jpg\",\"inLanguage\":\"tr\",\"potentialAction\":[{\"@type\":\"CommentAction\",\"name\":\"Comment\",\"target\":[\"https:\\\/\\\/memurunsesi.net\\\/index.php\\\/2025\\\/03\\\/31\\\/vali-celikten-uygulama-noktalarina-bayram-ziyareti\\\/#respond\"]}]},{\"@type\":\"WebPage\",\"@id\":\"https:\\\/\\\/memurunsesi.net\\\/index.php\\\/2025\\\/03\\\/31\\\/vali-celikten-uygulama-noktalarina-bayram-ziyareti\\\/\",\"url\":\"https:\\\/\\\/memurunsesi.net\\\/index.php\\\/2025\\\/03\\\/31\\\/vali-celikten-uygulama-noktalarina-bayram-ziyareti\\\/\",\"name\":\"Vali \u00c7elik'ten uygulama noktalar\u0131na bayram ziyareti - Memurun Sesi\",\"isPartOf\":{\"@id\":\"https:\\\/\\\/memurunsesi.net\\\/#website\"},\"primaryImageOfPage\":{\"@id\":\"https:\\\/\\\/memurunsesi.net\\\/index.php\\\/2025\\\/03\\\/31\\\/vali-celikten-uygulama-noktalarina-bayram-ziyareti\\\/#primaryimage\"},\"image\":{\"@id\":\"https:\\\/\\\/memurunsesi.net\\\/index.php\\\/2025\\\/03\\\/31\\\/vali-celikten-uygulama-noktalarina-bayram-ziyareti\\\/#primaryimage\"},\"thumbnailUrl\":\"https:\\\/\\\/memurunsesi.net\\\/wp-content\\\/uploads\\\/2025\\\/03\\\/AW423712_02-scaled.jpg\",\"datePublished\":\"2025-03-31T05:50:58+00:00\",\"breadcrumb\":{\"@id\":\"https:\\\/\\\/memurunsesi.net\\\/index.php\\\/2025\\\/03\\\/31\\\/vali-celikten-uygulama-noktalarina-bayram-ziyareti\\\/#breadcrumb\"},\"inLanguage\":\"tr\",\"potentialAction\":[{\"@type\":\"ReadAction\",\"target\":[\"https:\\\/\\\/memurunsesi.net\\\/index.php\\\/2025\\\/03\\\/31\\\/vali-celikten-uygulama-noktalarina-bayram-ziyareti\\\/\"]}]},{\"@type\":\"ImageObject\",\"inLanguage\":\"tr\",\"@id\":\"https:\\\/\\\/memurunsesi.net\\\/index.php\\\/2025\\\/03\\\/31\\\/vali-celikten-uygulama-noktalarina-bayram-ziyareti\\\/#primaryimage\",\"url\":\"https:\\\/\\\/memurunsesi.net\\\/wp-content\\\/uploads\\\/2025\\\/03\\\/AW423712_02-scaled.jpg\",\"contentUrl\":\"https:\\\/\\\/memurunsesi.net\\\/wp-content\\\/uploads\\\/2025\\\/03\\\/AW423712_02-scaled.jpg\",\"width\":2560,\"height\":1707,\"caption\":\"N\u0130\u011eDE VAL\u0130S\u0130 CAH\u0130T \u00c7EL\u0130K, RAMAZAN BAYRAMI DOLAYISIYLA UYGULAMA NOKTALARINDA G\u00dcVENL\u0130K PERSONEL\u0130 VE VATANDA\u015eLARLA B\u0130R ARAYA GELEREK BAYRAMLA\u015eTI. (SEMA TEKEL\u0130\\\/N\u0130\u011eDE-\u0130HA) Ni\u011fde Valisi Cahit \u00c7elik, Ramazan Bayram\u0131 dolay\u0131s\u0131yla uygulama noktalar\u0131nda g\u00fcvenlik personeli ve vatanda\u015flarla bir araya gelerek bayramla\u015ft\u0131.\"},{\"@type\":\"BreadcrumbList\",\"@id\":\"https:\\\/\\\/memurunsesi.net\\\/index.php\\\/2025\\\/03\\\/31\\\/vali-celikten-uygulama-noktalarina-bayram-ziyareti\\\/#breadcrumb\",\"itemListElement\":[{\"@type\":\"ListItem\",\"position\":1,\"name\":\"Anasayfa\",\"item\":\"https:\\\/\\\/memurunsesi.net\\\/\"},{\"@type\":\"ListItem\",\"position\":2,\"name\":\"Vali \u00c7elik&#8217;ten uygulama noktalar\u0131na bayram ziyareti\"}]},{\"@type\":\"WebSite\",\"@id\":\"https:\\\/\\\/memurunsesi.net\\\/#website\",\"url\":\"https:\\\/\\\/memurunsesi.net\\\/\",\"name\":\"Memurun Sesi\",\"description\":\"G\u00fcncel ve Do\u011fru Haber\",\"publisher\":{\"@id\":\"https:\\\/\\\/memurunsesi.net\\\/#organization\"},\"potentialAction\":[{\"@type\":\"SearchAction\",\"target\":{\"@type\":\"EntryPoint\",\"urlTemplate\":\"https:\\\/\\\/memurunsesi.net\\\/?s={search_term_string}\"},\"query-input\":{\"@type\":\"PropertyValueSpecification\",\"valueRequired\":true,\"valueName\":\"search_term_string\"}}],\"inLanguage\":\"tr\"},{\"@type\":\"Organization\",\"@id\":\"https:\\\/\\\/memurunsesi.net\\\/#organization\",\"name\":\"Memurun Sesi\",\"url\":\"https:\\\/\\\/memurunsesi.net\\\/\",\"logo\":{\"@type\":\"ImageObject\",\"inLanguage\":\"tr\",\"@id\":\"https:\\\/\\\/memurunsesi.net\\\/#\\\/schema\\\/logo\\\/image\\\/\",\"url\":\"https:\\\/\\\/memurunsesi.net\\\/wp-content\\\/uploads\\\/2025\\\/11\\\/cropped-MEMURUN-SESI.png\",\"contentUrl\":\"https:\\\/\\\/memurunsesi.net\\\/wp-content\\\/uploads\\\/2025\\\/11\\\/cropped-MEMURUN-SESI.png\",\"width\":238,\"height\":57,\"caption\":\"Memurun Sesi\"},\"image\":{\"@id\":\"https:\\\/\\\/memurunsesi.net\\\/#\\\/schema\\\/logo\\\/image\\\/\"},\"sameAs\":[\"https:\\\/\\\/www.facebook.com\\\/unipersen\\\/?locale=tr_TR\",\"https:\\\/\\\/x.com\\\/unipersen\"]},{\"@type\":\"Person\",\"@id\":\"https:\\\/\\\/memurunsesi.net\\\/#\\\/schema\\\/person\\\/f21c2d73b89f6ee1d80b0a1803e38587\",\"name\":\"Memurun Sesi Haber Merkezi\",\"image\":{\"@type\":\"ImageObject\",\"inLanguage\":\"tr\",\"@id\":\"https:\\\/\\\/secure.gravatar.com\\\/avatar\\\/6cf0505f452ee753f485014986fab09a434671d2b919ee76fc541025c5876a70?s=96&d=mm&r=g\",\"url\":\"https:\\\/\\\/secure.gravatar.com\\\/avatar\\\/6cf0505f452ee753f485014986fab09a434671d2b919ee76fc541025c5876a70?s=96&d=mm&r=g\",\"contentUrl\":\"https:\\\/\\\/secure.gravatar.com\\\/avatar\\\/6cf0505f452ee753f485014986fab09a434671d2b919ee76fc541025c5876a70?s=96&d=mm&r=g\",\"caption\":\"Memurun Sesi Haber Merkezi\"},\"sameAs\":[\"https:\\\/\\\/memurunsesi.net\"],\"url\":\"https:\\\/\\\/memurunsesi.net\\\/index.php\\\/author\\\/uniper\\\/\"}]}<\/script>\n<!-- \/ Yoast SEO plugin. -->","yoast_head_json":{"title":"Vali \u00c7elik'ten uygulama noktalar\u0131na bayram ziyareti - Memurun Sesi","robots":{"index":"index","follow":"follow","max-snippet":"max-snippet:-1","max-image-preview":"max-image-preview:large","max-video-preview":"max-video-preview:-1"},"canonical":"https:\/\/memurunsesi.net\/index.php\/2025\/03\/31\/vali-celikten-uygulama-noktalarina-bayram-ziyareti\/","og_locale":"tr_TR","og_type":"article","og_title":"Vali \u00c7elik'ten uygulama noktalar\u0131na bayram ziyareti - Memurun Sesi","og_description":"Ni\u011fde Valisi Cahit \u00c7elik, Ramazan Bayram\u0131 dolay\u0131s\u0131yla uygulama noktalar\u0131nda g\u00fcvenlik personeli ve vatanda\u015flarla bir araya gelerek bayramla\u015ft\u0131. Ni\u011fde-Kayseri kara yolunda bulunan uygulama noktas\u0131n\u0131 ziyaret eden Vali \u00c7elik, g\u00f6revli personelle g\u00f6r\u00fc\u015ferek \u00e7al\u0131\u015fmalar hakk\u0131nda bilgi ald\u0131. Vali \u00c7elik, beraberinde \u0130l Emniyet M\u00fcd\u00fcr\u00fc Y\u0131lmaz Delen ve \u0130l Jandarma Komutan\u0131 Albay G\u00fcrol Okyar ile birlikte denetim noktas\u0131nda durdurulan ara\u00e7lardaki [&hellip;]","og_url":"https:\/\/memurunsesi.net\/index.php\/2025\/03\/31\/vali-celikten-uygulama-noktalarina-bayram-ziyareti\/","og_site_name":"Memurun Sesi","article_publisher":"https:\/\/www.facebook.com\/unipersen\/?locale=tr_TR","article_published_time":"2025-03-31T05:50:58+00:00","og_image":[{"width":2560,"height":1707,"url":"https:\/\/memurunsesi.net\/wp-content\/uploads\/2025\/03\/AW423712_02-scaled.jpg","type":"image\/jpeg"}],"author":"Memurun Sesi Haber Merkezi","twitter_card":"summary_large_image","twitter_creator":"@unipersen","twitter_site":"@unipersen","twitter_misc":{"Yazan:":"Memurun Sesi Haber Merkezi","Tahmini okuma s\u00fcresi":"1 dakika"},"schema":{"@context":"https:\/\/schema.org","@graph":[{"@type":"Article","@id":"https:\/\/memurunsesi.net\/index.php\/2025\/03\/31\/vali-celikten-uygulama-noktalarina-bayram-ziyareti\/#article","isPartOf":{"@id":"https:\/\/memurunsesi.net\/index.php\/2025\/03\/31\/vali-celikten-uygulama-noktalarina-bayram-ziyareti\/"},"author":{"name":"Memurun Sesi Haber Merkezi","@id":"https:\/\/memurunsesi.net\/#\/schema\/person\/f21c2d73b89f6ee1d80b0a1803e38587"},"headline":"Vali \u00c7elik&#8217;ten uygulama noktalar\u0131na bayram ziyareti","datePublished":"2025-03-31T05:50:58+00:00","mainEntityOfPage":{"@id":"https:\/\/memurunsesi.net\/index.php\/2025\/03\/31\/vali-celikten-uygulama-noktalarina-bayram-ziyareti\/"},"wordCount":124,"commentCount":0,"publisher":{"@id":"https:\/\/memurunsesi.net\/#organization"},"image":{"@id":"https:\/\/memurunsesi.net\/index.php\/2025\/03\/31\/vali-celikten-uygulama-noktalarina-bayram-ziyareti\/#primaryimage"},"thumbnailUrl":"https:\/\/memurunsesi.net\/wp-content\/uploads\/2025\/03\/AW423712_02-scaled.jpg","inLanguage":"tr","potentialAction":[{"@type":"CommentAction","name":"Comment","target":["https:\/\/memurunsesi.net\/index.php\/2025\/03\/31\/vali-celikten-uygulama-noktalarina-bayram-ziyareti\/#respond"]}]},{"@type":"WebPage","@id":"https:\/\/memurunsesi.net\/index.php\/2025\/03\/31\/vali-celikten-uygulama-noktalarina-bayram-ziyareti\/","url":"https:\/\/memurunsesi.net\/index.php\/2025\/03\/31\/vali-celikten-uygulama-noktalarina-bayram-ziyareti\/","name":"Vali \u00c7elik'ten uygulama noktalar\u0131na bayram ziyareti - Memurun Sesi","isPartOf":{"@id":"https:\/\/memurunsesi.net\/#website"},"primaryImageOfPage":{"@id":"https:\/\/memurunsesi.net\/index.php\/2025\/03\/31\/vali-celikten-uygulama-noktalarina-bayram-ziyareti\/#primaryimage"},"image":{"@id":"https:\/\/memurunsesi.net\/index.php\/2025\/03\/31\/vali-celikten-uygulama-noktalarina-bayram-ziyareti\/#primaryimage"},"thumbnailUrl":"https:\/\/memurunsesi.net\/wp-content\/uploads\/2025\/03\/AW423712_02-scaled.jpg","datePublished":"2025-03-31T05:50:58+00:00","breadcrumb":{"@id":"https:\/\/memurunsesi.net\/index.php\/2025\/03\/31\/vali-celikten-uygulama-noktalarina-bayram-ziyareti\/#breadcrumb"},"inLanguage":"tr","potentialAction":[{"@type":"ReadAction","target":["https:\/\/memurunsesi.net\/index.php\/2025\/03\/31\/vali-celikten-uygulama-noktalarina-bayram-ziyareti\/"]}]},{"@type":"ImageObject","inLanguage":"tr","@id":"https:\/\/memurunsesi.net\/index.php\/2025\/03\/31\/vali-celikten-uygulama-noktalarina-bayram-ziyareti\/#primaryimage","url":"https:\/\/memurunsesi.net\/wp-content\/uploads\/2025\/03\/AW423712_02-scaled.jpg","contentUrl":"https:\/\/memurunsesi.net\/wp-content\/uploads\/2025\/03\/AW423712_02-scaled.jpg","width":2560,"height":1707,"caption":"N\u0130\u011eDE VAL\u0130S\u0130 CAH\u0130T \u00c7EL\u0130K, RAMAZAN BAYRAMI DOLAYISIYLA UYGULAMA NOKTALARINDA G\u00dcVENL\u0130K PERSONEL\u0130 VE VATANDA\u015eLARLA B\u0130R ARAYA GELEREK BAYRAMLA\u015eTI. (SEMA TEKEL\u0130\/N\u0130\u011eDE-\u0130HA) Ni\u011fde Valisi Cahit \u00c7elik, Ramazan Bayram\u0131 dolay\u0131s\u0131yla uygulama noktalar\u0131nda g\u00fcvenlik personeli ve vatanda\u015flarla bir araya gelerek bayramla\u015ft\u0131."},{"@type":"BreadcrumbList","@id":"https:\/\/memurunsesi.net\/index.php\/2025\/03\/31\/vali-celikten-uygulama-noktalarina-bayram-ziyareti\/#breadcrumb","itemListElement":[{"@type":"ListItem","position":1,"name":"Anasayfa","item":"https:\/\/memurunsesi.net\/"},{"@type":"ListItem","position":2,"name":"Vali \u00c7elik&#8217;ten uygulama noktalar\u0131na bayram ziyareti"}]},{"@type":"WebSite","@id":"https:\/\/memurunsesi.net\/#website","url":"https:\/\/memurunsesi.net\/","name":"Memurun Sesi","description":"G\u00fcncel ve Do\u011fru Haber","publisher":{"@id":"https:\/\/memurunsesi.net\/#organization"},"potentialAction":[{"@type":"SearchAction","target":{"@type":"EntryPoint","urlTemplate":"https:\/\/memurunsesi.net\/?s={search_term_string}"},"query-input":{"@type":"PropertyValueSpecification","valueRequired":true,"valueName":"search_term_string"}}],"inLanguage":"tr"},{"@type":"Organization","@id":"https:\/\/memurunsesi.net\/#organization","name":"Memurun Sesi","url":"https:\/\/memurunsesi.net\/","logo":{"@type":"ImageObject","inLanguage":"tr","@id":"https:\/\/memurunsesi.net\/#\/schema\/logo\/image\/","url":"https:\/\/memurunsesi.net\/wp-content\/uploads\/2025\/11\/cropped-MEMURUN-SESI.png","contentUrl":"https:\/\/memurunsesi.net\/wp-content\/uploads\/2025\/11\/cropped-MEMURUN-SESI.png","width":238,"height":57,"caption":"Memurun Sesi"},"image":{"@id":"https:\/\/memurunsesi.net\/#\/schema\/logo\/image\/"},"sameAs":["https:\/\/www.facebook.com\/unipersen\/?locale=tr_TR","https:\/\/x.com\/unipersen"]},{"@type":"Person","@id":"https:\/\/memurunsesi.net\/#\/schema\/person\/f21c2d73b89f6ee1d80b0a1803e38587","name":"Memurun Sesi Haber Merkezi","image":{"@type":"ImageObject","inLanguage":"tr","@id":"https:\/\/secure.gravatar.com\/avatar\/6cf0505f452ee753f485014986fab09a434671d2b919ee76fc541025c5876a70?s=96&d=mm&r=g","url":"https:\/\/secure.gravatar.com\/avatar\/6cf0505f452ee753f485014986fab09a434671d2b919ee76fc541025c5876a70?s=96&d=mm&r=g","contentUrl":"https:\/\/secure.gravatar.com\/avatar\/6cf0505f452ee753f485014986fab09a434671d2b919ee76fc541025c5876a70?s=96&d=mm&r=g","caption":"Memurun Sesi Haber Merkezi"},"sameAs":["https:\/\/memurunsesi.net"],"url":"https:\/\/memurunsesi.net\/index.php\/author\/uniper\/"}]}},"_links":{"self":[{"href":"https:\/\/memurunsesi.net\/index.php\/wp-json\/wp\/v2\/posts\/4561","targetHints":{"allow":["GET"]}}],"collection":[{"href":"https:\/\/memurunsesi.net\/index.php\/wp-json\/wp\/v2\/posts"}],"about":[{"href":"https:\/\/memurunsesi.net\/index.php\/wp-json\/wp\/v2\/types\/post"}],"author":[{"embeddable":true,"href":"https:\/\/memurunsesi.net\/index.php\/wp-json\/wp\/v2\/users\/1"}],"replies":[{"embeddable":true,"href":"https:\/\/memurunsesi.net\/index.php\/wp-json\/wp\/v2\/comments?post=4561"}],"version-history":[{"count":1,"href":"https:\/\/memurunsesi.net\/index.php\/wp-json\/wp\/v2\/posts\/4561\/revisions"}],"predecessor-version":[{"id":4563,"href":"https:\/\/memurunsesi.net\/index.php\/wp-json\/wp\/v2\/posts\/4561\/revisions\/4563"}],"wp:featuredmedia":[{"embeddable":true,"href":"https:\/\/memurunsesi.net\/index.php\/wp-json\/wp\/v2\/media\/4562"}],"wp:attachment":[{"href":"https:\/\/memurunsesi.net\/index.php\/wp-json\/wp\/v2\/media?parent=4561"}],"wp:term":[{"taxonomy":"category","embeddable":true,"href":"https:\/\/memurunsesi.net\/index.php\/wp-json\/wp\/v2\/categories?post=4561"},{"taxonomy":"post_tag","embeddable":true,"href":"https:\/\/memurunsesi.net\/index.php\/wp-json\/wp\/v2\/tags?post=4561"}],"curies":[{"name":"wp","href":"https:\/\/api.w.org\/{rel}","templated":true}]}}