{"id":4574,"date":"2025-03-31T08:56:59","date_gmt":"2025-03-31T05:56:59","guid":{"rendered":"https:\/\/memurunsesi.net\/?p=4574"},"modified":"2025-03-31T08:56:59","modified_gmt":"2025-03-31T05:56:59","slug":"alanyada-3-9-buyuklugundeki-deprem-korkuttu","status":"publish","type":"post","link":"https:\/\/memurunsesi.net\/index.php\/2025\/03\/31\/alanyada-3-9-buyuklugundeki-deprem-korkuttu\/","title":{"rendered":"Alanya&#8217;da 3.9 b\u00fcy\u00fckl\u00fc\u011f\u00fcndeki deprem korkuttu"},"content":{"rendered":"<p>Antalya&#8217;n\u0131n Alanya il\u00e7esinde 3.9 b\u00fcy\u00fckl\u00fc\u011f\u00fcnde bir deprem meydana geldi. Deprem il\u00e7e merkezinde ve yak\u0131n 5 mahallede hafif \u015fekilde hissedilirken baz\u0131 vatanda\u015flar korkarak d\u0131\u015far\u0131 \u00e7\u0131kt\u0131.<br \/>\nAFAD verilerine g\u00f6re Alanya merkezli 3.9 b\u00fcy\u00fckl\u00fc\u011f\u00fcndeki deprem saat 01.36&#8217;da yerin 12 kilometre derinli\u011finde meydana geldi. Sars\u0131nt\u0131y\u0131 hisseden vatanda\u015flar, salland\u0131klar\u0131n\u0131 anlad\u0131klar\u0131nda a\u015fa\u011f\u0131 indiklerini s\u00f6ylediler. Korkutan depremle ilgili herhangi bir hasar ya\u015fanmad\u0131\u011f\u0131 bildirildi. Deprem So\u011fukp\u0131nar, Orhank\u00f6y, Karamanlar, Akdam ve G\u00fcneyk\u00f6y mahallelerinde de hissedildi.<\/p>\n<p>31.03.2025<\/p>\n","protected":false},"excerpt":{"rendered":"<p>Antalya&#8217;n\u0131n Alanya il\u00e7esinde 3.9 b\u00fcy\u00fckl\u00fc\u011f\u00fcnde bir deprem meydana geldi. Deprem il\u00e7e merkezinde ve yak\u0131n 5 mahallede hafif \u015fekilde hissedilirken baz\u0131 vatanda\u015flar korkarak d\u0131\u015far\u0131 \u00e7\u0131kt\u0131. AFAD verilerine g\u00f6re Alanya merkezli 3.9 b\u00fcy\u00fckl\u00fc\u011f\u00fcndeki deprem saat 01.36&#8217;da yerin 12 kilometre derinli\u011finde meydana geldi. Sars\u0131nt\u0131y\u0131 hisseden vatanda\u015flar, salland\u0131klar\u0131n\u0131 anlad\u0131klar\u0131nda a\u015fa\u011f\u0131 indiklerini s\u00f6ylediler. Korkutan depremle ilgili herhangi bir hasar ya\u015fanmad\u0131\u011f\u0131 [&hellip;]<\/p>\n","protected":false},"author":1,"featured_media":4575,"comment_status":"open","ping_status":"open","sticky":false,"template":"","format":"standard","meta":{"footnotes":""},"categories":[1],"tags":[],"class_list":["post-4574","post","type-post","status-publish","format-standard","has-post-thumbnail","hentry","category-genel"],"yoast_head":"<!-- This site is optimized with the Yoast SEO plugin v27.4 - https:\/\/yoast.com\/product\/yoast-seo-wordpress\/ -->\n<title>Alanya&#039;da 3.9 b\u00fcy\u00fckl\u00fc\u011f\u00fcndeki deprem korkuttu - Memurun Sesi<\/title>\n<meta name=\"robots\" content=\"index, follow, max-snippet:-1, max-image-preview:large, max-video-preview:-1\" \/>\n<link rel=\"canonical\" href=\"https:\/\/memurunsesi.net\/index.php\/2025\/03\/31\/alanyada-3-9-buyuklugundeki-deprem-korkuttu\/\" \/>\n<meta property=\"og:locale\" content=\"tr_TR\" \/>\n<meta property=\"og:type\" content=\"article\" \/>\n<meta property=\"og:title\" content=\"Alanya&#039;da 3.9 b\u00fcy\u00fckl\u00fc\u011f\u00fcndeki deprem korkuttu - Memurun Sesi\" \/>\n<meta property=\"og:description\" content=\"Antalya&#8217;n\u0131n Alanya il\u00e7esinde 3.9 b\u00fcy\u00fckl\u00fc\u011f\u00fcnde bir deprem meydana geldi. Deprem il\u00e7e merkezinde ve yak\u0131n 5 mahallede hafif \u015fekilde hissedilirken baz\u0131 vatanda\u015flar korkarak d\u0131\u015far\u0131 \u00e7\u0131kt\u0131. AFAD verilerine g\u00f6re Alanya merkezli 3.9 b\u00fcy\u00fckl\u00fc\u011f\u00fcndeki deprem saat 01.36&#8217;da yerin 12 kilometre derinli\u011finde meydana geldi. Sars\u0131nt\u0131y\u0131 hisseden vatanda\u015flar, salland\u0131klar\u0131n\u0131 anlad\u0131klar\u0131nda a\u015fa\u011f\u0131 indiklerini s\u00f6ylediler. Korkutan depremle ilgili herhangi bir hasar ya\u015fanmad\u0131\u011f\u0131 [&hellip;]\" \/>\n<meta property=\"og:url\" content=\"https:\/\/memurunsesi.net\/index.php\/2025\/03\/31\/alanyada-3-9-buyuklugundeki-deprem-korkuttu\/\" \/>\n<meta property=\"og:site_name\" content=\"Memurun Sesi\" \/>\n<meta property=\"article:publisher\" content=\"https:\/\/www.facebook.com\/unipersen\/?locale=tr_TR\" \/>\n<meta property=\"article:published_time\" content=\"2025-03-31T05:56:59+00:00\" \/>\n<meta property=\"og:image\" content=\"https:\/\/memurunsesi.net\/wp-content\/uploads\/2025\/03\/AW423696_01.jpg\" \/>\n\t<meta property=\"og:image:width\" content=\"2048\" \/>\n\t<meta property=\"og:image:height\" content=\"921\" \/>\n\t<meta property=\"og:image:type\" content=\"image\/jpeg\" \/>\n<meta name=\"author\" content=\"Memurun Sesi Haber Merkezi\" \/>\n<meta name=\"twitter:card\" content=\"summary_large_image\" \/>\n<meta name=\"twitter:creator\" content=\"@unipersen\" \/>\n<meta name=\"twitter:site\" content=\"@unipersen\" \/>\n<meta name=\"twitter:label1\" content=\"Yazan:\" \/>\n\t<meta name=\"twitter:data1\" content=\"Memurun Sesi Haber Merkezi\" \/>\n<script type=\"application\/ld+json\" class=\"yoast-schema-graph\">{\"@context\":\"https:\\\/\\\/schema.org\",\"@graph\":[{\"@type\":\"Article\",\"@id\":\"https:\\\/\\\/memurunsesi.net\\\/index.php\\\/2025\\\/03\\\/31\\\/alanyada-3-9-buyuklugundeki-deprem-korkuttu\\\/#article\",\"isPartOf\":{\"@id\":\"https:\\\/\\\/memurunsesi.net\\\/index.php\\\/2025\\\/03\\\/31\\\/alanyada-3-9-buyuklugundeki-deprem-korkuttu\\\/\"},\"author\":{\"name\":\"Memurun Sesi Haber Merkezi\",\"@id\":\"https:\\\/\\\/memurunsesi.net\\\/#\\\/schema\\\/person\\\/f21c2d73b89f6ee1d80b0a1803e38587\"},\"headline\":\"Alanya&#8217;da 3.9 b\u00fcy\u00fckl\u00fc\u011f\u00fcndeki deprem korkuttu\",\"datePublished\":\"2025-03-31T05:56:59+00:00\",\"mainEntityOfPage\":{\"@id\":\"https:\\\/\\\/memurunsesi.net\\\/index.php\\\/2025\\\/03\\\/31\\\/alanyada-3-9-buyuklugundeki-deprem-korkuttu\\\/\"},\"wordCount\":100,\"commentCount\":0,\"publisher\":{\"@id\":\"https:\\\/\\\/memurunsesi.net\\\/#organization\"},\"image\":{\"@id\":\"https:\\\/\\\/memurunsesi.net\\\/index.php\\\/2025\\\/03\\\/31\\\/alanyada-3-9-buyuklugundeki-deprem-korkuttu\\\/#primaryimage\"},\"thumbnailUrl\":\"https:\\\/\\\/memurunsesi.net\\\/wp-content\\\/uploads\\\/2025\\\/03\\\/AW423696_01.jpg\",\"inLanguage\":\"tr\",\"potentialAction\":[{\"@type\":\"CommentAction\",\"name\":\"Comment\",\"target\":[\"https:\\\/\\\/memurunsesi.net\\\/index.php\\\/2025\\\/03\\\/31\\\/alanyada-3-9-buyuklugundeki-deprem-korkuttu\\\/#respond\"]}]},{\"@type\":\"WebPage\",\"@id\":\"https:\\\/\\\/memurunsesi.net\\\/index.php\\\/2025\\\/03\\\/31\\\/alanyada-3-9-buyuklugundeki-deprem-korkuttu\\\/\",\"url\":\"https:\\\/\\\/memurunsesi.net\\\/index.php\\\/2025\\\/03\\\/31\\\/alanyada-3-9-buyuklugundeki-deprem-korkuttu\\\/\",\"name\":\"Alanya'da 3.9 b\u00fcy\u00fckl\u00fc\u011f\u00fcndeki deprem korkuttu - Memurun Sesi\",\"isPartOf\":{\"@id\":\"https:\\\/\\\/memurunsesi.net\\\/#website\"},\"primaryImageOfPage\":{\"@id\":\"https:\\\/\\\/memurunsesi.net\\\/index.php\\\/2025\\\/03\\\/31\\\/alanyada-3-9-buyuklugundeki-deprem-korkuttu\\\/#primaryimage\"},\"image\":{\"@id\":\"https:\\\/\\\/memurunsesi.net\\\/index.php\\\/2025\\\/03\\\/31\\\/alanyada-3-9-buyuklugundeki-deprem-korkuttu\\\/#primaryimage\"},\"thumbnailUrl\":\"https:\\\/\\\/memurunsesi.net\\\/wp-content\\\/uploads\\\/2025\\\/03\\\/AW423696_01.jpg\",\"datePublished\":\"2025-03-31T05:56:59+00:00\",\"breadcrumb\":{\"@id\":\"https:\\\/\\\/memurunsesi.net\\\/index.php\\\/2025\\\/03\\\/31\\\/alanyada-3-9-buyuklugundeki-deprem-korkuttu\\\/#breadcrumb\"},\"inLanguage\":\"tr\",\"potentialAction\":[{\"@type\":\"ReadAction\",\"target\":[\"https:\\\/\\\/memurunsesi.net\\\/index.php\\\/2025\\\/03\\\/31\\\/alanyada-3-9-buyuklugundeki-deprem-korkuttu\\\/\"]}]},{\"@type\":\"ImageObject\",\"inLanguage\":\"tr\",\"@id\":\"https:\\\/\\\/memurunsesi.net\\\/index.php\\\/2025\\\/03\\\/31\\\/alanyada-3-9-buyuklugundeki-deprem-korkuttu\\\/#primaryimage\",\"url\":\"https:\\\/\\\/memurunsesi.net\\\/wp-content\\\/uploads\\\/2025\\\/03\\\/AW423696_01.jpg\",\"contentUrl\":\"https:\\\/\\\/memurunsesi.net\\\/wp-content\\\/uploads\\\/2025\\\/03\\\/AW423696_01.jpg\",\"width\":2048,\"height\":921,\"caption\":\"ANTALYA'NIN ALANYA \u0130L\u00c7ES\u0130NDE 3.9 B\u00dcY\u00dcKL\u00dc\u011e\u00dcNDE B\u0130R DEPREM MEYDANA GELD\u0130. DEPREM \u0130L\u00c7E MERKEZ\u0130NDE VE YAKIN 5 MAHALLEDE HAF\u0130F \u015eEK\u0130LDE H\u0130SSED\u0130L\u0130RKEN BAZI VATANDA\u015eLAR KORKARAK DI\u015eARI \u00c7IKTI. (\u0130HA\\\/ANTALYA-\u0130HA) Antalya'n\u0131n Alanya il\u00e7esinde 3.9 b\u00fcy\u00fckl\u00fc\u011f\u00fcnde bir deprem meydana geldi. Deprem il\u00e7e merkezinde ve yak\u0131n 5 mahallede hafif \u015fekilde hissedilirken baz\u0131 vatanda\u015flar korkarak d\u0131\u015far\u0131 \u00e7\u0131kt\u0131.\"},{\"@type\":\"BreadcrumbList\",\"@id\":\"https:\\\/\\\/memurunsesi.net\\\/index.php\\\/2025\\\/03\\\/31\\\/alanyada-3-9-buyuklugundeki-deprem-korkuttu\\\/#breadcrumb\",\"itemListElement\":[{\"@type\":\"ListItem\",\"position\":1,\"name\":\"Anasayfa\",\"item\":\"https:\\\/\\\/memurunsesi.net\\\/\"},{\"@type\":\"ListItem\",\"position\":2,\"name\":\"Alanya&#8217;da 3.9 b\u00fcy\u00fckl\u00fc\u011f\u00fcndeki deprem korkuttu\"}]},{\"@type\":\"WebSite\",\"@id\":\"https:\\\/\\\/memurunsesi.net\\\/#website\",\"url\":\"https:\\\/\\\/memurunsesi.net\\\/\",\"name\":\"Memurun Sesi\",\"description\":\"G\u00fcncel ve Do\u011fru Haber\",\"publisher\":{\"@id\":\"https:\\\/\\\/memurunsesi.net\\\/#organization\"},\"potentialAction\":[{\"@type\":\"SearchAction\",\"target\":{\"@type\":\"EntryPoint\",\"urlTemplate\":\"https:\\\/\\\/memurunsesi.net\\\/?s={search_term_string}\"},\"query-input\":{\"@type\":\"PropertyValueSpecification\",\"valueRequired\":true,\"valueName\":\"search_term_string\"}}],\"inLanguage\":\"tr\"},{\"@type\":\"Organization\",\"@id\":\"https:\\\/\\\/memurunsesi.net\\\/#organization\",\"name\":\"Memurun Sesi\",\"url\":\"https:\\\/\\\/memurunsesi.net\\\/\",\"logo\":{\"@type\":\"ImageObject\",\"inLanguage\":\"tr\",\"@id\":\"https:\\\/\\\/memurunsesi.net\\\/#\\\/schema\\\/logo\\\/image\\\/\",\"url\":\"https:\\\/\\\/memurunsesi.net\\\/wp-content\\\/uploads\\\/2025\\\/11\\\/cropped-MEMURUN-SESI.png\",\"contentUrl\":\"https:\\\/\\\/memurunsesi.net\\\/wp-content\\\/uploads\\\/2025\\\/11\\\/cropped-MEMURUN-SESI.png\",\"width\":238,\"height\":57,\"caption\":\"Memurun Sesi\"},\"image\":{\"@id\":\"https:\\\/\\\/memurunsesi.net\\\/#\\\/schema\\\/logo\\\/image\\\/\"},\"sameAs\":[\"https:\\\/\\\/www.facebook.com\\\/unipersen\\\/?locale=tr_TR\",\"https:\\\/\\\/x.com\\\/unipersen\"]},{\"@type\":\"Person\",\"@id\":\"https:\\\/\\\/memurunsesi.net\\\/#\\\/schema\\\/person\\\/f21c2d73b89f6ee1d80b0a1803e38587\",\"name\":\"Memurun Sesi Haber Merkezi\",\"image\":{\"@type\":\"ImageObject\",\"inLanguage\":\"tr\",\"@id\":\"https:\\\/\\\/secure.gravatar.com\\\/avatar\\\/6cf0505f452ee753f485014986fab09a434671d2b919ee76fc541025c5876a70?s=96&d=mm&r=g\",\"url\":\"https:\\\/\\\/secure.gravatar.com\\\/avatar\\\/6cf0505f452ee753f485014986fab09a434671d2b919ee76fc541025c5876a70?s=96&d=mm&r=g\",\"contentUrl\":\"https:\\\/\\\/secure.gravatar.com\\\/avatar\\\/6cf0505f452ee753f485014986fab09a434671d2b919ee76fc541025c5876a70?s=96&d=mm&r=g\",\"caption\":\"Memurun Sesi Haber Merkezi\"},\"sameAs\":[\"https:\\\/\\\/memurunsesi.net\"],\"url\":\"https:\\\/\\\/memurunsesi.net\\\/index.php\\\/author\\\/uniper\\\/\"}]}<\/script>\n<!-- \/ Yoast SEO plugin. -->","yoast_head_json":{"title":"Alanya'da 3.9 b\u00fcy\u00fckl\u00fc\u011f\u00fcndeki deprem korkuttu - Memurun Sesi","robots":{"index":"index","follow":"follow","max-snippet":"max-snippet:-1","max-image-preview":"max-image-preview:large","max-video-preview":"max-video-preview:-1"},"canonical":"https:\/\/memurunsesi.net\/index.php\/2025\/03\/31\/alanyada-3-9-buyuklugundeki-deprem-korkuttu\/","og_locale":"tr_TR","og_type":"article","og_title":"Alanya'da 3.9 b\u00fcy\u00fckl\u00fc\u011f\u00fcndeki deprem korkuttu - Memurun Sesi","og_description":"Antalya&#8217;n\u0131n Alanya il\u00e7esinde 3.9 b\u00fcy\u00fckl\u00fc\u011f\u00fcnde bir deprem meydana geldi. Deprem il\u00e7e merkezinde ve yak\u0131n 5 mahallede hafif \u015fekilde hissedilirken baz\u0131 vatanda\u015flar korkarak d\u0131\u015far\u0131 \u00e7\u0131kt\u0131. AFAD verilerine g\u00f6re Alanya merkezli 3.9 b\u00fcy\u00fckl\u00fc\u011f\u00fcndeki deprem saat 01.36&#8217;da yerin 12 kilometre derinli\u011finde meydana geldi. Sars\u0131nt\u0131y\u0131 hisseden vatanda\u015flar, salland\u0131klar\u0131n\u0131 anlad\u0131klar\u0131nda a\u015fa\u011f\u0131 indiklerini s\u00f6ylediler. Korkutan depremle ilgili herhangi bir hasar ya\u015fanmad\u0131\u011f\u0131 [&hellip;]","og_url":"https:\/\/memurunsesi.net\/index.php\/2025\/03\/31\/alanyada-3-9-buyuklugundeki-deprem-korkuttu\/","og_site_name":"Memurun Sesi","article_publisher":"https:\/\/www.facebook.com\/unipersen\/?locale=tr_TR","article_published_time":"2025-03-31T05:56:59+00:00","og_image":[{"width":2048,"height":921,"url":"https:\/\/memurunsesi.net\/wp-content\/uploads\/2025\/03\/AW423696_01.jpg","type":"image\/jpeg"}],"author":"Memurun Sesi Haber Merkezi","twitter_card":"summary_large_image","twitter_creator":"@unipersen","twitter_site":"@unipersen","twitter_misc":{"Yazan:":"Memurun Sesi Haber Merkezi"},"schema":{"@context":"https:\/\/schema.org","@graph":[{"@type":"Article","@id":"https:\/\/memurunsesi.net\/index.php\/2025\/03\/31\/alanyada-3-9-buyuklugundeki-deprem-korkuttu\/#article","isPartOf":{"@id":"https:\/\/memurunsesi.net\/index.php\/2025\/03\/31\/alanyada-3-9-buyuklugundeki-deprem-korkuttu\/"},"author":{"name":"Memurun Sesi Haber Merkezi","@id":"https:\/\/memurunsesi.net\/#\/schema\/person\/f21c2d73b89f6ee1d80b0a1803e38587"},"headline":"Alanya&#8217;da 3.9 b\u00fcy\u00fckl\u00fc\u011f\u00fcndeki deprem korkuttu","datePublished":"2025-03-31T05:56:59+00:00","mainEntityOfPage":{"@id":"https:\/\/memurunsesi.net\/index.php\/2025\/03\/31\/alanyada-3-9-buyuklugundeki-deprem-korkuttu\/"},"wordCount":100,"commentCount":0,"publisher":{"@id":"https:\/\/memurunsesi.net\/#organization"},"image":{"@id":"https:\/\/memurunsesi.net\/index.php\/2025\/03\/31\/alanyada-3-9-buyuklugundeki-deprem-korkuttu\/#primaryimage"},"thumbnailUrl":"https:\/\/memurunsesi.net\/wp-content\/uploads\/2025\/03\/AW423696_01.jpg","inLanguage":"tr","potentialAction":[{"@type":"CommentAction","name":"Comment","target":["https:\/\/memurunsesi.net\/index.php\/2025\/03\/31\/alanyada-3-9-buyuklugundeki-deprem-korkuttu\/#respond"]}]},{"@type":"WebPage","@id":"https:\/\/memurunsesi.net\/index.php\/2025\/03\/31\/alanyada-3-9-buyuklugundeki-deprem-korkuttu\/","url":"https:\/\/memurunsesi.net\/index.php\/2025\/03\/31\/alanyada-3-9-buyuklugundeki-deprem-korkuttu\/","name":"Alanya'da 3.9 b\u00fcy\u00fckl\u00fc\u011f\u00fcndeki deprem korkuttu - Memurun Sesi","isPartOf":{"@id":"https:\/\/memurunsesi.net\/#website"},"primaryImageOfPage":{"@id":"https:\/\/memurunsesi.net\/index.php\/2025\/03\/31\/alanyada-3-9-buyuklugundeki-deprem-korkuttu\/#primaryimage"},"image":{"@id":"https:\/\/memurunsesi.net\/index.php\/2025\/03\/31\/alanyada-3-9-buyuklugundeki-deprem-korkuttu\/#primaryimage"},"thumbnailUrl":"https:\/\/memurunsesi.net\/wp-content\/uploads\/2025\/03\/AW423696_01.jpg","datePublished":"2025-03-31T05:56:59+00:00","breadcrumb":{"@id":"https:\/\/memurunsesi.net\/index.php\/2025\/03\/31\/alanyada-3-9-buyuklugundeki-deprem-korkuttu\/#breadcrumb"},"inLanguage":"tr","potentialAction":[{"@type":"ReadAction","target":["https:\/\/memurunsesi.net\/index.php\/2025\/03\/31\/alanyada-3-9-buyuklugundeki-deprem-korkuttu\/"]}]},{"@type":"ImageObject","inLanguage":"tr","@id":"https:\/\/memurunsesi.net\/index.php\/2025\/03\/31\/alanyada-3-9-buyuklugundeki-deprem-korkuttu\/#primaryimage","url":"https:\/\/memurunsesi.net\/wp-content\/uploads\/2025\/03\/AW423696_01.jpg","contentUrl":"https:\/\/memurunsesi.net\/wp-content\/uploads\/2025\/03\/AW423696_01.jpg","width":2048,"height":921,"caption":"ANTALYA'NIN ALANYA \u0130L\u00c7ES\u0130NDE 3.9 B\u00dcY\u00dcKL\u00dc\u011e\u00dcNDE B\u0130R DEPREM MEYDANA GELD\u0130. DEPREM \u0130L\u00c7E MERKEZ\u0130NDE VE YAKIN 5 MAHALLEDE HAF\u0130F \u015eEK\u0130LDE H\u0130SSED\u0130L\u0130RKEN BAZI VATANDA\u015eLAR KORKARAK DI\u015eARI \u00c7IKTI. (\u0130HA\/ANTALYA-\u0130HA) Antalya'n\u0131n Alanya il\u00e7esinde 3.9 b\u00fcy\u00fckl\u00fc\u011f\u00fcnde bir deprem meydana geldi. Deprem il\u00e7e merkezinde ve yak\u0131n 5 mahallede hafif \u015fekilde hissedilirken baz\u0131 vatanda\u015flar korkarak d\u0131\u015far\u0131 \u00e7\u0131kt\u0131."},{"@type":"BreadcrumbList","@id":"https:\/\/memurunsesi.net\/index.php\/2025\/03\/31\/alanyada-3-9-buyuklugundeki-deprem-korkuttu\/#breadcrumb","itemListElement":[{"@type":"ListItem","position":1,"name":"Anasayfa","item":"https:\/\/memurunsesi.net\/"},{"@type":"ListItem","position":2,"name":"Alanya&#8217;da 3.9 b\u00fcy\u00fckl\u00fc\u011f\u00fcndeki deprem korkuttu"}]},{"@type":"WebSite","@id":"https:\/\/memurunsesi.net\/#website","url":"https:\/\/memurunsesi.net\/","name":"Memurun Sesi","description":"G\u00fcncel ve Do\u011fru Haber","publisher":{"@id":"https:\/\/memurunsesi.net\/#organization"},"potentialAction":[{"@type":"SearchAction","target":{"@type":"EntryPoint","urlTemplate":"https:\/\/memurunsesi.net\/?s={search_term_string}"},"query-input":{"@type":"PropertyValueSpecification","valueRequired":true,"valueName":"search_term_string"}}],"inLanguage":"tr"},{"@type":"Organization","@id":"https:\/\/memurunsesi.net\/#organization","name":"Memurun Sesi","url":"https:\/\/memurunsesi.net\/","logo":{"@type":"ImageObject","inLanguage":"tr","@id":"https:\/\/memurunsesi.net\/#\/schema\/logo\/image\/","url":"https:\/\/memurunsesi.net\/wp-content\/uploads\/2025\/11\/cropped-MEMURUN-SESI.png","contentUrl":"https:\/\/memurunsesi.net\/wp-content\/uploads\/2025\/11\/cropped-MEMURUN-SESI.png","width":238,"height":57,"caption":"Memurun Sesi"},"image":{"@id":"https:\/\/memurunsesi.net\/#\/schema\/logo\/image\/"},"sameAs":["https:\/\/www.facebook.com\/unipersen\/?locale=tr_TR","https:\/\/x.com\/unipersen"]},{"@type":"Person","@id":"https:\/\/memurunsesi.net\/#\/schema\/person\/f21c2d73b89f6ee1d80b0a1803e38587","name":"Memurun Sesi Haber Merkezi","image":{"@type":"ImageObject","inLanguage":"tr","@id":"https:\/\/secure.gravatar.com\/avatar\/6cf0505f452ee753f485014986fab09a434671d2b919ee76fc541025c5876a70?s=96&d=mm&r=g","url":"https:\/\/secure.gravatar.com\/avatar\/6cf0505f452ee753f485014986fab09a434671d2b919ee76fc541025c5876a70?s=96&d=mm&r=g","contentUrl":"https:\/\/secure.gravatar.com\/avatar\/6cf0505f452ee753f485014986fab09a434671d2b919ee76fc541025c5876a70?s=96&d=mm&r=g","caption":"Memurun Sesi Haber Merkezi"},"sameAs":["https:\/\/memurunsesi.net"],"url":"https:\/\/memurunsesi.net\/index.php\/author\/uniper\/"}]}},"_links":{"self":[{"href":"https:\/\/memurunsesi.net\/index.php\/wp-json\/wp\/v2\/posts\/4574","targetHints":{"allow":["GET"]}}],"collection":[{"href":"https:\/\/memurunsesi.net\/index.php\/wp-json\/wp\/v2\/posts"}],"about":[{"href":"https:\/\/memurunsesi.net\/index.php\/wp-json\/wp\/v2\/types\/post"}],"author":[{"embeddable":true,"href":"https:\/\/memurunsesi.net\/index.php\/wp-json\/wp\/v2\/users\/1"}],"replies":[{"embeddable":true,"href":"https:\/\/memurunsesi.net\/index.php\/wp-json\/wp\/v2\/comments?post=4574"}],"version-history":[{"count":1,"href":"https:\/\/memurunsesi.net\/index.php\/wp-json\/wp\/v2\/posts\/4574\/revisions"}],"predecessor-version":[{"id":4576,"href":"https:\/\/memurunsesi.net\/index.php\/wp-json\/wp\/v2\/posts\/4574\/revisions\/4576"}],"wp:featuredmedia":[{"embeddable":true,"href":"https:\/\/memurunsesi.net\/index.php\/wp-json\/wp\/v2\/media\/4575"}],"wp:attachment":[{"href":"https:\/\/memurunsesi.net\/index.php\/wp-json\/wp\/v2\/media?parent=4574"}],"wp:term":[{"taxonomy":"category","embeddable":true,"href":"https:\/\/memurunsesi.net\/index.php\/wp-json\/wp\/v2\/categories?post=4574"},{"taxonomy":"post_tag","embeddable":true,"href":"https:\/\/memurunsesi.net\/index.php\/wp-json\/wp\/v2\/tags?post=4574"}],"curies":[{"name":"wp","href":"https:\/\/api.w.org\/{rel}","templated":true}]}}