{"id":4577,"date":"2025-03-31T08:58:08","date_gmt":"2025-03-31T05:58:08","guid":{"rendered":"https:\/\/memurunsesi.net\/?p=4577"},"modified":"2025-03-31T08:58:08","modified_gmt":"2025-03-31T05:58:08","slug":"150-yillik-gelenek-bayram-coskusunu-sekere-donusturuyor","status":"publish","type":"post","link":"https:\/\/memurunsesi.net\/index.php\/2025\/03\/31\/150-yillik-gelenek-bayram-coskusunu-sekere-donusturuyor\/","title":{"rendered":"150 y\u0131ll\u0131k gelenek, bayram co\u015fkusunu \u015fekere d\u00f6n\u00fc\u015ft\u00fcr\u00fcyor"},"content":{"rendered":"<p>Antalya&#8217;n\u0131n Kumluca il\u00e7esinin Ortak\u00f6y Mahallesi&#8217;nde Ramazan Bayram\u0131, 150 y\u0131ll\u0131k \u015feker da\u011f\u0131tma gelene\u011fiyle kutlan\u0131yor. Bayram namaz\u0131 sonras\u0131 cami avlusunda toplanan mahalleli, kilim \u00fcst\u00fcne d\u00f6kt\u00fckleri \u015fekerleri \u00e7ocuklara e\u015fit \u015fekilde da\u011f\u0131tarak ge\u00e7mi\u015ften bug\u00fcne uzanan \u00f6rnek bir dayan\u0131\u015fmay\u0131 ya\u015fat\u0131yor.<br \/>\nKumluca il\u00e7esine ba\u011fl\u0131 Ortak\u00f6y Mahallesi&#8217;nde Ramazan Bayram\u0131 sabahlar\u0131 150 y\u0131ll\u0131k oldu\u011fu s\u00f6ylenen geleneksel bir \u015feker da\u011f\u0131tma t\u00f6reniyle kar\u015f\u0131lan\u0131yor. Bayram namaz\u0131n\u0131n ard\u0131ndan cami bah\u00e7esinde bir araya gelen mahalle halk\u0131, kilim \u00fczerinde biriktirdikleri \u015fekerleri \u00e7ocuklara da\u011f\u0131tarak bayram sevincini payla\u015f\u0131yor.<br \/>\nY\u00f6rede, Kumluca&#8217;n\u0131n Belen ve Adrasan mahallelerinde &#8220;Amin&#8221; ad\u0131yla bilinen bu gelenek, Ortak\u00f6y&#8217;de \u00e7ocuklara \u015feker da\u011f\u0131t\u0131m\u0131 \u015feklinde ya\u015fat\u0131l\u0131yor. Bayram namaz\u0131n\u0131 k\u0131lan mahalle sakinleri, namaz\u0131n ard\u0131ndan cami bah\u00e7esinde topluca bayramla\u015f\u0131yor. Daha sonra, mahalleye gelen seyyar marketlerden al\u0131nan \u015fekerler bir kilimin \u00fczerine d\u00f6k\u00fcl\u00fcyor.<br \/>\nCami bah\u00e7esinde halka olu\u015fturarak toplanan \u00e7ocuklar, Cami \u0130mam Hatibi Bekir Ceylan&#8217;\u0131n duas\u0131na hep birlikte &#8220;Amin&#8221; diyerek e\u015flik ediyor. Duan\u0131n ard\u0131ndan kilimin \u00fczerinde biriken \u015fekerler, mahalledeki gen\u00e7ler taraf\u0131ndan k\u00fc\u00e7\u00fck \u00f6l\u00e7eklerle e\u015fit \u015fekilde \u00e7ocuklara da\u011f\u0131t\u0131l\u0131yor.<\/p>\n<p>&#8220;Her \u00e7ocu\u011fun \u015feker yiyebilmesi i\u00e7in ba\u015flat\u0131lm\u0131\u015f bu gelenek&#8221;<br \/>\nGelene\u011fin ge\u00e7mi\u015fi tam olarak bilinmese de, mahalle b\u00fcy\u00fckleri yakla\u015f\u0131k 150 y\u0131ld\u0131r s\u00fcrd\u00fc\u011f\u00fcn\u00fc ifade ediyor. Mahalle sakinlerinden Kemal Dalmaz, \u00e7ocukluk hat\u0131ralar\u0131n\u0131 \u015f\u00f6yle aktard\u0131:<br \/>\n&#8220;O zamanlar bug\u00fcnk\u00fc gibi \u00e7e\u015fitli \u015fekerler yoktu. \u0130\u00e7i leblebili \u015fekerlemeler, kaba \u015feker dedi\u011fimiz akide \u015fekerleri olurdu. \u0130smi \u00fczerinde, bu bayram \u015feker bayram\u0131.&#8221;<br \/>\nEski imam \u0130smail Orhantekin ise 20 y\u0131l g\u00f6rev yapt\u0131\u011f\u0131 camide bu gelene\u011fi ya\u015fatt\u0131\u011f\u0131n\u0131 belirterek \u015funlar\u0131 s\u00f6yledi:<br \/>\n&#8220;B\u00fcy\u00fcklerimiz bunun 150 y\u0131ll\u0131k bir gelenek oldu\u011funu s\u00f6yl\u00fcyor. Ben de g\u00f6rev s\u00fcrem boyunca s\u00fcrd\u00fcrd\u00fcm. Hocalar\u0131m\u0131z ve k\u00f6yl\u00fclerimizle birlikte bu g\u00fczel gelene\u011fin ya\u015fat\u0131lmaya devam edece\u011fine inan\u0131yorum.&#8221;<\/p>\n<p>31.03.2025<\/p>\n","protected":false},"excerpt":{"rendered":"<p>Antalya&#8217;n\u0131n Kumluca il\u00e7esinin Ortak\u00f6y Mahallesi&#8217;nde Ramazan Bayram\u0131, 150 y\u0131ll\u0131k \u015feker da\u011f\u0131tma gelene\u011fiyle kutlan\u0131yor. Bayram namaz\u0131 sonras\u0131 cami avlusunda toplanan mahalleli, kilim \u00fcst\u00fcne d\u00f6kt\u00fckleri \u015fekerleri \u00e7ocuklara e\u015fit \u015fekilde da\u011f\u0131tarak ge\u00e7mi\u015ften bug\u00fcne uzanan \u00f6rnek bir dayan\u0131\u015fmay\u0131 ya\u015fat\u0131yor. Kumluca il\u00e7esine ba\u011fl\u0131 Ortak\u00f6y Mahallesi&#8217;nde Ramazan Bayram\u0131 sabahlar\u0131 150 y\u0131ll\u0131k oldu\u011fu s\u00f6ylenen geleneksel bir \u015feker da\u011f\u0131tma t\u00f6reniyle kar\u015f\u0131lan\u0131yor. Bayram namaz\u0131n\u0131n [&hellip;]<\/p>\n","protected":false},"author":1,"featured_media":0,"comment_status":"open","ping_status":"open","sticky":false,"template":"","format":"standard","meta":{"footnotes":""},"categories":[1],"tags":[],"class_list":["post-4577","post","type-post","status-publish","format-standard","hentry","category-genel"],"yoast_head":"<!-- This site is optimized with the Yoast SEO plugin v27.4 - https:\/\/yoast.com\/product\/yoast-seo-wordpress\/ -->\n<title>150 y\u0131ll\u0131k gelenek, bayram co\u015fkusunu \u015fekere d\u00f6n\u00fc\u015ft\u00fcr\u00fcyor - Memurun Sesi<\/title>\n<meta name=\"robots\" content=\"index, follow, max-snippet:-1, max-image-preview:large, max-video-preview:-1\" \/>\n<link rel=\"canonical\" href=\"https:\/\/memurunsesi.net\/index.php\/2025\/03\/31\/150-yillik-gelenek-bayram-coskusunu-sekere-donusturuyor\/\" \/>\n<meta property=\"og:locale\" content=\"tr_TR\" \/>\n<meta property=\"og:type\" content=\"article\" \/>\n<meta property=\"og:title\" content=\"150 y\u0131ll\u0131k gelenek, bayram co\u015fkusunu \u015fekere d\u00f6n\u00fc\u015ft\u00fcr\u00fcyor - Memurun Sesi\" \/>\n<meta property=\"og:description\" content=\"Antalya&#8217;n\u0131n Kumluca il\u00e7esinin Ortak\u00f6y Mahallesi&#8217;nde Ramazan Bayram\u0131, 150 y\u0131ll\u0131k \u015feker da\u011f\u0131tma gelene\u011fiyle kutlan\u0131yor. Bayram namaz\u0131 sonras\u0131 cami avlusunda toplanan mahalleli, kilim \u00fcst\u00fcne d\u00f6kt\u00fckleri \u015fekerleri \u00e7ocuklara e\u015fit \u015fekilde da\u011f\u0131tarak ge\u00e7mi\u015ften bug\u00fcne uzanan \u00f6rnek bir dayan\u0131\u015fmay\u0131 ya\u015fat\u0131yor. Kumluca il\u00e7esine ba\u011fl\u0131 Ortak\u00f6y Mahallesi&#8217;nde Ramazan Bayram\u0131 sabahlar\u0131 150 y\u0131ll\u0131k oldu\u011fu s\u00f6ylenen geleneksel bir \u015feker da\u011f\u0131tma t\u00f6reniyle kar\u015f\u0131lan\u0131yor. Bayram namaz\u0131n\u0131n [&hellip;]\" \/>\n<meta property=\"og:url\" content=\"https:\/\/memurunsesi.net\/index.php\/2025\/03\/31\/150-yillik-gelenek-bayram-coskusunu-sekere-donusturuyor\/\" \/>\n<meta property=\"og:site_name\" content=\"Memurun Sesi\" \/>\n<meta property=\"article:publisher\" content=\"https:\/\/www.facebook.com\/unipersen\/?locale=tr_TR\" \/>\n<meta property=\"article:published_time\" content=\"2025-03-31T05:58:08+00:00\" \/>\n<meta name=\"author\" content=\"Memurun Sesi Haber Merkezi\" \/>\n<meta name=\"twitter:card\" content=\"summary_large_image\" \/>\n<meta name=\"twitter:creator\" content=\"@unipersen\" \/>\n<meta name=\"twitter:site\" content=\"@unipersen\" \/>\n<meta name=\"twitter:label1\" content=\"Yazan:\" \/>\n\t<meta name=\"twitter:data1\" content=\"Memurun Sesi Haber Merkezi\" \/>\n\t<meta name=\"twitter:label2\" content=\"Tahmini okuma s\u00fcresi\" \/>\n\t<meta name=\"twitter:data2\" content=\"2 dakika\" \/>\n<script type=\"application\/ld+json\" class=\"yoast-schema-graph\">{\"@context\":\"https:\\\/\\\/schema.org\",\"@graph\":[{\"@type\":\"Article\",\"@id\":\"https:\\\/\\\/memurunsesi.net\\\/index.php\\\/2025\\\/03\\\/31\\\/150-yillik-gelenek-bayram-coskusunu-sekere-donusturuyor\\\/#article\",\"isPartOf\":{\"@id\":\"https:\\\/\\\/memurunsesi.net\\\/index.php\\\/2025\\\/03\\\/31\\\/150-yillik-gelenek-bayram-coskusunu-sekere-donusturuyor\\\/\"},\"author\":{\"name\":\"Memurun Sesi Haber Merkezi\",\"@id\":\"https:\\\/\\\/memurunsesi.net\\\/#\\\/schema\\\/person\\\/f21c2d73b89f6ee1d80b0a1803e38587\"},\"headline\":\"150 y\u0131ll\u0131k gelenek, bayram co\u015fkusunu \u015fekere d\u00f6n\u00fc\u015ft\u00fcr\u00fcyor\",\"datePublished\":\"2025-03-31T05:58:08+00:00\",\"mainEntityOfPage\":{\"@id\":\"https:\\\/\\\/memurunsesi.net\\\/index.php\\\/2025\\\/03\\\/31\\\/150-yillik-gelenek-bayram-coskusunu-sekere-donusturuyor\\\/\"},\"wordCount\":368,\"commentCount\":0,\"publisher\":{\"@id\":\"https:\\\/\\\/memurunsesi.net\\\/#organization\"},\"inLanguage\":\"tr\",\"potentialAction\":[{\"@type\":\"CommentAction\",\"name\":\"Comment\",\"target\":[\"https:\\\/\\\/memurunsesi.net\\\/index.php\\\/2025\\\/03\\\/31\\\/150-yillik-gelenek-bayram-coskusunu-sekere-donusturuyor\\\/#respond\"]}]},{\"@type\":\"WebPage\",\"@id\":\"https:\\\/\\\/memurunsesi.net\\\/index.php\\\/2025\\\/03\\\/31\\\/150-yillik-gelenek-bayram-coskusunu-sekere-donusturuyor\\\/\",\"url\":\"https:\\\/\\\/memurunsesi.net\\\/index.php\\\/2025\\\/03\\\/31\\\/150-yillik-gelenek-bayram-coskusunu-sekere-donusturuyor\\\/\",\"name\":\"150 y\u0131ll\u0131k gelenek, bayram co\u015fkusunu \u015fekere d\u00f6n\u00fc\u015ft\u00fcr\u00fcyor - Memurun Sesi\",\"isPartOf\":{\"@id\":\"https:\\\/\\\/memurunsesi.net\\\/#website\"},\"datePublished\":\"2025-03-31T05:58:08+00:00\",\"breadcrumb\":{\"@id\":\"https:\\\/\\\/memurunsesi.net\\\/index.php\\\/2025\\\/03\\\/31\\\/150-yillik-gelenek-bayram-coskusunu-sekere-donusturuyor\\\/#breadcrumb\"},\"inLanguage\":\"tr\",\"potentialAction\":[{\"@type\":\"ReadAction\",\"target\":[\"https:\\\/\\\/memurunsesi.net\\\/index.php\\\/2025\\\/03\\\/31\\\/150-yillik-gelenek-bayram-coskusunu-sekere-donusturuyor\\\/\"]}]},{\"@type\":\"BreadcrumbList\",\"@id\":\"https:\\\/\\\/memurunsesi.net\\\/index.php\\\/2025\\\/03\\\/31\\\/150-yillik-gelenek-bayram-coskusunu-sekere-donusturuyor\\\/#breadcrumb\",\"itemListElement\":[{\"@type\":\"ListItem\",\"position\":1,\"name\":\"Anasayfa\",\"item\":\"https:\\\/\\\/memurunsesi.net\\\/\"},{\"@type\":\"ListItem\",\"position\":2,\"name\":\"150 y\u0131ll\u0131k gelenek, bayram co\u015fkusunu \u015fekere d\u00f6n\u00fc\u015ft\u00fcr\u00fcyor\"}]},{\"@type\":\"WebSite\",\"@id\":\"https:\\\/\\\/memurunsesi.net\\\/#website\",\"url\":\"https:\\\/\\\/memurunsesi.net\\\/\",\"name\":\"Memurun Sesi\",\"description\":\"G\u00fcncel ve Do\u011fru Haber\",\"publisher\":{\"@id\":\"https:\\\/\\\/memurunsesi.net\\\/#organization\"},\"potentialAction\":[{\"@type\":\"SearchAction\",\"target\":{\"@type\":\"EntryPoint\",\"urlTemplate\":\"https:\\\/\\\/memurunsesi.net\\\/?s={search_term_string}\"},\"query-input\":{\"@type\":\"PropertyValueSpecification\",\"valueRequired\":true,\"valueName\":\"search_term_string\"}}],\"inLanguage\":\"tr\"},{\"@type\":\"Organization\",\"@id\":\"https:\\\/\\\/memurunsesi.net\\\/#organization\",\"name\":\"Memurun Sesi\",\"url\":\"https:\\\/\\\/memurunsesi.net\\\/\",\"logo\":{\"@type\":\"ImageObject\",\"inLanguage\":\"tr\",\"@id\":\"https:\\\/\\\/memurunsesi.net\\\/#\\\/schema\\\/logo\\\/image\\\/\",\"url\":\"https:\\\/\\\/memurunsesi.net\\\/wp-content\\\/uploads\\\/2025\\\/11\\\/cropped-MEMURUN-SESI.png\",\"contentUrl\":\"https:\\\/\\\/memurunsesi.net\\\/wp-content\\\/uploads\\\/2025\\\/11\\\/cropped-MEMURUN-SESI.png\",\"width\":238,\"height\":57,\"caption\":\"Memurun Sesi\"},\"image\":{\"@id\":\"https:\\\/\\\/memurunsesi.net\\\/#\\\/schema\\\/logo\\\/image\\\/\"},\"sameAs\":[\"https:\\\/\\\/www.facebook.com\\\/unipersen\\\/?locale=tr_TR\",\"https:\\\/\\\/x.com\\\/unipersen\"]},{\"@type\":\"Person\",\"@id\":\"https:\\\/\\\/memurunsesi.net\\\/#\\\/schema\\\/person\\\/f21c2d73b89f6ee1d80b0a1803e38587\",\"name\":\"Memurun Sesi Haber Merkezi\",\"image\":{\"@type\":\"ImageObject\",\"inLanguage\":\"tr\",\"@id\":\"https:\\\/\\\/secure.gravatar.com\\\/avatar\\\/6cf0505f452ee753f485014986fab09a434671d2b919ee76fc541025c5876a70?s=96&d=mm&r=g\",\"url\":\"https:\\\/\\\/secure.gravatar.com\\\/avatar\\\/6cf0505f452ee753f485014986fab09a434671d2b919ee76fc541025c5876a70?s=96&d=mm&r=g\",\"contentUrl\":\"https:\\\/\\\/secure.gravatar.com\\\/avatar\\\/6cf0505f452ee753f485014986fab09a434671d2b919ee76fc541025c5876a70?s=96&d=mm&r=g\",\"caption\":\"Memurun Sesi Haber Merkezi\"},\"sameAs\":[\"https:\\\/\\\/memurunsesi.net\"],\"url\":\"https:\\\/\\\/memurunsesi.net\\\/index.php\\\/author\\\/uniper\\\/\"}]}<\/script>\n<!-- \/ Yoast SEO plugin. -->","yoast_head_json":{"title":"150 y\u0131ll\u0131k gelenek, bayram co\u015fkusunu \u015fekere d\u00f6n\u00fc\u015ft\u00fcr\u00fcyor - Memurun Sesi","robots":{"index":"index","follow":"follow","max-snippet":"max-snippet:-1","max-image-preview":"max-image-preview:large","max-video-preview":"max-video-preview:-1"},"canonical":"https:\/\/memurunsesi.net\/index.php\/2025\/03\/31\/150-yillik-gelenek-bayram-coskusunu-sekere-donusturuyor\/","og_locale":"tr_TR","og_type":"article","og_title":"150 y\u0131ll\u0131k gelenek, bayram co\u015fkusunu \u015fekere d\u00f6n\u00fc\u015ft\u00fcr\u00fcyor - Memurun Sesi","og_description":"Antalya&#8217;n\u0131n Kumluca il\u00e7esinin Ortak\u00f6y Mahallesi&#8217;nde Ramazan Bayram\u0131, 150 y\u0131ll\u0131k \u015feker da\u011f\u0131tma gelene\u011fiyle kutlan\u0131yor. Bayram namaz\u0131 sonras\u0131 cami avlusunda toplanan mahalleli, kilim \u00fcst\u00fcne d\u00f6kt\u00fckleri \u015fekerleri \u00e7ocuklara e\u015fit \u015fekilde da\u011f\u0131tarak ge\u00e7mi\u015ften bug\u00fcne uzanan \u00f6rnek bir dayan\u0131\u015fmay\u0131 ya\u015fat\u0131yor. Kumluca il\u00e7esine ba\u011fl\u0131 Ortak\u00f6y Mahallesi&#8217;nde Ramazan Bayram\u0131 sabahlar\u0131 150 y\u0131ll\u0131k oldu\u011fu s\u00f6ylenen geleneksel bir \u015feker da\u011f\u0131tma t\u00f6reniyle kar\u015f\u0131lan\u0131yor. Bayram namaz\u0131n\u0131n [&hellip;]","og_url":"https:\/\/memurunsesi.net\/index.php\/2025\/03\/31\/150-yillik-gelenek-bayram-coskusunu-sekere-donusturuyor\/","og_site_name":"Memurun Sesi","article_publisher":"https:\/\/www.facebook.com\/unipersen\/?locale=tr_TR","article_published_time":"2025-03-31T05:58:08+00:00","author":"Memurun Sesi Haber Merkezi","twitter_card":"summary_large_image","twitter_creator":"@unipersen","twitter_site":"@unipersen","twitter_misc":{"Yazan:":"Memurun Sesi Haber Merkezi","Tahmini okuma s\u00fcresi":"2 dakika"},"schema":{"@context":"https:\/\/schema.org","@graph":[{"@type":"Article","@id":"https:\/\/memurunsesi.net\/index.php\/2025\/03\/31\/150-yillik-gelenek-bayram-coskusunu-sekere-donusturuyor\/#article","isPartOf":{"@id":"https:\/\/memurunsesi.net\/index.php\/2025\/03\/31\/150-yillik-gelenek-bayram-coskusunu-sekere-donusturuyor\/"},"author":{"name":"Memurun Sesi Haber Merkezi","@id":"https:\/\/memurunsesi.net\/#\/schema\/person\/f21c2d73b89f6ee1d80b0a1803e38587"},"headline":"150 y\u0131ll\u0131k gelenek, bayram co\u015fkusunu \u015fekere d\u00f6n\u00fc\u015ft\u00fcr\u00fcyor","datePublished":"2025-03-31T05:58:08+00:00","mainEntityOfPage":{"@id":"https:\/\/memurunsesi.net\/index.php\/2025\/03\/31\/150-yillik-gelenek-bayram-coskusunu-sekere-donusturuyor\/"},"wordCount":368,"commentCount":0,"publisher":{"@id":"https:\/\/memurunsesi.net\/#organization"},"inLanguage":"tr","potentialAction":[{"@type":"CommentAction","name":"Comment","target":["https:\/\/memurunsesi.net\/index.php\/2025\/03\/31\/150-yillik-gelenek-bayram-coskusunu-sekere-donusturuyor\/#respond"]}]},{"@type":"WebPage","@id":"https:\/\/memurunsesi.net\/index.php\/2025\/03\/31\/150-yillik-gelenek-bayram-coskusunu-sekere-donusturuyor\/","url":"https:\/\/memurunsesi.net\/index.php\/2025\/03\/31\/150-yillik-gelenek-bayram-coskusunu-sekere-donusturuyor\/","name":"150 y\u0131ll\u0131k gelenek, bayram co\u015fkusunu \u015fekere d\u00f6n\u00fc\u015ft\u00fcr\u00fcyor - Memurun Sesi","isPartOf":{"@id":"https:\/\/memurunsesi.net\/#website"},"datePublished":"2025-03-31T05:58:08+00:00","breadcrumb":{"@id":"https:\/\/memurunsesi.net\/index.php\/2025\/03\/31\/150-yillik-gelenek-bayram-coskusunu-sekere-donusturuyor\/#breadcrumb"},"inLanguage":"tr","potentialAction":[{"@type":"ReadAction","target":["https:\/\/memurunsesi.net\/index.php\/2025\/03\/31\/150-yillik-gelenek-bayram-coskusunu-sekere-donusturuyor\/"]}]},{"@type":"BreadcrumbList","@id":"https:\/\/memurunsesi.net\/index.php\/2025\/03\/31\/150-yillik-gelenek-bayram-coskusunu-sekere-donusturuyor\/#breadcrumb","itemListElement":[{"@type":"ListItem","position":1,"name":"Anasayfa","item":"https:\/\/memurunsesi.net\/"},{"@type":"ListItem","position":2,"name":"150 y\u0131ll\u0131k gelenek, bayram co\u015fkusunu \u015fekere d\u00f6n\u00fc\u015ft\u00fcr\u00fcyor"}]},{"@type":"WebSite","@id":"https:\/\/memurunsesi.net\/#website","url":"https:\/\/memurunsesi.net\/","name":"Memurun Sesi","description":"G\u00fcncel ve Do\u011fru Haber","publisher":{"@id":"https:\/\/memurunsesi.net\/#organization"},"potentialAction":[{"@type":"SearchAction","target":{"@type":"EntryPoint","urlTemplate":"https:\/\/memurunsesi.net\/?s={search_term_string}"},"query-input":{"@type":"PropertyValueSpecification","valueRequired":true,"valueName":"search_term_string"}}],"inLanguage":"tr"},{"@type":"Organization","@id":"https:\/\/memurunsesi.net\/#organization","name":"Memurun Sesi","url":"https:\/\/memurunsesi.net\/","logo":{"@type":"ImageObject","inLanguage":"tr","@id":"https:\/\/memurunsesi.net\/#\/schema\/logo\/image\/","url":"https:\/\/memurunsesi.net\/wp-content\/uploads\/2025\/11\/cropped-MEMURUN-SESI.png","contentUrl":"https:\/\/memurunsesi.net\/wp-content\/uploads\/2025\/11\/cropped-MEMURUN-SESI.png","width":238,"height":57,"caption":"Memurun Sesi"},"image":{"@id":"https:\/\/memurunsesi.net\/#\/schema\/logo\/image\/"},"sameAs":["https:\/\/www.facebook.com\/unipersen\/?locale=tr_TR","https:\/\/x.com\/unipersen"]},{"@type":"Person","@id":"https:\/\/memurunsesi.net\/#\/schema\/person\/f21c2d73b89f6ee1d80b0a1803e38587","name":"Memurun Sesi Haber Merkezi","image":{"@type":"ImageObject","inLanguage":"tr","@id":"https:\/\/secure.gravatar.com\/avatar\/6cf0505f452ee753f485014986fab09a434671d2b919ee76fc541025c5876a70?s=96&d=mm&r=g","url":"https:\/\/secure.gravatar.com\/avatar\/6cf0505f452ee753f485014986fab09a434671d2b919ee76fc541025c5876a70?s=96&d=mm&r=g","contentUrl":"https:\/\/secure.gravatar.com\/avatar\/6cf0505f452ee753f485014986fab09a434671d2b919ee76fc541025c5876a70?s=96&d=mm&r=g","caption":"Memurun Sesi Haber Merkezi"},"sameAs":["https:\/\/memurunsesi.net"],"url":"https:\/\/memurunsesi.net\/index.php\/author\/uniper\/"}]}},"_links":{"self":[{"href":"https:\/\/memurunsesi.net\/index.php\/wp-json\/wp\/v2\/posts\/4577","targetHints":{"allow":["GET"]}}],"collection":[{"href":"https:\/\/memurunsesi.net\/index.php\/wp-json\/wp\/v2\/posts"}],"about":[{"href":"https:\/\/memurunsesi.net\/index.php\/wp-json\/wp\/v2\/types\/post"}],"author":[{"embeddable":true,"href":"https:\/\/memurunsesi.net\/index.php\/wp-json\/wp\/v2\/users\/1"}],"replies":[{"embeddable":true,"href":"https:\/\/memurunsesi.net\/index.php\/wp-json\/wp\/v2\/comments?post=4577"}],"version-history":[{"count":1,"href":"https:\/\/memurunsesi.net\/index.php\/wp-json\/wp\/v2\/posts\/4577\/revisions"}],"predecessor-version":[{"id":4578,"href":"https:\/\/memurunsesi.net\/index.php\/wp-json\/wp\/v2\/posts\/4577\/revisions\/4578"}],"wp:attachment":[{"href":"https:\/\/memurunsesi.net\/index.php\/wp-json\/wp\/v2\/media?parent=4577"}],"wp:term":[{"taxonomy":"category","embeddable":true,"href":"https:\/\/memurunsesi.net\/index.php\/wp-json\/wp\/v2\/categories?post=4577"},{"taxonomy":"post_tag","embeddable":true,"href":"https:\/\/memurunsesi.net\/index.php\/wp-json\/wp\/v2\/tags?post=4577"}],"curies":[{"name":"wp","href":"https:\/\/api.w.org\/{rel}","templated":true}]}}